{"id":4646,"date":"2025-12-17T14:39:15","date_gmt":"2025-12-17T17:39:15","guid":{"rendered":"https:\/\/web.consaguirre.com.ar\/noticias\/donna-summer-obtiene-una-incorporacion-postuma-al-salon-de-la-fama-de-los-compositores\/"},"modified":"2025-12-17T14:39:17","modified_gmt":"2025-12-17T17:39:17","slug":"donna-summer-obtiene-una-incorporacion-postuma-al-salon-de-la-fama-de-los-compositores","status":"publish","type":"post","link":"https:\/\/web.consaguirre.com.ar\/noticias\/donna-summer-obtiene-una-incorporacion-postuma-al-salon-de-la-fama-de-los-compositores\/","title":{"rendered":"Donna Summer obtiene una incorporaci\u00f3n p\u00f3stuma al Sal\u00f3n de la Fama de los Compositores"},"content":{"rendered":"<p>El Sal\u00f3n de la Fama de los Compositores ha anunciado la incorporaci\u00f3n p\u00f3stuma de la cantante Donna Summer. Summer, quien falleci\u00f3 en 2012 a los 63 a\u00f1os, fue honrada durante una ceremonia en un lugar en West Hollywood, Los \u00c1ngeles.<\/p>\n<p>El c\u00e9lebre compositor Paul Williams encabez\u00f3 la ceremonia, que destac\u00f3 la destreza de Summer como compositor e \u00edcono cultural. Dijo: &#8220;Donna Summer no es s\u00f3lo una de las voces e int\u00e9rpretes que definen el siglo XX; es una de las grandes compositoras de todos los tiempos que cambi\u00f3 el curso de la m\u00fasica. Escribi\u00f3 canciones atemporales y trascendentes que contin\u00faan cautivando nuestras almas e imaginaci\u00f3n, inspirando al mundo a bailar y, sobre todo, a sentir amor. Es un placer y un honor para m\u00ed incorporar p\u00f3stumamente a Donna Summer al Sal\u00f3n de la Fama de los Compositores&#8221;.<\/p>\n<p>Al evento tambi\u00e9n asisti\u00f3 el esposo de Summer, Bruce Sudano, junto con sus hijas Brooklyn Sudano y Amanda Sudano Ramirez. Tambi\u00e9n asistieron los amigos m\u00e1s cercanos y familiares directos de Summer, al igual que miembros del Comit\u00e9 de Eventos de la Costa Oeste de SHOF.<\/p>\n<div class=\"uD-YT-container\"><img decoding=\"async\" src=\"https:\/\/web.consaguirre.com.ar\/noticias\/wp-content\/uploads\/2025\/12\/1765993155_83_Donna-Summer-obtiene-una-incorporacion-postuma-al-Salon-de-la.jpg\" alt=\"V\u00eddeo de YouTube\"><br \/>Haga clic para cargar v\u00eddeo<\/div>\n<p>En un mensaje a la organizaci\u00f3n SHOF, Bruce Sudano dijo: &#8220;Es importante para m\u00ed porque s\u00e9 lo importante que fue para Donna. La historia de fondo es que, con todos los elogios que recibi\u00f3 a lo largo de su carrera, ser respetada como compositora siempre fue lo que ella sinti\u00f3 que se pasaba por alto. As\u00ed que, para que ella sea aceptada en el Sal\u00f3n de la Fama de los Compositores, s\u00e9 que est\u00e1 muy feliz&#8230; en alg\u00fan lugar&#8221;.<\/p>\n<p>LaDonna Adrian Gaines, nacida en Boston, fue uno de los grandes talentos del panorama pop de los siglos XX y XXI. Escribi\u00f3 \u00e9xitos country n\u00famero uno para Dolly Parton (\u201cStarting Over Again\u201d), incorpor\u00f3 el reggae a la m\u00fasica popular (\u201cUnconditional Love\u201d), incursion\u00f3 en la New Wave (<em>El vagabundo<\/em>), y rindi\u00f3 homenaje a donde comenz\u00f3 todo: la iglesia (\u201cCreo en Jes\u00fas\u201d). En particular, tuvo varios \u00e9xitos en las listas de baile, lo que le vali\u00f3 la corona leg\u00edtima como Reina de la Disco.<\/p>\n<p><b>Compre ahora la m\u00fasica de Donna Summer en vinilo o CD.<\/b><\/p>\n","protected":false},"excerpt":{"rendered":"<p>El Sal\u00f3n de la Fama de los Compositores ha anunciado la incorporaci\u00f3n p\u00f3stuma de la cantante Donna Summer. Summer, quien falleci\u00f3 en 2012 a los<\/p>\n","protected":false},"author":1,"featured_media":4647,"comment_status":"closed","ping_status":"","sticky":false,"template":"","format":"standard","meta":{"footnotes":""},"categories":[50],"tags":[1254,378,870,3655,180,800,3656,1019,379,191],"class_list":["post-4646","post","type-post","status-publish","format-standard","has-post-thumbnail","hentry","category-el-ultimo","tag-compositores","tag-donna","tag-fama","tag-incorporacion","tag-los","tag-obtiene","tag-postuma","tag-salon","tag-summer","tag-una","generate-columns","tablet-grid-50","mobile-grid-100","grid-parent","grid-50"],"yoast_head":"<!-- This site is optimized with the Yoast SEO plugin v23.3 - https:\/\/yoast.com\/wordpress\/plugins\/seo\/ -->\n<title>Donna Summer obtiene una incorporaci\u00f3n p\u00f3stuma al Sal\u00f3n de la Fama de los Compositores<\/title>\n<meta name=\"robots\" content=\"index, follow, max-snippet:-1, max-image-preview:large, max-video-preview:-1\" \/>\n<link rel=\"canonical\" href=\"https:\/\/web.consaguirre.com.ar\/noticias\/donna-summer-obtiene-una-incorporacion-postuma-al-salon-de-la-fama-de-los-compositores\/\" \/>\n<meta property=\"og:locale\" content=\"es_ES\" \/>\n<meta property=\"og:type\" content=\"article\" \/>\n<meta property=\"og:title\" content=\"Donna Summer obtiene una incorporaci\u00f3n p\u00f3stuma al Sal\u00f3n de la Fama de los Compositores\" \/>\n<meta property=\"og:description\" content=\"El Sal\u00f3n de la Fama de los Compositores ha anunciado la incorporaci\u00f3n p\u00f3stuma de la cantante Donna Summer. Summer, quien falleci\u00f3 en 2012 a los\" \/>\n<meta property=\"og:url\" content=\"https:\/\/web.consaguirre.com.ar\/noticias\/donna-summer-obtiene-una-incorporacion-postuma-al-salon-de-la-fama-de-los-compositores\/\" \/>\n<meta property=\"og:site_name\" content=\"Conservatorio de M\u00fasica Juli\u00e1n Aguirre\" \/>\n<meta property=\"article:published_time\" content=\"2025-12-17T17:39:15+00:00\" \/>\n<meta property=\"article:modified_time\" content=\"2025-12-17T17:39:17+00:00\" \/>\n<meta property=\"og:image\" content=\"https:\/\/web.consaguirre.com.ar\/noticias\/wp-content\/uploads\/2025\/12\/Donna-Summer-obtiene-una-incorporacion-postuma-al-Salon-de-la.jpg\" \/>\n\t<meta property=\"og:image:width\" content=\"1440\" \/>\n\t<meta property=\"og:image:height\" content=\"864\" \/>\n\t<meta property=\"og:image:type\" content=\"image\/jpeg\" \/>\n<meta name=\"author\" content=\"Javier Figueroa\" \/>\n<meta name=\"twitter:card\" content=\"summary_large_image\" \/>\n<meta name=\"twitter:label1\" content=\"Escrito por\" \/>\n\t<meta name=\"twitter:data1\" content=\"Javier Figueroa\" \/>\n\t<meta name=\"twitter:label2\" content=\"Tiempo de lectura\" \/>\n\t<meta name=\"twitter:data2\" content=\"2 minutos\" \/>\n<script type=\"application\/ld+json\" class=\"yoast-schema-graph\">{\"@context\":\"https:\/\/schema.org\",\"@graph\":[{\"@type\":\"Article\",\"@id\":\"https:\/\/web.consaguirre.com.ar\/noticias\/donna-summer-obtiene-una-incorporacion-postuma-al-salon-de-la-fama-de-los-compositores\/#article\",\"isPartOf\":{\"@id\":\"https:\/\/web.consaguirre.com.ar\/noticias\/donna-summer-obtiene-una-incorporacion-postuma-al-salon-de-la-fama-de-los-compositores\/\"},\"author\":{\"name\":\"Javier Figueroa\",\"@id\":\"https:\/\/web.consaguirre.com.ar\/noticias\/#\/schema\/person\/6558b0cfedee7ddc5425602b237d5722\"},\"headline\":\"Donna Summer obtiene una incorporaci\u00f3n p\u00f3stuma al Sal\u00f3n de la Fama de los Compositores\",\"datePublished\":\"2025-12-17T17:39:15+00:00\",\"dateModified\":\"2025-12-17T17:39:17+00:00\",\"mainEntityOfPage\":{\"@id\":\"https:\/\/web.consaguirre.com.ar\/noticias\/donna-summer-obtiene-una-incorporacion-postuma-al-salon-de-la-fama-de-los-compositores\/\"},\"wordCount\":398,\"publisher\":{\"@id\":\"https:\/\/web.consaguirre.com.ar\/noticias\/#organization\"},\"image\":{\"@id\":\"https:\/\/web.consaguirre.com.ar\/noticias\/donna-summer-obtiene-una-incorporacion-postuma-al-salon-de-la-fama-de-los-compositores\/#primaryimage\"},\"thumbnailUrl\":\"https:\/\/web.consaguirre.com.ar\/noticias\/wp-content\/uploads\/2025\/12\/Donna-Summer-obtiene-una-incorporacion-postuma-al-Salon-de-la.jpg\",\"keywords\":[\"Compositores\",\"Donna\",\"Fama\",\"incorporaci\u00f3n\",\"los\",\"obtiene\",\"p\u00f3stuma\",\"Sal\u00f3n\",\"Summer\",\"una\"],\"articleSection\":[\"El \u00faltimo\"],\"inLanguage\":\"es-AR\"},{\"@type\":\"WebPage\",\"@id\":\"https:\/\/web.consaguirre.com.ar\/noticias\/donna-summer-obtiene-una-incorporacion-postuma-al-salon-de-la-fama-de-los-compositores\/\",\"url\":\"https:\/\/web.consaguirre.com.ar\/noticias\/donna-summer-obtiene-una-incorporacion-postuma-al-salon-de-la-fama-de-los-compositores\/\",\"name\":\"Donna Summer obtiene una incorporaci\u00f3n p\u00f3stuma al Sal\u00f3n de la Fama de los Compositores\",\"isPartOf\":{\"@id\":\"https:\/\/web.consaguirre.com.ar\/noticias\/#website\"},\"primaryImageOfPage\":{\"@id\":\"https:\/\/web.consaguirre.com.ar\/noticias\/donna-summer-obtiene-una-incorporacion-postuma-al-salon-de-la-fama-de-los-compositores\/#primaryimage\"},\"image\":{\"@id\":\"https:\/\/web.consaguirre.com.ar\/noticias\/donna-summer-obtiene-una-incorporacion-postuma-al-salon-de-la-fama-de-los-compositores\/#primaryimage\"},\"thumbnailUrl\":\"https:\/\/web.consaguirre.com.ar\/noticias\/wp-content\/uploads\/2025\/12\/Donna-Summer-obtiene-una-incorporacion-postuma-al-Salon-de-la.jpg\",\"datePublished\":\"2025-12-17T17:39:15+00:00\",\"dateModified\":\"2025-12-17T17:39:17+00:00\",\"breadcrumb\":{\"@id\":\"https:\/\/web.consaguirre.com.ar\/noticias\/donna-summer-obtiene-una-incorporacion-postuma-al-salon-de-la-fama-de-los-compositores\/#breadcrumb\"},\"inLanguage\":\"es-AR\",\"potentialAction\":[{\"@type\":\"ReadAction\",\"target\":[\"https:\/\/web.consaguirre.com.ar\/noticias\/donna-summer-obtiene-una-incorporacion-postuma-al-salon-de-la-fama-de-los-compositores\/\"]}]},{\"@type\":\"ImageObject\",\"inLanguage\":\"es-AR\",\"@id\":\"https:\/\/web.consaguirre.com.ar\/noticias\/donna-summer-obtiene-una-incorporacion-postuma-al-salon-de-la-fama-de-los-compositores\/#primaryimage\",\"url\":\"https:\/\/web.consaguirre.com.ar\/noticias\/wp-content\/uploads\/2025\/12\/Donna-Summer-obtiene-una-incorporacion-postuma-al-Salon-de-la.jpg\",\"contentUrl\":\"https:\/\/web.consaguirre.com.ar\/noticias\/wp-content\/uploads\/2025\/12\/Donna-Summer-obtiene-una-incorporacion-postuma-al-Salon-de-la.jpg\",\"width\":1440,\"height\":864,\"caption\":\"Donna Summer - Photo: Michael Ochs Archives\/Getty Images\"},{\"@type\":\"BreadcrumbList\",\"@id\":\"https:\/\/web.consaguirre.com.ar\/noticias\/donna-summer-obtiene-una-incorporacion-postuma-al-salon-de-la-fama-de-los-compositores\/#breadcrumb\",\"itemListElement\":[{\"@type\":\"ListItem\",\"position\":1,\"name\":\"Inicio\",\"item\":\"https:\/\/web.consaguirre.com.ar\/noticias\/\"},{\"@type\":\"ListItem\",\"position\":2,\"name\":\"Donna Summer obtiene una incorporaci\u00f3n p\u00f3stuma al Sal\u00f3n de la Fama de los Compositores\"}]},{\"@type\":\"WebSite\",\"@id\":\"https:\/\/web.consaguirre.com.ar\/noticias\/#website\",\"url\":\"https:\/\/web.consaguirre.com.ar\/noticias\/\",\"name\":\"Conservatorio de M\u00fasica Juli\u00e1n Aguirre\",\"description\":\"\",\"publisher\":{\"@id\":\"https:\/\/web.consaguirre.com.ar\/noticias\/#organization\"},\"potentialAction\":[{\"@type\":\"SearchAction\",\"target\":{\"@type\":\"EntryPoint\",\"urlTemplate\":\"https:\/\/web.consaguirre.com.ar\/noticias\/?s={search_term_string}\"},\"query-input\":\"required name=search_term_string\"}],\"inLanguage\":\"es-AR\"},{\"@type\":\"Organization\",\"@id\":\"https:\/\/web.consaguirre.com.ar\/noticias\/#organization\",\"name\":\"Conservatorio de M\u00fasica Juli\u00e1n Aguirre\",\"url\":\"https:\/\/web.consaguirre.com.ar\/noticias\/\",\"logo\":{\"@type\":\"ImageObject\",\"inLanguage\":\"es-AR\",\"@id\":\"https:\/\/web.consaguirre.com.ar\/noticias\/#\/schema\/logo\/image\/\",\"url\":\"https:\/\/web.consaguirre.com.ar\/noticias\/wp-content\/uploads\/2024\/08\/Banner-Aguirre-23.jpg\",\"contentUrl\":\"https:\/\/web.consaguirre.com.ar\/noticias\/wp-content\/uploads\/2024\/08\/Banner-Aguirre-23.jpg\",\"width\":1192,\"height\":600,\"caption\":\"Conservatorio de M\u00fasica Juli\u00e1n Aguirre\"},\"image\":{\"@id\":\"https:\/\/web.consaguirre.com.ar\/noticias\/#\/schema\/logo\/image\/\"}},{\"@type\":\"Person\",\"@id\":\"https:\/\/web.consaguirre.com.ar\/noticias\/#\/schema\/person\/6558b0cfedee7ddc5425602b237d5722\",\"name\":\"Javier Figueroa\",\"image\":{\"@type\":\"ImageObject\",\"inLanguage\":\"es-AR\",\"@id\":\"https:\/\/web.consaguirre.com.ar\/noticias\/#\/schema\/person\/image\/\",\"url\":\"https:\/\/web.consaguirre.com.ar\/noticias\/wp-content\/uploads\/2024\/08\/Consaguirre-scaled.jpg\",\"contentUrl\":\"https:\/\/web.consaguirre.com.ar\/noticias\/wp-content\/uploads\/2024\/08\/Consaguirre-scaled.jpg\",\"caption\":\"Javier Figueroa\"},\"description\":\"Me llamo Javier Figueroa y soy redactor para el sitio oficial del Conservatorio de M\u00fasica Juli\u00e1n Aguirre en Buenos Aires, consaguirre.com. Apasionado por la m\u00fasica y la escritura, me esfuerzo por destacar los talentos y eventos de nuestra prestigiosa instituci\u00f3n. Mi trayectoria se nutre de una profunda admiraci\u00f3n por los artistas, haciendo de cada art\u00edculo una celebraci\u00f3n de la creatividad y la cultura musical.\",\"sameAs\":[\"https:\/\/web.consaguirre.com.ar\/noticias\"]}]}<\/script>\n<!-- \/ Yoast SEO plugin. -->","yoast_head_json":{"title":"Donna Summer obtiene una incorporaci\u00f3n p\u00f3stuma al Sal\u00f3n de la Fama de los Compositores","robots":{"index":"index","follow":"follow","max-snippet":"max-snippet:-1","max-image-preview":"max-image-preview:large","max-video-preview":"max-video-preview:-1"},"canonical":"https:\/\/web.consaguirre.com.ar\/noticias\/donna-summer-obtiene-una-incorporacion-postuma-al-salon-de-la-fama-de-los-compositores\/","og_locale":"es_ES","og_type":"article","og_title":"Donna Summer obtiene una incorporaci\u00f3n p\u00f3stuma al Sal\u00f3n de la Fama de los Compositores","og_description":"El Sal\u00f3n de la Fama de los Compositores ha anunciado la incorporaci\u00f3n p\u00f3stuma de la cantante Donna Summer. Summer, quien falleci\u00f3 en 2012 a los","og_url":"https:\/\/web.consaguirre.com.ar\/noticias\/donna-summer-obtiene-una-incorporacion-postuma-al-salon-de-la-fama-de-los-compositores\/","og_site_name":"Conservatorio de M\u00fasica Juli\u00e1n Aguirre","article_published_time":"2025-12-17T17:39:15+00:00","article_modified_time":"2025-12-17T17:39:17+00:00","og_image":[{"width":1440,"height":864,"url":"https:\/\/web.consaguirre.com.ar\/noticias\/wp-content\/uploads\/2025\/12\/Donna-Summer-obtiene-una-incorporacion-postuma-al-Salon-de-la.jpg","type":"image\/jpeg"}],"author":"Javier Figueroa","twitter_card":"summary_large_image","twitter_misc":{"Escrito por":"Javier Figueroa","Tiempo de lectura":"2 minutos"},"schema":{"@context":"https:\/\/schema.org","@graph":[{"@type":"Article","@id":"https:\/\/web.consaguirre.com.ar\/noticias\/donna-summer-obtiene-una-incorporacion-postuma-al-salon-de-la-fama-de-los-compositores\/#article","isPartOf":{"@id":"https:\/\/web.consaguirre.com.ar\/noticias\/donna-summer-obtiene-una-incorporacion-postuma-al-salon-de-la-fama-de-los-compositores\/"},"author":{"name":"Javier Figueroa","@id":"https:\/\/web.consaguirre.com.ar\/noticias\/#\/schema\/person\/6558b0cfedee7ddc5425602b237d5722"},"headline":"Donna Summer obtiene una incorporaci\u00f3n p\u00f3stuma al Sal\u00f3n de la Fama de los Compositores","datePublished":"2025-12-17T17:39:15+00:00","dateModified":"2025-12-17T17:39:17+00:00","mainEntityOfPage":{"@id":"https:\/\/web.consaguirre.com.ar\/noticias\/donna-summer-obtiene-una-incorporacion-postuma-al-salon-de-la-fama-de-los-compositores\/"},"wordCount":398,"publisher":{"@id":"https:\/\/web.consaguirre.com.ar\/noticias\/#organization"},"image":{"@id":"https:\/\/web.consaguirre.com.ar\/noticias\/donna-summer-obtiene-una-incorporacion-postuma-al-salon-de-la-fama-de-los-compositores\/#primaryimage"},"thumbnailUrl":"https:\/\/web.consaguirre.com.ar\/noticias\/wp-content\/uploads\/2025\/12\/Donna-Summer-obtiene-una-incorporacion-postuma-al-Salon-de-la.jpg","keywords":["Compositores","Donna","Fama","incorporaci\u00f3n","los","obtiene","p\u00f3stuma","Sal\u00f3n","Summer","una"],"articleSection":["El \u00faltimo"],"inLanguage":"es-AR"},{"@type":"WebPage","@id":"https:\/\/web.consaguirre.com.ar\/noticias\/donna-summer-obtiene-una-incorporacion-postuma-al-salon-de-la-fama-de-los-compositores\/","url":"https:\/\/web.consaguirre.com.ar\/noticias\/donna-summer-obtiene-una-incorporacion-postuma-al-salon-de-la-fama-de-los-compositores\/","name":"Donna Summer obtiene una incorporaci\u00f3n p\u00f3stuma al Sal\u00f3n de la Fama de los Compositores","isPartOf":{"@id":"https:\/\/web.consaguirre.com.ar\/noticias\/#website"},"primaryImageOfPage":{"@id":"https:\/\/web.consaguirre.com.ar\/noticias\/donna-summer-obtiene-una-incorporacion-postuma-al-salon-de-la-fama-de-los-compositores\/#primaryimage"},"image":{"@id":"https:\/\/web.consaguirre.com.ar\/noticias\/donna-summer-obtiene-una-incorporacion-postuma-al-salon-de-la-fama-de-los-compositores\/#primaryimage"},"thumbnailUrl":"https:\/\/web.consaguirre.com.ar\/noticias\/wp-content\/uploads\/2025\/12\/Donna-Summer-obtiene-una-incorporacion-postuma-al-Salon-de-la.jpg","datePublished":"2025-12-17T17:39:15+00:00","dateModified":"2025-12-17T17:39:17+00:00","breadcrumb":{"@id":"https:\/\/web.consaguirre.com.ar\/noticias\/donna-summer-obtiene-una-incorporacion-postuma-al-salon-de-la-fama-de-los-compositores\/#breadcrumb"},"inLanguage":"es-AR","potentialAction":[{"@type":"ReadAction","target":["https:\/\/web.consaguirre.com.ar\/noticias\/donna-summer-obtiene-una-incorporacion-postuma-al-salon-de-la-fama-de-los-compositores\/"]}]},{"@type":"ImageObject","inLanguage":"es-AR","@id":"https:\/\/web.consaguirre.com.ar\/noticias\/donna-summer-obtiene-una-incorporacion-postuma-al-salon-de-la-fama-de-los-compositores\/#primaryimage","url":"https:\/\/web.consaguirre.com.ar\/noticias\/wp-content\/uploads\/2025\/12\/Donna-Summer-obtiene-una-incorporacion-postuma-al-Salon-de-la.jpg","contentUrl":"https:\/\/web.consaguirre.com.ar\/noticias\/wp-content\/uploads\/2025\/12\/Donna-Summer-obtiene-una-incorporacion-postuma-al-Salon-de-la.jpg","width":1440,"height":864,"caption":"Donna Summer - Photo: Michael Ochs Archives\/Getty Images"},{"@type":"BreadcrumbList","@id":"https:\/\/web.consaguirre.com.ar\/noticias\/donna-summer-obtiene-una-incorporacion-postuma-al-salon-de-la-fama-de-los-compositores\/#breadcrumb","itemListElement":[{"@type":"ListItem","position":1,"name":"Inicio","item":"https:\/\/web.consaguirre.com.ar\/noticias\/"},{"@type":"ListItem","position":2,"name":"Donna Summer obtiene una incorporaci\u00f3n p\u00f3stuma al Sal\u00f3n de la Fama de los Compositores"}]},{"@type":"WebSite","@id":"https:\/\/web.consaguirre.com.ar\/noticias\/#website","url":"https:\/\/web.consaguirre.com.ar\/noticias\/","name":"Conservatorio de M\u00fasica Juli\u00e1n Aguirre","description":"","publisher":{"@id":"https:\/\/web.consaguirre.com.ar\/noticias\/#organization"},"potentialAction":[{"@type":"SearchAction","target":{"@type":"EntryPoint","urlTemplate":"https:\/\/web.consaguirre.com.ar\/noticias\/?s={search_term_string}"},"query-input":"required name=search_term_string"}],"inLanguage":"es-AR"},{"@type":"Organization","@id":"https:\/\/web.consaguirre.com.ar\/noticias\/#organization","name":"Conservatorio de M\u00fasica Juli\u00e1n Aguirre","url":"https:\/\/web.consaguirre.com.ar\/noticias\/","logo":{"@type":"ImageObject","inLanguage":"es-AR","@id":"https:\/\/web.consaguirre.com.ar\/noticias\/#\/schema\/logo\/image\/","url":"https:\/\/web.consaguirre.com.ar\/noticias\/wp-content\/uploads\/2024\/08\/Banner-Aguirre-23.jpg","contentUrl":"https:\/\/web.consaguirre.com.ar\/noticias\/wp-content\/uploads\/2024\/08\/Banner-Aguirre-23.jpg","width":1192,"height":600,"caption":"Conservatorio de M\u00fasica Juli\u00e1n Aguirre"},"image":{"@id":"https:\/\/web.consaguirre.com.ar\/noticias\/#\/schema\/logo\/image\/"}},{"@type":"Person","@id":"https:\/\/web.consaguirre.com.ar\/noticias\/#\/schema\/person\/6558b0cfedee7ddc5425602b237d5722","name":"Javier Figueroa","image":{"@type":"ImageObject","inLanguage":"es-AR","@id":"https:\/\/web.consaguirre.com.ar\/noticias\/#\/schema\/person\/image\/","url":"https:\/\/web.consaguirre.com.ar\/noticias\/wp-content\/uploads\/2024\/08\/Consaguirre-scaled.jpg","contentUrl":"https:\/\/web.consaguirre.com.ar\/noticias\/wp-content\/uploads\/2024\/08\/Consaguirre-scaled.jpg","caption":"Javier Figueroa"},"description":"Me llamo Javier Figueroa y soy redactor para el sitio oficial del Conservatorio de M\u00fasica Juli\u00e1n Aguirre en Buenos Aires, consaguirre.com. Apasionado por la m\u00fasica y la escritura, me esfuerzo por destacar los talentos y eventos de nuestra prestigiosa instituci\u00f3n. Mi trayectoria se nutre de una profunda admiraci\u00f3n por los artistas, haciendo de cada art\u00edculo una celebraci\u00f3n de la creatividad y la cultura musical.","sameAs":["https:\/\/web.consaguirre.com.ar\/noticias"]}]}},"_links":{"self":[{"href":"https:\/\/web.consaguirre.com.ar\/noticias\/wp-json\/wp\/v2\/posts\/4646"}],"collection":[{"href":"https:\/\/web.consaguirre.com.ar\/noticias\/wp-json\/wp\/v2\/posts"}],"about":[{"href":"https:\/\/web.consaguirre.com.ar\/noticias\/wp-json\/wp\/v2\/types\/post"}],"author":[{"embeddable":true,"href":"https:\/\/web.consaguirre.com.ar\/noticias\/wp-json\/wp\/v2\/users\/1"}],"replies":[{"embeddable":true,"href":"https:\/\/web.consaguirre.com.ar\/noticias\/wp-json\/wp\/v2\/comments?post=4646"}],"version-history":[{"count":1,"href":"https:\/\/web.consaguirre.com.ar\/noticias\/wp-json\/wp\/v2\/posts\/4646\/revisions"}],"predecessor-version":[{"id":4648,"href":"https:\/\/web.consaguirre.com.ar\/noticias\/wp-json\/wp\/v2\/posts\/4646\/revisions\/4648"}],"wp:featuredmedia":[{"embeddable":true,"href":"https:\/\/web.consaguirre.com.ar\/noticias\/wp-json\/wp\/v2\/media\/4647"}],"wp:attachment":[{"href":"https:\/\/web.consaguirre.com.ar\/noticias\/wp-json\/wp\/v2\/media?parent=4646"}],"wp:term":[{"taxonomy":"category","embeddable":true,"href":"https:\/\/web.consaguirre.com.ar\/noticias\/wp-json\/wp\/v2\/categories?post=4646"},{"taxonomy":"post_tag","embeddable":true,"href":"https:\/\/web.consaguirre.com.ar\/noticias\/wp-json\/wp\/v2\/tags?post=4646"}],"curies":[{"name":"wp","href":"https:\/\/api.w.org\/{rel}","templated":true}]}}