{"id":4638,"date":"2025-12-16T14:39:24","date_gmt":"2025-12-16T17:39:24","guid":{"rendered":"https:\/\/web.consaguirre.com.ar\/noticias\/mariah-carey-encabezara-la-ceremonia-de-apertura-de-los-juegos-olimpicos-de-invierno-2026\/"},"modified":"2025-12-16T14:39:25","modified_gmt":"2025-12-16T17:39:25","slug":"mariah-carey-encabezara-la-ceremonia-de-apertura-de-los-juegos-olimpicos-de-invierno-2026","status":"publish","type":"post","link":"https:\/\/web.consaguirre.com.ar\/noticias\/mariah-carey-encabezara-la-ceremonia-de-apertura-de-los-juegos-olimpicos-de-invierno-2026\/","title":{"rendered":"Mariah Carey encabezar\u00e1 la ceremonia de apertura de los Juegos Ol\u00edmpicos de Invierno 2026"},"content":{"rendered":"<p>Los Juegos Ol\u00edmpicos de Invierno llegar\u00e1n pronto a Mil\u00e1n y Cortina, y Mariah Carey estar\u00e1 presente para celebrar las festividades. El \u00edcono de la m\u00fasica ha sido revelado como el cabeza de cartel de la ceremonia de apertura en el Estadio Ol\u00edmpico de San Siro de Mil\u00e1n.<\/p>\n<p>Carey encabeza el cartel en el evento del 6 de febrero, que se titula Armonia, que en italiano significa \u201carmon\u00eda\u201d. Como explic\u00f3 Marco Balich, l\u00edder creativo de la ceremonia de apertura, &#8220;Significa &#8216;reunir&#8217; en t\u00e9rminos musicales, diferentes elementos. Porque hay dos ciudades, Mil\u00e1n y Cortina, ciudad y monta\u00f1a, la armon\u00eda entre el hombre y la naturaleza, entre culturas, personas y diferentes formas de pensar&#8230; es muy significativo y hermoso&#8221;.<\/p>\n<p>La Ceremonia de Apertura ser\u00e1 la \u00faltima de una larga lista de actuaciones de Carey en importantes eventos deportivos. Anteriormente cant\u00f3 el himno nacional de EE. UU. \u201cThe Star-Spangled Banner\u201d en el Super Bowl en 2002 y en el Juego de Estrellas de la NBA en 2003. M\u00e1s recientemente, antes de la final femenina del US Open en 2020, estren\u00f3 su canci\u00f3n \u201cSave The Day\u201d.<\/p>\n<p>La actuaci\u00f3n de Carey en los Juegos Ol\u00edmpicos seguramente mostrar\u00e1 su amplio cat\u00e1logo de favoritos de renombre mundial. A lo largo de su carrera de varias d\u00e9cadas, ha acumulado 19 \u00e9xitos n\u00famero uno en Estados Unidos, solo superados por los Beatles, incluidos favoritos eternos como \u201cFantasy\u201d, \u201cWe Belong Together\u201d, \u201cEmotions\u201d, \u201cHero\u201d, \u201cAlways Be My Baby\u201d y muchos m\u00e1s.<\/p>\n<p>La noticia del gran concierto de Carey en Italia llega cuando ella logra uno de los hitos m\u00e1s importantes de su carrera. Su cl\u00e1sico navide\u00f1o \u201cAll I Want For Christmas Is You\u201d vuelve a estar en la cima del Billboard Hot 100 en esta temporada navide\u00f1a, y esta semana pas\u00f3 un r\u00e9cord de 20 semanas en el n.\u00b0 1, superando los reinados de 19 semanas de \u201cOld Town Road\u201d de Lil Nas X y Billy Ray Cyrus y \u201cA Bar Song (Tipsy)\u201d de Shaboozey. El triunfo en las listas es en realidad una recuperaci\u00f3n, ya que Carey anteriormente ostentaba el r\u00e9cord de 16 semanas con su d\u00fao de Boyz II Men \u201cOne Sweet Day\u201d antes de que apareciera \u201cOld Town Road\u201d. Como parte de las festividades navide\u00f1as, Carey tambi\u00e9n reedit\u00f3 <em>Feliz Navidad II tu<\/em> exclusivamente en vinilo. Mientras tanto, el mes pasado, el remix de \u201cDon&#8217;t Forget About Us\u201d de Carey con Kaytranada recibi\u00f3 una nominaci\u00f3n al Grammy 2026 a la Mejor Grabaci\u00f3n Remezclada. Es su nominaci\u00f3n n\u00famero 34.<\/p>\n<p><b>Compre ahora la m\u00fasica de Mariah Carey en vinilo o CD.<\/b><\/p>\n","protected":false},"excerpt":{"rendered":"<p>Los Juegos Ol\u00edmpicos de Invierno llegar\u00e1n pronto a Mil\u00e1n y Cortina, y Mariah Carey estar\u00e1 presente para celebrar las festividades. El \u00edcono de la m\u00fasica<\/p>\n","protected":false},"author":1,"featured_media":4639,"comment_status":"closed","ping_status":"","sticky":false,"template":"","format":"standard","meta":{"footnotes":""},"categories":[50],"tags":[3651,2312,3650,612,2089,444,180,2311,445],"class_list":["post-4638","post","type-post","status-publish","format-standard","has-post-thumbnail","hentry","category-el-ultimo","tag-apertura","tag-carey","tag-ceremonia","tag-encabezara","tag-invierno","tag-juegos","tag-los","tag-mariah","tag-olimpicos","generate-columns","tablet-grid-50","mobile-grid-100","grid-parent","grid-50"],"yoast_head":"<!-- This site is optimized with the Yoast SEO plugin v23.3 - https:\/\/yoast.com\/wordpress\/plugins\/seo\/ -->\n<title>Mariah Carey encabezar\u00e1 la ceremonia de apertura de los Juegos Ol\u00edmpicos de Invierno 2026<\/title>\n<meta name=\"robots\" content=\"index, follow, max-snippet:-1, max-image-preview:large, max-video-preview:-1\" \/>\n<link rel=\"canonical\" href=\"https:\/\/web.consaguirre.com.ar\/noticias\/mariah-carey-encabezara-la-ceremonia-de-apertura-de-los-juegos-olimpicos-de-invierno-2026\/\" \/>\n<meta property=\"og:locale\" content=\"es_ES\" \/>\n<meta property=\"og:type\" content=\"article\" \/>\n<meta property=\"og:title\" content=\"Mariah Carey encabezar\u00e1 la ceremonia de apertura de los Juegos Ol\u00edmpicos de Invierno 2026\" \/>\n<meta property=\"og:description\" content=\"Los Juegos Ol\u00edmpicos de Invierno llegar\u00e1n pronto a Mil\u00e1n y Cortina, y Mariah Carey estar\u00e1 presente para celebrar las festividades. El \u00edcono de la m\u00fasica\" \/>\n<meta property=\"og:url\" content=\"https:\/\/web.consaguirre.com.ar\/noticias\/mariah-carey-encabezara-la-ceremonia-de-apertura-de-los-juegos-olimpicos-de-invierno-2026\/\" \/>\n<meta property=\"og:site_name\" content=\"Conservatorio de M\u00fasica Juli\u00e1n Aguirre\" \/>\n<meta property=\"article:published_time\" content=\"2025-12-16T17:39:24+00:00\" \/>\n<meta property=\"article:modified_time\" content=\"2025-12-16T17:39:25+00:00\" \/>\n<meta property=\"og:image\" content=\"https:\/\/web.consaguirre.com.ar\/noticias\/wp-content\/uploads\/2025\/12\/Mariah-Carey-encabezara-la-ceremonia-de-apertura-de-los-Juegos.jpg\" \/>\n\t<meta property=\"og:image:width\" content=\"1440\" \/>\n\t<meta property=\"og:image:height\" content=\"864\" \/>\n\t<meta property=\"og:image:type\" content=\"image\/jpeg\" \/>\n<meta name=\"author\" content=\"Javier Figueroa\" \/>\n<meta name=\"twitter:card\" content=\"summary_large_image\" \/>\n<meta name=\"twitter:label1\" content=\"Escrito por\" \/>\n\t<meta name=\"twitter:data1\" content=\"Javier Figueroa\" \/>\n\t<meta name=\"twitter:label2\" content=\"Tiempo de lectura\" \/>\n\t<meta name=\"twitter:data2\" content=\"2 minutos\" \/>\n<script type=\"application\/ld+json\" class=\"yoast-schema-graph\">{\"@context\":\"https:\/\/schema.org\",\"@graph\":[{\"@type\":\"Article\",\"@id\":\"https:\/\/web.consaguirre.com.ar\/noticias\/mariah-carey-encabezara-la-ceremonia-de-apertura-de-los-juegos-olimpicos-de-invierno-2026\/#article\",\"isPartOf\":{\"@id\":\"https:\/\/web.consaguirre.com.ar\/noticias\/mariah-carey-encabezara-la-ceremonia-de-apertura-de-los-juegos-olimpicos-de-invierno-2026\/\"},\"author\":{\"name\":\"Javier Figueroa\",\"@id\":\"https:\/\/web.consaguirre.com.ar\/noticias\/#\/schema\/person\/6558b0cfedee7ddc5425602b237d5722\"},\"headline\":\"Mariah Carey encabezar\u00e1 la ceremonia de apertura de los Juegos Ol\u00edmpicos de Invierno 2026\",\"datePublished\":\"2025-12-16T17:39:24+00:00\",\"dateModified\":\"2025-12-16T17:39:25+00:00\",\"mainEntityOfPage\":{\"@id\":\"https:\/\/web.consaguirre.com.ar\/noticias\/mariah-carey-encabezara-la-ceremonia-de-apertura-de-los-juegos-olimpicos-de-invierno-2026\/\"},\"wordCount\":457,\"publisher\":{\"@id\":\"https:\/\/web.consaguirre.com.ar\/noticias\/#organization\"},\"image\":{\"@id\":\"https:\/\/web.consaguirre.com.ar\/noticias\/mariah-carey-encabezara-la-ceremonia-de-apertura-de-los-juegos-olimpicos-de-invierno-2026\/#primaryimage\"},\"thumbnailUrl\":\"https:\/\/web.consaguirre.com.ar\/noticias\/wp-content\/uploads\/2025\/12\/Mariah-Carey-encabezara-la-ceremonia-de-apertura-de-los-Juegos.jpg\",\"keywords\":[\"apertura\",\"Carey\",\"ceremonia\",\"encabezar\u00e1\",\"invierno\",\"Juegos\",\"los\",\"Mariah\",\"Ol\u00edmpicos\"],\"articleSection\":[\"El \u00faltimo\"],\"inLanguage\":\"es-AR\"},{\"@type\":\"WebPage\",\"@id\":\"https:\/\/web.consaguirre.com.ar\/noticias\/mariah-carey-encabezara-la-ceremonia-de-apertura-de-los-juegos-olimpicos-de-invierno-2026\/\",\"url\":\"https:\/\/web.consaguirre.com.ar\/noticias\/mariah-carey-encabezara-la-ceremonia-de-apertura-de-los-juegos-olimpicos-de-invierno-2026\/\",\"name\":\"Mariah Carey encabezar\u00e1 la ceremonia de apertura de los Juegos Ol\u00edmpicos de Invierno 2026\",\"isPartOf\":{\"@id\":\"https:\/\/web.consaguirre.com.ar\/noticias\/#website\"},\"primaryImageOfPage\":{\"@id\":\"https:\/\/web.consaguirre.com.ar\/noticias\/mariah-carey-encabezara-la-ceremonia-de-apertura-de-los-juegos-olimpicos-de-invierno-2026\/#primaryimage\"},\"image\":{\"@id\":\"https:\/\/web.consaguirre.com.ar\/noticias\/mariah-carey-encabezara-la-ceremonia-de-apertura-de-los-juegos-olimpicos-de-invierno-2026\/#primaryimage\"},\"thumbnailUrl\":\"https:\/\/web.consaguirre.com.ar\/noticias\/wp-content\/uploads\/2025\/12\/Mariah-Carey-encabezara-la-ceremonia-de-apertura-de-los-Juegos.jpg\",\"datePublished\":\"2025-12-16T17:39:24+00:00\",\"dateModified\":\"2025-12-16T17:39:25+00:00\",\"breadcrumb\":{\"@id\":\"https:\/\/web.consaguirre.com.ar\/noticias\/mariah-carey-encabezara-la-ceremonia-de-apertura-de-los-juegos-olimpicos-de-invierno-2026\/#breadcrumb\"},\"inLanguage\":\"es-AR\",\"potentialAction\":[{\"@type\":\"ReadAction\",\"target\":[\"https:\/\/web.consaguirre.com.ar\/noticias\/mariah-carey-encabezara-la-ceremonia-de-apertura-de-los-juegos-olimpicos-de-invierno-2026\/\"]}]},{\"@type\":\"ImageObject\",\"inLanguage\":\"es-AR\",\"@id\":\"https:\/\/web.consaguirre.com.ar\/noticias\/mariah-carey-encabezara-la-ceremonia-de-apertura-de-los-juegos-olimpicos-de-invierno-2026\/#primaryimage\",\"url\":\"https:\/\/web.consaguirre.com.ar\/noticias\/wp-content\/uploads\/2025\/12\/Mariah-Carey-encabezara-la-ceremonia-de-apertura-de-los-Juegos.jpg\",\"contentUrl\":\"https:\/\/web.consaguirre.com.ar\/noticias\/wp-content\/uploads\/2025\/12\/Mariah-Carey-encabezara-la-ceremonia-de-apertura-de-los-Juegos.jpg\",\"width\":1440,\"height\":864,\"caption\":\"Mariah Carey - Photo: Todd Williamson\/NBCU Photo Bank\/NBCUniversal via Getty Images via Getty Image\"},{\"@type\":\"BreadcrumbList\",\"@id\":\"https:\/\/web.consaguirre.com.ar\/noticias\/mariah-carey-encabezara-la-ceremonia-de-apertura-de-los-juegos-olimpicos-de-invierno-2026\/#breadcrumb\",\"itemListElement\":[{\"@type\":\"ListItem\",\"position\":1,\"name\":\"Inicio\",\"item\":\"https:\/\/web.consaguirre.com.ar\/noticias\/\"},{\"@type\":\"ListItem\",\"position\":2,\"name\":\"Mariah Carey encabezar\u00e1 la ceremonia de apertura de los Juegos Ol\u00edmpicos de Invierno 2026\"}]},{\"@type\":\"WebSite\",\"@id\":\"https:\/\/web.consaguirre.com.ar\/noticias\/#website\",\"url\":\"https:\/\/web.consaguirre.com.ar\/noticias\/\",\"name\":\"Conservatorio de M\u00fasica Juli\u00e1n Aguirre\",\"description\":\"\",\"publisher\":{\"@id\":\"https:\/\/web.consaguirre.com.ar\/noticias\/#organization\"},\"potentialAction\":[{\"@type\":\"SearchAction\",\"target\":{\"@type\":\"EntryPoint\",\"urlTemplate\":\"https:\/\/web.consaguirre.com.ar\/noticias\/?s={search_term_string}\"},\"query-input\":\"required name=search_term_string\"}],\"inLanguage\":\"es-AR\"},{\"@type\":\"Organization\",\"@id\":\"https:\/\/web.consaguirre.com.ar\/noticias\/#organization\",\"name\":\"Conservatorio de M\u00fasica Juli\u00e1n Aguirre\",\"url\":\"https:\/\/web.consaguirre.com.ar\/noticias\/\",\"logo\":{\"@type\":\"ImageObject\",\"inLanguage\":\"es-AR\",\"@id\":\"https:\/\/web.consaguirre.com.ar\/noticias\/#\/schema\/logo\/image\/\",\"url\":\"https:\/\/web.consaguirre.com.ar\/noticias\/wp-content\/uploads\/2024\/08\/Banner-Aguirre-23.jpg\",\"contentUrl\":\"https:\/\/web.consaguirre.com.ar\/noticias\/wp-content\/uploads\/2024\/08\/Banner-Aguirre-23.jpg\",\"width\":1192,\"height\":600,\"caption\":\"Conservatorio de M\u00fasica Juli\u00e1n Aguirre\"},\"image\":{\"@id\":\"https:\/\/web.consaguirre.com.ar\/noticias\/#\/schema\/logo\/image\/\"}},{\"@type\":\"Person\",\"@id\":\"https:\/\/web.consaguirre.com.ar\/noticias\/#\/schema\/person\/6558b0cfedee7ddc5425602b237d5722\",\"name\":\"Javier Figueroa\",\"image\":{\"@type\":\"ImageObject\",\"inLanguage\":\"es-AR\",\"@id\":\"https:\/\/web.consaguirre.com.ar\/noticias\/#\/schema\/person\/image\/\",\"url\":\"https:\/\/web.consaguirre.com.ar\/noticias\/wp-content\/uploads\/2024\/08\/Consaguirre-scaled.jpg\",\"contentUrl\":\"https:\/\/web.consaguirre.com.ar\/noticias\/wp-content\/uploads\/2024\/08\/Consaguirre-scaled.jpg\",\"caption\":\"Javier Figueroa\"},\"description\":\"Me llamo Javier Figueroa y soy redactor para el sitio oficial del Conservatorio de M\u00fasica Juli\u00e1n Aguirre en Buenos Aires, consaguirre.com. Apasionado por la m\u00fasica y la escritura, me esfuerzo por destacar los talentos y eventos de nuestra prestigiosa instituci\u00f3n. Mi trayectoria se nutre de una profunda admiraci\u00f3n por los artistas, haciendo de cada art\u00edculo una celebraci\u00f3n de la creatividad y la cultura musical.\",\"sameAs\":[\"https:\/\/web.consaguirre.com.ar\/noticias\"]}]}<\/script>\n<!-- \/ Yoast SEO plugin. -->","yoast_head_json":{"title":"Mariah Carey encabezar\u00e1 la ceremonia de apertura de los Juegos Ol\u00edmpicos de Invierno 2026","robots":{"index":"index","follow":"follow","max-snippet":"max-snippet:-1","max-image-preview":"max-image-preview:large","max-video-preview":"max-video-preview:-1"},"canonical":"https:\/\/web.consaguirre.com.ar\/noticias\/mariah-carey-encabezara-la-ceremonia-de-apertura-de-los-juegos-olimpicos-de-invierno-2026\/","og_locale":"es_ES","og_type":"article","og_title":"Mariah Carey encabezar\u00e1 la ceremonia de apertura de los Juegos Ol\u00edmpicos de Invierno 2026","og_description":"Los Juegos Ol\u00edmpicos de Invierno llegar\u00e1n pronto a Mil\u00e1n y Cortina, y Mariah Carey estar\u00e1 presente para celebrar las festividades. El \u00edcono de la m\u00fasica","og_url":"https:\/\/web.consaguirre.com.ar\/noticias\/mariah-carey-encabezara-la-ceremonia-de-apertura-de-los-juegos-olimpicos-de-invierno-2026\/","og_site_name":"Conservatorio de M\u00fasica Juli\u00e1n Aguirre","article_published_time":"2025-12-16T17:39:24+00:00","article_modified_time":"2025-12-16T17:39:25+00:00","og_image":[{"width":1440,"height":864,"url":"https:\/\/web.consaguirre.com.ar\/noticias\/wp-content\/uploads\/2025\/12\/Mariah-Carey-encabezara-la-ceremonia-de-apertura-de-los-Juegos.jpg","type":"image\/jpeg"}],"author":"Javier Figueroa","twitter_card":"summary_large_image","twitter_misc":{"Escrito por":"Javier Figueroa","Tiempo de lectura":"2 minutos"},"schema":{"@context":"https:\/\/schema.org","@graph":[{"@type":"Article","@id":"https:\/\/web.consaguirre.com.ar\/noticias\/mariah-carey-encabezara-la-ceremonia-de-apertura-de-los-juegos-olimpicos-de-invierno-2026\/#article","isPartOf":{"@id":"https:\/\/web.consaguirre.com.ar\/noticias\/mariah-carey-encabezara-la-ceremonia-de-apertura-de-los-juegos-olimpicos-de-invierno-2026\/"},"author":{"name":"Javier Figueroa","@id":"https:\/\/web.consaguirre.com.ar\/noticias\/#\/schema\/person\/6558b0cfedee7ddc5425602b237d5722"},"headline":"Mariah Carey encabezar\u00e1 la ceremonia de apertura de los Juegos Ol\u00edmpicos de Invierno 2026","datePublished":"2025-12-16T17:39:24+00:00","dateModified":"2025-12-16T17:39:25+00:00","mainEntityOfPage":{"@id":"https:\/\/web.consaguirre.com.ar\/noticias\/mariah-carey-encabezara-la-ceremonia-de-apertura-de-los-juegos-olimpicos-de-invierno-2026\/"},"wordCount":457,"publisher":{"@id":"https:\/\/web.consaguirre.com.ar\/noticias\/#organization"},"image":{"@id":"https:\/\/web.consaguirre.com.ar\/noticias\/mariah-carey-encabezara-la-ceremonia-de-apertura-de-los-juegos-olimpicos-de-invierno-2026\/#primaryimage"},"thumbnailUrl":"https:\/\/web.consaguirre.com.ar\/noticias\/wp-content\/uploads\/2025\/12\/Mariah-Carey-encabezara-la-ceremonia-de-apertura-de-los-Juegos.jpg","keywords":["apertura","Carey","ceremonia","encabezar\u00e1","invierno","Juegos","los","Mariah","Ol\u00edmpicos"],"articleSection":["El \u00faltimo"],"inLanguage":"es-AR"},{"@type":"WebPage","@id":"https:\/\/web.consaguirre.com.ar\/noticias\/mariah-carey-encabezara-la-ceremonia-de-apertura-de-los-juegos-olimpicos-de-invierno-2026\/","url":"https:\/\/web.consaguirre.com.ar\/noticias\/mariah-carey-encabezara-la-ceremonia-de-apertura-de-los-juegos-olimpicos-de-invierno-2026\/","name":"Mariah Carey encabezar\u00e1 la ceremonia de apertura de los Juegos Ol\u00edmpicos de Invierno 2026","isPartOf":{"@id":"https:\/\/web.consaguirre.com.ar\/noticias\/#website"},"primaryImageOfPage":{"@id":"https:\/\/web.consaguirre.com.ar\/noticias\/mariah-carey-encabezara-la-ceremonia-de-apertura-de-los-juegos-olimpicos-de-invierno-2026\/#primaryimage"},"image":{"@id":"https:\/\/web.consaguirre.com.ar\/noticias\/mariah-carey-encabezara-la-ceremonia-de-apertura-de-los-juegos-olimpicos-de-invierno-2026\/#primaryimage"},"thumbnailUrl":"https:\/\/web.consaguirre.com.ar\/noticias\/wp-content\/uploads\/2025\/12\/Mariah-Carey-encabezara-la-ceremonia-de-apertura-de-los-Juegos.jpg","datePublished":"2025-12-16T17:39:24+00:00","dateModified":"2025-12-16T17:39:25+00:00","breadcrumb":{"@id":"https:\/\/web.consaguirre.com.ar\/noticias\/mariah-carey-encabezara-la-ceremonia-de-apertura-de-los-juegos-olimpicos-de-invierno-2026\/#breadcrumb"},"inLanguage":"es-AR","potentialAction":[{"@type":"ReadAction","target":["https:\/\/web.consaguirre.com.ar\/noticias\/mariah-carey-encabezara-la-ceremonia-de-apertura-de-los-juegos-olimpicos-de-invierno-2026\/"]}]},{"@type":"ImageObject","inLanguage":"es-AR","@id":"https:\/\/web.consaguirre.com.ar\/noticias\/mariah-carey-encabezara-la-ceremonia-de-apertura-de-los-juegos-olimpicos-de-invierno-2026\/#primaryimage","url":"https:\/\/web.consaguirre.com.ar\/noticias\/wp-content\/uploads\/2025\/12\/Mariah-Carey-encabezara-la-ceremonia-de-apertura-de-los-Juegos.jpg","contentUrl":"https:\/\/web.consaguirre.com.ar\/noticias\/wp-content\/uploads\/2025\/12\/Mariah-Carey-encabezara-la-ceremonia-de-apertura-de-los-Juegos.jpg","width":1440,"height":864,"caption":"Mariah Carey - Photo: Todd Williamson\/NBCU Photo Bank\/NBCUniversal via Getty Images via Getty Image"},{"@type":"BreadcrumbList","@id":"https:\/\/web.consaguirre.com.ar\/noticias\/mariah-carey-encabezara-la-ceremonia-de-apertura-de-los-juegos-olimpicos-de-invierno-2026\/#breadcrumb","itemListElement":[{"@type":"ListItem","position":1,"name":"Inicio","item":"https:\/\/web.consaguirre.com.ar\/noticias\/"},{"@type":"ListItem","position":2,"name":"Mariah Carey encabezar\u00e1 la ceremonia de apertura de los Juegos Ol\u00edmpicos de Invierno 2026"}]},{"@type":"WebSite","@id":"https:\/\/web.consaguirre.com.ar\/noticias\/#website","url":"https:\/\/web.consaguirre.com.ar\/noticias\/","name":"Conservatorio de M\u00fasica Juli\u00e1n Aguirre","description":"","publisher":{"@id":"https:\/\/web.consaguirre.com.ar\/noticias\/#organization"},"potentialAction":[{"@type":"SearchAction","target":{"@type":"EntryPoint","urlTemplate":"https:\/\/web.consaguirre.com.ar\/noticias\/?s={search_term_string}"},"query-input":"required name=search_term_string"}],"inLanguage":"es-AR"},{"@type":"Organization","@id":"https:\/\/web.consaguirre.com.ar\/noticias\/#organization","name":"Conservatorio de M\u00fasica Juli\u00e1n Aguirre","url":"https:\/\/web.consaguirre.com.ar\/noticias\/","logo":{"@type":"ImageObject","inLanguage":"es-AR","@id":"https:\/\/web.consaguirre.com.ar\/noticias\/#\/schema\/logo\/image\/","url":"https:\/\/web.consaguirre.com.ar\/noticias\/wp-content\/uploads\/2024\/08\/Banner-Aguirre-23.jpg","contentUrl":"https:\/\/web.consaguirre.com.ar\/noticias\/wp-content\/uploads\/2024\/08\/Banner-Aguirre-23.jpg","width":1192,"height":600,"caption":"Conservatorio de M\u00fasica Juli\u00e1n Aguirre"},"image":{"@id":"https:\/\/web.consaguirre.com.ar\/noticias\/#\/schema\/logo\/image\/"}},{"@type":"Person","@id":"https:\/\/web.consaguirre.com.ar\/noticias\/#\/schema\/person\/6558b0cfedee7ddc5425602b237d5722","name":"Javier Figueroa","image":{"@type":"ImageObject","inLanguage":"es-AR","@id":"https:\/\/web.consaguirre.com.ar\/noticias\/#\/schema\/person\/image\/","url":"https:\/\/web.consaguirre.com.ar\/noticias\/wp-content\/uploads\/2024\/08\/Consaguirre-scaled.jpg","contentUrl":"https:\/\/web.consaguirre.com.ar\/noticias\/wp-content\/uploads\/2024\/08\/Consaguirre-scaled.jpg","caption":"Javier Figueroa"},"description":"Me llamo Javier Figueroa y soy redactor para el sitio oficial del Conservatorio de M\u00fasica Juli\u00e1n Aguirre en Buenos Aires, consaguirre.com. Apasionado por la m\u00fasica y la escritura, me esfuerzo por destacar los talentos y eventos de nuestra prestigiosa instituci\u00f3n. Mi trayectoria se nutre de una profunda admiraci\u00f3n por los artistas, haciendo de cada art\u00edculo una celebraci\u00f3n de la creatividad y la cultura musical.","sameAs":["https:\/\/web.consaguirre.com.ar\/noticias"]}]}},"_links":{"self":[{"href":"https:\/\/web.consaguirre.com.ar\/noticias\/wp-json\/wp\/v2\/posts\/4638"}],"collection":[{"href":"https:\/\/web.consaguirre.com.ar\/noticias\/wp-json\/wp\/v2\/posts"}],"about":[{"href":"https:\/\/web.consaguirre.com.ar\/noticias\/wp-json\/wp\/v2\/types\/post"}],"author":[{"embeddable":true,"href":"https:\/\/web.consaguirre.com.ar\/noticias\/wp-json\/wp\/v2\/users\/1"}],"replies":[{"embeddable":true,"href":"https:\/\/web.consaguirre.com.ar\/noticias\/wp-json\/wp\/v2\/comments?post=4638"}],"version-history":[{"count":1,"href":"https:\/\/web.consaguirre.com.ar\/noticias\/wp-json\/wp\/v2\/posts\/4638\/revisions"}],"predecessor-version":[{"id":4640,"href":"https:\/\/web.consaguirre.com.ar\/noticias\/wp-json\/wp\/v2\/posts\/4638\/revisions\/4640"}],"wp:featuredmedia":[{"embeddable":true,"href":"https:\/\/web.consaguirre.com.ar\/noticias\/wp-json\/wp\/v2\/media\/4639"}],"wp:attachment":[{"href":"https:\/\/web.consaguirre.com.ar\/noticias\/wp-json\/wp\/v2\/media?parent=4638"}],"wp:term":[{"taxonomy":"category","embeddable":true,"href":"https:\/\/web.consaguirre.com.ar\/noticias\/wp-json\/wp\/v2\/categories?post=4638"},{"taxonomy":"post_tag","embeddable":true,"href":"https:\/\/web.consaguirre.com.ar\/noticias\/wp-json\/wp\/v2\/tags?post=4638"}],"curies":[{"name":"wp","href":"https:\/\/api.w.org\/{rel}","templated":true}]}}