{"id":4635,"date":"2025-12-16T11:40:07","date_gmt":"2025-12-16T14:40:07","guid":{"rendered":"https:\/\/web.consaguirre.com.ar\/noticias\/joe-ely-arquitecto-de-country-rock-fallecio-a-los-78-anos\/"},"modified":"2025-12-16T11:40:09","modified_gmt":"2025-12-16T14:40:09","slug":"joe-ely-arquitecto-de-country-rock-fallecio-a-los-78-anos","status":"publish","type":"post","link":"https:\/\/web.consaguirre.com.ar\/noticias\/joe-ely-arquitecto-de-country-rock-fallecio-a-los-78-anos\/","title":{"rendered":"Joe Ely, arquitecto de country-rock, falleci\u00f3 a los 78 a\u00f1os"},"content":{"rendered":"<p>Se ha cerrado el tel\u00f3n de la fenomenal carrera de Joe Ely. El rockero country nacido en Texas, que encontr\u00f3 fama como solista y miembro de los Flatlanders, muri\u00f3 el lunes en su casa en Nuevo M\u00e9xico por complicaciones de demencia con cuerpos de Lewy, Parkinson y neumon\u00eda, confirm\u00f3 su representante a <em>Piedra rodante<\/em>. Ten\u00eda 78 a\u00f1os.<\/p>\n<p>Ely jug\u00f3 un papel importante en el desarrollo de la m\u00fasica country progresiva y alternativa, aportando una influencia del rock &#8216;n&#8217; roll al g\u00e9nero y ayudando a cultivar una escena musical de Austin que reaccion\u00f3 contra el elegante sonido de Nashville en la d\u00e9cada de 1970. Pero tambi\u00e9n ejerci\u00f3 influencia en el rock, dejando su huella en \u00edconos serios y naturales como Bruce Springsteen y Joe Strummer de The Clash. Entre los fan\u00e1ticos del rock, Ely puede ser mejor conocido por participar en las sesiones de The Clash&#8217;s. <em>Londres llamando<\/em> y telonero de la legendaria banda de punk del Reino Unido en gira.<\/p>\n<p>Nacido en Amarillo en 1947 y criado en Lubbock, Ely form\u00f3 Flatlanders con Jimmie Dale Gilmore y Butch Hancock a principios de los a\u00f1os 1970. El sonido de la banda estaba impregnado de tradicionalismo country, pero tambi\u00e9n ten\u00eda o\u00eddo para la contracultura, una combinaci\u00f3n que resonar\u00eda en las generaciones futuras de m\u00fasicos de country alternativo (incluido el t\u00edo Tupelo, con quien Ely colabor\u00f3 \u200b\u200bm\u00e1s tarde). Aunque grabaron un \u00e1lbum debut en 1972, los Flatlanders se separaron antes de que pudiera ser lanzado. A\u00f1os m\u00e1s tarde, despu\u00e9s de que los tres miembros consiguieran el \u00e9xito en solitario, esas primeras grabaciones se convirtieron en un tema de intriga. Cuando finalmente vieron la luz en 1990, esos temas aparecieron bajo el t\u00edtulo <em>M\u00e1s una leyenda que una banda<\/em>.<\/p>\n<div class=\"uD-YT-container\"><img decoding=\"async\" src=\"https:\/\/web.consaguirre.com.ar\/noticias\/wp-content\/uploads\/2025\/12\/1765896007_739_Joe-Ely-arquitecto-de-country-rock-fallecio-a-los-78-anos.jpg\" alt=\"V\u00eddeo de YouTube\"><br \/>Haga clic para cargar v\u00eddeo<\/div>\n<p>Despu\u00e9s de actuar por su cuenta, Ely consigui\u00f3 un contrato con MCA a trav\u00e9s de una conexi\u00f3n con Jerry Jeff Walker. Los dos primeros \u00e1lbumes de Ely, el hom\u00f3nimo de 1977 y el de 1978. <em>Mascarada de Honky Tonk<\/em>lo afirm\u00f3 como una figura clave en la floreciente contracultura de la m\u00fasica country. Adem\u00e1s de convertirse en &#8220;uno de los principales impulsores&#8221; de la escena country progresista de Austin seg\u00fan <em>Toda la gu\u00eda musical<\/em>permaneci\u00f3 activo en su casa en Lubbock, organizando un concierto ben\u00e9fico anual de estrellas llamado Tornado Jam.<\/p>\n<p>Ely produjo \u00e1lbumes de manera constante durante los a\u00f1os 80 y 90 y, a medida que se acercaba el nuevo milenio, nuevas oportunidades lo atra\u00edan. Gan\u00f3 un Grammy por su \u00e1lbum de 1999 con el supergrupo de country latino Los Super Seven junto a Rick Trevino y miembros de Texas Tornados y Los Lobos. Y cuando su participaci\u00f3n con The Horse Whisperer de Robert Redford precipit\u00f3 una reuni\u00f3n con los Flatlanders, la banda se uni\u00f3 para un nuevo \u00e1lbum, 2002. <em>Ahora otra vez<\/em>.<\/p>\n<p>Ely se mantuvo activo como solista y miembro de Flatlanders durante el \u00faltimo cuarto de siglo, grabando, actuando y recibiendo elogios como su paso en 2016 como m\u00fasico oficial del estado de Texas. Lanz\u00f3 su \u00e1lbum m\u00e1s reciente, <em>Amor y libertad<\/em>en febrero de este a\u00f1o.<\/p>\n","protected":false},"excerpt":{"rendered":"<p>Se ha cerrado el tel\u00f3n de la fenomenal carrera de Joe Ely. El rockero country nacido en Texas, que encontr\u00f3 fama como solista y miembro<\/p>\n","protected":false},"author":1,"featured_media":4636,"comment_status":"closed","ping_status":"","sticky":false,"template":"","format":"standard","meta":{"footnotes":""},"categories":[50],"tags":[115,3016,3649,3648,767,831,180],"class_list":["post-4635","post","type-post","status-publish","format-standard","has-post-thumbnail","hentry","category-el-ultimo","tag-anos","tag-arquitecto","tag-countryrock","tag-ely","tag-fallecio","tag-joe","tag-los","generate-columns","tablet-grid-50","mobile-grid-100","grid-parent","grid-50"],"yoast_head":"<!-- This site is optimized with the Yoast SEO plugin v23.3 - https:\/\/yoast.com\/wordpress\/plugins\/seo\/ -->\n<title>Joe Ely, arquitecto de country-rock, falleci\u00f3 a los 78 a\u00f1os<\/title>\n<meta name=\"robots\" content=\"index, follow, max-snippet:-1, max-image-preview:large, max-video-preview:-1\" \/>\n<link rel=\"canonical\" href=\"https:\/\/web.consaguirre.com.ar\/noticias\/joe-ely-arquitecto-de-country-rock-fallecio-a-los-78-anos\/\" \/>\n<meta property=\"og:locale\" content=\"es_ES\" \/>\n<meta property=\"og:type\" content=\"article\" \/>\n<meta property=\"og:title\" content=\"Joe Ely, arquitecto de country-rock, falleci\u00f3 a los 78 a\u00f1os\" \/>\n<meta property=\"og:description\" content=\"Se ha cerrado el tel\u00f3n de la fenomenal carrera de Joe Ely. El rockero country nacido en Texas, que encontr\u00f3 fama como solista y miembro\" \/>\n<meta property=\"og:url\" content=\"https:\/\/web.consaguirre.com.ar\/noticias\/joe-ely-arquitecto-de-country-rock-fallecio-a-los-78-anos\/\" \/>\n<meta property=\"og:site_name\" content=\"Conservatorio de M\u00fasica Juli\u00e1n Aguirre\" \/>\n<meta property=\"article:published_time\" content=\"2025-12-16T14:40:07+00:00\" \/>\n<meta property=\"article:modified_time\" content=\"2025-12-16T14:40:09+00:00\" \/>\n<meta property=\"og:image\" content=\"https:\/\/web.consaguirre.com.ar\/noticias\/wp-content\/uploads\/2025\/12\/Joe-Ely-arquitecto-de-country-rock-fallecio-a-los-78-anos.jpg\" \/>\n\t<meta property=\"og:image:width\" content=\"1440\" \/>\n\t<meta property=\"og:image:height\" content=\"864\" \/>\n\t<meta property=\"og:image:type\" content=\"image\/jpeg\" \/>\n<meta name=\"author\" content=\"Javier Figueroa\" \/>\n<meta name=\"twitter:card\" content=\"summary_large_image\" \/>\n<meta name=\"twitter:label1\" content=\"Escrito por\" \/>\n\t<meta name=\"twitter:data1\" content=\"Javier Figueroa\" \/>\n\t<meta name=\"twitter:label2\" content=\"Tiempo de lectura\" \/>\n\t<meta name=\"twitter:data2\" content=\"3 minutos\" \/>\n<script type=\"application\/ld+json\" class=\"yoast-schema-graph\">{\"@context\":\"https:\/\/schema.org\",\"@graph\":[{\"@type\":\"Article\",\"@id\":\"https:\/\/web.consaguirre.com.ar\/noticias\/joe-ely-arquitecto-de-country-rock-fallecio-a-los-78-anos\/#article\",\"isPartOf\":{\"@id\":\"https:\/\/web.consaguirre.com.ar\/noticias\/joe-ely-arquitecto-de-country-rock-fallecio-a-los-78-anos\/\"},\"author\":{\"name\":\"Javier Figueroa\",\"@id\":\"https:\/\/web.consaguirre.com.ar\/noticias\/#\/schema\/person\/6558b0cfedee7ddc5425602b237d5722\"},\"headline\":\"Joe Ely, arquitecto de country-rock, falleci\u00f3 a los 78 a\u00f1os\",\"datePublished\":\"2025-12-16T14:40:07+00:00\",\"dateModified\":\"2025-12-16T14:40:09+00:00\",\"mainEntityOfPage\":{\"@id\":\"https:\/\/web.consaguirre.com.ar\/noticias\/joe-ely-arquitecto-de-country-rock-fallecio-a-los-78-anos\/\"},\"wordCount\":546,\"publisher\":{\"@id\":\"https:\/\/web.consaguirre.com.ar\/noticias\/#organization\"},\"image\":{\"@id\":\"https:\/\/web.consaguirre.com.ar\/noticias\/joe-ely-arquitecto-de-country-rock-fallecio-a-los-78-anos\/#primaryimage\"},\"thumbnailUrl\":\"https:\/\/web.consaguirre.com.ar\/noticias\/wp-content\/uploads\/2025\/12\/Joe-Ely-arquitecto-de-country-rock-fallecio-a-los-78-anos.jpg\",\"keywords\":[\"a\u00f1os\",\"arquitecto\",\"countryrock\",\"Ely\",\"Falleci\u00f3\",\"Joe\",\"los\"],\"articleSection\":[\"El \u00faltimo\"],\"inLanguage\":\"es-AR\"},{\"@type\":\"WebPage\",\"@id\":\"https:\/\/web.consaguirre.com.ar\/noticias\/joe-ely-arquitecto-de-country-rock-fallecio-a-los-78-anos\/\",\"url\":\"https:\/\/web.consaguirre.com.ar\/noticias\/joe-ely-arquitecto-de-country-rock-fallecio-a-los-78-anos\/\",\"name\":\"Joe Ely, arquitecto de country-rock, falleci\u00f3 a los 78 a\u00f1os\",\"isPartOf\":{\"@id\":\"https:\/\/web.consaguirre.com.ar\/noticias\/#website\"},\"primaryImageOfPage\":{\"@id\":\"https:\/\/web.consaguirre.com.ar\/noticias\/joe-ely-arquitecto-de-country-rock-fallecio-a-los-78-anos\/#primaryimage\"},\"image\":{\"@id\":\"https:\/\/web.consaguirre.com.ar\/noticias\/joe-ely-arquitecto-de-country-rock-fallecio-a-los-78-anos\/#primaryimage\"},\"thumbnailUrl\":\"https:\/\/web.consaguirre.com.ar\/noticias\/wp-content\/uploads\/2025\/12\/Joe-Ely-arquitecto-de-country-rock-fallecio-a-los-78-anos.jpg\",\"datePublished\":\"2025-12-16T14:40:07+00:00\",\"dateModified\":\"2025-12-16T14:40:09+00:00\",\"breadcrumb\":{\"@id\":\"https:\/\/web.consaguirre.com.ar\/noticias\/joe-ely-arquitecto-de-country-rock-fallecio-a-los-78-anos\/#breadcrumb\"},\"inLanguage\":\"es-AR\",\"potentialAction\":[{\"@type\":\"ReadAction\",\"target\":[\"https:\/\/web.consaguirre.com.ar\/noticias\/joe-ely-arquitecto-de-country-rock-fallecio-a-los-78-anos\/\"]}]},{\"@type\":\"ImageObject\",\"inLanguage\":\"es-AR\",\"@id\":\"https:\/\/web.consaguirre.com.ar\/noticias\/joe-ely-arquitecto-de-country-rock-fallecio-a-los-78-anos\/#primaryimage\",\"url\":\"https:\/\/web.consaguirre.com.ar\/noticias\/wp-content\/uploads\/2025\/12\/Joe-Ely-arquitecto-de-country-rock-fallecio-a-los-78-anos.jpg\",\"contentUrl\":\"https:\/\/web.consaguirre.com.ar\/noticias\/wp-content\/uploads\/2025\/12\/Joe-Ely-arquitecto-de-country-rock-fallecio-a-los-78-anos.jpg\",\"width\":1440,\"height\":864,\"caption\":\"Joe Ely, arquitecto de country-rock, falleci\u00f3 a los 78 a\u00f1os\"},{\"@type\":\"BreadcrumbList\",\"@id\":\"https:\/\/web.consaguirre.com.ar\/noticias\/joe-ely-arquitecto-de-country-rock-fallecio-a-los-78-anos\/#breadcrumb\",\"itemListElement\":[{\"@type\":\"ListItem\",\"position\":1,\"name\":\"Inicio\",\"item\":\"https:\/\/web.consaguirre.com.ar\/noticias\/\"},{\"@type\":\"ListItem\",\"position\":2,\"name\":\"Joe Ely, arquitecto de country-rock, falleci\u00f3 a los 78 a\u00f1os\"}]},{\"@type\":\"WebSite\",\"@id\":\"https:\/\/web.consaguirre.com.ar\/noticias\/#website\",\"url\":\"https:\/\/web.consaguirre.com.ar\/noticias\/\",\"name\":\"Conservatorio de M\u00fasica Juli\u00e1n Aguirre\",\"description\":\"\",\"publisher\":{\"@id\":\"https:\/\/web.consaguirre.com.ar\/noticias\/#organization\"},\"potentialAction\":[{\"@type\":\"SearchAction\",\"target\":{\"@type\":\"EntryPoint\",\"urlTemplate\":\"https:\/\/web.consaguirre.com.ar\/noticias\/?s={search_term_string}\"},\"query-input\":\"required name=search_term_string\"}],\"inLanguage\":\"es-AR\"},{\"@type\":\"Organization\",\"@id\":\"https:\/\/web.consaguirre.com.ar\/noticias\/#organization\",\"name\":\"Conservatorio de M\u00fasica Juli\u00e1n Aguirre\",\"url\":\"https:\/\/web.consaguirre.com.ar\/noticias\/\",\"logo\":{\"@type\":\"ImageObject\",\"inLanguage\":\"es-AR\",\"@id\":\"https:\/\/web.consaguirre.com.ar\/noticias\/#\/schema\/logo\/image\/\",\"url\":\"https:\/\/web.consaguirre.com.ar\/noticias\/wp-content\/uploads\/2024\/08\/Banner-Aguirre-23.jpg\",\"contentUrl\":\"https:\/\/web.consaguirre.com.ar\/noticias\/wp-content\/uploads\/2024\/08\/Banner-Aguirre-23.jpg\",\"width\":1192,\"height\":600,\"caption\":\"Conservatorio de M\u00fasica Juli\u00e1n Aguirre\"},\"image\":{\"@id\":\"https:\/\/web.consaguirre.com.ar\/noticias\/#\/schema\/logo\/image\/\"}},{\"@type\":\"Person\",\"@id\":\"https:\/\/web.consaguirre.com.ar\/noticias\/#\/schema\/person\/6558b0cfedee7ddc5425602b237d5722\",\"name\":\"Javier Figueroa\",\"image\":{\"@type\":\"ImageObject\",\"inLanguage\":\"es-AR\",\"@id\":\"https:\/\/web.consaguirre.com.ar\/noticias\/#\/schema\/person\/image\/\",\"url\":\"https:\/\/web.consaguirre.com.ar\/noticias\/wp-content\/uploads\/2024\/08\/Consaguirre-scaled.jpg\",\"contentUrl\":\"https:\/\/web.consaguirre.com.ar\/noticias\/wp-content\/uploads\/2024\/08\/Consaguirre-scaled.jpg\",\"caption\":\"Javier Figueroa\"},\"description\":\"Me llamo Javier Figueroa y soy redactor para el sitio oficial del Conservatorio de M\u00fasica Juli\u00e1n Aguirre en Buenos Aires, consaguirre.com. Apasionado por la m\u00fasica y la escritura, me esfuerzo por destacar los talentos y eventos de nuestra prestigiosa instituci\u00f3n. Mi trayectoria se nutre de una profunda admiraci\u00f3n por los artistas, haciendo de cada art\u00edculo una celebraci\u00f3n de la creatividad y la cultura musical.\",\"sameAs\":[\"https:\/\/web.consaguirre.com.ar\/noticias\"]}]}<\/script>\n<!-- \/ Yoast SEO plugin. -->","yoast_head_json":{"title":"Joe Ely, arquitecto de country-rock, falleci\u00f3 a los 78 a\u00f1os","robots":{"index":"index","follow":"follow","max-snippet":"max-snippet:-1","max-image-preview":"max-image-preview:large","max-video-preview":"max-video-preview:-1"},"canonical":"https:\/\/web.consaguirre.com.ar\/noticias\/joe-ely-arquitecto-de-country-rock-fallecio-a-los-78-anos\/","og_locale":"es_ES","og_type":"article","og_title":"Joe Ely, arquitecto de country-rock, falleci\u00f3 a los 78 a\u00f1os","og_description":"Se ha cerrado el tel\u00f3n de la fenomenal carrera de Joe Ely. El rockero country nacido en Texas, que encontr\u00f3 fama como solista y miembro","og_url":"https:\/\/web.consaguirre.com.ar\/noticias\/joe-ely-arquitecto-de-country-rock-fallecio-a-los-78-anos\/","og_site_name":"Conservatorio de M\u00fasica Juli\u00e1n Aguirre","article_published_time":"2025-12-16T14:40:07+00:00","article_modified_time":"2025-12-16T14:40:09+00:00","og_image":[{"width":1440,"height":864,"url":"https:\/\/web.consaguirre.com.ar\/noticias\/wp-content\/uploads\/2025\/12\/Joe-Ely-arquitecto-de-country-rock-fallecio-a-los-78-anos.jpg","type":"image\/jpeg"}],"author":"Javier Figueroa","twitter_card":"summary_large_image","twitter_misc":{"Escrito por":"Javier Figueroa","Tiempo de lectura":"3 minutos"},"schema":{"@context":"https:\/\/schema.org","@graph":[{"@type":"Article","@id":"https:\/\/web.consaguirre.com.ar\/noticias\/joe-ely-arquitecto-de-country-rock-fallecio-a-los-78-anos\/#article","isPartOf":{"@id":"https:\/\/web.consaguirre.com.ar\/noticias\/joe-ely-arquitecto-de-country-rock-fallecio-a-los-78-anos\/"},"author":{"name":"Javier Figueroa","@id":"https:\/\/web.consaguirre.com.ar\/noticias\/#\/schema\/person\/6558b0cfedee7ddc5425602b237d5722"},"headline":"Joe Ely, arquitecto de country-rock, falleci\u00f3 a los 78 a\u00f1os","datePublished":"2025-12-16T14:40:07+00:00","dateModified":"2025-12-16T14:40:09+00:00","mainEntityOfPage":{"@id":"https:\/\/web.consaguirre.com.ar\/noticias\/joe-ely-arquitecto-de-country-rock-fallecio-a-los-78-anos\/"},"wordCount":546,"publisher":{"@id":"https:\/\/web.consaguirre.com.ar\/noticias\/#organization"},"image":{"@id":"https:\/\/web.consaguirre.com.ar\/noticias\/joe-ely-arquitecto-de-country-rock-fallecio-a-los-78-anos\/#primaryimage"},"thumbnailUrl":"https:\/\/web.consaguirre.com.ar\/noticias\/wp-content\/uploads\/2025\/12\/Joe-Ely-arquitecto-de-country-rock-fallecio-a-los-78-anos.jpg","keywords":["a\u00f1os","arquitecto","countryrock","Ely","Falleci\u00f3","Joe","los"],"articleSection":["El \u00faltimo"],"inLanguage":"es-AR"},{"@type":"WebPage","@id":"https:\/\/web.consaguirre.com.ar\/noticias\/joe-ely-arquitecto-de-country-rock-fallecio-a-los-78-anos\/","url":"https:\/\/web.consaguirre.com.ar\/noticias\/joe-ely-arquitecto-de-country-rock-fallecio-a-los-78-anos\/","name":"Joe Ely, arquitecto de country-rock, falleci\u00f3 a los 78 a\u00f1os","isPartOf":{"@id":"https:\/\/web.consaguirre.com.ar\/noticias\/#website"},"primaryImageOfPage":{"@id":"https:\/\/web.consaguirre.com.ar\/noticias\/joe-ely-arquitecto-de-country-rock-fallecio-a-los-78-anos\/#primaryimage"},"image":{"@id":"https:\/\/web.consaguirre.com.ar\/noticias\/joe-ely-arquitecto-de-country-rock-fallecio-a-los-78-anos\/#primaryimage"},"thumbnailUrl":"https:\/\/web.consaguirre.com.ar\/noticias\/wp-content\/uploads\/2025\/12\/Joe-Ely-arquitecto-de-country-rock-fallecio-a-los-78-anos.jpg","datePublished":"2025-12-16T14:40:07+00:00","dateModified":"2025-12-16T14:40:09+00:00","breadcrumb":{"@id":"https:\/\/web.consaguirre.com.ar\/noticias\/joe-ely-arquitecto-de-country-rock-fallecio-a-los-78-anos\/#breadcrumb"},"inLanguage":"es-AR","potentialAction":[{"@type":"ReadAction","target":["https:\/\/web.consaguirre.com.ar\/noticias\/joe-ely-arquitecto-de-country-rock-fallecio-a-los-78-anos\/"]}]},{"@type":"ImageObject","inLanguage":"es-AR","@id":"https:\/\/web.consaguirre.com.ar\/noticias\/joe-ely-arquitecto-de-country-rock-fallecio-a-los-78-anos\/#primaryimage","url":"https:\/\/web.consaguirre.com.ar\/noticias\/wp-content\/uploads\/2025\/12\/Joe-Ely-arquitecto-de-country-rock-fallecio-a-los-78-anos.jpg","contentUrl":"https:\/\/web.consaguirre.com.ar\/noticias\/wp-content\/uploads\/2025\/12\/Joe-Ely-arquitecto-de-country-rock-fallecio-a-los-78-anos.jpg","width":1440,"height":864,"caption":"Joe Ely, arquitecto de country-rock, falleci\u00f3 a los 78 a\u00f1os"},{"@type":"BreadcrumbList","@id":"https:\/\/web.consaguirre.com.ar\/noticias\/joe-ely-arquitecto-de-country-rock-fallecio-a-los-78-anos\/#breadcrumb","itemListElement":[{"@type":"ListItem","position":1,"name":"Inicio","item":"https:\/\/web.consaguirre.com.ar\/noticias\/"},{"@type":"ListItem","position":2,"name":"Joe Ely, arquitecto de country-rock, falleci\u00f3 a los 78 a\u00f1os"}]},{"@type":"WebSite","@id":"https:\/\/web.consaguirre.com.ar\/noticias\/#website","url":"https:\/\/web.consaguirre.com.ar\/noticias\/","name":"Conservatorio de M\u00fasica Juli\u00e1n Aguirre","description":"","publisher":{"@id":"https:\/\/web.consaguirre.com.ar\/noticias\/#organization"},"potentialAction":[{"@type":"SearchAction","target":{"@type":"EntryPoint","urlTemplate":"https:\/\/web.consaguirre.com.ar\/noticias\/?s={search_term_string}"},"query-input":"required name=search_term_string"}],"inLanguage":"es-AR"},{"@type":"Organization","@id":"https:\/\/web.consaguirre.com.ar\/noticias\/#organization","name":"Conservatorio de M\u00fasica Juli\u00e1n Aguirre","url":"https:\/\/web.consaguirre.com.ar\/noticias\/","logo":{"@type":"ImageObject","inLanguage":"es-AR","@id":"https:\/\/web.consaguirre.com.ar\/noticias\/#\/schema\/logo\/image\/","url":"https:\/\/web.consaguirre.com.ar\/noticias\/wp-content\/uploads\/2024\/08\/Banner-Aguirre-23.jpg","contentUrl":"https:\/\/web.consaguirre.com.ar\/noticias\/wp-content\/uploads\/2024\/08\/Banner-Aguirre-23.jpg","width":1192,"height":600,"caption":"Conservatorio de M\u00fasica Juli\u00e1n Aguirre"},"image":{"@id":"https:\/\/web.consaguirre.com.ar\/noticias\/#\/schema\/logo\/image\/"}},{"@type":"Person","@id":"https:\/\/web.consaguirre.com.ar\/noticias\/#\/schema\/person\/6558b0cfedee7ddc5425602b237d5722","name":"Javier Figueroa","image":{"@type":"ImageObject","inLanguage":"es-AR","@id":"https:\/\/web.consaguirre.com.ar\/noticias\/#\/schema\/person\/image\/","url":"https:\/\/web.consaguirre.com.ar\/noticias\/wp-content\/uploads\/2024\/08\/Consaguirre-scaled.jpg","contentUrl":"https:\/\/web.consaguirre.com.ar\/noticias\/wp-content\/uploads\/2024\/08\/Consaguirre-scaled.jpg","caption":"Javier Figueroa"},"description":"Me llamo Javier Figueroa y soy redactor para el sitio oficial del Conservatorio de M\u00fasica Juli\u00e1n Aguirre en Buenos Aires, consaguirre.com. Apasionado por la m\u00fasica y la escritura, me esfuerzo por destacar los talentos y eventos de nuestra prestigiosa instituci\u00f3n. Mi trayectoria se nutre de una profunda admiraci\u00f3n por los artistas, haciendo de cada art\u00edculo una celebraci\u00f3n de la creatividad y la cultura musical.","sameAs":["https:\/\/web.consaguirre.com.ar\/noticias"]}]}},"_links":{"self":[{"href":"https:\/\/web.consaguirre.com.ar\/noticias\/wp-json\/wp\/v2\/posts\/4635"}],"collection":[{"href":"https:\/\/web.consaguirre.com.ar\/noticias\/wp-json\/wp\/v2\/posts"}],"about":[{"href":"https:\/\/web.consaguirre.com.ar\/noticias\/wp-json\/wp\/v2\/types\/post"}],"author":[{"embeddable":true,"href":"https:\/\/web.consaguirre.com.ar\/noticias\/wp-json\/wp\/v2\/users\/1"}],"replies":[{"embeddable":true,"href":"https:\/\/web.consaguirre.com.ar\/noticias\/wp-json\/wp\/v2\/comments?post=4635"}],"version-history":[{"count":1,"href":"https:\/\/web.consaguirre.com.ar\/noticias\/wp-json\/wp\/v2\/posts\/4635\/revisions"}],"predecessor-version":[{"id":4637,"href":"https:\/\/web.consaguirre.com.ar\/noticias\/wp-json\/wp\/v2\/posts\/4635\/revisions\/4637"}],"wp:featuredmedia":[{"embeddable":true,"href":"https:\/\/web.consaguirre.com.ar\/noticias\/wp-json\/wp\/v2\/media\/4636"}],"wp:attachment":[{"href":"https:\/\/web.consaguirre.com.ar\/noticias\/wp-json\/wp\/v2\/media?parent=4635"}],"wp:term":[{"taxonomy":"category","embeddable":true,"href":"https:\/\/web.consaguirre.com.ar\/noticias\/wp-json\/wp\/v2\/categories?post=4635"},{"taxonomy":"post_tag","embeddable":true,"href":"https:\/\/web.consaguirre.com.ar\/noticias\/wp-json\/wp\/v2\/tags?post=4635"}],"curies":[{"name":"wp","href":"https:\/\/api.w.org\/{rel}","templated":true}]}}