{"id":4632,"date":"2025-12-16T02:39:08","date_gmt":"2025-12-16T05:39:08","guid":{"rendered":"https:\/\/web.consaguirre.com.ar\/noticias\/stan-getz-the-oscar-peterson-trio-se-lanza-en-verve-vault\/"},"modified":"2025-12-16T02:39:09","modified_gmt":"2025-12-16T05:39:09","slug":"stan-getz-the-oscar-peterson-trio-se-lanza-en-verve-vault","status":"publish","type":"post","link":"https:\/\/web.consaguirre.com.ar\/noticias\/stan-getz-the-oscar-peterson-trio-se-lanza-en-verve-vault\/","title":{"rendered":"&#8216;Stan Getz &#038; The Oscar Peterson Trio&#8217; se lanza en Verve Vault"},"content":{"rendered":"<p><em>Stan Getz y el tr\u00edo de Oscar Peterson<\/em>publicado originalmente en 1958 en Verve Records, documenta un encuentro poco com\u00fan entre dos grandes del jazz contrastantes: el saxofonista tenor de tono fresco Stan Getz y el duro Oscar Peterson Trio. El \u00e1lbum se reeditar\u00e1 en vinilo totalmente anal\u00f3gico de 180 gramos en febrero de 2026, como parte de la serie Verve Vault.<\/p>\n<p>Producida por Norman Granz y grabada en Hollywood en octubre de 1957, la sesi\u00f3n encuentra a Getz uni\u00e9ndose a una secci\u00f3n r\u00edtmica veterana ya considerada como una de las m\u00e1s cohesivas del jazz: Peterson al piano, Herb Ellis a la guitarra y Ray Brown al bajo. Sin un baterista presente, el grupo mantiene un swing boyante y propulsor, d\u00e1ndole a Getz el espacio para extenderse en un programa de est\u00e1ndares y originales, que incluyen \u201cI Want to Be Happy\u201d, \u201cTour&#8217;s End\u201d y \u201cBronx Blues\u201d.<\/p>\n<p>Si bien a Getz se le escuch\u00f3 a menudo en contextos m\u00e1s moderados u orquestados durante este per\u00edodo, esta sesi\u00f3n destaca su dominio del lenguaje bebop y el swing de grupos peque\u00f1os. El tr\u00edo de Peterson, conocido por su impulso y capacidad de respuesta, se adapta con fluidez al tono y fraseo de Getz, produciendo una sesi\u00f3n marcada por una interacci\u00f3n relajada, claridad r\u00edtmica y un virtuosismo discreto.<\/p>\n<p>La serie Verve Vault presenta reediciones en vinilo totalmente anal\u00f3gico de 180 gramos de \u00e1lbumes esenciales de Verve, Impulse!, Mercury y cat\u00e1logos asociados. Masterizado por Ryan K. Smith a partir de las cintas anal\u00f3gicas originales y prensado en Optimal, cada lanzamiento combina una fidelidad de audio excepcional con una atenci\u00f3n meticulosa al detalle, desde la masterizaci\u00f3n hasta la reproducci\u00f3n de la cubierta. La serie se centra tanto en t\u00edtulos ic\u00f3nicos como en joyas pasadas por alto desde los a\u00f1os cincuenta hasta los setenta.<\/p>\n<p>Los lanzamientos anteriores de la serie incluyen <em>Sonny lado arriba<\/em> por Dizzy Gillespie y <em>El compositor de obras desafinadas<\/em> por Antonio Carlos Jobim, ambos publicados el 10 de octubre de 2025.<\/p>\n<p><b>Compre la serie Verve Vault ahora.<\/b><\/p>\n","protected":false},"excerpt":{"rendered":"<p>Stan Getz y el tr\u00edo de Oscar Petersonpublicado originalmente en 1958 en Verve Records, documenta un encuentro poco com\u00fan entre dos grandes del jazz contrastantes:<\/p>\n","protected":false},"author":1,"featured_media":4633,"comment_status":"closed","ping_status":"","sticky":false,"template":"","format":"standard","meta":{"footnotes":""},"categories":[50],"tags":[3117,218,1737,3647,3116,2765,718,1182],"class_list":["post-4632","post","type-post","status-publish","format-standard","has-post-thumbnail","hentry","category-el-ultimo","tag-getz","tag-lanza","tag-oscar","tag-peterson","tag-stan","tag-trio","tag-vault","tag-verve","generate-columns","tablet-grid-50","mobile-grid-100","grid-parent","grid-50"],"yoast_head":"<!-- This site is optimized with the Yoast SEO plugin v23.3 - https:\/\/yoast.com\/wordpress\/plugins\/seo\/ -->\n<title>&#039;Stan Getz &amp; The Oscar Peterson Trio&#039; se lanza en Verve Vault<\/title>\n<meta name=\"robots\" content=\"index, follow, max-snippet:-1, max-image-preview:large, max-video-preview:-1\" \/>\n<link rel=\"canonical\" href=\"https:\/\/web.consaguirre.com.ar\/noticias\/stan-getz-the-oscar-peterson-trio-se-lanza-en-verve-vault\/\" \/>\n<meta property=\"og:locale\" content=\"es_ES\" \/>\n<meta property=\"og:type\" content=\"article\" \/>\n<meta property=\"og:title\" content=\"&#039;Stan Getz &amp; The Oscar Peterson Trio&#039; se lanza en Verve Vault\" \/>\n<meta property=\"og:description\" content=\"Stan Getz y el tr\u00edo de Oscar Petersonpublicado originalmente en 1958 en Verve Records, documenta un encuentro poco com\u00fan entre dos grandes del jazz contrastantes:\" \/>\n<meta property=\"og:url\" content=\"https:\/\/web.consaguirre.com.ar\/noticias\/stan-getz-the-oscar-peterson-trio-se-lanza-en-verve-vault\/\" \/>\n<meta property=\"og:site_name\" content=\"Conservatorio de M\u00fasica Juli\u00e1n Aguirre\" \/>\n<meta property=\"article:published_time\" content=\"2025-12-16T05:39:08+00:00\" \/>\n<meta property=\"article:modified_time\" content=\"2025-12-16T05:39:09+00:00\" \/>\n<meta property=\"og:image\" content=\"https:\/\/web.consaguirre.com.ar\/noticias\/wp-content\/uploads\/2025\/12\/Stan-Getz-The-Oscar-Peterson-Trio-se-lanza-en.jpg\" \/>\n\t<meta property=\"og:image:width\" content=\"820\" \/>\n\t<meta property=\"og:image:height\" content=\"820\" \/>\n\t<meta property=\"og:image:type\" content=\"image\/jpeg\" \/>\n<meta name=\"author\" content=\"Javier Figueroa\" \/>\n<meta name=\"twitter:card\" content=\"summary_large_image\" \/>\n<meta name=\"twitter:label1\" content=\"Escrito por\" \/>\n\t<meta name=\"twitter:data1\" content=\"Javier Figueroa\" \/>\n\t<meta name=\"twitter:label2\" content=\"Tiempo de lectura\" \/>\n\t<meta name=\"twitter:data2\" content=\"2 minutos\" \/>\n<script type=\"application\/ld+json\" class=\"yoast-schema-graph\">{\"@context\":\"https:\/\/schema.org\",\"@graph\":[{\"@type\":\"Article\",\"@id\":\"https:\/\/web.consaguirre.com.ar\/noticias\/stan-getz-the-oscar-peterson-trio-se-lanza-en-verve-vault\/#article\",\"isPartOf\":{\"@id\":\"https:\/\/web.consaguirre.com.ar\/noticias\/stan-getz-the-oscar-peterson-trio-se-lanza-en-verve-vault\/\"},\"author\":{\"name\":\"Javier Figueroa\",\"@id\":\"https:\/\/web.consaguirre.com.ar\/noticias\/#\/schema\/person\/6558b0cfedee7ddc5425602b237d5722\"},\"headline\":\"&#8216;Stan Getz &#038; The Oscar Peterson Trio&#8217; se lanza en Verve Vault\",\"datePublished\":\"2025-12-16T05:39:08+00:00\",\"dateModified\":\"2025-12-16T05:39:09+00:00\",\"mainEntityOfPage\":{\"@id\":\"https:\/\/web.consaguirre.com.ar\/noticias\/stan-getz-the-oscar-peterson-trio-se-lanza-en-verve-vault\/\"},\"wordCount\":365,\"publisher\":{\"@id\":\"https:\/\/web.consaguirre.com.ar\/noticias\/#organization\"},\"image\":{\"@id\":\"https:\/\/web.consaguirre.com.ar\/noticias\/stan-getz-the-oscar-peterson-trio-se-lanza-en-verve-vault\/#primaryimage\"},\"thumbnailUrl\":\"https:\/\/web.consaguirre.com.ar\/noticias\/wp-content\/uploads\/2025\/12\/Stan-Getz-The-Oscar-Peterson-Trio-se-lanza-en.jpg\",\"keywords\":[\"Getz\",\"lanza\",\"Oscar\",\"Peterson\",\"Stan\",\"tr\u00edo\",\"Vault\",\"Verve\"],\"articleSection\":[\"El \u00faltimo\"],\"inLanguage\":\"es-AR\"},{\"@type\":\"WebPage\",\"@id\":\"https:\/\/web.consaguirre.com.ar\/noticias\/stan-getz-the-oscar-peterson-trio-se-lanza-en-verve-vault\/\",\"url\":\"https:\/\/web.consaguirre.com.ar\/noticias\/stan-getz-the-oscar-peterson-trio-se-lanza-en-verve-vault\/\",\"name\":\"'Stan Getz & The Oscar Peterson Trio' se lanza en Verve Vault\",\"isPartOf\":{\"@id\":\"https:\/\/web.consaguirre.com.ar\/noticias\/#website\"},\"primaryImageOfPage\":{\"@id\":\"https:\/\/web.consaguirre.com.ar\/noticias\/stan-getz-the-oscar-peterson-trio-se-lanza-en-verve-vault\/#primaryimage\"},\"image\":{\"@id\":\"https:\/\/web.consaguirre.com.ar\/noticias\/stan-getz-the-oscar-peterson-trio-se-lanza-en-verve-vault\/#primaryimage\"},\"thumbnailUrl\":\"https:\/\/web.consaguirre.com.ar\/noticias\/wp-content\/uploads\/2025\/12\/Stan-Getz-The-Oscar-Peterson-Trio-se-lanza-en.jpg\",\"datePublished\":\"2025-12-16T05:39:08+00:00\",\"dateModified\":\"2025-12-16T05:39:09+00:00\",\"breadcrumb\":{\"@id\":\"https:\/\/web.consaguirre.com.ar\/noticias\/stan-getz-the-oscar-peterson-trio-se-lanza-en-verve-vault\/#breadcrumb\"},\"inLanguage\":\"es-AR\",\"potentialAction\":[{\"@type\":\"ReadAction\",\"target\":[\"https:\/\/web.consaguirre.com.ar\/noticias\/stan-getz-the-oscar-peterson-trio-se-lanza-en-verve-vault\/\"]}]},{\"@type\":\"ImageObject\",\"inLanguage\":\"es-AR\",\"@id\":\"https:\/\/web.consaguirre.com.ar\/noticias\/stan-getz-the-oscar-peterson-trio-se-lanza-en-verve-vault\/#primaryimage\",\"url\":\"https:\/\/web.consaguirre.com.ar\/noticias\/wp-content\/uploads\/2025\/12\/Stan-Getz-The-Oscar-Peterson-Trio-se-lanza-en.jpg\",\"contentUrl\":\"https:\/\/web.consaguirre.com.ar\/noticias\/wp-content\/uploads\/2025\/12\/Stan-Getz-The-Oscar-Peterson-Trio-se-lanza-en.jpg\",\"width\":820,\"height\":820,\"caption\":\"'Stan Getz & The Oscar Peterson Trio' se lanza en Verve Vault\"},{\"@type\":\"BreadcrumbList\",\"@id\":\"https:\/\/web.consaguirre.com.ar\/noticias\/stan-getz-the-oscar-peterson-trio-se-lanza-en-verve-vault\/#breadcrumb\",\"itemListElement\":[{\"@type\":\"ListItem\",\"position\":1,\"name\":\"Inicio\",\"item\":\"https:\/\/web.consaguirre.com.ar\/noticias\/\"},{\"@type\":\"ListItem\",\"position\":2,\"name\":\"&#8216;Stan Getz &#038; The Oscar Peterson Trio&#8217; se lanza en Verve Vault\"}]},{\"@type\":\"WebSite\",\"@id\":\"https:\/\/web.consaguirre.com.ar\/noticias\/#website\",\"url\":\"https:\/\/web.consaguirre.com.ar\/noticias\/\",\"name\":\"Conservatorio de M\u00fasica Juli\u00e1n Aguirre\",\"description\":\"\",\"publisher\":{\"@id\":\"https:\/\/web.consaguirre.com.ar\/noticias\/#organization\"},\"potentialAction\":[{\"@type\":\"SearchAction\",\"target\":{\"@type\":\"EntryPoint\",\"urlTemplate\":\"https:\/\/web.consaguirre.com.ar\/noticias\/?s={search_term_string}\"},\"query-input\":\"required name=search_term_string\"}],\"inLanguage\":\"es-AR\"},{\"@type\":\"Organization\",\"@id\":\"https:\/\/web.consaguirre.com.ar\/noticias\/#organization\",\"name\":\"Conservatorio de M\u00fasica Juli\u00e1n Aguirre\",\"url\":\"https:\/\/web.consaguirre.com.ar\/noticias\/\",\"logo\":{\"@type\":\"ImageObject\",\"inLanguage\":\"es-AR\",\"@id\":\"https:\/\/web.consaguirre.com.ar\/noticias\/#\/schema\/logo\/image\/\",\"url\":\"https:\/\/web.consaguirre.com.ar\/noticias\/wp-content\/uploads\/2024\/08\/Banner-Aguirre-23.jpg\",\"contentUrl\":\"https:\/\/web.consaguirre.com.ar\/noticias\/wp-content\/uploads\/2024\/08\/Banner-Aguirre-23.jpg\",\"width\":1192,\"height\":600,\"caption\":\"Conservatorio de M\u00fasica Juli\u00e1n Aguirre\"},\"image\":{\"@id\":\"https:\/\/web.consaguirre.com.ar\/noticias\/#\/schema\/logo\/image\/\"}},{\"@type\":\"Person\",\"@id\":\"https:\/\/web.consaguirre.com.ar\/noticias\/#\/schema\/person\/6558b0cfedee7ddc5425602b237d5722\",\"name\":\"Javier Figueroa\",\"image\":{\"@type\":\"ImageObject\",\"inLanguage\":\"es-AR\",\"@id\":\"https:\/\/web.consaguirre.com.ar\/noticias\/#\/schema\/person\/image\/\",\"url\":\"https:\/\/web.consaguirre.com.ar\/noticias\/wp-content\/uploads\/2024\/08\/Consaguirre-scaled.jpg\",\"contentUrl\":\"https:\/\/web.consaguirre.com.ar\/noticias\/wp-content\/uploads\/2024\/08\/Consaguirre-scaled.jpg\",\"caption\":\"Javier Figueroa\"},\"description\":\"Me llamo Javier Figueroa y soy redactor para el sitio oficial del Conservatorio de M\u00fasica Juli\u00e1n Aguirre en Buenos Aires, consaguirre.com. Apasionado por la m\u00fasica y la escritura, me esfuerzo por destacar los talentos y eventos de nuestra prestigiosa instituci\u00f3n. Mi trayectoria se nutre de una profunda admiraci\u00f3n por los artistas, haciendo de cada art\u00edculo una celebraci\u00f3n de la creatividad y la cultura musical.\",\"sameAs\":[\"https:\/\/web.consaguirre.com.ar\/noticias\"]}]}<\/script>\n<!-- \/ Yoast SEO plugin. -->","yoast_head_json":{"title":"'Stan Getz & The Oscar Peterson Trio' se lanza en Verve Vault","robots":{"index":"index","follow":"follow","max-snippet":"max-snippet:-1","max-image-preview":"max-image-preview:large","max-video-preview":"max-video-preview:-1"},"canonical":"https:\/\/web.consaguirre.com.ar\/noticias\/stan-getz-the-oscar-peterson-trio-se-lanza-en-verve-vault\/","og_locale":"es_ES","og_type":"article","og_title":"'Stan Getz & The Oscar Peterson Trio' se lanza en Verve Vault","og_description":"Stan Getz y el tr\u00edo de Oscar Petersonpublicado originalmente en 1958 en Verve Records, documenta un encuentro poco com\u00fan entre dos grandes del jazz contrastantes:","og_url":"https:\/\/web.consaguirre.com.ar\/noticias\/stan-getz-the-oscar-peterson-trio-se-lanza-en-verve-vault\/","og_site_name":"Conservatorio de M\u00fasica Juli\u00e1n Aguirre","article_published_time":"2025-12-16T05:39:08+00:00","article_modified_time":"2025-12-16T05:39:09+00:00","og_image":[{"width":820,"height":820,"url":"https:\/\/web.consaguirre.com.ar\/noticias\/wp-content\/uploads\/2025\/12\/Stan-Getz-The-Oscar-Peterson-Trio-se-lanza-en.jpg","type":"image\/jpeg"}],"author":"Javier Figueroa","twitter_card":"summary_large_image","twitter_misc":{"Escrito por":"Javier Figueroa","Tiempo de lectura":"2 minutos"},"schema":{"@context":"https:\/\/schema.org","@graph":[{"@type":"Article","@id":"https:\/\/web.consaguirre.com.ar\/noticias\/stan-getz-the-oscar-peterson-trio-se-lanza-en-verve-vault\/#article","isPartOf":{"@id":"https:\/\/web.consaguirre.com.ar\/noticias\/stan-getz-the-oscar-peterson-trio-se-lanza-en-verve-vault\/"},"author":{"name":"Javier Figueroa","@id":"https:\/\/web.consaguirre.com.ar\/noticias\/#\/schema\/person\/6558b0cfedee7ddc5425602b237d5722"},"headline":"&#8216;Stan Getz &#038; The Oscar Peterson Trio&#8217; se lanza en Verve Vault","datePublished":"2025-12-16T05:39:08+00:00","dateModified":"2025-12-16T05:39:09+00:00","mainEntityOfPage":{"@id":"https:\/\/web.consaguirre.com.ar\/noticias\/stan-getz-the-oscar-peterson-trio-se-lanza-en-verve-vault\/"},"wordCount":365,"publisher":{"@id":"https:\/\/web.consaguirre.com.ar\/noticias\/#organization"},"image":{"@id":"https:\/\/web.consaguirre.com.ar\/noticias\/stan-getz-the-oscar-peterson-trio-se-lanza-en-verve-vault\/#primaryimage"},"thumbnailUrl":"https:\/\/web.consaguirre.com.ar\/noticias\/wp-content\/uploads\/2025\/12\/Stan-Getz-The-Oscar-Peterson-Trio-se-lanza-en.jpg","keywords":["Getz","lanza","Oscar","Peterson","Stan","tr\u00edo","Vault","Verve"],"articleSection":["El \u00faltimo"],"inLanguage":"es-AR"},{"@type":"WebPage","@id":"https:\/\/web.consaguirre.com.ar\/noticias\/stan-getz-the-oscar-peterson-trio-se-lanza-en-verve-vault\/","url":"https:\/\/web.consaguirre.com.ar\/noticias\/stan-getz-the-oscar-peterson-trio-se-lanza-en-verve-vault\/","name":"'Stan Getz & The Oscar Peterson Trio' se lanza en Verve Vault","isPartOf":{"@id":"https:\/\/web.consaguirre.com.ar\/noticias\/#website"},"primaryImageOfPage":{"@id":"https:\/\/web.consaguirre.com.ar\/noticias\/stan-getz-the-oscar-peterson-trio-se-lanza-en-verve-vault\/#primaryimage"},"image":{"@id":"https:\/\/web.consaguirre.com.ar\/noticias\/stan-getz-the-oscar-peterson-trio-se-lanza-en-verve-vault\/#primaryimage"},"thumbnailUrl":"https:\/\/web.consaguirre.com.ar\/noticias\/wp-content\/uploads\/2025\/12\/Stan-Getz-The-Oscar-Peterson-Trio-se-lanza-en.jpg","datePublished":"2025-12-16T05:39:08+00:00","dateModified":"2025-12-16T05:39:09+00:00","breadcrumb":{"@id":"https:\/\/web.consaguirre.com.ar\/noticias\/stan-getz-the-oscar-peterson-trio-se-lanza-en-verve-vault\/#breadcrumb"},"inLanguage":"es-AR","potentialAction":[{"@type":"ReadAction","target":["https:\/\/web.consaguirre.com.ar\/noticias\/stan-getz-the-oscar-peterson-trio-se-lanza-en-verve-vault\/"]}]},{"@type":"ImageObject","inLanguage":"es-AR","@id":"https:\/\/web.consaguirre.com.ar\/noticias\/stan-getz-the-oscar-peterson-trio-se-lanza-en-verve-vault\/#primaryimage","url":"https:\/\/web.consaguirre.com.ar\/noticias\/wp-content\/uploads\/2025\/12\/Stan-Getz-The-Oscar-Peterson-Trio-se-lanza-en.jpg","contentUrl":"https:\/\/web.consaguirre.com.ar\/noticias\/wp-content\/uploads\/2025\/12\/Stan-Getz-The-Oscar-Peterson-Trio-se-lanza-en.jpg","width":820,"height":820,"caption":"'Stan Getz & The Oscar Peterson Trio' se lanza en Verve Vault"},{"@type":"BreadcrumbList","@id":"https:\/\/web.consaguirre.com.ar\/noticias\/stan-getz-the-oscar-peterson-trio-se-lanza-en-verve-vault\/#breadcrumb","itemListElement":[{"@type":"ListItem","position":1,"name":"Inicio","item":"https:\/\/web.consaguirre.com.ar\/noticias\/"},{"@type":"ListItem","position":2,"name":"&#8216;Stan Getz &#038; The Oscar Peterson Trio&#8217; se lanza en Verve Vault"}]},{"@type":"WebSite","@id":"https:\/\/web.consaguirre.com.ar\/noticias\/#website","url":"https:\/\/web.consaguirre.com.ar\/noticias\/","name":"Conservatorio de M\u00fasica Juli\u00e1n Aguirre","description":"","publisher":{"@id":"https:\/\/web.consaguirre.com.ar\/noticias\/#organization"},"potentialAction":[{"@type":"SearchAction","target":{"@type":"EntryPoint","urlTemplate":"https:\/\/web.consaguirre.com.ar\/noticias\/?s={search_term_string}"},"query-input":"required name=search_term_string"}],"inLanguage":"es-AR"},{"@type":"Organization","@id":"https:\/\/web.consaguirre.com.ar\/noticias\/#organization","name":"Conservatorio de M\u00fasica Juli\u00e1n Aguirre","url":"https:\/\/web.consaguirre.com.ar\/noticias\/","logo":{"@type":"ImageObject","inLanguage":"es-AR","@id":"https:\/\/web.consaguirre.com.ar\/noticias\/#\/schema\/logo\/image\/","url":"https:\/\/web.consaguirre.com.ar\/noticias\/wp-content\/uploads\/2024\/08\/Banner-Aguirre-23.jpg","contentUrl":"https:\/\/web.consaguirre.com.ar\/noticias\/wp-content\/uploads\/2024\/08\/Banner-Aguirre-23.jpg","width":1192,"height":600,"caption":"Conservatorio de M\u00fasica Juli\u00e1n Aguirre"},"image":{"@id":"https:\/\/web.consaguirre.com.ar\/noticias\/#\/schema\/logo\/image\/"}},{"@type":"Person","@id":"https:\/\/web.consaguirre.com.ar\/noticias\/#\/schema\/person\/6558b0cfedee7ddc5425602b237d5722","name":"Javier Figueroa","image":{"@type":"ImageObject","inLanguage":"es-AR","@id":"https:\/\/web.consaguirre.com.ar\/noticias\/#\/schema\/person\/image\/","url":"https:\/\/web.consaguirre.com.ar\/noticias\/wp-content\/uploads\/2024\/08\/Consaguirre-scaled.jpg","contentUrl":"https:\/\/web.consaguirre.com.ar\/noticias\/wp-content\/uploads\/2024\/08\/Consaguirre-scaled.jpg","caption":"Javier Figueroa"},"description":"Me llamo Javier Figueroa y soy redactor para el sitio oficial del Conservatorio de M\u00fasica Juli\u00e1n Aguirre en Buenos Aires, consaguirre.com. Apasionado por la m\u00fasica y la escritura, me esfuerzo por destacar los talentos y eventos de nuestra prestigiosa instituci\u00f3n. Mi trayectoria se nutre de una profunda admiraci\u00f3n por los artistas, haciendo de cada art\u00edculo una celebraci\u00f3n de la creatividad y la cultura musical.","sameAs":["https:\/\/web.consaguirre.com.ar\/noticias"]}]}},"_links":{"self":[{"href":"https:\/\/web.consaguirre.com.ar\/noticias\/wp-json\/wp\/v2\/posts\/4632"}],"collection":[{"href":"https:\/\/web.consaguirre.com.ar\/noticias\/wp-json\/wp\/v2\/posts"}],"about":[{"href":"https:\/\/web.consaguirre.com.ar\/noticias\/wp-json\/wp\/v2\/types\/post"}],"author":[{"embeddable":true,"href":"https:\/\/web.consaguirre.com.ar\/noticias\/wp-json\/wp\/v2\/users\/1"}],"replies":[{"embeddable":true,"href":"https:\/\/web.consaguirre.com.ar\/noticias\/wp-json\/wp\/v2\/comments?post=4632"}],"version-history":[{"count":1,"href":"https:\/\/web.consaguirre.com.ar\/noticias\/wp-json\/wp\/v2\/posts\/4632\/revisions"}],"predecessor-version":[{"id":4634,"href":"https:\/\/web.consaguirre.com.ar\/noticias\/wp-json\/wp\/v2\/posts\/4632\/revisions\/4634"}],"wp:featuredmedia":[{"embeddable":true,"href":"https:\/\/web.consaguirre.com.ar\/noticias\/wp-json\/wp\/v2\/media\/4633"}],"wp:attachment":[{"href":"https:\/\/web.consaguirre.com.ar\/noticias\/wp-json\/wp\/v2\/media?parent=4632"}],"wp:term":[{"taxonomy":"category","embeddable":true,"href":"https:\/\/web.consaguirre.com.ar\/noticias\/wp-json\/wp\/v2\/categories?post=4632"},{"taxonomy":"post_tag","embeddable":true,"href":"https:\/\/web.consaguirre.com.ar\/noticias\/wp-json\/wp\/v2\/tags?post=4632"}],"curies":[{"name":"wp","href":"https:\/\/api.w.org\/{rel}","templated":true}]}}