{"id":4629,"date":"2025-12-15T23:40:48","date_gmt":"2025-12-16T02:40:48","guid":{"rendered":"https:\/\/web.consaguirre.com.ar\/noticias\/blue-note-reedita-el-eminente-jay-jay-johnson-vol-2\/"},"modified":"2025-12-15T23:40:49","modified_gmt":"2025-12-16T02:40:49","slug":"blue-note-reedita-el-eminente-jay-jay-johnson-vol-2","status":"publish","type":"post","link":"https:\/\/web.consaguirre.com.ar\/noticias\/blue-note-reedita-el-eminente-jay-jay-johnson-vol-2\/","title":{"rendered":"Blue Note reedita &#8216;El eminente Jay Jay Johnson vol. 2&#8217;"},"content":{"rendered":"<p>La colecci\u00f3n de J.J. Johnson <em>El eminente Jay Jay Johnson, vol. 2<\/em> se relanzar\u00e1 como t\u00edtulo de febrero de 2026 en la serie Classic Vinyl Reissue de Blue Note Records. La compilaci\u00f3n presenta m\u00fasica bebop grabada en sesiones entre 1953 y 1955. Esta edici\u00f3n de vinilo cl\u00e1sica de Blue Note es mono, totalmente anal\u00f3gica, masterizada por Kevin Gray y prensada en vinilo de 180 g en Optimal.<\/p>\n<p>La traducci\u00f3n de JJ Johnson del bebop al tromb\u00f3n se gan\u00f3 la admiraci\u00f3n de Fats Navarro, Dizzy Gillespie y Charlie Parker. Despu\u00e9s de aparecer en la primera sesi\u00f3n de Blue Note de Miles Davis (posteriormente publicada como <em>Miles Davis &#8211; Joven con cuerno<\/em>) en 1952, el fundador de Blue Note, Alfred Lion, le dio a Johnson la oportunidad de dirigir varias de sus propias fechas, incluido un concierto de sexteto en junio de 1953 con el trompetista Clifford Brown, el saxofonista Jimmy Heath, el pianista John Lewis, el bajista Percy Heath y el baterista Kenny Clarke; una fecha de quinteto en septiembre de 1954 con Wynton Kelly al piano, Charles Mingus al bajo, el conguero Sabu Mart\u00ednez y Clarke a la bater\u00eda; y una cita con un quinteto en junio de 1955 con Hank Mobley al saxof\u00f3n tenor, Horace Silver al piano, Paul Chambers al bajo y Clarke una vez m\u00e1s a la bater\u00eda.<\/p>\n<p>Estas tres maravillosas sesiones est\u00e1n recopiladas en <em>El eminente Jay Jay Johnson, vol. 2<\/em>que incluye est\u00e1ndares como \u201cPennies From Heaven\u201d y \u201cIt Could Happen To You\u201d, as\u00ed como originales de Johnson como \u201cTurnpike\u201d, \u201c&#8217;Daylie&#8217; Double\u201d y \u201cGroovin&#8217;\u201d.<\/p>\n<p>En 1956, Blue Note pas\u00f3 del LP de 10\u201d al de 12\u201d y comenz\u00f3 la Serie 1500, lanzando dos colecciones ampliadas de las grabaciones del trombonista, incluyendo <em>El eminente Jay Jay Johnson, vol. 2<\/em> (BLP 1506).<\/p>\n<p>A principios de este a\u00f1o, la colaboraci\u00f3n de Johnson en 1960 con su colega trombonista Kai Winding, <em>El gran Kai y JJ<\/em>fue reeditado como parte de la serie Acoustic Sounds totalmente anal\u00f3gica de Verve. \u00a1Fue notablemente el primer lanzamiento del hist\u00f3rico sello de jazz Impulse! Archivos.<\/p>\n<p><b>Compre ahora la serie Blue Note Classic Vinyl.<\/b><\/p>\n","protected":false},"excerpt":{"rendered":"<p>La colecci\u00f3n de J.J. Johnson El eminente Jay Jay Johnson, vol. 2 se relanzar\u00e1 como t\u00edtulo de febrero de 2026 en la serie Classic Vinyl<\/p>\n","protected":false},"author":1,"featured_media":4630,"comment_status":"closed","ping_status":"","sticky":false,"template":"","format":"standard","meta":{"footnotes":""},"categories":[50],"tags":[498,3645,3646,1608,1238,95,1898],"class_list":["post-4629","post","type-post","status-publish","format-standard","has-post-thumbnail","hentry","category-el-ultimo","tag-blue","tag-eminente","tag-jay","tag-johnson","tag-note","tag-reedita","tag-vol","generate-columns","tablet-grid-50","mobile-grid-100","grid-parent","grid-50"],"yoast_head":"<!-- This site is optimized with the Yoast SEO plugin v23.3 - https:\/\/yoast.com\/wordpress\/plugins\/seo\/ -->\n<title>Blue Note reedita &#039;El eminente Jay Jay Johnson vol. 2&#039;<\/title>\n<meta name=\"robots\" content=\"index, follow, max-snippet:-1, max-image-preview:large, max-video-preview:-1\" \/>\n<link rel=\"canonical\" href=\"https:\/\/web.consaguirre.com.ar\/noticias\/blue-note-reedita-el-eminente-jay-jay-johnson-vol-2\/\" \/>\n<meta property=\"og:locale\" content=\"es_ES\" \/>\n<meta property=\"og:type\" content=\"article\" \/>\n<meta property=\"og:title\" content=\"Blue Note reedita &#039;El eminente Jay Jay Johnson vol. 2&#039;\" \/>\n<meta property=\"og:description\" content=\"La colecci\u00f3n de J.J. Johnson El eminente Jay Jay Johnson, vol. 2 se relanzar\u00e1 como t\u00edtulo de febrero de 2026 en la serie Classic Vinyl\" \/>\n<meta property=\"og:url\" content=\"https:\/\/web.consaguirre.com.ar\/noticias\/blue-note-reedita-el-eminente-jay-jay-johnson-vol-2\/\" \/>\n<meta property=\"og:site_name\" content=\"Conservatorio de M\u00fasica Juli\u00e1n Aguirre\" \/>\n<meta property=\"article:published_time\" content=\"2025-12-16T02:40:48+00:00\" \/>\n<meta property=\"article:modified_time\" content=\"2025-12-16T02:40:49+00:00\" \/>\n<meta property=\"og:image\" content=\"https:\/\/web.consaguirre.com.ar\/noticias\/wp-content\/uploads\/2025\/12\/Blue-Note-reedita-El-eminente-Jay-Jay-Johnson-vol-2.jpg\" \/>\n\t<meta property=\"og:image:width\" content=\"820\" \/>\n\t<meta property=\"og:image:height\" content=\"820\" \/>\n\t<meta property=\"og:image:type\" content=\"image\/jpeg\" \/>\n<meta name=\"author\" content=\"Javier Figueroa\" \/>\n<meta name=\"twitter:card\" content=\"summary_large_image\" \/>\n<meta name=\"twitter:label1\" content=\"Escrito por\" \/>\n\t<meta name=\"twitter:data1\" content=\"Javier Figueroa\" \/>\n\t<meta name=\"twitter:label2\" content=\"Tiempo de lectura\" \/>\n\t<meta name=\"twitter:data2\" content=\"2 minutos\" \/>\n<script type=\"application\/ld+json\" class=\"yoast-schema-graph\">{\"@context\":\"https:\/\/schema.org\",\"@graph\":[{\"@type\":\"Article\",\"@id\":\"https:\/\/web.consaguirre.com.ar\/noticias\/blue-note-reedita-el-eminente-jay-jay-johnson-vol-2\/#article\",\"isPartOf\":{\"@id\":\"https:\/\/web.consaguirre.com.ar\/noticias\/blue-note-reedita-el-eminente-jay-jay-johnson-vol-2\/\"},\"author\":{\"name\":\"Javier Figueroa\",\"@id\":\"https:\/\/web.consaguirre.com.ar\/noticias\/#\/schema\/person\/6558b0cfedee7ddc5425602b237d5722\"},\"headline\":\"Blue Note reedita &#8216;El eminente Jay Jay Johnson vol. 2&#8217;\",\"datePublished\":\"2025-12-16T02:40:48+00:00\",\"dateModified\":\"2025-12-16T02:40:49+00:00\",\"mainEntityOfPage\":{\"@id\":\"https:\/\/web.consaguirre.com.ar\/noticias\/blue-note-reedita-el-eminente-jay-jay-johnson-vol-2\/\"},\"wordCount\":365,\"publisher\":{\"@id\":\"https:\/\/web.consaguirre.com.ar\/noticias\/#organization\"},\"image\":{\"@id\":\"https:\/\/web.consaguirre.com.ar\/noticias\/blue-note-reedita-el-eminente-jay-jay-johnson-vol-2\/#primaryimage\"},\"thumbnailUrl\":\"https:\/\/web.consaguirre.com.ar\/noticias\/wp-content\/uploads\/2025\/12\/Blue-Note-reedita-El-eminente-Jay-Jay-Johnson-vol-2.jpg\",\"keywords\":[\"Blue\",\"eminente\",\"Jay\",\"Johnson\",\"Note\",\"reedita\",\"Vol\"],\"articleSection\":[\"El \u00faltimo\"],\"inLanguage\":\"es-AR\"},{\"@type\":\"WebPage\",\"@id\":\"https:\/\/web.consaguirre.com.ar\/noticias\/blue-note-reedita-el-eminente-jay-jay-johnson-vol-2\/\",\"url\":\"https:\/\/web.consaguirre.com.ar\/noticias\/blue-note-reedita-el-eminente-jay-jay-johnson-vol-2\/\",\"name\":\"Blue Note reedita 'El eminente Jay Jay Johnson vol. 2'\",\"isPartOf\":{\"@id\":\"https:\/\/web.consaguirre.com.ar\/noticias\/#website\"},\"primaryImageOfPage\":{\"@id\":\"https:\/\/web.consaguirre.com.ar\/noticias\/blue-note-reedita-el-eminente-jay-jay-johnson-vol-2\/#primaryimage\"},\"image\":{\"@id\":\"https:\/\/web.consaguirre.com.ar\/noticias\/blue-note-reedita-el-eminente-jay-jay-johnson-vol-2\/#primaryimage\"},\"thumbnailUrl\":\"https:\/\/web.consaguirre.com.ar\/noticias\/wp-content\/uploads\/2025\/12\/Blue-Note-reedita-El-eminente-Jay-Jay-Johnson-vol-2.jpg\",\"datePublished\":\"2025-12-16T02:40:48+00:00\",\"dateModified\":\"2025-12-16T02:40:49+00:00\",\"breadcrumb\":{\"@id\":\"https:\/\/web.consaguirre.com.ar\/noticias\/blue-note-reedita-el-eminente-jay-jay-johnson-vol-2\/#breadcrumb\"},\"inLanguage\":\"es-AR\",\"potentialAction\":[{\"@type\":\"ReadAction\",\"target\":[\"https:\/\/web.consaguirre.com.ar\/noticias\/blue-note-reedita-el-eminente-jay-jay-johnson-vol-2\/\"]}]},{\"@type\":\"ImageObject\",\"inLanguage\":\"es-AR\",\"@id\":\"https:\/\/web.consaguirre.com.ar\/noticias\/blue-note-reedita-el-eminente-jay-jay-johnson-vol-2\/#primaryimage\",\"url\":\"https:\/\/web.consaguirre.com.ar\/noticias\/wp-content\/uploads\/2025\/12\/Blue-Note-reedita-El-eminente-Jay-Jay-Johnson-vol-2.jpg\",\"contentUrl\":\"https:\/\/web.consaguirre.com.ar\/noticias\/wp-content\/uploads\/2025\/12\/Blue-Note-reedita-El-eminente-Jay-Jay-Johnson-vol-2.jpg\",\"width\":820,\"height\":820,\"caption\":\"Blue Note reedita 'El eminente Jay Jay Johnson vol. 2'\"},{\"@type\":\"BreadcrumbList\",\"@id\":\"https:\/\/web.consaguirre.com.ar\/noticias\/blue-note-reedita-el-eminente-jay-jay-johnson-vol-2\/#breadcrumb\",\"itemListElement\":[{\"@type\":\"ListItem\",\"position\":1,\"name\":\"Inicio\",\"item\":\"https:\/\/web.consaguirre.com.ar\/noticias\/\"},{\"@type\":\"ListItem\",\"position\":2,\"name\":\"Blue Note reedita &#8216;El eminente Jay Jay Johnson vol. 2&#8217;\"}]},{\"@type\":\"WebSite\",\"@id\":\"https:\/\/web.consaguirre.com.ar\/noticias\/#website\",\"url\":\"https:\/\/web.consaguirre.com.ar\/noticias\/\",\"name\":\"Conservatorio de M\u00fasica Juli\u00e1n Aguirre\",\"description\":\"\",\"publisher\":{\"@id\":\"https:\/\/web.consaguirre.com.ar\/noticias\/#organization\"},\"potentialAction\":[{\"@type\":\"SearchAction\",\"target\":{\"@type\":\"EntryPoint\",\"urlTemplate\":\"https:\/\/web.consaguirre.com.ar\/noticias\/?s={search_term_string}\"},\"query-input\":\"required name=search_term_string\"}],\"inLanguage\":\"es-AR\"},{\"@type\":\"Organization\",\"@id\":\"https:\/\/web.consaguirre.com.ar\/noticias\/#organization\",\"name\":\"Conservatorio de M\u00fasica Juli\u00e1n Aguirre\",\"url\":\"https:\/\/web.consaguirre.com.ar\/noticias\/\",\"logo\":{\"@type\":\"ImageObject\",\"inLanguage\":\"es-AR\",\"@id\":\"https:\/\/web.consaguirre.com.ar\/noticias\/#\/schema\/logo\/image\/\",\"url\":\"https:\/\/web.consaguirre.com.ar\/noticias\/wp-content\/uploads\/2024\/08\/Banner-Aguirre-23.jpg\",\"contentUrl\":\"https:\/\/web.consaguirre.com.ar\/noticias\/wp-content\/uploads\/2024\/08\/Banner-Aguirre-23.jpg\",\"width\":1192,\"height\":600,\"caption\":\"Conservatorio de M\u00fasica Juli\u00e1n Aguirre\"},\"image\":{\"@id\":\"https:\/\/web.consaguirre.com.ar\/noticias\/#\/schema\/logo\/image\/\"}},{\"@type\":\"Person\",\"@id\":\"https:\/\/web.consaguirre.com.ar\/noticias\/#\/schema\/person\/6558b0cfedee7ddc5425602b237d5722\",\"name\":\"Javier Figueroa\",\"image\":{\"@type\":\"ImageObject\",\"inLanguage\":\"es-AR\",\"@id\":\"https:\/\/web.consaguirre.com.ar\/noticias\/#\/schema\/person\/image\/\",\"url\":\"https:\/\/web.consaguirre.com.ar\/noticias\/wp-content\/uploads\/2024\/08\/Consaguirre-scaled.jpg\",\"contentUrl\":\"https:\/\/web.consaguirre.com.ar\/noticias\/wp-content\/uploads\/2024\/08\/Consaguirre-scaled.jpg\",\"caption\":\"Javier Figueroa\"},\"description\":\"Me llamo Javier Figueroa y soy redactor para el sitio oficial del Conservatorio de M\u00fasica Juli\u00e1n Aguirre en Buenos Aires, consaguirre.com. Apasionado por la m\u00fasica y la escritura, me esfuerzo por destacar los talentos y eventos de nuestra prestigiosa instituci\u00f3n. Mi trayectoria se nutre de una profunda admiraci\u00f3n por los artistas, haciendo de cada art\u00edculo una celebraci\u00f3n de la creatividad y la cultura musical.\",\"sameAs\":[\"https:\/\/web.consaguirre.com.ar\/noticias\"]}]}<\/script>\n<!-- \/ Yoast SEO plugin. -->","yoast_head_json":{"title":"Blue Note reedita 'El eminente Jay Jay Johnson vol. 2'","robots":{"index":"index","follow":"follow","max-snippet":"max-snippet:-1","max-image-preview":"max-image-preview:large","max-video-preview":"max-video-preview:-1"},"canonical":"https:\/\/web.consaguirre.com.ar\/noticias\/blue-note-reedita-el-eminente-jay-jay-johnson-vol-2\/","og_locale":"es_ES","og_type":"article","og_title":"Blue Note reedita 'El eminente Jay Jay Johnson vol. 2'","og_description":"La colecci\u00f3n de J.J. Johnson El eminente Jay Jay Johnson, vol. 2 se relanzar\u00e1 como t\u00edtulo de febrero de 2026 en la serie Classic Vinyl","og_url":"https:\/\/web.consaguirre.com.ar\/noticias\/blue-note-reedita-el-eminente-jay-jay-johnson-vol-2\/","og_site_name":"Conservatorio de M\u00fasica Juli\u00e1n Aguirre","article_published_time":"2025-12-16T02:40:48+00:00","article_modified_time":"2025-12-16T02:40:49+00:00","og_image":[{"width":820,"height":820,"url":"https:\/\/web.consaguirre.com.ar\/noticias\/wp-content\/uploads\/2025\/12\/Blue-Note-reedita-El-eminente-Jay-Jay-Johnson-vol-2.jpg","type":"image\/jpeg"}],"author":"Javier Figueroa","twitter_card":"summary_large_image","twitter_misc":{"Escrito por":"Javier Figueroa","Tiempo de lectura":"2 minutos"},"schema":{"@context":"https:\/\/schema.org","@graph":[{"@type":"Article","@id":"https:\/\/web.consaguirre.com.ar\/noticias\/blue-note-reedita-el-eminente-jay-jay-johnson-vol-2\/#article","isPartOf":{"@id":"https:\/\/web.consaguirre.com.ar\/noticias\/blue-note-reedita-el-eminente-jay-jay-johnson-vol-2\/"},"author":{"name":"Javier Figueroa","@id":"https:\/\/web.consaguirre.com.ar\/noticias\/#\/schema\/person\/6558b0cfedee7ddc5425602b237d5722"},"headline":"Blue Note reedita &#8216;El eminente Jay Jay Johnson vol. 2&#8217;","datePublished":"2025-12-16T02:40:48+00:00","dateModified":"2025-12-16T02:40:49+00:00","mainEntityOfPage":{"@id":"https:\/\/web.consaguirre.com.ar\/noticias\/blue-note-reedita-el-eminente-jay-jay-johnson-vol-2\/"},"wordCount":365,"publisher":{"@id":"https:\/\/web.consaguirre.com.ar\/noticias\/#organization"},"image":{"@id":"https:\/\/web.consaguirre.com.ar\/noticias\/blue-note-reedita-el-eminente-jay-jay-johnson-vol-2\/#primaryimage"},"thumbnailUrl":"https:\/\/web.consaguirre.com.ar\/noticias\/wp-content\/uploads\/2025\/12\/Blue-Note-reedita-El-eminente-Jay-Jay-Johnson-vol-2.jpg","keywords":["Blue","eminente","Jay","Johnson","Note","reedita","Vol"],"articleSection":["El \u00faltimo"],"inLanguage":"es-AR"},{"@type":"WebPage","@id":"https:\/\/web.consaguirre.com.ar\/noticias\/blue-note-reedita-el-eminente-jay-jay-johnson-vol-2\/","url":"https:\/\/web.consaguirre.com.ar\/noticias\/blue-note-reedita-el-eminente-jay-jay-johnson-vol-2\/","name":"Blue Note reedita 'El eminente Jay Jay Johnson vol. 2'","isPartOf":{"@id":"https:\/\/web.consaguirre.com.ar\/noticias\/#website"},"primaryImageOfPage":{"@id":"https:\/\/web.consaguirre.com.ar\/noticias\/blue-note-reedita-el-eminente-jay-jay-johnson-vol-2\/#primaryimage"},"image":{"@id":"https:\/\/web.consaguirre.com.ar\/noticias\/blue-note-reedita-el-eminente-jay-jay-johnson-vol-2\/#primaryimage"},"thumbnailUrl":"https:\/\/web.consaguirre.com.ar\/noticias\/wp-content\/uploads\/2025\/12\/Blue-Note-reedita-El-eminente-Jay-Jay-Johnson-vol-2.jpg","datePublished":"2025-12-16T02:40:48+00:00","dateModified":"2025-12-16T02:40:49+00:00","breadcrumb":{"@id":"https:\/\/web.consaguirre.com.ar\/noticias\/blue-note-reedita-el-eminente-jay-jay-johnson-vol-2\/#breadcrumb"},"inLanguage":"es-AR","potentialAction":[{"@type":"ReadAction","target":["https:\/\/web.consaguirre.com.ar\/noticias\/blue-note-reedita-el-eminente-jay-jay-johnson-vol-2\/"]}]},{"@type":"ImageObject","inLanguage":"es-AR","@id":"https:\/\/web.consaguirre.com.ar\/noticias\/blue-note-reedita-el-eminente-jay-jay-johnson-vol-2\/#primaryimage","url":"https:\/\/web.consaguirre.com.ar\/noticias\/wp-content\/uploads\/2025\/12\/Blue-Note-reedita-El-eminente-Jay-Jay-Johnson-vol-2.jpg","contentUrl":"https:\/\/web.consaguirre.com.ar\/noticias\/wp-content\/uploads\/2025\/12\/Blue-Note-reedita-El-eminente-Jay-Jay-Johnson-vol-2.jpg","width":820,"height":820,"caption":"Blue Note reedita 'El eminente Jay Jay Johnson vol. 2'"},{"@type":"BreadcrumbList","@id":"https:\/\/web.consaguirre.com.ar\/noticias\/blue-note-reedita-el-eminente-jay-jay-johnson-vol-2\/#breadcrumb","itemListElement":[{"@type":"ListItem","position":1,"name":"Inicio","item":"https:\/\/web.consaguirre.com.ar\/noticias\/"},{"@type":"ListItem","position":2,"name":"Blue Note reedita &#8216;El eminente Jay Jay Johnson vol. 2&#8217;"}]},{"@type":"WebSite","@id":"https:\/\/web.consaguirre.com.ar\/noticias\/#website","url":"https:\/\/web.consaguirre.com.ar\/noticias\/","name":"Conservatorio de M\u00fasica Juli\u00e1n Aguirre","description":"","publisher":{"@id":"https:\/\/web.consaguirre.com.ar\/noticias\/#organization"},"potentialAction":[{"@type":"SearchAction","target":{"@type":"EntryPoint","urlTemplate":"https:\/\/web.consaguirre.com.ar\/noticias\/?s={search_term_string}"},"query-input":"required name=search_term_string"}],"inLanguage":"es-AR"},{"@type":"Organization","@id":"https:\/\/web.consaguirre.com.ar\/noticias\/#organization","name":"Conservatorio de M\u00fasica Juli\u00e1n Aguirre","url":"https:\/\/web.consaguirre.com.ar\/noticias\/","logo":{"@type":"ImageObject","inLanguage":"es-AR","@id":"https:\/\/web.consaguirre.com.ar\/noticias\/#\/schema\/logo\/image\/","url":"https:\/\/web.consaguirre.com.ar\/noticias\/wp-content\/uploads\/2024\/08\/Banner-Aguirre-23.jpg","contentUrl":"https:\/\/web.consaguirre.com.ar\/noticias\/wp-content\/uploads\/2024\/08\/Banner-Aguirre-23.jpg","width":1192,"height":600,"caption":"Conservatorio de M\u00fasica Juli\u00e1n Aguirre"},"image":{"@id":"https:\/\/web.consaguirre.com.ar\/noticias\/#\/schema\/logo\/image\/"}},{"@type":"Person","@id":"https:\/\/web.consaguirre.com.ar\/noticias\/#\/schema\/person\/6558b0cfedee7ddc5425602b237d5722","name":"Javier Figueroa","image":{"@type":"ImageObject","inLanguage":"es-AR","@id":"https:\/\/web.consaguirre.com.ar\/noticias\/#\/schema\/person\/image\/","url":"https:\/\/web.consaguirre.com.ar\/noticias\/wp-content\/uploads\/2024\/08\/Consaguirre-scaled.jpg","contentUrl":"https:\/\/web.consaguirre.com.ar\/noticias\/wp-content\/uploads\/2024\/08\/Consaguirre-scaled.jpg","caption":"Javier Figueroa"},"description":"Me llamo Javier Figueroa y soy redactor para el sitio oficial del Conservatorio de M\u00fasica Juli\u00e1n Aguirre en Buenos Aires, consaguirre.com. Apasionado por la m\u00fasica y la escritura, me esfuerzo por destacar los talentos y eventos de nuestra prestigiosa instituci\u00f3n. Mi trayectoria se nutre de una profunda admiraci\u00f3n por los artistas, haciendo de cada art\u00edculo una celebraci\u00f3n de la creatividad y la cultura musical.","sameAs":["https:\/\/web.consaguirre.com.ar\/noticias"]}]}},"_links":{"self":[{"href":"https:\/\/web.consaguirre.com.ar\/noticias\/wp-json\/wp\/v2\/posts\/4629"}],"collection":[{"href":"https:\/\/web.consaguirre.com.ar\/noticias\/wp-json\/wp\/v2\/posts"}],"about":[{"href":"https:\/\/web.consaguirre.com.ar\/noticias\/wp-json\/wp\/v2\/types\/post"}],"author":[{"embeddable":true,"href":"https:\/\/web.consaguirre.com.ar\/noticias\/wp-json\/wp\/v2\/users\/1"}],"replies":[{"embeddable":true,"href":"https:\/\/web.consaguirre.com.ar\/noticias\/wp-json\/wp\/v2\/comments?post=4629"}],"version-history":[{"count":1,"href":"https:\/\/web.consaguirre.com.ar\/noticias\/wp-json\/wp\/v2\/posts\/4629\/revisions"}],"predecessor-version":[{"id":4631,"href":"https:\/\/web.consaguirre.com.ar\/noticias\/wp-json\/wp\/v2\/posts\/4629\/revisions\/4631"}],"wp:featuredmedia":[{"embeddable":true,"href":"https:\/\/web.consaguirre.com.ar\/noticias\/wp-json\/wp\/v2\/media\/4630"}],"wp:attachment":[{"href":"https:\/\/web.consaguirre.com.ar\/noticias\/wp-json\/wp\/v2\/media?parent=4629"}],"wp:term":[{"taxonomy":"category","embeddable":true,"href":"https:\/\/web.consaguirre.com.ar\/noticias\/wp-json\/wp\/v2\/categories?post=4629"},{"taxonomy":"post_tag","embeddable":true,"href":"https:\/\/web.consaguirre.com.ar\/noticias\/wp-json\/wp\/v2\/tags?post=4629"}],"curies":[{"name":"wp","href":"https:\/\/api.w.org\/{rel}","templated":true}]}}