{"id":4617,"date":"2025-12-15T11:40:18","date_gmt":"2025-12-15T14:40:18","guid":{"rendered":"https:\/\/web.consaguirre.com.ar\/noticias\/brass-trio-de-sonny-rollins-se-une-a-la-serie-verve-vault\/"},"modified":"2025-12-15T11:40:19","modified_gmt":"2025-12-15T14:40:19","slug":"brass-trio-de-sonny-rollins-se-une-a-la-serie-verve-vault","status":"publish","type":"post","link":"https:\/\/web.consaguirre.com.ar\/noticias\/brass-trio-de-sonny-rollins-se-une-a-la-serie-verve-vault\/","title":{"rendered":"&#8216;Brass\/Trio&#8217; de Sonny Rollins se une a la serie Verve Vault"},"content":{"rendered":"<p><em>Lat\u00f3n\/Tr\u00edo<\/em>lanzado originalmente en 1958 en Verve Records, es una declaraci\u00f3n inusual de dos caras del saxofonista Sonny Rollins: combinando una sesi\u00f3n completa de conjunto de metales en un lado con un tr\u00edo de saxofones simplificado en el otro. El \u00e1lbum se reeditar\u00e1 en vinilo totalmente anal\u00f3gico de 180 gramos en febrero de 2026, como parte de la serie Verve Vault.<\/p>\n<p>La primera mitad presenta a Rollins con un conjunto de metales arreglado y dirigido por Ernie Wilkins, grabado en Nueva York en julio de 1958. La formaci\u00f3n incluye al trompetista Harry \u201cSweets\u201d Edison, los trombonistas JJ Johnson y Jimmy Cleveland, y el tuba Don Butterfield, apoyado por una secci\u00f3n r\u00edtmica del pianista Dick Katz, el guitarrista Rene Thomas, el bajista Henry Grimes y el baterista Roy Haynes. Juntos, proporcionan un tel\u00f3n de fondo arm\u00f3nicamente rico para Rollins en temas como \u201cWho Cares?\u201d y &#8220;El amor es algo simple&#8221;.<\/p>\n<p>La segunda mitad se grab\u00f3 d\u00edas despu\u00e9s en Los \u00c1ngeles con el bajista Henry Grimes y el baterista Specs Wright, un tr\u00edo sencillo que enfatiza el dominio r\u00edtmico y la elasticidad mel\u00f3dica de Rollins. Temas como \u201cRaincheck\u201d, \u201cMy One and Only Love\u201d y \u201cJust in Time\u201d muestran su capacidad para moverse sin esfuerzo entre la interpretaci\u00f3n de baladas y la improvisaci\u00f3n flotante.<\/p>\n<p>La serie Verve Vault presenta reediciones en vinilo totalmente anal\u00f3gico de 180 gramos de \u00e1lbumes esenciales de Verve, Impulse!, Mercury y cat\u00e1logos asociados. Masterizado por Ryan K. Smith a partir de las cintas anal\u00f3gicas originales y prensado en Optimal, cada lanzamiento combina una fidelidad de audio excepcional con una atenci\u00f3n meticulosa al detalle, desde la masterizaci\u00f3n hasta la reproducci\u00f3n de la cubierta. La serie se centra tanto en t\u00edtulos ic\u00f3nicos como en joyas pasadas por alto desde los a\u00f1os cincuenta hasta los setenta. Los lanzamientos anteriores de la serie incluyen <em>Sonny lado arriba<\/em> por Dizzy Gillespie y <em>El compositor de obras desafinadas<\/em> Por Antonio Carlos Jobim.<\/p>\n<p><b>Compra la serie Verve Vault en vinilo ahora.<\/b><\/p>\n","protected":false},"excerpt":{"rendered":"<p>Lat\u00f3n\/Tr\u00edolanzado originalmente en 1958 en Verve Records, es una declaraci\u00f3n inusual de dos caras del saxofonista Sonny Rollins: combinando una sesi\u00f3n completa de conjunto de<\/p>\n","protected":false},"author":1,"featured_media":4618,"comment_status":"closed","ping_status":"","sticky":false,"template":"","format":"standard","meta":{"footnotes":""},"categories":[50],"tags":[3639,1501,220,1500,455,718,1182],"class_list":["post-4617","post","type-post","status-publish","format-standard","has-post-thumbnail","hentry","category-el-ultimo","tag-brasstrio","tag-rollins","tag-serie","tag-sonny","tag-une","tag-vault","tag-verve","generate-columns","tablet-grid-50","mobile-grid-100","grid-parent","grid-50"],"yoast_head":"<!-- This site is optimized with the Yoast SEO plugin v23.3 - https:\/\/yoast.com\/wordpress\/plugins\/seo\/ -->\n<title>&#039;Brass\/Trio&#039; de Sonny Rollins se une a la serie Verve Vault<\/title>\n<meta name=\"robots\" content=\"index, follow, max-snippet:-1, max-image-preview:large, max-video-preview:-1\" \/>\n<link rel=\"canonical\" href=\"https:\/\/web.consaguirre.com.ar\/noticias\/brass-trio-de-sonny-rollins-se-une-a-la-serie-verve-vault\/\" \/>\n<meta property=\"og:locale\" content=\"es_ES\" \/>\n<meta property=\"og:type\" content=\"article\" \/>\n<meta property=\"og:title\" content=\"&#039;Brass\/Trio&#039; de Sonny Rollins se une a la serie Verve Vault\" \/>\n<meta property=\"og:description\" content=\"Lat\u00f3n\/Tr\u00edolanzado originalmente en 1958 en Verve Records, es una declaraci\u00f3n inusual de dos caras del saxofonista Sonny Rollins: combinando una sesi\u00f3n completa de conjunto de\" \/>\n<meta property=\"og:url\" content=\"https:\/\/web.consaguirre.com.ar\/noticias\/brass-trio-de-sonny-rollins-se-une-a-la-serie-verve-vault\/\" \/>\n<meta property=\"og:site_name\" content=\"Conservatorio de M\u00fasica Juli\u00e1n Aguirre\" \/>\n<meta property=\"article:published_time\" content=\"2025-12-15T14:40:18+00:00\" \/>\n<meta property=\"article:modified_time\" content=\"2025-12-15T14:40:19+00:00\" \/>\n<meta property=\"og:image\" content=\"https:\/\/web.consaguirre.com.ar\/noticias\/wp-content\/uploads\/2025\/12\/BrassTrio-de-Sonny-Rollins-se-une-a-la-serie-Verve.jpg\" \/>\n\t<meta property=\"og:image:width\" content=\"820\" \/>\n\t<meta property=\"og:image:height\" content=\"820\" \/>\n\t<meta property=\"og:image:type\" content=\"image\/jpeg\" \/>\n<meta name=\"author\" content=\"Javier Figueroa\" \/>\n<meta name=\"twitter:card\" content=\"summary_large_image\" \/>\n<meta name=\"twitter:label1\" content=\"Escrito por\" \/>\n\t<meta name=\"twitter:data1\" content=\"Javier Figueroa\" \/>\n\t<meta name=\"twitter:label2\" content=\"Tiempo de lectura\" \/>\n\t<meta name=\"twitter:data2\" content=\"2 minutos\" \/>\n<script type=\"application\/ld+json\" class=\"yoast-schema-graph\">{\"@context\":\"https:\/\/schema.org\",\"@graph\":[{\"@type\":\"Article\",\"@id\":\"https:\/\/web.consaguirre.com.ar\/noticias\/brass-trio-de-sonny-rollins-se-une-a-la-serie-verve-vault\/#article\",\"isPartOf\":{\"@id\":\"https:\/\/web.consaguirre.com.ar\/noticias\/brass-trio-de-sonny-rollins-se-une-a-la-serie-verve-vault\/\"},\"author\":{\"name\":\"Javier Figueroa\",\"@id\":\"https:\/\/web.consaguirre.com.ar\/noticias\/#\/schema\/person\/6558b0cfedee7ddc5425602b237d5722\"},\"headline\":\"&#8216;Brass\/Trio&#8217; de Sonny Rollins se une a la serie Verve Vault\",\"datePublished\":\"2025-12-15T14:40:18+00:00\",\"dateModified\":\"2025-12-15T14:40:19+00:00\",\"mainEntityOfPage\":{\"@id\":\"https:\/\/web.consaguirre.com.ar\/noticias\/brass-trio-de-sonny-rollins-se-une-a-la-serie-verve-vault\/\"},\"wordCount\":359,\"publisher\":{\"@id\":\"https:\/\/web.consaguirre.com.ar\/noticias\/#organization\"},\"image\":{\"@id\":\"https:\/\/web.consaguirre.com.ar\/noticias\/brass-trio-de-sonny-rollins-se-une-a-la-serie-verve-vault\/#primaryimage\"},\"thumbnailUrl\":\"https:\/\/web.consaguirre.com.ar\/noticias\/wp-content\/uploads\/2025\/12\/BrassTrio-de-Sonny-Rollins-se-une-a-la-serie-Verve.jpg\",\"keywords\":[\"BrassTrio\",\"Rollins\",\"serie\",\"Sonny\",\"une\",\"Vault\",\"Verve\"],\"articleSection\":[\"El \u00faltimo\"],\"inLanguage\":\"es-AR\"},{\"@type\":\"WebPage\",\"@id\":\"https:\/\/web.consaguirre.com.ar\/noticias\/brass-trio-de-sonny-rollins-se-une-a-la-serie-verve-vault\/\",\"url\":\"https:\/\/web.consaguirre.com.ar\/noticias\/brass-trio-de-sonny-rollins-se-une-a-la-serie-verve-vault\/\",\"name\":\"'Brass\/Trio' de Sonny Rollins se une a la serie Verve Vault\",\"isPartOf\":{\"@id\":\"https:\/\/web.consaguirre.com.ar\/noticias\/#website\"},\"primaryImageOfPage\":{\"@id\":\"https:\/\/web.consaguirre.com.ar\/noticias\/brass-trio-de-sonny-rollins-se-une-a-la-serie-verve-vault\/#primaryimage\"},\"image\":{\"@id\":\"https:\/\/web.consaguirre.com.ar\/noticias\/brass-trio-de-sonny-rollins-se-une-a-la-serie-verve-vault\/#primaryimage\"},\"thumbnailUrl\":\"https:\/\/web.consaguirre.com.ar\/noticias\/wp-content\/uploads\/2025\/12\/BrassTrio-de-Sonny-Rollins-se-une-a-la-serie-Verve.jpg\",\"datePublished\":\"2025-12-15T14:40:18+00:00\",\"dateModified\":\"2025-12-15T14:40:19+00:00\",\"breadcrumb\":{\"@id\":\"https:\/\/web.consaguirre.com.ar\/noticias\/brass-trio-de-sonny-rollins-se-une-a-la-serie-verve-vault\/#breadcrumb\"},\"inLanguage\":\"es-AR\",\"potentialAction\":[{\"@type\":\"ReadAction\",\"target\":[\"https:\/\/web.consaguirre.com.ar\/noticias\/brass-trio-de-sonny-rollins-se-une-a-la-serie-verve-vault\/\"]}]},{\"@type\":\"ImageObject\",\"inLanguage\":\"es-AR\",\"@id\":\"https:\/\/web.consaguirre.com.ar\/noticias\/brass-trio-de-sonny-rollins-se-une-a-la-serie-verve-vault\/#primaryimage\",\"url\":\"https:\/\/web.consaguirre.com.ar\/noticias\/wp-content\/uploads\/2025\/12\/BrassTrio-de-Sonny-Rollins-se-une-a-la-serie-Verve.jpg\",\"contentUrl\":\"https:\/\/web.consaguirre.com.ar\/noticias\/wp-content\/uploads\/2025\/12\/BrassTrio-de-Sonny-Rollins-se-une-a-la-serie-Verve.jpg\",\"width\":820,\"height\":820,\"caption\":\"'Brass\/Trio' de Sonny Rollins se une a la serie Verve Vault\"},{\"@type\":\"BreadcrumbList\",\"@id\":\"https:\/\/web.consaguirre.com.ar\/noticias\/brass-trio-de-sonny-rollins-se-une-a-la-serie-verve-vault\/#breadcrumb\",\"itemListElement\":[{\"@type\":\"ListItem\",\"position\":1,\"name\":\"Inicio\",\"item\":\"https:\/\/web.consaguirre.com.ar\/noticias\/\"},{\"@type\":\"ListItem\",\"position\":2,\"name\":\"&#8216;Brass\/Trio&#8217; de Sonny Rollins se une a la serie Verve Vault\"}]},{\"@type\":\"WebSite\",\"@id\":\"https:\/\/web.consaguirre.com.ar\/noticias\/#website\",\"url\":\"https:\/\/web.consaguirre.com.ar\/noticias\/\",\"name\":\"Conservatorio de M\u00fasica Juli\u00e1n Aguirre\",\"description\":\"\",\"publisher\":{\"@id\":\"https:\/\/web.consaguirre.com.ar\/noticias\/#organization\"},\"potentialAction\":[{\"@type\":\"SearchAction\",\"target\":{\"@type\":\"EntryPoint\",\"urlTemplate\":\"https:\/\/web.consaguirre.com.ar\/noticias\/?s={search_term_string}\"},\"query-input\":\"required name=search_term_string\"}],\"inLanguage\":\"es-AR\"},{\"@type\":\"Organization\",\"@id\":\"https:\/\/web.consaguirre.com.ar\/noticias\/#organization\",\"name\":\"Conservatorio de M\u00fasica Juli\u00e1n Aguirre\",\"url\":\"https:\/\/web.consaguirre.com.ar\/noticias\/\",\"logo\":{\"@type\":\"ImageObject\",\"inLanguage\":\"es-AR\",\"@id\":\"https:\/\/web.consaguirre.com.ar\/noticias\/#\/schema\/logo\/image\/\",\"url\":\"https:\/\/web.consaguirre.com.ar\/noticias\/wp-content\/uploads\/2024\/08\/Banner-Aguirre-23.jpg\",\"contentUrl\":\"https:\/\/web.consaguirre.com.ar\/noticias\/wp-content\/uploads\/2024\/08\/Banner-Aguirre-23.jpg\",\"width\":1192,\"height\":600,\"caption\":\"Conservatorio de M\u00fasica Juli\u00e1n Aguirre\"},\"image\":{\"@id\":\"https:\/\/web.consaguirre.com.ar\/noticias\/#\/schema\/logo\/image\/\"}},{\"@type\":\"Person\",\"@id\":\"https:\/\/web.consaguirre.com.ar\/noticias\/#\/schema\/person\/6558b0cfedee7ddc5425602b237d5722\",\"name\":\"Javier Figueroa\",\"image\":{\"@type\":\"ImageObject\",\"inLanguage\":\"es-AR\",\"@id\":\"https:\/\/web.consaguirre.com.ar\/noticias\/#\/schema\/person\/image\/\",\"url\":\"https:\/\/web.consaguirre.com.ar\/noticias\/wp-content\/uploads\/2024\/08\/Consaguirre-scaled.jpg\",\"contentUrl\":\"https:\/\/web.consaguirre.com.ar\/noticias\/wp-content\/uploads\/2024\/08\/Consaguirre-scaled.jpg\",\"caption\":\"Javier Figueroa\"},\"description\":\"Me llamo Javier Figueroa y soy redactor para el sitio oficial del Conservatorio de M\u00fasica Juli\u00e1n Aguirre en Buenos Aires, consaguirre.com. Apasionado por la m\u00fasica y la escritura, me esfuerzo por destacar los talentos y eventos de nuestra prestigiosa instituci\u00f3n. Mi trayectoria se nutre de una profunda admiraci\u00f3n por los artistas, haciendo de cada art\u00edculo una celebraci\u00f3n de la creatividad y la cultura musical.\",\"sameAs\":[\"https:\/\/web.consaguirre.com.ar\/noticias\"]}]}<\/script>\n<!-- \/ Yoast SEO plugin. -->","yoast_head_json":{"title":"'Brass\/Trio' de Sonny Rollins se une a la serie Verve Vault","robots":{"index":"index","follow":"follow","max-snippet":"max-snippet:-1","max-image-preview":"max-image-preview:large","max-video-preview":"max-video-preview:-1"},"canonical":"https:\/\/web.consaguirre.com.ar\/noticias\/brass-trio-de-sonny-rollins-se-une-a-la-serie-verve-vault\/","og_locale":"es_ES","og_type":"article","og_title":"'Brass\/Trio' de Sonny Rollins se une a la serie Verve Vault","og_description":"Lat\u00f3n\/Tr\u00edolanzado originalmente en 1958 en Verve Records, es una declaraci\u00f3n inusual de dos caras del saxofonista Sonny Rollins: combinando una sesi\u00f3n completa de conjunto de","og_url":"https:\/\/web.consaguirre.com.ar\/noticias\/brass-trio-de-sonny-rollins-se-une-a-la-serie-verve-vault\/","og_site_name":"Conservatorio de M\u00fasica Juli\u00e1n Aguirre","article_published_time":"2025-12-15T14:40:18+00:00","article_modified_time":"2025-12-15T14:40:19+00:00","og_image":[{"width":820,"height":820,"url":"https:\/\/web.consaguirre.com.ar\/noticias\/wp-content\/uploads\/2025\/12\/BrassTrio-de-Sonny-Rollins-se-une-a-la-serie-Verve.jpg","type":"image\/jpeg"}],"author":"Javier Figueroa","twitter_card":"summary_large_image","twitter_misc":{"Escrito por":"Javier Figueroa","Tiempo de lectura":"2 minutos"},"schema":{"@context":"https:\/\/schema.org","@graph":[{"@type":"Article","@id":"https:\/\/web.consaguirre.com.ar\/noticias\/brass-trio-de-sonny-rollins-se-une-a-la-serie-verve-vault\/#article","isPartOf":{"@id":"https:\/\/web.consaguirre.com.ar\/noticias\/brass-trio-de-sonny-rollins-se-une-a-la-serie-verve-vault\/"},"author":{"name":"Javier Figueroa","@id":"https:\/\/web.consaguirre.com.ar\/noticias\/#\/schema\/person\/6558b0cfedee7ddc5425602b237d5722"},"headline":"&#8216;Brass\/Trio&#8217; de Sonny Rollins se une a la serie Verve Vault","datePublished":"2025-12-15T14:40:18+00:00","dateModified":"2025-12-15T14:40:19+00:00","mainEntityOfPage":{"@id":"https:\/\/web.consaguirre.com.ar\/noticias\/brass-trio-de-sonny-rollins-se-une-a-la-serie-verve-vault\/"},"wordCount":359,"publisher":{"@id":"https:\/\/web.consaguirre.com.ar\/noticias\/#organization"},"image":{"@id":"https:\/\/web.consaguirre.com.ar\/noticias\/brass-trio-de-sonny-rollins-se-une-a-la-serie-verve-vault\/#primaryimage"},"thumbnailUrl":"https:\/\/web.consaguirre.com.ar\/noticias\/wp-content\/uploads\/2025\/12\/BrassTrio-de-Sonny-Rollins-se-une-a-la-serie-Verve.jpg","keywords":["BrassTrio","Rollins","serie","Sonny","une","Vault","Verve"],"articleSection":["El \u00faltimo"],"inLanguage":"es-AR"},{"@type":"WebPage","@id":"https:\/\/web.consaguirre.com.ar\/noticias\/brass-trio-de-sonny-rollins-se-une-a-la-serie-verve-vault\/","url":"https:\/\/web.consaguirre.com.ar\/noticias\/brass-trio-de-sonny-rollins-se-une-a-la-serie-verve-vault\/","name":"'Brass\/Trio' de Sonny Rollins se une a la serie Verve Vault","isPartOf":{"@id":"https:\/\/web.consaguirre.com.ar\/noticias\/#website"},"primaryImageOfPage":{"@id":"https:\/\/web.consaguirre.com.ar\/noticias\/brass-trio-de-sonny-rollins-se-une-a-la-serie-verve-vault\/#primaryimage"},"image":{"@id":"https:\/\/web.consaguirre.com.ar\/noticias\/brass-trio-de-sonny-rollins-se-une-a-la-serie-verve-vault\/#primaryimage"},"thumbnailUrl":"https:\/\/web.consaguirre.com.ar\/noticias\/wp-content\/uploads\/2025\/12\/BrassTrio-de-Sonny-Rollins-se-une-a-la-serie-Verve.jpg","datePublished":"2025-12-15T14:40:18+00:00","dateModified":"2025-12-15T14:40:19+00:00","breadcrumb":{"@id":"https:\/\/web.consaguirre.com.ar\/noticias\/brass-trio-de-sonny-rollins-se-une-a-la-serie-verve-vault\/#breadcrumb"},"inLanguage":"es-AR","potentialAction":[{"@type":"ReadAction","target":["https:\/\/web.consaguirre.com.ar\/noticias\/brass-trio-de-sonny-rollins-se-une-a-la-serie-verve-vault\/"]}]},{"@type":"ImageObject","inLanguage":"es-AR","@id":"https:\/\/web.consaguirre.com.ar\/noticias\/brass-trio-de-sonny-rollins-se-une-a-la-serie-verve-vault\/#primaryimage","url":"https:\/\/web.consaguirre.com.ar\/noticias\/wp-content\/uploads\/2025\/12\/BrassTrio-de-Sonny-Rollins-se-une-a-la-serie-Verve.jpg","contentUrl":"https:\/\/web.consaguirre.com.ar\/noticias\/wp-content\/uploads\/2025\/12\/BrassTrio-de-Sonny-Rollins-se-une-a-la-serie-Verve.jpg","width":820,"height":820,"caption":"'Brass\/Trio' de Sonny Rollins se une a la serie Verve Vault"},{"@type":"BreadcrumbList","@id":"https:\/\/web.consaguirre.com.ar\/noticias\/brass-trio-de-sonny-rollins-se-une-a-la-serie-verve-vault\/#breadcrumb","itemListElement":[{"@type":"ListItem","position":1,"name":"Inicio","item":"https:\/\/web.consaguirre.com.ar\/noticias\/"},{"@type":"ListItem","position":2,"name":"&#8216;Brass\/Trio&#8217; de Sonny Rollins se une a la serie Verve Vault"}]},{"@type":"WebSite","@id":"https:\/\/web.consaguirre.com.ar\/noticias\/#website","url":"https:\/\/web.consaguirre.com.ar\/noticias\/","name":"Conservatorio de M\u00fasica Juli\u00e1n Aguirre","description":"","publisher":{"@id":"https:\/\/web.consaguirre.com.ar\/noticias\/#organization"},"potentialAction":[{"@type":"SearchAction","target":{"@type":"EntryPoint","urlTemplate":"https:\/\/web.consaguirre.com.ar\/noticias\/?s={search_term_string}"},"query-input":"required name=search_term_string"}],"inLanguage":"es-AR"},{"@type":"Organization","@id":"https:\/\/web.consaguirre.com.ar\/noticias\/#organization","name":"Conservatorio de M\u00fasica Juli\u00e1n Aguirre","url":"https:\/\/web.consaguirre.com.ar\/noticias\/","logo":{"@type":"ImageObject","inLanguage":"es-AR","@id":"https:\/\/web.consaguirre.com.ar\/noticias\/#\/schema\/logo\/image\/","url":"https:\/\/web.consaguirre.com.ar\/noticias\/wp-content\/uploads\/2024\/08\/Banner-Aguirre-23.jpg","contentUrl":"https:\/\/web.consaguirre.com.ar\/noticias\/wp-content\/uploads\/2024\/08\/Banner-Aguirre-23.jpg","width":1192,"height":600,"caption":"Conservatorio de M\u00fasica Juli\u00e1n Aguirre"},"image":{"@id":"https:\/\/web.consaguirre.com.ar\/noticias\/#\/schema\/logo\/image\/"}},{"@type":"Person","@id":"https:\/\/web.consaguirre.com.ar\/noticias\/#\/schema\/person\/6558b0cfedee7ddc5425602b237d5722","name":"Javier Figueroa","image":{"@type":"ImageObject","inLanguage":"es-AR","@id":"https:\/\/web.consaguirre.com.ar\/noticias\/#\/schema\/person\/image\/","url":"https:\/\/web.consaguirre.com.ar\/noticias\/wp-content\/uploads\/2024\/08\/Consaguirre-scaled.jpg","contentUrl":"https:\/\/web.consaguirre.com.ar\/noticias\/wp-content\/uploads\/2024\/08\/Consaguirre-scaled.jpg","caption":"Javier Figueroa"},"description":"Me llamo Javier Figueroa y soy redactor para el sitio oficial del Conservatorio de M\u00fasica Juli\u00e1n Aguirre en Buenos Aires, consaguirre.com. Apasionado por la m\u00fasica y la escritura, me esfuerzo por destacar los talentos y eventos de nuestra prestigiosa instituci\u00f3n. Mi trayectoria se nutre de una profunda admiraci\u00f3n por los artistas, haciendo de cada art\u00edculo una celebraci\u00f3n de la creatividad y la cultura musical.","sameAs":["https:\/\/web.consaguirre.com.ar\/noticias"]}]}},"_links":{"self":[{"href":"https:\/\/web.consaguirre.com.ar\/noticias\/wp-json\/wp\/v2\/posts\/4617"}],"collection":[{"href":"https:\/\/web.consaguirre.com.ar\/noticias\/wp-json\/wp\/v2\/posts"}],"about":[{"href":"https:\/\/web.consaguirre.com.ar\/noticias\/wp-json\/wp\/v2\/types\/post"}],"author":[{"embeddable":true,"href":"https:\/\/web.consaguirre.com.ar\/noticias\/wp-json\/wp\/v2\/users\/1"}],"replies":[{"embeddable":true,"href":"https:\/\/web.consaguirre.com.ar\/noticias\/wp-json\/wp\/v2\/comments?post=4617"}],"version-history":[{"count":1,"href":"https:\/\/web.consaguirre.com.ar\/noticias\/wp-json\/wp\/v2\/posts\/4617\/revisions"}],"predecessor-version":[{"id":4619,"href":"https:\/\/web.consaguirre.com.ar\/noticias\/wp-json\/wp\/v2\/posts\/4617\/revisions\/4619"}],"wp:featuredmedia":[{"embeddable":true,"href":"https:\/\/web.consaguirre.com.ar\/noticias\/wp-json\/wp\/v2\/media\/4618"}],"wp:attachment":[{"href":"https:\/\/web.consaguirre.com.ar\/noticias\/wp-json\/wp\/v2\/media?parent=4617"}],"wp:term":[{"taxonomy":"category","embeddable":true,"href":"https:\/\/web.consaguirre.com.ar\/noticias\/wp-json\/wp\/v2\/categories?post=4617"},{"taxonomy":"post_tag","embeddable":true,"href":"https:\/\/web.consaguirre.com.ar\/noticias\/wp-json\/wp\/v2\/tags?post=4617"}],"curies":[{"name":"wp","href":"https:\/\/api.w.org\/{rel}","templated":true}]}}