{"id":4615,"date":"2025-12-13T02:38:11","date_gmt":"2025-12-13T05:38:11","guid":{"rendered":"https:\/\/web.consaguirre.com.ar\/noticias\/freddie-mercury-channel-estrena-clips-de-archivo-sobre-mr-reedicion-del-chico-malo\/"},"modified":"2025-12-13T02:38:12","modified_gmt":"2025-12-13T05:38:12","slug":"freddie-mercury-channel-estrena-clips-de-archivo-sobre-mr-reedicion-del-chico-malo","status":"publish","type":"post","link":"https:\/\/web.consaguirre.com.ar\/noticias\/freddie-mercury-channel-estrena-clips-de-archivo-sobre-mr-reedicion-del-chico-malo\/","title":{"rendered":"Freddie Mercury Channel estrena clips de archivo sobre &#8216;Mr. Reedici\u00f3n del chico malo"},"content":{"rendered":"<p>2025 marca el 40 aniversario del \u00e1lbum debut en solitario de Freddie Mercury, <em>Se\u00f1or chico malo<\/em>. Adem\u00e1s de una reedici\u00f3n en vinilo del disco previamente anunciada, el canal de Youtube de Freddie Mercury est\u00e1 celebrando este hito con la reedici\u00f3n de una entrevista de 1985 concedida al periodista David Wigg en apoyo del lanzamiento inicial del \u00e1lbum. Las dos primeras partes de esta miniserie de tres partes ya est\u00e1n disponibles para ver.<\/p>\n<p>El segundo episodio recientemente compartido se centra en el enfoque de Freddie a la hora de escribir canciones y muestra a los espectadores una mirada \u00edntima a la mente de un l\u00edder a menudo enigm\u00e1tico. Wigg abre el clip preguntando si a Mercury le resulta f\u00e1cil escribir canciones, quien enciende un cigarrillo y se toma un momento para considerar su respuesta. &#8220;La estructura real de la melod\u00eda me resulta f\u00e1cil&#8221;, concluye, &#8220;lo que me resulta dif\u00edcil es el contenido l\u00edrico&#8221;.<\/p>\n<p>En su opini\u00f3n, &#8220;no soy poeta y de todos modos odio escribir letras. Ojal\u00e1 alguien m\u00e1s pudiera hacerlo&#8221;. Luego a\u00f1ade descaradamente: &#8220;Me gustar\u00eda tener un Bernie Taupin&#8221;, refiri\u00e9ndose al compa\u00f1ero compositor de Elton John, &#8220;pero no soy as\u00ed. Me gusta hacerlo todo yo misma, soy una perra codiciosa&#8221;.<\/p>\n<div class=\"uD-YT-container\"><img decoding=\"async\" src=\"https:\/\/web.consaguirre.com.ar\/noticias\/wp-content\/uploads\/2025\/12\/Freddie-Mercury-Channel-estrena-clips-de-archivo-sobre-Mr-Reedicion.jpg\" alt=\"V\u00eddeo de YouTube\"><br \/>Haga clic para cargar v\u00eddeo<\/div>\n<p>Freddie contin\u00faa afirmando que sus canciones siempre regresan a emociones eternas. &#8220;Me encantar\u00eda escribir canciones sobre algo totalmente diferente&#8221;, explica, &#8220;pero todas parecen terminar de una manera muy emotiva y tr\u00e1gica. Quiz\u00e1s soy una persona muy tr\u00e1gica. No s\u00e9 por qu\u00e9, pero al final hay un elemento de humor. Soy una persona muy cari\u00f1osa, \u00bfsabes?&#8221;.<\/p>\n<p>Wigg llega a la conclusi\u00f3n de que las canciones de Freddie reflejan el estado de su vida, y el cantante coincide: &#8220;Soy un hombre de extremos, \u00bfsabes? Cambio de un d\u00eda a otro, como un camale\u00f3n. Cada d\u00eda es muy diferente para m\u00ed. Espero eso con ansias. No quiero ser la misma persona todos los d\u00edas&#8221;.<\/p>\n<p>Al reflexionar sobre la entrevista de 2025, Wigg comparti\u00f3: \u201cTen\u00eda muchas ganas de hacer <em>Sr. chico malo<\/em> porque ten\u00eda una selecci\u00f3n de canciones que sent\u00eda que no habr\u00edan funcionado con Queen&#8230; Escribi\u00f3 algunas canciones maravillosas que estaban llenas de dolor y belleza para ese \u00e1lbum, canciones como &#8216;Made in Heaven&#8217;\u201d.<\/p>\n<p>Hablando de &#8220;Made in Heaven&#8221;, el clip concluye con Wigg pregunt\u00e1ndole a Mercury si cre\u00eda que iba a llegar al cielo. &#8220;No, no quiero&#8221;, declara Freddie, bromeando, &#8220;el infierno es mucho mejor. Mira la gente interesante que vas a conocer all\u00ed&#8221;.<\/p>\n<p>Ordene el 40 aniversario de Freddie Mercury <em>Se\u00f1or chico malo<\/em> ahora.<\/p>\n","protected":false},"excerpt":{"rendered":"<p>2025 marca el 40 aniversario del \u00e1lbum debut en solitario de Freddie Mercury, Se\u00f1or chico malo. Adem\u00e1s de una reedici\u00f3n en vinilo del disco previamente<\/p>\n","protected":false},"author":1,"featured_media":4300,"comment_status":"closed","ping_status":"","sticky":false,"template":"","format":"standard","meta":{"footnotes":""},"categories":[50],"tags":[3638,3636,2852,3637,10,428,2442,3625,1264,117,156],"class_list":["post-4615","post","type-post","status-publish","format-standard","has-post-thumbnail","hentry","category-el-ultimo","tag-archivo","tag-channel","tag-chico","tag-clips","tag-del","tag-estrena","tag-freddie","tag-malo","tag-mercury","tag-reedicion","tag-sobre","generate-columns","tablet-grid-50","mobile-grid-100","grid-parent","grid-50"],"yoast_head":"<!-- This site is optimized with the Yoast SEO plugin v23.3 - https:\/\/yoast.com\/wordpress\/plugins\/seo\/ -->\n<title>Freddie Mercury Channel estrena clips de archivo sobre &#039;Mr. Reedici\u00f3n del chico malo<\/title>\n<meta name=\"robots\" content=\"index, follow, max-snippet:-1, max-image-preview:large, max-video-preview:-1\" \/>\n<link rel=\"canonical\" href=\"https:\/\/web.consaguirre.com.ar\/noticias\/freddie-mercury-channel-estrena-clips-de-archivo-sobre-mr-reedicion-del-chico-malo\/\" \/>\n<meta property=\"og:locale\" content=\"es_ES\" \/>\n<meta property=\"og:type\" content=\"article\" \/>\n<meta property=\"og:title\" content=\"Freddie Mercury Channel estrena clips de archivo sobre &#039;Mr. Reedici\u00f3n del chico malo\" \/>\n<meta property=\"og:description\" content=\"2025 marca el 40 aniversario del \u00e1lbum debut en solitario de Freddie Mercury, Se\u00f1or chico malo. Adem\u00e1s de una reedici\u00f3n en vinilo del disco previamente\" \/>\n<meta property=\"og:url\" content=\"https:\/\/web.consaguirre.com.ar\/noticias\/freddie-mercury-channel-estrena-clips-de-archivo-sobre-mr-reedicion-del-chico-malo\/\" \/>\n<meta property=\"og:site_name\" content=\"Conservatorio de M\u00fasica Juli\u00e1n Aguirre\" \/>\n<meta property=\"article:published_time\" content=\"2025-12-13T05:38:11+00:00\" \/>\n<meta property=\"article:modified_time\" content=\"2025-12-13T05:38:12+00:00\" \/>\n<meta property=\"og:image\" content=\"https:\/\/web.consaguirre.com.ar\/noticias\/wp-content\/uploads\/2025\/11\/El-album-debut-en-solitario-de-Freddie-Mercury-Mr-Bad.jpg\" \/>\n\t<meta property=\"og:image:width\" content=\"1280\" \/>\n\t<meta property=\"og:image:height\" content=\"1280\" \/>\n\t<meta property=\"og:image:type\" content=\"image\/jpeg\" \/>\n<meta name=\"author\" content=\"Javier Figueroa\" \/>\n<meta name=\"twitter:card\" content=\"summary_large_image\" \/>\n<meta name=\"twitter:label1\" content=\"Escrito por\" \/>\n\t<meta name=\"twitter:data1\" content=\"Javier Figueroa\" \/>\n\t<meta name=\"twitter:label2\" content=\"Tiempo de lectura\" \/>\n\t<meta name=\"twitter:data2\" content=\"2 minutos\" \/>\n<script type=\"application\/ld+json\" class=\"yoast-schema-graph\">{\"@context\":\"https:\/\/schema.org\",\"@graph\":[{\"@type\":\"Article\",\"@id\":\"https:\/\/web.consaguirre.com.ar\/noticias\/freddie-mercury-channel-estrena-clips-de-archivo-sobre-mr-reedicion-del-chico-malo\/#article\",\"isPartOf\":{\"@id\":\"https:\/\/web.consaguirre.com.ar\/noticias\/freddie-mercury-channel-estrena-clips-de-archivo-sobre-mr-reedicion-del-chico-malo\/\"},\"author\":{\"name\":\"Javier Figueroa\",\"@id\":\"https:\/\/web.consaguirre.com.ar\/noticias\/#\/schema\/person\/6558b0cfedee7ddc5425602b237d5722\"},\"headline\":\"Freddie Mercury Channel estrena clips de archivo sobre &#8216;Mr. Reedici\u00f3n del chico malo\",\"datePublished\":\"2025-12-13T05:38:11+00:00\",\"dateModified\":\"2025-12-13T05:38:12+00:00\",\"mainEntityOfPage\":{\"@id\":\"https:\/\/web.consaguirre.com.ar\/noticias\/freddie-mercury-channel-estrena-clips-de-archivo-sobre-mr-reedicion-del-chico-malo\/\"},\"wordCount\":465,\"publisher\":{\"@id\":\"https:\/\/web.consaguirre.com.ar\/noticias\/#organization\"},\"image\":{\"@id\":\"https:\/\/web.consaguirre.com.ar\/noticias\/freddie-mercury-channel-estrena-clips-de-archivo-sobre-mr-reedicion-del-chico-malo\/#primaryimage\"},\"thumbnailUrl\":\"https:\/\/web.consaguirre.com.ar\/noticias\/wp-content\/uploads\/2025\/11\/El-album-debut-en-solitario-de-Freddie-Mercury-Mr-Bad.jpg\",\"keywords\":[\"archivo\",\"Channel\",\"Chico\",\"clips\",\"del\",\"estrena\",\"Freddie\",\"Malo\",\"Mercury\",\"reedici\u00f3n\",\"sobre\"],\"articleSection\":[\"El \u00faltimo\"],\"inLanguage\":\"es-AR\"},{\"@type\":\"WebPage\",\"@id\":\"https:\/\/web.consaguirre.com.ar\/noticias\/freddie-mercury-channel-estrena-clips-de-archivo-sobre-mr-reedicion-del-chico-malo\/\",\"url\":\"https:\/\/web.consaguirre.com.ar\/noticias\/freddie-mercury-channel-estrena-clips-de-archivo-sobre-mr-reedicion-del-chico-malo\/\",\"name\":\"Freddie Mercury Channel estrena clips de archivo sobre 'Mr. Reedici\u00f3n del chico malo\",\"isPartOf\":{\"@id\":\"https:\/\/web.consaguirre.com.ar\/noticias\/#website\"},\"primaryImageOfPage\":{\"@id\":\"https:\/\/web.consaguirre.com.ar\/noticias\/freddie-mercury-channel-estrena-clips-de-archivo-sobre-mr-reedicion-del-chico-malo\/#primaryimage\"},\"image\":{\"@id\":\"https:\/\/web.consaguirre.com.ar\/noticias\/freddie-mercury-channel-estrena-clips-de-archivo-sobre-mr-reedicion-del-chico-malo\/#primaryimage\"},\"thumbnailUrl\":\"https:\/\/web.consaguirre.com.ar\/noticias\/wp-content\/uploads\/2025\/11\/El-album-debut-en-solitario-de-Freddie-Mercury-Mr-Bad.jpg\",\"datePublished\":\"2025-12-13T05:38:11+00:00\",\"dateModified\":\"2025-12-13T05:38:12+00:00\",\"breadcrumb\":{\"@id\":\"https:\/\/web.consaguirre.com.ar\/noticias\/freddie-mercury-channel-estrena-clips-de-archivo-sobre-mr-reedicion-del-chico-malo\/#breadcrumb\"},\"inLanguage\":\"es-AR\",\"potentialAction\":[{\"@type\":\"ReadAction\",\"target\":[\"https:\/\/web.consaguirre.com.ar\/noticias\/freddie-mercury-channel-estrena-clips-de-archivo-sobre-mr-reedicion-del-chico-malo\/\"]}]},{\"@type\":\"ImageObject\",\"inLanguage\":\"es-AR\",\"@id\":\"https:\/\/web.consaguirre.com.ar\/noticias\/freddie-mercury-channel-estrena-clips-de-archivo-sobre-mr-reedicion-del-chico-malo\/#primaryimage\",\"url\":\"https:\/\/web.consaguirre.com.ar\/noticias\/wp-content\/uploads\/2025\/11\/El-album-debut-en-solitario-de-Freddie-Mercury-Mr-Bad.jpg\",\"contentUrl\":\"https:\/\/web.consaguirre.com.ar\/noticias\/wp-content\/uploads\/2025\/11\/El-album-debut-en-solitario-de-Freddie-Mercury-Mr-Bad.jpg\",\"width\":1280,\"height\":1280,\"caption\":\"El \u00e1lbum debut en solitario de Freddie Mercury, 'Mr Bad Guy', obtiene una reedici\u00f3n especial en vinilo por su 40 aniversario\"},{\"@type\":\"BreadcrumbList\",\"@id\":\"https:\/\/web.consaguirre.com.ar\/noticias\/freddie-mercury-channel-estrena-clips-de-archivo-sobre-mr-reedicion-del-chico-malo\/#breadcrumb\",\"itemListElement\":[{\"@type\":\"ListItem\",\"position\":1,\"name\":\"Inicio\",\"item\":\"https:\/\/web.consaguirre.com.ar\/noticias\/\"},{\"@type\":\"ListItem\",\"position\":2,\"name\":\"Freddie Mercury Channel estrena clips de archivo sobre &#8216;Mr. Reedici\u00f3n del chico malo\"}]},{\"@type\":\"WebSite\",\"@id\":\"https:\/\/web.consaguirre.com.ar\/noticias\/#website\",\"url\":\"https:\/\/web.consaguirre.com.ar\/noticias\/\",\"name\":\"Conservatorio de M\u00fasica Juli\u00e1n Aguirre\",\"description\":\"\",\"publisher\":{\"@id\":\"https:\/\/web.consaguirre.com.ar\/noticias\/#organization\"},\"potentialAction\":[{\"@type\":\"SearchAction\",\"target\":{\"@type\":\"EntryPoint\",\"urlTemplate\":\"https:\/\/web.consaguirre.com.ar\/noticias\/?s={search_term_string}\"},\"query-input\":\"required name=search_term_string\"}],\"inLanguage\":\"es-AR\"},{\"@type\":\"Organization\",\"@id\":\"https:\/\/web.consaguirre.com.ar\/noticias\/#organization\",\"name\":\"Conservatorio de M\u00fasica Juli\u00e1n Aguirre\",\"url\":\"https:\/\/web.consaguirre.com.ar\/noticias\/\",\"logo\":{\"@type\":\"ImageObject\",\"inLanguage\":\"es-AR\",\"@id\":\"https:\/\/web.consaguirre.com.ar\/noticias\/#\/schema\/logo\/image\/\",\"url\":\"https:\/\/web.consaguirre.com.ar\/noticias\/wp-content\/uploads\/2024\/08\/Banner-Aguirre-23.jpg\",\"contentUrl\":\"https:\/\/web.consaguirre.com.ar\/noticias\/wp-content\/uploads\/2024\/08\/Banner-Aguirre-23.jpg\",\"width\":1192,\"height\":600,\"caption\":\"Conservatorio de M\u00fasica Juli\u00e1n Aguirre\"},\"image\":{\"@id\":\"https:\/\/web.consaguirre.com.ar\/noticias\/#\/schema\/logo\/image\/\"}},{\"@type\":\"Person\",\"@id\":\"https:\/\/web.consaguirre.com.ar\/noticias\/#\/schema\/person\/6558b0cfedee7ddc5425602b237d5722\",\"name\":\"Javier Figueroa\",\"image\":{\"@type\":\"ImageObject\",\"inLanguage\":\"es-AR\",\"@id\":\"https:\/\/web.consaguirre.com.ar\/noticias\/#\/schema\/person\/image\/\",\"url\":\"https:\/\/web.consaguirre.com.ar\/noticias\/wp-content\/uploads\/2024\/08\/Consaguirre-scaled.jpg\",\"contentUrl\":\"https:\/\/web.consaguirre.com.ar\/noticias\/wp-content\/uploads\/2024\/08\/Consaguirre-scaled.jpg\",\"caption\":\"Javier Figueroa\"},\"description\":\"Me llamo Javier Figueroa y soy redactor para el sitio oficial del Conservatorio de M\u00fasica Juli\u00e1n Aguirre en Buenos Aires, consaguirre.com. Apasionado por la m\u00fasica y la escritura, me esfuerzo por destacar los talentos y eventos de nuestra prestigiosa instituci\u00f3n. Mi trayectoria se nutre de una profunda admiraci\u00f3n por los artistas, haciendo de cada art\u00edculo una celebraci\u00f3n de la creatividad y la cultura musical.\",\"sameAs\":[\"https:\/\/web.consaguirre.com.ar\/noticias\"]}]}<\/script>\n<!-- \/ Yoast SEO plugin. -->","yoast_head_json":{"title":"Freddie Mercury Channel estrena clips de archivo sobre 'Mr. Reedici\u00f3n del chico malo","robots":{"index":"index","follow":"follow","max-snippet":"max-snippet:-1","max-image-preview":"max-image-preview:large","max-video-preview":"max-video-preview:-1"},"canonical":"https:\/\/web.consaguirre.com.ar\/noticias\/freddie-mercury-channel-estrena-clips-de-archivo-sobre-mr-reedicion-del-chico-malo\/","og_locale":"es_ES","og_type":"article","og_title":"Freddie Mercury Channel estrena clips de archivo sobre 'Mr. Reedici\u00f3n del chico malo","og_description":"2025 marca el 40 aniversario del \u00e1lbum debut en solitario de Freddie Mercury, Se\u00f1or chico malo. Adem\u00e1s de una reedici\u00f3n en vinilo del disco previamente","og_url":"https:\/\/web.consaguirre.com.ar\/noticias\/freddie-mercury-channel-estrena-clips-de-archivo-sobre-mr-reedicion-del-chico-malo\/","og_site_name":"Conservatorio de M\u00fasica Juli\u00e1n Aguirre","article_published_time":"2025-12-13T05:38:11+00:00","article_modified_time":"2025-12-13T05:38:12+00:00","og_image":[{"width":1280,"height":1280,"url":"https:\/\/web.consaguirre.com.ar\/noticias\/wp-content\/uploads\/2025\/11\/El-album-debut-en-solitario-de-Freddie-Mercury-Mr-Bad.jpg","type":"image\/jpeg"}],"author":"Javier Figueroa","twitter_card":"summary_large_image","twitter_misc":{"Escrito por":"Javier Figueroa","Tiempo de lectura":"2 minutos"},"schema":{"@context":"https:\/\/schema.org","@graph":[{"@type":"Article","@id":"https:\/\/web.consaguirre.com.ar\/noticias\/freddie-mercury-channel-estrena-clips-de-archivo-sobre-mr-reedicion-del-chico-malo\/#article","isPartOf":{"@id":"https:\/\/web.consaguirre.com.ar\/noticias\/freddie-mercury-channel-estrena-clips-de-archivo-sobre-mr-reedicion-del-chico-malo\/"},"author":{"name":"Javier Figueroa","@id":"https:\/\/web.consaguirre.com.ar\/noticias\/#\/schema\/person\/6558b0cfedee7ddc5425602b237d5722"},"headline":"Freddie Mercury Channel estrena clips de archivo sobre &#8216;Mr. Reedici\u00f3n del chico malo","datePublished":"2025-12-13T05:38:11+00:00","dateModified":"2025-12-13T05:38:12+00:00","mainEntityOfPage":{"@id":"https:\/\/web.consaguirre.com.ar\/noticias\/freddie-mercury-channel-estrena-clips-de-archivo-sobre-mr-reedicion-del-chico-malo\/"},"wordCount":465,"publisher":{"@id":"https:\/\/web.consaguirre.com.ar\/noticias\/#organization"},"image":{"@id":"https:\/\/web.consaguirre.com.ar\/noticias\/freddie-mercury-channel-estrena-clips-de-archivo-sobre-mr-reedicion-del-chico-malo\/#primaryimage"},"thumbnailUrl":"https:\/\/web.consaguirre.com.ar\/noticias\/wp-content\/uploads\/2025\/11\/El-album-debut-en-solitario-de-Freddie-Mercury-Mr-Bad.jpg","keywords":["archivo","Channel","Chico","clips","del","estrena","Freddie","Malo","Mercury","reedici\u00f3n","sobre"],"articleSection":["El \u00faltimo"],"inLanguage":"es-AR"},{"@type":"WebPage","@id":"https:\/\/web.consaguirre.com.ar\/noticias\/freddie-mercury-channel-estrena-clips-de-archivo-sobre-mr-reedicion-del-chico-malo\/","url":"https:\/\/web.consaguirre.com.ar\/noticias\/freddie-mercury-channel-estrena-clips-de-archivo-sobre-mr-reedicion-del-chico-malo\/","name":"Freddie Mercury Channel estrena clips de archivo sobre 'Mr. Reedici\u00f3n del chico malo","isPartOf":{"@id":"https:\/\/web.consaguirre.com.ar\/noticias\/#website"},"primaryImageOfPage":{"@id":"https:\/\/web.consaguirre.com.ar\/noticias\/freddie-mercury-channel-estrena-clips-de-archivo-sobre-mr-reedicion-del-chico-malo\/#primaryimage"},"image":{"@id":"https:\/\/web.consaguirre.com.ar\/noticias\/freddie-mercury-channel-estrena-clips-de-archivo-sobre-mr-reedicion-del-chico-malo\/#primaryimage"},"thumbnailUrl":"https:\/\/web.consaguirre.com.ar\/noticias\/wp-content\/uploads\/2025\/11\/El-album-debut-en-solitario-de-Freddie-Mercury-Mr-Bad.jpg","datePublished":"2025-12-13T05:38:11+00:00","dateModified":"2025-12-13T05:38:12+00:00","breadcrumb":{"@id":"https:\/\/web.consaguirre.com.ar\/noticias\/freddie-mercury-channel-estrena-clips-de-archivo-sobre-mr-reedicion-del-chico-malo\/#breadcrumb"},"inLanguage":"es-AR","potentialAction":[{"@type":"ReadAction","target":["https:\/\/web.consaguirre.com.ar\/noticias\/freddie-mercury-channel-estrena-clips-de-archivo-sobre-mr-reedicion-del-chico-malo\/"]}]},{"@type":"ImageObject","inLanguage":"es-AR","@id":"https:\/\/web.consaguirre.com.ar\/noticias\/freddie-mercury-channel-estrena-clips-de-archivo-sobre-mr-reedicion-del-chico-malo\/#primaryimage","url":"https:\/\/web.consaguirre.com.ar\/noticias\/wp-content\/uploads\/2025\/11\/El-album-debut-en-solitario-de-Freddie-Mercury-Mr-Bad.jpg","contentUrl":"https:\/\/web.consaguirre.com.ar\/noticias\/wp-content\/uploads\/2025\/11\/El-album-debut-en-solitario-de-Freddie-Mercury-Mr-Bad.jpg","width":1280,"height":1280,"caption":"El \u00e1lbum debut en solitario de Freddie Mercury, 'Mr Bad Guy', obtiene una reedici\u00f3n especial en vinilo por su 40 aniversario"},{"@type":"BreadcrumbList","@id":"https:\/\/web.consaguirre.com.ar\/noticias\/freddie-mercury-channel-estrena-clips-de-archivo-sobre-mr-reedicion-del-chico-malo\/#breadcrumb","itemListElement":[{"@type":"ListItem","position":1,"name":"Inicio","item":"https:\/\/web.consaguirre.com.ar\/noticias\/"},{"@type":"ListItem","position":2,"name":"Freddie Mercury Channel estrena clips de archivo sobre &#8216;Mr. Reedici\u00f3n del chico malo"}]},{"@type":"WebSite","@id":"https:\/\/web.consaguirre.com.ar\/noticias\/#website","url":"https:\/\/web.consaguirre.com.ar\/noticias\/","name":"Conservatorio de M\u00fasica Juli\u00e1n Aguirre","description":"","publisher":{"@id":"https:\/\/web.consaguirre.com.ar\/noticias\/#organization"},"potentialAction":[{"@type":"SearchAction","target":{"@type":"EntryPoint","urlTemplate":"https:\/\/web.consaguirre.com.ar\/noticias\/?s={search_term_string}"},"query-input":"required name=search_term_string"}],"inLanguage":"es-AR"},{"@type":"Organization","@id":"https:\/\/web.consaguirre.com.ar\/noticias\/#organization","name":"Conservatorio de M\u00fasica Juli\u00e1n Aguirre","url":"https:\/\/web.consaguirre.com.ar\/noticias\/","logo":{"@type":"ImageObject","inLanguage":"es-AR","@id":"https:\/\/web.consaguirre.com.ar\/noticias\/#\/schema\/logo\/image\/","url":"https:\/\/web.consaguirre.com.ar\/noticias\/wp-content\/uploads\/2024\/08\/Banner-Aguirre-23.jpg","contentUrl":"https:\/\/web.consaguirre.com.ar\/noticias\/wp-content\/uploads\/2024\/08\/Banner-Aguirre-23.jpg","width":1192,"height":600,"caption":"Conservatorio de M\u00fasica Juli\u00e1n Aguirre"},"image":{"@id":"https:\/\/web.consaguirre.com.ar\/noticias\/#\/schema\/logo\/image\/"}},{"@type":"Person","@id":"https:\/\/web.consaguirre.com.ar\/noticias\/#\/schema\/person\/6558b0cfedee7ddc5425602b237d5722","name":"Javier Figueroa","image":{"@type":"ImageObject","inLanguage":"es-AR","@id":"https:\/\/web.consaguirre.com.ar\/noticias\/#\/schema\/person\/image\/","url":"https:\/\/web.consaguirre.com.ar\/noticias\/wp-content\/uploads\/2024\/08\/Consaguirre-scaled.jpg","contentUrl":"https:\/\/web.consaguirre.com.ar\/noticias\/wp-content\/uploads\/2024\/08\/Consaguirre-scaled.jpg","caption":"Javier Figueroa"},"description":"Me llamo Javier Figueroa y soy redactor para el sitio oficial del Conservatorio de M\u00fasica Juli\u00e1n Aguirre en Buenos Aires, consaguirre.com. Apasionado por la m\u00fasica y la escritura, me esfuerzo por destacar los talentos y eventos de nuestra prestigiosa instituci\u00f3n. Mi trayectoria se nutre de una profunda admiraci\u00f3n por los artistas, haciendo de cada art\u00edculo una celebraci\u00f3n de la creatividad y la cultura musical.","sameAs":["https:\/\/web.consaguirre.com.ar\/noticias"]}]}},"_links":{"self":[{"href":"https:\/\/web.consaguirre.com.ar\/noticias\/wp-json\/wp\/v2\/posts\/4615"}],"collection":[{"href":"https:\/\/web.consaguirre.com.ar\/noticias\/wp-json\/wp\/v2\/posts"}],"about":[{"href":"https:\/\/web.consaguirre.com.ar\/noticias\/wp-json\/wp\/v2\/types\/post"}],"author":[{"embeddable":true,"href":"https:\/\/web.consaguirre.com.ar\/noticias\/wp-json\/wp\/v2\/users\/1"}],"replies":[{"embeddable":true,"href":"https:\/\/web.consaguirre.com.ar\/noticias\/wp-json\/wp\/v2\/comments?post=4615"}],"version-history":[{"count":1,"href":"https:\/\/web.consaguirre.com.ar\/noticias\/wp-json\/wp\/v2\/posts\/4615\/revisions"}],"predecessor-version":[{"id":4616,"href":"https:\/\/web.consaguirre.com.ar\/noticias\/wp-json\/wp\/v2\/posts\/4615\/revisions\/4616"}],"wp:featuredmedia":[{"embeddable":true,"href":"https:\/\/web.consaguirre.com.ar\/noticias\/wp-json\/wp\/v2\/media\/4300"}],"wp:attachment":[{"href":"https:\/\/web.consaguirre.com.ar\/noticias\/wp-json\/wp\/v2\/media?parent=4615"}],"wp:term":[{"taxonomy":"category","embeddable":true,"href":"https:\/\/web.consaguirre.com.ar\/noticias\/wp-json\/wp\/v2\/categories?post=4615"},{"taxonomy":"post_tag","embeddable":true,"href":"https:\/\/web.consaguirre.com.ar\/noticias\/wp-json\/wp\/v2\/tags?post=4615"}],"curies":[{"name":"wp","href":"https:\/\/api.w.org\/{rel}","templated":true}]}}