{"id":4604,"date":"2025-12-12T14:38:48","date_gmt":"2025-12-12T17:38:48","guid":{"rendered":"https:\/\/web.consaguirre.com.ar\/noticias\/d12-world-de-d12-obtiene-una-reedicion-en-vinilo\/"},"modified":"2025-12-12T14:38:49","modified_gmt":"2025-12-12T17:38:49","slug":"d12-world-de-d12-obtiene-una-reedicion-en-vinilo","status":"publish","type":"post","link":"https:\/\/web.consaguirre.com.ar\/noticias\/d12-world-de-d12-obtiene-una-reedicion-en-vinilo\/","title":{"rendered":"&#8216;D12 World&#8217; de D12 obtiene una reedici\u00f3n en vinilo"},"content":{"rendered":"<p>D12 <em>Mundo D12<\/em> El \u00e1lbum llegar\u00e1 por primera vez en vinilo. La reedici\u00f3n, que se anunci\u00f3 hoy, se lanzar\u00e1 en vinilo negro est\u00e1ndar 2LP.<\/p>\n<p>Lanzado originalmente en 2004, <em>Mundo D12<\/em> es el segundo y \u00faltimo \u00e1lbum del grupo de rap, despu\u00e9s del de 2001. <em>La noche del diablo<\/em> debut. Inclu\u00eda favoritos del hip-hop como \u201cMy Band\u201d, \u201cHow Come\u201d y \u201c40 Oz\u201d.<\/p>\n<p>\u201cMy Band\u201d sigue siendo el mayor \u00e9xito de D12 hasta la fecha, el n\u00famero 6 en los Estados Unidos, el n\u00famero 2 en el Reino Unido y el primer puesto en las listas de Australia, Nueva Zelanda y Noruega. El v\u00eddeo musical, que gan\u00f3 popularidad por su interpretaci\u00f3n sat\u00edrica de varias celebridades como 50 Cent, *NSYNC, los Backstreet Boys y, por supuesto, Eminem. Fue nominado a V\u00eddeo del a\u00f1o, Mejor v\u00eddeo grupal y Mejor v\u00eddeo de rap en los MTV Video Music Awards de 2004. <em>Mundo D12<\/em> debut\u00f3 en el puesto n\u00famero 1 en las listas de \u00e1lbumes de EE. UU., Reino Unido, Irlanda, Canad\u00e1, Australia y Nueva Zelanda, y luego recibi\u00f3 una certificaci\u00f3n de doble platino en EE. UU.<\/p>\n<div class=\"uD-YT-container\"><img decoding=\"async\" src=\"https:\/\/web.consaguirre.com.ar\/noticias\/wp-content\/uploads\/2025\/12\/1765561128_377_D12-World-de-D12-obtiene-una-reedicion-en-vinilo.jpg\" alt=\"V\u00eddeo de YouTube\"><br \/>Haga clic para cargar v\u00eddeo<\/div>\n<p>D12 fue formada en 1996 por el rapero Proof, amigo de la infancia de Eminem. Otros miembros del grupo incluyeron a Bugz, Bizarre, Mr. Porter, Kuniva y Swifty McVay. Tras la muerte de Bugz en 1999, Eminem se uni\u00f3 al grupo. Tr\u00e1gicamente, en 2006, Proof fue asesinado. Su \u00faltimo lanzamiento fue el mixtape de 2015, <em>Noche del diablo: recargada<\/em>.<\/p>\n<p>El mes pasado, Eminem se uni\u00f3 a Jack White como invitado sorpresa durante su actuaci\u00f3n de medio tiempo del D\u00eda de Acci\u00f3n de Gracias entre los Detroit Lions y los Green Bay Packers. Los dos nativos de Detroit interpretaron una mezcla en vivo de su \u00e9xito de 2002 \u201c&#8217;Till I Collapse\u201d y \u201cHello Operador\u201d de The White Stripes con White. Despu\u00e9s del juego, los artistas lanzaron un EP en vivo de su actuaci\u00f3n en plataformas de transmisi\u00f3n. El rapero se desempe\u00f1ar\u00e1 como consultor de selecci\u00f3n de talentos y producci\u00f3n de medio tiempo de la organizaci\u00f3n Detroit Lions junto a Paul Rosenberg, su antiguo manager y presidente de Shady Records, hasta 2027.<\/p>\n<p>Orden <em>Mundo D12<\/em> en vinilo ahora.<\/p>\n","protected":false},"excerpt":{"rendered":"<p>D12 Mundo D12 El \u00e1lbum llegar\u00e1 por primera vez en vinilo. La reedici\u00f3n, que se anunci\u00f3 hoy, se lanzar\u00e1 en vinilo negro est\u00e1ndar 2LP. Lanzado<\/p>\n","protected":false},"author":1,"featured_media":4605,"comment_status":"closed","ping_status":"","sticky":false,"template":"","format":"standard","meta":{"footnotes":""},"categories":[50],"tags":[3632,800,117,191,87,84],"class_list":["post-4604","post","type-post","status-publish","format-standard","has-post-thumbnail","hentry","category-el-ultimo","tag-d12","tag-obtiene","tag-reedicion","tag-una","tag-vinilo","tag-world","generate-columns","tablet-grid-50","mobile-grid-100","grid-parent","grid-50"],"yoast_head":"<!-- This site is optimized with the Yoast SEO plugin v23.3 - https:\/\/yoast.com\/wordpress\/plugins\/seo\/ -->\n<title>&#039;D12 World&#039; de D12 obtiene una reedici\u00f3n en vinilo<\/title>\n<meta name=\"robots\" content=\"index, follow, max-snippet:-1, max-image-preview:large, max-video-preview:-1\" \/>\n<link rel=\"canonical\" href=\"https:\/\/web.consaguirre.com.ar\/noticias\/d12-world-de-d12-obtiene-una-reedicion-en-vinilo\/\" \/>\n<meta property=\"og:locale\" content=\"es_ES\" \/>\n<meta property=\"og:type\" content=\"article\" \/>\n<meta property=\"og:title\" content=\"&#039;D12 World&#039; de D12 obtiene una reedici\u00f3n en vinilo\" \/>\n<meta property=\"og:description\" content=\"D12 Mundo D12 El \u00e1lbum llegar\u00e1 por primera vez en vinilo. La reedici\u00f3n, que se anunci\u00f3 hoy, se lanzar\u00e1 en vinilo negro est\u00e1ndar 2LP. Lanzado\" \/>\n<meta property=\"og:url\" content=\"https:\/\/web.consaguirre.com.ar\/noticias\/d12-world-de-d12-obtiene-una-reedicion-en-vinilo\/\" \/>\n<meta property=\"og:site_name\" content=\"Conservatorio de M\u00fasica Juli\u00e1n Aguirre\" \/>\n<meta property=\"article:published_time\" content=\"2025-12-12T17:38:48+00:00\" \/>\n<meta property=\"article:modified_time\" content=\"2025-12-12T17:38:49+00:00\" \/>\n<meta property=\"og:image\" content=\"https:\/\/web.consaguirre.com.ar\/noticias\/wp-content\/uploads\/2025\/12\/D12-World-de-D12-obtiene-una-reedicion-en-vinilo.jpg\" \/>\n\t<meta property=\"og:image:width\" content=\"820\" \/>\n\t<meta property=\"og:image:height\" content=\"820\" \/>\n\t<meta property=\"og:image:type\" content=\"image\/jpeg\" \/>\n<meta name=\"author\" content=\"Javier Figueroa\" \/>\n<meta name=\"twitter:card\" content=\"summary_large_image\" \/>\n<meta name=\"twitter:label1\" content=\"Escrito por\" \/>\n\t<meta name=\"twitter:data1\" content=\"Javier Figueroa\" \/>\n\t<meta name=\"twitter:label2\" content=\"Tiempo de lectura\" \/>\n\t<meta name=\"twitter:data2\" content=\"2 minutos\" \/>\n<script type=\"application\/ld+json\" class=\"yoast-schema-graph\">{\"@context\":\"https:\/\/schema.org\",\"@graph\":[{\"@type\":\"Article\",\"@id\":\"https:\/\/web.consaguirre.com.ar\/noticias\/d12-world-de-d12-obtiene-una-reedicion-en-vinilo\/#article\",\"isPartOf\":{\"@id\":\"https:\/\/web.consaguirre.com.ar\/noticias\/d12-world-de-d12-obtiene-una-reedicion-en-vinilo\/\"},\"author\":{\"name\":\"Javier Figueroa\",\"@id\":\"https:\/\/web.consaguirre.com.ar\/noticias\/#\/schema\/person\/6558b0cfedee7ddc5425602b237d5722\"},\"headline\":\"&#8216;D12 World&#8217; de D12 obtiene una reedici\u00f3n en vinilo\",\"datePublished\":\"2025-12-12T17:38:48+00:00\",\"dateModified\":\"2025-12-12T17:38:49+00:00\",\"mainEntityOfPage\":{\"@id\":\"https:\/\/web.consaguirre.com.ar\/noticias\/d12-world-de-d12-obtiene-una-reedicion-en-vinilo\/\"},\"wordCount\":385,\"publisher\":{\"@id\":\"https:\/\/web.consaguirre.com.ar\/noticias\/#organization\"},\"image\":{\"@id\":\"https:\/\/web.consaguirre.com.ar\/noticias\/d12-world-de-d12-obtiene-una-reedicion-en-vinilo\/#primaryimage\"},\"thumbnailUrl\":\"https:\/\/web.consaguirre.com.ar\/noticias\/wp-content\/uploads\/2025\/12\/D12-World-de-D12-obtiene-una-reedicion-en-vinilo.jpg\",\"keywords\":[\"D12\",\"obtiene\",\"reedici\u00f3n\",\"una\",\"vinilo\",\"World\"],\"articleSection\":[\"El \u00faltimo\"],\"inLanguage\":\"es-AR\"},{\"@type\":\"WebPage\",\"@id\":\"https:\/\/web.consaguirre.com.ar\/noticias\/d12-world-de-d12-obtiene-una-reedicion-en-vinilo\/\",\"url\":\"https:\/\/web.consaguirre.com.ar\/noticias\/d12-world-de-d12-obtiene-una-reedicion-en-vinilo\/\",\"name\":\"'D12 World' de D12 obtiene una reedici\u00f3n en vinilo\",\"isPartOf\":{\"@id\":\"https:\/\/web.consaguirre.com.ar\/noticias\/#website\"},\"primaryImageOfPage\":{\"@id\":\"https:\/\/web.consaguirre.com.ar\/noticias\/d12-world-de-d12-obtiene-una-reedicion-en-vinilo\/#primaryimage\"},\"image\":{\"@id\":\"https:\/\/web.consaguirre.com.ar\/noticias\/d12-world-de-d12-obtiene-una-reedicion-en-vinilo\/#primaryimage\"},\"thumbnailUrl\":\"https:\/\/web.consaguirre.com.ar\/noticias\/wp-content\/uploads\/2025\/12\/D12-World-de-D12-obtiene-una-reedicion-en-vinilo.jpg\",\"datePublished\":\"2025-12-12T17:38:48+00:00\",\"dateModified\":\"2025-12-12T17:38:49+00:00\",\"breadcrumb\":{\"@id\":\"https:\/\/web.consaguirre.com.ar\/noticias\/d12-world-de-d12-obtiene-una-reedicion-en-vinilo\/#breadcrumb\"},\"inLanguage\":\"es-AR\",\"potentialAction\":[{\"@type\":\"ReadAction\",\"target\":[\"https:\/\/web.consaguirre.com.ar\/noticias\/d12-world-de-d12-obtiene-una-reedicion-en-vinilo\/\"]}]},{\"@type\":\"ImageObject\",\"inLanguage\":\"es-AR\",\"@id\":\"https:\/\/web.consaguirre.com.ar\/noticias\/d12-world-de-d12-obtiene-una-reedicion-en-vinilo\/#primaryimage\",\"url\":\"https:\/\/web.consaguirre.com.ar\/noticias\/wp-content\/uploads\/2025\/12\/D12-World-de-D12-obtiene-una-reedicion-en-vinilo.jpg\",\"contentUrl\":\"https:\/\/web.consaguirre.com.ar\/noticias\/wp-content\/uploads\/2025\/12\/D12-World-de-D12-obtiene-una-reedicion-en-vinilo.jpg\",\"width\":820,\"height\":820,\"caption\":\"'D12 World' de D12 obtiene una reedici\u00f3n en vinilo\"},{\"@type\":\"BreadcrumbList\",\"@id\":\"https:\/\/web.consaguirre.com.ar\/noticias\/d12-world-de-d12-obtiene-una-reedicion-en-vinilo\/#breadcrumb\",\"itemListElement\":[{\"@type\":\"ListItem\",\"position\":1,\"name\":\"Inicio\",\"item\":\"https:\/\/web.consaguirre.com.ar\/noticias\/\"},{\"@type\":\"ListItem\",\"position\":2,\"name\":\"&#8216;D12 World&#8217; de D12 obtiene una reedici\u00f3n en vinilo\"}]},{\"@type\":\"WebSite\",\"@id\":\"https:\/\/web.consaguirre.com.ar\/noticias\/#website\",\"url\":\"https:\/\/web.consaguirre.com.ar\/noticias\/\",\"name\":\"Conservatorio de M\u00fasica Juli\u00e1n Aguirre\",\"description\":\"\",\"publisher\":{\"@id\":\"https:\/\/web.consaguirre.com.ar\/noticias\/#organization\"},\"potentialAction\":[{\"@type\":\"SearchAction\",\"target\":{\"@type\":\"EntryPoint\",\"urlTemplate\":\"https:\/\/web.consaguirre.com.ar\/noticias\/?s={search_term_string}\"},\"query-input\":\"required name=search_term_string\"}],\"inLanguage\":\"es-AR\"},{\"@type\":\"Organization\",\"@id\":\"https:\/\/web.consaguirre.com.ar\/noticias\/#organization\",\"name\":\"Conservatorio de M\u00fasica Juli\u00e1n Aguirre\",\"url\":\"https:\/\/web.consaguirre.com.ar\/noticias\/\",\"logo\":{\"@type\":\"ImageObject\",\"inLanguage\":\"es-AR\",\"@id\":\"https:\/\/web.consaguirre.com.ar\/noticias\/#\/schema\/logo\/image\/\",\"url\":\"https:\/\/web.consaguirre.com.ar\/noticias\/wp-content\/uploads\/2024\/08\/Banner-Aguirre-23.jpg\",\"contentUrl\":\"https:\/\/web.consaguirre.com.ar\/noticias\/wp-content\/uploads\/2024\/08\/Banner-Aguirre-23.jpg\",\"width\":1192,\"height\":600,\"caption\":\"Conservatorio de M\u00fasica Juli\u00e1n Aguirre\"},\"image\":{\"@id\":\"https:\/\/web.consaguirre.com.ar\/noticias\/#\/schema\/logo\/image\/\"}},{\"@type\":\"Person\",\"@id\":\"https:\/\/web.consaguirre.com.ar\/noticias\/#\/schema\/person\/6558b0cfedee7ddc5425602b237d5722\",\"name\":\"Javier Figueroa\",\"image\":{\"@type\":\"ImageObject\",\"inLanguage\":\"es-AR\",\"@id\":\"https:\/\/web.consaguirre.com.ar\/noticias\/#\/schema\/person\/image\/\",\"url\":\"https:\/\/web.consaguirre.com.ar\/noticias\/wp-content\/uploads\/2024\/08\/Consaguirre-scaled.jpg\",\"contentUrl\":\"https:\/\/web.consaguirre.com.ar\/noticias\/wp-content\/uploads\/2024\/08\/Consaguirre-scaled.jpg\",\"caption\":\"Javier Figueroa\"},\"description\":\"Me llamo Javier Figueroa y soy redactor para el sitio oficial del Conservatorio de M\u00fasica Juli\u00e1n Aguirre en Buenos Aires, consaguirre.com. Apasionado por la m\u00fasica y la escritura, me esfuerzo por destacar los talentos y eventos de nuestra prestigiosa instituci\u00f3n. Mi trayectoria se nutre de una profunda admiraci\u00f3n por los artistas, haciendo de cada art\u00edculo una celebraci\u00f3n de la creatividad y la cultura musical.\",\"sameAs\":[\"https:\/\/web.consaguirre.com.ar\/noticias\"]}]}<\/script>\n<!-- \/ Yoast SEO plugin. -->","yoast_head_json":{"title":"'D12 World' de D12 obtiene una reedici\u00f3n en vinilo","robots":{"index":"index","follow":"follow","max-snippet":"max-snippet:-1","max-image-preview":"max-image-preview:large","max-video-preview":"max-video-preview:-1"},"canonical":"https:\/\/web.consaguirre.com.ar\/noticias\/d12-world-de-d12-obtiene-una-reedicion-en-vinilo\/","og_locale":"es_ES","og_type":"article","og_title":"'D12 World' de D12 obtiene una reedici\u00f3n en vinilo","og_description":"D12 Mundo D12 El \u00e1lbum llegar\u00e1 por primera vez en vinilo. La reedici\u00f3n, que se anunci\u00f3 hoy, se lanzar\u00e1 en vinilo negro est\u00e1ndar 2LP. Lanzado","og_url":"https:\/\/web.consaguirre.com.ar\/noticias\/d12-world-de-d12-obtiene-una-reedicion-en-vinilo\/","og_site_name":"Conservatorio de M\u00fasica Juli\u00e1n Aguirre","article_published_time":"2025-12-12T17:38:48+00:00","article_modified_time":"2025-12-12T17:38:49+00:00","og_image":[{"width":820,"height":820,"url":"https:\/\/web.consaguirre.com.ar\/noticias\/wp-content\/uploads\/2025\/12\/D12-World-de-D12-obtiene-una-reedicion-en-vinilo.jpg","type":"image\/jpeg"}],"author":"Javier Figueroa","twitter_card":"summary_large_image","twitter_misc":{"Escrito por":"Javier Figueroa","Tiempo de lectura":"2 minutos"},"schema":{"@context":"https:\/\/schema.org","@graph":[{"@type":"Article","@id":"https:\/\/web.consaguirre.com.ar\/noticias\/d12-world-de-d12-obtiene-una-reedicion-en-vinilo\/#article","isPartOf":{"@id":"https:\/\/web.consaguirre.com.ar\/noticias\/d12-world-de-d12-obtiene-una-reedicion-en-vinilo\/"},"author":{"name":"Javier Figueroa","@id":"https:\/\/web.consaguirre.com.ar\/noticias\/#\/schema\/person\/6558b0cfedee7ddc5425602b237d5722"},"headline":"&#8216;D12 World&#8217; de D12 obtiene una reedici\u00f3n en vinilo","datePublished":"2025-12-12T17:38:48+00:00","dateModified":"2025-12-12T17:38:49+00:00","mainEntityOfPage":{"@id":"https:\/\/web.consaguirre.com.ar\/noticias\/d12-world-de-d12-obtiene-una-reedicion-en-vinilo\/"},"wordCount":385,"publisher":{"@id":"https:\/\/web.consaguirre.com.ar\/noticias\/#organization"},"image":{"@id":"https:\/\/web.consaguirre.com.ar\/noticias\/d12-world-de-d12-obtiene-una-reedicion-en-vinilo\/#primaryimage"},"thumbnailUrl":"https:\/\/web.consaguirre.com.ar\/noticias\/wp-content\/uploads\/2025\/12\/D12-World-de-D12-obtiene-una-reedicion-en-vinilo.jpg","keywords":["D12","obtiene","reedici\u00f3n","una","vinilo","World"],"articleSection":["El \u00faltimo"],"inLanguage":"es-AR"},{"@type":"WebPage","@id":"https:\/\/web.consaguirre.com.ar\/noticias\/d12-world-de-d12-obtiene-una-reedicion-en-vinilo\/","url":"https:\/\/web.consaguirre.com.ar\/noticias\/d12-world-de-d12-obtiene-una-reedicion-en-vinilo\/","name":"'D12 World' de D12 obtiene una reedici\u00f3n en vinilo","isPartOf":{"@id":"https:\/\/web.consaguirre.com.ar\/noticias\/#website"},"primaryImageOfPage":{"@id":"https:\/\/web.consaguirre.com.ar\/noticias\/d12-world-de-d12-obtiene-una-reedicion-en-vinilo\/#primaryimage"},"image":{"@id":"https:\/\/web.consaguirre.com.ar\/noticias\/d12-world-de-d12-obtiene-una-reedicion-en-vinilo\/#primaryimage"},"thumbnailUrl":"https:\/\/web.consaguirre.com.ar\/noticias\/wp-content\/uploads\/2025\/12\/D12-World-de-D12-obtiene-una-reedicion-en-vinilo.jpg","datePublished":"2025-12-12T17:38:48+00:00","dateModified":"2025-12-12T17:38:49+00:00","breadcrumb":{"@id":"https:\/\/web.consaguirre.com.ar\/noticias\/d12-world-de-d12-obtiene-una-reedicion-en-vinilo\/#breadcrumb"},"inLanguage":"es-AR","potentialAction":[{"@type":"ReadAction","target":["https:\/\/web.consaguirre.com.ar\/noticias\/d12-world-de-d12-obtiene-una-reedicion-en-vinilo\/"]}]},{"@type":"ImageObject","inLanguage":"es-AR","@id":"https:\/\/web.consaguirre.com.ar\/noticias\/d12-world-de-d12-obtiene-una-reedicion-en-vinilo\/#primaryimage","url":"https:\/\/web.consaguirre.com.ar\/noticias\/wp-content\/uploads\/2025\/12\/D12-World-de-D12-obtiene-una-reedicion-en-vinilo.jpg","contentUrl":"https:\/\/web.consaguirre.com.ar\/noticias\/wp-content\/uploads\/2025\/12\/D12-World-de-D12-obtiene-una-reedicion-en-vinilo.jpg","width":820,"height":820,"caption":"'D12 World' de D12 obtiene una reedici\u00f3n en vinilo"},{"@type":"BreadcrumbList","@id":"https:\/\/web.consaguirre.com.ar\/noticias\/d12-world-de-d12-obtiene-una-reedicion-en-vinilo\/#breadcrumb","itemListElement":[{"@type":"ListItem","position":1,"name":"Inicio","item":"https:\/\/web.consaguirre.com.ar\/noticias\/"},{"@type":"ListItem","position":2,"name":"&#8216;D12 World&#8217; de D12 obtiene una reedici\u00f3n en vinilo"}]},{"@type":"WebSite","@id":"https:\/\/web.consaguirre.com.ar\/noticias\/#website","url":"https:\/\/web.consaguirre.com.ar\/noticias\/","name":"Conservatorio de M\u00fasica Juli\u00e1n Aguirre","description":"","publisher":{"@id":"https:\/\/web.consaguirre.com.ar\/noticias\/#organization"},"potentialAction":[{"@type":"SearchAction","target":{"@type":"EntryPoint","urlTemplate":"https:\/\/web.consaguirre.com.ar\/noticias\/?s={search_term_string}"},"query-input":"required name=search_term_string"}],"inLanguage":"es-AR"},{"@type":"Organization","@id":"https:\/\/web.consaguirre.com.ar\/noticias\/#organization","name":"Conservatorio de M\u00fasica Juli\u00e1n Aguirre","url":"https:\/\/web.consaguirre.com.ar\/noticias\/","logo":{"@type":"ImageObject","inLanguage":"es-AR","@id":"https:\/\/web.consaguirre.com.ar\/noticias\/#\/schema\/logo\/image\/","url":"https:\/\/web.consaguirre.com.ar\/noticias\/wp-content\/uploads\/2024\/08\/Banner-Aguirre-23.jpg","contentUrl":"https:\/\/web.consaguirre.com.ar\/noticias\/wp-content\/uploads\/2024\/08\/Banner-Aguirre-23.jpg","width":1192,"height":600,"caption":"Conservatorio de M\u00fasica Juli\u00e1n Aguirre"},"image":{"@id":"https:\/\/web.consaguirre.com.ar\/noticias\/#\/schema\/logo\/image\/"}},{"@type":"Person","@id":"https:\/\/web.consaguirre.com.ar\/noticias\/#\/schema\/person\/6558b0cfedee7ddc5425602b237d5722","name":"Javier Figueroa","image":{"@type":"ImageObject","inLanguage":"es-AR","@id":"https:\/\/web.consaguirre.com.ar\/noticias\/#\/schema\/person\/image\/","url":"https:\/\/web.consaguirre.com.ar\/noticias\/wp-content\/uploads\/2024\/08\/Consaguirre-scaled.jpg","contentUrl":"https:\/\/web.consaguirre.com.ar\/noticias\/wp-content\/uploads\/2024\/08\/Consaguirre-scaled.jpg","caption":"Javier Figueroa"},"description":"Me llamo Javier Figueroa y soy redactor para el sitio oficial del Conservatorio de M\u00fasica Juli\u00e1n Aguirre en Buenos Aires, consaguirre.com. Apasionado por la m\u00fasica y la escritura, me esfuerzo por destacar los talentos y eventos de nuestra prestigiosa instituci\u00f3n. Mi trayectoria se nutre de una profunda admiraci\u00f3n por los artistas, haciendo de cada art\u00edculo una celebraci\u00f3n de la creatividad y la cultura musical.","sameAs":["https:\/\/web.consaguirre.com.ar\/noticias"]}]}},"_links":{"self":[{"href":"https:\/\/web.consaguirre.com.ar\/noticias\/wp-json\/wp\/v2\/posts\/4604"}],"collection":[{"href":"https:\/\/web.consaguirre.com.ar\/noticias\/wp-json\/wp\/v2\/posts"}],"about":[{"href":"https:\/\/web.consaguirre.com.ar\/noticias\/wp-json\/wp\/v2\/types\/post"}],"author":[{"embeddable":true,"href":"https:\/\/web.consaguirre.com.ar\/noticias\/wp-json\/wp\/v2\/users\/1"}],"replies":[{"embeddable":true,"href":"https:\/\/web.consaguirre.com.ar\/noticias\/wp-json\/wp\/v2\/comments?post=4604"}],"version-history":[{"count":1,"href":"https:\/\/web.consaguirre.com.ar\/noticias\/wp-json\/wp\/v2\/posts\/4604\/revisions"}],"predecessor-version":[{"id":4606,"href":"https:\/\/web.consaguirre.com.ar\/noticias\/wp-json\/wp\/v2\/posts\/4604\/revisions\/4606"}],"wp:featuredmedia":[{"embeddable":true,"href":"https:\/\/web.consaguirre.com.ar\/noticias\/wp-json\/wp\/v2\/media\/4605"}],"wp:attachment":[{"href":"https:\/\/web.consaguirre.com.ar\/noticias\/wp-json\/wp\/v2\/media?parent=4604"}],"wp:term":[{"taxonomy":"category","embeddable":true,"href":"https:\/\/web.consaguirre.com.ar\/noticias\/wp-json\/wp\/v2\/categories?post=4604"},{"taxonomy":"post_tag","embeddable":true,"href":"https:\/\/web.consaguirre.com.ar\/noticias\/wp-json\/wp\/v2\/tags?post=4604"}],"curies":[{"name":"wp","href":"https:\/\/api.w.org\/{rel}","templated":true}]}}