{"id":4601,"date":"2025-12-12T11:39:27","date_gmt":"2025-12-12T14:39:27","guid":{"rendered":"https:\/\/web.consaguirre.com.ar\/noticias\/los-albumes-de-sammy-davis-jr-llegan-al-streaming-por-primera-vez\/"},"modified":"2025-12-12T11:39:28","modified_gmt":"2025-12-12T14:39:28","slug":"los-albumes-de-sammy-davis-jr-llegan-al-streaming-por-primera-vez","status":"publish","type":"post","link":"https:\/\/web.consaguirre.com.ar\/noticias\/los-albumes-de-sammy-davis-jr-llegan-al-streaming-por-primera-vez\/","title":{"rendered":"Los \u00e1lbumes de Sammy Davis Jr. llegan al streaming por primera vez"},"content":{"rendered":"<p>El legado de Sammy Davis Jr. a\u00fan sigue vivo, ya que cinco de los \u00e1lbumes del artista acaban de ser lanzados en streaming por primera vez. El \u00edcono, nacido el 8 de diciembre de 1925, habr\u00eda cumplido 100 a\u00f1os esta semana, lo que hace que el anuncio sea una adici\u00f3n apropiada a la celebraci\u00f3n de su centenario.<\/p>\n<p>Los cinco \u00e1lbumes incluyen el de 1957. <em>Sammy columpios<\/em>1972 <em>Sammy Davis Jr. ahora<\/em>1973 <em>Sammy &#8211; La banda sonora original de televisi\u00f3n<\/em>1974 <em>\u00a1Eso es entretenimiento!<\/em>y 1976 <em>El hombre de la canci\u00f3n y la danza<\/em>. Davis lanz\u00f3 m\u00e1s de 50 \u00e1lbumes durante su extensa carrera discogr\u00e1fica, que abarcan varios g\u00e9neros, desde jazz y pop hasta melod\u00edas de espect\u00e1culos de Broadway. Esta nueva selecci\u00f3n de \u00e1lbumes, que antes no estaban disponibles en plataformas digitales, destaca su talento en el swing y la big band.<\/p>\n<p>Nacido en Harlem, Nueva York, de padres educados en vodevil, la carrera de Davis comenz\u00f3 a la temprana edad de 3 a\u00f1os y continu\u00f3 hasta su muerte a los 64 a\u00f1os en 1990. Davis, un int\u00e9rprete de m\u00faltiples guiones, fue un cantante, comediante, bailar\u00edn y actor de Broadway condecorado. Es conocido con cari\u00f1o por ser parte del Rat Pack de Hollywood junto a sus amigos Frank Sinatra y Dean Martin, adem\u00e1s de ser una de las estrellas m\u00e1s importantes de Las Vegas.<\/p>\n<div class=\"uD-YT-container\"><img decoding=\"async\" src=\"https:\/\/web.consaguirre.com.ar\/noticias\/wp-content\/uploads\/2025\/12\/1765550367_178_Los-albumes-de-Sammy-Davis-Jr-llegan-al-streaming-por.jpg\" alt=\"V\u00eddeo de YouTube\"><br \/>Haga clic para cargar v\u00eddeo<\/div>\n<p>En honor a su cumplea\u00f1os n\u00famero 100, el Valle de Las Vegas lanz\u00f3 la celebraci\u00f3n anual del centenario #SDJ100 el 8 de diciembre. El evento, celebrado en Cork &#038; Thorn y presentado por su hijo Manny Davis, cont\u00f3 con una actuaci\u00f3n de jazz encabezada por Shirley Hill junto con otros invitados especiales. Los herederos de davis tambi\u00e9n anunciaron la reedici\u00f3n de sus memorias, <em>\u00a1S\u00ed puedo!<\/em> Publicada originalmente en 1965, la reedici\u00f3n tiene una nueva introducci\u00f3n de Questlove e im\u00e1genes exclusivas seleccionadas por Manny Davis.<\/p>\n<p>&#8220;Sammy Davis, Jr., no s\u00f3lo era un talento imponente y sui generis, sino tambi\u00e9n un artista que utiliz\u00f3 su plataforma y prestigio para luchar por la igualdad y la justicia, dando ejemplo de c\u00f3mo &#8216;presentarse&#8217; ante los marginados de la manera m\u00e1s significativa&#8221;, dijo Don Cheadle, quien interpret\u00f3 al artista en la pel\u00edcula de HBO de 1998. <em>La manada de ratas<\/em>compartido.<\/p>\n<p><em>hamilton<\/em> La estrella Leslie Odom, Jr., que est\u00e1 adaptando el art\u00edculo de Rolling Stone &#8220;Dance With the Devil&#8221; para una pel\u00edcula de terror en la que interpretar\u00e1 a Davis, tambi\u00e9n comparti\u00f3: &#8220;Sammy es el modelo y el est\u00e1ndar de oro. Sammy es el list\u00f3n. Supongo que siempre lo ser\u00e1. Sammy ten\u00eda un talento. Le dieron una doble porci\u00f3n de talento en la puerta de salida, y luego pas\u00f3 toda su vida cultiv\u00e1ndolo. Hab\u00eda estado frente a audiencias pagas desde que ten\u00eda (tres) a\u00f1os, as\u00ed que cuando comenz\u00f3 Haciendo ruido en el negocio cuando era joven, estaba d\u00e9cadas por delante de sus pares en formaci\u00f3n y experiencia\u201d.<\/p><\/p>\n","protected":false},"excerpt":{"rendered":"<p>El legado de Sammy Davis Jr. a\u00fan sigue vivo, ya que cinco de los \u00e1lbumes del artista acaban de ser lanzados en streaming por primera<\/p>\n","protected":false},"author":1,"featured_media":4602,"comment_status":"closed","ping_status":"","sticky":false,"template":"","format":"standard","meta":{"footnotes":""},"categories":[50],"tags":[205,346,2402,180,96,186,1465,1375,187],"class_list":["post-4601","post","type-post","status-publish","format-standard","has-post-thumbnail","hentry","category-el-ultimo","tag-albumes","tag-davis","tag-llegan","tag-los","tag-por","tag-primera","tag-sammy","tag-streaming","tag-vez","generate-columns","tablet-grid-50","mobile-grid-100","grid-parent","grid-50"],"yoast_head":"<!-- This site is optimized with the Yoast SEO plugin v23.3 - https:\/\/yoast.com\/wordpress\/plugins\/seo\/ -->\n<title>Los \u00e1lbumes de Sammy Davis Jr. llegan al streaming por primera vez<\/title>\n<meta name=\"robots\" content=\"index, follow, max-snippet:-1, max-image-preview:large, max-video-preview:-1\" \/>\n<link rel=\"canonical\" href=\"https:\/\/web.consaguirre.com.ar\/noticias\/los-albumes-de-sammy-davis-jr-llegan-al-streaming-por-primera-vez\/\" \/>\n<meta property=\"og:locale\" content=\"es_ES\" \/>\n<meta property=\"og:type\" content=\"article\" \/>\n<meta property=\"og:title\" content=\"Los \u00e1lbumes de Sammy Davis Jr. llegan al streaming por primera vez\" \/>\n<meta property=\"og:description\" content=\"El legado de Sammy Davis Jr. a\u00fan sigue vivo, ya que cinco de los \u00e1lbumes del artista acaban de ser lanzados en streaming por primera\" \/>\n<meta property=\"og:url\" content=\"https:\/\/web.consaguirre.com.ar\/noticias\/los-albumes-de-sammy-davis-jr-llegan-al-streaming-por-primera-vez\/\" \/>\n<meta property=\"og:site_name\" content=\"Conservatorio de M\u00fasica Juli\u00e1n Aguirre\" \/>\n<meta property=\"article:published_time\" content=\"2025-12-12T14:39:27+00:00\" \/>\n<meta property=\"article:modified_time\" content=\"2025-12-12T14:39:28+00:00\" \/>\n<meta property=\"og:image\" content=\"https:\/\/web.consaguirre.com.ar\/noticias\/wp-content\/uploads\/2025\/12\/Los-albumes-de-Sammy-Davis-Jr-llegan-al-streaming-por.jpg\" \/>\n\t<meta property=\"og:image:width\" content=\"820\" \/>\n\t<meta property=\"og:image:height\" content=\"820\" \/>\n\t<meta property=\"og:image:type\" content=\"image\/jpeg\" \/>\n<meta name=\"author\" content=\"Javier Figueroa\" \/>\n<meta name=\"twitter:card\" content=\"summary_large_image\" \/>\n<meta name=\"twitter:label1\" content=\"Escrito por\" \/>\n\t<meta name=\"twitter:data1\" content=\"Javier Figueroa\" \/>\n\t<meta name=\"twitter:label2\" content=\"Tiempo de lectura\" \/>\n\t<meta name=\"twitter:data2\" content=\"3 minutos\" \/>\n<script type=\"application\/ld+json\" class=\"yoast-schema-graph\">{\"@context\":\"https:\/\/schema.org\",\"@graph\":[{\"@type\":\"Article\",\"@id\":\"https:\/\/web.consaguirre.com.ar\/noticias\/los-albumes-de-sammy-davis-jr-llegan-al-streaming-por-primera-vez\/#article\",\"isPartOf\":{\"@id\":\"https:\/\/web.consaguirre.com.ar\/noticias\/los-albumes-de-sammy-davis-jr-llegan-al-streaming-por-primera-vez\/\"},\"author\":{\"name\":\"Javier Figueroa\",\"@id\":\"https:\/\/web.consaguirre.com.ar\/noticias\/#\/schema\/person\/6558b0cfedee7ddc5425602b237d5722\"},\"headline\":\"Los \u00e1lbumes de Sammy Davis Jr. llegan al streaming por primera vez\",\"datePublished\":\"2025-12-12T14:39:27+00:00\",\"dateModified\":\"2025-12-12T14:39:28+00:00\",\"mainEntityOfPage\":{\"@id\":\"https:\/\/web.consaguirre.com.ar\/noticias\/los-albumes-de-sammy-davis-jr-llegan-al-streaming-por-primera-vez\/\"},\"wordCount\":524,\"publisher\":{\"@id\":\"https:\/\/web.consaguirre.com.ar\/noticias\/#organization\"},\"image\":{\"@id\":\"https:\/\/web.consaguirre.com.ar\/noticias\/los-albumes-de-sammy-davis-jr-llegan-al-streaming-por-primera-vez\/#primaryimage\"},\"thumbnailUrl\":\"https:\/\/web.consaguirre.com.ar\/noticias\/wp-content\/uploads\/2025\/12\/Los-albumes-de-Sammy-Davis-Jr-llegan-al-streaming-por.jpg\",\"keywords\":[\"\u00e1lbumes\",\"Davis\",\"llegan\",\"los\",\"por\",\"primera\",\"Sammy\",\"streaming\",\"vez\"],\"articleSection\":[\"El \u00faltimo\"],\"inLanguage\":\"es-AR\"},{\"@type\":\"WebPage\",\"@id\":\"https:\/\/web.consaguirre.com.ar\/noticias\/los-albumes-de-sammy-davis-jr-llegan-al-streaming-por-primera-vez\/\",\"url\":\"https:\/\/web.consaguirre.com.ar\/noticias\/los-albumes-de-sammy-davis-jr-llegan-al-streaming-por-primera-vez\/\",\"name\":\"Los \u00e1lbumes de Sammy Davis Jr. llegan al streaming por primera vez\",\"isPartOf\":{\"@id\":\"https:\/\/web.consaguirre.com.ar\/noticias\/#website\"},\"primaryImageOfPage\":{\"@id\":\"https:\/\/web.consaguirre.com.ar\/noticias\/los-albumes-de-sammy-davis-jr-llegan-al-streaming-por-primera-vez\/#primaryimage\"},\"image\":{\"@id\":\"https:\/\/web.consaguirre.com.ar\/noticias\/los-albumes-de-sammy-davis-jr-llegan-al-streaming-por-primera-vez\/#primaryimage\"},\"thumbnailUrl\":\"https:\/\/web.consaguirre.com.ar\/noticias\/wp-content\/uploads\/2025\/12\/Los-albumes-de-Sammy-Davis-Jr-llegan-al-streaming-por.jpg\",\"datePublished\":\"2025-12-12T14:39:27+00:00\",\"dateModified\":\"2025-12-12T14:39:28+00:00\",\"breadcrumb\":{\"@id\":\"https:\/\/web.consaguirre.com.ar\/noticias\/los-albumes-de-sammy-davis-jr-llegan-al-streaming-por-primera-vez\/#breadcrumb\"},\"inLanguage\":\"es-AR\",\"potentialAction\":[{\"@type\":\"ReadAction\",\"target\":[\"https:\/\/web.consaguirre.com.ar\/noticias\/los-albumes-de-sammy-davis-jr-llegan-al-streaming-por-primera-vez\/\"]}]},{\"@type\":\"ImageObject\",\"inLanguage\":\"es-AR\",\"@id\":\"https:\/\/web.consaguirre.com.ar\/noticias\/los-albumes-de-sammy-davis-jr-llegan-al-streaming-por-primera-vez\/#primaryimage\",\"url\":\"https:\/\/web.consaguirre.com.ar\/noticias\/wp-content\/uploads\/2025\/12\/Los-albumes-de-Sammy-Davis-Jr-llegan-al-streaming-por.jpg\",\"contentUrl\":\"https:\/\/web.consaguirre.com.ar\/noticias\/wp-content\/uploads\/2025\/12\/Los-albumes-de-Sammy-Davis-Jr-llegan-al-streaming-por.jpg\",\"width\":820,\"height\":820,\"caption\":\"Los \u00e1lbumes de Sammy Davis Jr. llegan al streaming por primera vez\"},{\"@type\":\"BreadcrumbList\",\"@id\":\"https:\/\/web.consaguirre.com.ar\/noticias\/los-albumes-de-sammy-davis-jr-llegan-al-streaming-por-primera-vez\/#breadcrumb\",\"itemListElement\":[{\"@type\":\"ListItem\",\"position\":1,\"name\":\"Inicio\",\"item\":\"https:\/\/web.consaguirre.com.ar\/noticias\/\"},{\"@type\":\"ListItem\",\"position\":2,\"name\":\"Los \u00e1lbumes de Sammy Davis Jr. llegan al streaming por primera vez\"}]},{\"@type\":\"WebSite\",\"@id\":\"https:\/\/web.consaguirre.com.ar\/noticias\/#website\",\"url\":\"https:\/\/web.consaguirre.com.ar\/noticias\/\",\"name\":\"Conservatorio de M\u00fasica Juli\u00e1n Aguirre\",\"description\":\"\",\"publisher\":{\"@id\":\"https:\/\/web.consaguirre.com.ar\/noticias\/#organization\"},\"potentialAction\":[{\"@type\":\"SearchAction\",\"target\":{\"@type\":\"EntryPoint\",\"urlTemplate\":\"https:\/\/web.consaguirre.com.ar\/noticias\/?s={search_term_string}\"},\"query-input\":\"required name=search_term_string\"}],\"inLanguage\":\"es-AR\"},{\"@type\":\"Organization\",\"@id\":\"https:\/\/web.consaguirre.com.ar\/noticias\/#organization\",\"name\":\"Conservatorio de M\u00fasica Juli\u00e1n Aguirre\",\"url\":\"https:\/\/web.consaguirre.com.ar\/noticias\/\",\"logo\":{\"@type\":\"ImageObject\",\"inLanguage\":\"es-AR\",\"@id\":\"https:\/\/web.consaguirre.com.ar\/noticias\/#\/schema\/logo\/image\/\",\"url\":\"https:\/\/web.consaguirre.com.ar\/noticias\/wp-content\/uploads\/2024\/08\/Banner-Aguirre-23.jpg\",\"contentUrl\":\"https:\/\/web.consaguirre.com.ar\/noticias\/wp-content\/uploads\/2024\/08\/Banner-Aguirre-23.jpg\",\"width\":1192,\"height\":600,\"caption\":\"Conservatorio de M\u00fasica Juli\u00e1n Aguirre\"},\"image\":{\"@id\":\"https:\/\/web.consaguirre.com.ar\/noticias\/#\/schema\/logo\/image\/\"}},{\"@type\":\"Person\",\"@id\":\"https:\/\/web.consaguirre.com.ar\/noticias\/#\/schema\/person\/6558b0cfedee7ddc5425602b237d5722\",\"name\":\"Javier Figueroa\",\"image\":{\"@type\":\"ImageObject\",\"inLanguage\":\"es-AR\",\"@id\":\"https:\/\/web.consaguirre.com.ar\/noticias\/#\/schema\/person\/image\/\",\"url\":\"https:\/\/web.consaguirre.com.ar\/noticias\/wp-content\/uploads\/2024\/08\/Consaguirre-scaled.jpg\",\"contentUrl\":\"https:\/\/web.consaguirre.com.ar\/noticias\/wp-content\/uploads\/2024\/08\/Consaguirre-scaled.jpg\",\"caption\":\"Javier Figueroa\"},\"description\":\"Me llamo Javier Figueroa y soy redactor para el sitio oficial del Conservatorio de M\u00fasica Juli\u00e1n Aguirre en Buenos Aires, consaguirre.com. Apasionado por la m\u00fasica y la escritura, me esfuerzo por destacar los talentos y eventos de nuestra prestigiosa instituci\u00f3n. Mi trayectoria se nutre de una profunda admiraci\u00f3n por los artistas, haciendo de cada art\u00edculo una celebraci\u00f3n de la creatividad y la cultura musical.\",\"sameAs\":[\"https:\/\/web.consaguirre.com.ar\/noticias\"]}]}<\/script>\n<!-- \/ Yoast SEO plugin. -->","yoast_head_json":{"title":"Los \u00e1lbumes de Sammy Davis Jr. llegan al streaming por primera vez","robots":{"index":"index","follow":"follow","max-snippet":"max-snippet:-1","max-image-preview":"max-image-preview:large","max-video-preview":"max-video-preview:-1"},"canonical":"https:\/\/web.consaguirre.com.ar\/noticias\/los-albumes-de-sammy-davis-jr-llegan-al-streaming-por-primera-vez\/","og_locale":"es_ES","og_type":"article","og_title":"Los \u00e1lbumes de Sammy Davis Jr. llegan al streaming por primera vez","og_description":"El legado de Sammy Davis Jr. a\u00fan sigue vivo, ya que cinco de los \u00e1lbumes del artista acaban de ser lanzados en streaming por primera","og_url":"https:\/\/web.consaguirre.com.ar\/noticias\/los-albumes-de-sammy-davis-jr-llegan-al-streaming-por-primera-vez\/","og_site_name":"Conservatorio de M\u00fasica Juli\u00e1n Aguirre","article_published_time":"2025-12-12T14:39:27+00:00","article_modified_time":"2025-12-12T14:39:28+00:00","og_image":[{"width":820,"height":820,"url":"https:\/\/web.consaguirre.com.ar\/noticias\/wp-content\/uploads\/2025\/12\/Los-albumes-de-Sammy-Davis-Jr-llegan-al-streaming-por.jpg","type":"image\/jpeg"}],"author":"Javier Figueroa","twitter_card":"summary_large_image","twitter_misc":{"Escrito por":"Javier Figueroa","Tiempo de lectura":"3 minutos"},"schema":{"@context":"https:\/\/schema.org","@graph":[{"@type":"Article","@id":"https:\/\/web.consaguirre.com.ar\/noticias\/los-albumes-de-sammy-davis-jr-llegan-al-streaming-por-primera-vez\/#article","isPartOf":{"@id":"https:\/\/web.consaguirre.com.ar\/noticias\/los-albumes-de-sammy-davis-jr-llegan-al-streaming-por-primera-vez\/"},"author":{"name":"Javier Figueroa","@id":"https:\/\/web.consaguirre.com.ar\/noticias\/#\/schema\/person\/6558b0cfedee7ddc5425602b237d5722"},"headline":"Los \u00e1lbumes de Sammy Davis Jr. llegan al streaming por primera vez","datePublished":"2025-12-12T14:39:27+00:00","dateModified":"2025-12-12T14:39:28+00:00","mainEntityOfPage":{"@id":"https:\/\/web.consaguirre.com.ar\/noticias\/los-albumes-de-sammy-davis-jr-llegan-al-streaming-por-primera-vez\/"},"wordCount":524,"publisher":{"@id":"https:\/\/web.consaguirre.com.ar\/noticias\/#organization"},"image":{"@id":"https:\/\/web.consaguirre.com.ar\/noticias\/los-albumes-de-sammy-davis-jr-llegan-al-streaming-por-primera-vez\/#primaryimage"},"thumbnailUrl":"https:\/\/web.consaguirre.com.ar\/noticias\/wp-content\/uploads\/2025\/12\/Los-albumes-de-Sammy-Davis-Jr-llegan-al-streaming-por.jpg","keywords":["\u00e1lbumes","Davis","llegan","los","por","primera","Sammy","streaming","vez"],"articleSection":["El \u00faltimo"],"inLanguage":"es-AR"},{"@type":"WebPage","@id":"https:\/\/web.consaguirre.com.ar\/noticias\/los-albumes-de-sammy-davis-jr-llegan-al-streaming-por-primera-vez\/","url":"https:\/\/web.consaguirre.com.ar\/noticias\/los-albumes-de-sammy-davis-jr-llegan-al-streaming-por-primera-vez\/","name":"Los \u00e1lbumes de Sammy Davis Jr. llegan al streaming por primera vez","isPartOf":{"@id":"https:\/\/web.consaguirre.com.ar\/noticias\/#website"},"primaryImageOfPage":{"@id":"https:\/\/web.consaguirre.com.ar\/noticias\/los-albumes-de-sammy-davis-jr-llegan-al-streaming-por-primera-vez\/#primaryimage"},"image":{"@id":"https:\/\/web.consaguirre.com.ar\/noticias\/los-albumes-de-sammy-davis-jr-llegan-al-streaming-por-primera-vez\/#primaryimage"},"thumbnailUrl":"https:\/\/web.consaguirre.com.ar\/noticias\/wp-content\/uploads\/2025\/12\/Los-albumes-de-Sammy-Davis-Jr-llegan-al-streaming-por.jpg","datePublished":"2025-12-12T14:39:27+00:00","dateModified":"2025-12-12T14:39:28+00:00","breadcrumb":{"@id":"https:\/\/web.consaguirre.com.ar\/noticias\/los-albumes-de-sammy-davis-jr-llegan-al-streaming-por-primera-vez\/#breadcrumb"},"inLanguage":"es-AR","potentialAction":[{"@type":"ReadAction","target":["https:\/\/web.consaguirre.com.ar\/noticias\/los-albumes-de-sammy-davis-jr-llegan-al-streaming-por-primera-vez\/"]}]},{"@type":"ImageObject","inLanguage":"es-AR","@id":"https:\/\/web.consaguirre.com.ar\/noticias\/los-albumes-de-sammy-davis-jr-llegan-al-streaming-por-primera-vez\/#primaryimage","url":"https:\/\/web.consaguirre.com.ar\/noticias\/wp-content\/uploads\/2025\/12\/Los-albumes-de-Sammy-Davis-Jr-llegan-al-streaming-por.jpg","contentUrl":"https:\/\/web.consaguirre.com.ar\/noticias\/wp-content\/uploads\/2025\/12\/Los-albumes-de-Sammy-Davis-Jr-llegan-al-streaming-por.jpg","width":820,"height":820,"caption":"Los \u00e1lbumes de Sammy Davis Jr. llegan al streaming por primera vez"},{"@type":"BreadcrumbList","@id":"https:\/\/web.consaguirre.com.ar\/noticias\/los-albumes-de-sammy-davis-jr-llegan-al-streaming-por-primera-vez\/#breadcrumb","itemListElement":[{"@type":"ListItem","position":1,"name":"Inicio","item":"https:\/\/web.consaguirre.com.ar\/noticias\/"},{"@type":"ListItem","position":2,"name":"Los \u00e1lbumes de Sammy Davis Jr. llegan al streaming por primera vez"}]},{"@type":"WebSite","@id":"https:\/\/web.consaguirre.com.ar\/noticias\/#website","url":"https:\/\/web.consaguirre.com.ar\/noticias\/","name":"Conservatorio de M\u00fasica Juli\u00e1n Aguirre","description":"","publisher":{"@id":"https:\/\/web.consaguirre.com.ar\/noticias\/#organization"},"potentialAction":[{"@type":"SearchAction","target":{"@type":"EntryPoint","urlTemplate":"https:\/\/web.consaguirre.com.ar\/noticias\/?s={search_term_string}"},"query-input":"required name=search_term_string"}],"inLanguage":"es-AR"},{"@type":"Organization","@id":"https:\/\/web.consaguirre.com.ar\/noticias\/#organization","name":"Conservatorio de M\u00fasica Juli\u00e1n Aguirre","url":"https:\/\/web.consaguirre.com.ar\/noticias\/","logo":{"@type":"ImageObject","inLanguage":"es-AR","@id":"https:\/\/web.consaguirre.com.ar\/noticias\/#\/schema\/logo\/image\/","url":"https:\/\/web.consaguirre.com.ar\/noticias\/wp-content\/uploads\/2024\/08\/Banner-Aguirre-23.jpg","contentUrl":"https:\/\/web.consaguirre.com.ar\/noticias\/wp-content\/uploads\/2024\/08\/Banner-Aguirre-23.jpg","width":1192,"height":600,"caption":"Conservatorio de M\u00fasica Juli\u00e1n Aguirre"},"image":{"@id":"https:\/\/web.consaguirre.com.ar\/noticias\/#\/schema\/logo\/image\/"}},{"@type":"Person","@id":"https:\/\/web.consaguirre.com.ar\/noticias\/#\/schema\/person\/6558b0cfedee7ddc5425602b237d5722","name":"Javier Figueroa","image":{"@type":"ImageObject","inLanguage":"es-AR","@id":"https:\/\/web.consaguirre.com.ar\/noticias\/#\/schema\/person\/image\/","url":"https:\/\/web.consaguirre.com.ar\/noticias\/wp-content\/uploads\/2024\/08\/Consaguirre-scaled.jpg","contentUrl":"https:\/\/web.consaguirre.com.ar\/noticias\/wp-content\/uploads\/2024\/08\/Consaguirre-scaled.jpg","caption":"Javier Figueroa"},"description":"Me llamo Javier Figueroa y soy redactor para el sitio oficial del Conservatorio de M\u00fasica Juli\u00e1n Aguirre en Buenos Aires, consaguirre.com. Apasionado por la m\u00fasica y la escritura, me esfuerzo por destacar los talentos y eventos de nuestra prestigiosa instituci\u00f3n. Mi trayectoria se nutre de una profunda admiraci\u00f3n por los artistas, haciendo de cada art\u00edculo una celebraci\u00f3n de la creatividad y la cultura musical.","sameAs":["https:\/\/web.consaguirre.com.ar\/noticias"]}]}},"_links":{"self":[{"href":"https:\/\/web.consaguirre.com.ar\/noticias\/wp-json\/wp\/v2\/posts\/4601"}],"collection":[{"href":"https:\/\/web.consaguirre.com.ar\/noticias\/wp-json\/wp\/v2\/posts"}],"about":[{"href":"https:\/\/web.consaguirre.com.ar\/noticias\/wp-json\/wp\/v2\/types\/post"}],"author":[{"embeddable":true,"href":"https:\/\/web.consaguirre.com.ar\/noticias\/wp-json\/wp\/v2\/users\/1"}],"replies":[{"embeddable":true,"href":"https:\/\/web.consaguirre.com.ar\/noticias\/wp-json\/wp\/v2\/comments?post=4601"}],"version-history":[{"count":1,"href":"https:\/\/web.consaguirre.com.ar\/noticias\/wp-json\/wp\/v2\/posts\/4601\/revisions"}],"predecessor-version":[{"id":4603,"href":"https:\/\/web.consaguirre.com.ar\/noticias\/wp-json\/wp\/v2\/posts\/4601\/revisions\/4603"}],"wp:featuredmedia":[{"embeddable":true,"href":"https:\/\/web.consaguirre.com.ar\/noticias\/wp-json\/wp\/v2\/media\/4602"}],"wp:attachment":[{"href":"https:\/\/web.consaguirre.com.ar\/noticias\/wp-json\/wp\/v2\/media?parent=4601"}],"wp:term":[{"taxonomy":"category","embeddable":true,"href":"https:\/\/web.consaguirre.com.ar\/noticias\/wp-json\/wp\/v2\/categories?post=4601"},{"taxonomy":"post_tag","embeddable":true,"href":"https:\/\/web.consaguirre.com.ar\/noticias\/wp-json\/wp\/v2\/tags?post=4601"}],"curies":[{"name":"wp","href":"https:\/\/api.w.org\/{rel}","templated":true}]}}