{"id":4587,"date":"2025-12-10T17:38:38","date_gmt":"2025-12-10T20:38:38","guid":{"rendered":"https:\/\/web.consaguirre.com.ar\/noticias\/muere-raul-malo-lider-de-the-mavericks-a-los-60-anos\/"},"modified":"2025-12-10T17:38:39","modified_gmt":"2025-12-10T20:38:39","slug":"muere-raul-malo-lider-de-the-mavericks-a-los-60-anos","status":"publish","type":"post","link":"https:\/\/web.consaguirre.com.ar\/noticias\/muere-raul-malo-lider-de-the-mavericks-a-los-60-anos\/","title":{"rendered":"Muere Ra\u00fal Malo, l\u00edder de The Mavericks, a los 60 a\u00f1os"},"content":{"rendered":"<p>Ra\u00fal Malo, quien fue el l\u00edder del h\u00edbrido de country-rock latino The Mavericks, muri\u00f3 el lunes a la edad de 60 a\u00f1os. No se confirm\u00f3 la causa de la muerte, aunque Malo afirm\u00f3 en 2024 que le hab\u00edan diagnosticado c\u00e1ncer de colon.<\/p>\n<p>La noticia fue compartida por la banda en una publicaci\u00f3n de Instagram, que inclu\u00eda un largo homenaje a la estrella fallecida. Dec\u00eda, en parte: &#8220;Cualquiera que tuviera el placer de estar en la \u00f3rbita de Ra\u00fal sab\u00eda que \u00e9l era una fuerza de la naturaleza humana, con una energ\u00eda contagiosa. A lo largo de una carrera de m\u00e1s de tres d\u00e9cadas entreteniendo a millones de personas en todo el mundo, sus imponentes contribuciones creativas y su talento generacional sin igual crearon el tipo de m\u00fasica estadounidense multicultural que llega mucho m\u00e1s all\u00e1 de los propios Estados Unidos&#8230;<\/p>\n<p>&#8220;Aunque su cuerpo terrenal haya fallecido, el esp\u00edritu de Ra\u00fal vivir\u00e1 para siempre en el cielo y aqu\u00ed en la tierra a trav\u00e9s de la m\u00fasica, la alegr\u00eda y la luz que trajo. Sus contribuciones a la m\u00fasica estadounidense y latina ser\u00e1n eternas, ya que sus canciones y su voz tocaron a sus fans y compa\u00f1eros artistas de todo el mundo&#8221;.<\/p>\n<p>Malo, nacido y criado en Miami, form\u00f3 la banda en su ciudad natal a finales de los a\u00f1os 1980. La banda inmediatamente encontr\u00f3 tracci\u00f3n gracias a su innovadora combinaci\u00f3n de country rock y m\u00fasica latina. Adem\u00e1s de 15 sencillos que figuraron en las listas de pa\u00edses de Billboard, numerosos reconocimientos de la CMA y el premio a la Mejor Interpretaci\u00f3n Country en los Grammy en 1995, la banda lanz\u00f3 varios \u00e1lbumes exitosos antes de su pausa en 1999 y nuevamente en 2003. Esos LP incluyen <em>Los Mavericks<\/em> (1990), <em>Del infierno al para\u00edso<\/em> (1992), <em>\u00a1Qu\u00e9 verg\u00fcenza!<\/em> (1994), <em>M\u00fasica para todas las ocasiones<\/em> (1995), <em>Trampol\u00edn<\/em> (1998), y <em>Los Mavericks<\/em> (2003). Su regreso triunfal se produjo en 2012 y el \u00faltimo LP de la banda fue 2024. <em>Luna y estrellas<\/em>.<\/p>\n<p>Mientras promocionaba ese \u00e1lbum el a\u00f1o pasado, Malo habl\u00f3 sobre c\u00f3mo su infancia ayud\u00f3 a crear el sonido caracter\u00edstico de la banda. Explic\u00f3: &#8220;Cuando era un ni\u00f1o peque\u00f1o, crec\u00ed en un hogar cubano. Y mis padres, eran lo suficientemente j\u00f3venes como para hacerme escuchar una m\u00fasica realmente buena. Mi pap\u00e1, por ejemplo, era un gran fan\u00e1tico del country. Mi mam\u00e1 era fan\u00e1tica del rock &#8216;n&#8217; roll, de una big band y de la \u00f3pera swing. Ten\u00edamos toda esta m\u00fasica en casa y, ya sabes, cuando&#8230; recuerdo la primera vez que escuch\u00e9 &#8216;It&#8217;s Now Or Never&#8217; de Elvis&#8221;.<\/p>\n<p>Y a\u00f1adi\u00f3: &#8220;Pens\u00e9 que era el mejor disco de rock &#8216;n&#8217; roll de mi vida, y me encant\u00f3 la forma en que mezcl\u00f3 el aria italiana en esta canci\u00f3n de rock &#8216;n&#8217; roll. Mi madre jug\u00f3 un papel decisivo en esto porque recuerdo haber tocado su &#8216;It&#8217;s Now Or Never&#8217;, y luego ella me toc\u00f3 el aria italiana, que es &#8216;O Sole Mio&#8217;.<\/p>\n<p>&#8220;Y eso, para m\u00ed, simplemente me dej\u00f3 alucinado, abri\u00f3 mi mundo y me mostr\u00f3 que la m\u00fasica est\u00e1 relacionada, toda ella, sin importar el g\u00e9nero que sea. Creemos que somos muy inteligentes y creemos que somos muy originales. Y el hecho es que hay ocho notas en una octava. Hay un n\u00famero limitado de acordes que puedes tocar. Y esa conectividad que mostr\u00f3 Elvis se convirti\u00f3 en mi raz\u00f3n para hacer esto, mi raz\u00f3n de ser, t\u00fa&#8221;. Ya lo s\u00e9, como dicen.<\/p>\n<p><script async src=\"\/\/www.instagram.com\/embed.js\"><\/script><\/p>\n","protected":false},"excerpt":{"rendered":"<p>Ra\u00fal Malo, quien fue el l\u00edder del h\u00edbrido de country-rock latino The Mavericks, muri\u00f3 el lunes a la edad de 60 a\u00f1os. No se confirm\u00f3<\/p>\n","protected":false},"author":1,"featured_media":4588,"comment_status":"closed","ping_status":"","sticky":false,"template":"","format":"standard","meta":{"footnotes":""},"categories":[50],"tags":[115,456,180,3625,3626,564,3624],"class_list":["post-4587","post","type-post","status-publish","format-standard","has-post-thumbnail","hentry","category-el-ultimo","tag-anos","tag-lider","tag-los","tag-malo","tag-mavericks","tag-muere","tag-raul","generate-columns","tablet-grid-50","mobile-grid-100","grid-parent","grid-50"],"yoast_head":"<!-- This site is optimized with the Yoast SEO plugin v23.3 - https:\/\/yoast.com\/wordpress\/plugins\/seo\/ -->\n<title>Muere Ra\u00fal Malo, l\u00edder de The Mavericks, a los 60 a\u00f1os<\/title>\n<meta name=\"robots\" content=\"index, follow, max-snippet:-1, max-image-preview:large, max-video-preview:-1\" \/>\n<link rel=\"canonical\" href=\"https:\/\/web.consaguirre.com.ar\/noticias\/muere-raul-malo-lider-de-the-mavericks-a-los-60-anos\/\" \/>\n<meta property=\"og:locale\" content=\"es_ES\" \/>\n<meta property=\"og:type\" content=\"article\" \/>\n<meta property=\"og:title\" content=\"Muere Ra\u00fal Malo, l\u00edder de The Mavericks, a los 60 a\u00f1os\" \/>\n<meta property=\"og:description\" content=\"Ra\u00fal Malo, quien fue el l\u00edder del h\u00edbrido de country-rock latino The Mavericks, muri\u00f3 el lunes a la edad de 60 a\u00f1os. No se confirm\u00f3\" \/>\n<meta property=\"og:url\" content=\"https:\/\/web.consaguirre.com.ar\/noticias\/muere-raul-malo-lider-de-the-mavericks-a-los-60-anos\/\" \/>\n<meta property=\"og:site_name\" content=\"Conservatorio de M\u00fasica Juli\u00e1n Aguirre\" \/>\n<meta property=\"article:published_time\" content=\"2025-12-10T20:38:38+00:00\" \/>\n<meta property=\"article:modified_time\" content=\"2025-12-10T20:38:39+00:00\" \/>\n<meta property=\"og:image\" content=\"https:\/\/web.consaguirre.com.ar\/noticias\/wp-content\/uploads\/2025\/12\/Muere-Raul-Malo-lider-de-The-Mavericks-a-los-60.jpg\" \/>\n\t<meta property=\"og:image:width\" content=\"1440\" \/>\n\t<meta property=\"og:image:height\" content=\"864\" \/>\n\t<meta property=\"og:image:type\" content=\"image\/jpeg\" \/>\n<meta name=\"author\" content=\"Javier Figueroa\" \/>\n<meta name=\"twitter:card\" content=\"summary_large_image\" \/>\n<meta name=\"twitter:label1\" content=\"Escrito por\" \/>\n\t<meta name=\"twitter:data1\" content=\"Javier Figueroa\" \/>\n\t<meta name=\"twitter:label2\" content=\"Tiempo de lectura\" \/>\n\t<meta name=\"twitter:data2\" content=\"3 minutos\" \/>\n<script type=\"application\/ld+json\" class=\"yoast-schema-graph\">{\"@context\":\"https:\/\/schema.org\",\"@graph\":[{\"@type\":\"Article\",\"@id\":\"https:\/\/web.consaguirre.com.ar\/noticias\/muere-raul-malo-lider-de-the-mavericks-a-los-60-anos\/#article\",\"isPartOf\":{\"@id\":\"https:\/\/web.consaguirre.com.ar\/noticias\/muere-raul-malo-lider-de-the-mavericks-a-los-60-anos\/\"},\"author\":{\"name\":\"Javier Figueroa\",\"@id\":\"https:\/\/web.consaguirre.com.ar\/noticias\/#\/schema\/person\/6558b0cfedee7ddc5425602b237d5722\"},\"headline\":\"Muere Ra\u00fal Malo, l\u00edder de The Mavericks, a los 60 a\u00f1os\",\"datePublished\":\"2025-12-10T20:38:38+00:00\",\"dateModified\":\"2025-12-10T20:38:39+00:00\",\"mainEntityOfPage\":{\"@id\":\"https:\/\/web.consaguirre.com.ar\/noticias\/muere-raul-malo-lider-de-the-mavericks-a-los-60-anos\/\"},\"wordCount\":622,\"publisher\":{\"@id\":\"https:\/\/web.consaguirre.com.ar\/noticias\/#organization\"},\"image\":{\"@id\":\"https:\/\/web.consaguirre.com.ar\/noticias\/muere-raul-malo-lider-de-the-mavericks-a-los-60-anos\/#primaryimage\"},\"thumbnailUrl\":\"https:\/\/web.consaguirre.com.ar\/noticias\/wp-content\/uploads\/2025\/12\/Muere-Raul-Malo-lider-de-The-Mavericks-a-los-60.jpg\",\"keywords\":[\"a\u00f1os\",\"l\u00edder\",\"los\",\"Malo\",\"Mavericks\",\"muere\",\"Ra\u00fal\"],\"articleSection\":[\"El \u00faltimo\"],\"inLanguage\":\"es-AR\"},{\"@type\":\"WebPage\",\"@id\":\"https:\/\/web.consaguirre.com.ar\/noticias\/muere-raul-malo-lider-de-the-mavericks-a-los-60-anos\/\",\"url\":\"https:\/\/web.consaguirre.com.ar\/noticias\/muere-raul-malo-lider-de-the-mavericks-a-los-60-anos\/\",\"name\":\"Muere Ra\u00fal Malo, l\u00edder de The Mavericks, a los 60 a\u00f1os\",\"isPartOf\":{\"@id\":\"https:\/\/web.consaguirre.com.ar\/noticias\/#website\"},\"primaryImageOfPage\":{\"@id\":\"https:\/\/web.consaguirre.com.ar\/noticias\/muere-raul-malo-lider-de-the-mavericks-a-los-60-anos\/#primaryimage\"},\"image\":{\"@id\":\"https:\/\/web.consaguirre.com.ar\/noticias\/muere-raul-malo-lider-de-the-mavericks-a-los-60-anos\/#primaryimage\"},\"thumbnailUrl\":\"https:\/\/web.consaguirre.com.ar\/noticias\/wp-content\/uploads\/2025\/12\/Muere-Raul-Malo-lider-de-The-Mavericks-a-los-60.jpg\",\"datePublished\":\"2025-12-10T20:38:38+00:00\",\"dateModified\":\"2025-12-10T20:38:39+00:00\",\"breadcrumb\":{\"@id\":\"https:\/\/web.consaguirre.com.ar\/noticias\/muere-raul-malo-lider-de-the-mavericks-a-los-60-anos\/#breadcrumb\"},\"inLanguage\":\"es-AR\",\"potentialAction\":[{\"@type\":\"ReadAction\",\"target\":[\"https:\/\/web.consaguirre.com.ar\/noticias\/muere-raul-malo-lider-de-the-mavericks-a-los-60-anos\/\"]}]},{\"@type\":\"ImageObject\",\"inLanguage\":\"es-AR\",\"@id\":\"https:\/\/web.consaguirre.com.ar\/noticias\/muere-raul-malo-lider-de-the-mavericks-a-los-60-anos\/#primaryimage\",\"url\":\"https:\/\/web.consaguirre.com.ar\/noticias\/wp-content\/uploads\/2025\/12\/Muere-Raul-Malo-lider-de-The-Mavericks-a-los-60.jpg\",\"contentUrl\":\"https:\/\/web.consaguirre.com.ar\/noticias\/wp-content\/uploads\/2025\/12\/Muere-Raul-Malo-lider-de-The-Mavericks-a-los-60.jpg\",\"width\":1440,\"height\":864,\"caption\":\"Muere Ra\u00fal Malo, l\u00edder de The Mavericks, a los 60 a\u00f1os\"},{\"@type\":\"BreadcrumbList\",\"@id\":\"https:\/\/web.consaguirre.com.ar\/noticias\/muere-raul-malo-lider-de-the-mavericks-a-los-60-anos\/#breadcrumb\",\"itemListElement\":[{\"@type\":\"ListItem\",\"position\":1,\"name\":\"Inicio\",\"item\":\"https:\/\/web.consaguirre.com.ar\/noticias\/\"},{\"@type\":\"ListItem\",\"position\":2,\"name\":\"Muere Ra\u00fal Malo, l\u00edder de The Mavericks, a los 60 a\u00f1os\"}]},{\"@type\":\"WebSite\",\"@id\":\"https:\/\/web.consaguirre.com.ar\/noticias\/#website\",\"url\":\"https:\/\/web.consaguirre.com.ar\/noticias\/\",\"name\":\"Conservatorio de M\u00fasica Juli\u00e1n Aguirre\",\"description\":\"\",\"publisher\":{\"@id\":\"https:\/\/web.consaguirre.com.ar\/noticias\/#organization\"},\"potentialAction\":[{\"@type\":\"SearchAction\",\"target\":{\"@type\":\"EntryPoint\",\"urlTemplate\":\"https:\/\/web.consaguirre.com.ar\/noticias\/?s={search_term_string}\"},\"query-input\":\"required name=search_term_string\"}],\"inLanguage\":\"es-AR\"},{\"@type\":\"Organization\",\"@id\":\"https:\/\/web.consaguirre.com.ar\/noticias\/#organization\",\"name\":\"Conservatorio de M\u00fasica Juli\u00e1n Aguirre\",\"url\":\"https:\/\/web.consaguirre.com.ar\/noticias\/\",\"logo\":{\"@type\":\"ImageObject\",\"inLanguage\":\"es-AR\",\"@id\":\"https:\/\/web.consaguirre.com.ar\/noticias\/#\/schema\/logo\/image\/\",\"url\":\"https:\/\/web.consaguirre.com.ar\/noticias\/wp-content\/uploads\/2024\/08\/Banner-Aguirre-23.jpg\",\"contentUrl\":\"https:\/\/web.consaguirre.com.ar\/noticias\/wp-content\/uploads\/2024\/08\/Banner-Aguirre-23.jpg\",\"width\":1192,\"height\":600,\"caption\":\"Conservatorio de M\u00fasica Juli\u00e1n Aguirre\"},\"image\":{\"@id\":\"https:\/\/web.consaguirre.com.ar\/noticias\/#\/schema\/logo\/image\/\"}},{\"@type\":\"Person\",\"@id\":\"https:\/\/web.consaguirre.com.ar\/noticias\/#\/schema\/person\/6558b0cfedee7ddc5425602b237d5722\",\"name\":\"Javier Figueroa\",\"image\":{\"@type\":\"ImageObject\",\"inLanguage\":\"es-AR\",\"@id\":\"https:\/\/web.consaguirre.com.ar\/noticias\/#\/schema\/person\/image\/\",\"url\":\"https:\/\/web.consaguirre.com.ar\/noticias\/wp-content\/uploads\/2024\/08\/Consaguirre-scaled.jpg\",\"contentUrl\":\"https:\/\/web.consaguirre.com.ar\/noticias\/wp-content\/uploads\/2024\/08\/Consaguirre-scaled.jpg\",\"caption\":\"Javier Figueroa\"},\"description\":\"Me llamo Javier Figueroa y soy redactor para el sitio oficial del Conservatorio de M\u00fasica Juli\u00e1n Aguirre en Buenos Aires, consaguirre.com. Apasionado por la m\u00fasica y la escritura, me esfuerzo por destacar los talentos y eventos de nuestra prestigiosa instituci\u00f3n. Mi trayectoria se nutre de una profunda admiraci\u00f3n por los artistas, haciendo de cada art\u00edculo una celebraci\u00f3n de la creatividad y la cultura musical.\",\"sameAs\":[\"https:\/\/web.consaguirre.com.ar\/noticias\"]}]}<\/script>\n<!-- \/ Yoast SEO plugin. -->","yoast_head_json":{"title":"Muere Ra\u00fal Malo, l\u00edder de The Mavericks, a los 60 a\u00f1os","robots":{"index":"index","follow":"follow","max-snippet":"max-snippet:-1","max-image-preview":"max-image-preview:large","max-video-preview":"max-video-preview:-1"},"canonical":"https:\/\/web.consaguirre.com.ar\/noticias\/muere-raul-malo-lider-de-the-mavericks-a-los-60-anos\/","og_locale":"es_ES","og_type":"article","og_title":"Muere Ra\u00fal Malo, l\u00edder de The Mavericks, a los 60 a\u00f1os","og_description":"Ra\u00fal Malo, quien fue el l\u00edder del h\u00edbrido de country-rock latino The Mavericks, muri\u00f3 el lunes a la edad de 60 a\u00f1os. No se confirm\u00f3","og_url":"https:\/\/web.consaguirre.com.ar\/noticias\/muere-raul-malo-lider-de-the-mavericks-a-los-60-anos\/","og_site_name":"Conservatorio de M\u00fasica Juli\u00e1n Aguirre","article_published_time":"2025-12-10T20:38:38+00:00","article_modified_time":"2025-12-10T20:38:39+00:00","og_image":[{"width":1440,"height":864,"url":"https:\/\/web.consaguirre.com.ar\/noticias\/wp-content\/uploads\/2025\/12\/Muere-Raul-Malo-lider-de-The-Mavericks-a-los-60.jpg","type":"image\/jpeg"}],"author":"Javier Figueroa","twitter_card":"summary_large_image","twitter_misc":{"Escrito por":"Javier Figueroa","Tiempo de lectura":"3 minutos"},"schema":{"@context":"https:\/\/schema.org","@graph":[{"@type":"Article","@id":"https:\/\/web.consaguirre.com.ar\/noticias\/muere-raul-malo-lider-de-the-mavericks-a-los-60-anos\/#article","isPartOf":{"@id":"https:\/\/web.consaguirre.com.ar\/noticias\/muere-raul-malo-lider-de-the-mavericks-a-los-60-anos\/"},"author":{"name":"Javier Figueroa","@id":"https:\/\/web.consaguirre.com.ar\/noticias\/#\/schema\/person\/6558b0cfedee7ddc5425602b237d5722"},"headline":"Muere Ra\u00fal Malo, l\u00edder de The Mavericks, a los 60 a\u00f1os","datePublished":"2025-12-10T20:38:38+00:00","dateModified":"2025-12-10T20:38:39+00:00","mainEntityOfPage":{"@id":"https:\/\/web.consaguirre.com.ar\/noticias\/muere-raul-malo-lider-de-the-mavericks-a-los-60-anos\/"},"wordCount":622,"publisher":{"@id":"https:\/\/web.consaguirre.com.ar\/noticias\/#organization"},"image":{"@id":"https:\/\/web.consaguirre.com.ar\/noticias\/muere-raul-malo-lider-de-the-mavericks-a-los-60-anos\/#primaryimage"},"thumbnailUrl":"https:\/\/web.consaguirre.com.ar\/noticias\/wp-content\/uploads\/2025\/12\/Muere-Raul-Malo-lider-de-The-Mavericks-a-los-60.jpg","keywords":["a\u00f1os","l\u00edder","los","Malo","Mavericks","muere","Ra\u00fal"],"articleSection":["El \u00faltimo"],"inLanguage":"es-AR"},{"@type":"WebPage","@id":"https:\/\/web.consaguirre.com.ar\/noticias\/muere-raul-malo-lider-de-the-mavericks-a-los-60-anos\/","url":"https:\/\/web.consaguirre.com.ar\/noticias\/muere-raul-malo-lider-de-the-mavericks-a-los-60-anos\/","name":"Muere Ra\u00fal Malo, l\u00edder de The Mavericks, a los 60 a\u00f1os","isPartOf":{"@id":"https:\/\/web.consaguirre.com.ar\/noticias\/#website"},"primaryImageOfPage":{"@id":"https:\/\/web.consaguirre.com.ar\/noticias\/muere-raul-malo-lider-de-the-mavericks-a-los-60-anos\/#primaryimage"},"image":{"@id":"https:\/\/web.consaguirre.com.ar\/noticias\/muere-raul-malo-lider-de-the-mavericks-a-los-60-anos\/#primaryimage"},"thumbnailUrl":"https:\/\/web.consaguirre.com.ar\/noticias\/wp-content\/uploads\/2025\/12\/Muere-Raul-Malo-lider-de-The-Mavericks-a-los-60.jpg","datePublished":"2025-12-10T20:38:38+00:00","dateModified":"2025-12-10T20:38:39+00:00","breadcrumb":{"@id":"https:\/\/web.consaguirre.com.ar\/noticias\/muere-raul-malo-lider-de-the-mavericks-a-los-60-anos\/#breadcrumb"},"inLanguage":"es-AR","potentialAction":[{"@type":"ReadAction","target":["https:\/\/web.consaguirre.com.ar\/noticias\/muere-raul-malo-lider-de-the-mavericks-a-los-60-anos\/"]}]},{"@type":"ImageObject","inLanguage":"es-AR","@id":"https:\/\/web.consaguirre.com.ar\/noticias\/muere-raul-malo-lider-de-the-mavericks-a-los-60-anos\/#primaryimage","url":"https:\/\/web.consaguirre.com.ar\/noticias\/wp-content\/uploads\/2025\/12\/Muere-Raul-Malo-lider-de-The-Mavericks-a-los-60.jpg","contentUrl":"https:\/\/web.consaguirre.com.ar\/noticias\/wp-content\/uploads\/2025\/12\/Muere-Raul-Malo-lider-de-The-Mavericks-a-los-60.jpg","width":1440,"height":864,"caption":"Muere Ra\u00fal Malo, l\u00edder de The Mavericks, a los 60 a\u00f1os"},{"@type":"BreadcrumbList","@id":"https:\/\/web.consaguirre.com.ar\/noticias\/muere-raul-malo-lider-de-the-mavericks-a-los-60-anos\/#breadcrumb","itemListElement":[{"@type":"ListItem","position":1,"name":"Inicio","item":"https:\/\/web.consaguirre.com.ar\/noticias\/"},{"@type":"ListItem","position":2,"name":"Muere Ra\u00fal Malo, l\u00edder de The Mavericks, a los 60 a\u00f1os"}]},{"@type":"WebSite","@id":"https:\/\/web.consaguirre.com.ar\/noticias\/#website","url":"https:\/\/web.consaguirre.com.ar\/noticias\/","name":"Conservatorio de M\u00fasica Juli\u00e1n Aguirre","description":"","publisher":{"@id":"https:\/\/web.consaguirre.com.ar\/noticias\/#organization"},"potentialAction":[{"@type":"SearchAction","target":{"@type":"EntryPoint","urlTemplate":"https:\/\/web.consaguirre.com.ar\/noticias\/?s={search_term_string}"},"query-input":"required name=search_term_string"}],"inLanguage":"es-AR"},{"@type":"Organization","@id":"https:\/\/web.consaguirre.com.ar\/noticias\/#organization","name":"Conservatorio de M\u00fasica Juli\u00e1n Aguirre","url":"https:\/\/web.consaguirre.com.ar\/noticias\/","logo":{"@type":"ImageObject","inLanguage":"es-AR","@id":"https:\/\/web.consaguirre.com.ar\/noticias\/#\/schema\/logo\/image\/","url":"https:\/\/web.consaguirre.com.ar\/noticias\/wp-content\/uploads\/2024\/08\/Banner-Aguirre-23.jpg","contentUrl":"https:\/\/web.consaguirre.com.ar\/noticias\/wp-content\/uploads\/2024\/08\/Banner-Aguirre-23.jpg","width":1192,"height":600,"caption":"Conservatorio de M\u00fasica Juli\u00e1n Aguirre"},"image":{"@id":"https:\/\/web.consaguirre.com.ar\/noticias\/#\/schema\/logo\/image\/"}},{"@type":"Person","@id":"https:\/\/web.consaguirre.com.ar\/noticias\/#\/schema\/person\/6558b0cfedee7ddc5425602b237d5722","name":"Javier Figueroa","image":{"@type":"ImageObject","inLanguage":"es-AR","@id":"https:\/\/web.consaguirre.com.ar\/noticias\/#\/schema\/person\/image\/","url":"https:\/\/web.consaguirre.com.ar\/noticias\/wp-content\/uploads\/2024\/08\/Consaguirre-scaled.jpg","contentUrl":"https:\/\/web.consaguirre.com.ar\/noticias\/wp-content\/uploads\/2024\/08\/Consaguirre-scaled.jpg","caption":"Javier Figueroa"},"description":"Me llamo Javier Figueroa y soy redactor para el sitio oficial del Conservatorio de M\u00fasica Juli\u00e1n Aguirre en Buenos Aires, consaguirre.com. Apasionado por la m\u00fasica y la escritura, me esfuerzo por destacar los talentos y eventos de nuestra prestigiosa instituci\u00f3n. Mi trayectoria se nutre de una profunda admiraci\u00f3n por los artistas, haciendo de cada art\u00edculo una celebraci\u00f3n de la creatividad y la cultura musical.","sameAs":["https:\/\/web.consaguirre.com.ar\/noticias"]}]}},"_links":{"self":[{"href":"https:\/\/web.consaguirre.com.ar\/noticias\/wp-json\/wp\/v2\/posts\/4587"}],"collection":[{"href":"https:\/\/web.consaguirre.com.ar\/noticias\/wp-json\/wp\/v2\/posts"}],"about":[{"href":"https:\/\/web.consaguirre.com.ar\/noticias\/wp-json\/wp\/v2\/types\/post"}],"author":[{"embeddable":true,"href":"https:\/\/web.consaguirre.com.ar\/noticias\/wp-json\/wp\/v2\/users\/1"}],"replies":[{"embeddable":true,"href":"https:\/\/web.consaguirre.com.ar\/noticias\/wp-json\/wp\/v2\/comments?post=4587"}],"version-history":[{"count":1,"href":"https:\/\/web.consaguirre.com.ar\/noticias\/wp-json\/wp\/v2\/posts\/4587\/revisions"}],"predecessor-version":[{"id":4589,"href":"https:\/\/web.consaguirre.com.ar\/noticias\/wp-json\/wp\/v2\/posts\/4587\/revisions\/4589"}],"wp:featuredmedia":[{"embeddable":true,"href":"https:\/\/web.consaguirre.com.ar\/noticias\/wp-json\/wp\/v2\/media\/4588"}],"wp:attachment":[{"href":"https:\/\/web.consaguirre.com.ar\/noticias\/wp-json\/wp\/v2\/media?parent=4587"}],"wp:term":[{"taxonomy":"category","embeddable":true,"href":"https:\/\/web.consaguirre.com.ar\/noticias\/wp-json\/wp\/v2\/categories?post=4587"},{"taxonomy":"post_tag","embeddable":true,"href":"https:\/\/web.consaguirre.com.ar\/noticias\/wp-json\/wp\/v2\/tags?post=4587"}],"curies":[{"name":"wp","href":"https:\/\/api.w.org\/{rel}","templated":true}]}}