{"id":4560,"date":"2025-12-08T17:38:34","date_gmt":"2025-12-08T20:38:34","guid":{"rendered":"https:\/\/web.consaguirre.com.ar\/noticias\/el-misterioso-duo-tomora-comparte-su-primer-sencillo\/"},"modified":"2025-12-08T17:38:35","modified_gmt":"2025-12-08T20:38:35","slug":"el-misterioso-duo-tomora-comparte-su-primer-sencillo","status":"publish","type":"post","link":"https:\/\/web.consaguirre.com.ar\/noticias\/el-misterioso-duo-tomora-comparte-su-primer-sencillo\/","title":{"rendered":"El misterioso d\u00fao TOMORA comparte su primer sencillo"},"content":{"rendered":"<p>TOMORA es un nuevo d\u00fao formado por Tom Rowlands y AURORA de The Chemical Brothers. Despu\u00e9s de generar expectaci\u00f3n, el proyecto lanz\u00f3 su sencillo debut. \u201cRing the Alarm\u201d ya est\u00e1 disponible a trav\u00e9s de Capitol Records y llega con un v\u00eddeo musical oficial dirigido por Adam Smith.<\/p>\n<div class=\"uD-YT-container\"><img decoding=\"async\" src=\"https:\/\/web.consaguirre.com.ar\/noticias\/wp-content\/uploads\/2025\/12\/1765226314_604_El-misterioso-duo-TOMORA-comparte-su-primer-sencillo.jpg\" alt=\"V\u00eddeo de YouTube\"><br \/>Haga clic para cargar v\u00eddeo<\/div>\n<p>Hasta ahora se desconoce la identidad de TOMORA. Su presencia en el cartel del festival del pr\u00f3ximo a\u00f1o para Coachella, NOS Alive, Colors of Ostrava, \u00d8ya y Down The Rabbit Hole ha provocado especulaciones en l\u00ednea sobre qui\u00e9n podr\u00eda ser el misterioso acto. \u201cRing the Alarm\u201d fue estrenada por Jack Saunders de BBC Radio 1 y celebra la uni\u00f3n de dos entidades, Tom y Ora. El nombre del proyecto es un acr\u00f3nimo de los nombres de pila de los dos artistas.<\/p>\n<p>El d\u00fao dice de &#8220;Ring the Alarm&#8221;: &#8220;Quer\u00edamos que TOMORA fuera una banda, no dos individuos. Es nuestro sentimiento musical hecho realidad&#8221;. M\u00e1s m\u00fasica y noticias sobre TOMORA son inminentes.<\/p>\n<p>Rowlands es la mitad del legendario d\u00fao electr\u00f3nico ingl\u00e9s The Chemical Brothers, cuyo \u00e1lbum de estudio m\u00e1s reciente es 2023. <em>Por ese hermoso sentimiento<\/em>que fue nominado al premio Grammy al Mejor \u00c1lbum de Electr\u00f3nica\/Dance. El \u00e1lbum fue lanzado junto con un libro que abarca toda su carrera, Paused in Cosmic Reflection, que inclu\u00eda entrevistas con The Chemical Brothers y colaboradores como Noel Gallagher, Wayne Coyne, Beth Orton, Beck, Michel Gondry y la propia AURORA.<\/p>\n<p>AURORA es una cantante pop noruega conocida por su m\u00fasica solista y sus contribuciones a las bandas sonoras de franquicias de videojuegos como <em>Credo del asesino<\/em>. En 2023, public\u00f3 su primer libro, <em>Los dioses que podemos tocar<\/em>que tambi\u00e9n es el nombre de un \u00e1lbum que lanz\u00f3 en 2022.<\/p>\n<p>AURORA coescribi\u00f3 e interpret\u00f3 voces en tres temas del \u00e1lbum ganador del premio Grammy de 2019 de The Chemical Brothers. <em>Sin geograf\u00eda<\/em>. Rowlands le devolvi\u00f3 el favor produciendo algunas canciones del aclamado \u00e1lbum 2024 de AURORA <em>\u00bfQu\u00e9 pas\u00f3 con el coraz\u00f3n?<\/em>.<\/p><\/p>\n","protected":false},"excerpt":{"rendered":"<p>TOMORA es un nuevo d\u00fao formado por Tom Rowlands y AURORA de The Chemical Brothers. Despu\u00e9s de generar expectaci\u00f3n, el proyecto lanz\u00f3 su sencillo debut.<\/p>\n","protected":false},"author":1,"featured_media":4561,"comment_status":"closed","ping_status":"","sticky":false,"template":"","format":"standard","meta":{"footnotes":""},"categories":[50],"tags":[201,3171,3609,730,204,3610],"class_list":["post-4560","post","type-post","status-publish","format-standard","has-post-thumbnail","hentry","category-el-ultimo","tag-comparte","tag-duo","tag-misterioso","tag-primer","tag-sencillo","tag-tomora","generate-columns","tablet-grid-50","mobile-grid-100","grid-parent","grid-50"],"yoast_head":"<!-- This site is optimized with the Yoast SEO plugin v23.3 - https:\/\/yoast.com\/wordpress\/plugins\/seo\/ -->\n<title>El misterioso d\u00fao TOMORA comparte su primer sencillo<\/title>\n<meta name=\"robots\" content=\"index, follow, max-snippet:-1, max-image-preview:large, max-video-preview:-1\" \/>\n<link rel=\"canonical\" href=\"https:\/\/web.consaguirre.com.ar\/noticias\/el-misterioso-duo-tomora-comparte-su-primer-sencillo\/\" \/>\n<meta property=\"og:locale\" content=\"es_ES\" \/>\n<meta property=\"og:type\" content=\"article\" \/>\n<meta property=\"og:title\" content=\"El misterioso d\u00fao TOMORA comparte su primer sencillo\" \/>\n<meta property=\"og:description\" content=\"TOMORA es un nuevo d\u00fao formado por Tom Rowlands y AURORA de The Chemical Brothers. Despu\u00e9s de generar expectaci\u00f3n, el proyecto lanz\u00f3 su sencillo debut.\" \/>\n<meta property=\"og:url\" content=\"https:\/\/web.consaguirre.com.ar\/noticias\/el-misterioso-duo-tomora-comparte-su-primer-sencillo\/\" \/>\n<meta property=\"og:site_name\" content=\"Conservatorio de M\u00fasica Juli\u00e1n Aguirre\" \/>\n<meta property=\"article:published_time\" content=\"2025-12-08T20:38:34+00:00\" \/>\n<meta property=\"article:modified_time\" content=\"2025-12-08T20:38:35+00:00\" \/>\n<meta property=\"og:image\" content=\"https:\/\/web.consaguirre.com.ar\/noticias\/wp-content\/uploads\/2025\/12\/El-misterioso-duo-TOMORA-comparte-su-primer-sencillo.jpg\" \/>\n\t<meta property=\"og:image:width\" content=\"1440\" \/>\n\t<meta property=\"og:image:height\" content=\"864\" \/>\n\t<meta property=\"og:image:type\" content=\"image\/jpeg\" \/>\n<meta name=\"author\" content=\"Javier Figueroa\" \/>\n<meta name=\"twitter:card\" content=\"summary_large_image\" \/>\n<meta name=\"twitter:label1\" content=\"Escrito por\" \/>\n\t<meta name=\"twitter:data1\" content=\"Javier Figueroa\" \/>\n\t<meta name=\"twitter:label2\" content=\"Tiempo de lectura\" \/>\n\t<meta name=\"twitter:data2\" content=\"2 minutos\" \/>\n<script type=\"application\/ld+json\" class=\"yoast-schema-graph\">{\"@context\":\"https:\/\/schema.org\",\"@graph\":[{\"@type\":\"Article\",\"@id\":\"https:\/\/web.consaguirre.com.ar\/noticias\/el-misterioso-duo-tomora-comparte-su-primer-sencillo\/#article\",\"isPartOf\":{\"@id\":\"https:\/\/web.consaguirre.com.ar\/noticias\/el-misterioso-duo-tomora-comparte-su-primer-sencillo\/\"},\"author\":{\"name\":\"Javier Figueroa\",\"@id\":\"https:\/\/web.consaguirre.com.ar\/noticias\/#\/schema\/person\/6558b0cfedee7ddc5425602b237d5722\"},\"headline\":\"El misterioso d\u00fao TOMORA comparte su primer sencillo\",\"datePublished\":\"2025-12-08T20:38:34+00:00\",\"dateModified\":\"2025-12-08T20:38:35+00:00\",\"mainEntityOfPage\":{\"@id\":\"https:\/\/web.consaguirre.com.ar\/noticias\/el-misterioso-duo-tomora-comparte-su-primer-sencillo\/\"},\"wordCount\":357,\"publisher\":{\"@id\":\"https:\/\/web.consaguirre.com.ar\/noticias\/#organization\"},\"image\":{\"@id\":\"https:\/\/web.consaguirre.com.ar\/noticias\/el-misterioso-duo-tomora-comparte-su-primer-sencillo\/#primaryimage\"},\"thumbnailUrl\":\"https:\/\/web.consaguirre.com.ar\/noticias\/wp-content\/uploads\/2025\/12\/El-misterioso-duo-TOMORA-comparte-su-primer-sencillo.jpg\",\"keywords\":[\"comparte\",\"d\u00fao\",\"misterioso\",\"primer\",\"sencillo\",\"TOMORA\"],\"articleSection\":[\"El \u00faltimo\"],\"inLanguage\":\"es-AR\"},{\"@type\":\"WebPage\",\"@id\":\"https:\/\/web.consaguirre.com.ar\/noticias\/el-misterioso-duo-tomora-comparte-su-primer-sencillo\/\",\"url\":\"https:\/\/web.consaguirre.com.ar\/noticias\/el-misterioso-duo-tomora-comparte-su-primer-sencillo\/\",\"name\":\"El misterioso d\u00fao TOMORA comparte su primer sencillo\",\"isPartOf\":{\"@id\":\"https:\/\/web.consaguirre.com.ar\/noticias\/#website\"},\"primaryImageOfPage\":{\"@id\":\"https:\/\/web.consaguirre.com.ar\/noticias\/el-misterioso-duo-tomora-comparte-su-primer-sencillo\/#primaryimage\"},\"image\":{\"@id\":\"https:\/\/web.consaguirre.com.ar\/noticias\/el-misterioso-duo-tomora-comparte-su-primer-sencillo\/#primaryimage\"},\"thumbnailUrl\":\"https:\/\/web.consaguirre.com.ar\/noticias\/wp-content\/uploads\/2025\/12\/El-misterioso-duo-TOMORA-comparte-su-primer-sencillo.jpg\",\"datePublished\":\"2025-12-08T20:38:34+00:00\",\"dateModified\":\"2025-12-08T20:38:35+00:00\",\"breadcrumb\":{\"@id\":\"https:\/\/web.consaguirre.com.ar\/noticias\/el-misterioso-duo-tomora-comparte-su-primer-sencillo\/#breadcrumb\"},\"inLanguage\":\"es-AR\",\"potentialAction\":[{\"@type\":\"ReadAction\",\"target\":[\"https:\/\/web.consaguirre.com.ar\/noticias\/el-misterioso-duo-tomora-comparte-su-primer-sencillo\/\"]}]},{\"@type\":\"ImageObject\",\"inLanguage\":\"es-AR\",\"@id\":\"https:\/\/web.consaguirre.com.ar\/noticias\/el-misterioso-duo-tomora-comparte-su-primer-sencillo\/#primaryimage\",\"url\":\"https:\/\/web.consaguirre.com.ar\/noticias\/wp-content\/uploads\/2025\/12\/El-misterioso-duo-TOMORA-comparte-su-primer-sencillo.jpg\",\"contentUrl\":\"https:\/\/web.consaguirre.com.ar\/noticias\/wp-content\/uploads\/2025\/12\/El-misterioso-duo-TOMORA-comparte-su-primer-sencillo.jpg\",\"width\":1440,\"height\":864,\"caption\":\"El misterioso d\u00fao TOMORA comparte su primer sencillo\"},{\"@type\":\"BreadcrumbList\",\"@id\":\"https:\/\/web.consaguirre.com.ar\/noticias\/el-misterioso-duo-tomora-comparte-su-primer-sencillo\/#breadcrumb\",\"itemListElement\":[{\"@type\":\"ListItem\",\"position\":1,\"name\":\"Inicio\",\"item\":\"https:\/\/web.consaguirre.com.ar\/noticias\/\"},{\"@type\":\"ListItem\",\"position\":2,\"name\":\"El misterioso d\u00fao TOMORA comparte su primer sencillo\"}]},{\"@type\":\"WebSite\",\"@id\":\"https:\/\/web.consaguirre.com.ar\/noticias\/#website\",\"url\":\"https:\/\/web.consaguirre.com.ar\/noticias\/\",\"name\":\"Conservatorio de M\u00fasica Juli\u00e1n Aguirre\",\"description\":\"\",\"publisher\":{\"@id\":\"https:\/\/web.consaguirre.com.ar\/noticias\/#organization\"},\"potentialAction\":[{\"@type\":\"SearchAction\",\"target\":{\"@type\":\"EntryPoint\",\"urlTemplate\":\"https:\/\/web.consaguirre.com.ar\/noticias\/?s={search_term_string}\"},\"query-input\":\"required name=search_term_string\"}],\"inLanguage\":\"es-AR\"},{\"@type\":\"Organization\",\"@id\":\"https:\/\/web.consaguirre.com.ar\/noticias\/#organization\",\"name\":\"Conservatorio de M\u00fasica Juli\u00e1n Aguirre\",\"url\":\"https:\/\/web.consaguirre.com.ar\/noticias\/\",\"logo\":{\"@type\":\"ImageObject\",\"inLanguage\":\"es-AR\",\"@id\":\"https:\/\/web.consaguirre.com.ar\/noticias\/#\/schema\/logo\/image\/\",\"url\":\"https:\/\/web.consaguirre.com.ar\/noticias\/wp-content\/uploads\/2024\/08\/Banner-Aguirre-23.jpg\",\"contentUrl\":\"https:\/\/web.consaguirre.com.ar\/noticias\/wp-content\/uploads\/2024\/08\/Banner-Aguirre-23.jpg\",\"width\":1192,\"height\":600,\"caption\":\"Conservatorio de M\u00fasica Juli\u00e1n Aguirre\"},\"image\":{\"@id\":\"https:\/\/web.consaguirre.com.ar\/noticias\/#\/schema\/logo\/image\/\"}},{\"@type\":\"Person\",\"@id\":\"https:\/\/web.consaguirre.com.ar\/noticias\/#\/schema\/person\/6558b0cfedee7ddc5425602b237d5722\",\"name\":\"Javier Figueroa\",\"image\":{\"@type\":\"ImageObject\",\"inLanguage\":\"es-AR\",\"@id\":\"https:\/\/web.consaguirre.com.ar\/noticias\/#\/schema\/person\/image\/\",\"url\":\"https:\/\/web.consaguirre.com.ar\/noticias\/wp-content\/uploads\/2024\/08\/Consaguirre-scaled.jpg\",\"contentUrl\":\"https:\/\/web.consaguirre.com.ar\/noticias\/wp-content\/uploads\/2024\/08\/Consaguirre-scaled.jpg\",\"caption\":\"Javier Figueroa\"},\"description\":\"Me llamo Javier Figueroa y soy redactor para el sitio oficial del Conservatorio de M\u00fasica Juli\u00e1n Aguirre en Buenos Aires, consaguirre.com. Apasionado por la m\u00fasica y la escritura, me esfuerzo por destacar los talentos y eventos de nuestra prestigiosa instituci\u00f3n. Mi trayectoria se nutre de una profunda admiraci\u00f3n por los artistas, haciendo de cada art\u00edculo una celebraci\u00f3n de la creatividad y la cultura musical.\",\"sameAs\":[\"https:\/\/web.consaguirre.com.ar\/noticias\"]}]}<\/script>\n<!-- \/ Yoast SEO plugin. -->","yoast_head_json":{"title":"El misterioso d\u00fao TOMORA comparte su primer sencillo","robots":{"index":"index","follow":"follow","max-snippet":"max-snippet:-1","max-image-preview":"max-image-preview:large","max-video-preview":"max-video-preview:-1"},"canonical":"https:\/\/web.consaguirre.com.ar\/noticias\/el-misterioso-duo-tomora-comparte-su-primer-sencillo\/","og_locale":"es_ES","og_type":"article","og_title":"El misterioso d\u00fao TOMORA comparte su primer sencillo","og_description":"TOMORA es un nuevo d\u00fao formado por Tom Rowlands y AURORA de The Chemical Brothers. Despu\u00e9s de generar expectaci\u00f3n, el proyecto lanz\u00f3 su sencillo debut.","og_url":"https:\/\/web.consaguirre.com.ar\/noticias\/el-misterioso-duo-tomora-comparte-su-primer-sencillo\/","og_site_name":"Conservatorio de M\u00fasica Juli\u00e1n Aguirre","article_published_time":"2025-12-08T20:38:34+00:00","article_modified_time":"2025-12-08T20:38:35+00:00","og_image":[{"width":1440,"height":864,"url":"https:\/\/web.consaguirre.com.ar\/noticias\/wp-content\/uploads\/2025\/12\/El-misterioso-duo-TOMORA-comparte-su-primer-sencillo.jpg","type":"image\/jpeg"}],"author":"Javier Figueroa","twitter_card":"summary_large_image","twitter_misc":{"Escrito por":"Javier Figueroa","Tiempo de lectura":"2 minutos"},"schema":{"@context":"https:\/\/schema.org","@graph":[{"@type":"Article","@id":"https:\/\/web.consaguirre.com.ar\/noticias\/el-misterioso-duo-tomora-comparte-su-primer-sencillo\/#article","isPartOf":{"@id":"https:\/\/web.consaguirre.com.ar\/noticias\/el-misterioso-duo-tomora-comparte-su-primer-sencillo\/"},"author":{"name":"Javier Figueroa","@id":"https:\/\/web.consaguirre.com.ar\/noticias\/#\/schema\/person\/6558b0cfedee7ddc5425602b237d5722"},"headline":"El misterioso d\u00fao TOMORA comparte su primer sencillo","datePublished":"2025-12-08T20:38:34+00:00","dateModified":"2025-12-08T20:38:35+00:00","mainEntityOfPage":{"@id":"https:\/\/web.consaguirre.com.ar\/noticias\/el-misterioso-duo-tomora-comparte-su-primer-sencillo\/"},"wordCount":357,"publisher":{"@id":"https:\/\/web.consaguirre.com.ar\/noticias\/#organization"},"image":{"@id":"https:\/\/web.consaguirre.com.ar\/noticias\/el-misterioso-duo-tomora-comparte-su-primer-sencillo\/#primaryimage"},"thumbnailUrl":"https:\/\/web.consaguirre.com.ar\/noticias\/wp-content\/uploads\/2025\/12\/El-misterioso-duo-TOMORA-comparte-su-primer-sencillo.jpg","keywords":["comparte","d\u00fao","misterioso","primer","sencillo","TOMORA"],"articleSection":["El \u00faltimo"],"inLanguage":"es-AR"},{"@type":"WebPage","@id":"https:\/\/web.consaguirre.com.ar\/noticias\/el-misterioso-duo-tomora-comparte-su-primer-sencillo\/","url":"https:\/\/web.consaguirre.com.ar\/noticias\/el-misterioso-duo-tomora-comparte-su-primer-sencillo\/","name":"El misterioso d\u00fao TOMORA comparte su primer sencillo","isPartOf":{"@id":"https:\/\/web.consaguirre.com.ar\/noticias\/#website"},"primaryImageOfPage":{"@id":"https:\/\/web.consaguirre.com.ar\/noticias\/el-misterioso-duo-tomora-comparte-su-primer-sencillo\/#primaryimage"},"image":{"@id":"https:\/\/web.consaguirre.com.ar\/noticias\/el-misterioso-duo-tomora-comparte-su-primer-sencillo\/#primaryimage"},"thumbnailUrl":"https:\/\/web.consaguirre.com.ar\/noticias\/wp-content\/uploads\/2025\/12\/El-misterioso-duo-TOMORA-comparte-su-primer-sencillo.jpg","datePublished":"2025-12-08T20:38:34+00:00","dateModified":"2025-12-08T20:38:35+00:00","breadcrumb":{"@id":"https:\/\/web.consaguirre.com.ar\/noticias\/el-misterioso-duo-tomora-comparte-su-primer-sencillo\/#breadcrumb"},"inLanguage":"es-AR","potentialAction":[{"@type":"ReadAction","target":["https:\/\/web.consaguirre.com.ar\/noticias\/el-misterioso-duo-tomora-comparte-su-primer-sencillo\/"]}]},{"@type":"ImageObject","inLanguage":"es-AR","@id":"https:\/\/web.consaguirre.com.ar\/noticias\/el-misterioso-duo-tomora-comparte-su-primer-sencillo\/#primaryimage","url":"https:\/\/web.consaguirre.com.ar\/noticias\/wp-content\/uploads\/2025\/12\/El-misterioso-duo-TOMORA-comparte-su-primer-sencillo.jpg","contentUrl":"https:\/\/web.consaguirre.com.ar\/noticias\/wp-content\/uploads\/2025\/12\/El-misterioso-duo-TOMORA-comparte-su-primer-sencillo.jpg","width":1440,"height":864,"caption":"El misterioso d\u00fao TOMORA comparte su primer sencillo"},{"@type":"BreadcrumbList","@id":"https:\/\/web.consaguirre.com.ar\/noticias\/el-misterioso-duo-tomora-comparte-su-primer-sencillo\/#breadcrumb","itemListElement":[{"@type":"ListItem","position":1,"name":"Inicio","item":"https:\/\/web.consaguirre.com.ar\/noticias\/"},{"@type":"ListItem","position":2,"name":"El misterioso d\u00fao TOMORA comparte su primer sencillo"}]},{"@type":"WebSite","@id":"https:\/\/web.consaguirre.com.ar\/noticias\/#website","url":"https:\/\/web.consaguirre.com.ar\/noticias\/","name":"Conservatorio de M\u00fasica Juli\u00e1n Aguirre","description":"","publisher":{"@id":"https:\/\/web.consaguirre.com.ar\/noticias\/#organization"},"potentialAction":[{"@type":"SearchAction","target":{"@type":"EntryPoint","urlTemplate":"https:\/\/web.consaguirre.com.ar\/noticias\/?s={search_term_string}"},"query-input":"required name=search_term_string"}],"inLanguage":"es-AR"},{"@type":"Organization","@id":"https:\/\/web.consaguirre.com.ar\/noticias\/#organization","name":"Conservatorio de M\u00fasica Juli\u00e1n Aguirre","url":"https:\/\/web.consaguirre.com.ar\/noticias\/","logo":{"@type":"ImageObject","inLanguage":"es-AR","@id":"https:\/\/web.consaguirre.com.ar\/noticias\/#\/schema\/logo\/image\/","url":"https:\/\/web.consaguirre.com.ar\/noticias\/wp-content\/uploads\/2024\/08\/Banner-Aguirre-23.jpg","contentUrl":"https:\/\/web.consaguirre.com.ar\/noticias\/wp-content\/uploads\/2024\/08\/Banner-Aguirre-23.jpg","width":1192,"height":600,"caption":"Conservatorio de M\u00fasica Juli\u00e1n Aguirre"},"image":{"@id":"https:\/\/web.consaguirre.com.ar\/noticias\/#\/schema\/logo\/image\/"}},{"@type":"Person","@id":"https:\/\/web.consaguirre.com.ar\/noticias\/#\/schema\/person\/6558b0cfedee7ddc5425602b237d5722","name":"Javier Figueroa","image":{"@type":"ImageObject","inLanguage":"es-AR","@id":"https:\/\/web.consaguirre.com.ar\/noticias\/#\/schema\/person\/image\/","url":"https:\/\/web.consaguirre.com.ar\/noticias\/wp-content\/uploads\/2024\/08\/Consaguirre-scaled.jpg","contentUrl":"https:\/\/web.consaguirre.com.ar\/noticias\/wp-content\/uploads\/2024\/08\/Consaguirre-scaled.jpg","caption":"Javier Figueroa"},"description":"Me llamo Javier Figueroa y soy redactor para el sitio oficial del Conservatorio de M\u00fasica Juli\u00e1n Aguirre en Buenos Aires, consaguirre.com. Apasionado por la m\u00fasica y la escritura, me esfuerzo por destacar los talentos y eventos de nuestra prestigiosa instituci\u00f3n. Mi trayectoria se nutre de una profunda admiraci\u00f3n por los artistas, haciendo de cada art\u00edculo una celebraci\u00f3n de la creatividad y la cultura musical.","sameAs":["https:\/\/web.consaguirre.com.ar\/noticias"]}]}},"_links":{"self":[{"href":"https:\/\/web.consaguirre.com.ar\/noticias\/wp-json\/wp\/v2\/posts\/4560"}],"collection":[{"href":"https:\/\/web.consaguirre.com.ar\/noticias\/wp-json\/wp\/v2\/posts"}],"about":[{"href":"https:\/\/web.consaguirre.com.ar\/noticias\/wp-json\/wp\/v2\/types\/post"}],"author":[{"embeddable":true,"href":"https:\/\/web.consaguirre.com.ar\/noticias\/wp-json\/wp\/v2\/users\/1"}],"replies":[{"embeddable":true,"href":"https:\/\/web.consaguirre.com.ar\/noticias\/wp-json\/wp\/v2\/comments?post=4560"}],"version-history":[{"count":1,"href":"https:\/\/web.consaguirre.com.ar\/noticias\/wp-json\/wp\/v2\/posts\/4560\/revisions"}],"predecessor-version":[{"id":4562,"href":"https:\/\/web.consaguirre.com.ar\/noticias\/wp-json\/wp\/v2\/posts\/4560\/revisions\/4562"}],"wp:featuredmedia":[{"embeddable":true,"href":"https:\/\/web.consaguirre.com.ar\/noticias\/wp-json\/wp\/v2\/media\/4561"}],"wp:attachment":[{"href":"https:\/\/web.consaguirre.com.ar\/noticias\/wp-json\/wp\/v2\/media?parent=4560"}],"wp:term":[{"taxonomy":"category","embeddable":true,"href":"https:\/\/web.consaguirre.com.ar\/noticias\/wp-json\/wp\/v2\/categories?post=4560"},{"taxonomy":"post_tag","embeddable":true,"href":"https:\/\/web.consaguirre.com.ar\/noticias\/wp-json\/wp\/v2\/tags?post=4560"}],"curies":[{"name":"wp","href":"https:\/\/api.w.org\/{rel}","templated":true}]}}