{"id":4554,"date":"2025-12-05T23:38:19","date_gmt":"2025-12-06T02:38:19","guid":{"rendered":"https:\/\/web.consaguirre.com.ar\/noticias\/gwen-stefani-comparte-nuevo-video-musical-navideno-shake-the-snow-globe\/"},"modified":"2025-12-05T23:38:21","modified_gmt":"2025-12-06T02:38:21","slug":"gwen-stefani-comparte-nuevo-video-musical-navideno-shake-the-snow-globe","status":"publish","type":"post","link":"https:\/\/web.consaguirre.com.ar\/noticias\/gwen-stefani-comparte-nuevo-video-musical-navideno-shake-the-snow-globe\/","title":{"rendered":"Gwen Stefani comparte nuevo v\u00eddeo musical navide\u00f1o &#8216;Shake The Snow Globe&#8217;"},"content":{"rendered":"<p>Gwen Stefani est\u00e1 celebrando una Navidad color caramelo en el nuevo video de su canci\u00f3n &#8220;Shake The Snow Globe&#8221;. El lanzamiento del video coincide con el lanzamiento de la pel\u00edcula navide\u00f1a de Amazon. <em>Oh. Qu\u00e9. Divertido.<\/em>que incluye \u201cShake The Snow Globe\u201d en su banda sonora. La canci\u00f3n tambi\u00e9n est\u00e1 disponible en una nueva versi\u00f3n del \u00e1lbum navide\u00f1o de Stefani, <em>Lo haces sentir como Navidad (Edici\u00f3n Deluxe \u2013 2025).<\/em><\/p>\n<p>\u201cShake The Snow Globe\u201d es una canci\u00f3n navide\u00f1a original escrita, coproducida e interpretada por Gwen. En una aparici\u00f3n reciente en Jimmy Fallon <em>Espect\u00e1culo de esta noche<\/em>comparti\u00f3 que hacer una canci\u00f3n para una pel\u00edcula fue una experiencia nueva. \u201cMe pidieron que escribiera esta canci\u00f3n para la pel\u00edcula, y nunca me hab\u00edan pedido que escribiera para esa escena, mirara la pel\u00edcula\u201d, dijo. &#8220;Me sent\u00ed muy halagado. Pens\u00e9: &#8216;Tal vez podr\u00eda componer la m\u00fasica para una pel\u00edcula'&#8221;.<\/p>\n<div class=\"uD-YT-container\"><img decoding=\"async\" src=\"https:\/\/web.consaguirre.com.ar\/noticias\/wp-content\/uploads\/2025\/12\/1764988699_551_Gwen-Stefani-comparte-nuevo-video-musical-navideno-Shake-The-Snow.jpg\" alt=\"V\u00eddeo de YouTube\"><br \/>Haga clic para cargar v\u00eddeo<\/div>\n<p>En el video de \u201cShake The Snow Globe\u201d, un grupo de ni\u00f1os encuentra una bola de nieve rosa de Barbie y miran dentro para ver a Gwen y su banda actuando junto a Cascanueces y bailarinas. Se produce un poco de caos cuando los ni\u00f1os, de hecho, sacuden la bola de nieve.<\/p>\n<p>La pista es una de las dos nuevas canciones de la edici\u00f3n de lujo de 2025 de <em>Lo haces sentir como Navidad<\/em>junto con otra canci\u00f3n original, \u201cHot Cocoa\u201d. <em>Lo haces sentir como Navidad<\/em> debut\u00f3 originalmente en la lista de mejores \u00e1lbumes de temporada de Billboard en 2017. El \u00e1lbum inclu\u00eda seis canciones originales, incluida la canci\u00f3n principal con Blake Shelton, y seis melod\u00edas navide\u00f1as cl\u00e1sicas. 2018 vio el lanzamiento de <em>Lo haces sentir como Navidad Edici\u00f3n Deluxe<\/em> con cinco canciones adicionales, incluidas las originales \u201cCheer For The Elves\u201d y \u201cSecret Santa\u201d escritas por Gwen Stefani, Justin Tranter y busbee, as\u00ed como versiones de \u201cSanta Claus Is Coming To Town\u201d, \u201cWinter Wonderland\u201d y \u201cFeliz Navidad ft. Mon Laferte\u201d.<\/p>\n<p>A principios de esta semana, Gwen inaugur\u00f3 la iluminaci\u00f3n anual del \u00e1rbol de Navidad de Rockefeller con una interpretaci\u00f3n de la nueva canci\u00f3n, marcando su quinta aparici\u00f3n en la ceremonia.<\/p>\n<p>Compra la edici\u00f3n de lujo de Gwen Stefani <em>Lo haces sentir como Navidad<\/em> en Amazon ahora.<\/p>\n","protected":false},"excerpt":{"rendered":"<p>Gwen Stefani est\u00e1 celebrando una Navidad color caramelo en el nuevo video de su canci\u00f3n &#8220;Shake The Snow Globe&#8221;. El lanzamiento del video coincide con<\/p>\n","protected":false},"author":1,"featured_media":4555,"comment_status":"closed","ping_status":"","sticky":false,"template":"","format":"standard","meta":{"footnotes":""},"categories":[50],"tags":[201,3608,602,203,1134,146,1262,2381,603,202],"class_list":["post-4554","post","type-post","status-publish","format-standard","has-post-thumbnail","hentry","category-el-ultimo","tag-comparte","tag-globe","tag-gwen","tag-musical","tag-navideno","tag-nuevo","tag-shake","tag-snow","tag-stefani","tag-video","generate-columns","tablet-grid-50","mobile-grid-100","grid-parent","grid-50"],"yoast_head":"<!-- This site is optimized with the Yoast SEO plugin v23.3 - https:\/\/yoast.com\/wordpress\/plugins\/seo\/ -->\n<title>Gwen Stefani comparte nuevo v\u00eddeo musical navide\u00f1o &#039;Shake The Snow Globe&#039;<\/title>\n<meta name=\"robots\" content=\"index, follow, max-snippet:-1, max-image-preview:large, max-video-preview:-1\" \/>\n<link rel=\"canonical\" href=\"https:\/\/web.consaguirre.com.ar\/noticias\/gwen-stefani-comparte-nuevo-video-musical-navideno-shake-the-snow-globe\/\" \/>\n<meta property=\"og:locale\" content=\"es_ES\" \/>\n<meta property=\"og:type\" content=\"article\" \/>\n<meta property=\"og:title\" content=\"Gwen Stefani comparte nuevo v\u00eddeo musical navide\u00f1o &#039;Shake The Snow Globe&#039;\" \/>\n<meta property=\"og:description\" content=\"Gwen Stefani est\u00e1 celebrando una Navidad color caramelo en el nuevo video de su canci\u00f3n &#8220;Shake The Snow Globe&#8221;. El lanzamiento del video coincide con\" \/>\n<meta property=\"og:url\" content=\"https:\/\/web.consaguirre.com.ar\/noticias\/gwen-stefani-comparte-nuevo-video-musical-navideno-shake-the-snow-globe\/\" \/>\n<meta property=\"og:site_name\" content=\"Conservatorio de M\u00fasica Juli\u00e1n Aguirre\" \/>\n<meta property=\"article:published_time\" content=\"2025-12-06T02:38:19+00:00\" \/>\n<meta property=\"article:modified_time\" content=\"2025-12-06T02:38:21+00:00\" \/>\n<meta property=\"og:image\" content=\"https:\/\/web.consaguirre.com.ar\/noticias\/wp-content\/uploads\/2025\/12\/Gwen-Stefani-comparte-nuevo-video-musical-navideno-Shake-The-Snow.jpg\" \/>\n\t<meta property=\"og:image:width\" content=\"1280\" \/>\n\t<meta property=\"og:image:height\" content=\"1280\" \/>\n\t<meta property=\"og:image:type\" content=\"image\/jpeg\" \/>\n<meta name=\"author\" content=\"Javier Figueroa\" \/>\n<meta name=\"twitter:card\" content=\"summary_large_image\" \/>\n<meta name=\"twitter:label1\" content=\"Escrito por\" \/>\n\t<meta name=\"twitter:data1\" content=\"Javier Figueroa\" \/>\n\t<meta name=\"twitter:label2\" content=\"Tiempo de lectura\" \/>\n\t<meta name=\"twitter:data2\" content=\"2 minutos\" \/>\n<script type=\"application\/ld+json\" class=\"yoast-schema-graph\">{\"@context\":\"https:\/\/schema.org\",\"@graph\":[{\"@type\":\"Article\",\"@id\":\"https:\/\/web.consaguirre.com.ar\/noticias\/gwen-stefani-comparte-nuevo-video-musical-navideno-shake-the-snow-globe\/#article\",\"isPartOf\":{\"@id\":\"https:\/\/web.consaguirre.com.ar\/noticias\/gwen-stefani-comparte-nuevo-video-musical-navideno-shake-the-snow-globe\/\"},\"author\":{\"name\":\"Javier Figueroa\",\"@id\":\"https:\/\/web.consaguirre.com.ar\/noticias\/#\/schema\/person\/6558b0cfedee7ddc5425602b237d5722\"},\"headline\":\"Gwen Stefani comparte nuevo v\u00eddeo musical navide\u00f1o &#8216;Shake The Snow Globe&#8217;\",\"datePublished\":\"2025-12-06T02:38:19+00:00\",\"dateModified\":\"2025-12-06T02:38:21+00:00\",\"mainEntityOfPage\":{\"@id\":\"https:\/\/web.consaguirre.com.ar\/noticias\/gwen-stefani-comparte-nuevo-video-musical-navideno-shake-the-snow-globe\/\"},\"wordCount\":408,\"publisher\":{\"@id\":\"https:\/\/web.consaguirre.com.ar\/noticias\/#organization\"},\"image\":{\"@id\":\"https:\/\/web.consaguirre.com.ar\/noticias\/gwen-stefani-comparte-nuevo-video-musical-navideno-shake-the-snow-globe\/#primaryimage\"},\"thumbnailUrl\":\"https:\/\/web.consaguirre.com.ar\/noticias\/wp-content\/uploads\/2025\/12\/Gwen-Stefani-comparte-nuevo-video-musical-navideno-Shake-The-Snow.jpg\",\"keywords\":[\"comparte\",\"Globe\",\"Gwen\",\"musical\",\"navide\u00f1o\",\"nuevo\",\"Shake\",\"Snow\",\"Stefani\",\"v\u00eddeo\"],\"articleSection\":[\"El \u00faltimo\"],\"inLanguage\":\"es-AR\"},{\"@type\":\"WebPage\",\"@id\":\"https:\/\/web.consaguirre.com.ar\/noticias\/gwen-stefani-comparte-nuevo-video-musical-navideno-shake-the-snow-globe\/\",\"url\":\"https:\/\/web.consaguirre.com.ar\/noticias\/gwen-stefani-comparte-nuevo-video-musical-navideno-shake-the-snow-globe\/\",\"name\":\"Gwen Stefani comparte nuevo v\u00eddeo musical navide\u00f1o 'Shake The Snow Globe'\",\"isPartOf\":{\"@id\":\"https:\/\/web.consaguirre.com.ar\/noticias\/#website\"},\"primaryImageOfPage\":{\"@id\":\"https:\/\/web.consaguirre.com.ar\/noticias\/gwen-stefani-comparte-nuevo-video-musical-navideno-shake-the-snow-globe\/#primaryimage\"},\"image\":{\"@id\":\"https:\/\/web.consaguirre.com.ar\/noticias\/gwen-stefani-comparte-nuevo-video-musical-navideno-shake-the-snow-globe\/#primaryimage\"},\"thumbnailUrl\":\"https:\/\/web.consaguirre.com.ar\/noticias\/wp-content\/uploads\/2025\/12\/Gwen-Stefani-comparte-nuevo-video-musical-navideno-Shake-The-Snow.jpg\",\"datePublished\":\"2025-12-06T02:38:19+00:00\",\"dateModified\":\"2025-12-06T02:38:21+00:00\",\"breadcrumb\":{\"@id\":\"https:\/\/web.consaguirre.com.ar\/noticias\/gwen-stefani-comparte-nuevo-video-musical-navideno-shake-the-snow-globe\/#breadcrumb\"},\"inLanguage\":\"es-AR\",\"potentialAction\":[{\"@type\":\"ReadAction\",\"target\":[\"https:\/\/web.consaguirre.com.ar\/noticias\/gwen-stefani-comparte-nuevo-video-musical-navideno-shake-the-snow-globe\/\"]}]},{\"@type\":\"ImageObject\",\"inLanguage\":\"es-AR\",\"@id\":\"https:\/\/web.consaguirre.com.ar\/noticias\/gwen-stefani-comparte-nuevo-video-musical-navideno-shake-the-snow-globe\/#primaryimage\",\"url\":\"https:\/\/web.consaguirre.com.ar\/noticias\/wp-content\/uploads\/2025\/12\/Gwen-Stefani-comparte-nuevo-video-musical-navideno-Shake-The-Snow.jpg\",\"contentUrl\":\"https:\/\/web.consaguirre.com.ar\/noticias\/wp-content\/uploads\/2025\/12\/Gwen-Stefani-comparte-nuevo-video-musical-navideno-Shake-The-Snow.jpg\",\"width\":1280,\"height\":1280,\"caption\":\"Gwen Stefani comparte nuevo v\u00eddeo musical navide\u00f1o 'Shake The Snow Globe'\"},{\"@type\":\"BreadcrumbList\",\"@id\":\"https:\/\/web.consaguirre.com.ar\/noticias\/gwen-stefani-comparte-nuevo-video-musical-navideno-shake-the-snow-globe\/#breadcrumb\",\"itemListElement\":[{\"@type\":\"ListItem\",\"position\":1,\"name\":\"Inicio\",\"item\":\"https:\/\/web.consaguirre.com.ar\/noticias\/\"},{\"@type\":\"ListItem\",\"position\":2,\"name\":\"Gwen Stefani comparte nuevo v\u00eddeo musical navide\u00f1o &#8216;Shake The Snow Globe&#8217;\"}]},{\"@type\":\"WebSite\",\"@id\":\"https:\/\/web.consaguirre.com.ar\/noticias\/#website\",\"url\":\"https:\/\/web.consaguirre.com.ar\/noticias\/\",\"name\":\"Conservatorio de M\u00fasica Juli\u00e1n Aguirre\",\"description\":\"\",\"publisher\":{\"@id\":\"https:\/\/web.consaguirre.com.ar\/noticias\/#organization\"},\"potentialAction\":[{\"@type\":\"SearchAction\",\"target\":{\"@type\":\"EntryPoint\",\"urlTemplate\":\"https:\/\/web.consaguirre.com.ar\/noticias\/?s={search_term_string}\"},\"query-input\":\"required name=search_term_string\"}],\"inLanguage\":\"es-AR\"},{\"@type\":\"Organization\",\"@id\":\"https:\/\/web.consaguirre.com.ar\/noticias\/#organization\",\"name\":\"Conservatorio de M\u00fasica Juli\u00e1n Aguirre\",\"url\":\"https:\/\/web.consaguirre.com.ar\/noticias\/\",\"logo\":{\"@type\":\"ImageObject\",\"inLanguage\":\"es-AR\",\"@id\":\"https:\/\/web.consaguirre.com.ar\/noticias\/#\/schema\/logo\/image\/\",\"url\":\"https:\/\/web.consaguirre.com.ar\/noticias\/wp-content\/uploads\/2024\/08\/Banner-Aguirre-23.jpg\",\"contentUrl\":\"https:\/\/web.consaguirre.com.ar\/noticias\/wp-content\/uploads\/2024\/08\/Banner-Aguirre-23.jpg\",\"width\":1192,\"height\":600,\"caption\":\"Conservatorio de M\u00fasica Juli\u00e1n Aguirre\"},\"image\":{\"@id\":\"https:\/\/web.consaguirre.com.ar\/noticias\/#\/schema\/logo\/image\/\"}},{\"@type\":\"Person\",\"@id\":\"https:\/\/web.consaguirre.com.ar\/noticias\/#\/schema\/person\/6558b0cfedee7ddc5425602b237d5722\",\"name\":\"Javier Figueroa\",\"image\":{\"@type\":\"ImageObject\",\"inLanguage\":\"es-AR\",\"@id\":\"https:\/\/web.consaguirre.com.ar\/noticias\/#\/schema\/person\/image\/\",\"url\":\"https:\/\/web.consaguirre.com.ar\/noticias\/wp-content\/uploads\/2024\/08\/Consaguirre-scaled.jpg\",\"contentUrl\":\"https:\/\/web.consaguirre.com.ar\/noticias\/wp-content\/uploads\/2024\/08\/Consaguirre-scaled.jpg\",\"caption\":\"Javier Figueroa\"},\"description\":\"Me llamo Javier Figueroa y soy redactor para el sitio oficial del Conservatorio de M\u00fasica Juli\u00e1n Aguirre en Buenos Aires, consaguirre.com. Apasionado por la m\u00fasica y la escritura, me esfuerzo por destacar los talentos y eventos de nuestra prestigiosa instituci\u00f3n. Mi trayectoria se nutre de una profunda admiraci\u00f3n por los artistas, haciendo de cada art\u00edculo una celebraci\u00f3n de la creatividad y la cultura musical.\",\"sameAs\":[\"https:\/\/web.consaguirre.com.ar\/noticias\"]}]}<\/script>\n<!-- \/ Yoast SEO plugin. -->","yoast_head_json":{"title":"Gwen Stefani comparte nuevo v\u00eddeo musical navide\u00f1o 'Shake The Snow Globe'","robots":{"index":"index","follow":"follow","max-snippet":"max-snippet:-1","max-image-preview":"max-image-preview:large","max-video-preview":"max-video-preview:-1"},"canonical":"https:\/\/web.consaguirre.com.ar\/noticias\/gwen-stefani-comparte-nuevo-video-musical-navideno-shake-the-snow-globe\/","og_locale":"es_ES","og_type":"article","og_title":"Gwen Stefani comparte nuevo v\u00eddeo musical navide\u00f1o 'Shake The Snow Globe'","og_description":"Gwen Stefani est\u00e1 celebrando una Navidad color caramelo en el nuevo video de su canci\u00f3n &#8220;Shake The Snow Globe&#8221;. El lanzamiento del video coincide con","og_url":"https:\/\/web.consaguirre.com.ar\/noticias\/gwen-stefani-comparte-nuevo-video-musical-navideno-shake-the-snow-globe\/","og_site_name":"Conservatorio de M\u00fasica Juli\u00e1n Aguirre","article_published_time":"2025-12-06T02:38:19+00:00","article_modified_time":"2025-12-06T02:38:21+00:00","og_image":[{"width":1280,"height":1280,"url":"https:\/\/web.consaguirre.com.ar\/noticias\/wp-content\/uploads\/2025\/12\/Gwen-Stefani-comparte-nuevo-video-musical-navideno-Shake-The-Snow.jpg","type":"image\/jpeg"}],"author":"Javier Figueroa","twitter_card":"summary_large_image","twitter_misc":{"Escrito por":"Javier Figueroa","Tiempo de lectura":"2 minutos"},"schema":{"@context":"https:\/\/schema.org","@graph":[{"@type":"Article","@id":"https:\/\/web.consaguirre.com.ar\/noticias\/gwen-stefani-comparte-nuevo-video-musical-navideno-shake-the-snow-globe\/#article","isPartOf":{"@id":"https:\/\/web.consaguirre.com.ar\/noticias\/gwen-stefani-comparte-nuevo-video-musical-navideno-shake-the-snow-globe\/"},"author":{"name":"Javier Figueroa","@id":"https:\/\/web.consaguirre.com.ar\/noticias\/#\/schema\/person\/6558b0cfedee7ddc5425602b237d5722"},"headline":"Gwen Stefani comparte nuevo v\u00eddeo musical navide\u00f1o &#8216;Shake The Snow Globe&#8217;","datePublished":"2025-12-06T02:38:19+00:00","dateModified":"2025-12-06T02:38:21+00:00","mainEntityOfPage":{"@id":"https:\/\/web.consaguirre.com.ar\/noticias\/gwen-stefani-comparte-nuevo-video-musical-navideno-shake-the-snow-globe\/"},"wordCount":408,"publisher":{"@id":"https:\/\/web.consaguirre.com.ar\/noticias\/#organization"},"image":{"@id":"https:\/\/web.consaguirre.com.ar\/noticias\/gwen-stefani-comparte-nuevo-video-musical-navideno-shake-the-snow-globe\/#primaryimage"},"thumbnailUrl":"https:\/\/web.consaguirre.com.ar\/noticias\/wp-content\/uploads\/2025\/12\/Gwen-Stefani-comparte-nuevo-video-musical-navideno-Shake-The-Snow.jpg","keywords":["comparte","Globe","Gwen","musical","navide\u00f1o","nuevo","Shake","Snow","Stefani","v\u00eddeo"],"articleSection":["El \u00faltimo"],"inLanguage":"es-AR"},{"@type":"WebPage","@id":"https:\/\/web.consaguirre.com.ar\/noticias\/gwen-stefani-comparte-nuevo-video-musical-navideno-shake-the-snow-globe\/","url":"https:\/\/web.consaguirre.com.ar\/noticias\/gwen-stefani-comparte-nuevo-video-musical-navideno-shake-the-snow-globe\/","name":"Gwen Stefani comparte nuevo v\u00eddeo musical navide\u00f1o 'Shake The Snow Globe'","isPartOf":{"@id":"https:\/\/web.consaguirre.com.ar\/noticias\/#website"},"primaryImageOfPage":{"@id":"https:\/\/web.consaguirre.com.ar\/noticias\/gwen-stefani-comparte-nuevo-video-musical-navideno-shake-the-snow-globe\/#primaryimage"},"image":{"@id":"https:\/\/web.consaguirre.com.ar\/noticias\/gwen-stefani-comparte-nuevo-video-musical-navideno-shake-the-snow-globe\/#primaryimage"},"thumbnailUrl":"https:\/\/web.consaguirre.com.ar\/noticias\/wp-content\/uploads\/2025\/12\/Gwen-Stefani-comparte-nuevo-video-musical-navideno-Shake-The-Snow.jpg","datePublished":"2025-12-06T02:38:19+00:00","dateModified":"2025-12-06T02:38:21+00:00","breadcrumb":{"@id":"https:\/\/web.consaguirre.com.ar\/noticias\/gwen-stefani-comparte-nuevo-video-musical-navideno-shake-the-snow-globe\/#breadcrumb"},"inLanguage":"es-AR","potentialAction":[{"@type":"ReadAction","target":["https:\/\/web.consaguirre.com.ar\/noticias\/gwen-stefani-comparte-nuevo-video-musical-navideno-shake-the-snow-globe\/"]}]},{"@type":"ImageObject","inLanguage":"es-AR","@id":"https:\/\/web.consaguirre.com.ar\/noticias\/gwen-stefani-comparte-nuevo-video-musical-navideno-shake-the-snow-globe\/#primaryimage","url":"https:\/\/web.consaguirre.com.ar\/noticias\/wp-content\/uploads\/2025\/12\/Gwen-Stefani-comparte-nuevo-video-musical-navideno-Shake-The-Snow.jpg","contentUrl":"https:\/\/web.consaguirre.com.ar\/noticias\/wp-content\/uploads\/2025\/12\/Gwen-Stefani-comparte-nuevo-video-musical-navideno-Shake-The-Snow.jpg","width":1280,"height":1280,"caption":"Gwen Stefani comparte nuevo v\u00eddeo musical navide\u00f1o 'Shake The Snow Globe'"},{"@type":"BreadcrumbList","@id":"https:\/\/web.consaguirre.com.ar\/noticias\/gwen-stefani-comparte-nuevo-video-musical-navideno-shake-the-snow-globe\/#breadcrumb","itemListElement":[{"@type":"ListItem","position":1,"name":"Inicio","item":"https:\/\/web.consaguirre.com.ar\/noticias\/"},{"@type":"ListItem","position":2,"name":"Gwen Stefani comparte nuevo v\u00eddeo musical navide\u00f1o &#8216;Shake The Snow Globe&#8217;"}]},{"@type":"WebSite","@id":"https:\/\/web.consaguirre.com.ar\/noticias\/#website","url":"https:\/\/web.consaguirre.com.ar\/noticias\/","name":"Conservatorio de M\u00fasica Juli\u00e1n Aguirre","description":"","publisher":{"@id":"https:\/\/web.consaguirre.com.ar\/noticias\/#organization"},"potentialAction":[{"@type":"SearchAction","target":{"@type":"EntryPoint","urlTemplate":"https:\/\/web.consaguirre.com.ar\/noticias\/?s={search_term_string}"},"query-input":"required name=search_term_string"}],"inLanguage":"es-AR"},{"@type":"Organization","@id":"https:\/\/web.consaguirre.com.ar\/noticias\/#organization","name":"Conservatorio de M\u00fasica Juli\u00e1n Aguirre","url":"https:\/\/web.consaguirre.com.ar\/noticias\/","logo":{"@type":"ImageObject","inLanguage":"es-AR","@id":"https:\/\/web.consaguirre.com.ar\/noticias\/#\/schema\/logo\/image\/","url":"https:\/\/web.consaguirre.com.ar\/noticias\/wp-content\/uploads\/2024\/08\/Banner-Aguirre-23.jpg","contentUrl":"https:\/\/web.consaguirre.com.ar\/noticias\/wp-content\/uploads\/2024\/08\/Banner-Aguirre-23.jpg","width":1192,"height":600,"caption":"Conservatorio de M\u00fasica Juli\u00e1n Aguirre"},"image":{"@id":"https:\/\/web.consaguirre.com.ar\/noticias\/#\/schema\/logo\/image\/"}},{"@type":"Person","@id":"https:\/\/web.consaguirre.com.ar\/noticias\/#\/schema\/person\/6558b0cfedee7ddc5425602b237d5722","name":"Javier Figueroa","image":{"@type":"ImageObject","inLanguage":"es-AR","@id":"https:\/\/web.consaguirre.com.ar\/noticias\/#\/schema\/person\/image\/","url":"https:\/\/web.consaguirre.com.ar\/noticias\/wp-content\/uploads\/2024\/08\/Consaguirre-scaled.jpg","contentUrl":"https:\/\/web.consaguirre.com.ar\/noticias\/wp-content\/uploads\/2024\/08\/Consaguirre-scaled.jpg","caption":"Javier Figueroa"},"description":"Me llamo Javier Figueroa y soy redactor para el sitio oficial del Conservatorio de M\u00fasica Juli\u00e1n Aguirre en Buenos Aires, consaguirre.com. Apasionado por la m\u00fasica y la escritura, me esfuerzo por destacar los talentos y eventos de nuestra prestigiosa instituci\u00f3n. Mi trayectoria se nutre de una profunda admiraci\u00f3n por los artistas, haciendo de cada art\u00edculo una celebraci\u00f3n de la creatividad y la cultura musical.","sameAs":["https:\/\/web.consaguirre.com.ar\/noticias"]}]}},"_links":{"self":[{"href":"https:\/\/web.consaguirre.com.ar\/noticias\/wp-json\/wp\/v2\/posts\/4554"}],"collection":[{"href":"https:\/\/web.consaguirre.com.ar\/noticias\/wp-json\/wp\/v2\/posts"}],"about":[{"href":"https:\/\/web.consaguirre.com.ar\/noticias\/wp-json\/wp\/v2\/types\/post"}],"author":[{"embeddable":true,"href":"https:\/\/web.consaguirre.com.ar\/noticias\/wp-json\/wp\/v2\/users\/1"}],"replies":[{"embeddable":true,"href":"https:\/\/web.consaguirre.com.ar\/noticias\/wp-json\/wp\/v2\/comments?post=4554"}],"version-history":[{"count":1,"href":"https:\/\/web.consaguirre.com.ar\/noticias\/wp-json\/wp\/v2\/posts\/4554\/revisions"}],"predecessor-version":[{"id":4556,"href":"https:\/\/web.consaguirre.com.ar\/noticias\/wp-json\/wp\/v2\/posts\/4554\/revisions\/4556"}],"wp:featuredmedia":[{"embeddable":true,"href":"https:\/\/web.consaguirre.com.ar\/noticias\/wp-json\/wp\/v2\/media\/4555"}],"wp:attachment":[{"href":"https:\/\/web.consaguirre.com.ar\/noticias\/wp-json\/wp\/v2\/media?parent=4554"}],"wp:term":[{"taxonomy":"category","embeddable":true,"href":"https:\/\/web.consaguirre.com.ar\/noticias\/wp-json\/wp\/v2\/categories?post=4554"},{"taxonomy":"post_tag","embeddable":true,"href":"https:\/\/web.consaguirre.com.ar\/noticias\/wp-json\/wp\/v2\/tags?post=4554"}],"curies":[{"name":"wp","href":"https:\/\/api.w.org\/{rel}","templated":true}]}}