{"id":4542,"date":"2025-12-05T02:38:24","date_gmt":"2025-12-05T05:38:24","guid":{"rendered":"https:\/\/web.consaguirre.com.ar\/noticias\/the-beach-boys-y-jon-pardi-actuaran-en-el-encendido-nacional-del-arbol-de-navidad\/"},"modified":"2025-12-05T02:38:25","modified_gmt":"2025-12-05T05:38:25","slug":"the-beach-boys-y-jon-pardi-actuaran-en-el-encendido-nacional-del-arbol-de-navidad","status":"publish","type":"post","link":"https:\/\/web.consaguirre.com.ar\/noticias\/the-beach-boys-y-jon-pardi-actuaran-en-el-encendido-nacional-del-arbol-de-navidad\/","title":{"rendered":"The Beach Boys y Jon Pardi actuar\u00e1n en el encendido nacional del \u00e1rbol de Navidad"},"content":{"rendered":"<p>Los Beach Boys y Jon Pardi est\u00e1n celebrando la temporada navide\u00f1a actuando en la 103\u00aa Ceremonia Nacional de Iluminaci\u00f3n del \u00c1rbol de Navidad. El evento se llevar\u00e1 a cabo en la Elipse de la Casa Blanca y el President&#8217;s Park el 4 de diciembre. Great American Family transmitir\u00e1 el especial el viernes 5 de diciembre a las 8 p.m. ET, que luego se transmitir\u00e1 en Great American Pure Flix hasta el 31 de enero de 2026.<\/p>\n<p>Otros artistas notables incluyen a Alana Springsteen, Brett Young, Gabby Barrett, Jillian Cardarelli, Matthew West y Warren Zeiders. Las actuaciones de la noche estar\u00e1n dirigidas por el director musical Tariqh Akoni, respaldado por la United States Navy Band Commodores.<\/p>\n<p>&#8220;Con alegr\u00eda, es un honor para m\u00ed anunciar que @thebeachboys actuar\u00e1 en el encendido nacional del \u00e1rbol de Navidad de 2025 en Washington, DC&#8221;, comparti\u00f3 en Instagram el miembro fundador de los Beach Boys, Mike Love. El grupo, que anteriormente cant\u00f3 en la ceremonia de iluminaci\u00f3n en 2017, probablemente interpretar\u00e1 cl\u00e1sicos del \u00e1lbum navide\u00f1o de The Beach Boys de 1964, incluidos \u201cLittle Saint Nick\u201d, \u201cThe Man With All The Toys\u201d y \u201cFrosty The Snowman\u201d.<\/p>\n<p>Gran parte de este a\u00f1o para los Beach Boys ha consistido en celebrar la vida y el legado de Brian Wilson, quien falleci\u00f3 el 11 de junio. En la ceremonia del Sal\u00f3n de la Fama del Rock &#038; Roll de este a\u00f1o, Elton John rindi\u00f3 homenaje a la fallecida leyenda de los Beach Boys. \u201cEn 1970, cuando llegu\u00e9 por primera vez a Los \u00c1ngeles, Danny Hutton de Three Dog Night nos llev\u00f3 a Bernie Taupin y a m\u00ed a conocer a Brian Wilson, y no ten\u00eda miedo\u201d, dijo John antes de interpretar el cl\u00e1sico de 1966 de los Beach Boys, \u201cGod Only Knows\u201d. \u201cPorque \u00e9l era mi \u00eddolo, mi mayor influencia a la hora de escribir canciones en el piano\u201d.<\/p>\n<p><b>Compra ahora la m\u00fasica navide\u00f1a de The Beach Boys en vinilo.<\/b><\/p>\n<p>Mientras tanto, Jon Pardi, que lanz\u00f3 su <em>Feliz Navidad de parte de Jon Pardi<\/em> \u00e1lbum en 2023, se est\u00e1 preparando para espect\u00e1culos selectos con temas navide\u00f1os en Florida. La estrella del country viajar\u00e1 a St. Augustine del 12 al 13 de diciembre, a Hollywood el 18 de diciembre y a Tampa el 19 de diciembre. Recientemente, anunci\u00f3 nuevas fechas para su gira Honkytonk Hollywood en apoyo de su quinto \u00e1lbum, <em>Honkytonk Hollywood<\/em> (lanzado en abril). La etapa de 2026 comienza el 20 de marzo en Bossier City, Los \u00c1ngeles, con los invitados especiales Ashley Cooke y Zach John King. Luego, Pardi se dirigir\u00e1 al Reino Unido para varias fechas en mayo junto a Randall King. Este a\u00f1o, la canci\u00f3n principal de Pardi de 2022 <em>Se\u00f1or s\u00e1bado por la noche<\/em> (entre algunas pistas de Pardi) fue una de las favoritas de tendencia en TikTok.<\/p>\n<p><b>Compre ahora la m\u00fasica de Jon Pardi en vinilo o CD.<\/b><\/p>\n<p><script async src=\"\/\/www.instagram.com\/embed.js\"><\/script><\/p>\n","protected":false},"excerpt":{"rendered":"<p>Los Beach Boys y Jon Pardi est\u00e1n celebrando la temporada navide\u00f1a actuando en la 103\u00aa Ceremonia Nacional de Iluminaci\u00f3n del \u00c1rbol de Navidad. El evento<\/p>\n","protected":false},"author":1,"featured_media":4543,"comment_status":"closed","ping_status":"","sticky":false,"template":"","format":"standard","meta":{"footnotes":""},"categories":[50],"tags":[3598,2930,662,193,10,3599,908,1395,671,1186],"class_list":["post-4542","post","type-post","status-publish","format-standard","has-post-thumbnail","hentry","category-el-ultimo","tag-actuaran","tag-arbol","tag-beach","tag-boys","tag-del","tag-encendido","tag-jon","tag-nacional","tag-navidad","tag-pardi","generate-columns","tablet-grid-50","mobile-grid-100","grid-parent","grid-50"],"yoast_head":"<!-- This site is optimized with the Yoast SEO plugin v23.3 - https:\/\/yoast.com\/wordpress\/plugins\/seo\/ -->\n<title>The Beach Boys y Jon Pardi actuar\u00e1n en el encendido nacional del \u00e1rbol de Navidad<\/title>\n<meta name=\"robots\" content=\"index, follow, max-snippet:-1, max-image-preview:large, max-video-preview:-1\" \/>\n<link rel=\"canonical\" href=\"https:\/\/web.consaguirre.com.ar\/noticias\/the-beach-boys-y-jon-pardi-actuaran-en-el-encendido-nacional-del-arbol-de-navidad\/\" \/>\n<meta property=\"og:locale\" content=\"es_ES\" \/>\n<meta property=\"og:type\" content=\"article\" \/>\n<meta property=\"og:title\" content=\"The Beach Boys y Jon Pardi actuar\u00e1n en el encendido nacional del \u00e1rbol de Navidad\" \/>\n<meta property=\"og:description\" content=\"Los Beach Boys y Jon Pardi est\u00e1n celebrando la temporada navide\u00f1a actuando en la 103\u00aa Ceremonia Nacional de Iluminaci\u00f3n del \u00c1rbol de Navidad. El evento\" \/>\n<meta property=\"og:url\" content=\"https:\/\/web.consaguirre.com.ar\/noticias\/the-beach-boys-y-jon-pardi-actuaran-en-el-encendido-nacional-del-arbol-de-navidad\/\" \/>\n<meta property=\"og:site_name\" content=\"Conservatorio de M\u00fasica Juli\u00e1n Aguirre\" \/>\n<meta property=\"article:published_time\" content=\"2025-12-05T05:38:24+00:00\" \/>\n<meta property=\"article:modified_time\" content=\"2025-12-05T05:38:25+00:00\" \/>\n<meta property=\"og:image\" content=\"https:\/\/web.consaguirre.com.ar\/noticias\/wp-content\/uploads\/2025\/12\/The-Beach-Boys-y-Jon-Pardi-actuaran-en-el-encendido.jpg\" \/>\n\t<meta property=\"og:image:width\" content=\"1440\" \/>\n\t<meta property=\"og:image:height\" content=\"864\" \/>\n\t<meta property=\"og:image:type\" content=\"image\/jpeg\" \/>\n<meta name=\"author\" content=\"Javier Figueroa\" \/>\n<meta name=\"twitter:card\" content=\"summary_large_image\" \/>\n<meta name=\"twitter:label1\" content=\"Escrito por\" \/>\n\t<meta name=\"twitter:data1\" content=\"Javier Figueroa\" \/>\n\t<meta name=\"twitter:label2\" content=\"Tiempo de lectura\" \/>\n\t<meta name=\"twitter:data2\" content=\"2 minutos\" \/>\n<script type=\"application\/ld+json\" class=\"yoast-schema-graph\">{\"@context\":\"https:\/\/schema.org\",\"@graph\":[{\"@type\":\"Article\",\"@id\":\"https:\/\/web.consaguirre.com.ar\/noticias\/the-beach-boys-y-jon-pardi-actuaran-en-el-encendido-nacional-del-arbol-de-navidad\/#article\",\"isPartOf\":{\"@id\":\"https:\/\/web.consaguirre.com.ar\/noticias\/the-beach-boys-y-jon-pardi-actuaran-en-el-encendido-nacional-del-arbol-de-navidad\/\"},\"author\":{\"name\":\"Javier Figueroa\",\"@id\":\"https:\/\/web.consaguirre.com.ar\/noticias\/#\/schema\/person\/6558b0cfedee7ddc5425602b237d5722\"},\"headline\":\"The Beach Boys y Jon Pardi actuar\u00e1n en el encendido nacional del \u00e1rbol de Navidad\",\"datePublished\":\"2025-12-05T05:38:24+00:00\",\"dateModified\":\"2025-12-05T05:38:25+00:00\",\"mainEntityOfPage\":{\"@id\":\"https:\/\/web.consaguirre.com.ar\/noticias\/the-beach-boys-y-jon-pardi-actuaran-en-el-encendido-nacional-del-arbol-de-navidad\/\"},\"wordCount\":493,\"publisher\":{\"@id\":\"https:\/\/web.consaguirre.com.ar\/noticias\/#organization\"},\"image\":{\"@id\":\"https:\/\/web.consaguirre.com.ar\/noticias\/the-beach-boys-y-jon-pardi-actuaran-en-el-encendido-nacional-del-arbol-de-navidad\/#primaryimage\"},\"thumbnailUrl\":\"https:\/\/web.consaguirre.com.ar\/noticias\/wp-content\/uploads\/2025\/12\/The-Beach-Boys-y-Jon-Pardi-actuaran-en-el-encendido.jpg\",\"keywords\":[\"actuar\u00e1n\",\"\u00e1rbol\",\"Beach\",\"Boys\",\"del\",\"encendido\",\"Jon\",\"nacional\",\"Navidad\",\"Pardi\"],\"articleSection\":[\"El \u00faltimo\"],\"inLanguage\":\"es-AR\"},{\"@type\":\"WebPage\",\"@id\":\"https:\/\/web.consaguirre.com.ar\/noticias\/the-beach-boys-y-jon-pardi-actuaran-en-el-encendido-nacional-del-arbol-de-navidad\/\",\"url\":\"https:\/\/web.consaguirre.com.ar\/noticias\/the-beach-boys-y-jon-pardi-actuaran-en-el-encendido-nacional-del-arbol-de-navidad\/\",\"name\":\"The Beach Boys y Jon Pardi actuar\u00e1n en el encendido nacional del \u00e1rbol de Navidad\",\"isPartOf\":{\"@id\":\"https:\/\/web.consaguirre.com.ar\/noticias\/#website\"},\"primaryImageOfPage\":{\"@id\":\"https:\/\/web.consaguirre.com.ar\/noticias\/the-beach-boys-y-jon-pardi-actuaran-en-el-encendido-nacional-del-arbol-de-navidad\/#primaryimage\"},\"image\":{\"@id\":\"https:\/\/web.consaguirre.com.ar\/noticias\/the-beach-boys-y-jon-pardi-actuaran-en-el-encendido-nacional-del-arbol-de-navidad\/#primaryimage\"},\"thumbnailUrl\":\"https:\/\/web.consaguirre.com.ar\/noticias\/wp-content\/uploads\/2025\/12\/The-Beach-Boys-y-Jon-Pardi-actuaran-en-el-encendido.jpg\",\"datePublished\":\"2025-12-05T05:38:24+00:00\",\"dateModified\":\"2025-12-05T05:38:25+00:00\",\"breadcrumb\":{\"@id\":\"https:\/\/web.consaguirre.com.ar\/noticias\/the-beach-boys-y-jon-pardi-actuaran-en-el-encendido-nacional-del-arbol-de-navidad\/#breadcrumb\"},\"inLanguage\":\"es-AR\",\"potentialAction\":[{\"@type\":\"ReadAction\",\"target\":[\"https:\/\/web.consaguirre.com.ar\/noticias\/the-beach-boys-y-jon-pardi-actuaran-en-el-encendido-nacional-del-arbol-de-navidad\/\"]}]},{\"@type\":\"ImageObject\",\"inLanguage\":\"es-AR\",\"@id\":\"https:\/\/web.consaguirre.com.ar\/noticias\/the-beach-boys-y-jon-pardi-actuaran-en-el-encendido-nacional-del-arbol-de-navidad\/#primaryimage\",\"url\":\"https:\/\/web.consaguirre.com.ar\/noticias\/wp-content\/uploads\/2025\/12\/The-Beach-Boys-y-Jon-Pardi-actuaran-en-el-encendido.jpg\",\"contentUrl\":\"https:\/\/web.consaguirre.com.ar\/noticias\/wp-content\/uploads\/2025\/12\/The-Beach-Boys-y-Jon-Pardi-actuaran-en-el-encendido.jpg\",\"width\":1440,\"height\":864,\"caption\":\"The Beach Boys y Jon Pardi actuar\u00e1n en el encendido nacional del \u00e1rbol de Navidad\"},{\"@type\":\"BreadcrumbList\",\"@id\":\"https:\/\/web.consaguirre.com.ar\/noticias\/the-beach-boys-y-jon-pardi-actuaran-en-el-encendido-nacional-del-arbol-de-navidad\/#breadcrumb\",\"itemListElement\":[{\"@type\":\"ListItem\",\"position\":1,\"name\":\"Inicio\",\"item\":\"https:\/\/web.consaguirre.com.ar\/noticias\/\"},{\"@type\":\"ListItem\",\"position\":2,\"name\":\"The Beach Boys y Jon Pardi actuar\u00e1n en el encendido nacional del \u00e1rbol de Navidad\"}]},{\"@type\":\"WebSite\",\"@id\":\"https:\/\/web.consaguirre.com.ar\/noticias\/#website\",\"url\":\"https:\/\/web.consaguirre.com.ar\/noticias\/\",\"name\":\"Conservatorio de M\u00fasica Juli\u00e1n Aguirre\",\"description\":\"\",\"publisher\":{\"@id\":\"https:\/\/web.consaguirre.com.ar\/noticias\/#organization\"},\"potentialAction\":[{\"@type\":\"SearchAction\",\"target\":{\"@type\":\"EntryPoint\",\"urlTemplate\":\"https:\/\/web.consaguirre.com.ar\/noticias\/?s={search_term_string}\"},\"query-input\":\"required name=search_term_string\"}],\"inLanguage\":\"es-AR\"},{\"@type\":\"Organization\",\"@id\":\"https:\/\/web.consaguirre.com.ar\/noticias\/#organization\",\"name\":\"Conservatorio de M\u00fasica Juli\u00e1n Aguirre\",\"url\":\"https:\/\/web.consaguirre.com.ar\/noticias\/\",\"logo\":{\"@type\":\"ImageObject\",\"inLanguage\":\"es-AR\",\"@id\":\"https:\/\/web.consaguirre.com.ar\/noticias\/#\/schema\/logo\/image\/\",\"url\":\"https:\/\/web.consaguirre.com.ar\/noticias\/wp-content\/uploads\/2024\/08\/Banner-Aguirre-23.jpg\",\"contentUrl\":\"https:\/\/web.consaguirre.com.ar\/noticias\/wp-content\/uploads\/2024\/08\/Banner-Aguirre-23.jpg\",\"width\":1192,\"height\":600,\"caption\":\"Conservatorio de M\u00fasica Juli\u00e1n Aguirre\"},\"image\":{\"@id\":\"https:\/\/web.consaguirre.com.ar\/noticias\/#\/schema\/logo\/image\/\"}},{\"@type\":\"Person\",\"@id\":\"https:\/\/web.consaguirre.com.ar\/noticias\/#\/schema\/person\/6558b0cfedee7ddc5425602b237d5722\",\"name\":\"Javier Figueroa\",\"image\":{\"@type\":\"ImageObject\",\"inLanguage\":\"es-AR\",\"@id\":\"https:\/\/web.consaguirre.com.ar\/noticias\/#\/schema\/person\/image\/\",\"url\":\"https:\/\/web.consaguirre.com.ar\/noticias\/wp-content\/uploads\/2024\/08\/Consaguirre-scaled.jpg\",\"contentUrl\":\"https:\/\/web.consaguirre.com.ar\/noticias\/wp-content\/uploads\/2024\/08\/Consaguirre-scaled.jpg\",\"caption\":\"Javier Figueroa\"},\"description\":\"Me llamo Javier Figueroa y soy redactor para el sitio oficial del Conservatorio de M\u00fasica Juli\u00e1n Aguirre en Buenos Aires, consaguirre.com. Apasionado por la m\u00fasica y la escritura, me esfuerzo por destacar los talentos y eventos de nuestra prestigiosa instituci\u00f3n. Mi trayectoria se nutre de una profunda admiraci\u00f3n por los artistas, haciendo de cada art\u00edculo una celebraci\u00f3n de la creatividad y la cultura musical.\",\"sameAs\":[\"https:\/\/web.consaguirre.com.ar\/noticias\"]}]}<\/script>\n<!-- \/ Yoast SEO plugin. -->","yoast_head_json":{"title":"The Beach Boys y Jon Pardi actuar\u00e1n en el encendido nacional del \u00e1rbol de Navidad","robots":{"index":"index","follow":"follow","max-snippet":"max-snippet:-1","max-image-preview":"max-image-preview:large","max-video-preview":"max-video-preview:-1"},"canonical":"https:\/\/web.consaguirre.com.ar\/noticias\/the-beach-boys-y-jon-pardi-actuaran-en-el-encendido-nacional-del-arbol-de-navidad\/","og_locale":"es_ES","og_type":"article","og_title":"The Beach Boys y Jon Pardi actuar\u00e1n en el encendido nacional del \u00e1rbol de Navidad","og_description":"Los Beach Boys y Jon Pardi est\u00e1n celebrando la temporada navide\u00f1a actuando en la 103\u00aa Ceremonia Nacional de Iluminaci\u00f3n del \u00c1rbol de Navidad. El evento","og_url":"https:\/\/web.consaguirre.com.ar\/noticias\/the-beach-boys-y-jon-pardi-actuaran-en-el-encendido-nacional-del-arbol-de-navidad\/","og_site_name":"Conservatorio de M\u00fasica Juli\u00e1n Aguirre","article_published_time":"2025-12-05T05:38:24+00:00","article_modified_time":"2025-12-05T05:38:25+00:00","og_image":[{"width":1440,"height":864,"url":"https:\/\/web.consaguirre.com.ar\/noticias\/wp-content\/uploads\/2025\/12\/The-Beach-Boys-y-Jon-Pardi-actuaran-en-el-encendido.jpg","type":"image\/jpeg"}],"author":"Javier Figueroa","twitter_card":"summary_large_image","twitter_misc":{"Escrito por":"Javier Figueroa","Tiempo de lectura":"2 minutos"},"schema":{"@context":"https:\/\/schema.org","@graph":[{"@type":"Article","@id":"https:\/\/web.consaguirre.com.ar\/noticias\/the-beach-boys-y-jon-pardi-actuaran-en-el-encendido-nacional-del-arbol-de-navidad\/#article","isPartOf":{"@id":"https:\/\/web.consaguirre.com.ar\/noticias\/the-beach-boys-y-jon-pardi-actuaran-en-el-encendido-nacional-del-arbol-de-navidad\/"},"author":{"name":"Javier Figueroa","@id":"https:\/\/web.consaguirre.com.ar\/noticias\/#\/schema\/person\/6558b0cfedee7ddc5425602b237d5722"},"headline":"The Beach Boys y Jon Pardi actuar\u00e1n en el encendido nacional del \u00e1rbol de Navidad","datePublished":"2025-12-05T05:38:24+00:00","dateModified":"2025-12-05T05:38:25+00:00","mainEntityOfPage":{"@id":"https:\/\/web.consaguirre.com.ar\/noticias\/the-beach-boys-y-jon-pardi-actuaran-en-el-encendido-nacional-del-arbol-de-navidad\/"},"wordCount":493,"publisher":{"@id":"https:\/\/web.consaguirre.com.ar\/noticias\/#organization"},"image":{"@id":"https:\/\/web.consaguirre.com.ar\/noticias\/the-beach-boys-y-jon-pardi-actuaran-en-el-encendido-nacional-del-arbol-de-navidad\/#primaryimage"},"thumbnailUrl":"https:\/\/web.consaguirre.com.ar\/noticias\/wp-content\/uploads\/2025\/12\/The-Beach-Boys-y-Jon-Pardi-actuaran-en-el-encendido.jpg","keywords":["actuar\u00e1n","\u00e1rbol","Beach","Boys","del","encendido","Jon","nacional","Navidad","Pardi"],"articleSection":["El \u00faltimo"],"inLanguage":"es-AR"},{"@type":"WebPage","@id":"https:\/\/web.consaguirre.com.ar\/noticias\/the-beach-boys-y-jon-pardi-actuaran-en-el-encendido-nacional-del-arbol-de-navidad\/","url":"https:\/\/web.consaguirre.com.ar\/noticias\/the-beach-boys-y-jon-pardi-actuaran-en-el-encendido-nacional-del-arbol-de-navidad\/","name":"The Beach Boys y Jon Pardi actuar\u00e1n en el encendido nacional del \u00e1rbol de Navidad","isPartOf":{"@id":"https:\/\/web.consaguirre.com.ar\/noticias\/#website"},"primaryImageOfPage":{"@id":"https:\/\/web.consaguirre.com.ar\/noticias\/the-beach-boys-y-jon-pardi-actuaran-en-el-encendido-nacional-del-arbol-de-navidad\/#primaryimage"},"image":{"@id":"https:\/\/web.consaguirre.com.ar\/noticias\/the-beach-boys-y-jon-pardi-actuaran-en-el-encendido-nacional-del-arbol-de-navidad\/#primaryimage"},"thumbnailUrl":"https:\/\/web.consaguirre.com.ar\/noticias\/wp-content\/uploads\/2025\/12\/The-Beach-Boys-y-Jon-Pardi-actuaran-en-el-encendido.jpg","datePublished":"2025-12-05T05:38:24+00:00","dateModified":"2025-12-05T05:38:25+00:00","breadcrumb":{"@id":"https:\/\/web.consaguirre.com.ar\/noticias\/the-beach-boys-y-jon-pardi-actuaran-en-el-encendido-nacional-del-arbol-de-navidad\/#breadcrumb"},"inLanguage":"es-AR","potentialAction":[{"@type":"ReadAction","target":["https:\/\/web.consaguirre.com.ar\/noticias\/the-beach-boys-y-jon-pardi-actuaran-en-el-encendido-nacional-del-arbol-de-navidad\/"]}]},{"@type":"ImageObject","inLanguage":"es-AR","@id":"https:\/\/web.consaguirre.com.ar\/noticias\/the-beach-boys-y-jon-pardi-actuaran-en-el-encendido-nacional-del-arbol-de-navidad\/#primaryimage","url":"https:\/\/web.consaguirre.com.ar\/noticias\/wp-content\/uploads\/2025\/12\/The-Beach-Boys-y-Jon-Pardi-actuaran-en-el-encendido.jpg","contentUrl":"https:\/\/web.consaguirre.com.ar\/noticias\/wp-content\/uploads\/2025\/12\/The-Beach-Boys-y-Jon-Pardi-actuaran-en-el-encendido.jpg","width":1440,"height":864,"caption":"The Beach Boys y Jon Pardi actuar\u00e1n en el encendido nacional del \u00e1rbol de Navidad"},{"@type":"BreadcrumbList","@id":"https:\/\/web.consaguirre.com.ar\/noticias\/the-beach-boys-y-jon-pardi-actuaran-en-el-encendido-nacional-del-arbol-de-navidad\/#breadcrumb","itemListElement":[{"@type":"ListItem","position":1,"name":"Inicio","item":"https:\/\/web.consaguirre.com.ar\/noticias\/"},{"@type":"ListItem","position":2,"name":"The Beach Boys y Jon Pardi actuar\u00e1n en el encendido nacional del \u00e1rbol de Navidad"}]},{"@type":"WebSite","@id":"https:\/\/web.consaguirre.com.ar\/noticias\/#website","url":"https:\/\/web.consaguirre.com.ar\/noticias\/","name":"Conservatorio de M\u00fasica Juli\u00e1n Aguirre","description":"","publisher":{"@id":"https:\/\/web.consaguirre.com.ar\/noticias\/#organization"},"potentialAction":[{"@type":"SearchAction","target":{"@type":"EntryPoint","urlTemplate":"https:\/\/web.consaguirre.com.ar\/noticias\/?s={search_term_string}"},"query-input":"required name=search_term_string"}],"inLanguage":"es-AR"},{"@type":"Organization","@id":"https:\/\/web.consaguirre.com.ar\/noticias\/#organization","name":"Conservatorio de M\u00fasica Juli\u00e1n Aguirre","url":"https:\/\/web.consaguirre.com.ar\/noticias\/","logo":{"@type":"ImageObject","inLanguage":"es-AR","@id":"https:\/\/web.consaguirre.com.ar\/noticias\/#\/schema\/logo\/image\/","url":"https:\/\/web.consaguirre.com.ar\/noticias\/wp-content\/uploads\/2024\/08\/Banner-Aguirre-23.jpg","contentUrl":"https:\/\/web.consaguirre.com.ar\/noticias\/wp-content\/uploads\/2024\/08\/Banner-Aguirre-23.jpg","width":1192,"height":600,"caption":"Conservatorio de M\u00fasica Juli\u00e1n Aguirre"},"image":{"@id":"https:\/\/web.consaguirre.com.ar\/noticias\/#\/schema\/logo\/image\/"}},{"@type":"Person","@id":"https:\/\/web.consaguirre.com.ar\/noticias\/#\/schema\/person\/6558b0cfedee7ddc5425602b237d5722","name":"Javier Figueroa","image":{"@type":"ImageObject","inLanguage":"es-AR","@id":"https:\/\/web.consaguirre.com.ar\/noticias\/#\/schema\/person\/image\/","url":"https:\/\/web.consaguirre.com.ar\/noticias\/wp-content\/uploads\/2024\/08\/Consaguirre-scaled.jpg","contentUrl":"https:\/\/web.consaguirre.com.ar\/noticias\/wp-content\/uploads\/2024\/08\/Consaguirre-scaled.jpg","caption":"Javier Figueroa"},"description":"Me llamo Javier Figueroa y soy redactor para el sitio oficial del Conservatorio de M\u00fasica Juli\u00e1n Aguirre en Buenos Aires, consaguirre.com. Apasionado por la m\u00fasica y la escritura, me esfuerzo por destacar los talentos y eventos de nuestra prestigiosa instituci\u00f3n. Mi trayectoria se nutre de una profunda admiraci\u00f3n por los artistas, haciendo de cada art\u00edculo una celebraci\u00f3n de la creatividad y la cultura musical.","sameAs":["https:\/\/web.consaguirre.com.ar\/noticias"]}]}},"_links":{"self":[{"href":"https:\/\/web.consaguirre.com.ar\/noticias\/wp-json\/wp\/v2\/posts\/4542"}],"collection":[{"href":"https:\/\/web.consaguirre.com.ar\/noticias\/wp-json\/wp\/v2\/posts"}],"about":[{"href":"https:\/\/web.consaguirre.com.ar\/noticias\/wp-json\/wp\/v2\/types\/post"}],"author":[{"embeddable":true,"href":"https:\/\/web.consaguirre.com.ar\/noticias\/wp-json\/wp\/v2\/users\/1"}],"replies":[{"embeddable":true,"href":"https:\/\/web.consaguirre.com.ar\/noticias\/wp-json\/wp\/v2\/comments?post=4542"}],"version-history":[{"count":1,"href":"https:\/\/web.consaguirre.com.ar\/noticias\/wp-json\/wp\/v2\/posts\/4542\/revisions"}],"predecessor-version":[{"id":4544,"href":"https:\/\/web.consaguirre.com.ar\/noticias\/wp-json\/wp\/v2\/posts\/4542\/revisions\/4544"}],"wp:featuredmedia":[{"embeddable":true,"href":"https:\/\/web.consaguirre.com.ar\/noticias\/wp-json\/wp\/v2\/media\/4543"}],"wp:attachment":[{"href":"https:\/\/web.consaguirre.com.ar\/noticias\/wp-json\/wp\/v2\/media?parent=4542"}],"wp:term":[{"taxonomy":"category","embeddable":true,"href":"https:\/\/web.consaguirre.com.ar\/noticias\/wp-json\/wp\/v2\/categories?post=4542"},{"taxonomy":"post_tag","embeddable":true,"href":"https:\/\/web.consaguirre.com.ar\/noticias\/wp-json\/wp\/v2\/tags?post=4542"}],"curies":[{"name":"wp","href":"https:\/\/api.w.org\/{rel}","templated":true}]}}