{"id":4536,"date":"2025-12-04T20:38:33","date_gmt":"2025-12-04T23:38:33","guid":{"rendered":"https:\/\/web.consaguirre.com.ar\/noticias\/fallecio-steve-cropper-el-celebre-booker-t-y-guitarrista-de-mg\/"},"modified":"2025-12-04T20:38:34","modified_gmt":"2025-12-04T23:38:34","slug":"fallecio-steve-cropper-el-celebre-booker-t-y-guitarrista-de-mg","status":"publish","type":"post","link":"https:\/\/web.consaguirre.com.ar\/noticias\/fallecio-steve-cropper-el-celebre-booker-t-y-guitarrista-de-mg\/","title":{"rendered":"Falleci\u00f3 Steve Cropper, el c\u00e9lebre Booker T. y guitarrista de MG"},"content":{"rendered":"<p>Steve Cropper, guitarrista y miembro de Booker T and the MG&#8217;s de Stax Records, falleci\u00f3. Ten\u00eda 84 a\u00f1os y al cierre de esta edici\u00f3n se desconoce la causa de su muerte.<\/p>\n<p>El fallecimiento de Cropper se anunci\u00f3 ayer (3 de diciembre) a trav\u00e9s de un comunicado publicado en su p\u00e1gina oficial de Facebook: &#8220;Con profunda tristeza compartimos la noticia del fallecimiento de Stephen Lee Cropper, quien muri\u00f3 pac\u00edficamente hoy en Nashville a la edad de 84 a\u00f1os. Steve fue un querido m\u00fasico, compositor y productor cuyo extraordinario talento toc\u00f3 millones de vidas en todo el mundo. Como el legendario guitarrista de Booker T. &#038; the MG&#8217;s y el arquitecto del sonido de Stax Records, ayud\u00f3 a crear algunos de los m\u00e1s canciones perdurables en la historia de la m\u00fasica, incluidas \u201c(Sittin&#8217; On) The Dock of the Bay\u201d, \u201cSoul Man\u201d, \u201cKnock on Wood\u201d e \u201cIn the Midnight Hour\u201d.<\/p>\n<p>Miembro del Sal\u00f3n de la Fama del Rock &#038; Roll, ganador del premio Grammy y homenajeado en el Sal\u00f3n de la Fama de los Compositores, la influencia de Steve en la m\u00fasica estadounidense es inconmensurable. Mientras lamentamos la p\u00e9rdida de un esposo, padre y amigo, encontramos consuelo al saber que Steve vivir\u00e1 para siempre a trav\u00e9s de su m\u00fasica. Cada nota que toc\u00f3, cada canci\u00f3n que escribi\u00f3 y cada artista que inspir\u00f3 garantiza que su esp\u00edritu y su arte seguir\u00e1n conmoviendo a las personas durante generaciones. A Steve le sobreviven su amada esposa, Angel Cropper; sus hijos Andrea y Cameron Cropper, Stevie y Ashley, junto con innumerables m\u00fasicos y fan\u00e1ticos cuyas vidas transform\u00f3 gracias a su extraordinario don. La familia agradece a todos por su amor, apoyo y respeto a su privacidad durante este momento dif\u00edcil\u201d.<\/p>\n<p>Cropper naci\u00f3 el 21 de octubre de 1941, cerca de Dora, Missouri. Su familia se mud\u00f3 a Memphis cuando \u00e9l ten\u00eda nueve a\u00f1os. Comenz\u00f3 a tocar la guitarra a los 14 a\u00f1os, citando a Chuck Berry, Jimmy Reed, Chet Atkins, Lowman Pauling del grupo de R&#038;B The \u201c5\u201d Royales, Billy Butler del combo del organista Bill Doggett y Wayne Bennett, acompa\u00f1ante de toda la vida de Bobby \u201cBlue\u201d Bland, como sus primeras inspiraciones.<\/p>\n<p>Cropper fue uno de los primeros firmantes del legendario Stax Records, a\u00f1os antes de que se llamara Stax. (Fundada por Jim Stewart y Estelle Axton en 1957 como Satellite Records, luego se cambi\u00f3 a Stax Records en 1961). Cropper y su banda instrumental, Mar-Keys (anteriormente conocida como Royals Spades), se unieron al sello y lanzaron el exitoso sencillo &#8220;Last Night&#8221; en 1961.<\/p>\n<p>Mientras que otros miembros de Mar-Keys se convirtieron en la secci\u00f3n de trompetas del sello, Cropper y sus compa\u00f1eros de banda restantes formaron Booker T. and the MG&#8217;s. Con Cropper a la guitarra, el teclista Booker T. Jones, el bajista Donald \u201cDuck\u201d Dunn y el baterista Al Jackson, la banda es conocida por sus exitosos temas instrumentales \u201cGreen Onions\u201d, \u201cHang &#8216;Em High\u201d y \u201cTime Is Tight\u201d. Como banda de Stax Records, Booker T. y los MG tambi\u00e9n tocaron en cientos de grabaciones de artistas como Otis Redding, Wilson Pickett, Bill Withers, Sam &#038; Dave, Carla Thomas, Rufus Thomas, Johnnie Taylor y Albert King.<\/p>\n<p>En una \u00e9poca en la que la segregaci\u00f3n todav\u00eda era ley, la banda incluy\u00f3 valientemente miembros blancos y negros. \u201cCuando entrabas por la puerta de Stax, no hab\u00eda absolutamente ning\u00fan color\u201d, dijo una vez Cropper. &#8220;Todos est\u00e1bamos all\u00ed por la misma raz\u00f3n: conseguir un disco exitoso&#8221;.<\/p>\n<p>Cropper es considerado uno de los principales int\u00e9rpretes que ayudaron a definir el sonido de la m\u00fasica soul de Memphis. Adem\u00e1s de su trabajo con la guitarra, tambi\u00e9n fue compositor y productor discogr\u00e1fico. Fue incluido en el Sal\u00f3n de la Fama del Rock and Roll en 1992 como miembro de Booker T. and the MG&#8217;s. En 2005, Cropper fue incluido en el Sal\u00f3n de la Fama de los Compositores y recibi\u00f3 un premio Grammy por su trayectoria en 2007.<\/p>\n<p>Permaneci\u00f3 activo hasta su fallecimiento, obteniendo una nominaci\u00f3n al Grammy este a\u00f1o por su \u00e1lbum 2024, <em>ciudad amigable<\/em>. Muchos artistas han rendido homenaje al fallecido Cropper, incluidos Joe Bonamassa, Tyler Bryant, Dave Mason, Mick Fleetwood y Huey Lewis. &#8220;Es muy triste saber del fallecimiento de Steve Cropper&#8221;, comparti\u00f3 Lewis en Instagram. &#8220;Era un gigante. Uno de los arquitectos de la m\u00fasica soul de Memphis, escribi\u00f3, produjo y toc\u00f3 en muchas canciones importantes. Su m\u00fasica vivir\u00e1 para siempre. Tambi\u00e9n fue tan generoso y dulce como cualquiera que haya conocido. Es un d\u00eda triste para la m\u00fasica estadounidense, pero el cielo se volvi\u00f3 m\u00e1s funky&#8221;.<\/p>\n<p><script async src=\"\/\/www.instagram.com\/embed.js\"><\/script><\/p>\n","protected":false},"excerpt":{"rendered":"<p>Steve Cropper, guitarrista y miembro de Booker T and the MG&#8217;s de Stax Records, falleci\u00f3. Ten\u00eda 84 a\u00f1os y al cierre de esta edici\u00f3n se<\/p>\n","protected":false},"author":1,"featured_media":4537,"comment_status":"closed","ping_status":"","sticky":false,"template":"","format":"standard","meta":{"footnotes":""},"categories":[50],"tags":[3595,1150,3594,767,3143,2406],"class_list":["post-4536","post","type-post","status-publish","format-standard","has-post-thumbnail","hentry","category-el-ultimo","tag-booker","tag-celebre","tag-cropper","tag-fallecio","tag-guitarrista","tag-steve","generate-columns","tablet-grid-50","mobile-grid-100","grid-parent","grid-50"],"yoast_head":"<!-- This site is optimized with the Yoast SEO plugin v23.3 - https:\/\/yoast.com\/wordpress\/plugins\/seo\/ -->\n<title>Falleci\u00f3 Steve Cropper, el c\u00e9lebre Booker T. y guitarrista de MG<\/title>\n<meta name=\"robots\" content=\"index, follow, max-snippet:-1, max-image-preview:large, max-video-preview:-1\" \/>\n<link rel=\"canonical\" href=\"https:\/\/web.consaguirre.com.ar\/noticias\/fallecio-steve-cropper-el-celebre-booker-t-y-guitarrista-de-mg\/\" \/>\n<meta property=\"og:locale\" content=\"es_ES\" \/>\n<meta property=\"og:type\" content=\"article\" \/>\n<meta property=\"og:title\" content=\"Falleci\u00f3 Steve Cropper, el c\u00e9lebre Booker T. y guitarrista de MG\" \/>\n<meta property=\"og:description\" content=\"Steve Cropper, guitarrista y miembro de Booker T and the MG&#8217;s de Stax Records, falleci\u00f3. Ten\u00eda 84 a\u00f1os y al cierre de esta edici\u00f3n se\" \/>\n<meta property=\"og:url\" content=\"https:\/\/web.consaguirre.com.ar\/noticias\/fallecio-steve-cropper-el-celebre-booker-t-y-guitarrista-de-mg\/\" \/>\n<meta property=\"og:site_name\" content=\"Conservatorio de M\u00fasica Juli\u00e1n Aguirre\" \/>\n<meta property=\"article:published_time\" content=\"2025-12-04T23:38:33+00:00\" \/>\n<meta property=\"article:modified_time\" content=\"2025-12-04T23:38:34+00:00\" \/>\n<meta property=\"og:image\" content=\"https:\/\/web.consaguirre.com.ar\/noticias\/wp-content\/uploads\/2025\/12\/Fallecio-Steve-Cropper-el-celebre-Booker-T-y-guitarrista-de.jpg\" \/>\n\t<meta property=\"og:image:width\" content=\"1440\" \/>\n\t<meta property=\"og:image:height\" content=\"864\" \/>\n\t<meta property=\"og:image:type\" content=\"image\/jpeg\" \/>\n<meta name=\"author\" content=\"Javier Figueroa\" \/>\n<meta name=\"twitter:card\" content=\"summary_large_image\" \/>\n<meta name=\"twitter:label1\" content=\"Escrito por\" \/>\n\t<meta name=\"twitter:data1\" content=\"Javier Figueroa\" \/>\n\t<meta name=\"twitter:label2\" content=\"Tiempo de lectura\" \/>\n\t<meta name=\"twitter:data2\" content=\"4 minutos\" \/>\n<script type=\"application\/ld+json\" class=\"yoast-schema-graph\">{\"@context\":\"https:\/\/schema.org\",\"@graph\":[{\"@type\":\"Article\",\"@id\":\"https:\/\/web.consaguirre.com.ar\/noticias\/fallecio-steve-cropper-el-celebre-booker-t-y-guitarrista-de-mg\/#article\",\"isPartOf\":{\"@id\":\"https:\/\/web.consaguirre.com.ar\/noticias\/fallecio-steve-cropper-el-celebre-booker-t-y-guitarrista-de-mg\/\"},\"author\":{\"name\":\"Javier Figueroa\",\"@id\":\"https:\/\/web.consaguirre.com.ar\/noticias\/#\/schema\/person\/6558b0cfedee7ddc5425602b237d5722\"},\"headline\":\"Falleci\u00f3 Steve Cropper, el c\u00e9lebre Booker T. y guitarrista de MG\",\"datePublished\":\"2025-12-04T23:38:33+00:00\",\"dateModified\":\"2025-12-04T23:38:34+00:00\",\"mainEntityOfPage\":{\"@id\":\"https:\/\/web.consaguirre.com.ar\/noticias\/fallecio-steve-cropper-el-celebre-booker-t-y-guitarrista-de-mg\/\"},\"wordCount\":800,\"publisher\":{\"@id\":\"https:\/\/web.consaguirre.com.ar\/noticias\/#organization\"},\"image\":{\"@id\":\"https:\/\/web.consaguirre.com.ar\/noticias\/fallecio-steve-cropper-el-celebre-booker-t-y-guitarrista-de-mg\/#primaryimage\"},\"thumbnailUrl\":\"https:\/\/web.consaguirre.com.ar\/noticias\/wp-content\/uploads\/2025\/12\/Fallecio-Steve-Cropper-el-celebre-Booker-T-y-guitarrista-de.jpg\",\"keywords\":[\"Booker\",\"c\u00e9lebre\",\"Cropper\",\"Falleci\u00f3\",\"guitarrista\",\"Steve\"],\"articleSection\":[\"El \u00faltimo\"],\"inLanguage\":\"es-AR\"},{\"@type\":\"WebPage\",\"@id\":\"https:\/\/web.consaguirre.com.ar\/noticias\/fallecio-steve-cropper-el-celebre-booker-t-y-guitarrista-de-mg\/\",\"url\":\"https:\/\/web.consaguirre.com.ar\/noticias\/fallecio-steve-cropper-el-celebre-booker-t-y-guitarrista-de-mg\/\",\"name\":\"Falleci\u00f3 Steve Cropper, el c\u00e9lebre Booker T. y guitarrista de MG\",\"isPartOf\":{\"@id\":\"https:\/\/web.consaguirre.com.ar\/noticias\/#website\"},\"primaryImageOfPage\":{\"@id\":\"https:\/\/web.consaguirre.com.ar\/noticias\/fallecio-steve-cropper-el-celebre-booker-t-y-guitarrista-de-mg\/#primaryimage\"},\"image\":{\"@id\":\"https:\/\/web.consaguirre.com.ar\/noticias\/fallecio-steve-cropper-el-celebre-booker-t-y-guitarrista-de-mg\/#primaryimage\"},\"thumbnailUrl\":\"https:\/\/web.consaguirre.com.ar\/noticias\/wp-content\/uploads\/2025\/12\/Fallecio-Steve-Cropper-el-celebre-Booker-T-y-guitarrista-de.jpg\",\"datePublished\":\"2025-12-04T23:38:33+00:00\",\"dateModified\":\"2025-12-04T23:38:34+00:00\",\"breadcrumb\":{\"@id\":\"https:\/\/web.consaguirre.com.ar\/noticias\/fallecio-steve-cropper-el-celebre-booker-t-y-guitarrista-de-mg\/#breadcrumb\"},\"inLanguage\":\"es-AR\",\"potentialAction\":[{\"@type\":\"ReadAction\",\"target\":[\"https:\/\/web.consaguirre.com.ar\/noticias\/fallecio-steve-cropper-el-celebre-booker-t-y-guitarrista-de-mg\/\"]}]},{\"@type\":\"ImageObject\",\"inLanguage\":\"es-AR\",\"@id\":\"https:\/\/web.consaguirre.com.ar\/noticias\/fallecio-steve-cropper-el-celebre-booker-t-y-guitarrista-de-mg\/#primaryimage\",\"url\":\"https:\/\/web.consaguirre.com.ar\/noticias\/wp-content\/uploads\/2025\/12\/Fallecio-Steve-Cropper-el-celebre-Booker-T-y-guitarrista-de.jpg\",\"contentUrl\":\"https:\/\/web.consaguirre.com.ar\/noticias\/wp-content\/uploads\/2025\/12\/Fallecio-Steve-Cropper-el-celebre-Booker-T-y-guitarrista-de.jpg\",\"width\":1440,\"height\":864,\"caption\":\"Falleci\u00f3 Steve Cropper, el c\u00e9lebre Booker T. y guitarrista de MG\"},{\"@type\":\"BreadcrumbList\",\"@id\":\"https:\/\/web.consaguirre.com.ar\/noticias\/fallecio-steve-cropper-el-celebre-booker-t-y-guitarrista-de-mg\/#breadcrumb\",\"itemListElement\":[{\"@type\":\"ListItem\",\"position\":1,\"name\":\"Inicio\",\"item\":\"https:\/\/web.consaguirre.com.ar\/noticias\/\"},{\"@type\":\"ListItem\",\"position\":2,\"name\":\"Falleci\u00f3 Steve Cropper, el c\u00e9lebre Booker T. y guitarrista de MG\"}]},{\"@type\":\"WebSite\",\"@id\":\"https:\/\/web.consaguirre.com.ar\/noticias\/#website\",\"url\":\"https:\/\/web.consaguirre.com.ar\/noticias\/\",\"name\":\"Conservatorio de M\u00fasica Juli\u00e1n Aguirre\",\"description\":\"\",\"publisher\":{\"@id\":\"https:\/\/web.consaguirre.com.ar\/noticias\/#organization\"},\"potentialAction\":[{\"@type\":\"SearchAction\",\"target\":{\"@type\":\"EntryPoint\",\"urlTemplate\":\"https:\/\/web.consaguirre.com.ar\/noticias\/?s={search_term_string}\"},\"query-input\":\"required name=search_term_string\"}],\"inLanguage\":\"es-AR\"},{\"@type\":\"Organization\",\"@id\":\"https:\/\/web.consaguirre.com.ar\/noticias\/#organization\",\"name\":\"Conservatorio de M\u00fasica Juli\u00e1n Aguirre\",\"url\":\"https:\/\/web.consaguirre.com.ar\/noticias\/\",\"logo\":{\"@type\":\"ImageObject\",\"inLanguage\":\"es-AR\",\"@id\":\"https:\/\/web.consaguirre.com.ar\/noticias\/#\/schema\/logo\/image\/\",\"url\":\"https:\/\/web.consaguirre.com.ar\/noticias\/wp-content\/uploads\/2024\/08\/Banner-Aguirre-23.jpg\",\"contentUrl\":\"https:\/\/web.consaguirre.com.ar\/noticias\/wp-content\/uploads\/2024\/08\/Banner-Aguirre-23.jpg\",\"width\":1192,\"height\":600,\"caption\":\"Conservatorio de M\u00fasica Juli\u00e1n Aguirre\"},\"image\":{\"@id\":\"https:\/\/web.consaguirre.com.ar\/noticias\/#\/schema\/logo\/image\/\"}},{\"@type\":\"Person\",\"@id\":\"https:\/\/web.consaguirre.com.ar\/noticias\/#\/schema\/person\/6558b0cfedee7ddc5425602b237d5722\",\"name\":\"Javier Figueroa\",\"image\":{\"@type\":\"ImageObject\",\"inLanguage\":\"es-AR\",\"@id\":\"https:\/\/web.consaguirre.com.ar\/noticias\/#\/schema\/person\/image\/\",\"url\":\"https:\/\/web.consaguirre.com.ar\/noticias\/wp-content\/uploads\/2024\/08\/Consaguirre-scaled.jpg\",\"contentUrl\":\"https:\/\/web.consaguirre.com.ar\/noticias\/wp-content\/uploads\/2024\/08\/Consaguirre-scaled.jpg\",\"caption\":\"Javier Figueroa\"},\"description\":\"Me llamo Javier Figueroa y soy redactor para el sitio oficial del Conservatorio de M\u00fasica Juli\u00e1n Aguirre en Buenos Aires, consaguirre.com. Apasionado por la m\u00fasica y la escritura, me esfuerzo por destacar los talentos y eventos de nuestra prestigiosa instituci\u00f3n. Mi trayectoria se nutre de una profunda admiraci\u00f3n por los artistas, haciendo de cada art\u00edculo una celebraci\u00f3n de la creatividad y la cultura musical.\",\"sameAs\":[\"https:\/\/web.consaguirre.com.ar\/noticias\"]}]}<\/script>\n<!-- \/ Yoast SEO plugin. -->","yoast_head_json":{"title":"Falleci\u00f3 Steve Cropper, el c\u00e9lebre Booker T. y guitarrista de MG","robots":{"index":"index","follow":"follow","max-snippet":"max-snippet:-1","max-image-preview":"max-image-preview:large","max-video-preview":"max-video-preview:-1"},"canonical":"https:\/\/web.consaguirre.com.ar\/noticias\/fallecio-steve-cropper-el-celebre-booker-t-y-guitarrista-de-mg\/","og_locale":"es_ES","og_type":"article","og_title":"Falleci\u00f3 Steve Cropper, el c\u00e9lebre Booker T. y guitarrista de MG","og_description":"Steve Cropper, guitarrista y miembro de Booker T and the MG&#8217;s de Stax Records, falleci\u00f3. Ten\u00eda 84 a\u00f1os y al cierre de esta edici\u00f3n se","og_url":"https:\/\/web.consaguirre.com.ar\/noticias\/fallecio-steve-cropper-el-celebre-booker-t-y-guitarrista-de-mg\/","og_site_name":"Conservatorio de M\u00fasica Juli\u00e1n Aguirre","article_published_time":"2025-12-04T23:38:33+00:00","article_modified_time":"2025-12-04T23:38:34+00:00","og_image":[{"width":1440,"height":864,"url":"https:\/\/web.consaguirre.com.ar\/noticias\/wp-content\/uploads\/2025\/12\/Fallecio-Steve-Cropper-el-celebre-Booker-T-y-guitarrista-de.jpg","type":"image\/jpeg"}],"author":"Javier Figueroa","twitter_card":"summary_large_image","twitter_misc":{"Escrito por":"Javier Figueroa","Tiempo de lectura":"4 minutos"},"schema":{"@context":"https:\/\/schema.org","@graph":[{"@type":"Article","@id":"https:\/\/web.consaguirre.com.ar\/noticias\/fallecio-steve-cropper-el-celebre-booker-t-y-guitarrista-de-mg\/#article","isPartOf":{"@id":"https:\/\/web.consaguirre.com.ar\/noticias\/fallecio-steve-cropper-el-celebre-booker-t-y-guitarrista-de-mg\/"},"author":{"name":"Javier Figueroa","@id":"https:\/\/web.consaguirre.com.ar\/noticias\/#\/schema\/person\/6558b0cfedee7ddc5425602b237d5722"},"headline":"Falleci\u00f3 Steve Cropper, el c\u00e9lebre Booker T. y guitarrista de MG","datePublished":"2025-12-04T23:38:33+00:00","dateModified":"2025-12-04T23:38:34+00:00","mainEntityOfPage":{"@id":"https:\/\/web.consaguirre.com.ar\/noticias\/fallecio-steve-cropper-el-celebre-booker-t-y-guitarrista-de-mg\/"},"wordCount":800,"publisher":{"@id":"https:\/\/web.consaguirre.com.ar\/noticias\/#organization"},"image":{"@id":"https:\/\/web.consaguirre.com.ar\/noticias\/fallecio-steve-cropper-el-celebre-booker-t-y-guitarrista-de-mg\/#primaryimage"},"thumbnailUrl":"https:\/\/web.consaguirre.com.ar\/noticias\/wp-content\/uploads\/2025\/12\/Fallecio-Steve-Cropper-el-celebre-Booker-T-y-guitarrista-de.jpg","keywords":["Booker","c\u00e9lebre","Cropper","Falleci\u00f3","guitarrista","Steve"],"articleSection":["El \u00faltimo"],"inLanguage":"es-AR"},{"@type":"WebPage","@id":"https:\/\/web.consaguirre.com.ar\/noticias\/fallecio-steve-cropper-el-celebre-booker-t-y-guitarrista-de-mg\/","url":"https:\/\/web.consaguirre.com.ar\/noticias\/fallecio-steve-cropper-el-celebre-booker-t-y-guitarrista-de-mg\/","name":"Falleci\u00f3 Steve Cropper, el c\u00e9lebre Booker T. y guitarrista de MG","isPartOf":{"@id":"https:\/\/web.consaguirre.com.ar\/noticias\/#website"},"primaryImageOfPage":{"@id":"https:\/\/web.consaguirre.com.ar\/noticias\/fallecio-steve-cropper-el-celebre-booker-t-y-guitarrista-de-mg\/#primaryimage"},"image":{"@id":"https:\/\/web.consaguirre.com.ar\/noticias\/fallecio-steve-cropper-el-celebre-booker-t-y-guitarrista-de-mg\/#primaryimage"},"thumbnailUrl":"https:\/\/web.consaguirre.com.ar\/noticias\/wp-content\/uploads\/2025\/12\/Fallecio-Steve-Cropper-el-celebre-Booker-T-y-guitarrista-de.jpg","datePublished":"2025-12-04T23:38:33+00:00","dateModified":"2025-12-04T23:38:34+00:00","breadcrumb":{"@id":"https:\/\/web.consaguirre.com.ar\/noticias\/fallecio-steve-cropper-el-celebre-booker-t-y-guitarrista-de-mg\/#breadcrumb"},"inLanguage":"es-AR","potentialAction":[{"@type":"ReadAction","target":["https:\/\/web.consaguirre.com.ar\/noticias\/fallecio-steve-cropper-el-celebre-booker-t-y-guitarrista-de-mg\/"]}]},{"@type":"ImageObject","inLanguage":"es-AR","@id":"https:\/\/web.consaguirre.com.ar\/noticias\/fallecio-steve-cropper-el-celebre-booker-t-y-guitarrista-de-mg\/#primaryimage","url":"https:\/\/web.consaguirre.com.ar\/noticias\/wp-content\/uploads\/2025\/12\/Fallecio-Steve-Cropper-el-celebre-Booker-T-y-guitarrista-de.jpg","contentUrl":"https:\/\/web.consaguirre.com.ar\/noticias\/wp-content\/uploads\/2025\/12\/Fallecio-Steve-Cropper-el-celebre-Booker-T-y-guitarrista-de.jpg","width":1440,"height":864,"caption":"Falleci\u00f3 Steve Cropper, el c\u00e9lebre Booker T. y guitarrista de MG"},{"@type":"BreadcrumbList","@id":"https:\/\/web.consaguirre.com.ar\/noticias\/fallecio-steve-cropper-el-celebre-booker-t-y-guitarrista-de-mg\/#breadcrumb","itemListElement":[{"@type":"ListItem","position":1,"name":"Inicio","item":"https:\/\/web.consaguirre.com.ar\/noticias\/"},{"@type":"ListItem","position":2,"name":"Falleci\u00f3 Steve Cropper, el c\u00e9lebre Booker T. y guitarrista de MG"}]},{"@type":"WebSite","@id":"https:\/\/web.consaguirre.com.ar\/noticias\/#website","url":"https:\/\/web.consaguirre.com.ar\/noticias\/","name":"Conservatorio de M\u00fasica Juli\u00e1n Aguirre","description":"","publisher":{"@id":"https:\/\/web.consaguirre.com.ar\/noticias\/#organization"},"potentialAction":[{"@type":"SearchAction","target":{"@type":"EntryPoint","urlTemplate":"https:\/\/web.consaguirre.com.ar\/noticias\/?s={search_term_string}"},"query-input":"required name=search_term_string"}],"inLanguage":"es-AR"},{"@type":"Organization","@id":"https:\/\/web.consaguirre.com.ar\/noticias\/#organization","name":"Conservatorio de M\u00fasica Juli\u00e1n Aguirre","url":"https:\/\/web.consaguirre.com.ar\/noticias\/","logo":{"@type":"ImageObject","inLanguage":"es-AR","@id":"https:\/\/web.consaguirre.com.ar\/noticias\/#\/schema\/logo\/image\/","url":"https:\/\/web.consaguirre.com.ar\/noticias\/wp-content\/uploads\/2024\/08\/Banner-Aguirre-23.jpg","contentUrl":"https:\/\/web.consaguirre.com.ar\/noticias\/wp-content\/uploads\/2024\/08\/Banner-Aguirre-23.jpg","width":1192,"height":600,"caption":"Conservatorio de M\u00fasica Juli\u00e1n Aguirre"},"image":{"@id":"https:\/\/web.consaguirre.com.ar\/noticias\/#\/schema\/logo\/image\/"}},{"@type":"Person","@id":"https:\/\/web.consaguirre.com.ar\/noticias\/#\/schema\/person\/6558b0cfedee7ddc5425602b237d5722","name":"Javier Figueroa","image":{"@type":"ImageObject","inLanguage":"es-AR","@id":"https:\/\/web.consaguirre.com.ar\/noticias\/#\/schema\/person\/image\/","url":"https:\/\/web.consaguirre.com.ar\/noticias\/wp-content\/uploads\/2024\/08\/Consaguirre-scaled.jpg","contentUrl":"https:\/\/web.consaguirre.com.ar\/noticias\/wp-content\/uploads\/2024\/08\/Consaguirre-scaled.jpg","caption":"Javier Figueroa"},"description":"Me llamo Javier Figueroa y soy redactor para el sitio oficial del Conservatorio de M\u00fasica Juli\u00e1n Aguirre en Buenos Aires, consaguirre.com. Apasionado por la m\u00fasica y la escritura, me esfuerzo por destacar los talentos y eventos de nuestra prestigiosa instituci\u00f3n. Mi trayectoria se nutre de una profunda admiraci\u00f3n por los artistas, haciendo de cada art\u00edculo una celebraci\u00f3n de la creatividad y la cultura musical.","sameAs":["https:\/\/web.consaguirre.com.ar\/noticias"]}]}},"_links":{"self":[{"href":"https:\/\/web.consaguirre.com.ar\/noticias\/wp-json\/wp\/v2\/posts\/4536"}],"collection":[{"href":"https:\/\/web.consaguirre.com.ar\/noticias\/wp-json\/wp\/v2\/posts"}],"about":[{"href":"https:\/\/web.consaguirre.com.ar\/noticias\/wp-json\/wp\/v2\/types\/post"}],"author":[{"embeddable":true,"href":"https:\/\/web.consaguirre.com.ar\/noticias\/wp-json\/wp\/v2\/users\/1"}],"replies":[{"embeddable":true,"href":"https:\/\/web.consaguirre.com.ar\/noticias\/wp-json\/wp\/v2\/comments?post=4536"}],"version-history":[{"count":1,"href":"https:\/\/web.consaguirre.com.ar\/noticias\/wp-json\/wp\/v2\/posts\/4536\/revisions"}],"predecessor-version":[{"id":4538,"href":"https:\/\/web.consaguirre.com.ar\/noticias\/wp-json\/wp\/v2\/posts\/4536\/revisions\/4538"}],"wp:featuredmedia":[{"embeddable":true,"href":"https:\/\/web.consaguirre.com.ar\/noticias\/wp-json\/wp\/v2\/media\/4537"}],"wp:attachment":[{"href":"https:\/\/web.consaguirre.com.ar\/noticias\/wp-json\/wp\/v2\/media?parent=4536"}],"wp:term":[{"taxonomy":"category","embeddable":true,"href":"https:\/\/web.consaguirre.com.ar\/noticias\/wp-json\/wp\/v2\/categories?post=4536"},{"taxonomy":"post_tag","embeddable":true,"href":"https:\/\/web.consaguirre.com.ar\/noticias\/wp-json\/wp\/v2\/tags?post=4536"}],"curies":[{"name":"wp","href":"https:\/\/api.w.org\/{rel}","templated":true}]}}