{"id":4511,"date":"2025-12-02T17:38:19","date_gmt":"2025-12-02T20:38:19","guid":{"rendered":"https:\/\/web.consaguirre.com.ar\/noticias\/chicago-y-styx-anuncian-gira-conjunta-como-cabeza-de-cartel\/"},"modified":"2025-12-02T17:38:20","modified_gmt":"2025-12-02T20:38:20","slug":"chicago-y-styx-anuncian-gira-conjunta-como-cabeza-de-cartel","status":"publish","type":"post","link":"https:\/\/web.consaguirre.com.ar\/noticias\/chicago-y-styx-anuncian-gira-conjunta-como-cabeza-de-cartel\/","title":{"rendered":"Chicago y Styx anuncian gira conjunta como cabeza de cartel"},"content":{"rendered":"<p>Chicago y Styx tienen ra\u00edces en Chicago y est\u00e1n aprovechando esa conexi\u00f3n con su ciudad natal con el nombre de su primera gira co-estelar. \u201cThe Windy Cities Tour \u2013 All The Hits\u2026Your Kind of Tour\u201d llevar\u00e1 a las leyendas del rock por Am\u00e9rica del Norte durante el verano de 2026.<\/p>\n<p>&#8220;Estamos entusiasmados con la gira de verano&#8221;, dijo el trompetista de Chicago Lee Loughnane en un comunicado de prensa. &#8220;Chicago nunca antes hab\u00eda estado de gira con Styx, as\u00ed que ser\u00e1 muy divertido, lo estamos esperando&#8221;.<\/p>\n<p>El cantante y guitarrista de Styx, Tommy Shaw, ofreci\u00f3 sus propios comentarios sobre la salida conjunta. &#8220;En mis primeros d\u00edas de actuaci\u00f3n en vivo, tuve varios mentores que tuvieron la amabilidad de dejarme unirme y tocar con ellos a pesar de no poder leer gr\u00e1ficos&#8221;, dijo Shaw. &#8220;Rod Henley, Ricky Parsons, Bobby y Larry Moore, Eddie Wohlford, Wimpy Jones, Country Boy Eddie y otros me dieron una oportunidad. Y estoy agradecido por eso. Cuando Chicago lanz\u00f3 su primer \u00e1lbum, ten\u00eda suficiente experiencia para comenzar a aprender su incre\u00edble m\u00fasica por mi cuenta. Ahora, la idea de que Styx est\u00e9 de gira con Chicago es una gran emoci\u00f3n por s\u00ed sola. \u00a1Estamos ansiosos por pasar el verano con ellos!&#8221;.<\/p>\n<p><b>Compre la m\u00fasica de Styx en vinilo o CD ahora.<\/b><\/p>\n<p>La gira Windy Cities Tour de 25 fechas comienza el 13 de julio en el anfiteatro iThink Financial de West Palm Beach y concluye el 6 de septiembre en el Kia Forum de Los \u00c1ngeles. En el medio, Chicago y Styx sacudir\u00e1n mercados como Toronto; Houston; Mansfield, MA, en el \u00e1rea de Boston; Camden, Nueva Jersey, en el \u00e1rea de Filadelfia; y, por supuesto, Rosemont, Illinois, en el \u00e1rea de Chicago.<\/p>\n<p>Ambas bandas lanzar\u00e1n sus propias preventas el martes 2 de diciembre a las 10 am hora local. Las preventas de Mastercard para las fechas de Austin y Kansas City comienzan al mismo tiempo, seguidas por las preventas de Citi para todas las fechas de EE. UU. a partir de las 12 p. m. hora local, tambi\u00e9n el 2 de diciembre. Se realizar\u00e1n preventas adicionales esta semana antes de la venta general que comienza el viernes 5 de diciembre a las 10 a. m. hora local.<\/p>\n<p>Compra entradas para la gira Chicago\/Styx 2026.<\/p>\n","protected":false},"excerpt":{"rendered":"<p>Chicago y Styx tienen ra\u00edces en Chicago y est\u00e1n aprovechando esa conexi\u00f3n con su ciudad natal con el nombre de su primera gira co-estelar. \u201cThe<\/p>\n","protected":false},"author":1,"featured_media":4512,"comment_status":"closed","ping_status":"","sticky":false,"template":"","format":"standard","meta":{"footnotes":""},"categories":[50],"tags":[725,2474,849,1266,331,3465,492,2194],"class_list":["post-4511","post","type-post","status-publish","format-standard","has-post-thumbnail","hentry","category-el-ultimo","tag-anuncian","tag-cabeza","tag-cartel","tag-chicago","tag-como","tag-conjunta","tag-gira","tag-styx","generate-columns","tablet-grid-50","mobile-grid-100","grid-parent","grid-50"],"yoast_head":"<!-- This site is optimized with the Yoast SEO plugin v23.3 - https:\/\/yoast.com\/wordpress\/plugins\/seo\/ -->\n<title>Chicago y Styx anuncian gira conjunta como cabeza de cartel<\/title>\n<meta name=\"robots\" content=\"index, follow, max-snippet:-1, max-image-preview:large, max-video-preview:-1\" \/>\n<link rel=\"canonical\" href=\"https:\/\/web.consaguirre.com.ar\/noticias\/chicago-y-styx-anuncian-gira-conjunta-como-cabeza-de-cartel\/\" \/>\n<meta property=\"og:locale\" content=\"es_ES\" \/>\n<meta property=\"og:type\" content=\"article\" \/>\n<meta property=\"og:title\" content=\"Chicago y Styx anuncian gira conjunta como cabeza de cartel\" \/>\n<meta property=\"og:description\" content=\"Chicago y Styx tienen ra\u00edces en Chicago y est\u00e1n aprovechando esa conexi\u00f3n con su ciudad natal con el nombre de su primera gira co-estelar. \u201cThe\" \/>\n<meta property=\"og:url\" content=\"https:\/\/web.consaguirre.com.ar\/noticias\/chicago-y-styx-anuncian-gira-conjunta-como-cabeza-de-cartel\/\" \/>\n<meta property=\"og:site_name\" content=\"Conservatorio de M\u00fasica Juli\u00e1n Aguirre\" \/>\n<meta property=\"article:published_time\" content=\"2025-12-02T20:38:19+00:00\" \/>\n<meta property=\"article:modified_time\" content=\"2025-12-02T20:38:20+00:00\" \/>\n<meta property=\"og:image\" content=\"https:\/\/web.consaguirre.com.ar\/noticias\/wp-content\/uploads\/2025\/12\/Chicago-y-Styx-anuncian-gira-conjunta-como-cabeza-de-cartel.jpg\" \/>\n\t<meta property=\"og:image:width\" content=\"1440\" \/>\n\t<meta property=\"og:image:height\" content=\"864\" \/>\n\t<meta property=\"og:image:type\" content=\"image\/jpeg\" \/>\n<meta name=\"author\" content=\"Javier Figueroa\" \/>\n<meta name=\"twitter:card\" content=\"summary_large_image\" \/>\n<meta name=\"twitter:label1\" content=\"Escrito por\" \/>\n\t<meta name=\"twitter:data1\" content=\"Javier Figueroa\" \/>\n\t<meta name=\"twitter:label2\" content=\"Tiempo de lectura\" \/>\n\t<meta name=\"twitter:data2\" content=\"2 minutos\" \/>\n<script type=\"application\/ld+json\" class=\"yoast-schema-graph\">{\"@context\":\"https:\/\/schema.org\",\"@graph\":[{\"@type\":\"Article\",\"@id\":\"https:\/\/web.consaguirre.com.ar\/noticias\/chicago-y-styx-anuncian-gira-conjunta-como-cabeza-de-cartel\/#article\",\"isPartOf\":{\"@id\":\"https:\/\/web.consaguirre.com.ar\/noticias\/chicago-y-styx-anuncian-gira-conjunta-como-cabeza-de-cartel\/\"},\"author\":{\"name\":\"Javier Figueroa\",\"@id\":\"https:\/\/web.consaguirre.com.ar\/noticias\/#\/schema\/person\/6558b0cfedee7ddc5425602b237d5722\"},\"headline\":\"Chicago y Styx anuncian gira conjunta como cabeza de cartel\",\"datePublished\":\"2025-12-02T20:38:19+00:00\",\"dateModified\":\"2025-12-02T20:38:20+00:00\",\"mainEntityOfPage\":{\"@id\":\"https:\/\/web.consaguirre.com.ar\/noticias\/chicago-y-styx-anuncian-gira-conjunta-como-cabeza-de-cartel\/\"},\"wordCount\":394,\"publisher\":{\"@id\":\"https:\/\/web.consaguirre.com.ar\/noticias\/#organization\"},\"image\":{\"@id\":\"https:\/\/web.consaguirre.com.ar\/noticias\/chicago-y-styx-anuncian-gira-conjunta-como-cabeza-de-cartel\/#primaryimage\"},\"thumbnailUrl\":\"https:\/\/web.consaguirre.com.ar\/noticias\/wp-content\/uploads\/2025\/12\/Chicago-y-Styx-anuncian-gira-conjunta-como-cabeza-de-cartel.jpg\",\"keywords\":[\"anuncian\",\"cabeza\",\"cartel\",\"Chicago\",\"como\",\"conjunta\",\"gira\",\"Styx\"],\"articleSection\":[\"El \u00faltimo\"],\"inLanguage\":\"es-AR\"},{\"@type\":\"WebPage\",\"@id\":\"https:\/\/web.consaguirre.com.ar\/noticias\/chicago-y-styx-anuncian-gira-conjunta-como-cabeza-de-cartel\/\",\"url\":\"https:\/\/web.consaguirre.com.ar\/noticias\/chicago-y-styx-anuncian-gira-conjunta-como-cabeza-de-cartel\/\",\"name\":\"Chicago y Styx anuncian gira conjunta como cabeza de cartel\",\"isPartOf\":{\"@id\":\"https:\/\/web.consaguirre.com.ar\/noticias\/#website\"},\"primaryImageOfPage\":{\"@id\":\"https:\/\/web.consaguirre.com.ar\/noticias\/chicago-y-styx-anuncian-gira-conjunta-como-cabeza-de-cartel\/#primaryimage\"},\"image\":{\"@id\":\"https:\/\/web.consaguirre.com.ar\/noticias\/chicago-y-styx-anuncian-gira-conjunta-como-cabeza-de-cartel\/#primaryimage\"},\"thumbnailUrl\":\"https:\/\/web.consaguirre.com.ar\/noticias\/wp-content\/uploads\/2025\/12\/Chicago-y-Styx-anuncian-gira-conjunta-como-cabeza-de-cartel.jpg\",\"datePublished\":\"2025-12-02T20:38:19+00:00\",\"dateModified\":\"2025-12-02T20:38:20+00:00\",\"breadcrumb\":{\"@id\":\"https:\/\/web.consaguirre.com.ar\/noticias\/chicago-y-styx-anuncian-gira-conjunta-como-cabeza-de-cartel\/#breadcrumb\"},\"inLanguage\":\"es-AR\",\"potentialAction\":[{\"@type\":\"ReadAction\",\"target\":[\"https:\/\/web.consaguirre.com.ar\/noticias\/chicago-y-styx-anuncian-gira-conjunta-como-cabeza-de-cartel\/\"]}]},{\"@type\":\"ImageObject\",\"inLanguage\":\"es-AR\",\"@id\":\"https:\/\/web.consaguirre.com.ar\/noticias\/chicago-y-styx-anuncian-gira-conjunta-como-cabeza-de-cartel\/#primaryimage\",\"url\":\"https:\/\/web.consaguirre.com.ar\/noticias\/wp-content\/uploads\/2025\/12\/Chicago-y-Styx-anuncian-gira-conjunta-como-cabeza-de-cartel.jpg\",\"contentUrl\":\"https:\/\/web.consaguirre.com.ar\/noticias\/wp-content\/uploads\/2025\/12\/Chicago-y-Styx-anuncian-gira-conjunta-como-cabeza-de-cartel.jpg\",\"width\":1440,\"height\":864,\"caption\":\"Chicago y Styx anuncian gira conjunta como cabeza de cartel\"},{\"@type\":\"BreadcrumbList\",\"@id\":\"https:\/\/web.consaguirre.com.ar\/noticias\/chicago-y-styx-anuncian-gira-conjunta-como-cabeza-de-cartel\/#breadcrumb\",\"itemListElement\":[{\"@type\":\"ListItem\",\"position\":1,\"name\":\"Inicio\",\"item\":\"https:\/\/web.consaguirre.com.ar\/noticias\/\"},{\"@type\":\"ListItem\",\"position\":2,\"name\":\"Chicago y Styx anuncian gira conjunta como cabeza de cartel\"}]},{\"@type\":\"WebSite\",\"@id\":\"https:\/\/web.consaguirre.com.ar\/noticias\/#website\",\"url\":\"https:\/\/web.consaguirre.com.ar\/noticias\/\",\"name\":\"Conservatorio de M\u00fasica Juli\u00e1n Aguirre\",\"description\":\"\",\"publisher\":{\"@id\":\"https:\/\/web.consaguirre.com.ar\/noticias\/#organization\"},\"potentialAction\":[{\"@type\":\"SearchAction\",\"target\":{\"@type\":\"EntryPoint\",\"urlTemplate\":\"https:\/\/web.consaguirre.com.ar\/noticias\/?s={search_term_string}\"},\"query-input\":\"required name=search_term_string\"}],\"inLanguage\":\"es-AR\"},{\"@type\":\"Organization\",\"@id\":\"https:\/\/web.consaguirre.com.ar\/noticias\/#organization\",\"name\":\"Conservatorio de M\u00fasica Juli\u00e1n Aguirre\",\"url\":\"https:\/\/web.consaguirre.com.ar\/noticias\/\",\"logo\":{\"@type\":\"ImageObject\",\"inLanguage\":\"es-AR\",\"@id\":\"https:\/\/web.consaguirre.com.ar\/noticias\/#\/schema\/logo\/image\/\",\"url\":\"https:\/\/web.consaguirre.com.ar\/noticias\/wp-content\/uploads\/2024\/08\/Banner-Aguirre-23.jpg\",\"contentUrl\":\"https:\/\/web.consaguirre.com.ar\/noticias\/wp-content\/uploads\/2024\/08\/Banner-Aguirre-23.jpg\",\"width\":1192,\"height\":600,\"caption\":\"Conservatorio de M\u00fasica Juli\u00e1n Aguirre\"},\"image\":{\"@id\":\"https:\/\/web.consaguirre.com.ar\/noticias\/#\/schema\/logo\/image\/\"}},{\"@type\":\"Person\",\"@id\":\"https:\/\/web.consaguirre.com.ar\/noticias\/#\/schema\/person\/6558b0cfedee7ddc5425602b237d5722\",\"name\":\"Javier Figueroa\",\"image\":{\"@type\":\"ImageObject\",\"inLanguage\":\"es-AR\",\"@id\":\"https:\/\/web.consaguirre.com.ar\/noticias\/#\/schema\/person\/image\/\",\"url\":\"https:\/\/web.consaguirre.com.ar\/noticias\/wp-content\/uploads\/2024\/08\/Consaguirre-scaled.jpg\",\"contentUrl\":\"https:\/\/web.consaguirre.com.ar\/noticias\/wp-content\/uploads\/2024\/08\/Consaguirre-scaled.jpg\",\"caption\":\"Javier Figueroa\"},\"description\":\"Me llamo Javier Figueroa y soy redactor para el sitio oficial del Conservatorio de M\u00fasica Juli\u00e1n Aguirre en Buenos Aires, consaguirre.com. Apasionado por la m\u00fasica y la escritura, me esfuerzo por destacar los talentos y eventos de nuestra prestigiosa instituci\u00f3n. Mi trayectoria se nutre de una profunda admiraci\u00f3n por los artistas, haciendo de cada art\u00edculo una celebraci\u00f3n de la creatividad y la cultura musical.\",\"sameAs\":[\"https:\/\/web.consaguirre.com.ar\/noticias\"]}]}<\/script>\n<!-- \/ Yoast SEO plugin. -->","yoast_head_json":{"title":"Chicago y Styx anuncian gira conjunta como cabeza de cartel","robots":{"index":"index","follow":"follow","max-snippet":"max-snippet:-1","max-image-preview":"max-image-preview:large","max-video-preview":"max-video-preview:-1"},"canonical":"https:\/\/web.consaguirre.com.ar\/noticias\/chicago-y-styx-anuncian-gira-conjunta-como-cabeza-de-cartel\/","og_locale":"es_ES","og_type":"article","og_title":"Chicago y Styx anuncian gira conjunta como cabeza de cartel","og_description":"Chicago y Styx tienen ra\u00edces en Chicago y est\u00e1n aprovechando esa conexi\u00f3n con su ciudad natal con el nombre de su primera gira co-estelar. \u201cThe","og_url":"https:\/\/web.consaguirre.com.ar\/noticias\/chicago-y-styx-anuncian-gira-conjunta-como-cabeza-de-cartel\/","og_site_name":"Conservatorio de M\u00fasica Juli\u00e1n Aguirre","article_published_time":"2025-12-02T20:38:19+00:00","article_modified_time":"2025-12-02T20:38:20+00:00","og_image":[{"width":1440,"height":864,"url":"https:\/\/web.consaguirre.com.ar\/noticias\/wp-content\/uploads\/2025\/12\/Chicago-y-Styx-anuncian-gira-conjunta-como-cabeza-de-cartel.jpg","type":"image\/jpeg"}],"author":"Javier Figueroa","twitter_card":"summary_large_image","twitter_misc":{"Escrito por":"Javier Figueroa","Tiempo de lectura":"2 minutos"},"schema":{"@context":"https:\/\/schema.org","@graph":[{"@type":"Article","@id":"https:\/\/web.consaguirre.com.ar\/noticias\/chicago-y-styx-anuncian-gira-conjunta-como-cabeza-de-cartel\/#article","isPartOf":{"@id":"https:\/\/web.consaguirre.com.ar\/noticias\/chicago-y-styx-anuncian-gira-conjunta-como-cabeza-de-cartel\/"},"author":{"name":"Javier Figueroa","@id":"https:\/\/web.consaguirre.com.ar\/noticias\/#\/schema\/person\/6558b0cfedee7ddc5425602b237d5722"},"headline":"Chicago y Styx anuncian gira conjunta como cabeza de cartel","datePublished":"2025-12-02T20:38:19+00:00","dateModified":"2025-12-02T20:38:20+00:00","mainEntityOfPage":{"@id":"https:\/\/web.consaguirre.com.ar\/noticias\/chicago-y-styx-anuncian-gira-conjunta-como-cabeza-de-cartel\/"},"wordCount":394,"publisher":{"@id":"https:\/\/web.consaguirre.com.ar\/noticias\/#organization"},"image":{"@id":"https:\/\/web.consaguirre.com.ar\/noticias\/chicago-y-styx-anuncian-gira-conjunta-como-cabeza-de-cartel\/#primaryimage"},"thumbnailUrl":"https:\/\/web.consaguirre.com.ar\/noticias\/wp-content\/uploads\/2025\/12\/Chicago-y-Styx-anuncian-gira-conjunta-como-cabeza-de-cartel.jpg","keywords":["anuncian","cabeza","cartel","Chicago","como","conjunta","gira","Styx"],"articleSection":["El \u00faltimo"],"inLanguage":"es-AR"},{"@type":"WebPage","@id":"https:\/\/web.consaguirre.com.ar\/noticias\/chicago-y-styx-anuncian-gira-conjunta-como-cabeza-de-cartel\/","url":"https:\/\/web.consaguirre.com.ar\/noticias\/chicago-y-styx-anuncian-gira-conjunta-como-cabeza-de-cartel\/","name":"Chicago y Styx anuncian gira conjunta como cabeza de cartel","isPartOf":{"@id":"https:\/\/web.consaguirre.com.ar\/noticias\/#website"},"primaryImageOfPage":{"@id":"https:\/\/web.consaguirre.com.ar\/noticias\/chicago-y-styx-anuncian-gira-conjunta-como-cabeza-de-cartel\/#primaryimage"},"image":{"@id":"https:\/\/web.consaguirre.com.ar\/noticias\/chicago-y-styx-anuncian-gira-conjunta-como-cabeza-de-cartel\/#primaryimage"},"thumbnailUrl":"https:\/\/web.consaguirre.com.ar\/noticias\/wp-content\/uploads\/2025\/12\/Chicago-y-Styx-anuncian-gira-conjunta-como-cabeza-de-cartel.jpg","datePublished":"2025-12-02T20:38:19+00:00","dateModified":"2025-12-02T20:38:20+00:00","breadcrumb":{"@id":"https:\/\/web.consaguirre.com.ar\/noticias\/chicago-y-styx-anuncian-gira-conjunta-como-cabeza-de-cartel\/#breadcrumb"},"inLanguage":"es-AR","potentialAction":[{"@type":"ReadAction","target":["https:\/\/web.consaguirre.com.ar\/noticias\/chicago-y-styx-anuncian-gira-conjunta-como-cabeza-de-cartel\/"]}]},{"@type":"ImageObject","inLanguage":"es-AR","@id":"https:\/\/web.consaguirre.com.ar\/noticias\/chicago-y-styx-anuncian-gira-conjunta-como-cabeza-de-cartel\/#primaryimage","url":"https:\/\/web.consaguirre.com.ar\/noticias\/wp-content\/uploads\/2025\/12\/Chicago-y-Styx-anuncian-gira-conjunta-como-cabeza-de-cartel.jpg","contentUrl":"https:\/\/web.consaguirre.com.ar\/noticias\/wp-content\/uploads\/2025\/12\/Chicago-y-Styx-anuncian-gira-conjunta-como-cabeza-de-cartel.jpg","width":1440,"height":864,"caption":"Chicago y Styx anuncian gira conjunta como cabeza de cartel"},{"@type":"BreadcrumbList","@id":"https:\/\/web.consaguirre.com.ar\/noticias\/chicago-y-styx-anuncian-gira-conjunta-como-cabeza-de-cartel\/#breadcrumb","itemListElement":[{"@type":"ListItem","position":1,"name":"Inicio","item":"https:\/\/web.consaguirre.com.ar\/noticias\/"},{"@type":"ListItem","position":2,"name":"Chicago y Styx anuncian gira conjunta como cabeza de cartel"}]},{"@type":"WebSite","@id":"https:\/\/web.consaguirre.com.ar\/noticias\/#website","url":"https:\/\/web.consaguirre.com.ar\/noticias\/","name":"Conservatorio de M\u00fasica Juli\u00e1n Aguirre","description":"","publisher":{"@id":"https:\/\/web.consaguirre.com.ar\/noticias\/#organization"},"potentialAction":[{"@type":"SearchAction","target":{"@type":"EntryPoint","urlTemplate":"https:\/\/web.consaguirre.com.ar\/noticias\/?s={search_term_string}"},"query-input":"required name=search_term_string"}],"inLanguage":"es-AR"},{"@type":"Organization","@id":"https:\/\/web.consaguirre.com.ar\/noticias\/#organization","name":"Conservatorio de M\u00fasica Juli\u00e1n Aguirre","url":"https:\/\/web.consaguirre.com.ar\/noticias\/","logo":{"@type":"ImageObject","inLanguage":"es-AR","@id":"https:\/\/web.consaguirre.com.ar\/noticias\/#\/schema\/logo\/image\/","url":"https:\/\/web.consaguirre.com.ar\/noticias\/wp-content\/uploads\/2024\/08\/Banner-Aguirre-23.jpg","contentUrl":"https:\/\/web.consaguirre.com.ar\/noticias\/wp-content\/uploads\/2024\/08\/Banner-Aguirre-23.jpg","width":1192,"height":600,"caption":"Conservatorio de M\u00fasica Juli\u00e1n Aguirre"},"image":{"@id":"https:\/\/web.consaguirre.com.ar\/noticias\/#\/schema\/logo\/image\/"}},{"@type":"Person","@id":"https:\/\/web.consaguirre.com.ar\/noticias\/#\/schema\/person\/6558b0cfedee7ddc5425602b237d5722","name":"Javier Figueroa","image":{"@type":"ImageObject","inLanguage":"es-AR","@id":"https:\/\/web.consaguirre.com.ar\/noticias\/#\/schema\/person\/image\/","url":"https:\/\/web.consaguirre.com.ar\/noticias\/wp-content\/uploads\/2024\/08\/Consaguirre-scaled.jpg","contentUrl":"https:\/\/web.consaguirre.com.ar\/noticias\/wp-content\/uploads\/2024\/08\/Consaguirre-scaled.jpg","caption":"Javier Figueroa"},"description":"Me llamo Javier Figueroa y soy redactor para el sitio oficial del Conservatorio de M\u00fasica Juli\u00e1n Aguirre en Buenos Aires, consaguirre.com. Apasionado por la m\u00fasica y la escritura, me esfuerzo por destacar los talentos y eventos de nuestra prestigiosa instituci\u00f3n. Mi trayectoria se nutre de una profunda admiraci\u00f3n por los artistas, haciendo de cada art\u00edculo una celebraci\u00f3n de la creatividad y la cultura musical.","sameAs":["https:\/\/web.consaguirre.com.ar\/noticias"]}]}},"_links":{"self":[{"href":"https:\/\/web.consaguirre.com.ar\/noticias\/wp-json\/wp\/v2\/posts\/4511"}],"collection":[{"href":"https:\/\/web.consaguirre.com.ar\/noticias\/wp-json\/wp\/v2\/posts"}],"about":[{"href":"https:\/\/web.consaguirre.com.ar\/noticias\/wp-json\/wp\/v2\/types\/post"}],"author":[{"embeddable":true,"href":"https:\/\/web.consaguirre.com.ar\/noticias\/wp-json\/wp\/v2\/users\/1"}],"replies":[{"embeddable":true,"href":"https:\/\/web.consaguirre.com.ar\/noticias\/wp-json\/wp\/v2\/comments?post=4511"}],"version-history":[{"count":1,"href":"https:\/\/web.consaguirre.com.ar\/noticias\/wp-json\/wp\/v2\/posts\/4511\/revisions"}],"predecessor-version":[{"id":4513,"href":"https:\/\/web.consaguirre.com.ar\/noticias\/wp-json\/wp\/v2\/posts\/4511\/revisions\/4513"}],"wp:featuredmedia":[{"embeddable":true,"href":"https:\/\/web.consaguirre.com.ar\/noticias\/wp-json\/wp\/v2\/media\/4512"}],"wp:attachment":[{"href":"https:\/\/web.consaguirre.com.ar\/noticias\/wp-json\/wp\/v2\/media?parent=4511"}],"wp:term":[{"taxonomy":"category","embeddable":true,"href":"https:\/\/web.consaguirre.com.ar\/noticias\/wp-json\/wp\/v2\/categories?post=4511"},{"taxonomy":"post_tag","embeddable":true,"href":"https:\/\/web.consaguirre.com.ar\/noticias\/wp-json\/wp\/v2\/tags?post=4511"}],"curies":[{"name":"wp","href":"https:\/\/api.w.org\/{rel}","templated":true}]}}