{"id":4499,"date":"2025-12-01T23:38:27","date_gmt":"2025-12-02T02:38:27","guid":{"rendered":"https:\/\/web.consaguirre.com.ar\/noticias\/bob-marley-y-the-wailers-en-vivo-celebra-50-anos-con-reedicion-en-vinilo-de-colores\/"},"modified":"2025-12-01T23:38:29","modified_gmt":"2025-12-02T02:38:29","slug":"bob-marley-y-the-wailers-en-vivo-celebra-50-anos-con-reedicion-en-vinilo-de-colores","status":"publish","type":"post","link":"https:\/\/web.consaguirre.com.ar\/noticias\/bob-marley-y-the-wailers-en-vivo-celebra-50-anos-con-reedicion-en-vinilo-de-colores\/","title":{"rendered":"Bob Marley y The Wailers &#8216;\u00a1En vivo!&#8217; Celebra 50 a\u00f1os con reedici\u00f3n en vinilo de colores"},"content":{"rendered":"<p>Una llamativa edici\u00f3n exclusiva del 50 aniversario de Bob Marley &#038; The Wailers, con salpicaduras de color verde, negro y dorado. <em>\u00a1Vivir!<\/em>lanzado originalmente por Island Records en diciembre de 1975, ya est\u00e1 disponible para ordenar.<\/p>\n<p>Pide Bob Marley y los Wailers <em>\u00a1Vivir!<\/em> ahora en vinilo de colores salpicados.<\/p>\n<p>Ampliamente considerado como el disco que catapult\u00f3 a Bob Marley al estrellato internacional, <em>\u00a1Vivir!<\/em> se grab\u00f3 durante dos noches en el Lyceum Theatre de Londres durante julio de 1975, como parte de la gira del ic\u00f3nico acto de reggae en apoyo del a\u00f1o anterior. <em>Natty pavor<\/em> \u00e1lbum. Capturando a Marley y su banda en la cima de sus poderes, el \u00e1lbum fue grabado usando el estudio m\u00f3vil de The Rolling Stones y presenta principalmente versiones de canciones de la <em>Ardiendo<\/em> y <em>Natty pavor<\/em> \u00e1lbumes.<\/p>\n<p><em>\u00a1Vivir!<\/em> proporcion\u00f3 a Bob Marley &#038; The Wailers un avance comercial a ambos lados del Atl\u00e1ntico, en parte debido al \u00e9xito de su sencillo derivado, una versi\u00f3n emotiva del conmovedor <em>Natty pavor<\/em> canci\u00f3n \u201cNo Woman, No Cry\u201d impulsada por la gloriosa parte del \u00f3rgano Hammond del teclista Tyrone Downie. Esta grabaci\u00f3n de la canci\u00f3n disfrut\u00f3 de un importante \u00e9xito en las listas, alcanzando el puesto 22 en la lista de sencillos del Reino Unido. Ahora tambi\u00e9n es ampliamente aceptada como la interpretaci\u00f3n definitiva de \u201cNo Woman, No Cry\u201d.<\/p>\n<div class=\"uD-YT-container\"><img decoding=\"async\" src=\"https:\/\/web.consaguirre.com.ar\/noticias\/wp-content\/uploads\/2025\/12\/1764643107_739_Bob-Marley-y-The-Wailers-\u00a1En-vivo-Celebra-50-anos.jpg\" alt=\"V\u00eddeo de YouTube\"><br \/>Haga clic para cargar v\u00eddeo<\/div>\n<p><em>\u00a1Vivir!<\/em> Fue lanzado inicialmente por Island en diciembre de 1975 y tambi\u00e9n obtuvo un gran \u00e9xito comercial para la banda. En el Reino Unido se convirti\u00f3 en el primer \u00e9xito de Marley en las listas de \u00e1lbumes Top 40 (y luego fue certificado platino por el BPI), mientras que en los EE. UU. obtuvo oro y subi\u00f3 al puesto 90 en el Billboard 200, en esa etapa, la posici\u00f3n m\u00e1s importante de la banda en las listas norteamericanas.<\/p>\n<p>El \u00e1lbum tambi\u00e9n recibi\u00f3 considerables elogios de la cr\u00edtica en su lanzamiento inicial. <em>La voz del pueblo<\/em>Robert Christgau declar\u00f3 que &#8220;el material es una elecci\u00f3n, a diferencia de la mayor\u00eda de los \u00e1lbumes en vivo, est\u00e1 adornado con arreglos econ\u00f3micos y de sonido distintos&#8221;. En otra parte, <em>Piedra rodante<\/em>La rese\u00f1a original de 5 estrellas lo proclam\u00f3 como \u201cescucha esencial para el creciente culto a los Wailers\u201d y lo calific\u00f3 como \u201cuno de los mejores \u00e1lbumes en vivo de todos los tiempos\u201d: una reputaci\u00f3n <em>\u00a1Vivir!<\/em> conserva mientras celebra su 50 aniversario con esta nueva reedici\u00f3n en vinilo de colores.<\/p>\n<p>Pide Bob Marley y los Wailers <em>\u00a1Vivir!<\/em> ahora en vinilo de colores salpicados.<\/p>\n","protected":false},"excerpt":{"rendered":"<p>Una llamativa edici\u00f3n exclusiva del 50 aniversario de Bob Marley &#038; The Wailers, con salpicaduras de color verde, negro y dorado. \u00a1Vivir!lanzado originalmente por Island<\/p>\n","protected":false},"author":1,"featured_media":4500,"comment_status":"closed","ping_status":"","sticky":false,"template":"","format":"standard","meta":{"footnotes":""},"categories":[50],"tags":[115,780,114,3578,32,781,117,87,59,2847],"class_list":["post-4499","post","type-post","status-publish","format-standard","has-post-thumbnail","hentry","category-el-ultimo","tag-anos","tag-bob","tag-celebra","tag-colores","tag-con","tag-marley","tag-reedicion","tag-vinilo","tag-vivo","tag-wailers","generate-columns","tablet-grid-50","mobile-grid-100","grid-parent","grid-50"],"yoast_head":"<!-- This site is optimized with the Yoast SEO plugin v23.3 - https:\/\/yoast.com\/wordpress\/plugins\/seo\/ -->\n<title>Bob Marley y The Wailers &#039;\u00a1En vivo!&#039; Celebra 50 a\u00f1os con reedici\u00f3n en vinilo de colores<\/title>\n<meta name=\"robots\" content=\"index, follow, max-snippet:-1, max-image-preview:large, max-video-preview:-1\" \/>\n<link rel=\"canonical\" href=\"https:\/\/web.consaguirre.com.ar\/noticias\/bob-marley-y-the-wailers-en-vivo-celebra-50-anos-con-reedicion-en-vinilo-de-colores\/\" \/>\n<meta property=\"og:locale\" content=\"es_ES\" \/>\n<meta property=\"og:type\" content=\"article\" \/>\n<meta property=\"og:title\" content=\"Bob Marley y The Wailers &#039;\u00a1En vivo!&#039; Celebra 50 a\u00f1os con reedici\u00f3n en vinilo de colores\" \/>\n<meta property=\"og:description\" content=\"Una llamativa edici\u00f3n exclusiva del 50 aniversario de Bob Marley &#038; The Wailers, con salpicaduras de color verde, negro y dorado. \u00a1Vivir!lanzado originalmente por Island\" \/>\n<meta property=\"og:url\" content=\"https:\/\/web.consaguirre.com.ar\/noticias\/bob-marley-y-the-wailers-en-vivo-celebra-50-anos-con-reedicion-en-vinilo-de-colores\/\" \/>\n<meta property=\"og:site_name\" content=\"Conservatorio de M\u00fasica Juli\u00e1n Aguirre\" \/>\n<meta property=\"article:published_time\" content=\"2025-12-02T02:38:27+00:00\" \/>\n<meta property=\"article:modified_time\" content=\"2025-12-02T02:38:29+00:00\" \/>\n<meta property=\"og:image\" content=\"https:\/\/web.consaguirre.com.ar\/noticias\/wp-content\/uploads\/2025\/12\/Bob-Marley-y-The-Wailers-\u00a1En-vivo-Celebra-50-anos.jpg\" \/>\n\t<meta property=\"og:image:width\" content=\"1440\" \/>\n\t<meta property=\"og:image:height\" content=\"864\" \/>\n\t<meta property=\"og:image:type\" content=\"image\/jpeg\" \/>\n<meta name=\"author\" content=\"Javier Figueroa\" \/>\n<meta name=\"twitter:card\" content=\"summary_large_image\" \/>\n<meta name=\"twitter:label1\" content=\"Escrito por\" \/>\n\t<meta name=\"twitter:data1\" content=\"Javier Figueroa\" \/>\n\t<meta name=\"twitter:label2\" content=\"Tiempo de lectura\" \/>\n\t<meta name=\"twitter:data2\" content=\"2 minutos\" \/>\n<script type=\"application\/ld+json\" class=\"yoast-schema-graph\">{\"@context\":\"https:\/\/schema.org\",\"@graph\":[{\"@type\":\"Article\",\"@id\":\"https:\/\/web.consaguirre.com.ar\/noticias\/bob-marley-y-the-wailers-en-vivo-celebra-50-anos-con-reedicion-en-vinilo-de-colores\/#article\",\"isPartOf\":{\"@id\":\"https:\/\/web.consaguirre.com.ar\/noticias\/bob-marley-y-the-wailers-en-vivo-celebra-50-anos-con-reedicion-en-vinilo-de-colores\/\"},\"author\":{\"name\":\"Javier Figueroa\",\"@id\":\"https:\/\/web.consaguirre.com.ar\/noticias\/#\/schema\/person\/6558b0cfedee7ddc5425602b237d5722\"},\"headline\":\"Bob Marley y The Wailers &#8216;\u00a1En vivo!&#8217; Celebra 50 a\u00f1os con reedici\u00f3n en vinilo de colores\",\"datePublished\":\"2025-12-02T02:38:27+00:00\",\"dateModified\":\"2025-12-02T02:38:29+00:00\",\"mainEntityOfPage\":{\"@id\":\"https:\/\/web.consaguirre.com.ar\/noticias\/bob-marley-y-the-wailers-en-vivo-celebra-50-anos-con-reedicion-en-vinilo-de-colores\/\"},\"wordCount\":443,\"publisher\":{\"@id\":\"https:\/\/web.consaguirre.com.ar\/noticias\/#organization\"},\"image\":{\"@id\":\"https:\/\/web.consaguirre.com.ar\/noticias\/bob-marley-y-the-wailers-en-vivo-celebra-50-anos-con-reedicion-en-vinilo-de-colores\/#primaryimage\"},\"thumbnailUrl\":\"https:\/\/web.consaguirre.com.ar\/noticias\/wp-content\/uploads\/2025\/12\/Bob-Marley-y-The-Wailers-\u00a1En-vivo-Celebra-50-anos.jpg\",\"keywords\":[\"a\u00f1os\",\"Bob\",\"celebra\",\"colores\",\"con\",\"Marley\",\"reedici\u00f3n\",\"vinilo\",\"vivo\",\"Wailers\"],\"articleSection\":[\"El \u00faltimo\"],\"inLanguage\":\"es-AR\"},{\"@type\":\"WebPage\",\"@id\":\"https:\/\/web.consaguirre.com.ar\/noticias\/bob-marley-y-the-wailers-en-vivo-celebra-50-anos-con-reedicion-en-vinilo-de-colores\/\",\"url\":\"https:\/\/web.consaguirre.com.ar\/noticias\/bob-marley-y-the-wailers-en-vivo-celebra-50-anos-con-reedicion-en-vinilo-de-colores\/\",\"name\":\"Bob Marley y The Wailers '\u00a1En vivo!' Celebra 50 a\u00f1os con reedici\u00f3n en vinilo de colores\",\"isPartOf\":{\"@id\":\"https:\/\/web.consaguirre.com.ar\/noticias\/#website\"},\"primaryImageOfPage\":{\"@id\":\"https:\/\/web.consaguirre.com.ar\/noticias\/bob-marley-y-the-wailers-en-vivo-celebra-50-anos-con-reedicion-en-vinilo-de-colores\/#primaryimage\"},\"image\":{\"@id\":\"https:\/\/web.consaguirre.com.ar\/noticias\/bob-marley-y-the-wailers-en-vivo-celebra-50-anos-con-reedicion-en-vinilo-de-colores\/#primaryimage\"},\"thumbnailUrl\":\"https:\/\/web.consaguirre.com.ar\/noticias\/wp-content\/uploads\/2025\/12\/Bob-Marley-y-The-Wailers-\u00a1En-vivo-Celebra-50-anos.jpg\",\"datePublished\":\"2025-12-02T02:38:27+00:00\",\"dateModified\":\"2025-12-02T02:38:29+00:00\",\"breadcrumb\":{\"@id\":\"https:\/\/web.consaguirre.com.ar\/noticias\/bob-marley-y-the-wailers-en-vivo-celebra-50-anos-con-reedicion-en-vinilo-de-colores\/#breadcrumb\"},\"inLanguage\":\"es-AR\",\"potentialAction\":[{\"@type\":\"ReadAction\",\"target\":[\"https:\/\/web.consaguirre.com.ar\/noticias\/bob-marley-y-the-wailers-en-vivo-celebra-50-anos-con-reedicion-en-vinilo-de-colores\/\"]}]},{\"@type\":\"ImageObject\",\"inLanguage\":\"es-AR\",\"@id\":\"https:\/\/web.consaguirre.com.ar\/noticias\/bob-marley-y-the-wailers-en-vivo-celebra-50-anos-con-reedicion-en-vinilo-de-colores\/#primaryimage\",\"url\":\"https:\/\/web.consaguirre.com.ar\/noticias\/wp-content\/uploads\/2025\/12\/Bob-Marley-y-The-Wailers-\u00a1En-vivo-Celebra-50-anos.jpg\",\"contentUrl\":\"https:\/\/web.consaguirre.com.ar\/noticias\/wp-content\/uploads\/2025\/12\/Bob-Marley-y-The-Wailers-\u00a1En-vivo-Celebra-50-anos.jpg\",\"width\":1440,\"height\":864,\"caption\":\"Bob Marley y The Wailers '\u00a1En vivo!' Celebra 50 a\u00f1os con reedici\u00f3n en vinilo de colores\"},{\"@type\":\"BreadcrumbList\",\"@id\":\"https:\/\/web.consaguirre.com.ar\/noticias\/bob-marley-y-the-wailers-en-vivo-celebra-50-anos-con-reedicion-en-vinilo-de-colores\/#breadcrumb\",\"itemListElement\":[{\"@type\":\"ListItem\",\"position\":1,\"name\":\"Inicio\",\"item\":\"https:\/\/web.consaguirre.com.ar\/noticias\/\"},{\"@type\":\"ListItem\",\"position\":2,\"name\":\"Bob Marley y The Wailers &#8216;\u00a1En vivo!&#8217; Celebra 50 a\u00f1os con reedici\u00f3n en vinilo de colores\"}]},{\"@type\":\"WebSite\",\"@id\":\"https:\/\/web.consaguirre.com.ar\/noticias\/#website\",\"url\":\"https:\/\/web.consaguirre.com.ar\/noticias\/\",\"name\":\"Conservatorio de M\u00fasica Juli\u00e1n Aguirre\",\"description\":\"\",\"publisher\":{\"@id\":\"https:\/\/web.consaguirre.com.ar\/noticias\/#organization\"},\"potentialAction\":[{\"@type\":\"SearchAction\",\"target\":{\"@type\":\"EntryPoint\",\"urlTemplate\":\"https:\/\/web.consaguirre.com.ar\/noticias\/?s={search_term_string}\"},\"query-input\":\"required name=search_term_string\"}],\"inLanguage\":\"es-AR\"},{\"@type\":\"Organization\",\"@id\":\"https:\/\/web.consaguirre.com.ar\/noticias\/#organization\",\"name\":\"Conservatorio de M\u00fasica Juli\u00e1n Aguirre\",\"url\":\"https:\/\/web.consaguirre.com.ar\/noticias\/\",\"logo\":{\"@type\":\"ImageObject\",\"inLanguage\":\"es-AR\",\"@id\":\"https:\/\/web.consaguirre.com.ar\/noticias\/#\/schema\/logo\/image\/\",\"url\":\"https:\/\/web.consaguirre.com.ar\/noticias\/wp-content\/uploads\/2024\/08\/Banner-Aguirre-23.jpg\",\"contentUrl\":\"https:\/\/web.consaguirre.com.ar\/noticias\/wp-content\/uploads\/2024\/08\/Banner-Aguirre-23.jpg\",\"width\":1192,\"height\":600,\"caption\":\"Conservatorio de M\u00fasica Juli\u00e1n Aguirre\"},\"image\":{\"@id\":\"https:\/\/web.consaguirre.com.ar\/noticias\/#\/schema\/logo\/image\/\"}},{\"@type\":\"Person\",\"@id\":\"https:\/\/web.consaguirre.com.ar\/noticias\/#\/schema\/person\/6558b0cfedee7ddc5425602b237d5722\",\"name\":\"Javier Figueroa\",\"image\":{\"@type\":\"ImageObject\",\"inLanguage\":\"es-AR\",\"@id\":\"https:\/\/web.consaguirre.com.ar\/noticias\/#\/schema\/person\/image\/\",\"url\":\"https:\/\/web.consaguirre.com.ar\/noticias\/wp-content\/uploads\/2024\/08\/Consaguirre-scaled.jpg\",\"contentUrl\":\"https:\/\/web.consaguirre.com.ar\/noticias\/wp-content\/uploads\/2024\/08\/Consaguirre-scaled.jpg\",\"caption\":\"Javier Figueroa\"},\"description\":\"Me llamo Javier Figueroa y soy redactor para el sitio oficial del Conservatorio de M\u00fasica Juli\u00e1n Aguirre en Buenos Aires, consaguirre.com. Apasionado por la m\u00fasica y la escritura, me esfuerzo por destacar los talentos y eventos de nuestra prestigiosa instituci\u00f3n. Mi trayectoria se nutre de una profunda admiraci\u00f3n por los artistas, haciendo de cada art\u00edculo una celebraci\u00f3n de la creatividad y la cultura musical.\",\"sameAs\":[\"https:\/\/web.consaguirre.com.ar\/noticias\"]}]}<\/script>\n<!-- \/ Yoast SEO plugin. -->","yoast_head_json":{"title":"Bob Marley y The Wailers '\u00a1En vivo!' Celebra 50 a\u00f1os con reedici\u00f3n en vinilo de colores","robots":{"index":"index","follow":"follow","max-snippet":"max-snippet:-1","max-image-preview":"max-image-preview:large","max-video-preview":"max-video-preview:-1"},"canonical":"https:\/\/web.consaguirre.com.ar\/noticias\/bob-marley-y-the-wailers-en-vivo-celebra-50-anos-con-reedicion-en-vinilo-de-colores\/","og_locale":"es_ES","og_type":"article","og_title":"Bob Marley y The Wailers '\u00a1En vivo!' Celebra 50 a\u00f1os con reedici\u00f3n en vinilo de colores","og_description":"Una llamativa edici\u00f3n exclusiva del 50 aniversario de Bob Marley &#038; The Wailers, con salpicaduras de color verde, negro y dorado. \u00a1Vivir!lanzado originalmente por Island","og_url":"https:\/\/web.consaguirre.com.ar\/noticias\/bob-marley-y-the-wailers-en-vivo-celebra-50-anos-con-reedicion-en-vinilo-de-colores\/","og_site_name":"Conservatorio de M\u00fasica Juli\u00e1n Aguirre","article_published_time":"2025-12-02T02:38:27+00:00","article_modified_time":"2025-12-02T02:38:29+00:00","og_image":[{"width":1440,"height":864,"url":"https:\/\/web.consaguirre.com.ar\/noticias\/wp-content\/uploads\/2025\/12\/Bob-Marley-y-The-Wailers-\u00a1En-vivo-Celebra-50-anos.jpg","type":"image\/jpeg"}],"author":"Javier Figueroa","twitter_card":"summary_large_image","twitter_misc":{"Escrito por":"Javier Figueroa","Tiempo de lectura":"2 minutos"},"schema":{"@context":"https:\/\/schema.org","@graph":[{"@type":"Article","@id":"https:\/\/web.consaguirre.com.ar\/noticias\/bob-marley-y-the-wailers-en-vivo-celebra-50-anos-con-reedicion-en-vinilo-de-colores\/#article","isPartOf":{"@id":"https:\/\/web.consaguirre.com.ar\/noticias\/bob-marley-y-the-wailers-en-vivo-celebra-50-anos-con-reedicion-en-vinilo-de-colores\/"},"author":{"name":"Javier Figueroa","@id":"https:\/\/web.consaguirre.com.ar\/noticias\/#\/schema\/person\/6558b0cfedee7ddc5425602b237d5722"},"headline":"Bob Marley y The Wailers &#8216;\u00a1En vivo!&#8217; Celebra 50 a\u00f1os con reedici\u00f3n en vinilo de colores","datePublished":"2025-12-02T02:38:27+00:00","dateModified":"2025-12-02T02:38:29+00:00","mainEntityOfPage":{"@id":"https:\/\/web.consaguirre.com.ar\/noticias\/bob-marley-y-the-wailers-en-vivo-celebra-50-anos-con-reedicion-en-vinilo-de-colores\/"},"wordCount":443,"publisher":{"@id":"https:\/\/web.consaguirre.com.ar\/noticias\/#organization"},"image":{"@id":"https:\/\/web.consaguirre.com.ar\/noticias\/bob-marley-y-the-wailers-en-vivo-celebra-50-anos-con-reedicion-en-vinilo-de-colores\/#primaryimage"},"thumbnailUrl":"https:\/\/web.consaguirre.com.ar\/noticias\/wp-content\/uploads\/2025\/12\/Bob-Marley-y-The-Wailers-\u00a1En-vivo-Celebra-50-anos.jpg","keywords":["a\u00f1os","Bob","celebra","colores","con","Marley","reedici\u00f3n","vinilo","vivo","Wailers"],"articleSection":["El \u00faltimo"],"inLanguage":"es-AR"},{"@type":"WebPage","@id":"https:\/\/web.consaguirre.com.ar\/noticias\/bob-marley-y-the-wailers-en-vivo-celebra-50-anos-con-reedicion-en-vinilo-de-colores\/","url":"https:\/\/web.consaguirre.com.ar\/noticias\/bob-marley-y-the-wailers-en-vivo-celebra-50-anos-con-reedicion-en-vinilo-de-colores\/","name":"Bob Marley y The Wailers '\u00a1En vivo!' Celebra 50 a\u00f1os con reedici\u00f3n en vinilo de colores","isPartOf":{"@id":"https:\/\/web.consaguirre.com.ar\/noticias\/#website"},"primaryImageOfPage":{"@id":"https:\/\/web.consaguirre.com.ar\/noticias\/bob-marley-y-the-wailers-en-vivo-celebra-50-anos-con-reedicion-en-vinilo-de-colores\/#primaryimage"},"image":{"@id":"https:\/\/web.consaguirre.com.ar\/noticias\/bob-marley-y-the-wailers-en-vivo-celebra-50-anos-con-reedicion-en-vinilo-de-colores\/#primaryimage"},"thumbnailUrl":"https:\/\/web.consaguirre.com.ar\/noticias\/wp-content\/uploads\/2025\/12\/Bob-Marley-y-The-Wailers-\u00a1En-vivo-Celebra-50-anos.jpg","datePublished":"2025-12-02T02:38:27+00:00","dateModified":"2025-12-02T02:38:29+00:00","breadcrumb":{"@id":"https:\/\/web.consaguirre.com.ar\/noticias\/bob-marley-y-the-wailers-en-vivo-celebra-50-anos-con-reedicion-en-vinilo-de-colores\/#breadcrumb"},"inLanguage":"es-AR","potentialAction":[{"@type":"ReadAction","target":["https:\/\/web.consaguirre.com.ar\/noticias\/bob-marley-y-the-wailers-en-vivo-celebra-50-anos-con-reedicion-en-vinilo-de-colores\/"]}]},{"@type":"ImageObject","inLanguage":"es-AR","@id":"https:\/\/web.consaguirre.com.ar\/noticias\/bob-marley-y-the-wailers-en-vivo-celebra-50-anos-con-reedicion-en-vinilo-de-colores\/#primaryimage","url":"https:\/\/web.consaguirre.com.ar\/noticias\/wp-content\/uploads\/2025\/12\/Bob-Marley-y-The-Wailers-\u00a1En-vivo-Celebra-50-anos.jpg","contentUrl":"https:\/\/web.consaguirre.com.ar\/noticias\/wp-content\/uploads\/2025\/12\/Bob-Marley-y-The-Wailers-\u00a1En-vivo-Celebra-50-anos.jpg","width":1440,"height":864,"caption":"Bob Marley y The Wailers '\u00a1En vivo!' Celebra 50 a\u00f1os con reedici\u00f3n en vinilo de colores"},{"@type":"BreadcrumbList","@id":"https:\/\/web.consaguirre.com.ar\/noticias\/bob-marley-y-the-wailers-en-vivo-celebra-50-anos-con-reedicion-en-vinilo-de-colores\/#breadcrumb","itemListElement":[{"@type":"ListItem","position":1,"name":"Inicio","item":"https:\/\/web.consaguirre.com.ar\/noticias\/"},{"@type":"ListItem","position":2,"name":"Bob Marley y The Wailers &#8216;\u00a1En vivo!&#8217; Celebra 50 a\u00f1os con reedici\u00f3n en vinilo de colores"}]},{"@type":"WebSite","@id":"https:\/\/web.consaguirre.com.ar\/noticias\/#website","url":"https:\/\/web.consaguirre.com.ar\/noticias\/","name":"Conservatorio de M\u00fasica Juli\u00e1n Aguirre","description":"","publisher":{"@id":"https:\/\/web.consaguirre.com.ar\/noticias\/#organization"},"potentialAction":[{"@type":"SearchAction","target":{"@type":"EntryPoint","urlTemplate":"https:\/\/web.consaguirre.com.ar\/noticias\/?s={search_term_string}"},"query-input":"required name=search_term_string"}],"inLanguage":"es-AR"},{"@type":"Organization","@id":"https:\/\/web.consaguirre.com.ar\/noticias\/#organization","name":"Conservatorio de M\u00fasica Juli\u00e1n Aguirre","url":"https:\/\/web.consaguirre.com.ar\/noticias\/","logo":{"@type":"ImageObject","inLanguage":"es-AR","@id":"https:\/\/web.consaguirre.com.ar\/noticias\/#\/schema\/logo\/image\/","url":"https:\/\/web.consaguirre.com.ar\/noticias\/wp-content\/uploads\/2024\/08\/Banner-Aguirre-23.jpg","contentUrl":"https:\/\/web.consaguirre.com.ar\/noticias\/wp-content\/uploads\/2024\/08\/Banner-Aguirre-23.jpg","width":1192,"height":600,"caption":"Conservatorio de M\u00fasica Juli\u00e1n Aguirre"},"image":{"@id":"https:\/\/web.consaguirre.com.ar\/noticias\/#\/schema\/logo\/image\/"}},{"@type":"Person","@id":"https:\/\/web.consaguirre.com.ar\/noticias\/#\/schema\/person\/6558b0cfedee7ddc5425602b237d5722","name":"Javier Figueroa","image":{"@type":"ImageObject","inLanguage":"es-AR","@id":"https:\/\/web.consaguirre.com.ar\/noticias\/#\/schema\/person\/image\/","url":"https:\/\/web.consaguirre.com.ar\/noticias\/wp-content\/uploads\/2024\/08\/Consaguirre-scaled.jpg","contentUrl":"https:\/\/web.consaguirre.com.ar\/noticias\/wp-content\/uploads\/2024\/08\/Consaguirre-scaled.jpg","caption":"Javier Figueroa"},"description":"Me llamo Javier Figueroa y soy redactor para el sitio oficial del Conservatorio de M\u00fasica Juli\u00e1n Aguirre en Buenos Aires, consaguirre.com. Apasionado por la m\u00fasica y la escritura, me esfuerzo por destacar los talentos y eventos de nuestra prestigiosa instituci\u00f3n. Mi trayectoria se nutre de una profunda admiraci\u00f3n por los artistas, haciendo de cada art\u00edculo una celebraci\u00f3n de la creatividad y la cultura musical.","sameAs":["https:\/\/web.consaguirre.com.ar\/noticias"]}]}},"_links":{"self":[{"href":"https:\/\/web.consaguirre.com.ar\/noticias\/wp-json\/wp\/v2\/posts\/4499"}],"collection":[{"href":"https:\/\/web.consaguirre.com.ar\/noticias\/wp-json\/wp\/v2\/posts"}],"about":[{"href":"https:\/\/web.consaguirre.com.ar\/noticias\/wp-json\/wp\/v2\/types\/post"}],"author":[{"embeddable":true,"href":"https:\/\/web.consaguirre.com.ar\/noticias\/wp-json\/wp\/v2\/users\/1"}],"replies":[{"embeddable":true,"href":"https:\/\/web.consaguirre.com.ar\/noticias\/wp-json\/wp\/v2\/comments?post=4499"}],"version-history":[{"count":1,"href":"https:\/\/web.consaguirre.com.ar\/noticias\/wp-json\/wp\/v2\/posts\/4499\/revisions"}],"predecessor-version":[{"id":4501,"href":"https:\/\/web.consaguirre.com.ar\/noticias\/wp-json\/wp\/v2\/posts\/4499\/revisions\/4501"}],"wp:featuredmedia":[{"embeddable":true,"href":"https:\/\/web.consaguirre.com.ar\/noticias\/wp-json\/wp\/v2\/media\/4500"}],"wp:attachment":[{"href":"https:\/\/web.consaguirre.com.ar\/noticias\/wp-json\/wp\/v2\/media?parent=4499"}],"wp:term":[{"taxonomy":"category","embeddable":true,"href":"https:\/\/web.consaguirre.com.ar\/noticias\/wp-json\/wp\/v2\/categories?post=4499"},{"taxonomy":"post_tag","embeddable":true,"href":"https:\/\/web.consaguirre.com.ar\/noticias\/wp-json\/wp\/v2\/tags?post=4499"}],"curies":[{"name":"wp","href":"https:\/\/api.w.org\/{rel}","templated":true}]}}