{"id":4465,"date":"2025-11-25T17:39:29","date_gmt":"2025-11-25T20:39:29","guid":{"rendered":"https:\/\/web.consaguirre.com.ar\/noticias\/guns-n-roses-anuncia-gira-mundial-2026\/"},"modified":"2025-11-25T17:39:30","modified_gmt":"2025-11-25T20:39:30","slug":"guns-n-roses-anuncia-gira-mundial-2026","status":"publish","type":"post","link":"https:\/\/web.consaguirre.com.ar\/noticias\/guns-n-roses-anuncia-gira-mundial-2026\/","title":{"rendered":"Guns N&#8217; Roses anuncia gira mundial 2026"},"content":{"rendered":"<p>Guns N&#8217; Roses volver\u00e1 a conquistar el mundo en 2026. Las leyendas del rock han anunciado una gira que llevar\u00e1 su show en vivo de renombre mundial a estadios, arenas, anfiteatros y festivales de todo el mundo el pr\u00f3ximo a\u00f1o, y lanzar\u00e1n dos nuevas canciones a principios de diciembre para acompa\u00f1ar la gran noticia.<\/p>\n<p>Los viajes de GNR los llevar\u00e1n primero a trav\u00e9s de Monterrey, M\u00e9xico, para un concierto el 28 de marzo, camino a una extensa gira de nueve shows por Brasil en abril. Despu\u00e9s de dos shows en Florida en mayo, tocar\u00e1n en Europa y el Reino Unido durante junio y principios de julio, seguidos de shows en estadios de Estados Unidos y Canad\u00e1 en julio, agosto y septiembre. La gira incluye un espect\u00e1culo en su ciudad natal en el Rose Bowl de Los \u00c1ngeles, la primera aparici\u00f3n de la banda en el lugar en 30 a\u00f1os, as\u00ed como paradas en S\u00e3o Paulo, R\u00edo de Janeiro, Daytona Beach, Dubl\u00edn, \u00c1msterdam, Berl\u00edn, Par\u00eds, Tinley Park en el \u00e1rea de Chicago, Toronto, East Rutherford en el \u00e1rea de Nueva York, Las Vegas, Atlanta y m\u00e1s.<\/p>\n<p>La preventa de artistas de Guns N&#8217; Roses en Norteam\u00e9rica comienza el mi\u00e9rcoles 3 de diciembre a las 10 am hora local. Los miembros del Nightrain Fan Club tendr\u00e1n la primera oportunidad de conseguir entradas a nivel mundial. Se realizar\u00e1n preventas adicionales durante la semana antes de que comience la venta general en Norteam\u00e9rica el viernes 5 de diciembre a las 10 a. m., hora local.<\/p>\n<p>Antes de las preventas, GNR anunci\u00f3 el lanzamiento de un par de temas nuevos. \u201cNothin\u201d y \u201cAtlas\u201d son los primeros lanzamientos nuevos de la banda desde 2023, cuando lanzaron otros dos en forma de \u201cThe General\u201d y \u201cPerhaps\u201d. Es probable que esas cuatro canciones aparezcan en los setlists de la gira junto con el amplio cat\u00e1logo de cl\u00e1sicos del rock &#8216;n&#8217; roll del grupo. Las canciones saldr\u00e1n el 2 de diciembre. Puedes reservarlas aqu\u00ed.<\/p>\n<p>\u201cNothin\u201d y \u201cAtlas\u201d llegan poco despu\u00e9s del lanzamiento de lujo de GNR <em>\u00c9poca en vivo &#8217;87-&#8217;93<\/em> box set, una edici\u00f3n limitada que presenta audio remasterizado y arte renovado. La reedici\u00f3n de Live Era, que captura a Axl Rose, Slash y sus amigos interpretando muchas de las canciones m\u00e1s queridas de Guns N&#8217; Roses, es una excelente introducci\u00f3n para los fan\u00e1ticos que esperan experimentar el show en vivo de la banda en 2026.<\/p>\n<p><b>Compra m\u00fasica de Guns N&#8217; Roses en vinilo o CD ahora.<\/b><\/p>\n","protected":false},"excerpt":{"rendered":"<p>Guns N&#8217; Roses volver\u00e1 a conquistar el mundo en 2026. Las leyendas del rock han anunciado una gira que llevar\u00e1 su show en vivo de<\/p>\n","protected":false},"author":1,"featured_media":4466,"comment_status":"closed","ping_status":"","sticky":false,"template":"","format":"standard","meta":{"footnotes":""},"categories":[50],"tags":[56,492,3273,584,3274],"class_list":["post-4465","post","type-post","status-publish","format-standard","has-post-thumbnail","hentry","category-el-ultimo","tag-anuncia","tag-gira","tag-guns","tag-mundial","tag-roses","generate-columns","tablet-grid-50","mobile-grid-100","grid-parent","grid-50"],"yoast_head":"<!-- This site is optimized with the Yoast SEO plugin v23.3 - https:\/\/yoast.com\/wordpress\/plugins\/seo\/ -->\n<title>Guns N&#039; Roses anuncia gira mundial 2026<\/title>\n<meta name=\"robots\" content=\"index, follow, max-snippet:-1, max-image-preview:large, max-video-preview:-1\" \/>\n<link rel=\"canonical\" href=\"https:\/\/web.consaguirre.com.ar\/noticias\/guns-n-roses-anuncia-gira-mundial-2026\/\" \/>\n<meta property=\"og:locale\" content=\"es_ES\" \/>\n<meta property=\"og:type\" content=\"article\" \/>\n<meta property=\"og:title\" content=\"Guns N&#039; Roses anuncia gira mundial 2026\" \/>\n<meta property=\"og:description\" content=\"Guns N&#8217; Roses volver\u00e1 a conquistar el mundo en 2026. Las leyendas del rock han anunciado una gira que llevar\u00e1 su show en vivo de\" \/>\n<meta property=\"og:url\" content=\"https:\/\/web.consaguirre.com.ar\/noticias\/guns-n-roses-anuncia-gira-mundial-2026\/\" \/>\n<meta property=\"og:site_name\" content=\"Conservatorio de M\u00fasica Juli\u00e1n Aguirre\" \/>\n<meta property=\"article:published_time\" content=\"2025-11-25T20:39:29+00:00\" \/>\n<meta property=\"article:modified_time\" content=\"2025-11-25T20:39:30+00:00\" \/>\n<meta property=\"og:image\" content=\"https:\/\/web.consaguirre.com.ar\/noticias\/wp-content\/uploads\/2025\/11\/Guns-N-Roses-anuncia-gira-mundial-2026.jpg\" \/>\n\t<meta property=\"og:image:width\" content=\"1440\" \/>\n\t<meta property=\"og:image:height\" content=\"864\" \/>\n\t<meta property=\"og:image:type\" content=\"image\/jpeg\" \/>\n<meta name=\"author\" content=\"Javier Figueroa\" \/>\n<meta name=\"twitter:card\" content=\"summary_large_image\" \/>\n<meta name=\"twitter:label1\" content=\"Escrito por\" \/>\n\t<meta name=\"twitter:data1\" content=\"Javier Figueroa\" \/>\n\t<meta name=\"twitter:label2\" content=\"Tiempo de lectura\" \/>\n\t<meta name=\"twitter:data2\" content=\"2 minutos\" \/>\n<script type=\"application\/ld+json\" class=\"yoast-schema-graph\">{\"@context\":\"https:\/\/schema.org\",\"@graph\":[{\"@type\":\"Article\",\"@id\":\"https:\/\/web.consaguirre.com.ar\/noticias\/guns-n-roses-anuncia-gira-mundial-2026\/#article\",\"isPartOf\":{\"@id\":\"https:\/\/web.consaguirre.com.ar\/noticias\/guns-n-roses-anuncia-gira-mundial-2026\/\"},\"author\":{\"name\":\"Javier Figueroa\",\"@id\":\"https:\/\/web.consaguirre.com.ar\/noticias\/#\/schema\/person\/6558b0cfedee7ddc5425602b237d5722\"},\"headline\":\"Guns N&#8217; Roses anuncia gira mundial 2026\",\"datePublished\":\"2025-11-25T20:39:29+00:00\",\"dateModified\":\"2025-11-25T20:39:30+00:00\",\"mainEntityOfPage\":{\"@id\":\"https:\/\/web.consaguirre.com.ar\/noticias\/guns-n-roses-anuncia-gira-mundial-2026\/\"},\"wordCount\":437,\"publisher\":{\"@id\":\"https:\/\/web.consaguirre.com.ar\/noticias\/#organization\"},\"image\":{\"@id\":\"https:\/\/web.consaguirre.com.ar\/noticias\/guns-n-roses-anuncia-gira-mundial-2026\/#primaryimage\"},\"thumbnailUrl\":\"https:\/\/web.consaguirre.com.ar\/noticias\/wp-content\/uploads\/2025\/11\/Guns-N-Roses-anuncia-gira-mundial-2026.jpg\",\"keywords\":[\"anuncia\",\"gira\",\"Guns\",\"mundial\",\"Roses\"],\"articleSection\":[\"El \u00faltimo\"],\"inLanguage\":\"es-AR\"},{\"@type\":\"WebPage\",\"@id\":\"https:\/\/web.consaguirre.com.ar\/noticias\/guns-n-roses-anuncia-gira-mundial-2026\/\",\"url\":\"https:\/\/web.consaguirre.com.ar\/noticias\/guns-n-roses-anuncia-gira-mundial-2026\/\",\"name\":\"Guns N' Roses anuncia gira mundial 2026\",\"isPartOf\":{\"@id\":\"https:\/\/web.consaguirre.com.ar\/noticias\/#website\"},\"primaryImageOfPage\":{\"@id\":\"https:\/\/web.consaguirre.com.ar\/noticias\/guns-n-roses-anuncia-gira-mundial-2026\/#primaryimage\"},\"image\":{\"@id\":\"https:\/\/web.consaguirre.com.ar\/noticias\/guns-n-roses-anuncia-gira-mundial-2026\/#primaryimage\"},\"thumbnailUrl\":\"https:\/\/web.consaguirre.com.ar\/noticias\/wp-content\/uploads\/2025\/11\/Guns-N-Roses-anuncia-gira-mundial-2026.jpg\",\"datePublished\":\"2025-11-25T20:39:29+00:00\",\"dateModified\":\"2025-11-25T20:39:30+00:00\",\"breadcrumb\":{\"@id\":\"https:\/\/web.consaguirre.com.ar\/noticias\/guns-n-roses-anuncia-gira-mundial-2026\/#breadcrumb\"},\"inLanguage\":\"es-AR\",\"potentialAction\":[{\"@type\":\"ReadAction\",\"target\":[\"https:\/\/web.consaguirre.com.ar\/noticias\/guns-n-roses-anuncia-gira-mundial-2026\/\"]}]},{\"@type\":\"ImageObject\",\"inLanguage\":\"es-AR\",\"@id\":\"https:\/\/web.consaguirre.com.ar\/noticias\/guns-n-roses-anuncia-gira-mundial-2026\/#primaryimage\",\"url\":\"https:\/\/web.consaguirre.com.ar\/noticias\/wp-content\/uploads\/2025\/11\/Guns-N-Roses-anuncia-gira-mundial-2026.jpg\",\"contentUrl\":\"https:\/\/web.consaguirre.com.ar\/noticias\/wp-content\/uploads\/2025\/11\/Guns-N-Roses-anuncia-gira-mundial-2026.jpg\",\"width\":1440,\"height\":864,\"caption\":\"Guns N' Roses anuncia gira mundial 2026\"},{\"@type\":\"BreadcrumbList\",\"@id\":\"https:\/\/web.consaguirre.com.ar\/noticias\/guns-n-roses-anuncia-gira-mundial-2026\/#breadcrumb\",\"itemListElement\":[{\"@type\":\"ListItem\",\"position\":1,\"name\":\"Inicio\",\"item\":\"https:\/\/web.consaguirre.com.ar\/noticias\/\"},{\"@type\":\"ListItem\",\"position\":2,\"name\":\"Guns N&#8217; Roses anuncia gira mundial 2026\"}]},{\"@type\":\"WebSite\",\"@id\":\"https:\/\/web.consaguirre.com.ar\/noticias\/#website\",\"url\":\"https:\/\/web.consaguirre.com.ar\/noticias\/\",\"name\":\"Conservatorio de M\u00fasica Juli\u00e1n Aguirre\",\"description\":\"\",\"publisher\":{\"@id\":\"https:\/\/web.consaguirre.com.ar\/noticias\/#organization\"},\"potentialAction\":[{\"@type\":\"SearchAction\",\"target\":{\"@type\":\"EntryPoint\",\"urlTemplate\":\"https:\/\/web.consaguirre.com.ar\/noticias\/?s={search_term_string}\"},\"query-input\":\"required name=search_term_string\"}],\"inLanguage\":\"es-AR\"},{\"@type\":\"Organization\",\"@id\":\"https:\/\/web.consaguirre.com.ar\/noticias\/#organization\",\"name\":\"Conservatorio de M\u00fasica Juli\u00e1n Aguirre\",\"url\":\"https:\/\/web.consaguirre.com.ar\/noticias\/\",\"logo\":{\"@type\":\"ImageObject\",\"inLanguage\":\"es-AR\",\"@id\":\"https:\/\/web.consaguirre.com.ar\/noticias\/#\/schema\/logo\/image\/\",\"url\":\"https:\/\/web.consaguirre.com.ar\/noticias\/wp-content\/uploads\/2024\/08\/Banner-Aguirre-23.jpg\",\"contentUrl\":\"https:\/\/web.consaguirre.com.ar\/noticias\/wp-content\/uploads\/2024\/08\/Banner-Aguirre-23.jpg\",\"width\":1192,\"height\":600,\"caption\":\"Conservatorio de M\u00fasica Juli\u00e1n Aguirre\"},\"image\":{\"@id\":\"https:\/\/web.consaguirre.com.ar\/noticias\/#\/schema\/logo\/image\/\"}},{\"@type\":\"Person\",\"@id\":\"https:\/\/web.consaguirre.com.ar\/noticias\/#\/schema\/person\/6558b0cfedee7ddc5425602b237d5722\",\"name\":\"Javier Figueroa\",\"image\":{\"@type\":\"ImageObject\",\"inLanguage\":\"es-AR\",\"@id\":\"https:\/\/web.consaguirre.com.ar\/noticias\/#\/schema\/person\/image\/\",\"url\":\"https:\/\/web.consaguirre.com.ar\/noticias\/wp-content\/uploads\/2024\/08\/Consaguirre-scaled.jpg\",\"contentUrl\":\"https:\/\/web.consaguirre.com.ar\/noticias\/wp-content\/uploads\/2024\/08\/Consaguirre-scaled.jpg\",\"caption\":\"Javier Figueroa\"},\"description\":\"Me llamo Javier Figueroa y soy redactor para el sitio oficial del Conservatorio de M\u00fasica Juli\u00e1n Aguirre en Buenos Aires, consaguirre.com. Apasionado por la m\u00fasica y la escritura, me esfuerzo por destacar los talentos y eventos de nuestra prestigiosa instituci\u00f3n. Mi trayectoria se nutre de una profunda admiraci\u00f3n por los artistas, haciendo de cada art\u00edculo una celebraci\u00f3n de la creatividad y la cultura musical.\",\"sameAs\":[\"https:\/\/web.consaguirre.com.ar\/noticias\"]}]}<\/script>\n<!-- \/ Yoast SEO plugin. -->","yoast_head_json":{"title":"Guns N' Roses anuncia gira mundial 2026","robots":{"index":"index","follow":"follow","max-snippet":"max-snippet:-1","max-image-preview":"max-image-preview:large","max-video-preview":"max-video-preview:-1"},"canonical":"https:\/\/web.consaguirre.com.ar\/noticias\/guns-n-roses-anuncia-gira-mundial-2026\/","og_locale":"es_ES","og_type":"article","og_title":"Guns N' Roses anuncia gira mundial 2026","og_description":"Guns N&#8217; Roses volver\u00e1 a conquistar el mundo en 2026. Las leyendas del rock han anunciado una gira que llevar\u00e1 su show en vivo de","og_url":"https:\/\/web.consaguirre.com.ar\/noticias\/guns-n-roses-anuncia-gira-mundial-2026\/","og_site_name":"Conservatorio de M\u00fasica Juli\u00e1n Aguirre","article_published_time":"2025-11-25T20:39:29+00:00","article_modified_time":"2025-11-25T20:39:30+00:00","og_image":[{"width":1440,"height":864,"url":"https:\/\/web.consaguirre.com.ar\/noticias\/wp-content\/uploads\/2025\/11\/Guns-N-Roses-anuncia-gira-mundial-2026.jpg","type":"image\/jpeg"}],"author":"Javier Figueroa","twitter_card":"summary_large_image","twitter_misc":{"Escrito por":"Javier Figueroa","Tiempo de lectura":"2 minutos"},"schema":{"@context":"https:\/\/schema.org","@graph":[{"@type":"Article","@id":"https:\/\/web.consaguirre.com.ar\/noticias\/guns-n-roses-anuncia-gira-mundial-2026\/#article","isPartOf":{"@id":"https:\/\/web.consaguirre.com.ar\/noticias\/guns-n-roses-anuncia-gira-mundial-2026\/"},"author":{"name":"Javier Figueroa","@id":"https:\/\/web.consaguirre.com.ar\/noticias\/#\/schema\/person\/6558b0cfedee7ddc5425602b237d5722"},"headline":"Guns N&#8217; Roses anuncia gira mundial 2026","datePublished":"2025-11-25T20:39:29+00:00","dateModified":"2025-11-25T20:39:30+00:00","mainEntityOfPage":{"@id":"https:\/\/web.consaguirre.com.ar\/noticias\/guns-n-roses-anuncia-gira-mundial-2026\/"},"wordCount":437,"publisher":{"@id":"https:\/\/web.consaguirre.com.ar\/noticias\/#organization"},"image":{"@id":"https:\/\/web.consaguirre.com.ar\/noticias\/guns-n-roses-anuncia-gira-mundial-2026\/#primaryimage"},"thumbnailUrl":"https:\/\/web.consaguirre.com.ar\/noticias\/wp-content\/uploads\/2025\/11\/Guns-N-Roses-anuncia-gira-mundial-2026.jpg","keywords":["anuncia","gira","Guns","mundial","Roses"],"articleSection":["El \u00faltimo"],"inLanguage":"es-AR"},{"@type":"WebPage","@id":"https:\/\/web.consaguirre.com.ar\/noticias\/guns-n-roses-anuncia-gira-mundial-2026\/","url":"https:\/\/web.consaguirre.com.ar\/noticias\/guns-n-roses-anuncia-gira-mundial-2026\/","name":"Guns N' Roses anuncia gira mundial 2026","isPartOf":{"@id":"https:\/\/web.consaguirre.com.ar\/noticias\/#website"},"primaryImageOfPage":{"@id":"https:\/\/web.consaguirre.com.ar\/noticias\/guns-n-roses-anuncia-gira-mundial-2026\/#primaryimage"},"image":{"@id":"https:\/\/web.consaguirre.com.ar\/noticias\/guns-n-roses-anuncia-gira-mundial-2026\/#primaryimage"},"thumbnailUrl":"https:\/\/web.consaguirre.com.ar\/noticias\/wp-content\/uploads\/2025\/11\/Guns-N-Roses-anuncia-gira-mundial-2026.jpg","datePublished":"2025-11-25T20:39:29+00:00","dateModified":"2025-11-25T20:39:30+00:00","breadcrumb":{"@id":"https:\/\/web.consaguirre.com.ar\/noticias\/guns-n-roses-anuncia-gira-mundial-2026\/#breadcrumb"},"inLanguage":"es-AR","potentialAction":[{"@type":"ReadAction","target":["https:\/\/web.consaguirre.com.ar\/noticias\/guns-n-roses-anuncia-gira-mundial-2026\/"]}]},{"@type":"ImageObject","inLanguage":"es-AR","@id":"https:\/\/web.consaguirre.com.ar\/noticias\/guns-n-roses-anuncia-gira-mundial-2026\/#primaryimage","url":"https:\/\/web.consaguirre.com.ar\/noticias\/wp-content\/uploads\/2025\/11\/Guns-N-Roses-anuncia-gira-mundial-2026.jpg","contentUrl":"https:\/\/web.consaguirre.com.ar\/noticias\/wp-content\/uploads\/2025\/11\/Guns-N-Roses-anuncia-gira-mundial-2026.jpg","width":1440,"height":864,"caption":"Guns N' Roses anuncia gira mundial 2026"},{"@type":"BreadcrumbList","@id":"https:\/\/web.consaguirre.com.ar\/noticias\/guns-n-roses-anuncia-gira-mundial-2026\/#breadcrumb","itemListElement":[{"@type":"ListItem","position":1,"name":"Inicio","item":"https:\/\/web.consaguirre.com.ar\/noticias\/"},{"@type":"ListItem","position":2,"name":"Guns N&#8217; Roses anuncia gira mundial 2026"}]},{"@type":"WebSite","@id":"https:\/\/web.consaguirre.com.ar\/noticias\/#website","url":"https:\/\/web.consaguirre.com.ar\/noticias\/","name":"Conservatorio de M\u00fasica Juli\u00e1n Aguirre","description":"","publisher":{"@id":"https:\/\/web.consaguirre.com.ar\/noticias\/#organization"},"potentialAction":[{"@type":"SearchAction","target":{"@type":"EntryPoint","urlTemplate":"https:\/\/web.consaguirre.com.ar\/noticias\/?s={search_term_string}"},"query-input":"required name=search_term_string"}],"inLanguage":"es-AR"},{"@type":"Organization","@id":"https:\/\/web.consaguirre.com.ar\/noticias\/#organization","name":"Conservatorio de M\u00fasica Juli\u00e1n Aguirre","url":"https:\/\/web.consaguirre.com.ar\/noticias\/","logo":{"@type":"ImageObject","inLanguage":"es-AR","@id":"https:\/\/web.consaguirre.com.ar\/noticias\/#\/schema\/logo\/image\/","url":"https:\/\/web.consaguirre.com.ar\/noticias\/wp-content\/uploads\/2024\/08\/Banner-Aguirre-23.jpg","contentUrl":"https:\/\/web.consaguirre.com.ar\/noticias\/wp-content\/uploads\/2024\/08\/Banner-Aguirre-23.jpg","width":1192,"height":600,"caption":"Conservatorio de M\u00fasica Juli\u00e1n Aguirre"},"image":{"@id":"https:\/\/web.consaguirre.com.ar\/noticias\/#\/schema\/logo\/image\/"}},{"@type":"Person","@id":"https:\/\/web.consaguirre.com.ar\/noticias\/#\/schema\/person\/6558b0cfedee7ddc5425602b237d5722","name":"Javier Figueroa","image":{"@type":"ImageObject","inLanguage":"es-AR","@id":"https:\/\/web.consaguirre.com.ar\/noticias\/#\/schema\/person\/image\/","url":"https:\/\/web.consaguirre.com.ar\/noticias\/wp-content\/uploads\/2024\/08\/Consaguirre-scaled.jpg","contentUrl":"https:\/\/web.consaguirre.com.ar\/noticias\/wp-content\/uploads\/2024\/08\/Consaguirre-scaled.jpg","caption":"Javier Figueroa"},"description":"Me llamo Javier Figueroa y soy redactor para el sitio oficial del Conservatorio de M\u00fasica Juli\u00e1n Aguirre en Buenos Aires, consaguirre.com. Apasionado por la m\u00fasica y la escritura, me esfuerzo por destacar los talentos y eventos de nuestra prestigiosa instituci\u00f3n. Mi trayectoria se nutre de una profunda admiraci\u00f3n por los artistas, haciendo de cada art\u00edculo una celebraci\u00f3n de la creatividad y la cultura musical.","sameAs":["https:\/\/web.consaguirre.com.ar\/noticias"]}]}},"_links":{"self":[{"href":"https:\/\/web.consaguirre.com.ar\/noticias\/wp-json\/wp\/v2\/posts\/4465"}],"collection":[{"href":"https:\/\/web.consaguirre.com.ar\/noticias\/wp-json\/wp\/v2\/posts"}],"about":[{"href":"https:\/\/web.consaguirre.com.ar\/noticias\/wp-json\/wp\/v2\/types\/post"}],"author":[{"embeddable":true,"href":"https:\/\/web.consaguirre.com.ar\/noticias\/wp-json\/wp\/v2\/users\/1"}],"replies":[{"embeddable":true,"href":"https:\/\/web.consaguirre.com.ar\/noticias\/wp-json\/wp\/v2\/comments?post=4465"}],"version-history":[{"count":1,"href":"https:\/\/web.consaguirre.com.ar\/noticias\/wp-json\/wp\/v2\/posts\/4465\/revisions"}],"predecessor-version":[{"id":4467,"href":"https:\/\/web.consaguirre.com.ar\/noticias\/wp-json\/wp\/v2\/posts\/4465\/revisions\/4467"}],"wp:featuredmedia":[{"embeddable":true,"href":"https:\/\/web.consaguirre.com.ar\/noticias\/wp-json\/wp\/v2\/media\/4466"}],"wp:attachment":[{"href":"https:\/\/web.consaguirre.com.ar\/noticias\/wp-json\/wp\/v2\/media?parent=4465"}],"wp:term":[{"taxonomy":"category","embeddable":true,"href":"https:\/\/web.consaguirre.com.ar\/noticias\/wp-json\/wp\/v2\/categories?post=4465"},{"taxonomy":"post_tag","embeddable":true,"href":"https:\/\/web.consaguirre.com.ar\/noticias\/wp-json\/wp\/v2\/tags?post=4465"}],"curies":[{"name":"wp","href":"https:\/\/api.w.org\/{rel}","templated":true}]}}