{"id":443,"date":"2024-09-04T10:43:41","date_gmt":"2024-09-04T13:43:41","guid":{"rendered":"https:\/\/web.consaguirre.com.ar\/noticias\/continua-la-celebracion-del-60-aniversario-de-fania-records-con-la-reedicion-de-traigo-de-todo-de-ismael-rivera\/"},"modified":"2024-09-08T16:27:48","modified_gmt":"2024-09-08T19:27:48","slug":"continua-la-celebracion-del-60-aniversario-de-fania-records-con-la-reedicion-de-traigo-de-todo-de-ismael-rivera","status":"publish","type":"post","link":"https:\/\/web.consaguirre.com.ar\/noticias\/continua-la-celebracion-del-60-aniversario-de-fania-records-con-la-reedicion-de-traigo-de-todo-de-ismael-rivera\/","title":{"rendered":"Contin\u00faa la celebraci\u00f3n del 60 aniversario de Fania Records con la reedici\u00f3n de &#8216;Traigo de todo&#8217; de Ismael Rivera"},"content":{"rendered":"<p>Celebraci\u00f3n hist\u00f3rica de Craft Latino <strong>Fania Records<\/strong>&#8216;El 60 aniversario contin\u00faa con una reedici\u00f3n de <strong>Ismael Rivera<\/strong>El quinto \u00e1lbum en solitario de <em>Traigo de todo<\/em>lanzado inicialmente en Tico Records (una subsidiaria de Fania Records).<\/p>\n<p>Este \u00e1lbum de 1973 presenta a Rivera en su mejor momento, con temas transformadores como el brillante y en\u00e9rgico \u201cEl Nazareno\u201d y el seductor y estimulante \u201cQu\u00e9 te pasa a ti\u201d. <em>Traigo de todo<\/em> llegar\u00e1 el 4 de octubre y ya est\u00e1 disponible para pedir.<\/p>\n<p>La reedici\u00f3n incluye vinilo negro de 180 gramos, con lacas cortadas de las cintas originales (AAA) por Kevin Gray en Cohearent Audio, y una funda cl\u00e1sica que replica el dise\u00f1o original. Una variante de vinilo de color \u201cAmarillo radiante (Radiant Yellow)\u201d de 180 gramos (limitada a 300 copias), con una opci\u00f3n de paquete que incluye una camiseta de Tico Records, est\u00e1 disponible para comprar hoy en Fania.com. Adem\u00e1s, Traigo de todo har\u00e1 su debut en audio digital 192\/24 HD el 4 de octubre.<\/p>\n<p>La voz suave y ahumada de Rivera, en contraste con los animados ritmos de la clave, otorgaba a sus mensajes de empoderamiento (ya fuera sobre cualquier tema, desde la justicia social hasta su amor por la vida) una sensaci\u00f3n de inmediatez.<\/p>\n<div class=\"uD-YT-container\"><img decoding=\"async\" src=\"https:\/\/web.consaguirre.com.ar\/noticias\/wp-content\/uploads\/2024\/09\/1725457421_189_Continua-la-celebracion-del-60-aniversario-de-Fania-Records-con.jpg\" alt=\"V\u00eddeo de YouTube\"><\/p>\n<\/div>\n<p>Fue este lanzamiento en solitario lo que cambi\u00f3 la vida de Rivera. Coincidi\u00f3 con su despertar espiritual, en particular su devoci\u00f3n al Cristo Negro. Su tema \u201cEl Nazareno\u201d, una afirmaci\u00f3n divina y brillante puntuada por cadencias l\u00edricas h\u00e1bilmente definidas, celebra la venerada estatua del Cristo Negro en Panam\u00e1.<\/p>\n<p>La canci\u00f3n es su invocaci\u00f3n a la humanidad y la lealtad, pero tambi\u00e9n a su capacidad de decisi\u00f3n al elegir un camino hacia la redenci\u00f3n. \u201cEs una de sus mayores narraciones l\u00edricas, entregada como nadie m\u00e1s podr\u00eda hacerlo\u201d. <em>Campamento de banda<\/em> reclam\u00f3.<\/p>\n<p>De hecho, gran parte de <em>Traigo de todo<\/em> En esta canci\u00f3n, Rivera, liberado, celebra la vida con sencillez. \u201cQu\u00e9 te pasa a ti\u201d es una reflexi\u00f3n melanc\u00f3lica y llena de ritmo sobre un romance irresistible. Mientras tanto, la canci\u00f3n que da t\u00edtulo al \u00e1lbum, \u201cTraigo de todo\u201d, es un conjuro que invita al oyente a bailar.<\/p>\n<p>Su \u00faltima actuaci\u00f3n fue en 1978, como telonero de Bob Marley en Par\u00eds. En 1982, Rivera hab\u00eda ca\u00eddo en una depresi\u00f3n y su salud empez\u00f3 a resentirse. El cantante falleci\u00f3 repentinamente, de un ataque al coraz\u00f3n, s\u00f3lo dos a\u00f1os despu\u00e9s, a los 55 a\u00f1os. Se dice que muri\u00f3 en los brazos de su madre. Su carrera prol\u00edfica se vio truncada mucho m\u00e1s de lo debido, pero su legado perdurar\u00e1 por mucho tiempo.<\/p>\n<p><strong>Ordenar la reedici\u00f3n de <em>Traigo de todo<\/em>.<\/strong><\/p>\n","protected":false},"excerpt":{"rendered":"<p>Celebraci\u00f3n hist\u00f3rica de Craft Latino Fania Records&#8216;El 60 aniversario contin\u00faa con una reedici\u00f3n de Ismael RiveraEl quinto \u00e1lbum en solitario de Traigo de todolanzado inicialmente<\/p>\n","protected":false},"author":1,"featured_media":444,"comment_status":"closed","ping_status":"open","sticky":false,"template":"","format":"standard","meta":{"footnotes":""},"categories":[50],"tags":[98,143,32,483,10,255,486,256,117,487,485,484],"class_list":["post-443","post","type-post","status-publish","format-standard","has-post-thumbnail","hentry","category-el-ultimo","tag-aniversario","tag-celebracion","tag-con","tag-continua","tag-del","tag-fania","tag-ismael","tag-records","tag-reedicion","tag-rivera","tag-todo","tag-traigo","generate-columns","tablet-grid-50","mobile-grid-100","grid-parent","grid-50"],"yoast_head":"<!-- This site is optimized with the Yoast SEO plugin v23.3 - https:\/\/yoast.com\/wordpress\/plugins\/seo\/ -->\n<title>Contin\u00faa la celebraci\u00f3n del 60 aniversario de Fania Records con la reedici\u00f3n de &#039;Traigo de todo&#039; de Ismael Rivera<\/title>\n<meta name=\"robots\" content=\"index, follow, max-snippet:-1, max-image-preview:large, max-video-preview:-1\" \/>\n<link rel=\"canonical\" href=\"https:\/\/web.consaguirre.com.ar\/noticias\/continua-la-celebracion-del-60-aniversario-de-fania-records-con-la-reedicion-de-traigo-de-todo-de-ismael-rivera\/\" \/>\n<meta property=\"og:locale\" content=\"es_ES\" \/>\n<meta property=\"og:type\" content=\"article\" \/>\n<meta property=\"og:title\" content=\"Contin\u00faa la celebraci\u00f3n del 60 aniversario de Fania Records con la reedici\u00f3n de &#039;Traigo de todo&#039; de Ismael Rivera\" \/>\n<meta property=\"og:description\" content=\"Celebraci\u00f3n hist\u00f3rica de Craft Latino Fania Records&#8216;El 60 aniversario contin\u00faa con una reedici\u00f3n de Ismael RiveraEl quinto \u00e1lbum en solitario de Traigo de todolanzado inicialmente\" \/>\n<meta property=\"og:url\" content=\"https:\/\/web.consaguirre.com.ar\/noticias\/continua-la-celebracion-del-60-aniversario-de-fania-records-con-la-reedicion-de-traigo-de-todo-de-ismael-rivera\/\" \/>\n<meta property=\"og:site_name\" content=\"Conservatorio de M\u00fasica Juli\u00e1n Aguirre\" \/>\n<meta property=\"article:published_time\" content=\"2024-09-04T13:43:41+00:00\" \/>\n<meta property=\"article:modified_time\" content=\"2024-09-08T19:27:48+00:00\" \/>\n<meta property=\"og:image\" content=\"https:\/\/web.consaguirre.com.ar\/noticias\/wp-content\/uploads\/2024\/09\/Continua-la-celebracion-del-60-aniversario-de-Fania-Records-con.jpg\" \/>\n\t<meta property=\"og:image:width\" content=\"1280\" \/>\n\t<meta property=\"og:image:height\" content=\"1280\" \/>\n\t<meta property=\"og:image:type\" content=\"image\/jpeg\" \/>\n<meta name=\"author\" content=\"Javier Figueroa\" \/>\n<meta name=\"twitter:card\" content=\"summary_large_image\" \/>\n<meta name=\"twitter:label1\" content=\"Escrito por\" \/>\n\t<meta name=\"twitter:data1\" content=\"Javier Figueroa\" \/>\n\t<meta name=\"twitter:label2\" content=\"Tiempo de lectura\" \/>\n\t<meta name=\"twitter:data2\" content=\"2 minutos\" \/>\n<script type=\"application\/ld+json\" class=\"yoast-schema-graph\">{\"@context\":\"https:\/\/schema.org\",\"@graph\":[{\"@type\":\"Article\",\"@id\":\"https:\/\/web.consaguirre.com.ar\/noticias\/continua-la-celebracion-del-60-aniversario-de-fania-records-con-la-reedicion-de-traigo-de-todo-de-ismael-rivera\/#article\",\"isPartOf\":{\"@id\":\"https:\/\/web.consaguirre.com.ar\/noticias\/continua-la-celebracion-del-60-aniversario-de-fania-records-con-la-reedicion-de-traigo-de-todo-de-ismael-rivera\/\"},\"author\":{\"name\":\"Javier Figueroa\",\"@id\":\"https:\/\/web.consaguirre.com.ar\/noticias\/#\/schema\/person\/6558b0cfedee7ddc5425602b237d5722\"},\"headline\":\"Contin\u00faa la celebraci\u00f3n del 60 aniversario de Fania Records con la reedici\u00f3n de &#8216;Traigo de todo&#8217; de Ismael Rivera\",\"datePublished\":\"2024-09-04T13:43:41+00:00\",\"dateModified\":\"2024-09-08T19:27:48+00:00\",\"mainEntityOfPage\":{\"@id\":\"https:\/\/web.consaguirre.com.ar\/noticias\/continua-la-celebracion-del-60-aniversario-de-fania-records-con-la-reedicion-de-traigo-de-todo-de-ismael-rivera\/\"},\"wordCount\":480,\"publisher\":{\"@id\":\"https:\/\/web.consaguirre.com.ar\/noticias\/#organization\"},\"image\":{\"@id\":\"https:\/\/web.consaguirre.com.ar\/noticias\/continua-la-celebracion-del-60-aniversario-de-fania-records-con-la-reedicion-de-traigo-de-todo-de-ismael-rivera\/#primaryimage\"},\"thumbnailUrl\":\"https:\/\/web.consaguirre.com.ar\/noticias\/wp-content\/uploads\/2024\/09\/Continua-la-celebracion-del-60-aniversario-de-Fania-Records-con.jpg\",\"keywords\":[\"aniversario\",\"celebraci\u00f3n\",\"con\",\"Contin\u00faa\",\"del\",\"Fania\",\"Ismael\",\"Records\",\"reedici\u00f3n\",\"Rivera\",\"todo\",\"Traigo\"],\"articleSection\":[\"El \u00faltimo\"],\"inLanguage\":\"es-AR\"},{\"@type\":\"WebPage\",\"@id\":\"https:\/\/web.consaguirre.com.ar\/noticias\/continua-la-celebracion-del-60-aniversario-de-fania-records-con-la-reedicion-de-traigo-de-todo-de-ismael-rivera\/\",\"url\":\"https:\/\/web.consaguirre.com.ar\/noticias\/continua-la-celebracion-del-60-aniversario-de-fania-records-con-la-reedicion-de-traigo-de-todo-de-ismael-rivera\/\",\"name\":\"Contin\u00faa la celebraci\u00f3n del 60 aniversario de Fania Records con la reedici\u00f3n de 'Traigo de todo' de Ismael Rivera\",\"isPartOf\":{\"@id\":\"https:\/\/web.consaguirre.com.ar\/noticias\/#website\"},\"primaryImageOfPage\":{\"@id\":\"https:\/\/web.consaguirre.com.ar\/noticias\/continua-la-celebracion-del-60-aniversario-de-fania-records-con-la-reedicion-de-traigo-de-todo-de-ismael-rivera\/#primaryimage\"},\"image\":{\"@id\":\"https:\/\/web.consaguirre.com.ar\/noticias\/continua-la-celebracion-del-60-aniversario-de-fania-records-con-la-reedicion-de-traigo-de-todo-de-ismael-rivera\/#primaryimage\"},\"thumbnailUrl\":\"https:\/\/web.consaguirre.com.ar\/noticias\/wp-content\/uploads\/2024\/09\/Continua-la-celebracion-del-60-aniversario-de-Fania-Records-con.jpg\",\"datePublished\":\"2024-09-04T13:43:41+00:00\",\"dateModified\":\"2024-09-08T19:27:48+00:00\",\"breadcrumb\":{\"@id\":\"https:\/\/web.consaguirre.com.ar\/noticias\/continua-la-celebracion-del-60-aniversario-de-fania-records-con-la-reedicion-de-traigo-de-todo-de-ismael-rivera\/#breadcrumb\"},\"inLanguage\":\"es-AR\",\"potentialAction\":[{\"@type\":\"ReadAction\",\"target\":[\"https:\/\/web.consaguirre.com.ar\/noticias\/continua-la-celebracion-del-60-aniversario-de-fania-records-con-la-reedicion-de-traigo-de-todo-de-ismael-rivera\/\"]}]},{\"@type\":\"ImageObject\",\"inLanguage\":\"es-AR\",\"@id\":\"https:\/\/web.consaguirre.com.ar\/noticias\/continua-la-celebracion-del-60-aniversario-de-fania-records-con-la-reedicion-de-traigo-de-todo-de-ismael-rivera\/#primaryimage\",\"url\":\"https:\/\/web.consaguirre.com.ar\/noticias\/wp-content\/uploads\/2024\/09\/Continua-la-celebracion-del-60-aniversario-de-Fania-Records-con.jpg\",\"contentUrl\":\"https:\/\/web.consaguirre.com.ar\/noticias\/wp-content\/uploads\/2024\/09\/Continua-la-celebracion-del-60-aniversario-de-Fania-Records-con.jpg\",\"width\":1280,\"height\":1280,\"caption\":\"Ismael Rivera, \u2018Traigo de todo\u2019 - Photo: Courtesy of Craft Recordings\"},{\"@type\":\"BreadcrumbList\",\"@id\":\"https:\/\/web.consaguirre.com.ar\/noticias\/continua-la-celebracion-del-60-aniversario-de-fania-records-con-la-reedicion-de-traigo-de-todo-de-ismael-rivera\/#breadcrumb\",\"itemListElement\":[{\"@type\":\"ListItem\",\"position\":1,\"name\":\"Inicio\",\"item\":\"https:\/\/web.consaguirre.com.ar\/noticias\/\"},{\"@type\":\"ListItem\",\"position\":2,\"name\":\"Contin\u00faa la celebraci\u00f3n del 60 aniversario de Fania Records con la reedici\u00f3n de &#8216;Traigo de todo&#8217; de Ismael Rivera\"}]},{\"@type\":\"WebSite\",\"@id\":\"https:\/\/web.consaguirre.com.ar\/noticias\/#website\",\"url\":\"https:\/\/web.consaguirre.com.ar\/noticias\/\",\"name\":\"Conservatorio de M\u00fasica Juli\u00e1n Aguirre\",\"description\":\"\",\"publisher\":{\"@id\":\"https:\/\/web.consaguirre.com.ar\/noticias\/#organization\"},\"potentialAction\":[{\"@type\":\"SearchAction\",\"target\":{\"@type\":\"EntryPoint\",\"urlTemplate\":\"https:\/\/web.consaguirre.com.ar\/noticias\/?s={search_term_string}\"},\"query-input\":\"required name=search_term_string\"}],\"inLanguage\":\"es-AR\"},{\"@type\":\"Organization\",\"@id\":\"https:\/\/web.consaguirre.com.ar\/noticias\/#organization\",\"name\":\"Conservatorio de M\u00fasica Juli\u00e1n Aguirre\",\"url\":\"https:\/\/web.consaguirre.com.ar\/noticias\/\",\"logo\":{\"@type\":\"ImageObject\",\"inLanguage\":\"es-AR\",\"@id\":\"https:\/\/web.consaguirre.com.ar\/noticias\/#\/schema\/logo\/image\/\",\"url\":\"https:\/\/web.consaguirre.com.ar\/noticias\/wp-content\/uploads\/2024\/08\/Banner-Aguirre-23.jpg\",\"contentUrl\":\"https:\/\/web.consaguirre.com.ar\/noticias\/wp-content\/uploads\/2024\/08\/Banner-Aguirre-23.jpg\",\"width\":1192,\"height\":600,\"caption\":\"Conservatorio de M\u00fasica Juli\u00e1n Aguirre\"},\"image\":{\"@id\":\"https:\/\/web.consaguirre.com.ar\/noticias\/#\/schema\/logo\/image\/\"}},{\"@type\":\"Person\",\"@id\":\"https:\/\/web.consaguirre.com.ar\/noticias\/#\/schema\/person\/6558b0cfedee7ddc5425602b237d5722\",\"name\":\"Javier Figueroa\",\"image\":{\"@type\":\"ImageObject\",\"inLanguage\":\"es-AR\",\"@id\":\"https:\/\/web.consaguirre.com.ar\/noticias\/#\/schema\/person\/image\/\",\"url\":\"https:\/\/web.consaguirre.com.ar\/noticias\/wp-content\/uploads\/2024\/08\/Consaguirre-scaled.jpg\",\"contentUrl\":\"https:\/\/web.consaguirre.com.ar\/noticias\/wp-content\/uploads\/2024\/08\/Consaguirre-scaled.jpg\",\"caption\":\"Javier Figueroa\"},\"description\":\"Me llamo Javier Figueroa y soy redactor para el sitio oficial del Conservatorio de M\u00fasica Juli\u00e1n Aguirre en Buenos Aires, consaguirre.com. Apasionado por la m\u00fasica y la escritura, me esfuerzo por destacar los talentos y eventos de nuestra prestigiosa instituci\u00f3n. Mi trayectoria se nutre de una profunda admiraci\u00f3n por los artistas, haciendo de cada art\u00edculo una celebraci\u00f3n de la creatividad y la cultura musical.\",\"sameAs\":[\"https:\/\/web.consaguirre.com.ar\/noticias\"]}]}<\/script>\n<!-- \/ Yoast SEO plugin. -->","yoast_head_json":{"title":"Contin\u00faa la celebraci\u00f3n del 60 aniversario de Fania Records con la reedici\u00f3n de 'Traigo de todo' de Ismael Rivera","robots":{"index":"index","follow":"follow","max-snippet":"max-snippet:-1","max-image-preview":"max-image-preview:large","max-video-preview":"max-video-preview:-1"},"canonical":"https:\/\/web.consaguirre.com.ar\/noticias\/continua-la-celebracion-del-60-aniversario-de-fania-records-con-la-reedicion-de-traigo-de-todo-de-ismael-rivera\/","og_locale":"es_ES","og_type":"article","og_title":"Contin\u00faa la celebraci\u00f3n del 60 aniversario de Fania Records con la reedici\u00f3n de 'Traigo de todo' de Ismael Rivera","og_description":"Celebraci\u00f3n hist\u00f3rica de Craft Latino Fania Records&#8216;El 60 aniversario contin\u00faa con una reedici\u00f3n de Ismael RiveraEl quinto \u00e1lbum en solitario de Traigo de todolanzado inicialmente","og_url":"https:\/\/web.consaguirre.com.ar\/noticias\/continua-la-celebracion-del-60-aniversario-de-fania-records-con-la-reedicion-de-traigo-de-todo-de-ismael-rivera\/","og_site_name":"Conservatorio de M\u00fasica Juli\u00e1n Aguirre","article_published_time":"2024-09-04T13:43:41+00:00","article_modified_time":"2024-09-08T19:27:48+00:00","og_image":[{"width":1280,"height":1280,"url":"https:\/\/web.consaguirre.com.ar\/noticias\/wp-content\/uploads\/2024\/09\/Continua-la-celebracion-del-60-aniversario-de-Fania-Records-con.jpg","type":"image\/jpeg"}],"author":"Javier Figueroa","twitter_card":"summary_large_image","twitter_misc":{"Escrito por":"Javier Figueroa","Tiempo de lectura":"2 minutos"},"schema":{"@context":"https:\/\/schema.org","@graph":[{"@type":"Article","@id":"https:\/\/web.consaguirre.com.ar\/noticias\/continua-la-celebracion-del-60-aniversario-de-fania-records-con-la-reedicion-de-traigo-de-todo-de-ismael-rivera\/#article","isPartOf":{"@id":"https:\/\/web.consaguirre.com.ar\/noticias\/continua-la-celebracion-del-60-aniversario-de-fania-records-con-la-reedicion-de-traigo-de-todo-de-ismael-rivera\/"},"author":{"name":"Javier Figueroa","@id":"https:\/\/web.consaguirre.com.ar\/noticias\/#\/schema\/person\/6558b0cfedee7ddc5425602b237d5722"},"headline":"Contin\u00faa la celebraci\u00f3n del 60 aniversario de Fania Records con la reedici\u00f3n de &#8216;Traigo de todo&#8217; de Ismael Rivera","datePublished":"2024-09-04T13:43:41+00:00","dateModified":"2024-09-08T19:27:48+00:00","mainEntityOfPage":{"@id":"https:\/\/web.consaguirre.com.ar\/noticias\/continua-la-celebracion-del-60-aniversario-de-fania-records-con-la-reedicion-de-traigo-de-todo-de-ismael-rivera\/"},"wordCount":480,"publisher":{"@id":"https:\/\/web.consaguirre.com.ar\/noticias\/#organization"},"image":{"@id":"https:\/\/web.consaguirre.com.ar\/noticias\/continua-la-celebracion-del-60-aniversario-de-fania-records-con-la-reedicion-de-traigo-de-todo-de-ismael-rivera\/#primaryimage"},"thumbnailUrl":"https:\/\/web.consaguirre.com.ar\/noticias\/wp-content\/uploads\/2024\/09\/Continua-la-celebracion-del-60-aniversario-de-Fania-Records-con.jpg","keywords":["aniversario","celebraci\u00f3n","con","Contin\u00faa","del","Fania","Ismael","Records","reedici\u00f3n","Rivera","todo","Traigo"],"articleSection":["El \u00faltimo"],"inLanguage":"es-AR"},{"@type":"WebPage","@id":"https:\/\/web.consaguirre.com.ar\/noticias\/continua-la-celebracion-del-60-aniversario-de-fania-records-con-la-reedicion-de-traigo-de-todo-de-ismael-rivera\/","url":"https:\/\/web.consaguirre.com.ar\/noticias\/continua-la-celebracion-del-60-aniversario-de-fania-records-con-la-reedicion-de-traigo-de-todo-de-ismael-rivera\/","name":"Contin\u00faa la celebraci\u00f3n del 60 aniversario de Fania Records con la reedici\u00f3n de 'Traigo de todo' de Ismael Rivera","isPartOf":{"@id":"https:\/\/web.consaguirre.com.ar\/noticias\/#website"},"primaryImageOfPage":{"@id":"https:\/\/web.consaguirre.com.ar\/noticias\/continua-la-celebracion-del-60-aniversario-de-fania-records-con-la-reedicion-de-traigo-de-todo-de-ismael-rivera\/#primaryimage"},"image":{"@id":"https:\/\/web.consaguirre.com.ar\/noticias\/continua-la-celebracion-del-60-aniversario-de-fania-records-con-la-reedicion-de-traigo-de-todo-de-ismael-rivera\/#primaryimage"},"thumbnailUrl":"https:\/\/web.consaguirre.com.ar\/noticias\/wp-content\/uploads\/2024\/09\/Continua-la-celebracion-del-60-aniversario-de-Fania-Records-con.jpg","datePublished":"2024-09-04T13:43:41+00:00","dateModified":"2024-09-08T19:27:48+00:00","breadcrumb":{"@id":"https:\/\/web.consaguirre.com.ar\/noticias\/continua-la-celebracion-del-60-aniversario-de-fania-records-con-la-reedicion-de-traigo-de-todo-de-ismael-rivera\/#breadcrumb"},"inLanguage":"es-AR","potentialAction":[{"@type":"ReadAction","target":["https:\/\/web.consaguirre.com.ar\/noticias\/continua-la-celebracion-del-60-aniversario-de-fania-records-con-la-reedicion-de-traigo-de-todo-de-ismael-rivera\/"]}]},{"@type":"ImageObject","inLanguage":"es-AR","@id":"https:\/\/web.consaguirre.com.ar\/noticias\/continua-la-celebracion-del-60-aniversario-de-fania-records-con-la-reedicion-de-traigo-de-todo-de-ismael-rivera\/#primaryimage","url":"https:\/\/web.consaguirre.com.ar\/noticias\/wp-content\/uploads\/2024\/09\/Continua-la-celebracion-del-60-aniversario-de-Fania-Records-con.jpg","contentUrl":"https:\/\/web.consaguirre.com.ar\/noticias\/wp-content\/uploads\/2024\/09\/Continua-la-celebracion-del-60-aniversario-de-Fania-Records-con.jpg","width":1280,"height":1280,"caption":"Ismael Rivera, \u2018Traigo de todo\u2019 - Photo: Courtesy of Craft Recordings"},{"@type":"BreadcrumbList","@id":"https:\/\/web.consaguirre.com.ar\/noticias\/continua-la-celebracion-del-60-aniversario-de-fania-records-con-la-reedicion-de-traigo-de-todo-de-ismael-rivera\/#breadcrumb","itemListElement":[{"@type":"ListItem","position":1,"name":"Inicio","item":"https:\/\/web.consaguirre.com.ar\/noticias\/"},{"@type":"ListItem","position":2,"name":"Contin\u00faa la celebraci\u00f3n del 60 aniversario de Fania Records con la reedici\u00f3n de &#8216;Traigo de todo&#8217; de Ismael Rivera"}]},{"@type":"WebSite","@id":"https:\/\/web.consaguirre.com.ar\/noticias\/#website","url":"https:\/\/web.consaguirre.com.ar\/noticias\/","name":"Conservatorio de M\u00fasica Juli\u00e1n Aguirre","description":"","publisher":{"@id":"https:\/\/web.consaguirre.com.ar\/noticias\/#organization"},"potentialAction":[{"@type":"SearchAction","target":{"@type":"EntryPoint","urlTemplate":"https:\/\/web.consaguirre.com.ar\/noticias\/?s={search_term_string}"},"query-input":"required name=search_term_string"}],"inLanguage":"es-AR"},{"@type":"Organization","@id":"https:\/\/web.consaguirre.com.ar\/noticias\/#organization","name":"Conservatorio de M\u00fasica Juli\u00e1n Aguirre","url":"https:\/\/web.consaguirre.com.ar\/noticias\/","logo":{"@type":"ImageObject","inLanguage":"es-AR","@id":"https:\/\/web.consaguirre.com.ar\/noticias\/#\/schema\/logo\/image\/","url":"https:\/\/web.consaguirre.com.ar\/noticias\/wp-content\/uploads\/2024\/08\/Banner-Aguirre-23.jpg","contentUrl":"https:\/\/web.consaguirre.com.ar\/noticias\/wp-content\/uploads\/2024\/08\/Banner-Aguirre-23.jpg","width":1192,"height":600,"caption":"Conservatorio de M\u00fasica Juli\u00e1n Aguirre"},"image":{"@id":"https:\/\/web.consaguirre.com.ar\/noticias\/#\/schema\/logo\/image\/"}},{"@type":"Person","@id":"https:\/\/web.consaguirre.com.ar\/noticias\/#\/schema\/person\/6558b0cfedee7ddc5425602b237d5722","name":"Javier Figueroa","image":{"@type":"ImageObject","inLanguage":"es-AR","@id":"https:\/\/web.consaguirre.com.ar\/noticias\/#\/schema\/person\/image\/","url":"https:\/\/web.consaguirre.com.ar\/noticias\/wp-content\/uploads\/2024\/08\/Consaguirre-scaled.jpg","contentUrl":"https:\/\/web.consaguirre.com.ar\/noticias\/wp-content\/uploads\/2024\/08\/Consaguirre-scaled.jpg","caption":"Javier Figueroa"},"description":"Me llamo Javier Figueroa y soy redactor para el sitio oficial del Conservatorio de M\u00fasica Juli\u00e1n Aguirre en Buenos Aires, consaguirre.com. Apasionado por la m\u00fasica y la escritura, me esfuerzo por destacar los talentos y eventos de nuestra prestigiosa instituci\u00f3n. Mi trayectoria se nutre de una profunda admiraci\u00f3n por los artistas, haciendo de cada art\u00edculo una celebraci\u00f3n de la creatividad y la cultura musical.","sameAs":["https:\/\/web.consaguirre.com.ar\/noticias"]}]}},"_links":{"self":[{"href":"https:\/\/web.consaguirre.com.ar\/noticias\/wp-json\/wp\/v2\/posts\/443"}],"collection":[{"href":"https:\/\/web.consaguirre.com.ar\/noticias\/wp-json\/wp\/v2\/posts"}],"about":[{"href":"https:\/\/web.consaguirre.com.ar\/noticias\/wp-json\/wp\/v2\/types\/post"}],"author":[{"embeddable":true,"href":"https:\/\/web.consaguirre.com.ar\/noticias\/wp-json\/wp\/v2\/users\/1"}],"replies":[{"embeddable":true,"href":"https:\/\/web.consaguirre.com.ar\/noticias\/wp-json\/wp\/v2\/comments?post=443"}],"version-history":[{"count":1,"href":"https:\/\/web.consaguirre.com.ar\/noticias\/wp-json\/wp\/v2\/posts\/443\/revisions"}],"predecessor-version":[{"id":445,"href":"https:\/\/web.consaguirre.com.ar\/noticias\/wp-json\/wp\/v2\/posts\/443\/revisions\/445"}],"wp:featuredmedia":[{"embeddable":true,"href":"https:\/\/web.consaguirre.com.ar\/noticias\/wp-json\/wp\/v2\/media\/444"}],"wp:attachment":[{"href":"https:\/\/web.consaguirre.com.ar\/noticias\/wp-json\/wp\/v2\/media?parent=443"}],"wp:term":[{"taxonomy":"category","embeddable":true,"href":"https:\/\/web.consaguirre.com.ar\/noticias\/wp-json\/wp\/v2\/categories?post=443"},{"taxonomy":"post_tag","embeddable":true,"href":"https:\/\/web.consaguirre.com.ar\/noticias\/wp-json\/wp\/v2\/tags?post=443"}],"curies":[{"name":"wp","href":"https:\/\/api.w.org\/{rel}","templated":true}]}}