{"id":4419,"date":"2025-11-21T11:38:32","date_gmt":"2025-11-21T14:38:32","guid":{"rendered":"https:\/\/web.consaguirre.com.ar\/noticias\/the-style-council-comparte-nueva-cancion-de-la-reedicion-de-cafe-bleu\/"},"modified":"2025-11-21T11:38:34","modified_gmt":"2025-11-21T14:38:34","slug":"the-style-council-comparte-nueva-cancion-de-la-reedicion-de-cafe-bleu","status":"publish","type":"post","link":"https:\/\/web.consaguirre.com.ar\/noticias\/the-style-council-comparte-nueva-cancion-de-la-reedicion-de-cafe-bleu\/","title":{"rendered":"The Style Council comparte nueva canci\u00f3n de la reedici\u00f3n de &#8216;Caf\u00e9 Bleu&#8217;"},"content":{"rendered":"<p>Los fan\u00e1ticos de The Style Council est\u00e1n de enhorabuena: una canci\u00f3n in\u00e9dita del grupo <em>Caf\u00e9 Azul<\/em> ya est\u00e1 disponible. \u201cTake It To The Top (Demo)\u201d proviene de la reedici\u00f3n de lujo del \u00e1lbum debut del grupo, que se anunci\u00f3 a principios de este mes y estar\u00e1 oficialmente a la venta el 30 de enero. El conjunto ya est\u00e1 disponible para pedidos anticipados.<\/p>\n<p>\u201cTake It To The Top\u201d en realidad no aparece en Caf\u00e9 Bleu, pero fue algo que surgi\u00f3 durante las sesiones de grabaci\u00f3n del \u00e1lbum. M\u00e1s de 40 a\u00f1os despu\u00e9s del debut del \u00e1lbum, el demo ofrece a los fans la oportunidad de encontrar algo nuevo en la obra del grupo, y habr\u00e1 m\u00e1s oportunidades en los pr\u00f3ximos meses.<\/p>\n<div class=\"uD-YT-container\"><img decoding=\"async\" src=\"https:\/\/web.consaguirre.com.ar\/noticias\/wp-content\/uploads\/2025\/11\/1763735912_253_The-Style-Council-comparte-nueva-cancion-de-la-reedicion-de.jpg\" alt=\"V\u00eddeo de YouTube\"><br \/>Haga clic para cargar v\u00eddeo<\/div>\n<p>The Style Council se fund\u00f3 despu\u00e9s de que The Jam se disolviera en 1982. Paul Weller, cantante, compositor y guitarrista de The Jam se asoci\u00f3 con el teclista Mick Talbot para crear el nuevo grupo, que irrumpi\u00f3 en escena con el \u00e1lbum de 1984. <em>Caf\u00e9 Azul<\/em>. Weller describi\u00f3 los primeros a\u00f1os de The Style Council como \u201cmaravillosos\u201d en una entrevista de 2020 con <em>don<\/em>. \u201cMe re\u00ed mucho y nos divertimos mucho\u201d, record\u00f3. &#8220;Hicimos mucha m\u00fasica, buena, mala y lo que sea, pero probamos un mont\u00f3n de cosas diferentes y no escuchamos a nadie. Simplemente lo ten\u00edamos e hicimos lo nuestro. Cosas que ahora nunca har\u00edas con la tuya&#8221;.<\/p>\n<p>La alegr\u00eda que tuvieron los m\u00fasicos creando. <em>Caf\u00e9 Azul<\/em> es palpable y sigue siendo un destacado en la discograf\u00eda de The Style Council todos estos a\u00f1os despu\u00e9s. La edici\u00f3n de lujo del \u00e1lbum que saldr\u00e1 en enero viene en un conjunto de 3LP o 6CD s\u00faper de lujo, los cuales incluyen un tesoro de caras B, demos, tomas descartadas y versiones alternativas de su grabaci\u00f3n. Tambi\u00e9n hay una selecci\u00f3n de grabaciones en vivo y sesiones de la BBC incluidas con el set, as\u00ed como nuevas notas de Gary Crowley. Como dijo Weller m\u00e1s tarde sobre la grabaci\u00f3n del primer \u00e1lbum: &#8220;Fue totalmente liberador&#8221;.<\/p><\/p>\n","protected":false},"excerpt":{"rendered":"<p>Los fan\u00e1ticos de The Style Council est\u00e1n de enhorabuena: una canci\u00f3n in\u00e9dita del grupo Caf\u00e9 Azul ya est\u00e1 disponible. \u201cTake It To The Top (Demo)\u201d<\/p>\n","protected":false},"author":1,"featured_media":4420,"comment_status":"closed","ping_status":"","sticky":false,"template":"","format":"standard","meta":{"footnotes":""},"categories":[50],"tags":[3497,1947,460,201,3499,116,117,3498],"class_list":["post-4419","post","type-post","status-publish","format-standard","has-post-thumbnail","hentry","category-el-ultimo","tag-bleu","tag-cafe","tag-cancion","tag-comparte","tag-council","tag-nueva","tag-reedicion","tag-style","generate-columns","tablet-grid-50","mobile-grid-100","grid-parent","grid-50"],"yoast_head":"<!-- This site is optimized with the Yoast SEO plugin v23.3 - https:\/\/yoast.com\/wordpress\/plugins\/seo\/ -->\n<title>The Style Council comparte nueva canci\u00f3n de la reedici\u00f3n de &#039;Caf\u00e9 Bleu&#039;<\/title>\n<meta name=\"robots\" content=\"index, follow, max-snippet:-1, max-image-preview:large, max-video-preview:-1\" \/>\n<link rel=\"canonical\" href=\"https:\/\/web.consaguirre.com.ar\/noticias\/the-style-council-comparte-nueva-cancion-de-la-reedicion-de-cafe-bleu\/\" \/>\n<meta property=\"og:locale\" content=\"es_ES\" \/>\n<meta property=\"og:type\" content=\"article\" \/>\n<meta property=\"og:title\" content=\"The Style Council comparte nueva canci\u00f3n de la reedici\u00f3n de &#039;Caf\u00e9 Bleu&#039;\" \/>\n<meta property=\"og:description\" content=\"Los fan\u00e1ticos de The Style Council est\u00e1n de enhorabuena: una canci\u00f3n in\u00e9dita del grupo Caf\u00e9 Azul ya est\u00e1 disponible. \u201cTake It To The Top (Demo)\u201d\" \/>\n<meta property=\"og:url\" content=\"https:\/\/web.consaguirre.com.ar\/noticias\/the-style-council-comparte-nueva-cancion-de-la-reedicion-de-cafe-bleu\/\" \/>\n<meta property=\"og:site_name\" content=\"Conservatorio de M\u00fasica Juli\u00e1n Aguirre\" \/>\n<meta property=\"article:published_time\" content=\"2025-11-21T14:38:32+00:00\" \/>\n<meta property=\"article:modified_time\" content=\"2025-11-21T14:38:34+00:00\" \/>\n<meta property=\"og:image\" content=\"https:\/\/web.consaguirre.com.ar\/noticias\/wp-content\/uploads\/2025\/11\/The-Style-Council-comparte-nueva-cancion-de-la-reedicion-de.jpg\" \/>\n\t<meta property=\"og:image:width\" content=\"1440\" \/>\n\t<meta property=\"og:image:height\" content=\"864\" \/>\n\t<meta property=\"og:image:type\" content=\"image\/jpeg\" \/>\n<meta name=\"author\" content=\"Javier Figueroa\" \/>\n<meta name=\"twitter:card\" content=\"summary_large_image\" \/>\n<meta name=\"twitter:label1\" content=\"Escrito por\" \/>\n\t<meta name=\"twitter:data1\" content=\"Javier Figueroa\" \/>\n\t<meta name=\"twitter:label2\" content=\"Tiempo de lectura\" \/>\n\t<meta name=\"twitter:data2\" content=\"2 minutos\" \/>\n<script type=\"application\/ld+json\" class=\"yoast-schema-graph\">{\"@context\":\"https:\/\/schema.org\",\"@graph\":[{\"@type\":\"Article\",\"@id\":\"https:\/\/web.consaguirre.com.ar\/noticias\/the-style-council-comparte-nueva-cancion-de-la-reedicion-de-cafe-bleu\/#article\",\"isPartOf\":{\"@id\":\"https:\/\/web.consaguirre.com.ar\/noticias\/the-style-council-comparte-nueva-cancion-de-la-reedicion-de-cafe-bleu\/\"},\"author\":{\"name\":\"Javier Figueroa\",\"@id\":\"https:\/\/web.consaguirre.com.ar\/noticias\/#\/schema\/person\/6558b0cfedee7ddc5425602b237d5722\"},\"headline\":\"The Style Council comparte nueva canci\u00f3n de la reedici\u00f3n de &#8216;Caf\u00e9 Bleu&#8217;\",\"datePublished\":\"2025-11-21T14:38:32+00:00\",\"dateModified\":\"2025-11-21T14:38:34+00:00\",\"mainEntityOfPage\":{\"@id\":\"https:\/\/web.consaguirre.com.ar\/noticias\/the-style-council-comparte-nueva-cancion-de-la-reedicion-de-cafe-bleu\/\"},\"wordCount\":375,\"publisher\":{\"@id\":\"https:\/\/web.consaguirre.com.ar\/noticias\/#organization\"},\"image\":{\"@id\":\"https:\/\/web.consaguirre.com.ar\/noticias\/the-style-council-comparte-nueva-cancion-de-la-reedicion-de-cafe-bleu\/#primaryimage\"},\"thumbnailUrl\":\"https:\/\/web.consaguirre.com.ar\/noticias\/wp-content\/uploads\/2025\/11\/The-Style-Council-comparte-nueva-cancion-de-la-reedicion-de.jpg\",\"keywords\":[\"Bleu\",\"Cafe\",\"canci\u00f3n\",\"comparte\",\"Council\",\"nueva\",\"reedici\u00f3n\",\"Style\"],\"articleSection\":[\"El \u00faltimo\"],\"inLanguage\":\"es-AR\"},{\"@type\":\"WebPage\",\"@id\":\"https:\/\/web.consaguirre.com.ar\/noticias\/the-style-council-comparte-nueva-cancion-de-la-reedicion-de-cafe-bleu\/\",\"url\":\"https:\/\/web.consaguirre.com.ar\/noticias\/the-style-council-comparte-nueva-cancion-de-la-reedicion-de-cafe-bleu\/\",\"name\":\"The Style Council comparte nueva canci\u00f3n de la reedici\u00f3n de 'Caf\u00e9 Bleu'\",\"isPartOf\":{\"@id\":\"https:\/\/web.consaguirre.com.ar\/noticias\/#website\"},\"primaryImageOfPage\":{\"@id\":\"https:\/\/web.consaguirre.com.ar\/noticias\/the-style-council-comparte-nueva-cancion-de-la-reedicion-de-cafe-bleu\/#primaryimage\"},\"image\":{\"@id\":\"https:\/\/web.consaguirre.com.ar\/noticias\/the-style-council-comparte-nueva-cancion-de-la-reedicion-de-cafe-bleu\/#primaryimage\"},\"thumbnailUrl\":\"https:\/\/web.consaguirre.com.ar\/noticias\/wp-content\/uploads\/2025\/11\/The-Style-Council-comparte-nueva-cancion-de-la-reedicion-de.jpg\",\"datePublished\":\"2025-11-21T14:38:32+00:00\",\"dateModified\":\"2025-11-21T14:38:34+00:00\",\"breadcrumb\":{\"@id\":\"https:\/\/web.consaguirre.com.ar\/noticias\/the-style-council-comparte-nueva-cancion-de-la-reedicion-de-cafe-bleu\/#breadcrumb\"},\"inLanguage\":\"es-AR\",\"potentialAction\":[{\"@type\":\"ReadAction\",\"target\":[\"https:\/\/web.consaguirre.com.ar\/noticias\/the-style-council-comparte-nueva-cancion-de-la-reedicion-de-cafe-bleu\/\"]}]},{\"@type\":\"ImageObject\",\"inLanguage\":\"es-AR\",\"@id\":\"https:\/\/web.consaguirre.com.ar\/noticias\/the-style-council-comparte-nueva-cancion-de-la-reedicion-de-cafe-bleu\/#primaryimage\",\"url\":\"https:\/\/web.consaguirre.com.ar\/noticias\/wp-content\/uploads\/2025\/11\/The-Style-Council-comparte-nueva-cancion-de-la-reedicion-de.jpg\",\"contentUrl\":\"https:\/\/web.consaguirre.com.ar\/noticias\/wp-content\/uploads\/2025\/11\/The-Style-Council-comparte-nueva-cancion-de-la-reedicion-de.jpg\",\"width\":1440,\"height\":864,\"caption\":\"The Style Council comparte nueva canci\u00f3n de la reedici\u00f3n de 'Caf\u00e9 Bleu'\"},{\"@type\":\"BreadcrumbList\",\"@id\":\"https:\/\/web.consaguirre.com.ar\/noticias\/the-style-council-comparte-nueva-cancion-de-la-reedicion-de-cafe-bleu\/#breadcrumb\",\"itemListElement\":[{\"@type\":\"ListItem\",\"position\":1,\"name\":\"Inicio\",\"item\":\"https:\/\/web.consaguirre.com.ar\/noticias\/\"},{\"@type\":\"ListItem\",\"position\":2,\"name\":\"The Style Council comparte nueva canci\u00f3n de la reedici\u00f3n de &#8216;Caf\u00e9 Bleu&#8217;\"}]},{\"@type\":\"WebSite\",\"@id\":\"https:\/\/web.consaguirre.com.ar\/noticias\/#website\",\"url\":\"https:\/\/web.consaguirre.com.ar\/noticias\/\",\"name\":\"Conservatorio de M\u00fasica Juli\u00e1n Aguirre\",\"description\":\"\",\"publisher\":{\"@id\":\"https:\/\/web.consaguirre.com.ar\/noticias\/#organization\"},\"potentialAction\":[{\"@type\":\"SearchAction\",\"target\":{\"@type\":\"EntryPoint\",\"urlTemplate\":\"https:\/\/web.consaguirre.com.ar\/noticias\/?s={search_term_string}\"},\"query-input\":\"required name=search_term_string\"}],\"inLanguage\":\"es-AR\"},{\"@type\":\"Organization\",\"@id\":\"https:\/\/web.consaguirre.com.ar\/noticias\/#organization\",\"name\":\"Conservatorio de M\u00fasica Juli\u00e1n Aguirre\",\"url\":\"https:\/\/web.consaguirre.com.ar\/noticias\/\",\"logo\":{\"@type\":\"ImageObject\",\"inLanguage\":\"es-AR\",\"@id\":\"https:\/\/web.consaguirre.com.ar\/noticias\/#\/schema\/logo\/image\/\",\"url\":\"https:\/\/web.consaguirre.com.ar\/noticias\/wp-content\/uploads\/2024\/08\/Banner-Aguirre-23.jpg\",\"contentUrl\":\"https:\/\/web.consaguirre.com.ar\/noticias\/wp-content\/uploads\/2024\/08\/Banner-Aguirre-23.jpg\",\"width\":1192,\"height\":600,\"caption\":\"Conservatorio de M\u00fasica Juli\u00e1n Aguirre\"},\"image\":{\"@id\":\"https:\/\/web.consaguirre.com.ar\/noticias\/#\/schema\/logo\/image\/\"}},{\"@type\":\"Person\",\"@id\":\"https:\/\/web.consaguirre.com.ar\/noticias\/#\/schema\/person\/6558b0cfedee7ddc5425602b237d5722\",\"name\":\"Javier Figueroa\",\"image\":{\"@type\":\"ImageObject\",\"inLanguage\":\"es-AR\",\"@id\":\"https:\/\/web.consaguirre.com.ar\/noticias\/#\/schema\/person\/image\/\",\"url\":\"https:\/\/web.consaguirre.com.ar\/noticias\/wp-content\/uploads\/2024\/08\/Consaguirre-scaled.jpg\",\"contentUrl\":\"https:\/\/web.consaguirre.com.ar\/noticias\/wp-content\/uploads\/2024\/08\/Consaguirre-scaled.jpg\",\"caption\":\"Javier Figueroa\"},\"description\":\"Me llamo Javier Figueroa y soy redactor para el sitio oficial del Conservatorio de M\u00fasica Juli\u00e1n Aguirre en Buenos Aires, consaguirre.com. Apasionado por la m\u00fasica y la escritura, me esfuerzo por destacar los talentos y eventos de nuestra prestigiosa instituci\u00f3n. Mi trayectoria se nutre de una profunda admiraci\u00f3n por los artistas, haciendo de cada art\u00edculo una celebraci\u00f3n de la creatividad y la cultura musical.\",\"sameAs\":[\"https:\/\/web.consaguirre.com.ar\/noticias\"]}]}<\/script>\n<!-- \/ Yoast SEO plugin. -->","yoast_head_json":{"title":"The Style Council comparte nueva canci\u00f3n de la reedici\u00f3n de 'Caf\u00e9 Bleu'","robots":{"index":"index","follow":"follow","max-snippet":"max-snippet:-1","max-image-preview":"max-image-preview:large","max-video-preview":"max-video-preview:-1"},"canonical":"https:\/\/web.consaguirre.com.ar\/noticias\/the-style-council-comparte-nueva-cancion-de-la-reedicion-de-cafe-bleu\/","og_locale":"es_ES","og_type":"article","og_title":"The Style Council comparte nueva canci\u00f3n de la reedici\u00f3n de 'Caf\u00e9 Bleu'","og_description":"Los fan\u00e1ticos de The Style Council est\u00e1n de enhorabuena: una canci\u00f3n in\u00e9dita del grupo Caf\u00e9 Azul ya est\u00e1 disponible. \u201cTake It To The Top (Demo)\u201d","og_url":"https:\/\/web.consaguirre.com.ar\/noticias\/the-style-council-comparte-nueva-cancion-de-la-reedicion-de-cafe-bleu\/","og_site_name":"Conservatorio de M\u00fasica Juli\u00e1n Aguirre","article_published_time":"2025-11-21T14:38:32+00:00","article_modified_time":"2025-11-21T14:38:34+00:00","og_image":[{"width":1440,"height":864,"url":"https:\/\/web.consaguirre.com.ar\/noticias\/wp-content\/uploads\/2025\/11\/The-Style-Council-comparte-nueva-cancion-de-la-reedicion-de.jpg","type":"image\/jpeg"}],"author":"Javier Figueroa","twitter_card":"summary_large_image","twitter_misc":{"Escrito por":"Javier Figueroa","Tiempo de lectura":"2 minutos"},"schema":{"@context":"https:\/\/schema.org","@graph":[{"@type":"Article","@id":"https:\/\/web.consaguirre.com.ar\/noticias\/the-style-council-comparte-nueva-cancion-de-la-reedicion-de-cafe-bleu\/#article","isPartOf":{"@id":"https:\/\/web.consaguirre.com.ar\/noticias\/the-style-council-comparte-nueva-cancion-de-la-reedicion-de-cafe-bleu\/"},"author":{"name":"Javier Figueroa","@id":"https:\/\/web.consaguirre.com.ar\/noticias\/#\/schema\/person\/6558b0cfedee7ddc5425602b237d5722"},"headline":"The Style Council comparte nueva canci\u00f3n de la reedici\u00f3n de &#8216;Caf\u00e9 Bleu&#8217;","datePublished":"2025-11-21T14:38:32+00:00","dateModified":"2025-11-21T14:38:34+00:00","mainEntityOfPage":{"@id":"https:\/\/web.consaguirre.com.ar\/noticias\/the-style-council-comparte-nueva-cancion-de-la-reedicion-de-cafe-bleu\/"},"wordCount":375,"publisher":{"@id":"https:\/\/web.consaguirre.com.ar\/noticias\/#organization"},"image":{"@id":"https:\/\/web.consaguirre.com.ar\/noticias\/the-style-council-comparte-nueva-cancion-de-la-reedicion-de-cafe-bleu\/#primaryimage"},"thumbnailUrl":"https:\/\/web.consaguirre.com.ar\/noticias\/wp-content\/uploads\/2025\/11\/The-Style-Council-comparte-nueva-cancion-de-la-reedicion-de.jpg","keywords":["Bleu","Cafe","canci\u00f3n","comparte","Council","nueva","reedici\u00f3n","Style"],"articleSection":["El \u00faltimo"],"inLanguage":"es-AR"},{"@type":"WebPage","@id":"https:\/\/web.consaguirre.com.ar\/noticias\/the-style-council-comparte-nueva-cancion-de-la-reedicion-de-cafe-bleu\/","url":"https:\/\/web.consaguirre.com.ar\/noticias\/the-style-council-comparte-nueva-cancion-de-la-reedicion-de-cafe-bleu\/","name":"The Style Council comparte nueva canci\u00f3n de la reedici\u00f3n de 'Caf\u00e9 Bleu'","isPartOf":{"@id":"https:\/\/web.consaguirre.com.ar\/noticias\/#website"},"primaryImageOfPage":{"@id":"https:\/\/web.consaguirre.com.ar\/noticias\/the-style-council-comparte-nueva-cancion-de-la-reedicion-de-cafe-bleu\/#primaryimage"},"image":{"@id":"https:\/\/web.consaguirre.com.ar\/noticias\/the-style-council-comparte-nueva-cancion-de-la-reedicion-de-cafe-bleu\/#primaryimage"},"thumbnailUrl":"https:\/\/web.consaguirre.com.ar\/noticias\/wp-content\/uploads\/2025\/11\/The-Style-Council-comparte-nueva-cancion-de-la-reedicion-de.jpg","datePublished":"2025-11-21T14:38:32+00:00","dateModified":"2025-11-21T14:38:34+00:00","breadcrumb":{"@id":"https:\/\/web.consaguirre.com.ar\/noticias\/the-style-council-comparte-nueva-cancion-de-la-reedicion-de-cafe-bleu\/#breadcrumb"},"inLanguage":"es-AR","potentialAction":[{"@type":"ReadAction","target":["https:\/\/web.consaguirre.com.ar\/noticias\/the-style-council-comparte-nueva-cancion-de-la-reedicion-de-cafe-bleu\/"]}]},{"@type":"ImageObject","inLanguage":"es-AR","@id":"https:\/\/web.consaguirre.com.ar\/noticias\/the-style-council-comparte-nueva-cancion-de-la-reedicion-de-cafe-bleu\/#primaryimage","url":"https:\/\/web.consaguirre.com.ar\/noticias\/wp-content\/uploads\/2025\/11\/The-Style-Council-comparte-nueva-cancion-de-la-reedicion-de.jpg","contentUrl":"https:\/\/web.consaguirre.com.ar\/noticias\/wp-content\/uploads\/2025\/11\/The-Style-Council-comparte-nueva-cancion-de-la-reedicion-de.jpg","width":1440,"height":864,"caption":"The Style Council comparte nueva canci\u00f3n de la reedici\u00f3n de 'Caf\u00e9 Bleu'"},{"@type":"BreadcrumbList","@id":"https:\/\/web.consaguirre.com.ar\/noticias\/the-style-council-comparte-nueva-cancion-de-la-reedicion-de-cafe-bleu\/#breadcrumb","itemListElement":[{"@type":"ListItem","position":1,"name":"Inicio","item":"https:\/\/web.consaguirre.com.ar\/noticias\/"},{"@type":"ListItem","position":2,"name":"The Style Council comparte nueva canci\u00f3n de la reedici\u00f3n de &#8216;Caf\u00e9 Bleu&#8217;"}]},{"@type":"WebSite","@id":"https:\/\/web.consaguirre.com.ar\/noticias\/#website","url":"https:\/\/web.consaguirre.com.ar\/noticias\/","name":"Conservatorio de M\u00fasica Juli\u00e1n Aguirre","description":"","publisher":{"@id":"https:\/\/web.consaguirre.com.ar\/noticias\/#organization"},"potentialAction":[{"@type":"SearchAction","target":{"@type":"EntryPoint","urlTemplate":"https:\/\/web.consaguirre.com.ar\/noticias\/?s={search_term_string}"},"query-input":"required name=search_term_string"}],"inLanguage":"es-AR"},{"@type":"Organization","@id":"https:\/\/web.consaguirre.com.ar\/noticias\/#organization","name":"Conservatorio de M\u00fasica Juli\u00e1n Aguirre","url":"https:\/\/web.consaguirre.com.ar\/noticias\/","logo":{"@type":"ImageObject","inLanguage":"es-AR","@id":"https:\/\/web.consaguirre.com.ar\/noticias\/#\/schema\/logo\/image\/","url":"https:\/\/web.consaguirre.com.ar\/noticias\/wp-content\/uploads\/2024\/08\/Banner-Aguirre-23.jpg","contentUrl":"https:\/\/web.consaguirre.com.ar\/noticias\/wp-content\/uploads\/2024\/08\/Banner-Aguirre-23.jpg","width":1192,"height":600,"caption":"Conservatorio de M\u00fasica Juli\u00e1n Aguirre"},"image":{"@id":"https:\/\/web.consaguirre.com.ar\/noticias\/#\/schema\/logo\/image\/"}},{"@type":"Person","@id":"https:\/\/web.consaguirre.com.ar\/noticias\/#\/schema\/person\/6558b0cfedee7ddc5425602b237d5722","name":"Javier Figueroa","image":{"@type":"ImageObject","inLanguage":"es-AR","@id":"https:\/\/web.consaguirre.com.ar\/noticias\/#\/schema\/person\/image\/","url":"https:\/\/web.consaguirre.com.ar\/noticias\/wp-content\/uploads\/2024\/08\/Consaguirre-scaled.jpg","contentUrl":"https:\/\/web.consaguirre.com.ar\/noticias\/wp-content\/uploads\/2024\/08\/Consaguirre-scaled.jpg","caption":"Javier Figueroa"},"description":"Me llamo Javier Figueroa y soy redactor para el sitio oficial del Conservatorio de M\u00fasica Juli\u00e1n Aguirre en Buenos Aires, consaguirre.com. Apasionado por la m\u00fasica y la escritura, me esfuerzo por destacar los talentos y eventos de nuestra prestigiosa instituci\u00f3n. Mi trayectoria se nutre de una profunda admiraci\u00f3n por los artistas, haciendo de cada art\u00edculo una celebraci\u00f3n de la creatividad y la cultura musical.","sameAs":["https:\/\/web.consaguirre.com.ar\/noticias"]}]}},"_links":{"self":[{"href":"https:\/\/web.consaguirre.com.ar\/noticias\/wp-json\/wp\/v2\/posts\/4419"}],"collection":[{"href":"https:\/\/web.consaguirre.com.ar\/noticias\/wp-json\/wp\/v2\/posts"}],"about":[{"href":"https:\/\/web.consaguirre.com.ar\/noticias\/wp-json\/wp\/v2\/types\/post"}],"author":[{"embeddable":true,"href":"https:\/\/web.consaguirre.com.ar\/noticias\/wp-json\/wp\/v2\/users\/1"}],"replies":[{"embeddable":true,"href":"https:\/\/web.consaguirre.com.ar\/noticias\/wp-json\/wp\/v2\/comments?post=4419"}],"version-history":[{"count":1,"href":"https:\/\/web.consaguirre.com.ar\/noticias\/wp-json\/wp\/v2\/posts\/4419\/revisions"}],"predecessor-version":[{"id":4421,"href":"https:\/\/web.consaguirre.com.ar\/noticias\/wp-json\/wp\/v2\/posts\/4419\/revisions\/4421"}],"wp:featuredmedia":[{"embeddable":true,"href":"https:\/\/web.consaguirre.com.ar\/noticias\/wp-json\/wp\/v2\/media\/4420"}],"wp:attachment":[{"href":"https:\/\/web.consaguirre.com.ar\/noticias\/wp-json\/wp\/v2\/media?parent=4419"}],"wp:term":[{"taxonomy":"category","embeddable":true,"href":"https:\/\/web.consaguirre.com.ar\/noticias\/wp-json\/wp\/v2\/categories?post=4419"},{"taxonomy":"post_tag","embeddable":true,"href":"https:\/\/web.consaguirre.com.ar\/noticias\/wp-json\/wp\/v2\/tags?post=4419"}],"curies":[{"name":"wp","href":"https:\/\/api.w.org\/{rel}","templated":true}]}}