{"id":4410,"date":"2025-11-20T14:44:10","date_gmt":"2025-11-20T17:44:10","guid":{"rendered":"https:\/\/web.consaguirre.com.ar\/noticias\/muere-el-bajista-de-the-stone-roses-gary-mani-mounfield-a-los-63-anos\/"},"modified":"2025-11-20T14:44:11","modified_gmt":"2025-11-20T17:44:11","slug":"muere-el-bajista-de-the-stone-roses-gary-mani-mounfield-a-los-63-anos","status":"publish","type":"post","link":"https:\/\/web.consaguirre.com.ar\/noticias\/muere-el-bajista-de-the-stone-roses-gary-mani-mounfield-a-los-63-anos\/","title":{"rendered":"Muere el bajista de The Stone Roses, Gary &#8216;Mani&#8217; Mounfield, a los 63 a\u00f1os"},"content":{"rendered":"<p>Gary \u201cMani\u201d Mounfield, bajista de la banda de rock inglesa The Stone Roses desde 1987, falleci\u00f3. Su hermano Greg comparti\u00f3 la noticia en Facebook y escribi\u00f3: &#8220;&#8216;Con el mayor pesar tengo que anunciar el triste fallecimiento de mi hermano. Gary Mani Mounfield QEPD&#8221;. En un comentario, a\u00f1adi\u00f3 que Mani estaba \u201creunido con su bella esposa (I)melda\u201d. Su esposa muri\u00f3 de c\u00e1ncer en 2023. Mani ten\u00eda 63 a\u00f1os.<\/p>\n<p>Adem\u00e1s de su trabajo en Stone Roses, Mani tambi\u00e9n era conocido por su trabajo en Primal Scream, al que se uni\u00f3 despu\u00e9s de que Stone Roses hiciera una pausa en 1996. El bajista tambi\u00e9n contribuy\u00f3 o realiz\u00f3 giras con bandas como Ian Brown, Ocean Color Scene, The Enemy y Paul Weller a lo largo de los a\u00f1os. Tambi\u00e9n era un destacado aficionado a jugar a los dardos.<\/p>\n<p>Nacido en Manchester, Reino Unido en 1962, Mani dej\u00f3 la escuela a los 16 a\u00f1os antes de unirse a los Stone Roses cuando ten\u00eda 25. La banda lanz\u00f3 su \u00e1lbum debut hom\u00f3nimo en 1989 y, aunque no fue un \u00e9xito inmediato, el tiempo ha sido muy amable; El \u00e1lbum aparece con frecuencia en las listas de los mejores de todos los tiempos y ha sido aclamado en cr\u00edticas retrospectivas. A principios de 2025, Mani reflexion\u00f3 sobre el \u00e1lbum y dijo: &#8220;Ese disco sonar\u00e1 tan pr\u00edstino y hermoso como siempre. Aprovechamos algo que solo la m\u00fasica puede desbloquear&#8221;. La banda lanz\u00f3 su segundo y \u00faltimo \u00e1lbum, <em>La Segunda Venida<\/em>en 1994. Aunque se reformaron en 2011 despu\u00e9s de su disoluci\u00f3n en 1996, y aunque lanzaron los sencillos &#8220;All For One&#8221; y &#8220;Beautiful Thing&#8221; en 2016, nunca lleg\u00f3 otro \u00e1lbum.<\/p>\n<p>Durante la separaci\u00f3n de la banda, Mani se mantuvo en buenos t\u00e9rminos con sus compa\u00f1eros m\u00fasicos, uni\u00e9ndose al cantante principal de Stone Roses, Ian Brown, en el escenario para una actuaci\u00f3n en 2008. Su trabajo con Primal Scream tambi\u00e9n vio al m\u00fasico trabajar con nuevos g\u00e9neros musicales, ocasionalmente trabajando en house y dance. Mani finalmente volvi\u00f3 a realizar una gira con los Stone Roses hasta 2017, cuando se separaron nuevamente. A lo largo de su vida, Mani mantuvo un buen sentido del humor. \u201cTodav\u00eda estoy aprendiendo\u201d, dijo en una entrevista con <em>Mundo de la guitarra<\/em>. &#8220;Nunca puedes saberlo todo. No s\u00e9 nada, hombre, pero la ignorancia es una bendici\u00f3n, \u00bfsabes a qu\u00e9 me refiero?&#8221;<\/p>\n","protected":false},"excerpt":{"rendered":"<p>Gary \u201cMani\u201d Mounfield, bajista de la banda de rock inglesa The Stone Roses desde 1987, falleci\u00f3. Su hermano Greg comparti\u00f3 la noticia en Facebook y<\/p>\n","protected":false},"author":1,"featured_media":4411,"comment_status":"closed","ping_status":"","sticky":false,"template":"","format":"standard","meta":{"footnotes":""},"categories":[50],"tags":[115,1554,3538,180,3539,3540,564,3274,837],"class_list":["post-4410","post","type-post","status-publish","format-standard","has-post-thumbnail","hentry","category-el-ultimo","tag-anos","tag-bajista","tag-gary","tag-los","tag-mani","tag-mounfield","tag-muere","tag-roses","tag-stone","generate-columns","tablet-grid-50","mobile-grid-100","grid-parent","grid-50"],"yoast_head":"<!-- This site is optimized with the Yoast SEO plugin v23.3 - https:\/\/yoast.com\/wordpress\/plugins\/seo\/ -->\n<title>Muere el bajista de The Stone Roses, Gary &#039;Mani&#039; Mounfield, a los 63 a\u00f1os<\/title>\n<meta name=\"robots\" content=\"index, follow, max-snippet:-1, max-image-preview:large, max-video-preview:-1\" \/>\n<link rel=\"canonical\" href=\"https:\/\/web.consaguirre.com.ar\/noticias\/muere-el-bajista-de-the-stone-roses-gary-mani-mounfield-a-los-63-anos\/\" \/>\n<meta property=\"og:locale\" content=\"es_ES\" \/>\n<meta property=\"og:type\" content=\"article\" \/>\n<meta property=\"og:title\" content=\"Muere el bajista de The Stone Roses, Gary &#039;Mani&#039; Mounfield, a los 63 a\u00f1os\" \/>\n<meta property=\"og:description\" content=\"Gary \u201cMani\u201d Mounfield, bajista de la banda de rock inglesa The Stone Roses desde 1987, falleci\u00f3. Su hermano Greg comparti\u00f3 la noticia en Facebook y\" \/>\n<meta property=\"og:url\" content=\"https:\/\/web.consaguirre.com.ar\/noticias\/muere-el-bajista-de-the-stone-roses-gary-mani-mounfield-a-los-63-anos\/\" \/>\n<meta property=\"og:site_name\" content=\"Conservatorio de M\u00fasica Juli\u00e1n Aguirre\" \/>\n<meta property=\"article:published_time\" content=\"2025-11-20T17:44:10+00:00\" \/>\n<meta property=\"article:modified_time\" content=\"2025-11-20T17:44:11+00:00\" \/>\n<meta property=\"og:image\" content=\"https:\/\/web.consaguirre.com.ar\/noticias\/wp-content\/uploads\/2025\/11\/Muere-el-bajista-de-The-Stone-Roses-Gary-Mani-Mounfield.jpg\" \/>\n\t<meta property=\"og:image:width\" content=\"1440\" \/>\n\t<meta property=\"og:image:height\" content=\"864\" \/>\n\t<meta property=\"og:image:type\" content=\"image\/jpeg\" \/>\n<meta name=\"author\" content=\"Javier Figueroa\" \/>\n<meta name=\"twitter:card\" content=\"summary_large_image\" \/>\n<meta name=\"twitter:label1\" content=\"Escrito por\" \/>\n\t<meta name=\"twitter:data1\" content=\"Javier Figueroa\" \/>\n\t<meta name=\"twitter:label2\" content=\"Tiempo de lectura\" \/>\n\t<meta name=\"twitter:data2\" content=\"2 minutos\" \/>\n<script type=\"application\/ld+json\" class=\"yoast-schema-graph\">{\"@context\":\"https:\/\/schema.org\",\"@graph\":[{\"@type\":\"Article\",\"@id\":\"https:\/\/web.consaguirre.com.ar\/noticias\/muere-el-bajista-de-the-stone-roses-gary-mani-mounfield-a-los-63-anos\/#article\",\"isPartOf\":{\"@id\":\"https:\/\/web.consaguirre.com.ar\/noticias\/muere-el-bajista-de-the-stone-roses-gary-mani-mounfield-a-los-63-anos\/\"},\"author\":{\"name\":\"Javier Figueroa\",\"@id\":\"https:\/\/web.consaguirre.com.ar\/noticias\/#\/schema\/person\/6558b0cfedee7ddc5425602b237d5722\"},\"headline\":\"Muere el bajista de The Stone Roses, Gary &#8216;Mani&#8217; Mounfield, a los 63 a\u00f1os\",\"datePublished\":\"2025-11-20T17:44:10+00:00\",\"dateModified\":\"2025-11-20T17:44:11+00:00\",\"mainEntityOfPage\":{\"@id\":\"https:\/\/web.consaguirre.com.ar\/noticias\/muere-el-bajista-de-the-stone-roses-gary-mani-mounfield-a-los-63-anos\/\"},\"wordCount\":414,\"publisher\":{\"@id\":\"https:\/\/web.consaguirre.com.ar\/noticias\/#organization\"},\"image\":{\"@id\":\"https:\/\/web.consaguirre.com.ar\/noticias\/muere-el-bajista-de-the-stone-roses-gary-mani-mounfield-a-los-63-anos\/#primaryimage\"},\"thumbnailUrl\":\"https:\/\/web.consaguirre.com.ar\/noticias\/wp-content\/uploads\/2025\/11\/Muere-el-bajista-de-The-Stone-Roses-Gary-Mani-Mounfield.jpg\",\"keywords\":[\"a\u00f1os\",\"bajista\",\"Gary\",\"los\",\"Mani\",\"Mounfield\",\"muere\",\"Roses\",\"Stone\"],\"articleSection\":[\"El \u00faltimo\"],\"inLanguage\":\"es-AR\"},{\"@type\":\"WebPage\",\"@id\":\"https:\/\/web.consaguirre.com.ar\/noticias\/muere-el-bajista-de-the-stone-roses-gary-mani-mounfield-a-los-63-anos\/\",\"url\":\"https:\/\/web.consaguirre.com.ar\/noticias\/muere-el-bajista-de-the-stone-roses-gary-mani-mounfield-a-los-63-anos\/\",\"name\":\"Muere el bajista de The Stone Roses, Gary 'Mani' Mounfield, a los 63 a\u00f1os\",\"isPartOf\":{\"@id\":\"https:\/\/web.consaguirre.com.ar\/noticias\/#website\"},\"primaryImageOfPage\":{\"@id\":\"https:\/\/web.consaguirre.com.ar\/noticias\/muere-el-bajista-de-the-stone-roses-gary-mani-mounfield-a-los-63-anos\/#primaryimage\"},\"image\":{\"@id\":\"https:\/\/web.consaguirre.com.ar\/noticias\/muere-el-bajista-de-the-stone-roses-gary-mani-mounfield-a-los-63-anos\/#primaryimage\"},\"thumbnailUrl\":\"https:\/\/web.consaguirre.com.ar\/noticias\/wp-content\/uploads\/2025\/11\/Muere-el-bajista-de-The-Stone-Roses-Gary-Mani-Mounfield.jpg\",\"datePublished\":\"2025-11-20T17:44:10+00:00\",\"dateModified\":\"2025-11-20T17:44:11+00:00\",\"breadcrumb\":{\"@id\":\"https:\/\/web.consaguirre.com.ar\/noticias\/muere-el-bajista-de-the-stone-roses-gary-mani-mounfield-a-los-63-anos\/#breadcrumb\"},\"inLanguage\":\"es-AR\",\"potentialAction\":[{\"@type\":\"ReadAction\",\"target\":[\"https:\/\/web.consaguirre.com.ar\/noticias\/muere-el-bajista-de-the-stone-roses-gary-mani-mounfield-a-los-63-anos\/\"]}]},{\"@type\":\"ImageObject\",\"inLanguage\":\"es-AR\",\"@id\":\"https:\/\/web.consaguirre.com.ar\/noticias\/muere-el-bajista-de-the-stone-roses-gary-mani-mounfield-a-los-63-anos\/#primaryimage\",\"url\":\"https:\/\/web.consaguirre.com.ar\/noticias\/wp-content\/uploads\/2025\/11\/Muere-el-bajista-de-The-Stone-Roses-Gary-Mani-Mounfield.jpg\",\"contentUrl\":\"https:\/\/web.consaguirre.com.ar\/noticias\/wp-content\/uploads\/2025\/11\/Muere-el-bajista-de-The-Stone-Roses-Gary-Mani-Mounfield.jpg\",\"width\":1440,\"height\":864,\"caption\":\"Muere el bajista de The Stone Roses, Gary 'Mani' Mounfield, a los 63 a\u00f1os\"},{\"@type\":\"BreadcrumbList\",\"@id\":\"https:\/\/web.consaguirre.com.ar\/noticias\/muere-el-bajista-de-the-stone-roses-gary-mani-mounfield-a-los-63-anos\/#breadcrumb\",\"itemListElement\":[{\"@type\":\"ListItem\",\"position\":1,\"name\":\"Inicio\",\"item\":\"https:\/\/web.consaguirre.com.ar\/noticias\/\"},{\"@type\":\"ListItem\",\"position\":2,\"name\":\"Muere el bajista de The Stone Roses, Gary &#8216;Mani&#8217; Mounfield, a los 63 a\u00f1os\"}]},{\"@type\":\"WebSite\",\"@id\":\"https:\/\/web.consaguirre.com.ar\/noticias\/#website\",\"url\":\"https:\/\/web.consaguirre.com.ar\/noticias\/\",\"name\":\"Conservatorio de M\u00fasica Juli\u00e1n Aguirre\",\"description\":\"\",\"publisher\":{\"@id\":\"https:\/\/web.consaguirre.com.ar\/noticias\/#organization\"},\"potentialAction\":[{\"@type\":\"SearchAction\",\"target\":{\"@type\":\"EntryPoint\",\"urlTemplate\":\"https:\/\/web.consaguirre.com.ar\/noticias\/?s={search_term_string}\"},\"query-input\":\"required name=search_term_string\"}],\"inLanguage\":\"es-AR\"},{\"@type\":\"Organization\",\"@id\":\"https:\/\/web.consaguirre.com.ar\/noticias\/#organization\",\"name\":\"Conservatorio de M\u00fasica Juli\u00e1n Aguirre\",\"url\":\"https:\/\/web.consaguirre.com.ar\/noticias\/\",\"logo\":{\"@type\":\"ImageObject\",\"inLanguage\":\"es-AR\",\"@id\":\"https:\/\/web.consaguirre.com.ar\/noticias\/#\/schema\/logo\/image\/\",\"url\":\"https:\/\/web.consaguirre.com.ar\/noticias\/wp-content\/uploads\/2024\/08\/Banner-Aguirre-23.jpg\",\"contentUrl\":\"https:\/\/web.consaguirre.com.ar\/noticias\/wp-content\/uploads\/2024\/08\/Banner-Aguirre-23.jpg\",\"width\":1192,\"height\":600,\"caption\":\"Conservatorio de M\u00fasica Juli\u00e1n Aguirre\"},\"image\":{\"@id\":\"https:\/\/web.consaguirre.com.ar\/noticias\/#\/schema\/logo\/image\/\"}},{\"@type\":\"Person\",\"@id\":\"https:\/\/web.consaguirre.com.ar\/noticias\/#\/schema\/person\/6558b0cfedee7ddc5425602b237d5722\",\"name\":\"Javier Figueroa\",\"image\":{\"@type\":\"ImageObject\",\"inLanguage\":\"es-AR\",\"@id\":\"https:\/\/web.consaguirre.com.ar\/noticias\/#\/schema\/person\/image\/\",\"url\":\"https:\/\/web.consaguirre.com.ar\/noticias\/wp-content\/uploads\/2024\/08\/Consaguirre-scaled.jpg\",\"contentUrl\":\"https:\/\/web.consaguirre.com.ar\/noticias\/wp-content\/uploads\/2024\/08\/Consaguirre-scaled.jpg\",\"caption\":\"Javier Figueroa\"},\"description\":\"Me llamo Javier Figueroa y soy redactor para el sitio oficial del Conservatorio de M\u00fasica Juli\u00e1n Aguirre en Buenos Aires, consaguirre.com. Apasionado por la m\u00fasica y la escritura, me esfuerzo por destacar los talentos y eventos de nuestra prestigiosa instituci\u00f3n. Mi trayectoria se nutre de una profunda admiraci\u00f3n por los artistas, haciendo de cada art\u00edculo una celebraci\u00f3n de la creatividad y la cultura musical.\",\"sameAs\":[\"https:\/\/web.consaguirre.com.ar\/noticias\"]}]}<\/script>\n<!-- \/ Yoast SEO plugin. -->","yoast_head_json":{"title":"Muere el bajista de The Stone Roses, Gary 'Mani' Mounfield, a los 63 a\u00f1os","robots":{"index":"index","follow":"follow","max-snippet":"max-snippet:-1","max-image-preview":"max-image-preview:large","max-video-preview":"max-video-preview:-1"},"canonical":"https:\/\/web.consaguirre.com.ar\/noticias\/muere-el-bajista-de-the-stone-roses-gary-mani-mounfield-a-los-63-anos\/","og_locale":"es_ES","og_type":"article","og_title":"Muere el bajista de The Stone Roses, Gary 'Mani' Mounfield, a los 63 a\u00f1os","og_description":"Gary \u201cMani\u201d Mounfield, bajista de la banda de rock inglesa The Stone Roses desde 1987, falleci\u00f3. Su hermano Greg comparti\u00f3 la noticia en Facebook y","og_url":"https:\/\/web.consaguirre.com.ar\/noticias\/muere-el-bajista-de-the-stone-roses-gary-mani-mounfield-a-los-63-anos\/","og_site_name":"Conservatorio de M\u00fasica Juli\u00e1n Aguirre","article_published_time":"2025-11-20T17:44:10+00:00","article_modified_time":"2025-11-20T17:44:11+00:00","og_image":[{"width":1440,"height":864,"url":"https:\/\/web.consaguirre.com.ar\/noticias\/wp-content\/uploads\/2025\/11\/Muere-el-bajista-de-The-Stone-Roses-Gary-Mani-Mounfield.jpg","type":"image\/jpeg"}],"author":"Javier Figueroa","twitter_card":"summary_large_image","twitter_misc":{"Escrito por":"Javier Figueroa","Tiempo de lectura":"2 minutos"},"schema":{"@context":"https:\/\/schema.org","@graph":[{"@type":"Article","@id":"https:\/\/web.consaguirre.com.ar\/noticias\/muere-el-bajista-de-the-stone-roses-gary-mani-mounfield-a-los-63-anos\/#article","isPartOf":{"@id":"https:\/\/web.consaguirre.com.ar\/noticias\/muere-el-bajista-de-the-stone-roses-gary-mani-mounfield-a-los-63-anos\/"},"author":{"name":"Javier Figueroa","@id":"https:\/\/web.consaguirre.com.ar\/noticias\/#\/schema\/person\/6558b0cfedee7ddc5425602b237d5722"},"headline":"Muere el bajista de The Stone Roses, Gary &#8216;Mani&#8217; Mounfield, a los 63 a\u00f1os","datePublished":"2025-11-20T17:44:10+00:00","dateModified":"2025-11-20T17:44:11+00:00","mainEntityOfPage":{"@id":"https:\/\/web.consaguirre.com.ar\/noticias\/muere-el-bajista-de-the-stone-roses-gary-mani-mounfield-a-los-63-anos\/"},"wordCount":414,"publisher":{"@id":"https:\/\/web.consaguirre.com.ar\/noticias\/#organization"},"image":{"@id":"https:\/\/web.consaguirre.com.ar\/noticias\/muere-el-bajista-de-the-stone-roses-gary-mani-mounfield-a-los-63-anos\/#primaryimage"},"thumbnailUrl":"https:\/\/web.consaguirre.com.ar\/noticias\/wp-content\/uploads\/2025\/11\/Muere-el-bajista-de-The-Stone-Roses-Gary-Mani-Mounfield.jpg","keywords":["a\u00f1os","bajista","Gary","los","Mani","Mounfield","muere","Roses","Stone"],"articleSection":["El \u00faltimo"],"inLanguage":"es-AR"},{"@type":"WebPage","@id":"https:\/\/web.consaguirre.com.ar\/noticias\/muere-el-bajista-de-the-stone-roses-gary-mani-mounfield-a-los-63-anos\/","url":"https:\/\/web.consaguirre.com.ar\/noticias\/muere-el-bajista-de-the-stone-roses-gary-mani-mounfield-a-los-63-anos\/","name":"Muere el bajista de The Stone Roses, Gary 'Mani' Mounfield, a los 63 a\u00f1os","isPartOf":{"@id":"https:\/\/web.consaguirre.com.ar\/noticias\/#website"},"primaryImageOfPage":{"@id":"https:\/\/web.consaguirre.com.ar\/noticias\/muere-el-bajista-de-the-stone-roses-gary-mani-mounfield-a-los-63-anos\/#primaryimage"},"image":{"@id":"https:\/\/web.consaguirre.com.ar\/noticias\/muere-el-bajista-de-the-stone-roses-gary-mani-mounfield-a-los-63-anos\/#primaryimage"},"thumbnailUrl":"https:\/\/web.consaguirre.com.ar\/noticias\/wp-content\/uploads\/2025\/11\/Muere-el-bajista-de-The-Stone-Roses-Gary-Mani-Mounfield.jpg","datePublished":"2025-11-20T17:44:10+00:00","dateModified":"2025-11-20T17:44:11+00:00","breadcrumb":{"@id":"https:\/\/web.consaguirre.com.ar\/noticias\/muere-el-bajista-de-the-stone-roses-gary-mani-mounfield-a-los-63-anos\/#breadcrumb"},"inLanguage":"es-AR","potentialAction":[{"@type":"ReadAction","target":["https:\/\/web.consaguirre.com.ar\/noticias\/muere-el-bajista-de-the-stone-roses-gary-mani-mounfield-a-los-63-anos\/"]}]},{"@type":"ImageObject","inLanguage":"es-AR","@id":"https:\/\/web.consaguirre.com.ar\/noticias\/muere-el-bajista-de-the-stone-roses-gary-mani-mounfield-a-los-63-anos\/#primaryimage","url":"https:\/\/web.consaguirre.com.ar\/noticias\/wp-content\/uploads\/2025\/11\/Muere-el-bajista-de-The-Stone-Roses-Gary-Mani-Mounfield.jpg","contentUrl":"https:\/\/web.consaguirre.com.ar\/noticias\/wp-content\/uploads\/2025\/11\/Muere-el-bajista-de-The-Stone-Roses-Gary-Mani-Mounfield.jpg","width":1440,"height":864,"caption":"Muere el bajista de The Stone Roses, Gary 'Mani' Mounfield, a los 63 a\u00f1os"},{"@type":"BreadcrumbList","@id":"https:\/\/web.consaguirre.com.ar\/noticias\/muere-el-bajista-de-the-stone-roses-gary-mani-mounfield-a-los-63-anos\/#breadcrumb","itemListElement":[{"@type":"ListItem","position":1,"name":"Inicio","item":"https:\/\/web.consaguirre.com.ar\/noticias\/"},{"@type":"ListItem","position":2,"name":"Muere el bajista de The Stone Roses, Gary &#8216;Mani&#8217; Mounfield, a los 63 a\u00f1os"}]},{"@type":"WebSite","@id":"https:\/\/web.consaguirre.com.ar\/noticias\/#website","url":"https:\/\/web.consaguirre.com.ar\/noticias\/","name":"Conservatorio de M\u00fasica Juli\u00e1n Aguirre","description":"","publisher":{"@id":"https:\/\/web.consaguirre.com.ar\/noticias\/#organization"},"potentialAction":[{"@type":"SearchAction","target":{"@type":"EntryPoint","urlTemplate":"https:\/\/web.consaguirre.com.ar\/noticias\/?s={search_term_string}"},"query-input":"required name=search_term_string"}],"inLanguage":"es-AR"},{"@type":"Organization","@id":"https:\/\/web.consaguirre.com.ar\/noticias\/#organization","name":"Conservatorio de M\u00fasica Juli\u00e1n Aguirre","url":"https:\/\/web.consaguirre.com.ar\/noticias\/","logo":{"@type":"ImageObject","inLanguage":"es-AR","@id":"https:\/\/web.consaguirre.com.ar\/noticias\/#\/schema\/logo\/image\/","url":"https:\/\/web.consaguirre.com.ar\/noticias\/wp-content\/uploads\/2024\/08\/Banner-Aguirre-23.jpg","contentUrl":"https:\/\/web.consaguirre.com.ar\/noticias\/wp-content\/uploads\/2024\/08\/Banner-Aguirre-23.jpg","width":1192,"height":600,"caption":"Conservatorio de M\u00fasica Juli\u00e1n Aguirre"},"image":{"@id":"https:\/\/web.consaguirre.com.ar\/noticias\/#\/schema\/logo\/image\/"}},{"@type":"Person","@id":"https:\/\/web.consaguirre.com.ar\/noticias\/#\/schema\/person\/6558b0cfedee7ddc5425602b237d5722","name":"Javier Figueroa","image":{"@type":"ImageObject","inLanguage":"es-AR","@id":"https:\/\/web.consaguirre.com.ar\/noticias\/#\/schema\/person\/image\/","url":"https:\/\/web.consaguirre.com.ar\/noticias\/wp-content\/uploads\/2024\/08\/Consaguirre-scaled.jpg","contentUrl":"https:\/\/web.consaguirre.com.ar\/noticias\/wp-content\/uploads\/2024\/08\/Consaguirre-scaled.jpg","caption":"Javier Figueroa"},"description":"Me llamo Javier Figueroa y soy redactor para el sitio oficial del Conservatorio de M\u00fasica Juli\u00e1n Aguirre en Buenos Aires, consaguirre.com. Apasionado por la m\u00fasica y la escritura, me esfuerzo por destacar los talentos y eventos de nuestra prestigiosa instituci\u00f3n. Mi trayectoria se nutre de una profunda admiraci\u00f3n por los artistas, haciendo de cada art\u00edculo una celebraci\u00f3n de la creatividad y la cultura musical.","sameAs":["https:\/\/web.consaguirre.com.ar\/noticias"]}]}},"_links":{"self":[{"href":"https:\/\/web.consaguirre.com.ar\/noticias\/wp-json\/wp\/v2\/posts\/4410"}],"collection":[{"href":"https:\/\/web.consaguirre.com.ar\/noticias\/wp-json\/wp\/v2\/posts"}],"about":[{"href":"https:\/\/web.consaguirre.com.ar\/noticias\/wp-json\/wp\/v2\/types\/post"}],"author":[{"embeddable":true,"href":"https:\/\/web.consaguirre.com.ar\/noticias\/wp-json\/wp\/v2\/users\/1"}],"replies":[{"embeddable":true,"href":"https:\/\/web.consaguirre.com.ar\/noticias\/wp-json\/wp\/v2\/comments?post=4410"}],"version-history":[{"count":1,"href":"https:\/\/web.consaguirre.com.ar\/noticias\/wp-json\/wp\/v2\/posts\/4410\/revisions"}],"predecessor-version":[{"id":4412,"href":"https:\/\/web.consaguirre.com.ar\/noticias\/wp-json\/wp\/v2\/posts\/4410\/revisions\/4412"}],"wp:featuredmedia":[{"embeddable":true,"href":"https:\/\/web.consaguirre.com.ar\/noticias\/wp-json\/wp\/v2\/media\/4411"}],"wp:attachment":[{"href":"https:\/\/web.consaguirre.com.ar\/noticias\/wp-json\/wp\/v2\/media?parent=4410"}],"wp:term":[{"taxonomy":"category","embeddable":true,"href":"https:\/\/web.consaguirre.com.ar\/noticias\/wp-json\/wp\/v2\/categories?post=4410"},{"taxonomy":"post_tag","embeddable":true,"href":"https:\/\/web.consaguirre.com.ar\/noticias\/wp-json\/wp\/v2\/tags?post=4410"}],"curies":[{"name":"wp","href":"https:\/\/api.w.org\/{rel}","templated":true}]}}