{"id":440,"date":"2024-09-04T07:38:45","date_gmt":"2024-09-04T10:38:45","guid":{"rendered":"https:\/\/web.consaguirre.com.ar\/noticias\/taylor-swift-lidera-las-nominaciones-a-los-mtv-vma-con-10\/"},"modified":"2024-09-08T16:27:48","modified_gmt":"2024-09-08T19:27:48","slug":"taylor-swift-lidera-las-nominaciones-a-los-mtv-vma-con-10","status":"publish","type":"post","link":"https:\/\/web.consaguirre.com.ar\/noticias\/taylor-swift-lidera-las-nominaciones-a-los-mtv-vma-con-10\/","title":{"rendered":"Taylor Swift lidera las nominaciones a los MTV VMA con 10"},"content":{"rendered":"<p><strong>Taylor Swift<\/strong> ha sido anunciado como el principal nominado a los Video Music Awards 2024 de MTV, obteniendo 10 nominaciones en varias categor\u00edas.<\/p>\n<p><strong>Poste Malone<\/strong> le sigue de cerca con nueve nominaciones, mientras que <strong>Sabrina Carpintero<\/strong>, <strong>Eminem<\/strong>y <strong>Ariana Grande<\/strong> empatados en el tercer lugar entre los finalistas de los VMAs, con seis nominaciones cada uno.<\/p>\n<p>Otros artistas que recibieron m\u00faltiples nominaciones incluyen <strong>Olivia Rodrigo<\/strong>, <strong>Lisa de BLACKPINK<\/strong>, <strong>Anita<\/strong>, <strong>Glorilla<\/strong>y m\u00e1s. Los VMAs se transmitir\u00e1n en vivo desde el UBS Arena el 10 de septiembre a las 8 p. m., hora del Este\/hora del Pac\u00edfico.<\/p>\n<p>Esta es la primera vez que la entrega de premios se lleva a cabo en este lugar en particular, ya que anteriormente se llev\u00f3 a cabo en el Prudential Center de Nueva Jersey. A\u00fan no se ha anunciado qui\u00e9n ser\u00e1 el anfitri\u00f3n de la ceremonia.<\/p>\n<p>Taylor recibi\u00f3 nominaciones en las siguientes categor\u00edas: Video del a\u00f1o (por \u201cFortnight\u201d con la asistencia de Post Malone), Artista del a\u00f1o, Canci\u00f3n del a\u00f1o (tambi\u00e9n por \u201cFortnight\u201d), Mejor colaboraci\u00f3n (una vez m\u00e1s por \u201cFortnight\u201d), Mejor pop, Mejor direcci\u00f3n (por el video de \u201cFortnight\u201d), Mejor fotograf\u00eda (\u201cFortnight\u201d), Mejor edici\u00f3n (\u201cFortnight\u201d), Mejores efectos visuales (\u201cFortnight\u201d) y Mejor direcci\u00f3n art\u00edstica (\u201cFortnight\u201d).<\/p>\n<p>&#8220;Fortnight&#8221; forma parte del muy esperado und\u00e9cimo \u00e1lbum de estudio de Taylor, <strong><em>El Departamento de Poetas Torturados: La Antolog\u00eda<\/em><\/strong>Al m\u00e1s puro estilo de Taylor, el \u00e1lbum lleg\u00f3 acompa\u00f1ado de una gran sorpresa.<\/p>\n<p>El \u00e1lbum se lanz\u00f3 originalmente como un \u00e1lbum de 16 pistas, antes de que Taylor revelara que el \u00e1lbum es, de hecho, un \u00e1lbum doble de 31 pistas.<\/p>\n","protected":false},"excerpt":{"rendered":"<p>Taylor Swift ha sido anunciado como el principal nominado a los Video Music Awards 2024 de MTV, obteniendo 10 nominaciones en varias categor\u00edas. Poste Malone<\/p>\n","protected":false},"author":1,"featured_media":441,"comment_status":"closed","ping_status":"open","sticky":false,"template":"","format":"standard","meta":{"footnotes":""},"categories":[50],"tags":[32,18,480,180,308,481,479,172,482],"class_list":["post-440","post","type-post","status-publish","format-standard","has-post-thumbnail","hentry","category-el-ultimo","tag-con","tag-las","tag-lidera","tag-los","tag-mtv","tag-nominaciones","tag-swift","tag-taylor","tag-vma","generate-columns","tablet-grid-50","mobile-grid-100","grid-parent","grid-50"],"yoast_head":"<!-- This site is optimized with the Yoast SEO plugin v23.3 - https:\/\/yoast.com\/wordpress\/plugins\/seo\/ -->\n<title>Taylor Swift lidera las nominaciones a los MTV VMA con 10<\/title>\n<meta name=\"robots\" content=\"index, follow, max-snippet:-1, max-image-preview:large, max-video-preview:-1\" \/>\n<link rel=\"canonical\" href=\"https:\/\/web.consaguirre.com.ar\/noticias\/taylor-swift-lidera-las-nominaciones-a-los-mtv-vma-con-10\/\" \/>\n<meta property=\"og:locale\" content=\"es_ES\" \/>\n<meta property=\"og:type\" content=\"article\" \/>\n<meta property=\"og:title\" content=\"Taylor Swift lidera las nominaciones a los MTV VMA con 10\" \/>\n<meta property=\"og:description\" content=\"Taylor Swift ha sido anunciado como el principal nominado a los Video Music Awards 2024 de MTV, obteniendo 10 nominaciones en varias categor\u00edas. Poste Malone\" \/>\n<meta property=\"og:url\" content=\"https:\/\/web.consaguirre.com.ar\/noticias\/taylor-swift-lidera-las-nominaciones-a-los-mtv-vma-con-10\/\" \/>\n<meta property=\"og:site_name\" content=\"Conservatorio de M\u00fasica Juli\u00e1n Aguirre\" \/>\n<meta property=\"article:published_time\" content=\"2024-09-04T10:38:45+00:00\" \/>\n<meta property=\"article:modified_time\" content=\"2024-09-08T19:27:48+00:00\" \/>\n<meta property=\"og:image\" content=\"https:\/\/web.consaguirre.com.ar\/noticias\/wp-content\/uploads\/2024\/09\/Taylor-Swift-lidera-las-nominaciones-a-los-MTV-VMA-con.jpg\" \/>\n\t<meta property=\"og:image:width\" content=\"1440\" \/>\n\t<meta property=\"og:image:height\" content=\"864\" \/>\n\t<meta property=\"og:image:type\" content=\"image\/jpeg\" \/>\n<meta name=\"author\" content=\"Javier Figueroa\" \/>\n<meta name=\"twitter:card\" content=\"summary_large_image\" \/>\n<meta name=\"twitter:label1\" content=\"Escrito por\" \/>\n\t<meta name=\"twitter:data1\" content=\"Javier Figueroa\" \/>\n\t<meta name=\"twitter:label2\" content=\"Tiempo de lectura\" \/>\n\t<meta name=\"twitter:data2\" content=\"1 minuto\" \/>\n<script type=\"application\/ld+json\" class=\"yoast-schema-graph\">{\"@context\":\"https:\/\/schema.org\",\"@graph\":[{\"@type\":\"Article\",\"@id\":\"https:\/\/web.consaguirre.com.ar\/noticias\/taylor-swift-lidera-las-nominaciones-a-los-mtv-vma-con-10\/#article\",\"isPartOf\":{\"@id\":\"https:\/\/web.consaguirre.com.ar\/noticias\/taylor-swift-lidera-las-nominaciones-a-los-mtv-vma-con-10\/\"},\"author\":{\"name\":\"Javier Figueroa\",\"@id\":\"https:\/\/web.consaguirre.com.ar\/noticias\/#\/schema\/person\/6558b0cfedee7ddc5425602b237d5722\"},\"headline\":\"Taylor Swift lidera las nominaciones a los MTV VMA con 10\",\"datePublished\":\"2024-09-04T10:38:45+00:00\",\"dateModified\":\"2024-09-08T19:27:48+00:00\",\"mainEntityOfPage\":{\"@id\":\"https:\/\/web.consaguirre.com.ar\/noticias\/taylor-swift-lidera-las-nominaciones-a-los-mtv-vma-con-10\/\"},\"wordCount\":288,\"publisher\":{\"@id\":\"https:\/\/web.consaguirre.com.ar\/noticias\/#organization\"},\"image\":{\"@id\":\"https:\/\/web.consaguirre.com.ar\/noticias\/taylor-swift-lidera-las-nominaciones-a-los-mtv-vma-con-10\/#primaryimage\"},\"thumbnailUrl\":\"https:\/\/web.consaguirre.com.ar\/noticias\/wp-content\/uploads\/2024\/09\/Taylor-Swift-lidera-las-nominaciones-a-los-MTV-VMA-con.jpg\",\"keywords\":[\"con\",\"las\",\"lidera\",\"los\",\"MTV\",\"nominaciones\",\"Swift\",\"Taylor\",\"VMA\"],\"articleSection\":[\"El \u00faltimo\"],\"inLanguage\":\"es-AR\"},{\"@type\":\"WebPage\",\"@id\":\"https:\/\/web.consaguirre.com.ar\/noticias\/taylor-swift-lidera-las-nominaciones-a-los-mtv-vma-con-10\/\",\"url\":\"https:\/\/web.consaguirre.com.ar\/noticias\/taylor-swift-lidera-las-nominaciones-a-los-mtv-vma-con-10\/\",\"name\":\"Taylor Swift lidera las nominaciones a los MTV VMA con 10\",\"isPartOf\":{\"@id\":\"https:\/\/web.consaguirre.com.ar\/noticias\/#website\"},\"primaryImageOfPage\":{\"@id\":\"https:\/\/web.consaguirre.com.ar\/noticias\/taylor-swift-lidera-las-nominaciones-a-los-mtv-vma-con-10\/#primaryimage\"},\"image\":{\"@id\":\"https:\/\/web.consaguirre.com.ar\/noticias\/taylor-swift-lidera-las-nominaciones-a-los-mtv-vma-con-10\/#primaryimage\"},\"thumbnailUrl\":\"https:\/\/web.consaguirre.com.ar\/noticias\/wp-content\/uploads\/2024\/09\/Taylor-Swift-lidera-las-nominaciones-a-los-MTV-VMA-con.jpg\",\"datePublished\":\"2024-09-04T10:38:45+00:00\",\"dateModified\":\"2024-09-08T19:27:48+00:00\",\"breadcrumb\":{\"@id\":\"https:\/\/web.consaguirre.com.ar\/noticias\/taylor-swift-lidera-las-nominaciones-a-los-mtv-vma-con-10\/#breadcrumb\"},\"inLanguage\":\"es-AR\",\"potentialAction\":[{\"@type\":\"ReadAction\",\"target\":[\"https:\/\/web.consaguirre.com.ar\/noticias\/taylor-swift-lidera-las-nominaciones-a-los-mtv-vma-con-10\/\"]}]},{\"@type\":\"ImageObject\",\"inLanguage\":\"es-AR\",\"@id\":\"https:\/\/web.consaguirre.com.ar\/noticias\/taylor-swift-lidera-las-nominaciones-a-los-mtv-vma-con-10\/#primaryimage\",\"url\":\"https:\/\/web.consaguirre.com.ar\/noticias\/wp-content\/uploads\/2024\/09\/Taylor-Swift-lidera-las-nominaciones-a-los-MTV-VMA-con.jpg\",\"contentUrl\":\"https:\/\/web.consaguirre.com.ar\/noticias\/wp-content\/uploads\/2024\/09\/Taylor-Swift-lidera-las-nominaciones-a-los-MTV-VMA-con.jpg\",\"width\":1440,\"height\":864,\"caption\":\"Taylor Swift - Photo: Kevin Mazur\/Getty Images for MTV\"},{\"@type\":\"BreadcrumbList\",\"@id\":\"https:\/\/web.consaguirre.com.ar\/noticias\/taylor-swift-lidera-las-nominaciones-a-los-mtv-vma-con-10\/#breadcrumb\",\"itemListElement\":[{\"@type\":\"ListItem\",\"position\":1,\"name\":\"Inicio\",\"item\":\"https:\/\/web.consaguirre.com.ar\/noticias\/\"},{\"@type\":\"ListItem\",\"position\":2,\"name\":\"Taylor Swift lidera las nominaciones a los MTV VMA con 10\"}]},{\"@type\":\"WebSite\",\"@id\":\"https:\/\/web.consaguirre.com.ar\/noticias\/#website\",\"url\":\"https:\/\/web.consaguirre.com.ar\/noticias\/\",\"name\":\"Conservatorio de M\u00fasica Juli\u00e1n Aguirre\",\"description\":\"\",\"publisher\":{\"@id\":\"https:\/\/web.consaguirre.com.ar\/noticias\/#organization\"},\"potentialAction\":[{\"@type\":\"SearchAction\",\"target\":{\"@type\":\"EntryPoint\",\"urlTemplate\":\"https:\/\/web.consaguirre.com.ar\/noticias\/?s={search_term_string}\"},\"query-input\":\"required name=search_term_string\"}],\"inLanguage\":\"es-AR\"},{\"@type\":\"Organization\",\"@id\":\"https:\/\/web.consaguirre.com.ar\/noticias\/#organization\",\"name\":\"Conservatorio de M\u00fasica Juli\u00e1n Aguirre\",\"url\":\"https:\/\/web.consaguirre.com.ar\/noticias\/\",\"logo\":{\"@type\":\"ImageObject\",\"inLanguage\":\"es-AR\",\"@id\":\"https:\/\/web.consaguirre.com.ar\/noticias\/#\/schema\/logo\/image\/\",\"url\":\"https:\/\/web.consaguirre.com.ar\/noticias\/wp-content\/uploads\/2024\/08\/Banner-Aguirre-23.jpg\",\"contentUrl\":\"https:\/\/web.consaguirre.com.ar\/noticias\/wp-content\/uploads\/2024\/08\/Banner-Aguirre-23.jpg\",\"width\":1192,\"height\":600,\"caption\":\"Conservatorio de M\u00fasica Juli\u00e1n Aguirre\"},\"image\":{\"@id\":\"https:\/\/web.consaguirre.com.ar\/noticias\/#\/schema\/logo\/image\/\"}},{\"@type\":\"Person\",\"@id\":\"https:\/\/web.consaguirre.com.ar\/noticias\/#\/schema\/person\/6558b0cfedee7ddc5425602b237d5722\",\"name\":\"Javier Figueroa\",\"image\":{\"@type\":\"ImageObject\",\"inLanguage\":\"es-AR\",\"@id\":\"https:\/\/web.consaguirre.com.ar\/noticias\/#\/schema\/person\/image\/\",\"url\":\"https:\/\/web.consaguirre.com.ar\/noticias\/wp-content\/uploads\/2024\/08\/Consaguirre-scaled.jpg\",\"contentUrl\":\"https:\/\/web.consaguirre.com.ar\/noticias\/wp-content\/uploads\/2024\/08\/Consaguirre-scaled.jpg\",\"caption\":\"Javier Figueroa\"},\"description\":\"Me llamo Javier Figueroa y soy redactor para el sitio oficial del Conservatorio de M\u00fasica Juli\u00e1n Aguirre en Buenos Aires, consaguirre.com. Apasionado por la m\u00fasica y la escritura, me esfuerzo por destacar los talentos y eventos de nuestra prestigiosa instituci\u00f3n. Mi trayectoria se nutre de una profunda admiraci\u00f3n por los artistas, haciendo de cada art\u00edculo una celebraci\u00f3n de la creatividad y la cultura musical.\",\"sameAs\":[\"https:\/\/web.consaguirre.com.ar\/noticias\"]}]}<\/script>\n<!-- \/ Yoast SEO plugin. -->","yoast_head_json":{"title":"Taylor Swift lidera las nominaciones a los MTV VMA con 10","robots":{"index":"index","follow":"follow","max-snippet":"max-snippet:-1","max-image-preview":"max-image-preview:large","max-video-preview":"max-video-preview:-1"},"canonical":"https:\/\/web.consaguirre.com.ar\/noticias\/taylor-swift-lidera-las-nominaciones-a-los-mtv-vma-con-10\/","og_locale":"es_ES","og_type":"article","og_title":"Taylor Swift lidera las nominaciones a los MTV VMA con 10","og_description":"Taylor Swift ha sido anunciado como el principal nominado a los Video Music Awards 2024 de MTV, obteniendo 10 nominaciones en varias categor\u00edas. Poste Malone","og_url":"https:\/\/web.consaguirre.com.ar\/noticias\/taylor-swift-lidera-las-nominaciones-a-los-mtv-vma-con-10\/","og_site_name":"Conservatorio de M\u00fasica Juli\u00e1n Aguirre","article_published_time":"2024-09-04T10:38:45+00:00","article_modified_time":"2024-09-08T19:27:48+00:00","og_image":[{"width":1440,"height":864,"url":"https:\/\/web.consaguirre.com.ar\/noticias\/wp-content\/uploads\/2024\/09\/Taylor-Swift-lidera-las-nominaciones-a-los-MTV-VMA-con.jpg","type":"image\/jpeg"}],"author":"Javier Figueroa","twitter_card":"summary_large_image","twitter_misc":{"Escrito por":"Javier Figueroa","Tiempo de lectura":"1 minuto"},"schema":{"@context":"https:\/\/schema.org","@graph":[{"@type":"Article","@id":"https:\/\/web.consaguirre.com.ar\/noticias\/taylor-swift-lidera-las-nominaciones-a-los-mtv-vma-con-10\/#article","isPartOf":{"@id":"https:\/\/web.consaguirre.com.ar\/noticias\/taylor-swift-lidera-las-nominaciones-a-los-mtv-vma-con-10\/"},"author":{"name":"Javier Figueroa","@id":"https:\/\/web.consaguirre.com.ar\/noticias\/#\/schema\/person\/6558b0cfedee7ddc5425602b237d5722"},"headline":"Taylor Swift lidera las nominaciones a los MTV VMA con 10","datePublished":"2024-09-04T10:38:45+00:00","dateModified":"2024-09-08T19:27:48+00:00","mainEntityOfPage":{"@id":"https:\/\/web.consaguirre.com.ar\/noticias\/taylor-swift-lidera-las-nominaciones-a-los-mtv-vma-con-10\/"},"wordCount":288,"publisher":{"@id":"https:\/\/web.consaguirre.com.ar\/noticias\/#organization"},"image":{"@id":"https:\/\/web.consaguirre.com.ar\/noticias\/taylor-swift-lidera-las-nominaciones-a-los-mtv-vma-con-10\/#primaryimage"},"thumbnailUrl":"https:\/\/web.consaguirre.com.ar\/noticias\/wp-content\/uploads\/2024\/09\/Taylor-Swift-lidera-las-nominaciones-a-los-MTV-VMA-con.jpg","keywords":["con","las","lidera","los","MTV","nominaciones","Swift","Taylor","VMA"],"articleSection":["El \u00faltimo"],"inLanguage":"es-AR"},{"@type":"WebPage","@id":"https:\/\/web.consaguirre.com.ar\/noticias\/taylor-swift-lidera-las-nominaciones-a-los-mtv-vma-con-10\/","url":"https:\/\/web.consaguirre.com.ar\/noticias\/taylor-swift-lidera-las-nominaciones-a-los-mtv-vma-con-10\/","name":"Taylor Swift lidera las nominaciones a los MTV VMA con 10","isPartOf":{"@id":"https:\/\/web.consaguirre.com.ar\/noticias\/#website"},"primaryImageOfPage":{"@id":"https:\/\/web.consaguirre.com.ar\/noticias\/taylor-swift-lidera-las-nominaciones-a-los-mtv-vma-con-10\/#primaryimage"},"image":{"@id":"https:\/\/web.consaguirre.com.ar\/noticias\/taylor-swift-lidera-las-nominaciones-a-los-mtv-vma-con-10\/#primaryimage"},"thumbnailUrl":"https:\/\/web.consaguirre.com.ar\/noticias\/wp-content\/uploads\/2024\/09\/Taylor-Swift-lidera-las-nominaciones-a-los-MTV-VMA-con.jpg","datePublished":"2024-09-04T10:38:45+00:00","dateModified":"2024-09-08T19:27:48+00:00","breadcrumb":{"@id":"https:\/\/web.consaguirre.com.ar\/noticias\/taylor-swift-lidera-las-nominaciones-a-los-mtv-vma-con-10\/#breadcrumb"},"inLanguage":"es-AR","potentialAction":[{"@type":"ReadAction","target":["https:\/\/web.consaguirre.com.ar\/noticias\/taylor-swift-lidera-las-nominaciones-a-los-mtv-vma-con-10\/"]}]},{"@type":"ImageObject","inLanguage":"es-AR","@id":"https:\/\/web.consaguirre.com.ar\/noticias\/taylor-swift-lidera-las-nominaciones-a-los-mtv-vma-con-10\/#primaryimage","url":"https:\/\/web.consaguirre.com.ar\/noticias\/wp-content\/uploads\/2024\/09\/Taylor-Swift-lidera-las-nominaciones-a-los-MTV-VMA-con.jpg","contentUrl":"https:\/\/web.consaguirre.com.ar\/noticias\/wp-content\/uploads\/2024\/09\/Taylor-Swift-lidera-las-nominaciones-a-los-MTV-VMA-con.jpg","width":1440,"height":864,"caption":"Taylor Swift - Photo: Kevin Mazur\/Getty Images for MTV"},{"@type":"BreadcrumbList","@id":"https:\/\/web.consaguirre.com.ar\/noticias\/taylor-swift-lidera-las-nominaciones-a-los-mtv-vma-con-10\/#breadcrumb","itemListElement":[{"@type":"ListItem","position":1,"name":"Inicio","item":"https:\/\/web.consaguirre.com.ar\/noticias\/"},{"@type":"ListItem","position":2,"name":"Taylor Swift lidera las nominaciones a los MTV VMA con 10"}]},{"@type":"WebSite","@id":"https:\/\/web.consaguirre.com.ar\/noticias\/#website","url":"https:\/\/web.consaguirre.com.ar\/noticias\/","name":"Conservatorio de M\u00fasica Juli\u00e1n Aguirre","description":"","publisher":{"@id":"https:\/\/web.consaguirre.com.ar\/noticias\/#organization"},"potentialAction":[{"@type":"SearchAction","target":{"@type":"EntryPoint","urlTemplate":"https:\/\/web.consaguirre.com.ar\/noticias\/?s={search_term_string}"},"query-input":"required name=search_term_string"}],"inLanguage":"es-AR"},{"@type":"Organization","@id":"https:\/\/web.consaguirre.com.ar\/noticias\/#organization","name":"Conservatorio de M\u00fasica Juli\u00e1n Aguirre","url":"https:\/\/web.consaguirre.com.ar\/noticias\/","logo":{"@type":"ImageObject","inLanguage":"es-AR","@id":"https:\/\/web.consaguirre.com.ar\/noticias\/#\/schema\/logo\/image\/","url":"https:\/\/web.consaguirre.com.ar\/noticias\/wp-content\/uploads\/2024\/08\/Banner-Aguirre-23.jpg","contentUrl":"https:\/\/web.consaguirre.com.ar\/noticias\/wp-content\/uploads\/2024\/08\/Banner-Aguirre-23.jpg","width":1192,"height":600,"caption":"Conservatorio de M\u00fasica Juli\u00e1n Aguirre"},"image":{"@id":"https:\/\/web.consaguirre.com.ar\/noticias\/#\/schema\/logo\/image\/"}},{"@type":"Person","@id":"https:\/\/web.consaguirre.com.ar\/noticias\/#\/schema\/person\/6558b0cfedee7ddc5425602b237d5722","name":"Javier Figueroa","image":{"@type":"ImageObject","inLanguage":"es-AR","@id":"https:\/\/web.consaguirre.com.ar\/noticias\/#\/schema\/person\/image\/","url":"https:\/\/web.consaguirre.com.ar\/noticias\/wp-content\/uploads\/2024\/08\/Consaguirre-scaled.jpg","contentUrl":"https:\/\/web.consaguirre.com.ar\/noticias\/wp-content\/uploads\/2024\/08\/Consaguirre-scaled.jpg","caption":"Javier Figueroa"},"description":"Me llamo Javier Figueroa y soy redactor para el sitio oficial del Conservatorio de M\u00fasica Juli\u00e1n Aguirre en Buenos Aires, consaguirre.com. Apasionado por la m\u00fasica y la escritura, me esfuerzo por destacar los talentos y eventos de nuestra prestigiosa instituci\u00f3n. Mi trayectoria se nutre de una profunda admiraci\u00f3n por los artistas, haciendo de cada art\u00edculo una celebraci\u00f3n de la creatividad y la cultura musical.","sameAs":["https:\/\/web.consaguirre.com.ar\/noticias"]}]}},"_links":{"self":[{"href":"https:\/\/web.consaguirre.com.ar\/noticias\/wp-json\/wp\/v2\/posts\/440"}],"collection":[{"href":"https:\/\/web.consaguirre.com.ar\/noticias\/wp-json\/wp\/v2\/posts"}],"about":[{"href":"https:\/\/web.consaguirre.com.ar\/noticias\/wp-json\/wp\/v2\/types\/post"}],"author":[{"embeddable":true,"href":"https:\/\/web.consaguirre.com.ar\/noticias\/wp-json\/wp\/v2\/users\/1"}],"replies":[{"embeddable":true,"href":"https:\/\/web.consaguirre.com.ar\/noticias\/wp-json\/wp\/v2\/comments?post=440"}],"version-history":[{"count":1,"href":"https:\/\/web.consaguirre.com.ar\/noticias\/wp-json\/wp\/v2\/posts\/440\/revisions"}],"predecessor-version":[{"id":442,"href":"https:\/\/web.consaguirre.com.ar\/noticias\/wp-json\/wp\/v2\/posts\/440\/revisions\/442"}],"wp:featuredmedia":[{"embeddable":true,"href":"https:\/\/web.consaguirre.com.ar\/noticias\/wp-json\/wp\/v2\/media\/441"}],"wp:attachment":[{"href":"https:\/\/web.consaguirre.com.ar\/noticias\/wp-json\/wp\/v2\/media?parent=440"}],"wp:term":[{"taxonomy":"category","embeddable":true,"href":"https:\/\/web.consaguirre.com.ar\/noticias\/wp-json\/wp\/v2\/categories?post=440"},{"taxonomy":"post_tag","embeddable":true,"href":"https:\/\/web.consaguirre.com.ar\/noticias\/wp-json\/wp\/v2\/tags?post=440"}],"curies":[{"name":"wp","href":"https:\/\/api.w.org\/{rel}","templated":true}]}}