{"id":4380,"date":"2025-11-17T20:38:28","date_gmt":"2025-11-17T23:38:28","guid":{"rendered":"https:\/\/web.consaguirre.com.ar\/noticias\/fallecio-el-cantautor-todd-snider\/"},"modified":"2025-11-17T20:38:29","modified_gmt":"2025-11-17T23:38:29","slug":"fallecio-el-cantautor-todd-snider","status":"publish","type":"post","link":"https:\/\/web.consaguirre.com.ar\/noticias\/fallecio-el-cantautor-todd-snider\/","title":{"rendered":"Falleci\u00f3 el cantautor Todd Snider"},"content":{"rendered":"<p>Muere Todd Snider, cantautor de country alternativo. El publicista de Snider confirm\u00f3 al <em>New York Times<\/em> que Snider hab\u00eda muerto el viernes 14 de noviembre en Nashville. La causa fue la neumon\u00eda. Snider ten\u00eda 59 a\u00f1os.<\/p>\n<p>&#8220;\u00bfC\u00f3mo podemos seguir adelante sin el que nos brind\u00f3 innumerables distracciones de 90 minutos de nuestra inminente perdici\u00f3n? El que siempre tuvo 18 minutos para compartir una historia&#8221;, escribi\u00f3 en las redes sociales su sello discogr\u00e1fico, Aimless, Inc. Headquarters. \u201cLo haremos llevando con nosotros sus historias y canciones que contienen mensajes de amor, compasi\u00f3n y paz\u201d.<\/p>\n<p>A principios de este mes, Snider cancel\u00f3 las fechas restantes de una gira en apoyo del mes pasado. <em>Alto, solitario y algo m\u00e1s<\/em> despu\u00e9s de que estuvo involucrado en un asalto en Salt Lake City. Un comunicado publicado en su cuenta de redes sociales el 3 de noviembre dec\u00eda que el cantante hab\u00eda sufrido \u201cheridas graves\u201d y que no podr\u00eda actuar durante un \u201cper\u00edodo de tiempo indeterminado\u201d.<\/p>\n<p>Todd Daniel Snider naci\u00f3 el 11 de octubre de 1966 en Portland, Oreg\u00f3n. Sus padres eran Vera Michele (Bassett) Snider, ama de casa, y Daniel Paul Snider, constructor. A los 16 a\u00f1os, Snider se fue de casa y recorri\u00f3 el pa\u00eds. Finalmente aterriz\u00f3 en Memphis, donde firm\u00f3 con el sello Margaritaville de Jimmy Buffett. M\u00e1s tarde, Snider se uni\u00f3 a Oh Boy Records de John Prine.<\/p>\n<p>Snider lanz\u00f3 su \u00e1lbum debut, <em>Canciones para el Daily Planet<\/em>en 1994. R\u00e1pidamente se estableci\u00f3 como compositor en el linaje de leyendas del folk y el country como Prine y era conocido como lo que \u00e9l llamaba el \u201cantih\u00e9roe de Nashville\u201d.<\/p>\n<p>Snider lanz\u00f3 al menos 15 \u00e1lbumes a lo largo de su carrera, incluido el de 1996. <em>Da un paso adelante<\/em>1998 <em>Viva Sat\u00e9lite<\/em>a\u00f1os 2000 <em>Feliz de estar aqu\u00ed<\/em>y 2004 <em>Horizonte del este de Nashville<\/em>ampliamente considerado un pilar de la m\u00fasica country alternativa.<\/p>\n<p>Snider fue a rehabilitaci\u00f3n varias veces por adicci\u00f3n a las drogas. En una entrevista con <em>Piedra rodante<\/em>Snider describi\u00f3 su \u00faltimo \u00e1lbum, <em>Alto, solitario y algo m\u00e1s<\/em>como &#8220;todo dolor de coraz\u00f3n&#8221;.<\/p>\n<p>&#8220;No dir\u00eda que estoy mejor y no creo que vaya a mejorar, pero la \u00faltima d\u00e9cada fue dif\u00edcil en mi vida personal&#8221;.<\/p>\n","protected":false},"excerpt":{"rendered":"<p>Muere Todd Snider, cantautor de country alternativo. El publicista de Snider confirm\u00f3 al New York Times que Snider hab\u00eda muerto el viernes 14 de noviembre<\/p>\n","protected":false},"author":1,"featured_media":4381,"comment_status":"closed","ping_status":"","sticky":false,"template":"","format":"standard","meta":{"footnotes":""},"categories":[50],"tags":[3520,767,3522,3521],"class_list":["post-4380","post","type-post","status-publish","format-standard","has-post-thumbnail","hentry","category-el-ultimo","tag-cantautor","tag-fallecio","tag-snider","tag-todd","generate-columns","tablet-grid-50","mobile-grid-100","grid-parent","grid-50"],"yoast_head":"<!-- This site is optimized with the Yoast SEO plugin v23.3 - https:\/\/yoast.com\/wordpress\/plugins\/seo\/ -->\n<title>Falleci\u00f3 el cantautor Todd Snider<\/title>\n<meta name=\"robots\" content=\"index, follow, max-snippet:-1, max-image-preview:large, max-video-preview:-1\" \/>\n<link rel=\"canonical\" href=\"https:\/\/web.consaguirre.com.ar\/noticias\/fallecio-el-cantautor-todd-snider\/\" \/>\n<meta property=\"og:locale\" content=\"es_ES\" \/>\n<meta property=\"og:type\" content=\"article\" \/>\n<meta property=\"og:title\" content=\"Falleci\u00f3 el cantautor Todd Snider\" \/>\n<meta property=\"og:description\" content=\"Muere Todd Snider, cantautor de country alternativo. El publicista de Snider confirm\u00f3 al New York Times que Snider hab\u00eda muerto el viernes 14 de noviembre\" \/>\n<meta property=\"og:url\" content=\"https:\/\/web.consaguirre.com.ar\/noticias\/fallecio-el-cantautor-todd-snider\/\" \/>\n<meta property=\"og:site_name\" content=\"Conservatorio de M\u00fasica Juli\u00e1n Aguirre\" \/>\n<meta property=\"article:published_time\" content=\"2025-11-17T23:38:28+00:00\" \/>\n<meta property=\"article:modified_time\" content=\"2025-11-17T23:38:29+00:00\" \/>\n<meta property=\"og:image\" content=\"https:\/\/web.consaguirre.com.ar\/noticias\/wp-content\/uploads\/2025\/11\/Fallecio-el-cantautor-Todd-Snider.jpg\" \/>\n\t<meta property=\"og:image:width\" content=\"1440\" \/>\n\t<meta property=\"og:image:height\" content=\"864\" \/>\n\t<meta property=\"og:image:type\" content=\"image\/jpeg\" \/>\n<meta name=\"author\" content=\"Javier Figueroa\" \/>\n<meta name=\"twitter:card\" content=\"summary_large_image\" \/>\n<meta name=\"twitter:label1\" content=\"Escrito por\" \/>\n\t<meta name=\"twitter:data1\" content=\"Javier Figueroa\" \/>\n\t<meta name=\"twitter:label2\" content=\"Tiempo de lectura\" \/>\n\t<meta name=\"twitter:data2\" content=\"2 minutos\" \/>\n<script type=\"application\/ld+json\" class=\"yoast-schema-graph\">{\"@context\":\"https:\/\/schema.org\",\"@graph\":[{\"@type\":\"Article\",\"@id\":\"https:\/\/web.consaguirre.com.ar\/noticias\/fallecio-el-cantautor-todd-snider\/#article\",\"isPartOf\":{\"@id\":\"https:\/\/web.consaguirre.com.ar\/noticias\/fallecio-el-cantautor-todd-snider\/\"},\"author\":{\"name\":\"Javier Figueroa\",\"@id\":\"https:\/\/web.consaguirre.com.ar\/noticias\/#\/schema\/person\/6558b0cfedee7ddc5425602b237d5722\"},\"headline\":\"Falleci\u00f3 el cantautor Todd Snider\",\"datePublished\":\"2025-11-17T23:38:28+00:00\",\"dateModified\":\"2025-11-17T23:38:29+00:00\",\"mainEntityOfPage\":{\"@id\":\"https:\/\/web.consaguirre.com.ar\/noticias\/fallecio-el-cantautor-todd-snider\/\"},\"wordCount\":381,\"publisher\":{\"@id\":\"https:\/\/web.consaguirre.com.ar\/noticias\/#organization\"},\"image\":{\"@id\":\"https:\/\/web.consaguirre.com.ar\/noticias\/fallecio-el-cantautor-todd-snider\/#primaryimage\"},\"thumbnailUrl\":\"https:\/\/web.consaguirre.com.ar\/noticias\/wp-content\/uploads\/2025\/11\/Fallecio-el-cantautor-Todd-Snider.jpg\",\"keywords\":[\"cantautor\",\"Falleci\u00f3\",\"Snider\",\"Todd\"],\"articleSection\":[\"El \u00faltimo\"],\"inLanguage\":\"es-AR\"},{\"@type\":\"WebPage\",\"@id\":\"https:\/\/web.consaguirre.com.ar\/noticias\/fallecio-el-cantautor-todd-snider\/\",\"url\":\"https:\/\/web.consaguirre.com.ar\/noticias\/fallecio-el-cantautor-todd-snider\/\",\"name\":\"Falleci\u00f3 el cantautor Todd Snider\",\"isPartOf\":{\"@id\":\"https:\/\/web.consaguirre.com.ar\/noticias\/#website\"},\"primaryImageOfPage\":{\"@id\":\"https:\/\/web.consaguirre.com.ar\/noticias\/fallecio-el-cantautor-todd-snider\/#primaryimage\"},\"image\":{\"@id\":\"https:\/\/web.consaguirre.com.ar\/noticias\/fallecio-el-cantautor-todd-snider\/#primaryimage\"},\"thumbnailUrl\":\"https:\/\/web.consaguirre.com.ar\/noticias\/wp-content\/uploads\/2025\/11\/Fallecio-el-cantautor-Todd-Snider.jpg\",\"datePublished\":\"2025-11-17T23:38:28+00:00\",\"dateModified\":\"2025-11-17T23:38:29+00:00\",\"breadcrumb\":{\"@id\":\"https:\/\/web.consaguirre.com.ar\/noticias\/fallecio-el-cantautor-todd-snider\/#breadcrumb\"},\"inLanguage\":\"es-AR\",\"potentialAction\":[{\"@type\":\"ReadAction\",\"target\":[\"https:\/\/web.consaguirre.com.ar\/noticias\/fallecio-el-cantautor-todd-snider\/\"]}]},{\"@type\":\"ImageObject\",\"inLanguage\":\"es-AR\",\"@id\":\"https:\/\/web.consaguirre.com.ar\/noticias\/fallecio-el-cantautor-todd-snider\/#primaryimage\",\"url\":\"https:\/\/web.consaguirre.com.ar\/noticias\/wp-content\/uploads\/2025\/11\/Fallecio-el-cantautor-Todd-Snider.jpg\",\"contentUrl\":\"https:\/\/web.consaguirre.com.ar\/noticias\/wp-content\/uploads\/2025\/11\/Fallecio-el-cantautor-Todd-Snider.jpg\",\"width\":1440,\"height\":864,\"caption\":\"Falleci\u00f3 el cantautor Todd Snider\"},{\"@type\":\"BreadcrumbList\",\"@id\":\"https:\/\/web.consaguirre.com.ar\/noticias\/fallecio-el-cantautor-todd-snider\/#breadcrumb\",\"itemListElement\":[{\"@type\":\"ListItem\",\"position\":1,\"name\":\"Inicio\",\"item\":\"https:\/\/web.consaguirre.com.ar\/noticias\/\"},{\"@type\":\"ListItem\",\"position\":2,\"name\":\"Falleci\u00f3 el cantautor Todd Snider\"}]},{\"@type\":\"WebSite\",\"@id\":\"https:\/\/web.consaguirre.com.ar\/noticias\/#website\",\"url\":\"https:\/\/web.consaguirre.com.ar\/noticias\/\",\"name\":\"Conservatorio de M\u00fasica Juli\u00e1n Aguirre\",\"description\":\"\",\"publisher\":{\"@id\":\"https:\/\/web.consaguirre.com.ar\/noticias\/#organization\"},\"potentialAction\":[{\"@type\":\"SearchAction\",\"target\":{\"@type\":\"EntryPoint\",\"urlTemplate\":\"https:\/\/web.consaguirre.com.ar\/noticias\/?s={search_term_string}\"},\"query-input\":\"required name=search_term_string\"}],\"inLanguage\":\"es-AR\"},{\"@type\":\"Organization\",\"@id\":\"https:\/\/web.consaguirre.com.ar\/noticias\/#organization\",\"name\":\"Conservatorio de M\u00fasica Juli\u00e1n Aguirre\",\"url\":\"https:\/\/web.consaguirre.com.ar\/noticias\/\",\"logo\":{\"@type\":\"ImageObject\",\"inLanguage\":\"es-AR\",\"@id\":\"https:\/\/web.consaguirre.com.ar\/noticias\/#\/schema\/logo\/image\/\",\"url\":\"https:\/\/web.consaguirre.com.ar\/noticias\/wp-content\/uploads\/2024\/08\/Banner-Aguirre-23.jpg\",\"contentUrl\":\"https:\/\/web.consaguirre.com.ar\/noticias\/wp-content\/uploads\/2024\/08\/Banner-Aguirre-23.jpg\",\"width\":1192,\"height\":600,\"caption\":\"Conservatorio de M\u00fasica Juli\u00e1n Aguirre\"},\"image\":{\"@id\":\"https:\/\/web.consaguirre.com.ar\/noticias\/#\/schema\/logo\/image\/\"}},{\"@type\":\"Person\",\"@id\":\"https:\/\/web.consaguirre.com.ar\/noticias\/#\/schema\/person\/6558b0cfedee7ddc5425602b237d5722\",\"name\":\"Javier Figueroa\",\"image\":{\"@type\":\"ImageObject\",\"inLanguage\":\"es-AR\",\"@id\":\"https:\/\/web.consaguirre.com.ar\/noticias\/#\/schema\/person\/image\/\",\"url\":\"https:\/\/web.consaguirre.com.ar\/noticias\/wp-content\/uploads\/2024\/08\/Consaguirre-scaled.jpg\",\"contentUrl\":\"https:\/\/web.consaguirre.com.ar\/noticias\/wp-content\/uploads\/2024\/08\/Consaguirre-scaled.jpg\",\"caption\":\"Javier Figueroa\"},\"description\":\"Me llamo Javier Figueroa y soy redactor para el sitio oficial del Conservatorio de M\u00fasica Juli\u00e1n Aguirre en Buenos Aires, consaguirre.com. Apasionado por la m\u00fasica y la escritura, me esfuerzo por destacar los talentos y eventos de nuestra prestigiosa instituci\u00f3n. Mi trayectoria se nutre de una profunda admiraci\u00f3n por los artistas, haciendo de cada art\u00edculo una celebraci\u00f3n de la creatividad y la cultura musical.\",\"sameAs\":[\"https:\/\/web.consaguirre.com.ar\/noticias\"]}]}<\/script>\n<!-- \/ Yoast SEO plugin. -->","yoast_head_json":{"title":"Falleci\u00f3 el cantautor Todd Snider","robots":{"index":"index","follow":"follow","max-snippet":"max-snippet:-1","max-image-preview":"max-image-preview:large","max-video-preview":"max-video-preview:-1"},"canonical":"https:\/\/web.consaguirre.com.ar\/noticias\/fallecio-el-cantautor-todd-snider\/","og_locale":"es_ES","og_type":"article","og_title":"Falleci\u00f3 el cantautor Todd Snider","og_description":"Muere Todd Snider, cantautor de country alternativo. El publicista de Snider confirm\u00f3 al New York Times que Snider hab\u00eda muerto el viernes 14 de noviembre","og_url":"https:\/\/web.consaguirre.com.ar\/noticias\/fallecio-el-cantautor-todd-snider\/","og_site_name":"Conservatorio de M\u00fasica Juli\u00e1n Aguirre","article_published_time":"2025-11-17T23:38:28+00:00","article_modified_time":"2025-11-17T23:38:29+00:00","og_image":[{"width":1440,"height":864,"url":"https:\/\/web.consaguirre.com.ar\/noticias\/wp-content\/uploads\/2025\/11\/Fallecio-el-cantautor-Todd-Snider.jpg","type":"image\/jpeg"}],"author":"Javier Figueroa","twitter_card":"summary_large_image","twitter_misc":{"Escrito por":"Javier Figueroa","Tiempo de lectura":"2 minutos"},"schema":{"@context":"https:\/\/schema.org","@graph":[{"@type":"Article","@id":"https:\/\/web.consaguirre.com.ar\/noticias\/fallecio-el-cantautor-todd-snider\/#article","isPartOf":{"@id":"https:\/\/web.consaguirre.com.ar\/noticias\/fallecio-el-cantautor-todd-snider\/"},"author":{"name":"Javier Figueroa","@id":"https:\/\/web.consaguirre.com.ar\/noticias\/#\/schema\/person\/6558b0cfedee7ddc5425602b237d5722"},"headline":"Falleci\u00f3 el cantautor Todd Snider","datePublished":"2025-11-17T23:38:28+00:00","dateModified":"2025-11-17T23:38:29+00:00","mainEntityOfPage":{"@id":"https:\/\/web.consaguirre.com.ar\/noticias\/fallecio-el-cantautor-todd-snider\/"},"wordCount":381,"publisher":{"@id":"https:\/\/web.consaguirre.com.ar\/noticias\/#organization"},"image":{"@id":"https:\/\/web.consaguirre.com.ar\/noticias\/fallecio-el-cantautor-todd-snider\/#primaryimage"},"thumbnailUrl":"https:\/\/web.consaguirre.com.ar\/noticias\/wp-content\/uploads\/2025\/11\/Fallecio-el-cantautor-Todd-Snider.jpg","keywords":["cantautor","Falleci\u00f3","Snider","Todd"],"articleSection":["El \u00faltimo"],"inLanguage":"es-AR"},{"@type":"WebPage","@id":"https:\/\/web.consaguirre.com.ar\/noticias\/fallecio-el-cantautor-todd-snider\/","url":"https:\/\/web.consaguirre.com.ar\/noticias\/fallecio-el-cantautor-todd-snider\/","name":"Falleci\u00f3 el cantautor Todd Snider","isPartOf":{"@id":"https:\/\/web.consaguirre.com.ar\/noticias\/#website"},"primaryImageOfPage":{"@id":"https:\/\/web.consaguirre.com.ar\/noticias\/fallecio-el-cantautor-todd-snider\/#primaryimage"},"image":{"@id":"https:\/\/web.consaguirre.com.ar\/noticias\/fallecio-el-cantautor-todd-snider\/#primaryimage"},"thumbnailUrl":"https:\/\/web.consaguirre.com.ar\/noticias\/wp-content\/uploads\/2025\/11\/Fallecio-el-cantautor-Todd-Snider.jpg","datePublished":"2025-11-17T23:38:28+00:00","dateModified":"2025-11-17T23:38:29+00:00","breadcrumb":{"@id":"https:\/\/web.consaguirre.com.ar\/noticias\/fallecio-el-cantautor-todd-snider\/#breadcrumb"},"inLanguage":"es-AR","potentialAction":[{"@type":"ReadAction","target":["https:\/\/web.consaguirre.com.ar\/noticias\/fallecio-el-cantautor-todd-snider\/"]}]},{"@type":"ImageObject","inLanguage":"es-AR","@id":"https:\/\/web.consaguirre.com.ar\/noticias\/fallecio-el-cantautor-todd-snider\/#primaryimage","url":"https:\/\/web.consaguirre.com.ar\/noticias\/wp-content\/uploads\/2025\/11\/Fallecio-el-cantautor-Todd-Snider.jpg","contentUrl":"https:\/\/web.consaguirre.com.ar\/noticias\/wp-content\/uploads\/2025\/11\/Fallecio-el-cantautor-Todd-Snider.jpg","width":1440,"height":864,"caption":"Falleci\u00f3 el cantautor Todd Snider"},{"@type":"BreadcrumbList","@id":"https:\/\/web.consaguirre.com.ar\/noticias\/fallecio-el-cantautor-todd-snider\/#breadcrumb","itemListElement":[{"@type":"ListItem","position":1,"name":"Inicio","item":"https:\/\/web.consaguirre.com.ar\/noticias\/"},{"@type":"ListItem","position":2,"name":"Falleci\u00f3 el cantautor Todd Snider"}]},{"@type":"WebSite","@id":"https:\/\/web.consaguirre.com.ar\/noticias\/#website","url":"https:\/\/web.consaguirre.com.ar\/noticias\/","name":"Conservatorio de M\u00fasica Juli\u00e1n Aguirre","description":"","publisher":{"@id":"https:\/\/web.consaguirre.com.ar\/noticias\/#organization"},"potentialAction":[{"@type":"SearchAction","target":{"@type":"EntryPoint","urlTemplate":"https:\/\/web.consaguirre.com.ar\/noticias\/?s={search_term_string}"},"query-input":"required name=search_term_string"}],"inLanguage":"es-AR"},{"@type":"Organization","@id":"https:\/\/web.consaguirre.com.ar\/noticias\/#organization","name":"Conservatorio de M\u00fasica Juli\u00e1n Aguirre","url":"https:\/\/web.consaguirre.com.ar\/noticias\/","logo":{"@type":"ImageObject","inLanguage":"es-AR","@id":"https:\/\/web.consaguirre.com.ar\/noticias\/#\/schema\/logo\/image\/","url":"https:\/\/web.consaguirre.com.ar\/noticias\/wp-content\/uploads\/2024\/08\/Banner-Aguirre-23.jpg","contentUrl":"https:\/\/web.consaguirre.com.ar\/noticias\/wp-content\/uploads\/2024\/08\/Banner-Aguirre-23.jpg","width":1192,"height":600,"caption":"Conservatorio de M\u00fasica Juli\u00e1n Aguirre"},"image":{"@id":"https:\/\/web.consaguirre.com.ar\/noticias\/#\/schema\/logo\/image\/"}},{"@type":"Person","@id":"https:\/\/web.consaguirre.com.ar\/noticias\/#\/schema\/person\/6558b0cfedee7ddc5425602b237d5722","name":"Javier Figueroa","image":{"@type":"ImageObject","inLanguage":"es-AR","@id":"https:\/\/web.consaguirre.com.ar\/noticias\/#\/schema\/person\/image\/","url":"https:\/\/web.consaguirre.com.ar\/noticias\/wp-content\/uploads\/2024\/08\/Consaguirre-scaled.jpg","contentUrl":"https:\/\/web.consaguirre.com.ar\/noticias\/wp-content\/uploads\/2024\/08\/Consaguirre-scaled.jpg","caption":"Javier Figueroa"},"description":"Me llamo Javier Figueroa y soy redactor para el sitio oficial del Conservatorio de M\u00fasica Juli\u00e1n Aguirre en Buenos Aires, consaguirre.com. Apasionado por la m\u00fasica y la escritura, me esfuerzo por destacar los talentos y eventos de nuestra prestigiosa instituci\u00f3n. Mi trayectoria se nutre de una profunda admiraci\u00f3n por los artistas, haciendo de cada art\u00edculo una celebraci\u00f3n de la creatividad y la cultura musical.","sameAs":["https:\/\/web.consaguirre.com.ar\/noticias"]}]}},"_links":{"self":[{"href":"https:\/\/web.consaguirre.com.ar\/noticias\/wp-json\/wp\/v2\/posts\/4380"}],"collection":[{"href":"https:\/\/web.consaguirre.com.ar\/noticias\/wp-json\/wp\/v2\/posts"}],"about":[{"href":"https:\/\/web.consaguirre.com.ar\/noticias\/wp-json\/wp\/v2\/types\/post"}],"author":[{"embeddable":true,"href":"https:\/\/web.consaguirre.com.ar\/noticias\/wp-json\/wp\/v2\/users\/1"}],"replies":[{"embeddable":true,"href":"https:\/\/web.consaguirre.com.ar\/noticias\/wp-json\/wp\/v2\/comments?post=4380"}],"version-history":[{"count":1,"href":"https:\/\/web.consaguirre.com.ar\/noticias\/wp-json\/wp\/v2\/posts\/4380\/revisions"}],"predecessor-version":[{"id":4382,"href":"https:\/\/web.consaguirre.com.ar\/noticias\/wp-json\/wp\/v2\/posts\/4380\/revisions\/4382"}],"wp:featuredmedia":[{"embeddable":true,"href":"https:\/\/web.consaguirre.com.ar\/noticias\/wp-json\/wp\/v2\/media\/4381"}],"wp:attachment":[{"href":"https:\/\/web.consaguirre.com.ar\/noticias\/wp-json\/wp\/v2\/media?parent=4380"}],"wp:term":[{"taxonomy":"category","embeddable":true,"href":"https:\/\/web.consaguirre.com.ar\/noticias\/wp-json\/wp\/v2\/categories?post=4380"},{"taxonomy":"post_tag","embeddable":true,"href":"https:\/\/web.consaguirre.com.ar\/noticias\/wp-json\/wp\/v2\/tags?post=4380"}],"curies":[{"name":"wp","href":"https:\/\/api.w.org\/{rel}","templated":true}]}}