{"id":4377,"date":"2025-11-17T17:39:11","date_gmt":"2025-11-17T20:39:11","guid":{"rendered":"https:\/\/web.consaguirre.com.ar\/noticias\/cuco-comparte-video-musical-dreamin\/"},"modified":"2025-11-17T17:39:12","modified_gmt":"2025-11-17T20:39:12","slug":"cuco-comparte-video-musical-dreamin","status":"publish","type":"post","link":"https:\/\/web.consaguirre.com.ar\/noticias\/cuco-comparte-video-musical-dreamin\/","title":{"rendered":"Cuco comparte video musical &#8216;Dreamin&#8221;"},"content":{"rendered":"<p>Cuco ha compartido un v\u00eddeo musical de \u201cDreamin&#8217;\u201d, tema que aparece en la edici\u00f3n de lujo del reciente \u00e1lbum de la estrella mexicano-estadounidense. <em>cabalgando<\/em>. En el v\u00eddeo, un ni\u00f1o rescata a un perro encadenado en el jard\u00edn de un vecino. Las cosas van mal cuando el ni\u00f1o descubre un uniforme de ICE en el armario del vecino.<\/p>\n<p>Cuco estren\u00f3 el video musical con un evento \u00edntimo para sus fans. La proyecci\u00f3n fue seguida por una sesi\u00f3n de preguntas y respuestas con Cuco y el director AG Rojas y un encuentro exclusivo con Cuco. Tickets apoy\u00f3 directamente a la Coalici\u00f3n por los Derechos Humanos de los Inmigrantes (CHIRLA).<\/p>\n<p><em>cabalgando<\/em> es un homenaje a la ciudad natal del m\u00fasico, Los \u00c1ngeles. Incluye el sencillo \u201cMy 45\u201d, que une a Cuco con su compa\u00f1ero angelino Jean Carter. Los dos colaboraron previamente en \u201cBossa No S\u00e9\u201d del \u00e1lbum debut de Cuco de 2019. <em>Para mi<\/em>.<\/p>\n<div class=\"uD-YT-container\"><img decoding=\"async\" src=\"https:\/\/web.consaguirre.com.ar\/noticias\/wp-content\/uploads\/2025\/11\/1763411951_735_Cuco-comparte-video-musical-Dreamin.jpg\" alt=\"V\u00eddeo de YouTube\"><br \/>Haga clic para cargar v\u00eddeo<\/div>\n<p>La cultura del autom\u00f3vil es un tema general en <em>cabalgando<\/em>. &#8220;Todo el mundo escucha m\u00fasica mientras conduce&#8221;, dice Cuco. &#8220;La m\u00fasica es parte de tu viaje, ya sea que est\u00e9s de buen o mal humor. Est\u00e1s viajando a trav\u00e9s del movimiento de tu vida donde nada es lineal&#8221;. Da m\u00e1s detalles sobre los temas del nuevo LP: &#8220;Todas mis canciones aqu\u00ed son rom\u00e1nticas, ya sea en una forma s\u00faper animada o triste y con el coraz\u00f3n roto&#8221;.<\/p>\n<p><em>cabalgando<\/em> es el tercer \u00e1lbum de Cuco para Interscope despu\u00e9s <em>Para mi<\/em> y 2022 <em>Puerta de fantas\u00eda<\/em>. El nuevo \u00e1lbum lo re\u00fane con el productor y guitarrista de Dap-Kings, Tom Brenneck, conocido por su trabajo en cl\u00e1sicos modernos de Amy Winehouse y Bruno Mars. El propio \u201cpop de ensue\u00f1o alternativo\u201d de Cuco es una mezcla de soul psicod\u00e9lico, bossa nova e indie-pop de dormitorio.<\/p>\n<p>La etapa estadounidense de la gira Ridin&#8217; culmin\u00f3 con una actuaci\u00f3n de Halloween en el hist\u00f3rico Kings Theatre de Nueva York. La gira contin\u00faa hacia el Foro Puebla de la Ciudad de M\u00e9xico y capitales europeas como Madrid, Londres y Par\u00eds en febrero de 2026.<\/p>\n<p><b>comprar cuco <em>cabalgando<\/em> en vinilo ahora.<\/b><\/p>\n","protected":false},"excerpt":{"rendered":"<p>Cuco ha compartido un v\u00eddeo musical de \u201cDreamin&#8217;\u201d, tema que aparece en la edici\u00f3n de lujo del reciente \u00e1lbum de la estrella mexicano-estadounidense. cabalgando. En<\/p>\n","protected":false},"author":1,"featured_media":4378,"comment_status":"closed","ping_status":"","sticky":false,"template":"","format":"standard","meta":{"footnotes":""},"categories":[50],"tags":[201,2145,1509,203,202],"class_list":["post-4377","post","type-post","status-publish","format-standard","has-post-thumbnail","hentry","category-el-ultimo","tag-comparte","tag-cuco","tag-dreamin","tag-musical","tag-video","generate-columns","tablet-grid-50","mobile-grid-100","grid-parent","grid-50"],"yoast_head":"<!-- This site is optimized with the Yoast SEO plugin v23.3 - https:\/\/yoast.com\/wordpress\/plugins\/seo\/ -->\n<title>Cuco comparte video musical &#039;Dreamin&#039;&#039;<\/title>\n<meta name=\"robots\" content=\"index, follow, max-snippet:-1, max-image-preview:large, max-video-preview:-1\" \/>\n<link rel=\"canonical\" href=\"https:\/\/web.consaguirre.com.ar\/noticias\/cuco-comparte-video-musical-dreamin\/\" \/>\n<meta property=\"og:locale\" content=\"es_ES\" \/>\n<meta property=\"og:type\" content=\"article\" \/>\n<meta property=\"og:title\" content=\"Cuco comparte video musical &#039;Dreamin&#039;&#039;\" \/>\n<meta property=\"og:description\" content=\"Cuco ha compartido un v\u00eddeo musical de \u201cDreamin&#8217;\u201d, tema que aparece en la edici\u00f3n de lujo del reciente \u00e1lbum de la estrella mexicano-estadounidense. cabalgando. En\" \/>\n<meta property=\"og:url\" content=\"https:\/\/web.consaguirre.com.ar\/noticias\/cuco-comparte-video-musical-dreamin\/\" \/>\n<meta property=\"og:site_name\" content=\"Conservatorio de M\u00fasica Juli\u00e1n Aguirre\" \/>\n<meta property=\"article:published_time\" content=\"2025-11-17T20:39:11+00:00\" \/>\n<meta property=\"article:modified_time\" content=\"2025-11-17T20:39:12+00:00\" \/>\n<meta property=\"og:image\" content=\"https:\/\/web.consaguirre.com.ar\/noticias\/wp-content\/uploads\/2025\/11\/Cuco-comparte-video-musical-Dreamin.jpg\" \/>\n\t<meta property=\"og:image:width\" content=\"820\" \/>\n\t<meta property=\"og:image:height\" content=\"820\" \/>\n\t<meta property=\"og:image:type\" content=\"image\/jpeg\" \/>\n<meta name=\"author\" content=\"Javier Figueroa\" \/>\n<meta name=\"twitter:card\" content=\"summary_large_image\" \/>\n<meta name=\"twitter:label1\" content=\"Escrito por\" \/>\n\t<meta name=\"twitter:data1\" content=\"Javier Figueroa\" \/>\n\t<meta name=\"twitter:label2\" content=\"Tiempo de lectura\" \/>\n\t<meta name=\"twitter:data2\" content=\"2 minutos\" \/>\n<script type=\"application\/ld+json\" class=\"yoast-schema-graph\">{\"@context\":\"https:\/\/schema.org\",\"@graph\":[{\"@type\":\"Article\",\"@id\":\"https:\/\/web.consaguirre.com.ar\/noticias\/cuco-comparte-video-musical-dreamin\/#article\",\"isPartOf\":{\"@id\":\"https:\/\/web.consaguirre.com.ar\/noticias\/cuco-comparte-video-musical-dreamin\/\"},\"author\":{\"name\":\"Javier Figueroa\",\"@id\":\"https:\/\/web.consaguirre.com.ar\/noticias\/#\/schema\/person\/6558b0cfedee7ddc5425602b237d5722\"},\"headline\":\"Cuco comparte video musical &#8216;Dreamin&#8221;\",\"datePublished\":\"2025-11-17T20:39:11+00:00\",\"dateModified\":\"2025-11-17T20:39:12+00:00\",\"mainEntityOfPage\":{\"@id\":\"https:\/\/web.consaguirre.com.ar\/noticias\/cuco-comparte-video-musical-dreamin\/\"},\"wordCount\":382,\"publisher\":{\"@id\":\"https:\/\/web.consaguirre.com.ar\/noticias\/#organization\"},\"image\":{\"@id\":\"https:\/\/web.consaguirre.com.ar\/noticias\/cuco-comparte-video-musical-dreamin\/#primaryimage\"},\"thumbnailUrl\":\"https:\/\/web.consaguirre.com.ar\/noticias\/wp-content\/uploads\/2025\/11\/Cuco-comparte-video-musical-Dreamin.jpg\",\"keywords\":[\"comparte\",\"Cuco\",\"Dreamin\",\"musical\",\"v\u00eddeo\"],\"articleSection\":[\"El \u00faltimo\"],\"inLanguage\":\"es-AR\"},{\"@type\":\"WebPage\",\"@id\":\"https:\/\/web.consaguirre.com.ar\/noticias\/cuco-comparte-video-musical-dreamin\/\",\"url\":\"https:\/\/web.consaguirre.com.ar\/noticias\/cuco-comparte-video-musical-dreamin\/\",\"name\":\"Cuco comparte video musical 'Dreamin''\",\"isPartOf\":{\"@id\":\"https:\/\/web.consaguirre.com.ar\/noticias\/#website\"},\"primaryImageOfPage\":{\"@id\":\"https:\/\/web.consaguirre.com.ar\/noticias\/cuco-comparte-video-musical-dreamin\/#primaryimage\"},\"image\":{\"@id\":\"https:\/\/web.consaguirre.com.ar\/noticias\/cuco-comparte-video-musical-dreamin\/#primaryimage\"},\"thumbnailUrl\":\"https:\/\/web.consaguirre.com.ar\/noticias\/wp-content\/uploads\/2025\/11\/Cuco-comparte-video-musical-Dreamin.jpg\",\"datePublished\":\"2025-11-17T20:39:11+00:00\",\"dateModified\":\"2025-11-17T20:39:12+00:00\",\"breadcrumb\":{\"@id\":\"https:\/\/web.consaguirre.com.ar\/noticias\/cuco-comparte-video-musical-dreamin\/#breadcrumb\"},\"inLanguage\":\"es-AR\",\"potentialAction\":[{\"@type\":\"ReadAction\",\"target\":[\"https:\/\/web.consaguirre.com.ar\/noticias\/cuco-comparte-video-musical-dreamin\/\"]}]},{\"@type\":\"ImageObject\",\"inLanguage\":\"es-AR\",\"@id\":\"https:\/\/web.consaguirre.com.ar\/noticias\/cuco-comparte-video-musical-dreamin\/#primaryimage\",\"url\":\"https:\/\/web.consaguirre.com.ar\/noticias\/wp-content\/uploads\/2025\/11\/Cuco-comparte-video-musical-Dreamin.jpg\",\"contentUrl\":\"https:\/\/web.consaguirre.com.ar\/noticias\/wp-content\/uploads\/2025\/11\/Cuco-comparte-video-musical-Dreamin.jpg\",\"width\":820,\"height\":820,\"caption\":\"Cuco comparte video musical 'Dreamin''\"},{\"@type\":\"BreadcrumbList\",\"@id\":\"https:\/\/web.consaguirre.com.ar\/noticias\/cuco-comparte-video-musical-dreamin\/#breadcrumb\",\"itemListElement\":[{\"@type\":\"ListItem\",\"position\":1,\"name\":\"Inicio\",\"item\":\"https:\/\/web.consaguirre.com.ar\/noticias\/\"},{\"@type\":\"ListItem\",\"position\":2,\"name\":\"Cuco comparte video musical &#8216;Dreamin&#8221;\"}]},{\"@type\":\"WebSite\",\"@id\":\"https:\/\/web.consaguirre.com.ar\/noticias\/#website\",\"url\":\"https:\/\/web.consaguirre.com.ar\/noticias\/\",\"name\":\"Conservatorio de M\u00fasica Juli\u00e1n Aguirre\",\"description\":\"\",\"publisher\":{\"@id\":\"https:\/\/web.consaguirre.com.ar\/noticias\/#organization\"},\"potentialAction\":[{\"@type\":\"SearchAction\",\"target\":{\"@type\":\"EntryPoint\",\"urlTemplate\":\"https:\/\/web.consaguirre.com.ar\/noticias\/?s={search_term_string}\"},\"query-input\":\"required name=search_term_string\"}],\"inLanguage\":\"es-AR\"},{\"@type\":\"Organization\",\"@id\":\"https:\/\/web.consaguirre.com.ar\/noticias\/#organization\",\"name\":\"Conservatorio de M\u00fasica Juli\u00e1n Aguirre\",\"url\":\"https:\/\/web.consaguirre.com.ar\/noticias\/\",\"logo\":{\"@type\":\"ImageObject\",\"inLanguage\":\"es-AR\",\"@id\":\"https:\/\/web.consaguirre.com.ar\/noticias\/#\/schema\/logo\/image\/\",\"url\":\"https:\/\/web.consaguirre.com.ar\/noticias\/wp-content\/uploads\/2024\/08\/Banner-Aguirre-23.jpg\",\"contentUrl\":\"https:\/\/web.consaguirre.com.ar\/noticias\/wp-content\/uploads\/2024\/08\/Banner-Aguirre-23.jpg\",\"width\":1192,\"height\":600,\"caption\":\"Conservatorio de M\u00fasica Juli\u00e1n Aguirre\"},\"image\":{\"@id\":\"https:\/\/web.consaguirre.com.ar\/noticias\/#\/schema\/logo\/image\/\"}},{\"@type\":\"Person\",\"@id\":\"https:\/\/web.consaguirre.com.ar\/noticias\/#\/schema\/person\/6558b0cfedee7ddc5425602b237d5722\",\"name\":\"Javier Figueroa\",\"image\":{\"@type\":\"ImageObject\",\"inLanguage\":\"es-AR\",\"@id\":\"https:\/\/web.consaguirre.com.ar\/noticias\/#\/schema\/person\/image\/\",\"url\":\"https:\/\/web.consaguirre.com.ar\/noticias\/wp-content\/uploads\/2024\/08\/Consaguirre-scaled.jpg\",\"contentUrl\":\"https:\/\/web.consaguirre.com.ar\/noticias\/wp-content\/uploads\/2024\/08\/Consaguirre-scaled.jpg\",\"caption\":\"Javier Figueroa\"},\"description\":\"Me llamo Javier Figueroa y soy redactor para el sitio oficial del Conservatorio de M\u00fasica Juli\u00e1n Aguirre en Buenos Aires, consaguirre.com. Apasionado por la m\u00fasica y la escritura, me esfuerzo por destacar los talentos y eventos de nuestra prestigiosa instituci\u00f3n. Mi trayectoria se nutre de una profunda admiraci\u00f3n por los artistas, haciendo de cada art\u00edculo una celebraci\u00f3n de la creatividad y la cultura musical.\",\"sameAs\":[\"https:\/\/web.consaguirre.com.ar\/noticias\"]}]}<\/script>\n<!-- \/ Yoast SEO plugin. -->","yoast_head_json":{"title":"Cuco comparte video musical 'Dreamin''","robots":{"index":"index","follow":"follow","max-snippet":"max-snippet:-1","max-image-preview":"max-image-preview:large","max-video-preview":"max-video-preview:-1"},"canonical":"https:\/\/web.consaguirre.com.ar\/noticias\/cuco-comparte-video-musical-dreamin\/","og_locale":"es_ES","og_type":"article","og_title":"Cuco comparte video musical 'Dreamin''","og_description":"Cuco ha compartido un v\u00eddeo musical de \u201cDreamin&#8217;\u201d, tema que aparece en la edici\u00f3n de lujo del reciente \u00e1lbum de la estrella mexicano-estadounidense. cabalgando. En","og_url":"https:\/\/web.consaguirre.com.ar\/noticias\/cuco-comparte-video-musical-dreamin\/","og_site_name":"Conservatorio de M\u00fasica Juli\u00e1n Aguirre","article_published_time":"2025-11-17T20:39:11+00:00","article_modified_time":"2025-11-17T20:39:12+00:00","og_image":[{"width":820,"height":820,"url":"https:\/\/web.consaguirre.com.ar\/noticias\/wp-content\/uploads\/2025\/11\/Cuco-comparte-video-musical-Dreamin.jpg","type":"image\/jpeg"}],"author":"Javier Figueroa","twitter_card":"summary_large_image","twitter_misc":{"Escrito por":"Javier Figueroa","Tiempo de lectura":"2 minutos"},"schema":{"@context":"https:\/\/schema.org","@graph":[{"@type":"Article","@id":"https:\/\/web.consaguirre.com.ar\/noticias\/cuco-comparte-video-musical-dreamin\/#article","isPartOf":{"@id":"https:\/\/web.consaguirre.com.ar\/noticias\/cuco-comparte-video-musical-dreamin\/"},"author":{"name":"Javier Figueroa","@id":"https:\/\/web.consaguirre.com.ar\/noticias\/#\/schema\/person\/6558b0cfedee7ddc5425602b237d5722"},"headline":"Cuco comparte video musical &#8216;Dreamin&#8221;","datePublished":"2025-11-17T20:39:11+00:00","dateModified":"2025-11-17T20:39:12+00:00","mainEntityOfPage":{"@id":"https:\/\/web.consaguirre.com.ar\/noticias\/cuco-comparte-video-musical-dreamin\/"},"wordCount":382,"publisher":{"@id":"https:\/\/web.consaguirre.com.ar\/noticias\/#organization"},"image":{"@id":"https:\/\/web.consaguirre.com.ar\/noticias\/cuco-comparte-video-musical-dreamin\/#primaryimage"},"thumbnailUrl":"https:\/\/web.consaguirre.com.ar\/noticias\/wp-content\/uploads\/2025\/11\/Cuco-comparte-video-musical-Dreamin.jpg","keywords":["comparte","Cuco","Dreamin","musical","v\u00eddeo"],"articleSection":["El \u00faltimo"],"inLanguage":"es-AR"},{"@type":"WebPage","@id":"https:\/\/web.consaguirre.com.ar\/noticias\/cuco-comparte-video-musical-dreamin\/","url":"https:\/\/web.consaguirre.com.ar\/noticias\/cuco-comparte-video-musical-dreamin\/","name":"Cuco comparte video musical 'Dreamin''","isPartOf":{"@id":"https:\/\/web.consaguirre.com.ar\/noticias\/#website"},"primaryImageOfPage":{"@id":"https:\/\/web.consaguirre.com.ar\/noticias\/cuco-comparte-video-musical-dreamin\/#primaryimage"},"image":{"@id":"https:\/\/web.consaguirre.com.ar\/noticias\/cuco-comparte-video-musical-dreamin\/#primaryimage"},"thumbnailUrl":"https:\/\/web.consaguirre.com.ar\/noticias\/wp-content\/uploads\/2025\/11\/Cuco-comparte-video-musical-Dreamin.jpg","datePublished":"2025-11-17T20:39:11+00:00","dateModified":"2025-11-17T20:39:12+00:00","breadcrumb":{"@id":"https:\/\/web.consaguirre.com.ar\/noticias\/cuco-comparte-video-musical-dreamin\/#breadcrumb"},"inLanguage":"es-AR","potentialAction":[{"@type":"ReadAction","target":["https:\/\/web.consaguirre.com.ar\/noticias\/cuco-comparte-video-musical-dreamin\/"]}]},{"@type":"ImageObject","inLanguage":"es-AR","@id":"https:\/\/web.consaguirre.com.ar\/noticias\/cuco-comparte-video-musical-dreamin\/#primaryimage","url":"https:\/\/web.consaguirre.com.ar\/noticias\/wp-content\/uploads\/2025\/11\/Cuco-comparte-video-musical-Dreamin.jpg","contentUrl":"https:\/\/web.consaguirre.com.ar\/noticias\/wp-content\/uploads\/2025\/11\/Cuco-comparte-video-musical-Dreamin.jpg","width":820,"height":820,"caption":"Cuco comparte video musical 'Dreamin''"},{"@type":"BreadcrumbList","@id":"https:\/\/web.consaguirre.com.ar\/noticias\/cuco-comparte-video-musical-dreamin\/#breadcrumb","itemListElement":[{"@type":"ListItem","position":1,"name":"Inicio","item":"https:\/\/web.consaguirre.com.ar\/noticias\/"},{"@type":"ListItem","position":2,"name":"Cuco comparte video musical &#8216;Dreamin&#8221;"}]},{"@type":"WebSite","@id":"https:\/\/web.consaguirre.com.ar\/noticias\/#website","url":"https:\/\/web.consaguirre.com.ar\/noticias\/","name":"Conservatorio de M\u00fasica Juli\u00e1n Aguirre","description":"","publisher":{"@id":"https:\/\/web.consaguirre.com.ar\/noticias\/#organization"},"potentialAction":[{"@type":"SearchAction","target":{"@type":"EntryPoint","urlTemplate":"https:\/\/web.consaguirre.com.ar\/noticias\/?s={search_term_string}"},"query-input":"required name=search_term_string"}],"inLanguage":"es-AR"},{"@type":"Organization","@id":"https:\/\/web.consaguirre.com.ar\/noticias\/#organization","name":"Conservatorio de M\u00fasica Juli\u00e1n Aguirre","url":"https:\/\/web.consaguirre.com.ar\/noticias\/","logo":{"@type":"ImageObject","inLanguage":"es-AR","@id":"https:\/\/web.consaguirre.com.ar\/noticias\/#\/schema\/logo\/image\/","url":"https:\/\/web.consaguirre.com.ar\/noticias\/wp-content\/uploads\/2024\/08\/Banner-Aguirre-23.jpg","contentUrl":"https:\/\/web.consaguirre.com.ar\/noticias\/wp-content\/uploads\/2024\/08\/Banner-Aguirre-23.jpg","width":1192,"height":600,"caption":"Conservatorio de M\u00fasica Juli\u00e1n Aguirre"},"image":{"@id":"https:\/\/web.consaguirre.com.ar\/noticias\/#\/schema\/logo\/image\/"}},{"@type":"Person","@id":"https:\/\/web.consaguirre.com.ar\/noticias\/#\/schema\/person\/6558b0cfedee7ddc5425602b237d5722","name":"Javier Figueroa","image":{"@type":"ImageObject","inLanguage":"es-AR","@id":"https:\/\/web.consaguirre.com.ar\/noticias\/#\/schema\/person\/image\/","url":"https:\/\/web.consaguirre.com.ar\/noticias\/wp-content\/uploads\/2024\/08\/Consaguirre-scaled.jpg","contentUrl":"https:\/\/web.consaguirre.com.ar\/noticias\/wp-content\/uploads\/2024\/08\/Consaguirre-scaled.jpg","caption":"Javier Figueroa"},"description":"Me llamo Javier Figueroa y soy redactor para el sitio oficial del Conservatorio de M\u00fasica Juli\u00e1n Aguirre en Buenos Aires, consaguirre.com. Apasionado por la m\u00fasica y la escritura, me esfuerzo por destacar los talentos y eventos de nuestra prestigiosa instituci\u00f3n. Mi trayectoria se nutre de una profunda admiraci\u00f3n por los artistas, haciendo de cada art\u00edculo una celebraci\u00f3n de la creatividad y la cultura musical.","sameAs":["https:\/\/web.consaguirre.com.ar\/noticias"]}]}},"_links":{"self":[{"href":"https:\/\/web.consaguirre.com.ar\/noticias\/wp-json\/wp\/v2\/posts\/4377"}],"collection":[{"href":"https:\/\/web.consaguirre.com.ar\/noticias\/wp-json\/wp\/v2\/posts"}],"about":[{"href":"https:\/\/web.consaguirre.com.ar\/noticias\/wp-json\/wp\/v2\/types\/post"}],"author":[{"embeddable":true,"href":"https:\/\/web.consaguirre.com.ar\/noticias\/wp-json\/wp\/v2\/users\/1"}],"replies":[{"embeddable":true,"href":"https:\/\/web.consaguirre.com.ar\/noticias\/wp-json\/wp\/v2\/comments?post=4377"}],"version-history":[{"count":1,"href":"https:\/\/web.consaguirre.com.ar\/noticias\/wp-json\/wp\/v2\/posts\/4377\/revisions"}],"predecessor-version":[{"id":4379,"href":"https:\/\/web.consaguirre.com.ar\/noticias\/wp-json\/wp\/v2\/posts\/4377\/revisions\/4379"}],"wp:featuredmedia":[{"embeddable":true,"href":"https:\/\/web.consaguirre.com.ar\/noticias\/wp-json\/wp\/v2\/media\/4378"}],"wp:attachment":[{"href":"https:\/\/web.consaguirre.com.ar\/noticias\/wp-json\/wp\/v2\/media?parent=4377"}],"wp:term":[{"taxonomy":"category","embeddable":true,"href":"https:\/\/web.consaguirre.com.ar\/noticias\/wp-json\/wp\/v2\/categories?post=4377"},{"taxonomy":"post_tag","embeddable":true,"href":"https:\/\/web.consaguirre.com.ar\/noticias\/wp-json\/wp\/v2\/tags?post=4377"}],"curies":[{"name":"wp","href":"https:\/\/api.w.org\/{rel}","templated":true}]}}