{"id":4365,"date":"2025-11-14T17:42:42","date_gmt":"2025-11-14T20:42:42","guid":{"rendered":"https:\/\/web.consaguirre.com.ar\/noticias\/kiss-comparte-la-historia-detras-de-rock-and-roll-all-nite-en-un-nuevo-clip-de-notas-al-pie-de-vevo\/"},"modified":"2025-11-14T17:42:43","modified_gmt":"2025-11-14T20:42:43","slug":"kiss-comparte-la-historia-detras-de-rock-and-roll-all-nite-en-un-nuevo-clip-de-notas-al-pie-de-vevo","status":"publish","type":"post","link":"https:\/\/web.consaguirre.com.ar\/noticias\/kiss-comparte-la-historia-detras-de-rock-and-roll-all-nite-en-un-nuevo-clip-de-notas-al-pie-de-vevo\/","title":{"rendered":"KISS comparte la historia detr\u00e1s de &#8216;Rock and Roll All Nite&#8217; en un nuevo clip de notas al pie de Vevo"},"content":{"rendered":"<p>Paul Stanley y Gene Simmons se han asociado con Vevo Footnotes para llevar a los fans detr\u00e1s de escena mientras escrib\u00edan el himno de KISS, \u201cRock and Roll All Nite\u201d. Presentado originalmente en su \u00e1lbum de 1975. <em>Vestida para matar<\/em>\u201cRock and Roll All Nite\u201d ha sido la canci\u00f3n de cierre de la banda en casi todos los shows en vivo de KISS durante las \u00faltimas cinco d\u00e9cadas.<\/p>\n<p>La idea de la canci\u00f3n se concibi\u00f3 por primera vez cuando el presidente de Casablanca Records, Neil Bogart, plante\u00f3 la idea de una \u201ccanci\u00f3n himno\u201d como un grito de guerra para los fans de la banda. &#8220;Regres\u00e9 a nuestro hotel en Sunset Blvd.&#8221;, comparte Stanley, &#8220;y se me ocurri\u00f3 el estribillo, la melod\u00eda y la letra del gancho&#8221;.<\/p>\n<div class=\"uD-YT-container\"><img decoding=\"async\" src=\"https:\/\/web.consaguirre.com.ar\/noticias\/wp-content\/uploads\/2025\/11\/1763152962_139_KISS-comparte-la-historia-detras-de-Rock-and-Roll-All.jpg\" alt=\"V\u00eddeo de YouTube\"><br \/>Haga clic para cargar v\u00eddeo<\/div>\n<p>Simmons a\u00f1ade: &#8220;Fue en gran medida un esfuerzo de colaboraci\u00f3n, con Paul escribiendo el estribillo y yo escribiendo los versos que fueron extra\u00eddos de una canci\u00f3n que hab\u00eda escrito anteriormente llamada &#8216;Drive Me Wild&#8217;, que en realidad era una canci\u00f3n sobre un autom\u00f3vil&#8221;. Cuando lleg\u00f3 el momento de grabar, la banda trajo a algunos de sus amigos, compa\u00f1eros m\u00fasicos y al equipo de gira para aplaudir y cantar en el disco.<\/p>\n<p>&#8220;Es &#8216;el&#8217; himno del rock&#8221;, concluye Simmons. &#8220;Se ha vivido de una manera tan m\u00e1gica y especial a lo largo de los a\u00f1os y contin\u00faa despu\u00e9s de 50 a\u00f1os&#8221;. Stanley est\u00e1 de acuerdo y explica: &#8220;Es una especie de canci\u00f3n de KISS por excelencia en nuestra discograf\u00eda. Esta canci\u00f3n es una parte muy importante de nuestra historia. Y nos conecta con personas de todos los niveles a lo largo de generaciones y generaciones de fans&#8221;.<\/p>\n<p>Reflexionando sobre su asociaci\u00f3n creativa con Simmons, Stanley comparte: &#8220;Gene y yo nos entendemos y parece que siempre juntamos las piezas. &#8220;A veces juntamos cosas que hicimos por separado y simplemente encajamos. No siempre fue perfecto, \u00a1pero nos ha funcionado durante m\u00e1s de 40 a\u00f1os!\u201d Sin embargo, cuando se les pregunt\u00f3 qui\u00e9n ten\u00eda mejor maquillaje, ambos hombres respondieron: &#8220;\u00a1Yo!&#8221;.<\/p>\n<p>Compra el <em>Vestida para matar<\/em> Colecci\u00f3n en la tienda de KISS ahora.<\/p><\/p>\n","protected":false},"excerpt":{"rendered":"<p>Paul Stanley y Gene Simmons se han asociado con Vevo Footnotes para llevar a los fans detr\u00e1s de escena mientras escrib\u00edan el himno de KISS,<\/p>\n","protected":false},"author":1,"featured_media":4366,"comment_status":"closed","ping_status":"","sticky":false,"template":"","format":"standard","meta":{"footnotes":""},"categories":[50],"tags":[772,201,2728,541,1030,3513,2355,146,2356,516,145,152],"class_list":["post-4365","post","type-post","status-publish","format-standard","has-post-thumbnail","hentry","category-el-ultimo","tag-clip","tag-comparte","tag-detras","tag-historia","tag-kiss","tag-nite","tag-notas","tag-nuevo","tag-pie","tag-rock","tag-roll","tag-vevo","generate-columns","tablet-grid-50","mobile-grid-100","grid-parent","grid-50"],"yoast_head":"<!-- This site is optimized with the Yoast SEO plugin v23.3 - https:\/\/yoast.com\/wordpress\/plugins\/seo\/ -->\n<title>KISS comparte la historia detr\u00e1s de &#039;Rock and Roll All Nite&#039; en un nuevo clip de notas al pie de Vevo<\/title>\n<meta name=\"robots\" content=\"index, follow, max-snippet:-1, max-image-preview:large, max-video-preview:-1\" \/>\n<link rel=\"canonical\" href=\"https:\/\/web.consaguirre.com.ar\/noticias\/kiss-comparte-la-historia-detras-de-rock-and-roll-all-nite-en-un-nuevo-clip-de-notas-al-pie-de-vevo\/\" \/>\n<meta property=\"og:locale\" content=\"es_ES\" \/>\n<meta property=\"og:type\" content=\"article\" \/>\n<meta property=\"og:title\" content=\"KISS comparte la historia detr\u00e1s de &#039;Rock and Roll All Nite&#039; en un nuevo clip de notas al pie de Vevo\" \/>\n<meta property=\"og:description\" content=\"Paul Stanley y Gene Simmons se han asociado con Vevo Footnotes para llevar a los fans detr\u00e1s de escena mientras escrib\u00edan el himno de KISS,\" \/>\n<meta property=\"og:url\" content=\"https:\/\/web.consaguirre.com.ar\/noticias\/kiss-comparte-la-historia-detras-de-rock-and-roll-all-nite-en-un-nuevo-clip-de-notas-al-pie-de-vevo\/\" \/>\n<meta property=\"og:site_name\" content=\"Conservatorio de M\u00fasica Juli\u00e1n Aguirre\" \/>\n<meta property=\"article:published_time\" content=\"2025-11-14T20:42:42+00:00\" \/>\n<meta property=\"article:modified_time\" content=\"2025-11-14T20:42:43+00:00\" \/>\n<meta property=\"og:image\" content=\"https:\/\/web.consaguirre.com.ar\/noticias\/wp-content\/uploads\/2025\/11\/1763152962_KISS-comparte-la-historia-detras-de-Rock-and-Roll-All.jpg\" \/>\n\t<meta property=\"og:image:width\" content=\"1280\" \/>\n\t<meta property=\"og:image:height\" content=\"1280\" \/>\n\t<meta property=\"og:image:type\" content=\"image\/jpeg\" \/>\n<meta name=\"author\" content=\"Javier Figueroa\" \/>\n<meta name=\"twitter:card\" content=\"summary_large_image\" \/>\n<meta name=\"twitter:label1\" content=\"Escrito por\" \/>\n\t<meta name=\"twitter:data1\" content=\"Javier Figueroa\" \/>\n\t<meta name=\"twitter:label2\" content=\"Tiempo de lectura\" \/>\n\t<meta name=\"twitter:data2\" content=\"2 minutos\" \/>\n<script type=\"application\/ld+json\" class=\"yoast-schema-graph\">{\"@context\":\"https:\/\/schema.org\",\"@graph\":[{\"@type\":\"Article\",\"@id\":\"https:\/\/web.consaguirre.com.ar\/noticias\/kiss-comparte-la-historia-detras-de-rock-and-roll-all-nite-en-un-nuevo-clip-de-notas-al-pie-de-vevo\/#article\",\"isPartOf\":{\"@id\":\"https:\/\/web.consaguirre.com.ar\/noticias\/kiss-comparte-la-historia-detras-de-rock-and-roll-all-nite-en-un-nuevo-clip-de-notas-al-pie-de-vevo\/\"},\"author\":{\"name\":\"Javier Figueroa\",\"@id\":\"https:\/\/web.consaguirre.com.ar\/noticias\/#\/schema\/person\/6558b0cfedee7ddc5425602b237d5722\"},\"headline\":\"KISS comparte la historia detr\u00e1s de &#8216;Rock and Roll All Nite&#8217; en un nuevo clip de notas al pie de Vevo\",\"datePublished\":\"2025-11-14T20:42:42+00:00\",\"dateModified\":\"2025-11-14T20:42:43+00:00\",\"mainEntityOfPage\":{\"@id\":\"https:\/\/web.consaguirre.com.ar\/noticias\/kiss-comparte-la-historia-detras-de-rock-and-roll-all-nite-en-un-nuevo-clip-de-notas-al-pie-de-vevo\/\"},\"wordCount\":398,\"publisher\":{\"@id\":\"https:\/\/web.consaguirre.com.ar\/noticias\/#organization\"},\"image\":{\"@id\":\"https:\/\/web.consaguirre.com.ar\/noticias\/kiss-comparte-la-historia-detras-de-rock-and-roll-all-nite-en-un-nuevo-clip-de-notas-al-pie-de-vevo\/#primaryimage\"},\"thumbnailUrl\":\"https:\/\/web.consaguirre.com.ar\/noticias\/wp-content\/uploads\/2025\/11\/1763152962_KISS-comparte-la-historia-detras-de-Rock-and-Roll-All.jpg\",\"keywords\":[\"clip\",\"comparte\",\"detr\u00e1s\",\"historia\",\"KISS\",\"Nite\",\"notas\",\"nuevo\",\"pie\",\"Rock\",\"Roll\",\"Vevo\"],\"articleSection\":[\"El \u00faltimo\"],\"inLanguage\":\"es-AR\"},{\"@type\":\"WebPage\",\"@id\":\"https:\/\/web.consaguirre.com.ar\/noticias\/kiss-comparte-la-historia-detras-de-rock-and-roll-all-nite-en-un-nuevo-clip-de-notas-al-pie-de-vevo\/\",\"url\":\"https:\/\/web.consaguirre.com.ar\/noticias\/kiss-comparte-la-historia-detras-de-rock-and-roll-all-nite-en-un-nuevo-clip-de-notas-al-pie-de-vevo\/\",\"name\":\"KISS comparte la historia detr\u00e1s de 'Rock and Roll All Nite' en un nuevo clip de notas al pie de Vevo\",\"isPartOf\":{\"@id\":\"https:\/\/web.consaguirre.com.ar\/noticias\/#website\"},\"primaryImageOfPage\":{\"@id\":\"https:\/\/web.consaguirre.com.ar\/noticias\/kiss-comparte-la-historia-detras-de-rock-and-roll-all-nite-en-un-nuevo-clip-de-notas-al-pie-de-vevo\/#primaryimage\"},\"image\":{\"@id\":\"https:\/\/web.consaguirre.com.ar\/noticias\/kiss-comparte-la-historia-detras-de-rock-and-roll-all-nite-en-un-nuevo-clip-de-notas-al-pie-de-vevo\/#primaryimage\"},\"thumbnailUrl\":\"https:\/\/web.consaguirre.com.ar\/noticias\/wp-content\/uploads\/2025\/11\/1763152962_KISS-comparte-la-historia-detras-de-Rock-and-Roll-All.jpg\",\"datePublished\":\"2025-11-14T20:42:42+00:00\",\"dateModified\":\"2025-11-14T20:42:43+00:00\",\"breadcrumb\":{\"@id\":\"https:\/\/web.consaguirre.com.ar\/noticias\/kiss-comparte-la-historia-detras-de-rock-and-roll-all-nite-en-un-nuevo-clip-de-notas-al-pie-de-vevo\/#breadcrumb\"},\"inLanguage\":\"es-AR\",\"potentialAction\":[{\"@type\":\"ReadAction\",\"target\":[\"https:\/\/web.consaguirre.com.ar\/noticias\/kiss-comparte-la-historia-detras-de-rock-and-roll-all-nite-en-un-nuevo-clip-de-notas-al-pie-de-vevo\/\"]}]},{\"@type\":\"ImageObject\",\"inLanguage\":\"es-AR\",\"@id\":\"https:\/\/web.consaguirre.com.ar\/noticias\/kiss-comparte-la-historia-detras-de-rock-and-roll-all-nite-en-un-nuevo-clip-de-notas-al-pie-de-vevo\/#primaryimage\",\"url\":\"https:\/\/web.consaguirre.com.ar\/noticias\/wp-content\/uploads\/2025\/11\/1763152962_KISS-comparte-la-historia-detras-de-Rock-and-Roll-All.jpg\",\"contentUrl\":\"https:\/\/web.consaguirre.com.ar\/noticias\/wp-content\/uploads\/2025\/11\/1763152962_KISS-comparte-la-historia-detras-de-Rock-and-Roll-All.jpg\",\"width\":1280,\"height\":1280,\"caption\":\"KISS comparte la historia detr\u00e1s de 'Rock and Roll All Nite' en un nuevo clip de notas al pie de Vevo\"},{\"@type\":\"BreadcrumbList\",\"@id\":\"https:\/\/web.consaguirre.com.ar\/noticias\/kiss-comparte-la-historia-detras-de-rock-and-roll-all-nite-en-un-nuevo-clip-de-notas-al-pie-de-vevo\/#breadcrumb\",\"itemListElement\":[{\"@type\":\"ListItem\",\"position\":1,\"name\":\"Inicio\",\"item\":\"https:\/\/web.consaguirre.com.ar\/noticias\/\"},{\"@type\":\"ListItem\",\"position\":2,\"name\":\"KISS comparte la historia detr\u00e1s de &#8216;Rock and Roll All Nite&#8217; en un nuevo clip de notas al pie de Vevo\"}]},{\"@type\":\"WebSite\",\"@id\":\"https:\/\/web.consaguirre.com.ar\/noticias\/#website\",\"url\":\"https:\/\/web.consaguirre.com.ar\/noticias\/\",\"name\":\"Conservatorio de M\u00fasica Juli\u00e1n Aguirre\",\"description\":\"\",\"publisher\":{\"@id\":\"https:\/\/web.consaguirre.com.ar\/noticias\/#organization\"},\"potentialAction\":[{\"@type\":\"SearchAction\",\"target\":{\"@type\":\"EntryPoint\",\"urlTemplate\":\"https:\/\/web.consaguirre.com.ar\/noticias\/?s={search_term_string}\"},\"query-input\":\"required name=search_term_string\"}],\"inLanguage\":\"es-AR\"},{\"@type\":\"Organization\",\"@id\":\"https:\/\/web.consaguirre.com.ar\/noticias\/#organization\",\"name\":\"Conservatorio de M\u00fasica Juli\u00e1n Aguirre\",\"url\":\"https:\/\/web.consaguirre.com.ar\/noticias\/\",\"logo\":{\"@type\":\"ImageObject\",\"inLanguage\":\"es-AR\",\"@id\":\"https:\/\/web.consaguirre.com.ar\/noticias\/#\/schema\/logo\/image\/\",\"url\":\"https:\/\/web.consaguirre.com.ar\/noticias\/wp-content\/uploads\/2024\/08\/Banner-Aguirre-23.jpg\",\"contentUrl\":\"https:\/\/web.consaguirre.com.ar\/noticias\/wp-content\/uploads\/2024\/08\/Banner-Aguirre-23.jpg\",\"width\":1192,\"height\":600,\"caption\":\"Conservatorio de M\u00fasica Juli\u00e1n Aguirre\"},\"image\":{\"@id\":\"https:\/\/web.consaguirre.com.ar\/noticias\/#\/schema\/logo\/image\/\"}},{\"@type\":\"Person\",\"@id\":\"https:\/\/web.consaguirre.com.ar\/noticias\/#\/schema\/person\/6558b0cfedee7ddc5425602b237d5722\",\"name\":\"Javier Figueroa\",\"image\":{\"@type\":\"ImageObject\",\"inLanguage\":\"es-AR\",\"@id\":\"https:\/\/web.consaguirre.com.ar\/noticias\/#\/schema\/person\/image\/\",\"url\":\"https:\/\/web.consaguirre.com.ar\/noticias\/wp-content\/uploads\/2024\/08\/Consaguirre-scaled.jpg\",\"contentUrl\":\"https:\/\/web.consaguirre.com.ar\/noticias\/wp-content\/uploads\/2024\/08\/Consaguirre-scaled.jpg\",\"caption\":\"Javier Figueroa\"},\"description\":\"Me llamo Javier Figueroa y soy redactor para el sitio oficial del Conservatorio de M\u00fasica Juli\u00e1n Aguirre en Buenos Aires, consaguirre.com. Apasionado por la m\u00fasica y la escritura, me esfuerzo por destacar los talentos y eventos de nuestra prestigiosa instituci\u00f3n. Mi trayectoria se nutre de una profunda admiraci\u00f3n por los artistas, haciendo de cada art\u00edculo una celebraci\u00f3n de la creatividad y la cultura musical.\",\"sameAs\":[\"https:\/\/web.consaguirre.com.ar\/noticias\"]}]}<\/script>\n<!-- \/ Yoast SEO plugin. -->","yoast_head_json":{"title":"KISS comparte la historia detr\u00e1s de 'Rock and Roll All Nite' en un nuevo clip de notas al pie de Vevo","robots":{"index":"index","follow":"follow","max-snippet":"max-snippet:-1","max-image-preview":"max-image-preview:large","max-video-preview":"max-video-preview:-1"},"canonical":"https:\/\/web.consaguirre.com.ar\/noticias\/kiss-comparte-la-historia-detras-de-rock-and-roll-all-nite-en-un-nuevo-clip-de-notas-al-pie-de-vevo\/","og_locale":"es_ES","og_type":"article","og_title":"KISS comparte la historia detr\u00e1s de 'Rock and Roll All Nite' en un nuevo clip de notas al pie de Vevo","og_description":"Paul Stanley y Gene Simmons se han asociado con Vevo Footnotes para llevar a los fans detr\u00e1s de escena mientras escrib\u00edan el himno de KISS,","og_url":"https:\/\/web.consaguirre.com.ar\/noticias\/kiss-comparte-la-historia-detras-de-rock-and-roll-all-nite-en-un-nuevo-clip-de-notas-al-pie-de-vevo\/","og_site_name":"Conservatorio de M\u00fasica Juli\u00e1n Aguirre","article_published_time":"2025-11-14T20:42:42+00:00","article_modified_time":"2025-11-14T20:42:43+00:00","og_image":[{"width":1280,"height":1280,"url":"https:\/\/web.consaguirre.com.ar\/noticias\/wp-content\/uploads\/2025\/11\/1763152962_KISS-comparte-la-historia-detras-de-Rock-and-Roll-All.jpg","type":"image\/jpeg"}],"author":"Javier Figueroa","twitter_card":"summary_large_image","twitter_misc":{"Escrito por":"Javier Figueroa","Tiempo de lectura":"2 minutos"},"schema":{"@context":"https:\/\/schema.org","@graph":[{"@type":"Article","@id":"https:\/\/web.consaguirre.com.ar\/noticias\/kiss-comparte-la-historia-detras-de-rock-and-roll-all-nite-en-un-nuevo-clip-de-notas-al-pie-de-vevo\/#article","isPartOf":{"@id":"https:\/\/web.consaguirre.com.ar\/noticias\/kiss-comparte-la-historia-detras-de-rock-and-roll-all-nite-en-un-nuevo-clip-de-notas-al-pie-de-vevo\/"},"author":{"name":"Javier Figueroa","@id":"https:\/\/web.consaguirre.com.ar\/noticias\/#\/schema\/person\/6558b0cfedee7ddc5425602b237d5722"},"headline":"KISS comparte la historia detr\u00e1s de &#8216;Rock and Roll All Nite&#8217; en un nuevo clip de notas al pie de Vevo","datePublished":"2025-11-14T20:42:42+00:00","dateModified":"2025-11-14T20:42:43+00:00","mainEntityOfPage":{"@id":"https:\/\/web.consaguirre.com.ar\/noticias\/kiss-comparte-la-historia-detras-de-rock-and-roll-all-nite-en-un-nuevo-clip-de-notas-al-pie-de-vevo\/"},"wordCount":398,"publisher":{"@id":"https:\/\/web.consaguirre.com.ar\/noticias\/#organization"},"image":{"@id":"https:\/\/web.consaguirre.com.ar\/noticias\/kiss-comparte-la-historia-detras-de-rock-and-roll-all-nite-en-un-nuevo-clip-de-notas-al-pie-de-vevo\/#primaryimage"},"thumbnailUrl":"https:\/\/web.consaguirre.com.ar\/noticias\/wp-content\/uploads\/2025\/11\/1763152962_KISS-comparte-la-historia-detras-de-Rock-and-Roll-All.jpg","keywords":["clip","comparte","detr\u00e1s","historia","KISS","Nite","notas","nuevo","pie","Rock","Roll","Vevo"],"articleSection":["El \u00faltimo"],"inLanguage":"es-AR"},{"@type":"WebPage","@id":"https:\/\/web.consaguirre.com.ar\/noticias\/kiss-comparte-la-historia-detras-de-rock-and-roll-all-nite-en-un-nuevo-clip-de-notas-al-pie-de-vevo\/","url":"https:\/\/web.consaguirre.com.ar\/noticias\/kiss-comparte-la-historia-detras-de-rock-and-roll-all-nite-en-un-nuevo-clip-de-notas-al-pie-de-vevo\/","name":"KISS comparte la historia detr\u00e1s de 'Rock and Roll All Nite' en un nuevo clip de notas al pie de Vevo","isPartOf":{"@id":"https:\/\/web.consaguirre.com.ar\/noticias\/#website"},"primaryImageOfPage":{"@id":"https:\/\/web.consaguirre.com.ar\/noticias\/kiss-comparte-la-historia-detras-de-rock-and-roll-all-nite-en-un-nuevo-clip-de-notas-al-pie-de-vevo\/#primaryimage"},"image":{"@id":"https:\/\/web.consaguirre.com.ar\/noticias\/kiss-comparte-la-historia-detras-de-rock-and-roll-all-nite-en-un-nuevo-clip-de-notas-al-pie-de-vevo\/#primaryimage"},"thumbnailUrl":"https:\/\/web.consaguirre.com.ar\/noticias\/wp-content\/uploads\/2025\/11\/1763152962_KISS-comparte-la-historia-detras-de-Rock-and-Roll-All.jpg","datePublished":"2025-11-14T20:42:42+00:00","dateModified":"2025-11-14T20:42:43+00:00","breadcrumb":{"@id":"https:\/\/web.consaguirre.com.ar\/noticias\/kiss-comparte-la-historia-detras-de-rock-and-roll-all-nite-en-un-nuevo-clip-de-notas-al-pie-de-vevo\/#breadcrumb"},"inLanguage":"es-AR","potentialAction":[{"@type":"ReadAction","target":["https:\/\/web.consaguirre.com.ar\/noticias\/kiss-comparte-la-historia-detras-de-rock-and-roll-all-nite-en-un-nuevo-clip-de-notas-al-pie-de-vevo\/"]}]},{"@type":"ImageObject","inLanguage":"es-AR","@id":"https:\/\/web.consaguirre.com.ar\/noticias\/kiss-comparte-la-historia-detras-de-rock-and-roll-all-nite-en-un-nuevo-clip-de-notas-al-pie-de-vevo\/#primaryimage","url":"https:\/\/web.consaguirre.com.ar\/noticias\/wp-content\/uploads\/2025\/11\/1763152962_KISS-comparte-la-historia-detras-de-Rock-and-Roll-All.jpg","contentUrl":"https:\/\/web.consaguirre.com.ar\/noticias\/wp-content\/uploads\/2025\/11\/1763152962_KISS-comparte-la-historia-detras-de-Rock-and-Roll-All.jpg","width":1280,"height":1280,"caption":"KISS comparte la historia detr\u00e1s de 'Rock and Roll All Nite' en un nuevo clip de notas al pie de Vevo"},{"@type":"BreadcrumbList","@id":"https:\/\/web.consaguirre.com.ar\/noticias\/kiss-comparte-la-historia-detras-de-rock-and-roll-all-nite-en-un-nuevo-clip-de-notas-al-pie-de-vevo\/#breadcrumb","itemListElement":[{"@type":"ListItem","position":1,"name":"Inicio","item":"https:\/\/web.consaguirre.com.ar\/noticias\/"},{"@type":"ListItem","position":2,"name":"KISS comparte la historia detr\u00e1s de &#8216;Rock and Roll All Nite&#8217; en un nuevo clip de notas al pie de Vevo"}]},{"@type":"WebSite","@id":"https:\/\/web.consaguirre.com.ar\/noticias\/#website","url":"https:\/\/web.consaguirre.com.ar\/noticias\/","name":"Conservatorio de M\u00fasica Juli\u00e1n Aguirre","description":"","publisher":{"@id":"https:\/\/web.consaguirre.com.ar\/noticias\/#organization"},"potentialAction":[{"@type":"SearchAction","target":{"@type":"EntryPoint","urlTemplate":"https:\/\/web.consaguirre.com.ar\/noticias\/?s={search_term_string}"},"query-input":"required name=search_term_string"}],"inLanguage":"es-AR"},{"@type":"Organization","@id":"https:\/\/web.consaguirre.com.ar\/noticias\/#organization","name":"Conservatorio de M\u00fasica Juli\u00e1n Aguirre","url":"https:\/\/web.consaguirre.com.ar\/noticias\/","logo":{"@type":"ImageObject","inLanguage":"es-AR","@id":"https:\/\/web.consaguirre.com.ar\/noticias\/#\/schema\/logo\/image\/","url":"https:\/\/web.consaguirre.com.ar\/noticias\/wp-content\/uploads\/2024\/08\/Banner-Aguirre-23.jpg","contentUrl":"https:\/\/web.consaguirre.com.ar\/noticias\/wp-content\/uploads\/2024\/08\/Banner-Aguirre-23.jpg","width":1192,"height":600,"caption":"Conservatorio de M\u00fasica Juli\u00e1n Aguirre"},"image":{"@id":"https:\/\/web.consaguirre.com.ar\/noticias\/#\/schema\/logo\/image\/"}},{"@type":"Person","@id":"https:\/\/web.consaguirre.com.ar\/noticias\/#\/schema\/person\/6558b0cfedee7ddc5425602b237d5722","name":"Javier Figueroa","image":{"@type":"ImageObject","inLanguage":"es-AR","@id":"https:\/\/web.consaguirre.com.ar\/noticias\/#\/schema\/person\/image\/","url":"https:\/\/web.consaguirre.com.ar\/noticias\/wp-content\/uploads\/2024\/08\/Consaguirre-scaled.jpg","contentUrl":"https:\/\/web.consaguirre.com.ar\/noticias\/wp-content\/uploads\/2024\/08\/Consaguirre-scaled.jpg","caption":"Javier Figueroa"},"description":"Me llamo Javier Figueroa y soy redactor para el sitio oficial del Conservatorio de M\u00fasica Juli\u00e1n Aguirre en Buenos Aires, consaguirre.com. Apasionado por la m\u00fasica y la escritura, me esfuerzo por destacar los talentos y eventos de nuestra prestigiosa instituci\u00f3n. Mi trayectoria se nutre de una profunda admiraci\u00f3n por los artistas, haciendo de cada art\u00edculo una celebraci\u00f3n de la creatividad y la cultura musical.","sameAs":["https:\/\/web.consaguirre.com.ar\/noticias"]}]}},"_links":{"self":[{"href":"https:\/\/web.consaguirre.com.ar\/noticias\/wp-json\/wp\/v2\/posts\/4365"}],"collection":[{"href":"https:\/\/web.consaguirre.com.ar\/noticias\/wp-json\/wp\/v2\/posts"}],"about":[{"href":"https:\/\/web.consaguirre.com.ar\/noticias\/wp-json\/wp\/v2\/types\/post"}],"author":[{"embeddable":true,"href":"https:\/\/web.consaguirre.com.ar\/noticias\/wp-json\/wp\/v2\/users\/1"}],"replies":[{"embeddable":true,"href":"https:\/\/web.consaguirre.com.ar\/noticias\/wp-json\/wp\/v2\/comments?post=4365"}],"version-history":[{"count":1,"href":"https:\/\/web.consaguirre.com.ar\/noticias\/wp-json\/wp\/v2\/posts\/4365\/revisions"}],"predecessor-version":[{"id":4367,"href":"https:\/\/web.consaguirre.com.ar\/noticias\/wp-json\/wp\/v2\/posts\/4365\/revisions\/4367"}],"wp:featuredmedia":[{"embeddable":true,"href":"https:\/\/web.consaguirre.com.ar\/noticias\/wp-json\/wp\/v2\/media\/4366"}],"wp:attachment":[{"href":"https:\/\/web.consaguirre.com.ar\/noticias\/wp-json\/wp\/v2\/media?parent=4365"}],"wp:term":[{"taxonomy":"category","embeddable":true,"href":"https:\/\/web.consaguirre.com.ar\/noticias\/wp-json\/wp\/v2\/categories?post=4365"},{"taxonomy":"post_tag","embeddable":true,"href":"https:\/\/web.consaguirre.com.ar\/noticias\/wp-json\/wp\/v2\/tags?post=4365"}],"curies":[{"name":"wp","href":"https:\/\/api.w.org\/{rel}","templated":true}]}}