{"id":4338,"date":"2025-11-12T02:38:16","date_gmt":"2025-11-12T05:38:16","guid":{"rendered":"https:\/\/web.consaguirre.com.ar\/noticias\/el-salon-de-la-fama-del-rock-roll-incorpora-la-promocion-2025\/"},"modified":"2025-11-12T02:38:18","modified_gmt":"2025-11-12T05:38:18","slug":"el-salon-de-la-fama-del-rock-roll-incorpora-la-promocion-2025","status":"publish","type":"post","link":"https:\/\/web.consaguirre.com.ar\/noticias\/el-salon-de-la-fama-del-rock-roll-incorpora-la-promocion-2025\/","title":{"rendered":"El Sal\u00f3n de la Fama del Rock &#038; Roll incorpora la promoci\u00f3n 2025"},"content":{"rendered":"<p>Una nueva ronda de artistas de renombre mundial se ha unido al Sal\u00f3n de la Fama del Rock &#038; Roll. La hist\u00f3rica instituci\u00f3n dio la bienvenida a su generaci\u00f3n 2025 en una ceremonia de incorporaci\u00f3n el s\u00e1bado por la noche en el Peacock Theatre de Los \u00c1ngeles.<\/p>\n<p>Los nominados por primera vez Joe Cocker, Outkast, Chubby Checker y Bad Company fueron consagrados en el Rock Hall este a\u00f1o, as\u00ed como los candidatos previamente nominados Soundgarden, White Stripes y Cyndi Lauper. Adem\u00e1s, Salt-N-Pepa y el fallecido Warren Zevon recibieron el Premio a la Influencia Musical, mientras que el Premio a la Excelencia Musical fue para Thom Bell, Carol Kaye y Nicky Hopkins. Lenny Waronker fue honrado con el Premio Ahmet Ertegun para ejecutivos de la industria musical.<\/p>\n<p>La noche estuvo llena de actuaciones, discursos y homenajes memorables. Un n\u00famero de apertura dirigido por Stevie Wonder en honor al fallecido Sly Stone fue complementado por un homenaje a Cocker de cierre dirigido por la Tedeschi Trucks Band, con la asistencia de Nathaniel Rateliff y Teddy Swims en \u201cThe Letter\u201d y \u201cFeelin&#8217; Alright\u201d, adem\u00e1s de un conjunto a\u00fan mayor de estrellas para \u201cWith a Little Help From My Friends\u201d. El final comenz\u00f3 con Bryan Adams introduciendo al difunto Cocker al Sal\u00f3n.<\/p>\n<p>La incorporaci\u00f3n de Soundgarden fue cortes\u00eda de Jim Carrey, quien luego cedi\u00f3 la palabra a Lily, la hija del fallecido Chris Cornell. &#8220;Estoy muy, muy feliz de que haya podido hacer m\u00fasica con sus amigos&#8221;, dijo. \u201cAl final del d\u00eda, de eso se trata\u201d. La hija menor de Cornell, Toni, cant\u00f3 \u201cFell On Black Days\u201d acompa\u00f1ada en la guitarra por Nancy Wilson, luego los miembros supervivientes de Soundgarden tocaron \u201cRusty Cage\u201d con Taylor Momsen y \u201cBlack Hole Sun\u201d con Brandi Carlile, adem\u00e1s de sus compa\u00f1eros veteranos del grunge Mike McCready de Pearl Jam y Jerry Cantrell de Alice In Chains.<\/p>\n<p>Missy Elliott estuvo presente para presentar a Salt-N-Pepa y calific\u00f3 el momento de \u201chist\u00f3rico\u201d, cuando Cheryl \u201cSalt\u201d James y Sandra \u201cPepa\u201d Denton se reunieron con DJ Spinderella para recibir su premio. \u201cEsto es para cada mujer que tom\u00f3 un micr\u00f3fono cuando le dijeron que no pod\u00eda, para cada hermana que tuvo que luchar el doble para ser escuchada, para cada artista que alguna vez tuvo que aprender que ser due\u00f1o es la verdadera libertad\u201d, dijo Salt a la multitud. Antes de subir al podio, el grupo interpret\u00f3 un popurr\u00ed de sus \u00e9xitos, incluidos \u201cMy Mic Sounds Nice\u201d, \u201cShoop\u201d y \u201cLet&#8217;s Talk About Sex\u201d.<\/p>\n<p>Algunos de los homenajeados vivos optaron por no actuar, pero los organizadores mantuvieron a grandes nombres circulando en el escenario para mantener la atenci\u00f3n sobre el legado de estos artistas. A lo largo de la noche, figuras como David Letterman, Olivia Rodrigo, Elton John, Donald Glover, Chappell Roan, Doja Cat, the Killers, Flea, Jennifer Hudson, Janelle Monae y muchos m\u00e1s tomaron un micr\u00f3fono para ayudar a introducir esta \u00faltima lista de grandes en el Rock Hall.<\/p>\n","protected":false},"excerpt":{"rendered":"<p>Una nueva ronda de artistas de renombre mundial se ha unido al Sal\u00f3n de la Fama del Rock &#038; Roll. La hist\u00f3rica instituci\u00f3n dio la<\/p>\n","protected":false},"author":1,"featured_media":4339,"comment_status":"closed","ping_status":"","sticky":false,"template":"","format":"standard","meta":{"footnotes":""},"categories":[50],"tags":[10,870,3502,3503,516,145,1019],"class_list":["post-4338","post","type-post","status-publish","format-standard","has-post-thumbnail","hentry","category-el-ultimo","tag-del","tag-fama","tag-incorpora","tag-promocion","tag-rock","tag-roll","tag-salon","generate-columns","tablet-grid-50","mobile-grid-100","grid-parent","grid-50"],"yoast_head":"<!-- This site is optimized with the Yoast SEO plugin v23.3 - https:\/\/yoast.com\/wordpress\/plugins\/seo\/ -->\n<title>El Sal\u00f3n de la Fama del Rock &amp; Roll incorpora la promoci\u00f3n 2025<\/title>\n<meta name=\"robots\" content=\"index, follow, max-snippet:-1, max-image-preview:large, max-video-preview:-1\" \/>\n<link rel=\"canonical\" href=\"https:\/\/web.consaguirre.com.ar\/noticias\/el-salon-de-la-fama-del-rock-roll-incorpora-la-promocion-2025\/\" \/>\n<meta property=\"og:locale\" content=\"es_ES\" \/>\n<meta property=\"og:type\" content=\"article\" \/>\n<meta property=\"og:title\" content=\"El Sal\u00f3n de la Fama del Rock &amp; Roll incorpora la promoci\u00f3n 2025\" \/>\n<meta property=\"og:description\" content=\"Una nueva ronda de artistas de renombre mundial se ha unido al Sal\u00f3n de la Fama del Rock &#038; Roll. La hist\u00f3rica instituci\u00f3n dio la\" \/>\n<meta property=\"og:url\" content=\"https:\/\/web.consaguirre.com.ar\/noticias\/el-salon-de-la-fama-del-rock-roll-incorpora-la-promocion-2025\/\" \/>\n<meta property=\"og:site_name\" content=\"Conservatorio de M\u00fasica Juli\u00e1n Aguirre\" \/>\n<meta property=\"article:published_time\" content=\"2025-11-12T05:38:16+00:00\" \/>\n<meta property=\"article:modified_time\" content=\"2025-11-12T05:38:18+00:00\" \/>\n<meta property=\"og:image\" content=\"https:\/\/web.consaguirre.com.ar\/noticias\/wp-content\/uploads\/2025\/11\/El-Salon-de-la-Fama-del-Rock-Roll-incorpora.jpg\" \/>\n\t<meta property=\"og:image:width\" content=\"1440\" \/>\n\t<meta property=\"og:image:height\" content=\"864\" \/>\n\t<meta property=\"og:image:type\" content=\"image\/jpeg\" \/>\n<meta name=\"author\" content=\"Javier Figueroa\" \/>\n<meta name=\"twitter:card\" content=\"summary_large_image\" \/>\n<meta name=\"twitter:label1\" content=\"Escrito por\" \/>\n\t<meta name=\"twitter:data1\" content=\"Javier Figueroa\" \/>\n\t<meta name=\"twitter:label2\" content=\"Tiempo de lectura\" \/>\n\t<meta name=\"twitter:data2\" content=\"3 minutos\" \/>\n<script type=\"application\/ld+json\" class=\"yoast-schema-graph\">{\"@context\":\"https:\/\/schema.org\",\"@graph\":[{\"@type\":\"Article\",\"@id\":\"https:\/\/web.consaguirre.com.ar\/noticias\/el-salon-de-la-fama-del-rock-roll-incorpora-la-promocion-2025\/#article\",\"isPartOf\":{\"@id\":\"https:\/\/web.consaguirre.com.ar\/noticias\/el-salon-de-la-fama-del-rock-roll-incorpora-la-promocion-2025\/\"},\"author\":{\"name\":\"Javier Figueroa\",\"@id\":\"https:\/\/web.consaguirre.com.ar\/noticias\/#\/schema\/person\/6558b0cfedee7ddc5425602b237d5722\"},\"headline\":\"El Sal\u00f3n de la Fama del Rock &#038; Roll incorpora la promoci\u00f3n 2025\",\"datePublished\":\"2025-11-12T05:38:16+00:00\",\"dateModified\":\"2025-11-12T05:38:18+00:00\",\"mainEntityOfPage\":{\"@id\":\"https:\/\/web.consaguirre.com.ar\/noticias\/el-salon-de-la-fama-del-rock-roll-incorpora-la-promocion-2025\/\"},\"wordCount\":525,\"publisher\":{\"@id\":\"https:\/\/web.consaguirre.com.ar\/noticias\/#organization\"},\"image\":{\"@id\":\"https:\/\/web.consaguirre.com.ar\/noticias\/el-salon-de-la-fama-del-rock-roll-incorpora-la-promocion-2025\/#primaryimage\"},\"thumbnailUrl\":\"https:\/\/web.consaguirre.com.ar\/noticias\/wp-content\/uploads\/2025\/11\/El-Salon-de-la-Fama-del-Rock-Roll-incorpora.jpg\",\"keywords\":[\"del\",\"Fama\",\"incorpora\",\"promoci\u00f3n\",\"Rock\",\"Roll\",\"Sal\u00f3n\"],\"articleSection\":[\"El \u00faltimo\"],\"inLanguage\":\"es-AR\"},{\"@type\":\"WebPage\",\"@id\":\"https:\/\/web.consaguirre.com.ar\/noticias\/el-salon-de-la-fama-del-rock-roll-incorpora-la-promocion-2025\/\",\"url\":\"https:\/\/web.consaguirre.com.ar\/noticias\/el-salon-de-la-fama-del-rock-roll-incorpora-la-promocion-2025\/\",\"name\":\"El Sal\u00f3n de la Fama del Rock & Roll incorpora la promoci\u00f3n 2025\",\"isPartOf\":{\"@id\":\"https:\/\/web.consaguirre.com.ar\/noticias\/#website\"},\"primaryImageOfPage\":{\"@id\":\"https:\/\/web.consaguirre.com.ar\/noticias\/el-salon-de-la-fama-del-rock-roll-incorpora-la-promocion-2025\/#primaryimage\"},\"image\":{\"@id\":\"https:\/\/web.consaguirre.com.ar\/noticias\/el-salon-de-la-fama-del-rock-roll-incorpora-la-promocion-2025\/#primaryimage\"},\"thumbnailUrl\":\"https:\/\/web.consaguirre.com.ar\/noticias\/wp-content\/uploads\/2025\/11\/El-Salon-de-la-Fama-del-Rock-Roll-incorpora.jpg\",\"datePublished\":\"2025-11-12T05:38:16+00:00\",\"dateModified\":\"2025-11-12T05:38:18+00:00\",\"breadcrumb\":{\"@id\":\"https:\/\/web.consaguirre.com.ar\/noticias\/el-salon-de-la-fama-del-rock-roll-incorpora-la-promocion-2025\/#breadcrumb\"},\"inLanguage\":\"es-AR\",\"potentialAction\":[{\"@type\":\"ReadAction\",\"target\":[\"https:\/\/web.consaguirre.com.ar\/noticias\/el-salon-de-la-fama-del-rock-roll-incorpora-la-promocion-2025\/\"]}]},{\"@type\":\"ImageObject\",\"inLanguage\":\"es-AR\",\"@id\":\"https:\/\/web.consaguirre.com.ar\/noticias\/el-salon-de-la-fama-del-rock-roll-incorpora-la-promocion-2025\/#primaryimage\",\"url\":\"https:\/\/web.consaguirre.com.ar\/noticias\/wp-content\/uploads\/2025\/11\/El-Salon-de-la-Fama-del-Rock-Roll-incorpora.jpg\",\"contentUrl\":\"https:\/\/web.consaguirre.com.ar\/noticias\/wp-content\/uploads\/2025\/11\/El-Salon-de-la-Fama-del-Rock-Roll-incorpora.jpg\",\"width\":1440,\"height\":864,\"caption\":\"El Sal\u00f3n de la Fama del Rock & Roll incorpora la promoci\u00f3n 2025\"},{\"@type\":\"BreadcrumbList\",\"@id\":\"https:\/\/web.consaguirre.com.ar\/noticias\/el-salon-de-la-fama-del-rock-roll-incorpora-la-promocion-2025\/#breadcrumb\",\"itemListElement\":[{\"@type\":\"ListItem\",\"position\":1,\"name\":\"Inicio\",\"item\":\"https:\/\/web.consaguirre.com.ar\/noticias\/\"},{\"@type\":\"ListItem\",\"position\":2,\"name\":\"El Sal\u00f3n de la Fama del Rock &#038; Roll incorpora la promoci\u00f3n 2025\"}]},{\"@type\":\"WebSite\",\"@id\":\"https:\/\/web.consaguirre.com.ar\/noticias\/#website\",\"url\":\"https:\/\/web.consaguirre.com.ar\/noticias\/\",\"name\":\"Conservatorio de M\u00fasica Juli\u00e1n Aguirre\",\"description\":\"\",\"publisher\":{\"@id\":\"https:\/\/web.consaguirre.com.ar\/noticias\/#organization\"},\"potentialAction\":[{\"@type\":\"SearchAction\",\"target\":{\"@type\":\"EntryPoint\",\"urlTemplate\":\"https:\/\/web.consaguirre.com.ar\/noticias\/?s={search_term_string}\"},\"query-input\":\"required name=search_term_string\"}],\"inLanguage\":\"es-AR\"},{\"@type\":\"Organization\",\"@id\":\"https:\/\/web.consaguirre.com.ar\/noticias\/#organization\",\"name\":\"Conservatorio de M\u00fasica Juli\u00e1n Aguirre\",\"url\":\"https:\/\/web.consaguirre.com.ar\/noticias\/\",\"logo\":{\"@type\":\"ImageObject\",\"inLanguage\":\"es-AR\",\"@id\":\"https:\/\/web.consaguirre.com.ar\/noticias\/#\/schema\/logo\/image\/\",\"url\":\"https:\/\/web.consaguirre.com.ar\/noticias\/wp-content\/uploads\/2024\/08\/Banner-Aguirre-23.jpg\",\"contentUrl\":\"https:\/\/web.consaguirre.com.ar\/noticias\/wp-content\/uploads\/2024\/08\/Banner-Aguirre-23.jpg\",\"width\":1192,\"height\":600,\"caption\":\"Conservatorio de M\u00fasica Juli\u00e1n Aguirre\"},\"image\":{\"@id\":\"https:\/\/web.consaguirre.com.ar\/noticias\/#\/schema\/logo\/image\/\"}},{\"@type\":\"Person\",\"@id\":\"https:\/\/web.consaguirre.com.ar\/noticias\/#\/schema\/person\/6558b0cfedee7ddc5425602b237d5722\",\"name\":\"Javier Figueroa\",\"image\":{\"@type\":\"ImageObject\",\"inLanguage\":\"es-AR\",\"@id\":\"https:\/\/web.consaguirre.com.ar\/noticias\/#\/schema\/person\/image\/\",\"url\":\"https:\/\/web.consaguirre.com.ar\/noticias\/wp-content\/uploads\/2024\/08\/Consaguirre-scaled.jpg\",\"contentUrl\":\"https:\/\/web.consaguirre.com.ar\/noticias\/wp-content\/uploads\/2024\/08\/Consaguirre-scaled.jpg\",\"caption\":\"Javier Figueroa\"},\"description\":\"Me llamo Javier Figueroa y soy redactor para el sitio oficial del Conservatorio de M\u00fasica Juli\u00e1n Aguirre en Buenos Aires, consaguirre.com. Apasionado por la m\u00fasica y la escritura, me esfuerzo por destacar los talentos y eventos de nuestra prestigiosa instituci\u00f3n. Mi trayectoria se nutre de una profunda admiraci\u00f3n por los artistas, haciendo de cada art\u00edculo una celebraci\u00f3n de la creatividad y la cultura musical.\",\"sameAs\":[\"https:\/\/web.consaguirre.com.ar\/noticias\"]}]}<\/script>\n<!-- \/ Yoast SEO plugin. -->","yoast_head_json":{"title":"El Sal\u00f3n de la Fama del Rock & Roll incorpora la promoci\u00f3n 2025","robots":{"index":"index","follow":"follow","max-snippet":"max-snippet:-1","max-image-preview":"max-image-preview:large","max-video-preview":"max-video-preview:-1"},"canonical":"https:\/\/web.consaguirre.com.ar\/noticias\/el-salon-de-la-fama-del-rock-roll-incorpora-la-promocion-2025\/","og_locale":"es_ES","og_type":"article","og_title":"El Sal\u00f3n de la Fama del Rock & Roll incorpora la promoci\u00f3n 2025","og_description":"Una nueva ronda de artistas de renombre mundial se ha unido al Sal\u00f3n de la Fama del Rock &#038; Roll. La hist\u00f3rica instituci\u00f3n dio la","og_url":"https:\/\/web.consaguirre.com.ar\/noticias\/el-salon-de-la-fama-del-rock-roll-incorpora-la-promocion-2025\/","og_site_name":"Conservatorio de M\u00fasica Juli\u00e1n Aguirre","article_published_time":"2025-11-12T05:38:16+00:00","article_modified_time":"2025-11-12T05:38:18+00:00","og_image":[{"width":1440,"height":864,"url":"https:\/\/web.consaguirre.com.ar\/noticias\/wp-content\/uploads\/2025\/11\/El-Salon-de-la-Fama-del-Rock-Roll-incorpora.jpg","type":"image\/jpeg"}],"author":"Javier Figueroa","twitter_card":"summary_large_image","twitter_misc":{"Escrito por":"Javier Figueroa","Tiempo de lectura":"3 minutos"},"schema":{"@context":"https:\/\/schema.org","@graph":[{"@type":"Article","@id":"https:\/\/web.consaguirre.com.ar\/noticias\/el-salon-de-la-fama-del-rock-roll-incorpora-la-promocion-2025\/#article","isPartOf":{"@id":"https:\/\/web.consaguirre.com.ar\/noticias\/el-salon-de-la-fama-del-rock-roll-incorpora-la-promocion-2025\/"},"author":{"name":"Javier Figueroa","@id":"https:\/\/web.consaguirre.com.ar\/noticias\/#\/schema\/person\/6558b0cfedee7ddc5425602b237d5722"},"headline":"El Sal\u00f3n de la Fama del Rock &#038; Roll incorpora la promoci\u00f3n 2025","datePublished":"2025-11-12T05:38:16+00:00","dateModified":"2025-11-12T05:38:18+00:00","mainEntityOfPage":{"@id":"https:\/\/web.consaguirre.com.ar\/noticias\/el-salon-de-la-fama-del-rock-roll-incorpora-la-promocion-2025\/"},"wordCount":525,"publisher":{"@id":"https:\/\/web.consaguirre.com.ar\/noticias\/#organization"},"image":{"@id":"https:\/\/web.consaguirre.com.ar\/noticias\/el-salon-de-la-fama-del-rock-roll-incorpora-la-promocion-2025\/#primaryimage"},"thumbnailUrl":"https:\/\/web.consaguirre.com.ar\/noticias\/wp-content\/uploads\/2025\/11\/El-Salon-de-la-Fama-del-Rock-Roll-incorpora.jpg","keywords":["del","Fama","incorpora","promoci\u00f3n","Rock","Roll","Sal\u00f3n"],"articleSection":["El \u00faltimo"],"inLanguage":"es-AR"},{"@type":"WebPage","@id":"https:\/\/web.consaguirre.com.ar\/noticias\/el-salon-de-la-fama-del-rock-roll-incorpora-la-promocion-2025\/","url":"https:\/\/web.consaguirre.com.ar\/noticias\/el-salon-de-la-fama-del-rock-roll-incorpora-la-promocion-2025\/","name":"El Sal\u00f3n de la Fama del Rock & Roll incorpora la promoci\u00f3n 2025","isPartOf":{"@id":"https:\/\/web.consaguirre.com.ar\/noticias\/#website"},"primaryImageOfPage":{"@id":"https:\/\/web.consaguirre.com.ar\/noticias\/el-salon-de-la-fama-del-rock-roll-incorpora-la-promocion-2025\/#primaryimage"},"image":{"@id":"https:\/\/web.consaguirre.com.ar\/noticias\/el-salon-de-la-fama-del-rock-roll-incorpora-la-promocion-2025\/#primaryimage"},"thumbnailUrl":"https:\/\/web.consaguirre.com.ar\/noticias\/wp-content\/uploads\/2025\/11\/El-Salon-de-la-Fama-del-Rock-Roll-incorpora.jpg","datePublished":"2025-11-12T05:38:16+00:00","dateModified":"2025-11-12T05:38:18+00:00","breadcrumb":{"@id":"https:\/\/web.consaguirre.com.ar\/noticias\/el-salon-de-la-fama-del-rock-roll-incorpora-la-promocion-2025\/#breadcrumb"},"inLanguage":"es-AR","potentialAction":[{"@type":"ReadAction","target":["https:\/\/web.consaguirre.com.ar\/noticias\/el-salon-de-la-fama-del-rock-roll-incorpora-la-promocion-2025\/"]}]},{"@type":"ImageObject","inLanguage":"es-AR","@id":"https:\/\/web.consaguirre.com.ar\/noticias\/el-salon-de-la-fama-del-rock-roll-incorpora-la-promocion-2025\/#primaryimage","url":"https:\/\/web.consaguirre.com.ar\/noticias\/wp-content\/uploads\/2025\/11\/El-Salon-de-la-Fama-del-Rock-Roll-incorpora.jpg","contentUrl":"https:\/\/web.consaguirre.com.ar\/noticias\/wp-content\/uploads\/2025\/11\/El-Salon-de-la-Fama-del-Rock-Roll-incorpora.jpg","width":1440,"height":864,"caption":"El Sal\u00f3n de la Fama del Rock & Roll incorpora la promoci\u00f3n 2025"},{"@type":"BreadcrumbList","@id":"https:\/\/web.consaguirre.com.ar\/noticias\/el-salon-de-la-fama-del-rock-roll-incorpora-la-promocion-2025\/#breadcrumb","itemListElement":[{"@type":"ListItem","position":1,"name":"Inicio","item":"https:\/\/web.consaguirre.com.ar\/noticias\/"},{"@type":"ListItem","position":2,"name":"El Sal\u00f3n de la Fama del Rock &#038; Roll incorpora la promoci\u00f3n 2025"}]},{"@type":"WebSite","@id":"https:\/\/web.consaguirre.com.ar\/noticias\/#website","url":"https:\/\/web.consaguirre.com.ar\/noticias\/","name":"Conservatorio de M\u00fasica Juli\u00e1n Aguirre","description":"","publisher":{"@id":"https:\/\/web.consaguirre.com.ar\/noticias\/#organization"},"potentialAction":[{"@type":"SearchAction","target":{"@type":"EntryPoint","urlTemplate":"https:\/\/web.consaguirre.com.ar\/noticias\/?s={search_term_string}"},"query-input":"required name=search_term_string"}],"inLanguage":"es-AR"},{"@type":"Organization","@id":"https:\/\/web.consaguirre.com.ar\/noticias\/#organization","name":"Conservatorio de M\u00fasica Juli\u00e1n Aguirre","url":"https:\/\/web.consaguirre.com.ar\/noticias\/","logo":{"@type":"ImageObject","inLanguage":"es-AR","@id":"https:\/\/web.consaguirre.com.ar\/noticias\/#\/schema\/logo\/image\/","url":"https:\/\/web.consaguirre.com.ar\/noticias\/wp-content\/uploads\/2024\/08\/Banner-Aguirre-23.jpg","contentUrl":"https:\/\/web.consaguirre.com.ar\/noticias\/wp-content\/uploads\/2024\/08\/Banner-Aguirre-23.jpg","width":1192,"height":600,"caption":"Conservatorio de M\u00fasica Juli\u00e1n Aguirre"},"image":{"@id":"https:\/\/web.consaguirre.com.ar\/noticias\/#\/schema\/logo\/image\/"}},{"@type":"Person","@id":"https:\/\/web.consaguirre.com.ar\/noticias\/#\/schema\/person\/6558b0cfedee7ddc5425602b237d5722","name":"Javier Figueroa","image":{"@type":"ImageObject","inLanguage":"es-AR","@id":"https:\/\/web.consaguirre.com.ar\/noticias\/#\/schema\/person\/image\/","url":"https:\/\/web.consaguirre.com.ar\/noticias\/wp-content\/uploads\/2024\/08\/Consaguirre-scaled.jpg","contentUrl":"https:\/\/web.consaguirre.com.ar\/noticias\/wp-content\/uploads\/2024\/08\/Consaguirre-scaled.jpg","caption":"Javier Figueroa"},"description":"Me llamo Javier Figueroa y soy redactor para el sitio oficial del Conservatorio de M\u00fasica Juli\u00e1n Aguirre en Buenos Aires, consaguirre.com. Apasionado por la m\u00fasica y la escritura, me esfuerzo por destacar los talentos y eventos de nuestra prestigiosa instituci\u00f3n. Mi trayectoria se nutre de una profunda admiraci\u00f3n por los artistas, haciendo de cada art\u00edculo una celebraci\u00f3n de la creatividad y la cultura musical.","sameAs":["https:\/\/web.consaguirre.com.ar\/noticias"]}]}},"_links":{"self":[{"href":"https:\/\/web.consaguirre.com.ar\/noticias\/wp-json\/wp\/v2\/posts\/4338"}],"collection":[{"href":"https:\/\/web.consaguirre.com.ar\/noticias\/wp-json\/wp\/v2\/posts"}],"about":[{"href":"https:\/\/web.consaguirre.com.ar\/noticias\/wp-json\/wp\/v2\/types\/post"}],"author":[{"embeddable":true,"href":"https:\/\/web.consaguirre.com.ar\/noticias\/wp-json\/wp\/v2\/users\/1"}],"replies":[{"embeddable":true,"href":"https:\/\/web.consaguirre.com.ar\/noticias\/wp-json\/wp\/v2\/comments?post=4338"}],"version-history":[{"count":1,"href":"https:\/\/web.consaguirre.com.ar\/noticias\/wp-json\/wp\/v2\/posts\/4338\/revisions"}],"predecessor-version":[{"id":4340,"href":"https:\/\/web.consaguirre.com.ar\/noticias\/wp-json\/wp\/v2\/posts\/4338\/revisions\/4340"}],"wp:featuredmedia":[{"embeddable":true,"href":"https:\/\/web.consaguirre.com.ar\/noticias\/wp-json\/wp\/v2\/media\/4339"}],"wp:attachment":[{"href":"https:\/\/web.consaguirre.com.ar\/noticias\/wp-json\/wp\/v2\/media?parent=4338"}],"wp:term":[{"taxonomy":"category","embeddable":true,"href":"https:\/\/web.consaguirre.com.ar\/noticias\/wp-json\/wp\/v2\/categories?post=4338"},{"taxonomy":"post_tag","embeddable":true,"href":"https:\/\/web.consaguirre.com.ar\/noticias\/wp-json\/wp\/v2\/tags?post=4338"}],"curies":[{"name":"wp","href":"https:\/\/api.w.org\/{rel}","templated":true}]}}