{"id":4329,"date":"2025-11-11T17:38:33","date_gmt":"2025-11-11T20:38:33","guid":{"rendered":"https:\/\/web.consaguirre.com.ar\/noticias\/cafe-bleu-de-the-style-council-recibe-una-reedicion-de-lujo\/"},"modified":"2025-11-11T17:38:34","modified_gmt":"2025-11-11T20:38:34","slug":"cafe-bleu-de-the-style-council-recibe-una-reedicion-de-lujo","status":"publish","type":"post","link":"https:\/\/web.consaguirre.com.ar\/noticias\/cafe-bleu-de-the-style-council-recibe-una-reedicion-de-lujo\/","title":{"rendered":"&#8216;Caf\u00e9 Bleu&#8217; de The Style Council recibe una reedici\u00f3n de lujo"},"content":{"rendered":"<p>The Style Council, que Paul Weller fund\u00f3 despu\u00e9s de disolver inesperadamente The Jam en 1982, reeditar\u00e1 su innovador debut de 1984, <em>Caf\u00e9 Azul<\/em>. La edici\u00f3n especial de 6CD y 3LP llegar\u00e1 el 30 de enero a Universal Music Recordings.<\/p>\n<p>Weller, junto con su fiel colaborador Mick Talbot (ex miembro de Dexys Midnight Runners y del grupo mod The Merton Parkas), inmediatamente comenzaron a causar sensaci\u00f3n con su inesperada y divertida mezcla de g\u00e9neros familiares como jazz, pop, soul y m\u00e1s.<\/p>\n<div class=\"uD-YT-container\"><img decoding=\"async\" src=\"https:\/\/web.consaguirre.com.ar\/noticias\/wp-content\/uploads\/2025\/11\/1762893513_101_Cafe-Bleu-de-The-Style-Council-recibe-una-reedicion-de.jpg\" alt=\"V\u00eddeo de YouTube\"><br \/>Haga clic para cargar v\u00eddeo<\/div>\n<p>Para el \u00e1lbum, Weller y Talbot agregaron a los miembros Ben Watt y Tracey Thorn de Everything But the Girl, la entonces esposa de Weller, Dee C. Lee, en la voz, trompetistas especializados y Bobby Valentino en el viol\u00edn.<\/p>\n<p>Con esta nueva reedici\u00f3n, The Style Council ha profundizado en las b\u00f3vedas, desenterrando una serie de tesoros in\u00e9ditos que har\u00e1n las delicias de los fans de Weller. <em>Caf\u00e9 Azul Edici\u00f3n Especial<\/em> Incluye demos iniciales, tomas alternativas y canciones in\u00e9ditas. Adem\u00e1s, el lanzamiento incluye una colecci\u00f3n de sesiones de la BBC y grabaciones en vivo.<\/p>\n<p>Tambi\u00e9n hay notas de portada de emisoras y veteranos. <em>Caf\u00e9 Azul<\/em> campe\u00f3n Gary Crowley, as\u00ed como caracter\u00edsticas adicionales como la edici\u00f3n extendida de <em>Presentamos\u2026 El Consejo de Estilo<\/em>anteriormente solo disponible como importaci\u00f3n holandesa, y todos los sencillos, caras B, remezclas y demos relacionados del <em>Caf\u00e9 Azul<\/em> era.<\/p>\n<p>La colecci\u00f3n incluye demos in\u00e9ditos, tomas descartadas y versiones alternativas, destacadas por una versi\u00f3n de principios de 1982 de \u201cLong Hot Summer\u201d. Otros cortes descubiertos incluyen \u201cBoy Hairdresser\u201d, que fue escrito originalmente para la artista de Respond, Tracie Young; y una primera versi\u00f3n de \u201cSummertime Song\u201d. El lanzamiento tambi\u00e9n incluye algunas pistas instrumentales nunca antes escuchadas de Mick Talbot, incluida una versi\u00f3n mejorada de \u201cParty Chambers\u201d y \u201cMick&#8217;s Demo\u201d.<\/p>\n<p>Mientras tanto, los lanzamientos en vivo incluyen grabaciones de Gold Diggers de Cheltenham y del Dominion Theatre de Londres, adem\u00e1s de sesiones de BBC Radio One. Esas actuaciones incluyen versiones impresionantes de \u201cHeadstart for Happiness\u201d, \u201cThe Paris Match\u201d, \u201cLong Hot Summer\u201d y \u201cMy Ever Changing Moods\u201d.<\/p>\n<p><b>Ordene el Consejo de Estilo <em>Caf\u00e9 Azul Edici\u00f3n Especial<\/em> ahora.<\/b><\/p>\n","protected":false},"excerpt":{"rendered":"<p>The Style Council, que Paul Weller fund\u00f3 despu\u00e9s de disolver inesperadamente The Jam en 1982, reeditar\u00e1 su innovador debut de 1984, Caf\u00e9 Azul. La edici\u00f3n<\/p>\n","protected":false},"author":1,"featured_media":4330,"comment_status":"closed","ping_status":"","sticky":false,"template":"","format":"standard","meta":{"footnotes":""},"categories":[50],"tags":[3497,1947,3499,298,177,117,3498,191],"class_list":["post-4329","post","type-post","status-publish","format-standard","has-post-thumbnail","hentry","category-el-ultimo","tag-bleu","tag-cafe","tag-council","tag-lujo","tag-recibe","tag-reedicion","tag-style","tag-una","generate-columns","tablet-grid-50","mobile-grid-100","grid-parent","grid-50"],"yoast_head":"<!-- This site is optimized with the Yoast SEO plugin v23.3 - https:\/\/yoast.com\/wordpress\/plugins\/seo\/ -->\n<title>&#039;Caf\u00e9 Bleu&#039; de The Style Council recibe una reedici\u00f3n de lujo<\/title>\n<meta name=\"robots\" content=\"index, follow, max-snippet:-1, max-image-preview:large, max-video-preview:-1\" \/>\n<link rel=\"canonical\" href=\"https:\/\/web.consaguirre.com.ar\/noticias\/cafe-bleu-de-the-style-council-recibe-una-reedicion-de-lujo\/\" \/>\n<meta property=\"og:locale\" content=\"es_ES\" \/>\n<meta property=\"og:type\" content=\"article\" \/>\n<meta property=\"og:title\" content=\"&#039;Caf\u00e9 Bleu&#039; de The Style Council recibe una reedici\u00f3n de lujo\" \/>\n<meta property=\"og:description\" content=\"The Style Council, que Paul Weller fund\u00f3 despu\u00e9s de disolver inesperadamente The Jam en 1982, reeditar\u00e1 su innovador debut de 1984, Caf\u00e9 Azul. La edici\u00f3n\" \/>\n<meta property=\"og:url\" content=\"https:\/\/web.consaguirre.com.ar\/noticias\/cafe-bleu-de-the-style-council-recibe-una-reedicion-de-lujo\/\" \/>\n<meta property=\"og:site_name\" content=\"Conservatorio de M\u00fasica Juli\u00e1n Aguirre\" \/>\n<meta property=\"article:published_time\" content=\"2025-11-11T20:38:33+00:00\" \/>\n<meta property=\"article:modified_time\" content=\"2025-11-11T20:38:34+00:00\" \/>\n<meta property=\"og:image\" content=\"https:\/\/web.consaguirre.com.ar\/noticias\/wp-content\/uploads\/2025\/11\/Cafe-Bleu-de-The-Style-Council-recibe-una-reedicion-de.jpg\" \/>\n\t<meta property=\"og:image:width\" content=\"820\" \/>\n\t<meta property=\"og:image:height\" content=\"820\" \/>\n\t<meta property=\"og:image:type\" content=\"image\/jpeg\" \/>\n<meta name=\"author\" content=\"Javier Figueroa\" \/>\n<meta name=\"twitter:card\" content=\"summary_large_image\" \/>\n<meta name=\"twitter:label1\" content=\"Escrito por\" \/>\n\t<meta name=\"twitter:data1\" content=\"Javier Figueroa\" \/>\n\t<meta name=\"twitter:label2\" content=\"Tiempo de lectura\" \/>\n\t<meta name=\"twitter:data2\" content=\"2 minutos\" \/>\n<script type=\"application\/ld+json\" class=\"yoast-schema-graph\">{\"@context\":\"https:\/\/schema.org\",\"@graph\":[{\"@type\":\"Article\",\"@id\":\"https:\/\/web.consaguirre.com.ar\/noticias\/cafe-bleu-de-the-style-council-recibe-una-reedicion-de-lujo\/#article\",\"isPartOf\":{\"@id\":\"https:\/\/web.consaguirre.com.ar\/noticias\/cafe-bleu-de-the-style-council-recibe-una-reedicion-de-lujo\/\"},\"author\":{\"name\":\"Javier Figueroa\",\"@id\":\"https:\/\/web.consaguirre.com.ar\/noticias\/#\/schema\/person\/6558b0cfedee7ddc5425602b237d5722\"},\"headline\":\"&#8216;Caf\u00e9 Bleu&#8217; de The Style Council recibe una reedici\u00f3n de lujo\",\"datePublished\":\"2025-11-11T20:38:33+00:00\",\"dateModified\":\"2025-11-11T20:38:34+00:00\",\"mainEntityOfPage\":{\"@id\":\"https:\/\/web.consaguirre.com.ar\/noticias\/cafe-bleu-de-the-style-council-recibe-una-reedicion-de-lujo\/\"},\"wordCount\":387,\"publisher\":{\"@id\":\"https:\/\/web.consaguirre.com.ar\/noticias\/#organization\"},\"image\":{\"@id\":\"https:\/\/web.consaguirre.com.ar\/noticias\/cafe-bleu-de-the-style-council-recibe-una-reedicion-de-lujo\/#primaryimage\"},\"thumbnailUrl\":\"https:\/\/web.consaguirre.com.ar\/noticias\/wp-content\/uploads\/2025\/11\/Cafe-Bleu-de-The-Style-Council-recibe-una-reedicion-de.jpg\",\"keywords\":[\"Bleu\",\"Cafe\",\"Council\",\"lujo\",\"recibe\",\"reedici\u00f3n\",\"Style\",\"una\"],\"articleSection\":[\"El \u00faltimo\"],\"inLanguage\":\"es-AR\"},{\"@type\":\"WebPage\",\"@id\":\"https:\/\/web.consaguirre.com.ar\/noticias\/cafe-bleu-de-the-style-council-recibe-una-reedicion-de-lujo\/\",\"url\":\"https:\/\/web.consaguirre.com.ar\/noticias\/cafe-bleu-de-the-style-council-recibe-una-reedicion-de-lujo\/\",\"name\":\"'Caf\u00e9 Bleu' de The Style Council recibe una reedici\u00f3n de lujo\",\"isPartOf\":{\"@id\":\"https:\/\/web.consaguirre.com.ar\/noticias\/#website\"},\"primaryImageOfPage\":{\"@id\":\"https:\/\/web.consaguirre.com.ar\/noticias\/cafe-bleu-de-the-style-council-recibe-una-reedicion-de-lujo\/#primaryimage\"},\"image\":{\"@id\":\"https:\/\/web.consaguirre.com.ar\/noticias\/cafe-bleu-de-the-style-council-recibe-una-reedicion-de-lujo\/#primaryimage\"},\"thumbnailUrl\":\"https:\/\/web.consaguirre.com.ar\/noticias\/wp-content\/uploads\/2025\/11\/Cafe-Bleu-de-The-Style-Council-recibe-una-reedicion-de.jpg\",\"datePublished\":\"2025-11-11T20:38:33+00:00\",\"dateModified\":\"2025-11-11T20:38:34+00:00\",\"breadcrumb\":{\"@id\":\"https:\/\/web.consaguirre.com.ar\/noticias\/cafe-bleu-de-the-style-council-recibe-una-reedicion-de-lujo\/#breadcrumb\"},\"inLanguage\":\"es-AR\",\"potentialAction\":[{\"@type\":\"ReadAction\",\"target\":[\"https:\/\/web.consaguirre.com.ar\/noticias\/cafe-bleu-de-the-style-council-recibe-una-reedicion-de-lujo\/\"]}]},{\"@type\":\"ImageObject\",\"inLanguage\":\"es-AR\",\"@id\":\"https:\/\/web.consaguirre.com.ar\/noticias\/cafe-bleu-de-the-style-council-recibe-una-reedicion-de-lujo\/#primaryimage\",\"url\":\"https:\/\/web.consaguirre.com.ar\/noticias\/wp-content\/uploads\/2025\/11\/Cafe-Bleu-de-The-Style-Council-recibe-una-reedicion-de.jpg\",\"contentUrl\":\"https:\/\/web.consaguirre.com.ar\/noticias\/wp-content\/uploads\/2025\/11\/Cafe-Bleu-de-The-Style-Council-recibe-una-reedicion-de.jpg\",\"width\":820,\"height\":820,\"caption\":\"'Caf\u00e9 Bleu' de The Style Council recibe una reedici\u00f3n de lujo\"},{\"@type\":\"BreadcrumbList\",\"@id\":\"https:\/\/web.consaguirre.com.ar\/noticias\/cafe-bleu-de-the-style-council-recibe-una-reedicion-de-lujo\/#breadcrumb\",\"itemListElement\":[{\"@type\":\"ListItem\",\"position\":1,\"name\":\"Inicio\",\"item\":\"https:\/\/web.consaguirre.com.ar\/noticias\/\"},{\"@type\":\"ListItem\",\"position\":2,\"name\":\"&#8216;Caf\u00e9 Bleu&#8217; de The Style Council recibe una reedici\u00f3n de lujo\"}]},{\"@type\":\"WebSite\",\"@id\":\"https:\/\/web.consaguirre.com.ar\/noticias\/#website\",\"url\":\"https:\/\/web.consaguirre.com.ar\/noticias\/\",\"name\":\"Conservatorio de M\u00fasica Juli\u00e1n Aguirre\",\"description\":\"\",\"publisher\":{\"@id\":\"https:\/\/web.consaguirre.com.ar\/noticias\/#organization\"},\"potentialAction\":[{\"@type\":\"SearchAction\",\"target\":{\"@type\":\"EntryPoint\",\"urlTemplate\":\"https:\/\/web.consaguirre.com.ar\/noticias\/?s={search_term_string}\"},\"query-input\":\"required name=search_term_string\"}],\"inLanguage\":\"es-AR\"},{\"@type\":\"Organization\",\"@id\":\"https:\/\/web.consaguirre.com.ar\/noticias\/#organization\",\"name\":\"Conservatorio de M\u00fasica Juli\u00e1n Aguirre\",\"url\":\"https:\/\/web.consaguirre.com.ar\/noticias\/\",\"logo\":{\"@type\":\"ImageObject\",\"inLanguage\":\"es-AR\",\"@id\":\"https:\/\/web.consaguirre.com.ar\/noticias\/#\/schema\/logo\/image\/\",\"url\":\"https:\/\/web.consaguirre.com.ar\/noticias\/wp-content\/uploads\/2024\/08\/Banner-Aguirre-23.jpg\",\"contentUrl\":\"https:\/\/web.consaguirre.com.ar\/noticias\/wp-content\/uploads\/2024\/08\/Banner-Aguirre-23.jpg\",\"width\":1192,\"height\":600,\"caption\":\"Conservatorio de M\u00fasica Juli\u00e1n Aguirre\"},\"image\":{\"@id\":\"https:\/\/web.consaguirre.com.ar\/noticias\/#\/schema\/logo\/image\/\"}},{\"@type\":\"Person\",\"@id\":\"https:\/\/web.consaguirre.com.ar\/noticias\/#\/schema\/person\/6558b0cfedee7ddc5425602b237d5722\",\"name\":\"Javier Figueroa\",\"image\":{\"@type\":\"ImageObject\",\"inLanguage\":\"es-AR\",\"@id\":\"https:\/\/web.consaguirre.com.ar\/noticias\/#\/schema\/person\/image\/\",\"url\":\"https:\/\/web.consaguirre.com.ar\/noticias\/wp-content\/uploads\/2024\/08\/Consaguirre-scaled.jpg\",\"contentUrl\":\"https:\/\/web.consaguirre.com.ar\/noticias\/wp-content\/uploads\/2024\/08\/Consaguirre-scaled.jpg\",\"caption\":\"Javier Figueroa\"},\"description\":\"Me llamo Javier Figueroa y soy redactor para el sitio oficial del Conservatorio de M\u00fasica Juli\u00e1n Aguirre en Buenos Aires, consaguirre.com. Apasionado por la m\u00fasica y la escritura, me esfuerzo por destacar los talentos y eventos de nuestra prestigiosa instituci\u00f3n. Mi trayectoria se nutre de una profunda admiraci\u00f3n por los artistas, haciendo de cada art\u00edculo una celebraci\u00f3n de la creatividad y la cultura musical.\",\"sameAs\":[\"https:\/\/web.consaguirre.com.ar\/noticias\"]}]}<\/script>\n<!-- \/ Yoast SEO plugin. -->","yoast_head_json":{"title":"'Caf\u00e9 Bleu' de The Style Council recibe una reedici\u00f3n de lujo","robots":{"index":"index","follow":"follow","max-snippet":"max-snippet:-1","max-image-preview":"max-image-preview:large","max-video-preview":"max-video-preview:-1"},"canonical":"https:\/\/web.consaguirre.com.ar\/noticias\/cafe-bleu-de-the-style-council-recibe-una-reedicion-de-lujo\/","og_locale":"es_ES","og_type":"article","og_title":"'Caf\u00e9 Bleu' de The Style Council recibe una reedici\u00f3n de lujo","og_description":"The Style Council, que Paul Weller fund\u00f3 despu\u00e9s de disolver inesperadamente The Jam en 1982, reeditar\u00e1 su innovador debut de 1984, Caf\u00e9 Azul. La edici\u00f3n","og_url":"https:\/\/web.consaguirre.com.ar\/noticias\/cafe-bleu-de-the-style-council-recibe-una-reedicion-de-lujo\/","og_site_name":"Conservatorio de M\u00fasica Juli\u00e1n Aguirre","article_published_time":"2025-11-11T20:38:33+00:00","article_modified_time":"2025-11-11T20:38:34+00:00","og_image":[{"width":820,"height":820,"url":"https:\/\/web.consaguirre.com.ar\/noticias\/wp-content\/uploads\/2025\/11\/Cafe-Bleu-de-The-Style-Council-recibe-una-reedicion-de.jpg","type":"image\/jpeg"}],"author":"Javier Figueroa","twitter_card":"summary_large_image","twitter_misc":{"Escrito por":"Javier Figueroa","Tiempo de lectura":"2 minutos"},"schema":{"@context":"https:\/\/schema.org","@graph":[{"@type":"Article","@id":"https:\/\/web.consaguirre.com.ar\/noticias\/cafe-bleu-de-the-style-council-recibe-una-reedicion-de-lujo\/#article","isPartOf":{"@id":"https:\/\/web.consaguirre.com.ar\/noticias\/cafe-bleu-de-the-style-council-recibe-una-reedicion-de-lujo\/"},"author":{"name":"Javier Figueroa","@id":"https:\/\/web.consaguirre.com.ar\/noticias\/#\/schema\/person\/6558b0cfedee7ddc5425602b237d5722"},"headline":"&#8216;Caf\u00e9 Bleu&#8217; de The Style Council recibe una reedici\u00f3n de lujo","datePublished":"2025-11-11T20:38:33+00:00","dateModified":"2025-11-11T20:38:34+00:00","mainEntityOfPage":{"@id":"https:\/\/web.consaguirre.com.ar\/noticias\/cafe-bleu-de-the-style-council-recibe-una-reedicion-de-lujo\/"},"wordCount":387,"publisher":{"@id":"https:\/\/web.consaguirre.com.ar\/noticias\/#organization"},"image":{"@id":"https:\/\/web.consaguirre.com.ar\/noticias\/cafe-bleu-de-the-style-council-recibe-una-reedicion-de-lujo\/#primaryimage"},"thumbnailUrl":"https:\/\/web.consaguirre.com.ar\/noticias\/wp-content\/uploads\/2025\/11\/Cafe-Bleu-de-The-Style-Council-recibe-una-reedicion-de.jpg","keywords":["Bleu","Cafe","Council","lujo","recibe","reedici\u00f3n","Style","una"],"articleSection":["El \u00faltimo"],"inLanguage":"es-AR"},{"@type":"WebPage","@id":"https:\/\/web.consaguirre.com.ar\/noticias\/cafe-bleu-de-the-style-council-recibe-una-reedicion-de-lujo\/","url":"https:\/\/web.consaguirre.com.ar\/noticias\/cafe-bleu-de-the-style-council-recibe-una-reedicion-de-lujo\/","name":"'Caf\u00e9 Bleu' de The Style Council recibe una reedici\u00f3n de lujo","isPartOf":{"@id":"https:\/\/web.consaguirre.com.ar\/noticias\/#website"},"primaryImageOfPage":{"@id":"https:\/\/web.consaguirre.com.ar\/noticias\/cafe-bleu-de-the-style-council-recibe-una-reedicion-de-lujo\/#primaryimage"},"image":{"@id":"https:\/\/web.consaguirre.com.ar\/noticias\/cafe-bleu-de-the-style-council-recibe-una-reedicion-de-lujo\/#primaryimage"},"thumbnailUrl":"https:\/\/web.consaguirre.com.ar\/noticias\/wp-content\/uploads\/2025\/11\/Cafe-Bleu-de-The-Style-Council-recibe-una-reedicion-de.jpg","datePublished":"2025-11-11T20:38:33+00:00","dateModified":"2025-11-11T20:38:34+00:00","breadcrumb":{"@id":"https:\/\/web.consaguirre.com.ar\/noticias\/cafe-bleu-de-the-style-council-recibe-una-reedicion-de-lujo\/#breadcrumb"},"inLanguage":"es-AR","potentialAction":[{"@type":"ReadAction","target":["https:\/\/web.consaguirre.com.ar\/noticias\/cafe-bleu-de-the-style-council-recibe-una-reedicion-de-lujo\/"]}]},{"@type":"ImageObject","inLanguage":"es-AR","@id":"https:\/\/web.consaguirre.com.ar\/noticias\/cafe-bleu-de-the-style-council-recibe-una-reedicion-de-lujo\/#primaryimage","url":"https:\/\/web.consaguirre.com.ar\/noticias\/wp-content\/uploads\/2025\/11\/Cafe-Bleu-de-The-Style-Council-recibe-una-reedicion-de.jpg","contentUrl":"https:\/\/web.consaguirre.com.ar\/noticias\/wp-content\/uploads\/2025\/11\/Cafe-Bleu-de-The-Style-Council-recibe-una-reedicion-de.jpg","width":820,"height":820,"caption":"'Caf\u00e9 Bleu' de The Style Council recibe una reedici\u00f3n de lujo"},{"@type":"BreadcrumbList","@id":"https:\/\/web.consaguirre.com.ar\/noticias\/cafe-bleu-de-the-style-council-recibe-una-reedicion-de-lujo\/#breadcrumb","itemListElement":[{"@type":"ListItem","position":1,"name":"Inicio","item":"https:\/\/web.consaguirre.com.ar\/noticias\/"},{"@type":"ListItem","position":2,"name":"&#8216;Caf\u00e9 Bleu&#8217; de The Style Council recibe una reedici\u00f3n de lujo"}]},{"@type":"WebSite","@id":"https:\/\/web.consaguirre.com.ar\/noticias\/#website","url":"https:\/\/web.consaguirre.com.ar\/noticias\/","name":"Conservatorio de M\u00fasica Juli\u00e1n Aguirre","description":"","publisher":{"@id":"https:\/\/web.consaguirre.com.ar\/noticias\/#organization"},"potentialAction":[{"@type":"SearchAction","target":{"@type":"EntryPoint","urlTemplate":"https:\/\/web.consaguirre.com.ar\/noticias\/?s={search_term_string}"},"query-input":"required name=search_term_string"}],"inLanguage":"es-AR"},{"@type":"Organization","@id":"https:\/\/web.consaguirre.com.ar\/noticias\/#organization","name":"Conservatorio de M\u00fasica Juli\u00e1n Aguirre","url":"https:\/\/web.consaguirre.com.ar\/noticias\/","logo":{"@type":"ImageObject","inLanguage":"es-AR","@id":"https:\/\/web.consaguirre.com.ar\/noticias\/#\/schema\/logo\/image\/","url":"https:\/\/web.consaguirre.com.ar\/noticias\/wp-content\/uploads\/2024\/08\/Banner-Aguirre-23.jpg","contentUrl":"https:\/\/web.consaguirre.com.ar\/noticias\/wp-content\/uploads\/2024\/08\/Banner-Aguirre-23.jpg","width":1192,"height":600,"caption":"Conservatorio de M\u00fasica Juli\u00e1n Aguirre"},"image":{"@id":"https:\/\/web.consaguirre.com.ar\/noticias\/#\/schema\/logo\/image\/"}},{"@type":"Person","@id":"https:\/\/web.consaguirre.com.ar\/noticias\/#\/schema\/person\/6558b0cfedee7ddc5425602b237d5722","name":"Javier Figueroa","image":{"@type":"ImageObject","inLanguage":"es-AR","@id":"https:\/\/web.consaguirre.com.ar\/noticias\/#\/schema\/person\/image\/","url":"https:\/\/web.consaguirre.com.ar\/noticias\/wp-content\/uploads\/2024\/08\/Consaguirre-scaled.jpg","contentUrl":"https:\/\/web.consaguirre.com.ar\/noticias\/wp-content\/uploads\/2024\/08\/Consaguirre-scaled.jpg","caption":"Javier Figueroa"},"description":"Me llamo Javier Figueroa y soy redactor para el sitio oficial del Conservatorio de M\u00fasica Juli\u00e1n Aguirre en Buenos Aires, consaguirre.com. Apasionado por la m\u00fasica y la escritura, me esfuerzo por destacar los talentos y eventos de nuestra prestigiosa instituci\u00f3n. Mi trayectoria se nutre de una profunda admiraci\u00f3n por los artistas, haciendo de cada art\u00edculo una celebraci\u00f3n de la creatividad y la cultura musical.","sameAs":["https:\/\/web.consaguirre.com.ar\/noticias"]}]}},"_links":{"self":[{"href":"https:\/\/web.consaguirre.com.ar\/noticias\/wp-json\/wp\/v2\/posts\/4329"}],"collection":[{"href":"https:\/\/web.consaguirre.com.ar\/noticias\/wp-json\/wp\/v2\/posts"}],"about":[{"href":"https:\/\/web.consaguirre.com.ar\/noticias\/wp-json\/wp\/v2\/types\/post"}],"author":[{"embeddable":true,"href":"https:\/\/web.consaguirre.com.ar\/noticias\/wp-json\/wp\/v2\/users\/1"}],"replies":[{"embeddable":true,"href":"https:\/\/web.consaguirre.com.ar\/noticias\/wp-json\/wp\/v2\/comments?post=4329"}],"version-history":[{"count":1,"href":"https:\/\/web.consaguirre.com.ar\/noticias\/wp-json\/wp\/v2\/posts\/4329\/revisions"}],"predecessor-version":[{"id":4331,"href":"https:\/\/web.consaguirre.com.ar\/noticias\/wp-json\/wp\/v2\/posts\/4329\/revisions\/4331"}],"wp:featuredmedia":[{"embeddable":true,"href":"https:\/\/web.consaguirre.com.ar\/noticias\/wp-json\/wp\/v2\/media\/4330"}],"wp:attachment":[{"href":"https:\/\/web.consaguirre.com.ar\/noticias\/wp-json\/wp\/v2\/media?parent=4329"}],"wp:term":[{"taxonomy":"category","embeddable":true,"href":"https:\/\/web.consaguirre.com.ar\/noticias\/wp-json\/wp\/v2\/categories?post=4329"},{"taxonomy":"post_tag","embeddable":true,"href":"https:\/\/web.consaguirre.com.ar\/noticias\/wp-json\/wp\/v2\/tags?post=4329"}],"curies":[{"name":"wp","href":"https:\/\/api.w.org\/{rel}","templated":true}]}}