{"id":4308,"date":"2025-11-10T20:39:42","date_gmt":"2025-11-10T23:39:42","guid":{"rendered":"https:\/\/web.consaguirre.com.ar\/noticias\/queen-traza-el-camino-hacia-una-noche-en-la-opera\/"},"modified":"2025-11-10T20:39:44","modified_gmt":"2025-11-10T23:39:44","slug":"queen-traza-el-camino-hacia-una-noche-en-la-opera","status":"publish","type":"post","link":"https:\/\/web.consaguirre.com.ar\/noticias\/queen-traza-el-camino-hacia-una-noche-en-la-opera\/","title":{"rendered":"Queen traza el camino hacia &#8216;Una noche en la \u00f3pera&#8217;"},"content":{"rendered":"<p>Queen celebra el 50 aniversario de su cl\u00e1sico \u00e1lbum de 1975. <em>Una noche en la \u00f3pera<\/em>con una entrega de cinco partes de su serie de videos \u201cThe Greatest\u201d. Despu\u00e9s de centrarse en la creaci\u00f3n de \u201cBohemian Rhapsody\u201d, el segundo episodio explora las experiencias de grabaci\u00f3n anteriores de la banda que les permitieron hacer todo lo posible.<\/p>\n<p>\u201cQueen The Greatest Special \u2013 Episodio 2: El camino hacia una noche en la \u00f3pera (Parte 1)\u201d ya est\u00e1 disponible y los episodios contin\u00faan semanalmente hasta noviembre. Una reedici\u00f3n del 50 aniversario de edici\u00f3n limitada de <em>Una noche en la \u00f3pera<\/em> pr\u00f3ximamente en vinilo transparente.<\/p>\n<p>En el episodio, Roger Taylor y Brian May de Queen recuerdan c\u00f3mo cada \u00e1lbum les brind\u00f3 m\u00e1s libertad creativa en el estudio, centr\u00e1ndose espec\u00edficamente en la experiencia de grabar. <em>Reina II<\/em>.<\/p>\n<p>\u201cRealmente creo que <em>Reina II<\/em> Fue la primera vez que se nos permiti\u00f3 cierta libertad en el estudio, mientras que con el primer \u00e1lbum no\u201d, dice Taylor, \u201cas\u00ed que b\u00e1sicamente suena mejor y m\u00e1s como quer\u00edamos que sonara. No creo que sea perfecto ni mucho menos, pero est\u00e1bamos ganando confianza en el estudio. Ten\u00eda mucha m\u00e1s luz y sombra\u201d.<\/p>\n<p>May se\u00f1ala espec\u00edficamente la ambici\u00f3n de los a\u00f1os 1974 <em>Reina II<\/em>. &#8220;Siempre he sido un gran defensor de ese \u00e1lbum porque creo que fue un paso de gigante. Estamos pasando de una banda a la que apenas se le permite entrar al estudio -excepto unas pocas horas de tiempo muerto- a una banda que realmente tiene tiempo de estudio&#8221;, dice. &#8220;Podemos darnos el gusto. Podemos experimentar y dar un gran salto pintando cuadros en el lienzo de las cintas&#8221;. <em>Reina II<\/em>. Me encanta ese \u00e1lbum\u201d.<\/p>\n<div class=\"uD-YT-container\"><img decoding=\"async\" src=\"https:\/\/web.consaguirre.com.ar\/noticias\/wp-content\/uploads\/2025\/11\/1762817981_716_Queen-traza-el-camino-hacia-Una-noche-en-la-opera.jpg\" alt=\"V\u00eddeo de YouTube\"><br \/>Haga clic para cargar v\u00eddeo<\/div>\n<p>Taylor recuerda c\u00f3mo la banda busc\u00f3 una producci\u00f3n m\u00e1s convencional en su tercer \u00e1lbum, de 1974. <em>Puro ataque al coraz\u00f3n<\/em>. &#8220;En general, fue un \u00e1lbum contundente y m\u00e1s simplificado. Y, en mi opini\u00f3n, eso es m\u00e9rito suyo. Las canciones eran buenas, no eran demasiado largas, no estaban demasiado elaboradas. Eran m\u00e1s cosas que pod\u00edamos tocar en vivo sin meternos demasiado en los trucos del estudio&#8221;.<\/p>\n<p>Pero la tendencia natural de Queen hacia lo ambicioso y grandioso marc\u00f3 su rumbo para <em>Una noche en la \u00f3pera<\/em>. \u201cHemos hecho <em>Puro ataque al coraz\u00f3n<\/em>est\u00e1 bastante bien hecho. Pero en realidad, nuestro coraz\u00f3n est\u00e1 en esculpir estos lugares inusuales&#8221;, dice May. &#8220;En aquellos d\u00edas, era divertido, porque es como comprar un auto nuevo y ver qu\u00e9 se puede hacer con \u00e9l. Somos nosotros cuatro, con Mike Stone, el ingeniero y Roy Baker, nuestro productor, y todos estamos aprendiendo a utilizar el estudio. Llevando las cosas cada vez m\u00e1s lejos\u201d.<\/p>\n<p>&#8220;Cualquier canci\u00f3n que eligi\u00e9ramos, sin importar qui\u00e9n de los cuatro la hab\u00eda incluido, era un proceso estimulante&#8221;, recuerda May, &#8220;desafiante, a veces dif\u00edcil, a veces pol\u00e9mico, pero realmente gratificante, porque lo que consegu\u00edas al final era algo tan brillante, redondo, aventurero y peligroso. Se convirti\u00f3 en material de Queen, y el material de Queen era un mill\u00f3n de veces mayor que cualquier cosa que cualquiera de nosotros cuatro pudiera crear por su cuenta&#8230;&#8221;<\/p>\n<p>Orden <em>Bohemian Rhapsody<\/em> aqu\u00ed y <em>Una noche en la \u00f3pera<\/em> aqu\u00ed.<\/p>\n","protected":false},"excerpt":{"rendered":"<p>Queen celebra el 50 aniversario de su cl\u00e1sico \u00e1lbum de 1975. Una noche en la \u00f3peracon una entrega de cinco partes de su serie de<\/p>\n","protected":false},"author":1,"featured_media":4309,"comment_status":"closed","ping_status":"","sticky":false,"template":"","format":"standard","meta":{"footnotes":""},"categories":[50],"tags":[38,2190,1029,3200,597,3486,191],"class_list":["post-4308","post","type-post","status-publish","format-standard","has-post-thumbnail","hentry","category-el-ultimo","tag-camino","tag-hacia","tag-noche","tag-opera","tag-queen","tag-traza","tag-una","generate-columns","tablet-grid-50","mobile-grid-100","grid-parent","grid-50"],"yoast_head":"<!-- This site is optimized with the Yoast SEO plugin v23.3 - https:\/\/yoast.com\/wordpress\/plugins\/seo\/ -->\n<title>Queen traza el camino hacia &#039;Una noche en la \u00f3pera&#039;<\/title>\n<meta name=\"robots\" content=\"index, follow, max-snippet:-1, max-image-preview:large, max-video-preview:-1\" \/>\n<link rel=\"canonical\" href=\"https:\/\/web.consaguirre.com.ar\/noticias\/queen-traza-el-camino-hacia-una-noche-en-la-opera\/\" \/>\n<meta property=\"og:locale\" content=\"es_ES\" \/>\n<meta property=\"og:type\" content=\"article\" \/>\n<meta property=\"og:title\" content=\"Queen traza el camino hacia &#039;Una noche en la \u00f3pera&#039;\" \/>\n<meta property=\"og:description\" content=\"Queen celebra el 50 aniversario de su cl\u00e1sico \u00e1lbum de 1975. Una noche en la \u00f3peracon una entrega de cinco partes de su serie de\" \/>\n<meta property=\"og:url\" content=\"https:\/\/web.consaguirre.com.ar\/noticias\/queen-traza-el-camino-hacia-una-noche-en-la-opera\/\" \/>\n<meta property=\"og:site_name\" content=\"Conservatorio de M\u00fasica Juli\u00e1n Aguirre\" \/>\n<meta property=\"article:published_time\" content=\"2025-11-10T23:39:42+00:00\" \/>\n<meta property=\"article:modified_time\" content=\"2025-11-10T23:39:44+00:00\" \/>\n<meta property=\"og:image\" content=\"https:\/\/web.consaguirre.com.ar\/noticias\/wp-content\/uploads\/2025\/11\/Queen-traza-el-camino-hacia-Una-noche-en-la-opera.jpg\" \/>\n\t<meta property=\"og:image:width\" content=\"1280\" \/>\n\t<meta property=\"og:image:height\" content=\"1280\" \/>\n\t<meta property=\"og:image:type\" content=\"image\/jpeg\" \/>\n<meta name=\"author\" content=\"Javier Figueroa\" \/>\n<meta name=\"twitter:card\" content=\"summary_large_image\" \/>\n<meta name=\"twitter:label1\" content=\"Escrito por\" \/>\n\t<meta name=\"twitter:data1\" content=\"Javier Figueroa\" \/>\n\t<meta name=\"twitter:label2\" content=\"Tiempo de lectura\" \/>\n\t<meta name=\"twitter:data2\" content=\"3 minutos\" \/>\n<script type=\"application\/ld+json\" class=\"yoast-schema-graph\">{\"@context\":\"https:\/\/schema.org\",\"@graph\":[{\"@type\":\"Article\",\"@id\":\"https:\/\/web.consaguirre.com.ar\/noticias\/queen-traza-el-camino-hacia-una-noche-en-la-opera\/#article\",\"isPartOf\":{\"@id\":\"https:\/\/web.consaguirre.com.ar\/noticias\/queen-traza-el-camino-hacia-una-noche-en-la-opera\/\"},\"author\":{\"name\":\"Javier Figueroa\",\"@id\":\"https:\/\/web.consaguirre.com.ar\/noticias\/#\/schema\/person\/6558b0cfedee7ddc5425602b237d5722\"},\"headline\":\"Queen traza el camino hacia &#8216;Una noche en la \u00f3pera&#8217;\",\"datePublished\":\"2025-11-10T23:39:42+00:00\",\"dateModified\":\"2025-11-10T23:39:44+00:00\",\"mainEntityOfPage\":{\"@id\":\"https:\/\/web.consaguirre.com.ar\/noticias\/queen-traza-el-camino-hacia-una-noche-en-la-opera\/\"},\"wordCount\":566,\"publisher\":{\"@id\":\"https:\/\/web.consaguirre.com.ar\/noticias\/#organization\"},\"image\":{\"@id\":\"https:\/\/web.consaguirre.com.ar\/noticias\/queen-traza-el-camino-hacia-una-noche-en-la-opera\/#primaryimage\"},\"thumbnailUrl\":\"https:\/\/web.consaguirre.com.ar\/noticias\/wp-content\/uploads\/2025\/11\/Queen-traza-el-camino-hacia-Una-noche-en-la-opera.jpg\",\"keywords\":[\"Camino\",\"hacia\",\"noche\",\"Opera\",\"Queen\",\"traza\",\"una\"],\"articleSection\":[\"El \u00faltimo\"],\"inLanguage\":\"es-AR\"},{\"@type\":\"WebPage\",\"@id\":\"https:\/\/web.consaguirre.com.ar\/noticias\/queen-traza-el-camino-hacia-una-noche-en-la-opera\/\",\"url\":\"https:\/\/web.consaguirre.com.ar\/noticias\/queen-traza-el-camino-hacia-una-noche-en-la-opera\/\",\"name\":\"Queen traza el camino hacia 'Una noche en la \u00f3pera'\",\"isPartOf\":{\"@id\":\"https:\/\/web.consaguirre.com.ar\/noticias\/#website\"},\"primaryImageOfPage\":{\"@id\":\"https:\/\/web.consaguirre.com.ar\/noticias\/queen-traza-el-camino-hacia-una-noche-en-la-opera\/#primaryimage\"},\"image\":{\"@id\":\"https:\/\/web.consaguirre.com.ar\/noticias\/queen-traza-el-camino-hacia-una-noche-en-la-opera\/#primaryimage\"},\"thumbnailUrl\":\"https:\/\/web.consaguirre.com.ar\/noticias\/wp-content\/uploads\/2025\/11\/Queen-traza-el-camino-hacia-Una-noche-en-la-opera.jpg\",\"datePublished\":\"2025-11-10T23:39:42+00:00\",\"dateModified\":\"2025-11-10T23:39:44+00:00\",\"breadcrumb\":{\"@id\":\"https:\/\/web.consaguirre.com.ar\/noticias\/queen-traza-el-camino-hacia-una-noche-en-la-opera\/#breadcrumb\"},\"inLanguage\":\"es-AR\",\"potentialAction\":[{\"@type\":\"ReadAction\",\"target\":[\"https:\/\/web.consaguirre.com.ar\/noticias\/queen-traza-el-camino-hacia-una-noche-en-la-opera\/\"]}]},{\"@type\":\"ImageObject\",\"inLanguage\":\"es-AR\",\"@id\":\"https:\/\/web.consaguirre.com.ar\/noticias\/queen-traza-el-camino-hacia-una-noche-en-la-opera\/#primaryimage\",\"url\":\"https:\/\/web.consaguirre.com.ar\/noticias\/wp-content\/uploads\/2025\/11\/Queen-traza-el-camino-hacia-Una-noche-en-la-opera.jpg\",\"contentUrl\":\"https:\/\/web.consaguirre.com.ar\/noticias\/wp-content\/uploads\/2025\/11\/Queen-traza-el-camino-hacia-Una-noche-en-la-opera.jpg\",\"width\":1280,\"height\":1280,\"caption\":\"Queen traza el camino hacia 'Una noche en la \u00f3pera'\"},{\"@type\":\"BreadcrumbList\",\"@id\":\"https:\/\/web.consaguirre.com.ar\/noticias\/queen-traza-el-camino-hacia-una-noche-en-la-opera\/#breadcrumb\",\"itemListElement\":[{\"@type\":\"ListItem\",\"position\":1,\"name\":\"Inicio\",\"item\":\"https:\/\/web.consaguirre.com.ar\/noticias\/\"},{\"@type\":\"ListItem\",\"position\":2,\"name\":\"Queen traza el camino hacia &#8216;Una noche en la \u00f3pera&#8217;\"}]},{\"@type\":\"WebSite\",\"@id\":\"https:\/\/web.consaguirre.com.ar\/noticias\/#website\",\"url\":\"https:\/\/web.consaguirre.com.ar\/noticias\/\",\"name\":\"Conservatorio de M\u00fasica Juli\u00e1n Aguirre\",\"description\":\"\",\"publisher\":{\"@id\":\"https:\/\/web.consaguirre.com.ar\/noticias\/#organization\"},\"potentialAction\":[{\"@type\":\"SearchAction\",\"target\":{\"@type\":\"EntryPoint\",\"urlTemplate\":\"https:\/\/web.consaguirre.com.ar\/noticias\/?s={search_term_string}\"},\"query-input\":\"required name=search_term_string\"}],\"inLanguage\":\"es-AR\"},{\"@type\":\"Organization\",\"@id\":\"https:\/\/web.consaguirre.com.ar\/noticias\/#organization\",\"name\":\"Conservatorio de M\u00fasica Juli\u00e1n Aguirre\",\"url\":\"https:\/\/web.consaguirre.com.ar\/noticias\/\",\"logo\":{\"@type\":\"ImageObject\",\"inLanguage\":\"es-AR\",\"@id\":\"https:\/\/web.consaguirre.com.ar\/noticias\/#\/schema\/logo\/image\/\",\"url\":\"https:\/\/web.consaguirre.com.ar\/noticias\/wp-content\/uploads\/2024\/08\/Banner-Aguirre-23.jpg\",\"contentUrl\":\"https:\/\/web.consaguirre.com.ar\/noticias\/wp-content\/uploads\/2024\/08\/Banner-Aguirre-23.jpg\",\"width\":1192,\"height\":600,\"caption\":\"Conservatorio de M\u00fasica Juli\u00e1n Aguirre\"},\"image\":{\"@id\":\"https:\/\/web.consaguirre.com.ar\/noticias\/#\/schema\/logo\/image\/\"}},{\"@type\":\"Person\",\"@id\":\"https:\/\/web.consaguirre.com.ar\/noticias\/#\/schema\/person\/6558b0cfedee7ddc5425602b237d5722\",\"name\":\"Javier Figueroa\",\"image\":{\"@type\":\"ImageObject\",\"inLanguage\":\"es-AR\",\"@id\":\"https:\/\/web.consaguirre.com.ar\/noticias\/#\/schema\/person\/image\/\",\"url\":\"https:\/\/web.consaguirre.com.ar\/noticias\/wp-content\/uploads\/2024\/08\/Consaguirre-scaled.jpg\",\"contentUrl\":\"https:\/\/web.consaguirre.com.ar\/noticias\/wp-content\/uploads\/2024\/08\/Consaguirre-scaled.jpg\",\"caption\":\"Javier Figueroa\"},\"description\":\"Me llamo Javier Figueroa y soy redactor para el sitio oficial del Conservatorio de M\u00fasica Juli\u00e1n Aguirre en Buenos Aires, consaguirre.com. Apasionado por la m\u00fasica y la escritura, me esfuerzo por destacar los talentos y eventos de nuestra prestigiosa instituci\u00f3n. Mi trayectoria se nutre de una profunda admiraci\u00f3n por los artistas, haciendo de cada art\u00edculo una celebraci\u00f3n de la creatividad y la cultura musical.\",\"sameAs\":[\"https:\/\/web.consaguirre.com.ar\/noticias\"]}]}<\/script>\n<!-- \/ Yoast SEO plugin. -->","yoast_head_json":{"title":"Queen traza el camino hacia 'Una noche en la \u00f3pera'","robots":{"index":"index","follow":"follow","max-snippet":"max-snippet:-1","max-image-preview":"max-image-preview:large","max-video-preview":"max-video-preview:-1"},"canonical":"https:\/\/web.consaguirre.com.ar\/noticias\/queen-traza-el-camino-hacia-una-noche-en-la-opera\/","og_locale":"es_ES","og_type":"article","og_title":"Queen traza el camino hacia 'Una noche en la \u00f3pera'","og_description":"Queen celebra el 50 aniversario de su cl\u00e1sico \u00e1lbum de 1975. Una noche en la \u00f3peracon una entrega de cinco partes de su serie de","og_url":"https:\/\/web.consaguirre.com.ar\/noticias\/queen-traza-el-camino-hacia-una-noche-en-la-opera\/","og_site_name":"Conservatorio de M\u00fasica Juli\u00e1n Aguirre","article_published_time":"2025-11-10T23:39:42+00:00","article_modified_time":"2025-11-10T23:39:44+00:00","og_image":[{"width":1280,"height":1280,"url":"https:\/\/web.consaguirre.com.ar\/noticias\/wp-content\/uploads\/2025\/11\/Queen-traza-el-camino-hacia-Una-noche-en-la-opera.jpg","type":"image\/jpeg"}],"author":"Javier Figueroa","twitter_card":"summary_large_image","twitter_misc":{"Escrito por":"Javier Figueroa","Tiempo de lectura":"3 minutos"},"schema":{"@context":"https:\/\/schema.org","@graph":[{"@type":"Article","@id":"https:\/\/web.consaguirre.com.ar\/noticias\/queen-traza-el-camino-hacia-una-noche-en-la-opera\/#article","isPartOf":{"@id":"https:\/\/web.consaguirre.com.ar\/noticias\/queen-traza-el-camino-hacia-una-noche-en-la-opera\/"},"author":{"name":"Javier Figueroa","@id":"https:\/\/web.consaguirre.com.ar\/noticias\/#\/schema\/person\/6558b0cfedee7ddc5425602b237d5722"},"headline":"Queen traza el camino hacia &#8216;Una noche en la \u00f3pera&#8217;","datePublished":"2025-11-10T23:39:42+00:00","dateModified":"2025-11-10T23:39:44+00:00","mainEntityOfPage":{"@id":"https:\/\/web.consaguirre.com.ar\/noticias\/queen-traza-el-camino-hacia-una-noche-en-la-opera\/"},"wordCount":566,"publisher":{"@id":"https:\/\/web.consaguirre.com.ar\/noticias\/#organization"},"image":{"@id":"https:\/\/web.consaguirre.com.ar\/noticias\/queen-traza-el-camino-hacia-una-noche-en-la-opera\/#primaryimage"},"thumbnailUrl":"https:\/\/web.consaguirre.com.ar\/noticias\/wp-content\/uploads\/2025\/11\/Queen-traza-el-camino-hacia-Una-noche-en-la-opera.jpg","keywords":["Camino","hacia","noche","Opera","Queen","traza","una"],"articleSection":["El \u00faltimo"],"inLanguage":"es-AR"},{"@type":"WebPage","@id":"https:\/\/web.consaguirre.com.ar\/noticias\/queen-traza-el-camino-hacia-una-noche-en-la-opera\/","url":"https:\/\/web.consaguirre.com.ar\/noticias\/queen-traza-el-camino-hacia-una-noche-en-la-opera\/","name":"Queen traza el camino hacia 'Una noche en la \u00f3pera'","isPartOf":{"@id":"https:\/\/web.consaguirre.com.ar\/noticias\/#website"},"primaryImageOfPage":{"@id":"https:\/\/web.consaguirre.com.ar\/noticias\/queen-traza-el-camino-hacia-una-noche-en-la-opera\/#primaryimage"},"image":{"@id":"https:\/\/web.consaguirre.com.ar\/noticias\/queen-traza-el-camino-hacia-una-noche-en-la-opera\/#primaryimage"},"thumbnailUrl":"https:\/\/web.consaguirre.com.ar\/noticias\/wp-content\/uploads\/2025\/11\/Queen-traza-el-camino-hacia-Una-noche-en-la-opera.jpg","datePublished":"2025-11-10T23:39:42+00:00","dateModified":"2025-11-10T23:39:44+00:00","breadcrumb":{"@id":"https:\/\/web.consaguirre.com.ar\/noticias\/queen-traza-el-camino-hacia-una-noche-en-la-opera\/#breadcrumb"},"inLanguage":"es-AR","potentialAction":[{"@type":"ReadAction","target":["https:\/\/web.consaguirre.com.ar\/noticias\/queen-traza-el-camino-hacia-una-noche-en-la-opera\/"]}]},{"@type":"ImageObject","inLanguage":"es-AR","@id":"https:\/\/web.consaguirre.com.ar\/noticias\/queen-traza-el-camino-hacia-una-noche-en-la-opera\/#primaryimage","url":"https:\/\/web.consaguirre.com.ar\/noticias\/wp-content\/uploads\/2025\/11\/Queen-traza-el-camino-hacia-Una-noche-en-la-opera.jpg","contentUrl":"https:\/\/web.consaguirre.com.ar\/noticias\/wp-content\/uploads\/2025\/11\/Queen-traza-el-camino-hacia-Una-noche-en-la-opera.jpg","width":1280,"height":1280,"caption":"Queen traza el camino hacia 'Una noche en la \u00f3pera'"},{"@type":"BreadcrumbList","@id":"https:\/\/web.consaguirre.com.ar\/noticias\/queen-traza-el-camino-hacia-una-noche-en-la-opera\/#breadcrumb","itemListElement":[{"@type":"ListItem","position":1,"name":"Inicio","item":"https:\/\/web.consaguirre.com.ar\/noticias\/"},{"@type":"ListItem","position":2,"name":"Queen traza el camino hacia &#8216;Una noche en la \u00f3pera&#8217;"}]},{"@type":"WebSite","@id":"https:\/\/web.consaguirre.com.ar\/noticias\/#website","url":"https:\/\/web.consaguirre.com.ar\/noticias\/","name":"Conservatorio de M\u00fasica Juli\u00e1n Aguirre","description":"","publisher":{"@id":"https:\/\/web.consaguirre.com.ar\/noticias\/#organization"},"potentialAction":[{"@type":"SearchAction","target":{"@type":"EntryPoint","urlTemplate":"https:\/\/web.consaguirre.com.ar\/noticias\/?s={search_term_string}"},"query-input":"required name=search_term_string"}],"inLanguage":"es-AR"},{"@type":"Organization","@id":"https:\/\/web.consaguirre.com.ar\/noticias\/#organization","name":"Conservatorio de M\u00fasica Juli\u00e1n Aguirre","url":"https:\/\/web.consaguirre.com.ar\/noticias\/","logo":{"@type":"ImageObject","inLanguage":"es-AR","@id":"https:\/\/web.consaguirre.com.ar\/noticias\/#\/schema\/logo\/image\/","url":"https:\/\/web.consaguirre.com.ar\/noticias\/wp-content\/uploads\/2024\/08\/Banner-Aguirre-23.jpg","contentUrl":"https:\/\/web.consaguirre.com.ar\/noticias\/wp-content\/uploads\/2024\/08\/Banner-Aguirre-23.jpg","width":1192,"height":600,"caption":"Conservatorio de M\u00fasica Juli\u00e1n Aguirre"},"image":{"@id":"https:\/\/web.consaguirre.com.ar\/noticias\/#\/schema\/logo\/image\/"}},{"@type":"Person","@id":"https:\/\/web.consaguirre.com.ar\/noticias\/#\/schema\/person\/6558b0cfedee7ddc5425602b237d5722","name":"Javier Figueroa","image":{"@type":"ImageObject","inLanguage":"es-AR","@id":"https:\/\/web.consaguirre.com.ar\/noticias\/#\/schema\/person\/image\/","url":"https:\/\/web.consaguirre.com.ar\/noticias\/wp-content\/uploads\/2024\/08\/Consaguirre-scaled.jpg","contentUrl":"https:\/\/web.consaguirre.com.ar\/noticias\/wp-content\/uploads\/2024\/08\/Consaguirre-scaled.jpg","caption":"Javier Figueroa"},"description":"Me llamo Javier Figueroa y soy redactor para el sitio oficial del Conservatorio de M\u00fasica Juli\u00e1n Aguirre en Buenos Aires, consaguirre.com. Apasionado por la m\u00fasica y la escritura, me esfuerzo por destacar los talentos y eventos de nuestra prestigiosa instituci\u00f3n. Mi trayectoria se nutre de una profunda admiraci\u00f3n por los artistas, haciendo de cada art\u00edculo una celebraci\u00f3n de la creatividad y la cultura musical.","sameAs":["https:\/\/web.consaguirre.com.ar\/noticias"]}]}},"_links":{"self":[{"href":"https:\/\/web.consaguirre.com.ar\/noticias\/wp-json\/wp\/v2\/posts\/4308"}],"collection":[{"href":"https:\/\/web.consaguirre.com.ar\/noticias\/wp-json\/wp\/v2\/posts"}],"about":[{"href":"https:\/\/web.consaguirre.com.ar\/noticias\/wp-json\/wp\/v2\/types\/post"}],"author":[{"embeddable":true,"href":"https:\/\/web.consaguirre.com.ar\/noticias\/wp-json\/wp\/v2\/users\/1"}],"replies":[{"embeddable":true,"href":"https:\/\/web.consaguirre.com.ar\/noticias\/wp-json\/wp\/v2\/comments?post=4308"}],"version-history":[{"count":1,"href":"https:\/\/web.consaguirre.com.ar\/noticias\/wp-json\/wp\/v2\/posts\/4308\/revisions"}],"predecessor-version":[{"id":4310,"href":"https:\/\/web.consaguirre.com.ar\/noticias\/wp-json\/wp\/v2\/posts\/4308\/revisions\/4310"}],"wp:featuredmedia":[{"embeddable":true,"href":"https:\/\/web.consaguirre.com.ar\/noticias\/wp-json\/wp\/v2\/media\/4309"}],"wp:attachment":[{"href":"https:\/\/web.consaguirre.com.ar\/noticias\/wp-json\/wp\/v2\/media?parent=4308"}],"wp:term":[{"taxonomy":"category","embeddable":true,"href":"https:\/\/web.consaguirre.com.ar\/noticias\/wp-json\/wp\/v2\/categories?post=4308"},{"taxonomy":"post_tag","embeddable":true,"href":"https:\/\/web.consaguirre.com.ar\/noticias\/wp-json\/wp\/v2\/tags?post=4308"}],"curies":[{"name":"wp","href":"https:\/\/api.w.org\/{rel}","templated":true}]}}