{"id":428,"date":"2024-09-03T19:38:16","date_gmt":"2024-09-03T22:38:16","guid":{"rendered":"https:\/\/web.consaguirre.com.ar\/noticias\/the-dare-comparte-nueva-cancion-youre-invited-antes-de-su-album-debut\/"},"modified":"2024-09-08T16:27:48","modified_gmt":"2024-09-08T19:27:48","slug":"the-dare-comparte-nueva-cancion-youre-invited-antes-de-su-album-debut","status":"publish","type":"post","link":"https:\/\/web.consaguirre.com.ar\/noticias\/the-dare-comparte-nueva-cancion-youre-invited-antes-de-su-album-debut\/","title":{"rendered":"The Dare comparte nueva canci\u00f3n &#8216;You&#8217;re Invited&#8217; antes de su \u00e1lbum debut"},"content":{"rendered":"<p>Charli xcx piensa <strong>El reto<\/strong> Est\u00e1 &#8220;en la onda&#8221; y acaba de lanzar una nueva canci\u00f3n para demostrarlo. &#8220;You&#8217;re Invited&#8221; es el \u00faltimo sencillo que se lanz\u00f3 de su pr\u00f3ximo \u00e1lbum debut, <em>\u00bfQu\u00e9 le pasa a Nueva York?<\/em>cuyo lanzamiento est\u00e1 previsto para el 6 de septiembre en Republic Records.<\/p>\n<div class=\"uD-YT-container\"><img decoding=\"async\" src=\"https:\/\/web.consaguirre.com.ar\/noticias\/wp-content\/uploads\/2024\/09\/1725403096_852_The-Dare-comparte-nueva-cancion-Youre-Invited-antes-de-su.jpg\" alt=\"V\u00eddeo de YouTube\"><\/p>\n<\/div>\n<p>El nuevo single viene acompa\u00f1ado de un v\u00eddeo dirigido por Jake Lazovick. El clip muestra la fiesta antes de la fiesta, cuando un grupo se prepara para salir a pasar una noche en Nueva York. \u00bfY qui\u00e9n es el que act\u00faa en la fiesta en la azotea sino el propio Dare, vestido con su traje y corbata fina?<\/p>\n<p>Es posible que los fan\u00e1ticos tambi\u00e9n hayan visto recientemente a The Dare en otro video musical: hace un cameo en el remix &#8220;Guess&#8221; de Charli xcx con <strong>Billie Eilish<\/strong>Produjo la versi\u00f3n original de la canci\u00f3n y tambi\u00e9n el remix. Se espera que este \u00faltimo llegue a lo m\u00e1s alto de la lista de sencillos del Reino Unido esta semana.<\/p>\n<p>Adem\u00e1s de &#8220;You&#8217;re Invited&#8221;, The Dare ha compartido otras dos canciones, &#8220;Perfume&#8221; y &#8220;Good Time&#8221; de su pr\u00f3ximo \u00e1lbum. Se embarcar\u00e1 en su primera gira como cabeza de cartel por Norteam\u00e9rica este oto\u00f1o para celebrar su nueva m\u00fasica, con casi todas las fechas ya agotadas. La serie de fechas comienza en el Webster Hall de Nueva York el 5 de septiembre, con m\u00e1s fechas en Chicago, Seattle, San Francisco, Los \u00c1ngeles y muchos m\u00e1s. Las entradas y m\u00e1s informaci\u00f3n se pueden encontrar en <strong>El sitio web de Dare<\/strong>Antes de la gira principal, The Dare se calent\u00f3 con una serie de noches abriendo para Charli XCX, la m\u00e1s reciente en su Boiler Room en Ibiza, as\u00ed como en su primer concierto.<em> Palo de golf <\/em>actuaciones en vivo en Nueva York y Los \u00c1ngeles, donde estren\u00f3 un nuevo espect\u00e1culo en vivo.<\/p>\n<p><em>\u00bfQu\u00e9 est\u00e1 mal con Nueva York?<\/em> El \u00e1lbum se grab\u00f3 durante el \u00faltimo a\u00f1o entre la casa y el estudio de The Dare en Nueva York. El \u00e1lbum incluye colaboraciones de composici\u00f3n y producci\u00f3n con Dylan Brady (100 gecs), Emile Haynie (Lana Del Rey, FKA twigs, Dua Lipa), Romil Hemnani (Brockhampton), Chris Greatti (Yves Tumor, Yeule), Isaac Eiger de Strange Ranger y m\u00e1s.<\/p>\n<p><strong>Transmite &#8220;Est\u00e1s invitado&#8221;.<\/strong><\/p>\n","protected":false},"excerpt":{"rendered":"<p>Charli xcx piensa El reto Est\u00e1 &#8220;en la onda&#8221; y acaba de lanzar una nueva canci\u00f3n para demostrarlo. &#8220;You&#8217;re Invited&#8221; es el \u00faltimo sencillo que<\/p>\n","protected":false},"author":1,"featured_media":429,"comment_status":"closed","ping_status":"open","sticky":false,"template":"","format":"standard","meta":{"footnotes":""},"categories":[50],"tags":[147,463,460,201,257,462,116,461],"class_list":["post-428","post","type-post","status-publish","format-standard","has-post-thumbnail","hentry","category-el-ultimo","tag-album","tag-antes","tag-cancion","tag-comparte","tag-debut","tag-invited","tag-nueva","tag-youre","generate-columns","tablet-grid-50","mobile-grid-100","grid-parent","grid-50"],"yoast_head":"<!-- This site is optimized with the Yoast SEO plugin v23.3 - https:\/\/yoast.com\/wordpress\/plugins\/seo\/ -->\n<title>The Dare comparte nueva canci\u00f3n &#039;You&#039;re Invited&#039; antes de su \u00e1lbum debut<\/title>\n<meta name=\"robots\" content=\"index, follow, max-snippet:-1, max-image-preview:large, max-video-preview:-1\" \/>\n<link rel=\"canonical\" href=\"https:\/\/web.consaguirre.com.ar\/noticias\/the-dare-comparte-nueva-cancion-youre-invited-antes-de-su-album-debut\/\" \/>\n<meta property=\"og:locale\" content=\"es_ES\" \/>\n<meta property=\"og:type\" content=\"article\" \/>\n<meta property=\"og:title\" content=\"The Dare comparte nueva canci\u00f3n &#039;You&#039;re Invited&#039; antes de su \u00e1lbum debut\" \/>\n<meta property=\"og:description\" content=\"Charli xcx piensa El reto Est\u00e1 &#8220;en la onda&#8221; y acaba de lanzar una nueva canci\u00f3n para demostrarlo. &#8220;You&#8217;re Invited&#8221; es el \u00faltimo sencillo que\" \/>\n<meta property=\"og:url\" content=\"https:\/\/web.consaguirre.com.ar\/noticias\/the-dare-comparte-nueva-cancion-youre-invited-antes-de-su-album-debut\/\" \/>\n<meta property=\"og:site_name\" content=\"Conservatorio de M\u00fasica Juli\u00e1n Aguirre\" \/>\n<meta property=\"article:published_time\" content=\"2024-09-03T22:38:16+00:00\" \/>\n<meta property=\"article:modified_time\" content=\"2024-09-08T19:27:48+00:00\" \/>\n<meta property=\"og:image\" content=\"https:\/\/web.consaguirre.com.ar\/noticias\/wp-content\/uploads\/2024\/09\/The-Dare-comparte-nueva-cancion-Youre-Invited-antes-de-su.jpg\" \/>\n\t<meta property=\"og:image:width\" content=\"1440\" \/>\n\t<meta property=\"og:image:height\" content=\"864\" \/>\n\t<meta property=\"og:image:type\" content=\"image\/jpeg\" \/>\n<meta name=\"author\" content=\"Javier Figueroa\" \/>\n<meta name=\"twitter:card\" content=\"summary_large_image\" \/>\n<meta name=\"twitter:label1\" content=\"Escrito por\" \/>\n\t<meta name=\"twitter:data1\" content=\"Javier Figueroa\" \/>\n\t<meta name=\"twitter:label2\" content=\"Tiempo de lectura\" \/>\n\t<meta name=\"twitter:data2\" content=\"2 minutos\" \/>\n<script type=\"application\/ld+json\" class=\"yoast-schema-graph\">{\"@context\":\"https:\/\/schema.org\",\"@graph\":[{\"@type\":\"Article\",\"@id\":\"https:\/\/web.consaguirre.com.ar\/noticias\/the-dare-comparte-nueva-cancion-youre-invited-antes-de-su-album-debut\/#article\",\"isPartOf\":{\"@id\":\"https:\/\/web.consaguirre.com.ar\/noticias\/the-dare-comparte-nueva-cancion-youre-invited-antes-de-su-album-debut\/\"},\"author\":{\"name\":\"Javier Figueroa\",\"@id\":\"https:\/\/web.consaguirre.com.ar\/noticias\/#\/schema\/person\/6558b0cfedee7ddc5425602b237d5722\"},\"headline\":\"The Dare comparte nueva canci\u00f3n &#8216;You&#8217;re Invited&#8217; antes de su \u00e1lbum debut\",\"datePublished\":\"2024-09-03T22:38:16+00:00\",\"dateModified\":\"2024-09-08T19:27:48+00:00\",\"mainEntityOfPage\":{\"@id\":\"https:\/\/web.consaguirre.com.ar\/noticias\/the-dare-comparte-nueva-cancion-youre-invited-antes-de-su-album-debut\/\"},\"wordCount\":413,\"publisher\":{\"@id\":\"https:\/\/web.consaguirre.com.ar\/noticias\/#organization\"},\"image\":{\"@id\":\"https:\/\/web.consaguirre.com.ar\/noticias\/the-dare-comparte-nueva-cancion-youre-invited-antes-de-su-album-debut\/#primaryimage\"},\"thumbnailUrl\":\"https:\/\/web.consaguirre.com.ar\/noticias\/wp-content\/uploads\/2024\/09\/The-Dare-comparte-nueva-cancion-Youre-Invited-antes-de-su.jpg\",\"keywords\":[\"\u00e1lbum\",\"antes\",\"canci\u00f3n\",\"comparte\",\"debut\",\"Invited\",\"nueva\",\"Youre\"],\"articleSection\":[\"El \u00faltimo\"],\"inLanguage\":\"es-AR\"},{\"@type\":\"WebPage\",\"@id\":\"https:\/\/web.consaguirre.com.ar\/noticias\/the-dare-comparte-nueva-cancion-youre-invited-antes-de-su-album-debut\/\",\"url\":\"https:\/\/web.consaguirre.com.ar\/noticias\/the-dare-comparte-nueva-cancion-youre-invited-antes-de-su-album-debut\/\",\"name\":\"The Dare comparte nueva canci\u00f3n 'You're Invited' antes de su \u00e1lbum debut\",\"isPartOf\":{\"@id\":\"https:\/\/web.consaguirre.com.ar\/noticias\/#website\"},\"primaryImageOfPage\":{\"@id\":\"https:\/\/web.consaguirre.com.ar\/noticias\/the-dare-comparte-nueva-cancion-youre-invited-antes-de-su-album-debut\/#primaryimage\"},\"image\":{\"@id\":\"https:\/\/web.consaguirre.com.ar\/noticias\/the-dare-comparte-nueva-cancion-youre-invited-antes-de-su-album-debut\/#primaryimage\"},\"thumbnailUrl\":\"https:\/\/web.consaguirre.com.ar\/noticias\/wp-content\/uploads\/2024\/09\/The-Dare-comparte-nueva-cancion-Youre-Invited-antes-de-su.jpg\",\"datePublished\":\"2024-09-03T22:38:16+00:00\",\"dateModified\":\"2024-09-08T19:27:48+00:00\",\"breadcrumb\":{\"@id\":\"https:\/\/web.consaguirre.com.ar\/noticias\/the-dare-comparte-nueva-cancion-youre-invited-antes-de-su-album-debut\/#breadcrumb\"},\"inLanguage\":\"es-AR\",\"potentialAction\":[{\"@type\":\"ReadAction\",\"target\":[\"https:\/\/web.consaguirre.com.ar\/noticias\/the-dare-comparte-nueva-cancion-youre-invited-antes-de-su-album-debut\/\"]}]},{\"@type\":\"ImageObject\",\"inLanguage\":\"es-AR\",\"@id\":\"https:\/\/web.consaguirre.com.ar\/noticias\/the-dare-comparte-nueva-cancion-youre-invited-antes-de-su-album-debut\/#primaryimage\",\"url\":\"https:\/\/web.consaguirre.com.ar\/noticias\/wp-content\/uploads\/2024\/09\/The-Dare-comparte-nueva-cancion-Youre-Invited-antes-de-su.jpg\",\"contentUrl\":\"https:\/\/web.consaguirre.com.ar\/noticias\/wp-content\/uploads\/2024\/09\/The-Dare-comparte-nueva-cancion-Youre-Invited-antes-de-su.jpg\",\"width\":1440,\"height\":864,\"caption\":\"The Dare comparte nueva canci\u00f3n 'You're Invited' antes de su \u00e1lbum debut\"},{\"@type\":\"BreadcrumbList\",\"@id\":\"https:\/\/web.consaguirre.com.ar\/noticias\/the-dare-comparte-nueva-cancion-youre-invited-antes-de-su-album-debut\/#breadcrumb\",\"itemListElement\":[{\"@type\":\"ListItem\",\"position\":1,\"name\":\"Inicio\",\"item\":\"https:\/\/web.consaguirre.com.ar\/noticias\/\"},{\"@type\":\"ListItem\",\"position\":2,\"name\":\"The Dare comparte nueva canci\u00f3n &#8216;You&#8217;re Invited&#8217; antes de su \u00e1lbum debut\"}]},{\"@type\":\"WebSite\",\"@id\":\"https:\/\/web.consaguirre.com.ar\/noticias\/#website\",\"url\":\"https:\/\/web.consaguirre.com.ar\/noticias\/\",\"name\":\"Conservatorio de M\u00fasica Juli\u00e1n Aguirre\",\"description\":\"\",\"publisher\":{\"@id\":\"https:\/\/web.consaguirre.com.ar\/noticias\/#organization\"},\"potentialAction\":[{\"@type\":\"SearchAction\",\"target\":{\"@type\":\"EntryPoint\",\"urlTemplate\":\"https:\/\/web.consaguirre.com.ar\/noticias\/?s={search_term_string}\"},\"query-input\":\"required name=search_term_string\"}],\"inLanguage\":\"es-AR\"},{\"@type\":\"Organization\",\"@id\":\"https:\/\/web.consaguirre.com.ar\/noticias\/#organization\",\"name\":\"Conservatorio de M\u00fasica Juli\u00e1n Aguirre\",\"url\":\"https:\/\/web.consaguirre.com.ar\/noticias\/\",\"logo\":{\"@type\":\"ImageObject\",\"inLanguage\":\"es-AR\",\"@id\":\"https:\/\/web.consaguirre.com.ar\/noticias\/#\/schema\/logo\/image\/\",\"url\":\"https:\/\/web.consaguirre.com.ar\/noticias\/wp-content\/uploads\/2024\/08\/Banner-Aguirre-23.jpg\",\"contentUrl\":\"https:\/\/web.consaguirre.com.ar\/noticias\/wp-content\/uploads\/2024\/08\/Banner-Aguirre-23.jpg\",\"width\":1192,\"height\":600,\"caption\":\"Conservatorio de M\u00fasica Juli\u00e1n Aguirre\"},\"image\":{\"@id\":\"https:\/\/web.consaguirre.com.ar\/noticias\/#\/schema\/logo\/image\/\"}},{\"@type\":\"Person\",\"@id\":\"https:\/\/web.consaguirre.com.ar\/noticias\/#\/schema\/person\/6558b0cfedee7ddc5425602b237d5722\",\"name\":\"Javier Figueroa\",\"image\":{\"@type\":\"ImageObject\",\"inLanguage\":\"es-AR\",\"@id\":\"https:\/\/web.consaguirre.com.ar\/noticias\/#\/schema\/person\/image\/\",\"url\":\"https:\/\/web.consaguirre.com.ar\/noticias\/wp-content\/uploads\/2024\/08\/Consaguirre-scaled.jpg\",\"contentUrl\":\"https:\/\/web.consaguirre.com.ar\/noticias\/wp-content\/uploads\/2024\/08\/Consaguirre-scaled.jpg\",\"caption\":\"Javier Figueroa\"},\"description\":\"Me llamo Javier Figueroa y soy redactor para el sitio oficial del Conservatorio de M\u00fasica Juli\u00e1n Aguirre en Buenos Aires, consaguirre.com. Apasionado por la m\u00fasica y la escritura, me esfuerzo por destacar los talentos y eventos de nuestra prestigiosa instituci\u00f3n. Mi trayectoria se nutre de una profunda admiraci\u00f3n por los artistas, haciendo de cada art\u00edculo una celebraci\u00f3n de la creatividad y la cultura musical.\",\"sameAs\":[\"https:\/\/web.consaguirre.com.ar\/noticias\"]}]}<\/script>\n<!-- \/ Yoast SEO plugin. -->","yoast_head_json":{"title":"The Dare comparte nueva canci\u00f3n 'You're Invited' antes de su \u00e1lbum debut","robots":{"index":"index","follow":"follow","max-snippet":"max-snippet:-1","max-image-preview":"max-image-preview:large","max-video-preview":"max-video-preview:-1"},"canonical":"https:\/\/web.consaguirre.com.ar\/noticias\/the-dare-comparte-nueva-cancion-youre-invited-antes-de-su-album-debut\/","og_locale":"es_ES","og_type":"article","og_title":"The Dare comparte nueva canci\u00f3n 'You're Invited' antes de su \u00e1lbum debut","og_description":"Charli xcx piensa El reto Est\u00e1 &#8220;en la onda&#8221; y acaba de lanzar una nueva canci\u00f3n para demostrarlo. &#8220;You&#8217;re Invited&#8221; es el \u00faltimo sencillo que","og_url":"https:\/\/web.consaguirre.com.ar\/noticias\/the-dare-comparte-nueva-cancion-youre-invited-antes-de-su-album-debut\/","og_site_name":"Conservatorio de M\u00fasica Juli\u00e1n Aguirre","article_published_time":"2024-09-03T22:38:16+00:00","article_modified_time":"2024-09-08T19:27:48+00:00","og_image":[{"width":1440,"height":864,"url":"https:\/\/web.consaguirre.com.ar\/noticias\/wp-content\/uploads\/2024\/09\/The-Dare-comparte-nueva-cancion-Youre-Invited-antes-de-su.jpg","type":"image\/jpeg"}],"author":"Javier Figueroa","twitter_card":"summary_large_image","twitter_misc":{"Escrito por":"Javier Figueroa","Tiempo de lectura":"2 minutos"},"schema":{"@context":"https:\/\/schema.org","@graph":[{"@type":"Article","@id":"https:\/\/web.consaguirre.com.ar\/noticias\/the-dare-comparte-nueva-cancion-youre-invited-antes-de-su-album-debut\/#article","isPartOf":{"@id":"https:\/\/web.consaguirre.com.ar\/noticias\/the-dare-comparte-nueva-cancion-youre-invited-antes-de-su-album-debut\/"},"author":{"name":"Javier Figueroa","@id":"https:\/\/web.consaguirre.com.ar\/noticias\/#\/schema\/person\/6558b0cfedee7ddc5425602b237d5722"},"headline":"The Dare comparte nueva canci\u00f3n &#8216;You&#8217;re Invited&#8217; antes de su \u00e1lbum debut","datePublished":"2024-09-03T22:38:16+00:00","dateModified":"2024-09-08T19:27:48+00:00","mainEntityOfPage":{"@id":"https:\/\/web.consaguirre.com.ar\/noticias\/the-dare-comparte-nueva-cancion-youre-invited-antes-de-su-album-debut\/"},"wordCount":413,"publisher":{"@id":"https:\/\/web.consaguirre.com.ar\/noticias\/#organization"},"image":{"@id":"https:\/\/web.consaguirre.com.ar\/noticias\/the-dare-comparte-nueva-cancion-youre-invited-antes-de-su-album-debut\/#primaryimage"},"thumbnailUrl":"https:\/\/web.consaguirre.com.ar\/noticias\/wp-content\/uploads\/2024\/09\/The-Dare-comparte-nueva-cancion-Youre-Invited-antes-de-su.jpg","keywords":["\u00e1lbum","antes","canci\u00f3n","comparte","debut","Invited","nueva","Youre"],"articleSection":["El \u00faltimo"],"inLanguage":"es-AR"},{"@type":"WebPage","@id":"https:\/\/web.consaguirre.com.ar\/noticias\/the-dare-comparte-nueva-cancion-youre-invited-antes-de-su-album-debut\/","url":"https:\/\/web.consaguirre.com.ar\/noticias\/the-dare-comparte-nueva-cancion-youre-invited-antes-de-su-album-debut\/","name":"The Dare comparte nueva canci\u00f3n 'You're Invited' antes de su \u00e1lbum debut","isPartOf":{"@id":"https:\/\/web.consaguirre.com.ar\/noticias\/#website"},"primaryImageOfPage":{"@id":"https:\/\/web.consaguirre.com.ar\/noticias\/the-dare-comparte-nueva-cancion-youre-invited-antes-de-su-album-debut\/#primaryimage"},"image":{"@id":"https:\/\/web.consaguirre.com.ar\/noticias\/the-dare-comparte-nueva-cancion-youre-invited-antes-de-su-album-debut\/#primaryimage"},"thumbnailUrl":"https:\/\/web.consaguirre.com.ar\/noticias\/wp-content\/uploads\/2024\/09\/The-Dare-comparte-nueva-cancion-Youre-Invited-antes-de-su.jpg","datePublished":"2024-09-03T22:38:16+00:00","dateModified":"2024-09-08T19:27:48+00:00","breadcrumb":{"@id":"https:\/\/web.consaguirre.com.ar\/noticias\/the-dare-comparte-nueva-cancion-youre-invited-antes-de-su-album-debut\/#breadcrumb"},"inLanguage":"es-AR","potentialAction":[{"@type":"ReadAction","target":["https:\/\/web.consaguirre.com.ar\/noticias\/the-dare-comparte-nueva-cancion-youre-invited-antes-de-su-album-debut\/"]}]},{"@type":"ImageObject","inLanguage":"es-AR","@id":"https:\/\/web.consaguirre.com.ar\/noticias\/the-dare-comparte-nueva-cancion-youre-invited-antes-de-su-album-debut\/#primaryimage","url":"https:\/\/web.consaguirre.com.ar\/noticias\/wp-content\/uploads\/2024\/09\/The-Dare-comparte-nueva-cancion-Youre-Invited-antes-de-su.jpg","contentUrl":"https:\/\/web.consaguirre.com.ar\/noticias\/wp-content\/uploads\/2024\/09\/The-Dare-comparte-nueva-cancion-Youre-Invited-antes-de-su.jpg","width":1440,"height":864,"caption":"The Dare comparte nueva canci\u00f3n 'You're Invited' antes de su \u00e1lbum debut"},{"@type":"BreadcrumbList","@id":"https:\/\/web.consaguirre.com.ar\/noticias\/the-dare-comparte-nueva-cancion-youre-invited-antes-de-su-album-debut\/#breadcrumb","itemListElement":[{"@type":"ListItem","position":1,"name":"Inicio","item":"https:\/\/web.consaguirre.com.ar\/noticias\/"},{"@type":"ListItem","position":2,"name":"The Dare comparte nueva canci\u00f3n &#8216;You&#8217;re Invited&#8217; antes de su \u00e1lbum debut"}]},{"@type":"WebSite","@id":"https:\/\/web.consaguirre.com.ar\/noticias\/#website","url":"https:\/\/web.consaguirre.com.ar\/noticias\/","name":"Conservatorio de M\u00fasica Juli\u00e1n Aguirre","description":"","publisher":{"@id":"https:\/\/web.consaguirre.com.ar\/noticias\/#organization"},"potentialAction":[{"@type":"SearchAction","target":{"@type":"EntryPoint","urlTemplate":"https:\/\/web.consaguirre.com.ar\/noticias\/?s={search_term_string}"},"query-input":"required name=search_term_string"}],"inLanguage":"es-AR"},{"@type":"Organization","@id":"https:\/\/web.consaguirre.com.ar\/noticias\/#organization","name":"Conservatorio de M\u00fasica Juli\u00e1n Aguirre","url":"https:\/\/web.consaguirre.com.ar\/noticias\/","logo":{"@type":"ImageObject","inLanguage":"es-AR","@id":"https:\/\/web.consaguirre.com.ar\/noticias\/#\/schema\/logo\/image\/","url":"https:\/\/web.consaguirre.com.ar\/noticias\/wp-content\/uploads\/2024\/08\/Banner-Aguirre-23.jpg","contentUrl":"https:\/\/web.consaguirre.com.ar\/noticias\/wp-content\/uploads\/2024\/08\/Banner-Aguirre-23.jpg","width":1192,"height":600,"caption":"Conservatorio de M\u00fasica Juli\u00e1n Aguirre"},"image":{"@id":"https:\/\/web.consaguirre.com.ar\/noticias\/#\/schema\/logo\/image\/"}},{"@type":"Person","@id":"https:\/\/web.consaguirre.com.ar\/noticias\/#\/schema\/person\/6558b0cfedee7ddc5425602b237d5722","name":"Javier Figueroa","image":{"@type":"ImageObject","inLanguage":"es-AR","@id":"https:\/\/web.consaguirre.com.ar\/noticias\/#\/schema\/person\/image\/","url":"https:\/\/web.consaguirre.com.ar\/noticias\/wp-content\/uploads\/2024\/08\/Consaguirre-scaled.jpg","contentUrl":"https:\/\/web.consaguirre.com.ar\/noticias\/wp-content\/uploads\/2024\/08\/Consaguirre-scaled.jpg","caption":"Javier Figueroa"},"description":"Me llamo Javier Figueroa y soy redactor para el sitio oficial del Conservatorio de M\u00fasica Juli\u00e1n Aguirre en Buenos Aires, consaguirre.com. Apasionado por la m\u00fasica y la escritura, me esfuerzo por destacar los talentos y eventos de nuestra prestigiosa instituci\u00f3n. Mi trayectoria se nutre de una profunda admiraci\u00f3n por los artistas, haciendo de cada art\u00edculo una celebraci\u00f3n de la creatividad y la cultura musical.","sameAs":["https:\/\/web.consaguirre.com.ar\/noticias"]}]}},"_links":{"self":[{"href":"https:\/\/web.consaguirre.com.ar\/noticias\/wp-json\/wp\/v2\/posts\/428"}],"collection":[{"href":"https:\/\/web.consaguirre.com.ar\/noticias\/wp-json\/wp\/v2\/posts"}],"about":[{"href":"https:\/\/web.consaguirre.com.ar\/noticias\/wp-json\/wp\/v2\/types\/post"}],"author":[{"embeddable":true,"href":"https:\/\/web.consaguirre.com.ar\/noticias\/wp-json\/wp\/v2\/users\/1"}],"replies":[{"embeddable":true,"href":"https:\/\/web.consaguirre.com.ar\/noticias\/wp-json\/wp\/v2\/comments?post=428"}],"version-history":[{"count":1,"href":"https:\/\/web.consaguirre.com.ar\/noticias\/wp-json\/wp\/v2\/posts\/428\/revisions"}],"predecessor-version":[{"id":430,"href":"https:\/\/web.consaguirre.com.ar\/noticias\/wp-json\/wp\/v2\/posts\/428\/revisions\/430"}],"wp:featuredmedia":[{"embeddable":true,"href":"https:\/\/web.consaguirre.com.ar\/noticias\/wp-json\/wp\/v2\/media\/429"}],"wp:attachment":[{"href":"https:\/\/web.consaguirre.com.ar\/noticias\/wp-json\/wp\/v2\/media?parent=428"}],"wp:term":[{"taxonomy":"category","embeddable":true,"href":"https:\/\/web.consaguirre.com.ar\/noticias\/wp-json\/wp\/v2\/categories?post=428"},{"taxonomy":"post_tag","embeddable":true,"href":"https:\/\/web.consaguirre.com.ar\/noticias\/wp-json\/wp\/v2\/tags?post=428"}],"curies":[{"name":"wp","href":"https:\/\/api.w.org\/{rel}","templated":true}]}}