{"id":4278,"date":"2025-11-06T04:38:17","date_gmt":"2025-11-06T07:38:17","guid":{"rendered":"https:\/\/web.consaguirre.com.ar\/noticias\/resena-del-cd-donny-mccaslin-cancion-de-cuna-para-los-perdidos\/"},"modified":"2025-11-06T04:38:18","modified_gmt":"2025-11-06T07:38:18","slug":"resena-del-cd-donny-mccaslin-cancion-de-cuna-para-los-perdidos","status":"publish","type":"post","link":"https:\/\/web.consaguirre.com.ar\/noticias\/resena-del-cd-donny-mccaslin-cancion-de-cuna-para-los-perdidos\/","title":{"rendered":"Rese\u00f1a del CD: Donny McCaslin, Canci\u00f3n de cuna para los perdidos"},"content":{"rendered":"<div class=\"entry\" itemprop=\"text\">\n<p><em><strong>\u201cLullaby for the Lost\u201d de Donny McCaslin, lanzada el 26 de septiembre de 2025 a trav\u00e9s de Edition Records, es una sorprendente continuaci\u00f3n de su trayectoria aventurera en el jazz fusi\u00f3n contempor\u00e1neo. Aprovechando el impulso de su \u00e1lbum de 2023, aclamado por la cr\u00edtica, \u201cI Want More\u201d, McCaslin adopta plenamente una est\u00e9tica impulsada por la guitarra y con influencias del rock en esta decimocuarta salida como l\u00edder. El \u00e1lbum consta de nueve pistas poderosas, entretejidas con energ\u00eda cruda, claridad compositiva e interacci\u00f3n intrincada entre los miembros de la banda, lo que lo convierte en una escucha exigente pero gratificante para aquellos que buscan m\u00fasica que traspase los l\u00edmites.<\/strong><\/em><\/p>\n<p>Desde el principio, \u201cWasteland\u201d ofrece una pared de sonido saturada. El solo de saxof\u00f3n inicial se integra h\u00e1bilmente dentro de esta textura espesa, casi sumergida pero ardiendo con intensidad, reflejando la energ\u00eda ardiente que McCaslin aport\u00f3 a \u201cBlackstar\u201d de Bowie. Esta pista establece un tono de urgencia y fuerza que se mantiene a lo largo de todo el \u00e1lbum.<\/p>\n<p>Despu\u00e9s de esto, \u201cSolace\u201d revela un lado m\u00e1s accesible, con pads de sintetizador expansivos que evocan ecos del jazz-rock de los a\u00f1os 70 sin caer en clich\u00e9s. El saxof\u00f3n aqu\u00ed emerge de manera m\u00e1s prominente, ofreciendo un solo fuerte y directo sobre un ritmo s\u00f3lido, enmarcado por un fondo sonoro intrigantemente industrial que agrega profundidad y tensi\u00f3n. \u201cStately\u201d contrasta marcadamente con sus predecesores, abriendo un paisaje sonoro espacioso y et\u00e9reo. La pieza se desarrolla como una balada serena y contemplativa que resalta la capacidad de McCaslin para los matices mel\u00f3dicos y la sutileza emocional.<\/p>\n<p>El cuarto tema, \u201cBlond Crush\u201d, se inclina sin disculpas hacia el territorio del rock. Dominado por un ritmo de rock directo de octava nota que recuerda a la d\u00e9cada de 1980, genera intensidad con un impulso implacable. Si bien es musicalmente convincente, la franqueza de esta pista se siente algo en desacuerdo con el tapiz m\u00e1s amplio de las piezas m\u00e1s texturales y matizadas del \u00e1lbum. \u201cCelestial\u201d, el sencillo principal, se origin\u00f3 espont\u00e1neamente durante una prueba de sonido en Fano, Italia. Su disposici\u00f3n de saxof\u00f3n en capas evoca una calidad seccional, complementada por los sintetizadores atmosf\u00e9ricos de Jason Lindner y el ritmo din\u00e1mico de Nate Wood. La pista ejemplifica la sinergia dentro de la banda, mostrando una qu\u00edmica desarrollada que sustenta el \u00e1lbum.<\/p>\n<p>\u201cTokyo Game Show\u201d, que comienza con motivos de sintetizador que recuerdan a las bandas sonoras de los videojuegos antiguos de los a\u00f1os 80, pasa r\u00e1pidamente a una exploraci\u00f3n cin\u00e9tica del ritmo y la interacci\u00f3n mel\u00f3dica. La pista se destaca por su energ\u00eda sostenida e inspiraciones poco convencionales. La canci\u00f3n principal, \u201cLullaby for the Lost\u201d, se inspira en \u201cLe Noise\u201d de Neil Young. El trabajo de guitarra de Ben Monder evoca \u201cI Can&#8217;t Give Everything Away\u201d de Bowie, tejiendo una narrativa de belleza y anhelo bordada con corrientes subyacentes de angustia. La proclamaci\u00f3n del saxof\u00f3n de McCaslin al comienzo de la canci\u00f3n es asertiva y establece un tono dram\u00e1tico que transmite tensi\u00f3n emocional en todo momento.<\/p>\n<p>\u201cKID\u201d contin\u00faa mostrando el uso inventivo de efectos sonoros por parte de la banda. Construida alrededor de la l\u00ednea de bajo de Lefebvre, la pista equilibra la repetici\u00f3n hipn\u00f3tica con r\u00e1fagas de intensidad, evocando una interacci\u00f3n modernista entre groove y abstracci\u00f3n. El \u00e1lbum se cierra con \u201cMercy\u201d, una composici\u00f3n espaciosa y rica en textura. Despu\u00e9s de una secci\u00f3n inicialmente intensa, la pieza se disuelve en un pasaje casi meditativo, que ofrece una sensaci\u00f3n de resoluci\u00f3n sin sacrificar la complejidad o la profundidad emocional.<\/p>\n<p><img loading=\"lazy\" decoding=\"async\" class=\"aligncenter size-large wp-image-63463\" src=\"https:\/\/web.consaguirre.com.ar\/noticias\/wp-content\/uploads\/2025\/11\/1762414697_848_Resena-del-CD-Donny-McCaslin-Cancion-de-cuna-para-los.jpg\" alt=\"\" width=\"1024\" height=\"683\"  ><\/p>\n<p>El personal de \u201cLullaby for the Lost\u201d son colaboradores de McCaslin desde hace mucho tiempo, cuya relaci\u00f3n compartida forma la columna vertebral del \u00e1lbum. El trabajo de sintetizador y teclado de Jason Lindner agrega capas brillantes que equilibran la crudeza del rock con la complejidad del jazz. Tim Lefebvre, que tambi\u00e9n act\u00faa como productor, ancla el sonido con bajo el\u00e9ctrico y aporta texturas adicionales de guitarra y sintetizador. Jonathan Maron comparte las tareas del bajo, mientras que las responsabilidades de la bater\u00eda se alternan entre Zach Danziger y Nate Wood, proporcionando variedad r\u00edtmica y empuje. El estilo distintivo del guitarrista Ben Monder es una presencia textural persistente, que gu\u00eda muchas pistas con su mezcla de precisi\u00f3n y resonancia emocional. La guitarra adicional de Ryan Dahle aparece en \u201cBlond Crush\u201d. La producci\u00f3n, mezclada por Dave Fridmann con la ayuda de Steve Wall y Aaron Nevezie, orquesta cuidadosamente la combinaci\u00f3n de interpretaci\u00f3n org\u00e1nica y efectos de estudio, empleando reverberaci\u00f3n, modulaci\u00f3n y retardo para crear espacios cambiantes que oscilan entre la inmediatez cruda y las extensiones et\u00e9reas.<\/p>\n<p>La base tem\u00e1tica del \u00e1lbum es multifac\u00e9tica. McCaslin describe \u201cLullaby for the Lost\u201d como una meditaci\u00f3n sobre el trauma personal y colectivo, pero tambi\u00e9n sobre la transformaci\u00f3n y la resiliencia. La noci\u00f3n de canalizar el dolor hacia algo significativo y hermoso impregna las composiciones, validada por la urgencia emocional que comunican McCaslin y su conjunto.<\/p>\n<p>En t\u00e9rminos de impresi\u00f3n general, el \u00e1lbum est\u00e1 lejos de ser una escucha de fondo moderada; es decididamente \u201cen tu cara\u201d, desafiando al oyente con densos paisajes sonoros, intensas improvisaciones y texturas complejas. McCaslin y Monder se destacan en la construcci\u00f3n de ambientes sonoros v\u00edvidos, respaldados por las contribuciones de sintetizador de Lindner que van desde lo atmosf\u00e9rico hasta lo sobrenatural. La interacci\u00f3n de este tr\u00edo es un elemento fundamental, reforzado por una secci\u00f3n r\u00edtmica cuya precisi\u00f3n y energ\u00eda mantienen el \u00e1lbum firme mientras alimentan sus exploraciones.<\/p>\n<p>\u201cLullaby for the Lost\u201d es un testimonio de la valent\u00eda art\u00edstica y las fortalezas colaborativas de McCaslin. Equilibra la intensidad visceral extra\u00edda de influencias del rock como Neil Young, Nine Inch Nails y Rage Against the Machine con la sofisticaci\u00f3n exploratoria del jazz fusi\u00f3n moderno. La energ\u00eda de la banda en vivo es palpable en todas las pistas, con elementos de composici\u00f3n e improvisaci\u00f3n estrechamente entrelazados para mantener el enfoque en medio del aparente caos.<\/p>\n<p>El \u00e1lbum exige una escucha atenta y recompensa a quienes est\u00e9n dispuestos a profundizar en sus capas de matices. Proporciona un viaje sonoro expansivo desde el tumulto saturado de \u201cWasteland\u201d hasta la calma introspectiva de \u201cMercy\u201d, enmarcado por momentos tanto de accesibilidad como de experimentaci\u00f3n sonora. Este es un disco con visi\u00f3n de futuro que refleja a un artista maduro que abraza el presente mientras expande las posibilidades de su lenguaje musical.<\/p>\n<p>El sentimiento final del propio McCaslin, de que este es quiz\u00e1s el disco m\u00e1s significativo y urgente de su carrera, se siente justificado cuando se lo confronta con la amplitud, el detalle y el espectro emocional del \u00e1lbum. \u201cLullaby for the Lost\u201d es muy recomendable para los oyentes que buscan m\u00fasica que desaf\u00ede, estimule y atraiga profundamente.<\/p>\n<p><strong>Listado de pistas:<\/strong><\/p>\n<p>Terreno bald\u00edo | 2. Consuelo | 3. Se\u00f1orial | 4. Rubio enamorado | 5. Celeste | 6. Sal\u00f3n de juegos de Tokio | 7. Canci\u00f3n de cuna para los perdidos | 8. NI\u00d1O | 9. Misericordia<\/p>\n<p><strong>P\u00f3ngase en fila:<\/strong><\/p>\n<p>Donny McCaslin, saxof\u00f3n tenor | Jason Lindner, sintetizadores, piano el\u00e9ctrico, piano ac\u00fastico | Ben Monder, Guitarra | Tim Lefebvre, bajo el\u00e9ctrico, guitarra el\u00e9ctrica | Jonathan Mar\u00f3n, Bajo El\u00e9ctrico | Zach Danziger, bater\u00eda | Nate Wood, Bater\u00eda | Ryan Dahle, Guitarra | Mark Guiliana, bater\u00eda<\/p>\n<p><strong>Detalles de lanzamiento:<\/strong><\/p>\n<p>Fecha de lanzamiento: 26 de septiembre de 2025<br \/>\nFormato: Digital | CD<br \/>\nSello: Edici\u00f3n Records<\/p>\n<p><img loading=\"lazy\" decoding=\"async\" class=\"aligncenter size-full wp-image-36519\" src=\"https:\/\/web.consaguirre.com.ar\/noticias\/wp-content\/uploads\/2024\/08\/Resena-de-CD-Stephen-Henderson-Tales-of-the-Skald.png\" alt=\"\" width=\"527\" height=\"77\"  ><\/p>\n<p><img loading=\"lazy\" decoding=\"async\" class=\"aligncenter wp-image-63084 size-full\" src=\"https:\/\/web.consaguirre.com.ar\/noticias\/wp-content\/uploads\/2025\/10\/1759844368_824_Revision-del-CD-Theo-Girard-La-Riviere-Coulera-sin-esfuerzo.jpg\" rel=\"prettyPhoto\" alt=\"\" width=\"728\" height=\"90\"  ><\/p>\n<div class=\"post-pagination\"><\/div>\n<div class=\"clearfix\"><\/div>\n<\/p><\/div>\n","protected":false},"excerpt":{"rendered":"<p>\u201cLullaby for the Lost\u201d de Donny McCaslin, lanzada el 26 de septiembre de 2025 a trav\u00e9s de Edition Records, es una sorprendente continuaci\u00f3n de su<\/p>\n","protected":false},"author":1,"featured_media":4279,"comment_status":"closed","ping_status":"","sticky":false,"template":"","format":"standard","meta":{"footnotes":""},"categories":[4],"tags":[460,3471,10,3469,180,3470,154,2428,6],"class_list":["post-4278","post","type-post","status-publish","format-standard","has-post-thumbnail","hentry","category-critica","tag-cancion","tag-cuna","tag-del","tag-donny","tag-los","tag-mccaslin","tag-para","tag-perdidos","tag-resena","generate-columns","tablet-grid-50","mobile-grid-100","grid-parent","grid-50"],"yoast_head":"<!-- This site is optimized with the Yoast SEO plugin v23.3 - https:\/\/yoast.com\/wordpress\/plugins\/seo\/ -->\n<title>Rese\u00f1a del CD: Donny McCaslin, Canci\u00f3n de cuna para los perdidos<\/title>\n<meta name=\"robots\" content=\"index, follow, max-snippet:-1, max-image-preview:large, max-video-preview:-1\" \/>\n<link rel=\"canonical\" href=\"https:\/\/web.consaguirre.com.ar\/noticias\/resena-del-cd-donny-mccaslin-cancion-de-cuna-para-los-perdidos\/\" \/>\n<meta property=\"og:locale\" content=\"es_ES\" \/>\n<meta property=\"og:type\" content=\"article\" \/>\n<meta property=\"og:title\" content=\"Rese\u00f1a del CD: Donny McCaslin, Canci\u00f3n de cuna para los perdidos\" \/>\n<meta property=\"og:description\" content=\"\u201cLullaby for the Lost\u201d de Donny McCaslin, lanzada el 26 de septiembre de 2025 a trav\u00e9s de Edition Records, es una sorprendente continuaci\u00f3n de su\" \/>\n<meta property=\"og:url\" content=\"https:\/\/web.consaguirre.com.ar\/noticias\/resena-del-cd-donny-mccaslin-cancion-de-cuna-para-los-perdidos\/\" \/>\n<meta property=\"og:site_name\" content=\"Conservatorio de M\u00fasica Juli\u00e1n Aguirre\" \/>\n<meta property=\"article:published_time\" content=\"2025-11-06T07:38:17+00:00\" \/>\n<meta property=\"article:modified_time\" content=\"2025-11-06T07:38:18+00:00\" \/>\n<meta property=\"og:image\" content=\"https:\/\/web.consaguirre.com.ar\/noticias\/wp-content\/uploads\/2025\/11\/Resena-del-CD-Donny-McCaslin-Cancion-de-cuna-para-los.jpg\" \/>\n\t<meta property=\"og:image:width\" content=\"300\" \/>\n\t<meta property=\"og:image:height\" content=\"300\" \/>\n\t<meta property=\"og:image:type\" content=\"image\/jpeg\" \/>\n<meta name=\"author\" content=\"Javier Figueroa\" \/>\n<meta name=\"twitter:card\" content=\"summary_large_image\" \/>\n<meta name=\"twitter:label1\" content=\"Escrito por\" \/>\n\t<meta name=\"twitter:data1\" content=\"Javier Figueroa\" \/>\n\t<meta name=\"twitter:label2\" content=\"Tiempo de lectura\" \/>\n\t<meta name=\"twitter:data2\" content=\"6 minutos\" \/>\n<script type=\"application\/ld+json\" class=\"yoast-schema-graph\">{\"@context\":\"https:\/\/schema.org\",\"@graph\":[{\"@type\":\"Article\",\"@id\":\"https:\/\/web.consaguirre.com.ar\/noticias\/resena-del-cd-donny-mccaslin-cancion-de-cuna-para-los-perdidos\/#article\",\"isPartOf\":{\"@id\":\"https:\/\/web.consaguirre.com.ar\/noticias\/resena-del-cd-donny-mccaslin-cancion-de-cuna-para-los-perdidos\/\"},\"author\":{\"name\":\"Javier Figueroa\",\"@id\":\"https:\/\/web.consaguirre.com.ar\/noticias\/#\/schema\/person\/6558b0cfedee7ddc5425602b237d5722\"},\"headline\":\"Rese\u00f1a del CD: Donny McCaslin, Canci\u00f3n de cuna para los perdidos\",\"datePublished\":\"2025-11-06T07:38:17+00:00\",\"dateModified\":\"2025-11-06T07:38:18+00:00\",\"mainEntityOfPage\":{\"@id\":\"https:\/\/web.consaguirre.com.ar\/noticias\/resena-del-cd-donny-mccaslin-cancion-de-cuna-para-los-perdidos\/\"},\"wordCount\":1309,\"publisher\":{\"@id\":\"https:\/\/web.consaguirre.com.ar\/noticias\/#organization\"},\"image\":{\"@id\":\"https:\/\/web.consaguirre.com.ar\/noticias\/resena-del-cd-donny-mccaslin-cancion-de-cuna-para-los-perdidos\/#primaryimage\"},\"thumbnailUrl\":\"https:\/\/web.consaguirre.com.ar\/noticias\/wp-content\/uploads\/2025\/11\/Resena-del-CD-Donny-McCaslin-Cancion-de-cuna-para-los.jpg\",\"keywords\":[\"canci\u00f3n\",\"cuna\",\"del\",\"Donny\",\"los\",\"McCaslin\",\"para\",\"perdidos\",\"Rese\u00f1a\"],\"articleSection\":[\"Cr\u00edtica\"],\"inLanguage\":\"es-AR\"},{\"@type\":\"WebPage\",\"@id\":\"https:\/\/web.consaguirre.com.ar\/noticias\/resena-del-cd-donny-mccaslin-cancion-de-cuna-para-los-perdidos\/\",\"url\":\"https:\/\/web.consaguirre.com.ar\/noticias\/resena-del-cd-donny-mccaslin-cancion-de-cuna-para-los-perdidos\/\",\"name\":\"Rese\u00f1a del CD: Donny McCaslin, Canci\u00f3n de cuna para los perdidos\",\"isPartOf\":{\"@id\":\"https:\/\/web.consaguirre.com.ar\/noticias\/#website\"},\"primaryImageOfPage\":{\"@id\":\"https:\/\/web.consaguirre.com.ar\/noticias\/resena-del-cd-donny-mccaslin-cancion-de-cuna-para-los-perdidos\/#primaryimage\"},\"image\":{\"@id\":\"https:\/\/web.consaguirre.com.ar\/noticias\/resena-del-cd-donny-mccaslin-cancion-de-cuna-para-los-perdidos\/#primaryimage\"},\"thumbnailUrl\":\"https:\/\/web.consaguirre.com.ar\/noticias\/wp-content\/uploads\/2025\/11\/Resena-del-CD-Donny-McCaslin-Cancion-de-cuna-para-los.jpg\",\"datePublished\":\"2025-11-06T07:38:17+00:00\",\"dateModified\":\"2025-11-06T07:38:18+00:00\",\"breadcrumb\":{\"@id\":\"https:\/\/web.consaguirre.com.ar\/noticias\/resena-del-cd-donny-mccaslin-cancion-de-cuna-para-los-perdidos\/#breadcrumb\"},\"inLanguage\":\"es-AR\",\"potentialAction\":[{\"@type\":\"ReadAction\",\"target\":[\"https:\/\/web.consaguirre.com.ar\/noticias\/resena-del-cd-donny-mccaslin-cancion-de-cuna-para-los-perdidos\/\"]}]},{\"@type\":\"ImageObject\",\"inLanguage\":\"es-AR\",\"@id\":\"https:\/\/web.consaguirre.com.ar\/noticias\/resena-del-cd-donny-mccaslin-cancion-de-cuna-para-los-perdidos\/#primaryimage\",\"url\":\"https:\/\/web.consaguirre.com.ar\/noticias\/wp-content\/uploads\/2025\/11\/Resena-del-CD-Donny-McCaslin-Cancion-de-cuna-para-los.jpg\",\"contentUrl\":\"https:\/\/web.consaguirre.com.ar\/noticias\/wp-content\/uploads\/2025\/11\/Resena-del-CD-Donny-McCaslin-Cancion-de-cuna-para-los.jpg\",\"width\":300,\"height\":300,\"caption\":\"Rese\u00f1a del CD: Donny McCaslin, Canci\u00f3n de cuna para los perdidos\"},{\"@type\":\"BreadcrumbList\",\"@id\":\"https:\/\/web.consaguirre.com.ar\/noticias\/resena-del-cd-donny-mccaslin-cancion-de-cuna-para-los-perdidos\/#breadcrumb\",\"itemListElement\":[{\"@type\":\"ListItem\",\"position\":1,\"name\":\"Inicio\",\"item\":\"https:\/\/web.consaguirre.com.ar\/noticias\/\"},{\"@type\":\"ListItem\",\"position\":2,\"name\":\"Rese\u00f1a del CD: Donny McCaslin, Canci\u00f3n de cuna para los perdidos\"}]},{\"@type\":\"WebSite\",\"@id\":\"https:\/\/web.consaguirre.com.ar\/noticias\/#website\",\"url\":\"https:\/\/web.consaguirre.com.ar\/noticias\/\",\"name\":\"Conservatorio de M\u00fasica Juli\u00e1n Aguirre\",\"description\":\"\",\"publisher\":{\"@id\":\"https:\/\/web.consaguirre.com.ar\/noticias\/#organization\"},\"potentialAction\":[{\"@type\":\"SearchAction\",\"target\":{\"@type\":\"EntryPoint\",\"urlTemplate\":\"https:\/\/web.consaguirre.com.ar\/noticias\/?s={search_term_string}\"},\"query-input\":\"required name=search_term_string\"}],\"inLanguage\":\"es-AR\"},{\"@type\":\"Organization\",\"@id\":\"https:\/\/web.consaguirre.com.ar\/noticias\/#organization\",\"name\":\"Conservatorio de M\u00fasica Juli\u00e1n Aguirre\",\"url\":\"https:\/\/web.consaguirre.com.ar\/noticias\/\",\"logo\":{\"@type\":\"ImageObject\",\"inLanguage\":\"es-AR\",\"@id\":\"https:\/\/web.consaguirre.com.ar\/noticias\/#\/schema\/logo\/image\/\",\"url\":\"https:\/\/web.consaguirre.com.ar\/noticias\/wp-content\/uploads\/2024\/08\/Banner-Aguirre-23.jpg\",\"contentUrl\":\"https:\/\/web.consaguirre.com.ar\/noticias\/wp-content\/uploads\/2024\/08\/Banner-Aguirre-23.jpg\",\"width\":1192,\"height\":600,\"caption\":\"Conservatorio de M\u00fasica Juli\u00e1n Aguirre\"},\"image\":{\"@id\":\"https:\/\/web.consaguirre.com.ar\/noticias\/#\/schema\/logo\/image\/\"}},{\"@type\":\"Person\",\"@id\":\"https:\/\/web.consaguirre.com.ar\/noticias\/#\/schema\/person\/6558b0cfedee7ddc5425602b237d5722\",\"name\":\"Javier Figueroa\",\"image\":{\"@type\":\"ImageObject\",\"inLanguage\":\"es-AR\",\"@id\":\"https:\/\/web.consaguirre.com.ar\/noticias\/#\/schema\/person\/image\/\",\"url\":\"https:\/\/web.consaguirre.com.ar\/noticias\/wp-content\/uploads\/2024\/08\/Consaguirre-scaled.jpg\",\"contentUrl\":\"https:\/\/web.consaguirre.com.ar\/noticias\/wp-content\/uploads\/2024\/08\/Consaguirre-scaled.jpg\",\"caption\":\"Javier Figueroa\"},\"description\":\"Me llamo Javier Figueroa y soy redactor para el sitio oficial del Conservatorio de M\u00fasica Juli\u00e1n Aguirre en Buenos Aires, consaguirre.com. Apasionado por la m\u00fasica y la escritura, me esfuerzo por destacar los talentos y eventos de nuestra prestigiosa instituci\u00f3n. Mi trayectoria se nutre de una profunda admiraci\u00f3n por los artistas, haciendo de cada art\u00edculo una celebraci\u00f3n de la creatividad y la cultura musical.\",\"sameAs\":[\"https:\/\/web.consaguirre.com.ar\/noticias\"]}]}<\/script>\n<!-- \/ Yoast SEO plugin. -->","yoast_head_json":{"title":"Rese\u00f1a del CD: Donny McCaslin, Canci\u00f3n de cuna para los perdidos","robots":{"index":"index","follow":"follow","max-snippet":"max-snippet:-1","max-image-preview":"max-image-preview:large","max-video-preview":"max-video-preview:-1"},"canonical":"https:\/\/web.consaguirre.com.ar\/noticias\/resena-del-cd-donny-mccaslin-cancion-de-cuna-para-los-perdidos\/","og_locale":"es_ES","og_type":"article","og_title":"Rese\u00f1a del CD: Donny McCaslin, Canci\u00f3n de cuna para los perdidos","og_description":"\u201cLullaby for the Lost\u201d de Donny McCaslin, lanzada el 26 de septiembre de 2025 a trav\u00e9s de Edition Records, es una sorprendente continuaci\u00f3n de su","og_url":"https:\/\/web.consaguirre.com.ar\/noticias\/resena-del-cd-donny-mccaslin-cancion-de-cuna-para-los-perdidos\/","og_site_name":"Conservatorio de M\u00fasica Juli\u00e1n Aguirre","article_published_time":"2025-11-06T07:38:17+00:00","article_modified_time":"2025-11-06T07:38:18+00:00","og_image":[{"width":300,"height":300,"url":"https:\/\/web.consaguirre.com.ar\/noticias\/wp-content\/uploads\/2025\/11\/Resena-del-CD-Donny-McCaslin-Cancion-de-cuna-para-los.jpg","type":"image\/jpeg"}],"author":"Javier Figueroa","twitter_card":"summary_large_image","twitter_misc":{"Escrito por":"Javier Figueroa","Tiempo de lectura":"6 minutos"},"schema":{"@context":"https:\/\/schema.org","@graph":[{"@type":"Article","@id":"https:\/\/web.consaguirre.com.ar\/noticias\/resena-del-cd-donny-mccaslin-cancion-de-cuna-para-los-perdidos\/#article","isPartOf":{"@id":"https:\/\/web.consaguirre.com.ar\/noticias\/resena-del-cd-donny-mccaslin-cancion-de-cuna-para-los-perdidos\/"},"author":{"name":"Javier Figueroa","@id":"https:\/\/web.consaguirre.com.ar\/noticias\/#\/schema\/person\/6558b0cfedee7ddc5425602b237d5722"},"headline":"Rese\u00f1a del CD: Donny McCaslin, Canci\u00f3n de cuna para los perdidos","datePublished":"2025-11-06T07:38:17+00:00","dateModified":"2025-11-06T07:38:18+00:00","mainEntityOfPage":{"@id":"https:\/\/web.consaguirre.com.ar\/noticias\/resena-del-cd-donny-mccaslin-cancion-de-cuna-para-los-perdidos\/"},"wordCount":1309,"publisher":{"@id":"https:\/\/web.consaguirre.com.ar\/noticias\/#organization"},"image":{"@id":"https:\/\/web.consaguirre.com.ar\/noticias\/resena-del-cd-donny-mccaslin-cancion-de-cuna-para-los-perdidos\/#primaryimage"},"thumbnailUrl":"https:\/\/web.consaguirre.com.ar\/noticias\/wp-content\/uploads\/2025\/11\/Resena-del-CD-Donny-McCaslin-Cancion-de-cuna-para-los.jpg","keywords":["canci\u00f3n","cuna","del","Donny","los","McCaslin","para","perdidos","Rese\u00f1a"],"articleSection":["Cr\u00edtica"],"inLanguage":"es-AR"},{"@type":"WebPage","@id":"https:\/\/web.consaguirre.com.ar\/noticias\/resena-del-cd-donny-mccaslin-cancion-de-cuna-para-los-perdidos\/","url":"https:\/\/web.consaguirre.com.ar\/noticias\/resena-del-cd-donny-mccaslin-cancion-de-cuna-para-los-perdidos\/","name":"Rese\u00f1a del CD: Donny McCaslin, Canci\u00f3n de cuna para los perdidos","isPartOf":{"@id":"https:\/\/web.consaguirre.com.ar\/noticias\/#website"},"primaryImageOfPage":{"@id":"https:\/\/web.consaguirre.com.ar\/noticias\/resena-del-cd-donny-mccaslin-cancion-de-cuna-para-los-perdidos\/#primaryimage"},"image":{"@id":"https:\/\/web.consaguirre.com.ar\/noticias\/resena-del-cd-donny-mccaslin-cancion-de-cuna-para-los-perdidos\/#primaryimage"},"thumbnailUrl":"https:\/\/web.consaguirre.com.ar\/noticias\/wp-content\/uploads\/2025\/11\/Resena-del-CD-Donny-McCaslin-Cancion-de-cuna-para-los.jpg","datePublished":"2025-11-06T07:38:17+00:00","dateModified":"2025-11-06T07:38:18+00:00","breadcrumb":{"@id":"https:\/\/web.consaguirre.com.ar\/noticias\/resena-del-cd-donny-mccaslin-cancion-de-cuna-para-los-perdidos\/#breadcrumb"},"inLanguage":"es-AR","potentialAction":[{"@type":"ReadAction","target":["https:\/\/web.consaguirre.com.ar\/noticias\/resena-del-cd-donny-mccaslin-cancion-de-cuna-para-los-perdidos\/"]}]},{"@type":"ImageObject","inLanguage":"es-AR","@id":"https:\/\/web.consaguirre.com.ar\/noticias\/resena-del-cd-donny-mccaslin-cancion-de-cuna-para-los-perdidos\/#primaryimage","url":"https:\/\/web.consaguirre.com.ar\/noticias\/wp-content\/uploads\/2025\/11\/Resena-del-CD-Donny-McCaslin-Cancion-de-cuna-para-los.jpg","contentUrl":"https:\/\/web.consaguirre.com.ar\/noticias\/wp-content\/uploads\/2025\/11\/Resena-del-CD-Donny-McCaslin-Cancion-de-cuna-para-los.jpg","width":300,"height":300,"caption":"Rese\u00f1a del CD: Donny McCaslin, Canci\u00f3n de cuna para los perdidos"},{"@type":"BreadcrumbList","@id":"https:\/\/web.consaguirre.com.ar\/noticias\/resena-del-cd-donny-mccaslin-cancion-de-cuna-para-los-perdidos\/#breadcrumb","itemListElement":[{"@type":"ListItem","position":1,"name":"Inicio","item":"https:\/\/web.consaguirre.com.ar\/noticias\/"},{"@type":"ListItem","position":2,"name":"Rese\u00f1a del CD: Donny McCaslin, Canci\u00f3n de cuna para los perdidos"}]},{"@type":"WebSite","@id":"https:\/\/web.consaguirre.com.ar\/noticias\/#website","url":"https:\/\/web.consaguirre.com.ar\/noticias\/","name":"Conservatorio de M\u00fasica Juli\u00e1n Aguirre","description":"","publisher":{"@id":"https:\/\/web.consaguirre.com.ar\/noticias\/#organization"},"potentialAction":[{"@type":"SearchAction","target":{"@type":"EntryPoint","urlTemplate":"https:\/\/web.consaguirre.com.ar\/noticias\/?s={search_term_string}"},"query-input":"required name=search_term_string"}],"inLanguage":"es-AR"},{"@type":"Organization","@id":"https:\/\/web.consaguirre.com.ar\/noticias\/#organization","name":"Conservatorio de M\u00fasica Juli\u00e1n Aguirre","url":"https:\/\/web.consaguirre.com.ar\/noticias\/","logo":{"@type":"ImageObject","inLanguage":"es-AR","@id":"https:\/\/web.consaguirre.com.ar\/noticias\/#\/schema\/logo\/image\/","url":"https:\/\/web.consaguirre.com.ar\/noticias\/wp-content\/uploads\/2024\/08\/Banner-Aguirre-23.jpg","contentUrl":"https:\/\/web.consaguirre.com.ar\/noticias\/wp-content\/uploads\/2024\/08\/Banner-Aguirre-23.jpg","width":1192,"height":600,"caption":"Conservatorio de M\u00fasica Juli\u00e1n Aguirre"},"image":{"@id":"https:\/\/web.consaguirre.com.ar\/noticias\/#\/schema\/logo\/image\/"}},{"@type":"Person","@id":"https:\/\/web.consaguirre.com.ar\/noticias\/#\/schema\/person\/6558b0cfedee7ddc5425602b237d5722","name":"Javier Figueroa","image":{"@type":"ImageObject","inLanguage":"es-AR","@id":"https:\/\/web.consaguirre.com.ar\/noticias\/#\/schema\/person\/image\/","url":"https:\/\/web.consaguirre.com.ar\/noticias\/wp-content\/uploads\/2024\/08\/Consaguirre-scaled.jpg","contentUrl":"https:\/\/web.consaguirre.com.ar\/noticias\/wp-content\/uploads\/2024\/08\/Consaguirre-scaled.jpg","caption":"Javier Figueroa"},"description":"Me llamo Javier Figueroa y soy redactor para el sitio oficial del Conservatorio de M\u00fasica Juli\u00e1n Aguirre en Buenos Aires, consaguirre.com. Apasionado por la m\u00fasica y la escritura, me esfuerzo por destacar los talentos y eventos de nuestra prestigiosa instituci\u00f3n. Mi trayectoria se nutre de una profunda admiraci\u00f3n por los artistas, haciendo de cada art\u00edculo una celebraci\u00f3n de la creatividad y la cultura musical.","sameAs":["https:\/\/web.consaguirre.com.ar\/noticias"]}]}},"_links":{"self":[{"href":"https:\/\/web.consaguirre.com.ar\/noticias\/wp-json\/wp\/v2\/posts\/4278"}],"collection":[{"href":"https:\/\/web.consaguirre.com.ar\/noticias\/wp-json\/wp\/v2\/posts"}],"about":[{"href":"https:\/\/web.consaguirre.com.ar\/noticias\/wp-json\/wp\/v2\/types\/post"}],"author":[{"embeddable":true,"href":"https:\/\/web.consaguirre.com.ar\/noticias\/wp-json\/wp\/v2\/users\/1"}],"replies":[{"embeddable":true,"href":"https:\/\/web.consaguirre.com.ar\/noticias\/wp-json\/wp\/v2\/comments?post=4278"}],"version-history":[{"count":1,"href":"https:\/\/web.consaguirre.com.ar\/noticias\/wp-json\/wp\/v2\/posts\/4278\/revisions"}],"predecessor-version":[{"id":4280,"href":"https:\/\/web.consaguirre.com.ar\/noticias\/wp-json\/wp\/v2\/posts\/4278\/revisions\/4280"}],"wp:featuredmedia":[{"embeddable":true,"href":"https:\/\/web.consaguirre.com.ar\/noticias\/wp-json\/wp\/v2\/media\/4279"}],"wp:attachment":[{"href":"https:\/\/web.consaguirre.com.ar\/noticias\/wp-json\/wp\/v2\/media?parent=4278"}],"wp:term":[{"taxonomy":"category","embeddable":true,"href":"https:\/\/web.consaguirre.com.ar\/noticias\/wp-json\/wp\/v2\/categories?post=4278"},{"taxonomy":"post_tag","embeddable":true,"href":"https:\/\/web.consaguirre.com.ar\/noticias\/wp-json\/wp\/v2\/tags?post=4278"}],"curies":[{"name":"wp","href":"https:\/\/api.w.org\/{rel}","templated":true}]}}