{"id":4236,"date":"2025-11-03T20:38:13","date_gmt":"2025-11-03T23:38:13","guid":{"rendered":"https:\/\/web.consaguirre.com.ar\/noticias\/the-silver-connection-de-dusty-springfield-regresa-al-vinilo\/"},"modified":"2025-11-03T20:38:15","modified_gmt":"2025-11-03T23:38:15","slug":"the-silver-connection-de-dusty-springfield-regresa-al-vinilo","status":"publish","type":"post","link":"https:\/\/web.consaguirre.com.ar\/noticias\/the-silver-connection-de-dusty-springfield-regresa-al-vinilo\/","title":{"rendered":"&#8216;The Silver Connection&#8217; de Dusty Springfield regresa al vinilo"},"content":{"rendered":"<p>Springfield polvoriento <em>La colecci\u00f3n de plata<\/em> est\u00e1 volviendo al vinilo. Lanzado originalmente en 1988, el \u00e1lbum es una antolog\u00eda de los mayores \u00e9xitos pop y soul de la d\u00e9cada de 1960 del cantante ingl\u00e9s. Entre los temas cl\u00e1sicos de la compilaci\u00f3n 2LP se encuentran \u201cSon of a Preacher Man\u201d, \u201cI Only Want to Be With You\u201d, \u201cYou Don&#8217;t Have to Say You Love Me\u201d y \u201cThe Look of Love\u201d. The Silver Collection saldr\u00e1 en vinilo amarillo de edici\u00f3n limitada el 21 de noviembre.<\/p>\n<p><em>La colecci\u00f3n de plata<\/em> comienza con el primer sencillo en solitario de Springfield, &#8220;I Only Want To Be With You&#8221;, que se lanz\u00f3 en 1963 despu\u00e9s de la ruptura de su viaje folk pop The Springfields y se convirti\u00f3 en un gran \u00e9xito. Despu\u00e9s del \u00e9xito m\u00e1s modesto &#8220;Stay A while&#8221;, Springfield lanz\u00f3 su \u00e1lbum debut, 1964. <em>Una chica llamada Dusty<\/em>. Presentaba una versi\u00f3n popular de la canci\u00f3n de Burt Bacharach-Hal David \u201cWishin&#8217; And Hopin&#8217;\u201d, grabada originalmente por Dionne Warwick. Tambi\u00e9n se incluyen aqu\u00ed \u201cMy Coloring Book\u201d y \u201cVeinticuatro horas desde Tulsa\u201d, este \u00faltimo tambi\u00e9n una melod\u00eda de Bacharach-David.<\/p>\n<p>Otro \u00e9xito de 1964 fue una delicada versi\u00f3n de \u201cI Just Don&#8217;t Know What To Do With Myself\u201d del cantante de soul estadounidense Tommy Hunt. Mientras su sencillo &#8220;Losing You&#8221; ascend\u00eda en las listas, Springfield y su grupo The Echoes realizaron una gira por Sud\u00e1frica. Fueron deportados despu\u00e9s de actuar ante un p\u00fablico integrado desafiando la pol\u00edtica de segregaci\u00f3n del gobierno.<\/p>\n<p>El apogeo de Springfield en la d\u00e9cada de 1960 continu\u00f3, aunque las preferencias del Reino Unido y Estados Unidos continuaron variando. Entre sus exitosos sencillos de 1965 en el Reino Unido se encuentran &#8220;In the Middle of Nowhere&#8221; y &#8220;Some of Your Lovin'&#8221;, escrita por Gerry Goffin y Carole King. Logr\u00f3 su primer \u00e9xito n\u00famero uno en el Reino Unido con \u201cYou Don&#8217;t Have to Say You Love Me\u201d, la versi\u00f3n en ingl\u00e9s de la canci\u00f3n italiana de 1965.<\/p>\n<p><em>La colecci\u00f3n de plata<\/em> incluye tres \u00e9xitos de 1966, &#8220;Little By Little&#8221;, &#8220;All I See Is You&#8221; y Goin&#8217; Back&#8221;, un \u00e9xito nost\u00e1lgico escrito por Goffin-King. Al a\u00f1o siguiente, Springfield lanz\u00f3 &#8220;The Look of Love&#8221;, grabada para la pel\u00edcula de parodia de esp\u00edas. <em>Casino real<\/em>. Bucharach y David recibieron nominaciones al Premio de la Academia por la canci\u00f3n. Otras canciones de 1967 presentadas en <em>La colecci\u00f3n de plata<\/em> son &#8220;Give Me Time&#8221;, &#8220;I&#8217;ll Try Anything (To Get You)&#8221; y &#8220;If You Go Away&#8221;, una versi\u00f3n de &#8220;Ne Me Quitte Pas&#8221; de Jacques Brel. Tuvo uno de sus mayores \u00e9xitos al a\u00f1o siguiente con &#8220;Cierro los ojos y cuento hasta diez&#8221;.<\/p>\n<p>A finales de los a\u00f1os 60, Springfield se dirigi\u00f3 a Memphis. Sali\u00f3 con los \u00e9xitos &#8220;Son of a Preacher Man&#8221; y una versi\u00f3n de una canci\u00f3n escrita por Randy Newman, &#8220;Just One Smile&#8221;. La d\u00e9cada termina con una versi\u00f3n de 1970 de \u201cHow Can I Be Sure\u201d, un \u00e9xito pop de la banda estadounidense The Young Rascals.<\/p>\n<p><b>Compre ahora la m\u00fasica de Dusty Springfield en vinilo o CD.<\/b><\/p>\n","protected":false},"excerpt":{"rendered":"<p>Springfield polvoriento La colecci\u00f3n de plata est\u00e1 volviendo al vinilo. Lanzado originalmente en 1988, el \u00e1lbum es una antolog\u00eda de los mayores \u00e9xitos pop y<\/p>\n","protected":false},"author":1,"featured_media":4237,"comment_status":"closed","ping_status":"","sticky":false,"template":"","format":"standard","meta":{"footnotes":""},"categories":[50],"tags":[3454,758,538,2655,761,87],"class_list":["post-4236","post","type-post","status-publish","format-standard","has-post-thumbnail","hentry","category-el-ultimo","tag-connection","tag-dusty","tag-regresa","tag-silver","tag-springfield","tag-vinilo","generate-columns","tablet-grid-50","mobile-grid-100","grid-parent","grid-50"],"yoast_head":"<!-- This site is optimized with the Yoast SEO plugin v23.3 - https:\/\/yoast.com\/wordpress\/plugins\/seo\/ -->\n<title>&#039;The Silver Connection&#039; de Dusty Springfield regresa al vinilo<\/title>\n<meta name=\"robots\" content=\"index, follow, max-snippet:-1, max-image-preview:large, max-video-preview:-1\" \/>\n<link rel=\"canonical\" href=\"https:\/\/web.consaguirre.com.ar\/noticias\/the-silver-connection-de-dusty-springfield-regresa-al-vinilo\/\" \/>\n<meta property=\"og:locale\" content=\"es_ES\" \/>\n<meta property=\"og:type\" content=\"article\" \/>\n<meta property=\"og:title\" content=\"&#039;The Silver Connection&#039; de Dusty Springfield regresa al vinilo\" \/>\n<meta property=\"og:description\" content=\"Springfield polvoriento La colecci\u00f3n de plata est\u00e1 volviendo al vinilo. Lanzado originalmente en 1988, el \u00e1lbum es una antolog\u00eda de los mayores \u00e9xitos pop y\" \/>\n<meta property=\"og:url\" content=\"https:\/\/web.consaguirre.com.ar\/noticias\/the-silver-connection-de-dusty-springfield-regresa-al-vinilo\/\" \/>\n<meta property=\"og:site_name\" content=\"Conservatorio de M\u00fasica Juli\u00e1n Aguirre\" \/>\n<meta property=\"article:published_time\" content=\"2025-11-03T23:38:13+00:00\" \/>\n<meta property=\"article:modified_time\" content=\"2025-11-03T23:38:15+00:00\" \/>\n<meta property=\"og:image\" content=\"https:\/\/web.consaguirre.com.ar\/noticias\/wp-content\/uploads\/2025\/11\/The-Silver-Connection-de-Dusty-Springfield-regresa-al-vinilo.jpg\" \/>\n\t<meta property=\"og:image:width\" content=\"1200\" \/>\n\t<meta property=\"og:image:height\" content=\"1200\" \/>\n\t<meta property=\"og:image:type\" content=\"image\/jpeg\" \/>\n<meta name=\"author\" content=\"Javier Figueroa\" \/>\n<meta name=\"twitter:card\" content=\"summary_large_image\" \/>\n<meta name=\"twitter:label1\" content=\"Escrito por\" \/>\n\t<meta name=\"twitter:data1\" content=\"Javier Figueroa\" \/>\n\t<meta name=\"twitter:label2\" content=\"Tiempo de lectura\" \/>\n\t<meta name=\"twitter:data2\" content=\"3 minutos\" \/>\n<script type=\"application\/ld+json\" class=\"yoast-schema-graph\">{\"@context\":\"https:\/\/schema.org\",\"@graph\":[{\"@type\":\"Article\",\"@id\":\"https:\/\/web.consaguirre.com.ar\/noticias\/the-silver-connection-de-dusty-springfield-regresa-al-vinilo\/#article\",\"isPartOf\":{\"@id\":\"https:\/\/web.consaguirre.com.ar\/noticias\/the-silver-connection-de-dusty-springfield-regresa-al-vinilo\/\"},\"author\":{\"name\":\"Javier Figueroa\",\"@id\":\"https:\/\/web.consaguirre.com.ar\/noticias\/#\/schema\/person\/6558b0cfedee7ddc5425602b237d5722\"},\"headline\":\"&#8216;The Silver Connection&#8217; de Dusty Springfield regresa al vinilo\",\"datePublished\":\"2025-11-03T23:38:13+00:00\",\"dateModified\":\"2025-11-03T23:38:15+00:00\",\"mainEntityOfPage\":{\"@id\":\"https:\/\/web.consaguirre.com.ar\/noticias\/the-silver-connection-de-dusty-springfield-regresa-al-vinilo\/\"},\"wordCount\":543,\"publisher\":{\"@id\":\"https:\/\/web.consaguirre.com.ar\/noticias\/#organization\"},\"image\":{\"@id\":\"https:\/\/web.consaguirre.com.ar\/noticias\/the-silver-connection-de-dusty-springfield-regresa-al-vinilo\/#primaryimage\"},\"thumbnailUrl\":\"https:\/\/web.consaguirre.com.ar\/noticias\/wp-content\/uploads\/2025\/11\/The-Silver-Connection-de-Dusty-Springfield-regresa-al-vinilo.jpg\",\"keywords\":[\"Connection\",\"Dusty\",\"regresa\",\"Silver\",\"Springfield\",\"vinilo\"],\"articleSection\":[\"El \u00faltimo\"],\"inLanguage\":\"es-AR\"},{\"@type\":\"WebPage\",\"@id\":\"https:\/\/web.consaguirre.com.ar\/noticias\/the-silver-connection-de-dusty-springfield-regresa-al-vinilo\/\",\"url\":\"https:\/\/web.consaguirre.com.ar\/noticias\/the-silver-connection-de-dusty-springfield-regresa-al-vinilo\/\",\"name\":\"'The Silver Connection' de Dusty Springfield regresa al vinilo\",\"isPartOf\":{\"@id\":\"https:\/\/web.consaguirre.com.ar\/noticias\/#website\"},\"primaryImageOfPage\":{\"@id\":\"https:\/\/web.consaguirre.com.ar\/noticias\/the-silver-connection-de-dusty-springfield-regresa-al-vinilo\/#primaryimage\"},\"image\":{\"@id\":\"https:\/\/web.consaguirre.com.ar\/noticias\/the-silver-connection-de-dusty-springfield-regresa-al-vinilo\/#primaryimage\"},\"thumbnailUrl\":\"https:\/\/web.consaguirre.com.ar\/noticias\/wp-content\/uploads\/2025\/11\/The-Silver-Connection-de-Dusty-Springfield-regresa-al-vinilo.jpg\",\"datePublished\":\"2025-11-03T23:38:13+00:00\",\"dateModified\":\"2025-11-03T23:38:15+00:00\",\"breadcrumb\":{\"@id\":\"https:\/\/web.consaguirre.com.ar\/noticias\/the-silver-connection-de-dusty-springfield-regresa-al-vinilo\/#breadcrumb\"},\"inLanguage\":\"es-AR\",\"potentialAction\":[{\"@type\":\"ReadAction\",\"target\":[\"https:\/\/web.consaguirre.com.ar\/noticias\/the-silver-connection-de-dusty-springfield-regresa-al-vinilo\/\"]}]},{\"@type\":\"ImageObject\",\"inLanguage\":\"es-AR\",\"@id\":\"https:\/\/web.consaguirre.com.ar\/noticias\/the-silver-connection-de-dusty-springfield-regresa-al-vinilo\/#primaryimage\",\"url\":\"https:\/\/web.consaguirre.com.ar\/noticias\/wp-content\/uploads\/2025\/11\/The-Silver-Connection-de-Dusty-Springfield-regresa-al-vinilo.jpg\",\"contentUrl\":\"https:\/\/web.consaguirre.com.ar\/noticias\/wp-content\/uploads\/2025\/11\/The-Silver-Connection-de-Dusty-Springfield-regresa-al-vinilo.jpg\",\"width\":1200,\"height\":1200,\"caption\":\"'The Silver Connection' de Dusty Springfield regresa al vinilo\"},{\"@type\":\"BreadcrumbList\",\"@id\":\"https:\/\/web.consaguirre.com.ar\/noticias\/the-silver-connection-de-dusty-springfield-regresa-al-vinilo\/#breadcrumb\",\"itemListElement\":[{\"@type\":\"ListItem\",\"position\":1,\"name\":\"Inicio\",\"item\":\"https:\/\/web.consaguirre.com.ar\/noticias\/\"},{\"@type\":\"ListItem\",\"position\":2,\"name\":\"&#8216;The Silver Connection&#8217; de Dusty Springfield regresa al vinilo\"}]},{\"@type\":\"WebSite\",\"@id\":\"https:\/\/web.consaguirre.com.ar\/noticias\/#website\",\"url\":\"https:\/\/web.consaguirre.com.ar\/noticias\/\",\"name\":\"Conservatorio de M\u00fasica Juli\u00e1n Aguirre\",\"description\":\"\",\"publisher\":{\"@id\":\"https:\/\/web.consaguirre.com.ar\/noticias\/#organization\"},\"potentialAction\":[{\"@type\":\"SearchAction\",\"target\":{\"@type\":\"EntryPoint\",\"urlTemplate\":\"https:\/\/web.consaguirre.com.ar\/noticias\/?s={search_term_string}\"},\"query-input\":\"required name=search_term_string\"}],\"inLanguage\":\"es-AR\"},{\"@type\":\"Organization\",\"@id\":\"https:\/\/web.consaguirre.com.ar\/noticias\/#organization\",\"name\":\"Conservatorio de M\u00fasica Juli\u00e1n Aguirre\",\"url\":\"https:\/\/web.consaguirre.com.ar\/noticias\/\",\"logo\":{\"@type\":\"ImageObject\",\"inLanguage\":\"es-AR\",\"@id\":\"https:\/\/web.consaguirre.com.ar\/noticias\/#\/schema\/logo\/image\/\",\"url\":\"https:\/\/web.consaguirre.com.ar\/noticias\/wp-content\/uploads\/2024\/08\/Banner-Aguirre-23.jpg\",\"contentUrl\":\"https:\/\/web.consaguirre.com.ar\/noticias\/wp-content\/uploads\/2024\/08\/Banner-Aguirre-23.jpg\",\"width\":1192,\"height\":600,\"caption\":\"Conservatorio de M\u00fasica Juli\u00e1n Aguirre\"},\"image\":{\"@id\":\"https:\/\/web.consaguirre.com.ar\/noticias\/#\/schema\/logo\/image\/\"}},{\"@type\":\"Person\",\"@id\":\"https:\/\/web.consaguirre.com.ar\/noticias\/#\/schema\/person\/6558b0cfedee7ddc5425602b237d5722\",\"name\":\"Javier Figueroa\",\"image\":{\"@type\":\"ImageObject\",\"inLanguage\":\"es-AR\",\"@id\":\"https:\/\/web.consaguirre.com.ar\/noticias\/#\/schema\/person\/image\/\",\"url\":\"https:\/\/web.consaguirre.com.ar\/noticias\/wp-content\/uploads\/2024\/08\/Consaguirre-scaled.jpg\",\"contentUrl\":\"https:\/\/web.consaguirre.com.ar\/noticias\/wp-content\/uploads\/2024\/08\/Consaguirre-scaled.jpg\",\"caption\":\"Javier Figueroa\"},\"description\":\"Me llamo Javier Figueroa y soy redactor para el sitio oficial del Conservatorio de M\u00fasica Juli\u00e1n Aguirre en Buenos Aires, consaguirre.com. Apasionado por la m\u00fasica y la escritura, me esfuerzo por destacar los talentos y eventos de nuestra prestigiosa instituci\u00f3n. Mi trayectoria se nutre de una profunda admiraci\u00f3n por los artistas, haciendo de cada art\u00edculo una celebraci\u00f3n de la creatividad y la cultura musical.\",\"sameAs\":[\"https:\/\/web.consaguirre.com.ar\/noticias\"]}]}<\/script>\n<!-- \/ Yoast SEO plugin. -->","yoast_head_json":{"title":"'The Silver Connection' de Dusty Springfield regresa al vinilo","robots":{"index":"index","follow":"follow","max-snippet":"max-snippet:-1","max-image-preview":"max-image-preview:large","max-video-preview":"max-video-preview:-1"},"canonical":"https:\/\/web.consaguirre.com.ar\/noticias\/the-silver-connection-de-dusty-springfield-regresa-al-vinilo\/","og_locale":"es_ES","og_type":"article","og_title":"'The Silver Connection' de Dusty Springfield regresa al vinilo","og_description":"Springfield polvoriento La colecci\u00f3n de plata est\u00e1 volviendo al vinilo. Lanzado originalmente en 1988, el \u00e1lbum es una antolog\u00eda de los mayores \u00e9xitos pop y","og_url":"https:\/\/web.consaguirre.com.ar\/noticias\/the-silver-connection-de-dusty-springfield-regresa-al-vinilo\/","og_site_name":"Conservatorio de M\u00fasica Juli\u00e1n Aguirre","article_published_time":"2025-11-03T23:38:13+00:00","article_modified_time":"2025-11-03T23:38:15+00:00","og_image":[{"width":1200,"height":1200,"url":"https:\/\/web.consaguirre.com.ar\/noticias\/wp-content\/uploads\/2025\/11\/The-Silver-Connection-de-Dusty-Springfield-regresa-al-vinilo.jpg","type":"image\/jpeg"}],"author":"Javier Figueroa","twitter_card":"summary_large_image","twitter_misc":{"Escrito por":"Javier Figueroa","Tiempo de lectura":"3 minutos"},"schema":{"@context":"https:\/\/schema.org","@graph":[{"@type":"Article","@id":"https:\/\/web.consaguirre.com.ar\/noticias\/the-silver-connection-de-dusty-springfield-regresa-al-vinilo\/#article","isPartOf":{"@id":"https:\/\/web.consaguirre.com.ar\/noticias\/the-silver-connection-de-dusty-springfield-regresa-al-vinilo\/"},"author":{"name":"Javier Figueroa","@id":"https:\/\/web.consaguirre.com.ar\/noticias\/#\/schema\/person\/6558b0cfedee7ddc5425602b237d5722"},"headline":"&#8216;The Silver Connection&#8217; de Dusty Springfield regresa al vinilo","datePublished":"2025-11-03T23:38:13+00:00","dateModified":"2025-11-03T23:38:15+00:00","mainEntityOfPage":{"@id":"https:\/\/web.consaguirre.com.ar\/noticias\/the-silver-connection-de-dusty-springfield-regresa-al-vinilo\/"},"wordCount":543,"publisher":{"@id":"https:\/\/web.consaguirre.com.ar\/noticias\/#organization"},"image":{"@id":"https:\/\/web.consaguirre.com.ar\/noticias\/the-silver-connection-de-dusty-springfield-regresa-al-vinilo\/#primaryimage"},"thumbnailUrl":"https:\/\/web.consaguirre.com.ar\/noticias\/wp-content\/uploads\/2025\/11\/The-Silver-Connection-de-Dusty-Springfield-regresa-al-vinilo.jpg","keywords":["Connection","Dusty","regresa","Silver","Springfield","vinilo"],"articleSection":["El \u00faltimo"],"inLanguage":"es-AR"},{"@type":"WebPage","@id":"https:\/\/web.consaguirre.com.ar\/noticias\/the-silver-connection-de-dusty-springfield-regresa-al-vinilo\/","url":"https:\/\/web.consaguirre.com.ar\/noticias\/the-silver-connection-de-dusty-springfield-regresa-al-vinilo\/","name":"'The Silver Connection' de Dusty Springfield regresa al vinilo","isPartOf":{"@id":"https:\/\/web.consaguirre.com.ar\/noticias\/#website"},"primaryImageOfPage":{"@id":"https:\/\/web.consaguirre.com.ar\/noticias\/the-silver-connection-de-dusty-springfield-regresa-al-vinilo\/#primaryimage"},"image":{"@id":"https:\/\/web.consaguirre.com.ar\/noticias\/the-silver-connection-de-dusty-springfield-regresa-al-vinilo\/#primaryimage"},"thumbnailUrl":"https:\/\/web.consaguirre.com.ar\/noticias\/wp-content\/uploads\/2025\/11\/The-Silver-Connection-de-Dusty-Springfield-regresa-al-vinilo.jpg","datePublished":"2025-11-03T23:38:13+00:00","dateModified":"2025-11-03T23:38:15+00:00","breadcrumb":{"@id":"https:\/\/web.consaguirre.com.ar\/noticias\/the-silver-connection-de-dusty-springfield-regresa-al-vinilo\/#breadcrumb"},"inLanguage":"es-AR","potentialAction":[{"@type":"ReadAction","target":["https:\/\/web.consaguirre.com.ar\/noticias\/the-silver-connection-de-dusty-springfield-regresa-al-vinilo\/"]}]},{"@type":"ImageObject","inLanguage":"es-AR","@id":"https:\/\/web.consaguirre.com.ar\/noticias\/the-silver-connection-de-dusty-springfield-regresa-al-vinilo\/#primaryimage","url":"https:\/\/web.consaguirre.com.ar\/noticias\/wp-content\/uploads\/2025\/11\/The-Silver-Connection-de-Dusty-Springfield-regresa-al-vinilo.jpg","contentUrl":"https:\/\/web.consaguirre.com.ar\/noticias\/wp-content\/uploads\/2025\/11\/The-Silver-Connection-de-Dusty-Springfield-regresa-al-vinilo.jpg","width":1200,"height":1200,"caption":"'The Silver Connection' de Dusty Springfield regresa al vinilo"},{"@type":"BreadcrumbList","@id":"https:\/\/web.consaguirre.com.ar\/noticias\/the-silver-connection-de-dusty-springfield-regresa-al-vinilo\/#breadcrumb","itemListElement":[{"@type":"ListItem","position":1,"name":"Inicio","item":"https:\/\/web.consaguirre.com.ar\/noticias\/"},{"@type":"ListItem","position":2,"name":"&#8216;The Silver Connection&#8217; de Dusty Springfield regresa al vinilo"}]},{"@type":"WebSite","@id":"https:\/\/web.consaguirre.com.ar\/noticias\/#website","url":"https:\/\/web.consaguirre.com.ar\/noticias\/","name":"Conservatorio de M\u00fasica Juli\u00e1n Aguirre","description":"","publisher":{"@id":"https:\/\/web.consaguirre.com.ar\/noticias\/#organization"},"potentialAction":[{"@type":"SearchAction","target":{"@type":"EntryPoint","urlTemplate":"https:\/\/web.consaguirre.com.ar\/noticias\/?s={search_term_string}"},"query-input":"required name=search_term_string"}],"inLanguage":"es-AR"},{"@type":"Organization","@id":"https:\/\/web.consaguirre.com.ar\/noticias\/#organization","name":"Conservatorio de M\u00fasica Juli\u00e1n Aguirre","url":"https:\/\/web.consaguirre.com.ar\/noticias\/","logo":{"@type":"ImageObject","inLanguage":"es-AR","@id":"https:\/\/web.consaguirre.com.ar\/noticias\/#\/schema\/logo\/image\/","url":"https:\/\/web.consaguirre.com.ar\/noticias\/wp-content\/uploads\/2024\/08\/Banner-Aguirre-23.jpg","contentUrl":"https:\/\/web.consaguirre.com.ar\/noticias\/wp-content\/uploads\/2024\/08\/Banner-Aguirre-23.jpg","width":1192,"height":600,"caption":"Conservatorio de M\u00fasica Juli\u00e1n Aguirre"},"image":{"@id":"https:\/\/web.consaguirre.com.ar\/noticias\/#\/schema\/logo\/image\/"}},{"@type":"Person","@id":"https:\/\/web.consaguirre.com.ar\/noticias\/#\/schema\/person\/6558b0cfedee7ddc5425602b237d5722","name":"Javier Figueroa","image":{"@type":"ImageObject","inLanguage":"es-AR","@id":"https:\/\/web.consaguirre.com.ar\/noticias\/#\/schema\/person\/image\/","url":"https:\/\/web.consaguirre.com.ar\/noticias\/wp-content\/uploads\/2024\/08\/Consaguirre-scaled.jpg","contentUrl":"https:\/\/web.consaguirre.com.ar\/noticias\/wp-content\/uploads\/2024\/08\/Consaguirre-scaled.jpg","caption":"Javier Figueroa"},"description":"Me llamo Javier Figueroa y soy redactor para el sitio oficial del Conservatorio de M\u00fasica Juli\u00e1n Aguirre en Buenos Aires, consaguirre.com. Apasionado por la m\u00fasica y la escritura, me esfuerzo por destacar los talentos y eventos de nuestra prestigiosa instituci\u00f3n. Mi trayectoria se nutre de una profunda admiraci\u00f3n por los artistas, haciendo de cada art\u00edculo una celebraci\u00f3n de la creatividad y la cultura musical.","sameAs":["https:\/\/web.consaguirre.com.ar\/noticias"]}]}},"_links":{"self":[{"href":"https:\/\/web.consaguirre.com.ar\/noticias\/wp-json\/wp\/v2\/posts\/4236"}],"collection":[{"href":"https:\/\/web.consaguirre.com.ar\/noticias\/wp-json\/wp\/v2\/posts"}],"about":[{"href":"https:\/\/web.consaguirre.com.ar\/noticias\/wp-json\/wp\/v2\/types\/post"}],"author":[{"embeddable":true,"href":"https:\/\/web.consaguirre.com.ar\/noticias\/wp-json\/wp\/v2\/users\/1"}],"replies":[{"embeddable":true,"href":"https:\/\/web.consaguirre.com.ar\/noticias\/wp-json\/wp\/v2\/comments?post=4236"}],"version-history":[{"count":1,"href":"https:\/\/web.consaguirre.com.ar\/noticias\/wp-json\/wp\/v2\/posts\/4236\/revisions"}],"predecessor-version":[{"id":4238,"href":"https:\/\/web.consaguirre.com.ar\/noticias\/wp-json\/wp\/v2\/posts\/4236\/revisions\/4238"}],"wp:featuredmedia":[{"embeddable":true,"href":"https:\/\/web.consaguirre.com.ar\/noticias\/wp-json\/wp\/v2\/media\/4237"}],"wp:attachment":[{"href":"https:\/\/web.consaguirre.com.ar\/noticias\/wp-json\/wp\/v2\/media?parent=4236"}],"wp:term":[{"taxonomy":"category","embeddable":true,"href":"https:\/\/web.consaguirre.com.ar\/noticias\/wp-json\/wp\/v2\/categories?post=4236"},{"taxonomy":"post_tag","embeddable":true,"href":"https:\/\/web.consaguirre.com.ar\/noticias\/wp-json\/wp\/v2\/tags?post=4236"}],"curies":[{"name":"wp","href":"https:\/\/api.w.org\/{rel}","templated":true}]}}