{"id":4200,"date":"2025-10-29T20:38:44","date_gmt":"2025-10-29T23:38:44","guid":{"rendered":"https:\/\/web.consaguirre.com.ar\/noticias\/kiss-comparte-la-edicion-de-lujo-del-50-aniversario-de-dressed-to-kill\/"},"modified":"2025-10-29T20:38:45","modified_gmt":"2025-10-29T23:38:45","slug":"kiss-comparte-la-edicion-de-lujo-del-50-aniversario-de-dressed-to-kill","status":"publish","type":"post","link":"https:\/\/web.consaguirre.com.ar\/noticias\/kiss-comparte-la-edicion-de-lujo-del-50-aniversario-de-dressed-to-kill\/","title":{"rendered":"KISS comparte la edici\u00f3n de lujo del 50 aniversario de &#8216;Dressed To Kill&#8217;"},"content":{"rendered":"<p>Las leyendas del rock KISS est\u00e1n celebrando los 50 a\u00f1os de su celebrado tercer LP, <em>Vestida para matar<\/em>con una enorme edici\u00f3n de lujo disponible en varios paquetes \u00fanicos.<\/p>\n<p>Las muchas versiones diferentes de <em>Vestida para matar<\/em> incluyen Super Deluxe 5CD + Blu-ray Audio, Super Deluxe 8LP + Blu-ray Audio, Premium Color Vinyl, Super Deluxe Digital y Deluxe Picture Disc Vinyl, que estar\u00e1n disponibles a partir del 21 de noviembre. Esta edici\u00f3n solo est\u00e1 disponible a trav\u00e9s de KISS Store y est\u00e1 limitada a 1,000 unidades numeradas individualmente.<\/p>\n<div class=\"uD-YT-container\"><img decoding=\"async\" src=\"https:\/\/web.consaguirre.com.ar\/noticias\/wp-content\/uploads\/2025\/10\/1761781124_139_KISS-comparte-la-edicion-de-lujo-del-50-aniversario-de.jpg\" alt=\"V\u00eddeo de YouTube\"><br \/>Haga clic para cargar v\u00eddeo<\/div>\n<p>En particular, el \u00e1lbum fue remasterizado en HRA 192\/24, HRA 96\/24 o 44.1\/16 y Atmos. La versi\u00f3n remasterizada de <em>Vestida para matar<\/em> Fue realizado por Bernie Grundman, quien trabaj\u00f3 a partir de las cintas maestras anal\u00f3gicas est\u00e9reo originales. Los Super Deluxe Sets incluyen 107, incluidas 78 grabaciones en vivo in\u00e9ditas, demos, mezclas alternativas y tomas descartadas instrumentales de las distintas sesiones en Larrabee Sound y Electric Lady Studios, donde se realiz\u00f3 el seguimiento del \u00e1lbum. Las ediciones Super Deluxe tambi\u00e9n incluyen temas in\u00e9ditos, \u201cMistake\u201d y \u201cBurning Up With Fever\u201d.<\/p>\n<p>Los lanzamientos Super Deluxe tambi\u00e9n incluyen dos conciertos completos de la gira Dressed To Kill de 1975, grabados en Cobo Arena en Detroit, MI, el 16 de mayo, y en RKO Orpheum Theatre en Davenport, IA, el 20 de julio. Las cajas tambi\u00e9n incluyen un libro de tapa dura de 100 p\u00e1ginas con notas del autor Ken Sharp.<\/p>\n<p>El Blu-ray Audio presenta una nueva mezcla Dolby Atmos de <em>Vestida para matar<\/em> Por David Frangioni. El formato tambi\u00e9n incluye videos promocionales de 1975 de \u201cC&#8217;mon And Love Me\u201d y \u201cRock And Roll All Nite\u201d, ambos transferidos desde el carrete de pel\u00edcula de 16 mm en HD.<\/p>\n<p>Otros obsequios para los devotos de KISS incluyen una reimpresi\u00f3n del kit de prensa de Dressed To Kill de 1975, parches, botones, calcoman\u00edas, una hoja magn\u00e9tica, posavasos de doble cara de cuatro miembros de la banda, cuatro p\u00faas de guitarra blancas perladas, fotograf\u00edas, anuncios, carteles, una placa de Nueva York y m\u00e1s.<\/p>\n<p>Pide la edici\u00f3n de lujo de KISS <em>Vestida para matar<\/em> ahora.<\/p>\n","protected":false},"excerpt":{"rendered":"<p>Las leyendas del rock KISS est\u00e1n celebrando los 50 a\u00f1os de su celebrado tercer LP, Vestida para matarcon una enorme edici\u00f3n de lujo disponible en<\/p>\n","protected":false},"author":1,"featured_media":4201,"comment_status":"closed","ping_status":"","sticky":false,"template":"","format":"standard","meta":{"footnotes":""},"categories":[50],"tags":[98,201,10,2177,160,2178,1030,298],"class_list":["post-4200","post","type-post","status-publish","format-standard","has-post-thumbnail","hentry","category-el-ultimo","tag-aniversario","tag-comparte","tag-del","tag-dressed","tag-edicion","tag-kill","tag-kiss","tag-lujo","generate-columns","tablet-grid-50","mobile-grid-100","grid-parent","grid-50"],"yoast_head":"<!-- This site is optimized with the Yoast SEO plugin v23.3 - https:\/\/yoast.com\/wordpress\/plugins\/seo\/ -->\n<title>KISS comparte la edici\u00f3n de lujo del 50 aniversario de &#039;Dressed To Kill&#039;<\/title>\n<meta name=\"robots\" content=\"index, follow, max-snippet:-1, max-image-preview:large, max-video-preview:-1\" \/>\n<link rel=\"canonical\" href=\"https:\/\/web.consaguirre.com.ar\/noticias\/kiss-comparte-la-edicion-de-lujo-del-50-aniversario-de-dressed-to-kill\/\" \/>\n<meta property=\"og:locale\" content=\"es_ES\" \/>\n<meta property=\"og:type\" content=\"article\" \/>\n<meta property=\"og:title\" content=\"KISS comparte la edici\u00f3n de lujo del 50 aniversario de &#039;Dressed To Kill&#039;\" \/>\n<meta property=\"og:description\" content=\"Las leyendas del rock KISS est\u00e1n celebrando los 50 a\u00f1os de su celebrado tercer LP, Vestida para matarcon una enorme edici\u00f3n de lujo disponible en\" \/>\n<meta property=\"og:url\" content=\"https:\/\/web.consaguirre.com.ar\/noticias\/kiss-comparte-la-edicion-de-lujo-del-50-aniversario-de-dressed-to-kill\/\" \/>\n<meta property=\"og:site_name\" content=\"Conservatorio de M\u00fasica Juli\u00e1n Aguirre\" \/>\n<meta property=\"article:published_time\" content=\"2025-10-29T23:38:44+00:00\" \/>\n<meta property=\"article:modified_time\" content=\"2025-10-29T23:38:45+00:00\" \/>\n<meta property=\"og:image\" content=\"https:\/\/web.consaguirre.com.ar\/noticias\/wp-content\/uploads\/2025\/10\/KISS-comparte-la-edicion-de-lujo-del-50-aniversario-de.jpg\" \/>\n\t<meta property=\"og:image:width\" content=\"820\" \/>\n\t<meta property=\"og:image:height\" content=\"820\" \/>\n\t<meta property=\"og:image:type\" content=\"image\/jpeg\" \/>\n<meta name=\"author\" content=\"Javier Figueroa\" \/>\n<meta name=\"twitter:card\" content=\"summary_large_image\" \/>\n<meta name=\"twitter:label1\" content=\"Escrito por\" \/>\n\t<meta name=\"twitter:data1\" content=\"Javier Figueroa\" \/>\n\t<meta name=\"twitter:label2\" content=\"Tiempo de lectura\" \/>\n\t<meta name=\"twitter:data2\" content=\"2 minutos\" \/>\n<script type=\"application\/ld+json\" class=\"yoast-schema-graph\">{\"@context\":\"https:\/\/schema.org\",\"@graph\":[{\"@type\":\"Article\",\"@id\":\"https:\/\/web.consaguirre.com.ar\/noticias\/kiss-comparte-la-edicion-de-lujo-del-50-aniversario-de-dressed-to-kill\/#article\",\"isPartOf\":{\"@id\":\"https:\/\/web.consaguirre.com.ar\/noticias\/kiss-comparte-la-edicion-de-lujo-del-50-aniversario-de-dressed-to-kill\/\"},\"author\":{\"name\":\"Javier Figueroa\",\"@id\":\"https:\/\/web.consaguirre.com.ar\/noticias\/#\/schema\/person\/6558b0cfedee7ddc5425602b237d5722\"},\"headline\":\"KISS comparte la edici\u00f3n de lujo del 50 aniversario de &#8216;Dressed To Kill&#8217;\",\"datePublished\":\"2025-10-29T23:38:44+00:00\",\"dateModified\":\"2025-10-29T23:38:45+00:00\",\"mainEntityOfPage\":{\"@id\":\"https:\/\/web.consaguirre.com.ar\/noticias\/kiss-comparte-la-edicion-de-lujo-del-50-aniversario-de-dressed-to-kill\/\"},\"wordCount\":371,\"publisher\":{\"@id\":\"https:\/\/web.consaguirre.com.ar\/noticias\/#organization\"},\"image\":{\"@id\":\"https:\/\/web.consaguirre.com.ar\/noticias\/kiss-comparte-la-edicion-de-lujo-del-50-aniversario-de-dressed-to-kill\/#primaryimage\"},\"thumbnailUrl\":\"https:\/\/web.consaguirre.com.ar\/noticias\/wp-content\/uploads\/2025\/10\/KISS-comparte-la-edicion-de-lujo-del-50-aniversario-de.jpg\",\"keywords\":[\"aniversario\",\"comparte\",\"del\",\"Dressed\",\"edici\u00f3n\",\"Kill\",\"KISS\",\"lujo\"],\"articleSection\":[\"El \u00faltimo\"],\"inLanguage\":\"es-AR\"},{\"@type\":\"WebPage\",\"@id\":\"https:\/\/web.consaguirre.com.ar\/noticias\/kiss-comparte-la-edicion-de-lujo-del-50-aniversario-de-dressed-to-kill\/\",\"url\":\"https:\/\/web.consaguirre.com.ar\/noticias\/kiss-comparte-la-edicion-de-lujo-del-50-aniversario-de-dressed-to-kill\/\",\"name\":\"KISS comparte la edici\u00f3n de lujo del 50 aniversario de 'Dressed To Kill'\",\"isPartOf\":{\"@id\":\"https:\/\/web.consaguirre.com.ar\/noticias\/#website\"},\"primaryImageOfPage\":{\"@id\":\"https:\/\/web.consaguirre.com.ar\/noticias\/kiss-comparte-la-edicion-de-lujo-del-50-aniversario-de-dressed-to-kill\/#primaryimage\"},\"image\":{\"@id\":\"https:\/\/web.consaguirre.com.ar\/noticias\/kiss-comparte-la-edicion-de-lujo-del-50-aniversario-de-dressed-to-kill\/#primaryimage\"},\"thumbnailUrl\":\"https:\/\/web.consaguirre.com.ar\/noticias\/wp-content\/uploads\/2025\/10\/KISS-comparte-la-edicion-de-lujo-del-50-aniversario-de.jpg\",\"datePublished\":\"2025-10-29T23:38:44+00:00\",\"dateModified\":\"2025-10-29T23:38:45+00:00\",\"breadcrumb\":{\"@id\":\"https:\/\/web.consaguirre.com.ar\/noticias\/kiss-comparte-la-edicion-de-lujo-del-50-aniversario-de-dressed-to-kill\/#breadcrumb\"},\"inLanguage\":\"es-AR\",\"potentialAction\":[{\"@type\":\"ReadAction\",\"target\":[\"https:\/\/web.consaguirre.com.ar\/noticias\/kiss-comparte-la-edicion-de-lujo-del-50-aniversario-de-dressed-to-kill\/\"]}]},{\"@type\":\"ImageObject\",\"inLanguage\":\"es-AR\",\"@id\":\"https:\/\/web.consaguirre.com.ar\/noticias\/kiss-comparte-la-edicion-de-lujo-del-50-aniversario-de-dressed-to-kill\/#primaryimage\",\"url\":\"https:\/\/web.consaguirre.com.ar\/noticias\/wp-content\/uploads\/2025\/10\/KISS-comparte-la-edicion-de-lujo-del-50-aniversario-de.jpg\",\"contentUrl\":\"https:\/\/web.consaguirre.com.ar\/noticias\/wp-content\/uploads\/2025\/10\/KISS-comparte-la-edicion-de-lujo-del-50-aniversario-de.jpg\",\"width\":820,\"height\":820,\"caption\":\"KISS comparte la edici\u00f3n de lujo del 50 aniversario de 'Dressed To Kill'\"},{\"@type\":\"BreadcrumbList\",\"@id\":\"https:\/\/web.consaguirre.com.ar\/noticias\/kiss-comparte-la-edicion-de-lujo-del-50-aniversario-de-dressed-to-kill\/#breadcrumb\",\"itemListElement\":[{\"@type\":\"ListItem\",\"position\":1,\"name\":\"Inicio\",\"item\":\"https:\/\/web.consaguirre.com.ar\/noticias\/\"},{\"@type\":\"ListItem\",\"position\":2,\"name\":\"KISS comparte la edici\u00f3n de lujo del 50 aniversario de &#8216;Dressed To Kill&#8217;\"}]},{\"@type\":\"WebSite\",\"@id\":\"https:\/\/web.consaguirre.com.ar\/noticias\/#website\",\"url\":\"https:\/\/web.consaguirre.com.ar\/noticias\/\",\"name\":\"Conservatorio de M\u00fasica Juli\u00e1n Aguirre\",\"description\":\"\",\"publisher\":{\"@id\":\"https:\/\/web.consaguirre.com.ar\/noticias\/#organization\"},\"potentialAction\":[{\"@type\":\"SearchAction\",\"target\":{\"@type\":\"EntryPoint\",\"urlTemplate\":\"https:\/\/web.consaguirre.com.ar\/noticias\/?s={search_term_string}\"},\"query-input\":\"required name=search_term_string\"}],\"inLanguage\":\"es-AR\"},{\"@type\":\"Organization\",\"@id\":\"https:\/\/web.consaguirre.com.ar\/noticias\/#organization\",\"name\":\"Conservatorio de M\u00fasica Juli\u00e1n Aguirre\",\"url\":\"https:\/\/web.consaguirre.com.ar\/noticias\/\",\"logo\":{\"@type\":\"ImageObject\",\"inLanguage\":\"es-AR\",\"@id\":\"https:\/\/web.consaguirre.com.ar\/noticias\/#\/schema\/logo\/image\/\",\"url\":\"https:\/\/web.consaguirre.com.ar\/noticias\/wp-content\/uploads\/2024\/08\/Banner-Aguirre-23.jpg\",\"contentUrl\":\"https:\/\/web.consaguirre.com.ar\/noticias\/wp-content\/uploads\/2024\/08\/Banner-Aguirre-23.jpg\",\"width\":1192,\"height\":600,\"caption\":\"Conservatorio de M\u00fasica Juli\u00e1n Aguirre\"},\"image\":{\"@id\":\"https:\/\/web.consaguirre.com.ar\/noticias\/#\/schema\/logo\/image\/\"}},{\"@type\":\"Person\",\"@id\":\"https:\/\/web.consaguirre.com.ar\/noticias\/#\/schema\/person\/6558b0cfedee7ddc5425602b237d5722\",\"name\":\"Javier Figueroa\",\"image\":{\"@type\":\"ImageObject\",\"inLanguage\":\"es-AR\",\"@id\":\"https:\/\/web.consaguirre.com.ar\/noticias\/#\/schema\/person\/image\/\",\"url\":\"https:\/\/web.consaguirre.com.ar\/noticias\/wp-content\/uploads\/2024\/08\/Consaguirre-scaled.jpg\",\"contentUrl\":\"https:\/\/web.consaguirre.com.ar\/noticias\/wp-content\/uploads\/2024\/08\/Consaguirre-scaled.jpg\",\"caption\":\"Javier Figueroa\"},\"description\":\"Me llamo Javier Figueroa y soy redactor para el sitio oficial del Conservatorio de M\u00fasica Juli\u00e1n Aguirre en Buenos Aires, consaguirre.com. Apasionado por la m\u00fasica y la escritura, me esfuerzo por destacar los talentos y eventos de nuestra prestigiosa instituci\u00f3n. Mi trayectoria se nutre de una profunda admiraci\u00f3n por los artistas, haciendo de cada art\u00edculo una celebraci\u00f3n de la creatividad y la cultura musical.\",\"sameAs\":[\"https:\/\/web.consaguirre.com.ar\/noticias\"]}]}<\/script>\n<!-- \/ Yoast SEO plugin. -->","yoast_head_json":{"title":"KISS comparte la edici\u00f3n de lujo del 50 aniversario de 'Dressed To Kill'","robots":{"index":"index","follow":"follow","max-snippet":"max-snippet:-1","max-image-preview":"max-image-preview:large","max-video-preview":"max-video-preview:-1"},"canonical":"https:\/\/web.consaguirre.com.ar\/noticias\/kiss-comparte-la-edicion-de-lujo-del-50-aniversario-de-dressed-to-kill\/","og_locale":"es_ES","og_type":"article","og_title":"KISS comparte la edici\u00f3n de lujo del 50 aniversario de 'Dressed To Kill'","og_description":"Las leyendas del rock KISS est\u00e1n celebrando los 50 a\u00f1os de su celebrado tercer LP, Vestida para matarcon una enorme edici\u00f3n de lujo disponible en","og_url":"https:\/\/web.consaguirre.com.ar\/noticias\/kiss-comparte-la-edicion-de-lujo-del-50-aniversario-de-dressed-to-kill\/","og_site_name":"Conservatorio de M\u00fasica Juli\u00e1n Aguirre","article_published_time":"2025-10-29T23:38:44+00:00","article_modified_time":"2025-10-29T23:38:45+00:00","og_image":[{"width":820,"height":820,"url":"https:\/\/web.consaguirre.com.ar\/noticias\/wp-content\/uploads\/2025\/10\/KISS-comparte-la-edicion-de-lujo-del-50-aniversario-de.jpg","type":"image\/jpeg"}],"author":"Javier Figueroa","twitter_card":"summary_large_image","twitter_misc":{"Escrito por":"Javier Figueroa","Tiempo de lectura":"2 minutos"},"schema":{"@context":"https:\/\/schema.org","@graph":[{"@type":"Article","@id":"https:\/\/web.consaguirre.com.ar\/noticias\/kiss-comparte-la-edicion-de-lujo-del-50-aniversario-de-dressed-to-kill\/#article","isPartOf":{"@id":"https:\/\/web.consaguirre.com.ar\/noticias\/kiss-comparte-la-edicion-de-lujo-del-50-aniversario-de-dressed-to-kill\/"},"author":{"name":"Javier Figueroa","@id":"https:\/\/web.consaguirre.com.ar\/noticias\/#\/schema\/person\/6558b0cfedee7ddc5425602b237d5722"},"headline":"KISS comparte la edici\u00f3n de lujo del 50 aniversario de &#8216;Dressed To Kill&#8217;","datePublished":"2025-10-29T23:38:44+00:00","dateModified":"2025-10-29T23:38:45+00:00","mainEntityOfPage":{"@id":"https:\/\/web.consaguirre.com.ar\/noticias\/kiss-comparte-la-edicion-de-lujo-del-50-aniversario-de-dressed-to-kill\/"},"wordCount":371,"publisher":{"@id":"https:\/\/web.consaguirre.com.ar\/noticias\/#organization"},"image":{"@id":"https:\/\/web.consaguirre.com.ar\/noticias\/kiss-comparte-la-edicion-de-lujo-del-50-aniversario-de-dressed-to-kill\/#primaryimage"},"thumbnailUrl":"https:\/\/web.consaguirre.com.ar\/noticias\/wp-content\/uploads\/2025\/10\/KISS-comparte-la-edicion-de-lujo-del-50-aniversario-de.jpg","keywords":["aniversario","comparte","del","Dressed","edici\u00f3n","Kill","KISS","lujo"],"articleSection":["El \u00faltimo"],"inLanguage":"es-AR"},{"@type":"WebPage","@id":"https:\/\/web.consaguirre.com.ar\/noticias\/kiss-comparte-la-edicion-de-lujo-del-50-aniversario-de-dressed-to-kill\/","url":"https:\/\/web.consaguirre.com.ar\/noticias\/kiss-comparte-la-edicion-de-lujo-del-50-aniversario-de-dressed-to-kill\/","name":"KISS comparte la edici\u00f3n de lujo del 50 aniversario de 'Dressed To Kill'","isPartOf":{"@id":"https:\/\/web.consaguirre.com.ar\/noticias\/#website"},"primaryImageOfPage":{"@id":"https:\/\/web.consaguirre.com.ar\/noticias\/kiss-comparte-la-edicion-de-lujo-del-50-aniversario-de-dressed-to-kill\/#primaryimage"},"image":{"@id":"https:\/\/web.consaguirre.com.ar\/noticias\/kiss-comparte-la-edicion-de-lujo-del-50-aniversario-de-dressed-to-kill\/#primaryimage"},"thumbnailUrl":"https:\/\/web.consaguirre.com.ar\/noticias\/wp-content\/uploads\/2025\/10\/KISS-comparte-la-edicion-de-lujo-del-50-aniversario-de.jpg","datePublished":"2025-10-29T23:38:44+00:00","dateModified":"2025-10-29T23:38:45+00:00","breadcrumb":{"@id":"https:\/\/web.consaguirre.com.ar\/noticias\/kiss-comparte-la-edicion-de-lujo-del-50-aniversario-de-dressed-to-kill\/#breadcrumb"},"inLanguage":"es-AR","potentialAction":[{"@type":"ReadAction","target":["https:\/\/web.consaguirre.com.ar\/noticias\/kiss-comparte-la-edicion-de-lujo-del-50-aniversario-de-dressed-to-kill\/"]}]},{"@type":"ImageObject","inLanguage":"es-AR","@id":"https:\/\/web.consaguirre.com.ar\/noticias\/kiss-comparte-la-edicion-de-lujo-del-50-aniversario-de-dressed-to-kill\/#primaryimage","url":"https:\/\/web.consaguirre.com.ar\/noticias\/wp-content\/uploads\/2025\/10\/KISS-comparte-la-edicion-de-lujo-del-50-aniversario-de.jpg","contentUrl":"https:\/\/web.consaguirre.com.ar\/noticias\/wp-content\/uploads\/2025\/10\/KISS-comparte-la-edicion-de-lujo-del-50-aniversario-de.jpg","width":820,"height":820,"caption":"KISS comparte la edici\u00f3n de lujo del 50 aniversario de 'Dressed To Kill'"},{"@type":"BreadcrumbList","@id":"https:\/\/web.consaguirre.com.ar\/noticias\/kiss-comparte-la-edicion-de-lujo-del-50-aniversario-de-dressed-to-kill\/#breadcrumb","itemListElement":[{"@type":"ListItem","position":1,"name":"Inicio","item":"https:\/\/web.consaguirre.com.ar\/noticias\/"},{"@type":"ListItem","position":2,"name":"KISS comparte la edici\u00f3n de lujo del 50 aniversario de &#8216;Dressed To Kill&#8217;"}]},{"@type":"WebSite","@id":"https:\/\/web.consaguirre.com.ar\/noticias\/#website","url":"https:\/\/web.consaguirre.com.ar\/noticias\/","name":"Conservatorio de M\u00fasica Juli\u00e1n Aguirre","description":"","publisher":{"@id":"https:\/\/web.consaguirre.com.ar\/noticias\/#organization"},"potentialAction":[{"@type":"SearchAction","target":{"@type":"EntryPoint","urlTemplate":"https:\/\/web.consaguirre.com.ar\/noticias\/?s={search_term_string}"},"query-input":"required name=search_term_string"}],"inLanguage":"es-AR"},{"@type":"Organization","@id":"https:\/\/web.consaguirre.com.ar\/noticias\/#organization","name":"Conservatorio de M\u00fasica Juli\u00e1n Aguirre","url":"https:\/\/web.consaguirre.com.ar\/noticias\/","logo":{"@type":"ImageObject","inLanguage":"es-AR","@id":"https:\/\/web.consaguirre.com.ar\/noticias\/#\/schema\/logo\/image\/","url":"https:\/\/web.consaguirre.com.ar\/noticias\/wp-content\/uploads\/2024\/08\/Banner-Aguirre-23.jpg","contentUrl":"https:\/\/web.consaguirre.com.ar\/noticias\/wp-content\/uploads\/2024\/08\/Banner-Aguirre-23.jpg","width":1192,"height":600,"caption":"Conservatorio de M\u00fasica Juli\u00e1n Aguirre"},"image":{"@id":"https:\/\/web.consaguirre.com.ar\/noticias\/#\/schema\/logo\/image\/"}},{"@type":"Person","@id":"https:\/\/web.consaguirre.com.ar\/noticias\/#\/schema\/person\/6558b0cfedee7ddc5425602b237d5722","name":"Javier Figueroa","image":{"@type":"ImageObject","inLanguage":"es-AR","@id":"https:\/\/web.consaguirre.com.ar\/noticias\/#\/schema\/person\/image\/","url":"https:\/\/web.consaguirre.com.ar\/noticias\/wp-content\/uploads\/2024\/08\/Consaguirre-scaled.jpg","contentUrl":"https:\/\/web.consaguirre.com.ar\/noticias\/wp-content\/uploads\/2024\/08\/Consaguirre-scaled.jpg","caption":"Javier Figueroa"},"description":"Me llamo Javier Figueroa y soy redactor para el sitio oficial del Conservatorio de M\u00fasica Juli\u00e1n Aguirre en Buenos Aires, consaguirre.com. Apasionado por la m\u00fasica y la escritura, me esfuerzo por destacar los talentos y eventos de nuestra prestigiosa instituci\u00f3n. Mi trayectoria se nutre de una profunda admiraci\u00f3n por los artistas, haciendo de cada art\u00edculo una celebraci\u00f3n de la creatividad y la cultura musical.","sameAs":["https:\/\/web.consaguirre.com.ar\/noticias"]}]}},"_links":{"self":[{"href":"https:\/\/web.consaguirre.com.ar\/noticias\/wp-json\/wp\/v2\/posts\/4200"}],"collection":[{"href":"https:\/\/web.consaguirre.com.ar\/noticias\/wp-json\/wp\/v2\/posts"}],"about":[{"href":"https:\/\/web.consaguirre.com.ar\/noticias\/wp-json\/wp\/v2\/types\/post"}],"author":[{"embeddable":true,"href":"https:\/\/web.consaguirre.com.ar\/noticias\/wp-json\/wp\/v2\/users\/1"}],"replies":[{"embeddable":true,"href":"https:\/\/web.consaguirre.com.ar\/noticias\/wp-json\/wp\/v2\/comments?post=4200"}],"version-history":[{"count":1,"href":"https:\/\/web.consaguirre.com.ar\/noticias\/wp-json\/wp\/v2\/posts\/4200\/revisions"}],"predecessor-version":[{"id":4202,"href":"https:\/\/web.consaguirre.com.ar\/noticias\/wp-json\/wp\/v2\/posts\/4200\/revisions\/4202"}],"wp:featuredmedia":[{"embeddable":true,"href":"https:\/\/web.consaguirre.com.ar\/noticias\/wp-json\/wp\/v2\/media\/4201"}],"wp:attachment":[{"href":"https:\/\/web.consaguirre.com.ar\/noticias\/wp-json\/wp\/v2\/media?parent=4200"}],"wp:term":[{"taxonomy":"category","embeddable":true,"href":"https:\/\/web.consaguirre.com.ar\/noticias\/wp-json\/wp\/v2\/categories?post=4200"},{"taxonomy":"post_tag","embeddable":true,"href":"https:\/\/web.consaguirre.com.ar\/noticias\/wp-json\/wp\/v2\/tags?post=4200"}],"curies":[{"name":"wp","href":"https:\/\/api.w.org\/{rel}","templated":true}]}}