{"id":4194,"date":"2025-10-28T20:38:08","date_gmt":"2025-10-28T23:38:08","guid":{"rendered":"https:\/\/web.consaguirre.com.ar\/noticias\/jack-dejohnette-fallecio-a-los-83-anos\/"},"modified":"2025-10-28T20:38:10","modified_gmt":"2025-10-28T23:38:10","slug":"jack-dejohnette-fallecio-a-los-83-anos","status":"publish","type":"post","link":"https:\/\/web.consaguirre.com.ar\/noticias\/jack-dejohnette-fallecio-a-los-83-anos\/","title":{"rendered":"Jack DeJohnette falleci\u00f3 a los 83 a\u00f1os"},"content":{"rendered":"<p>Jack DeJohnette, el baterista ganador del Grammy cuyo trabajo como l\u00edder de banda y acompa\u00f1ante lo convirti\u00f3 en uno de los titanes del jazz moderno, falleci\u00f3. DeJohnette falleci\u00f3 el lunes en Woodstock, Nueva York, debido a una insuficiencia card\u00edaca congestiva. Ten\u00eda 83 a\u00f1os.<\/p>\n<p>DeJohnette acumul\u00f3 una enorme obra a lo largo de casi seis d\u00e9cadas, trabajando junto a talentos como Charles Lloyd, Freddie Hubbard, Bill Evans, John Abercrombie, Alice Coltrane, Sonny Rollins, Pat Metheny, Herbie Hancock, John Scofield y muchos m\u00e1s. Pero quiz\u00e1s sea m\u00e1s conocido por tocar en los \u00e1lbumes pioneros de jazz fusi\u00f3n que Miles Davis lanz\u00f3 a principios de los a\u00f1os 1970.<\/p>\n<p>En t\u00edtulos enormemente influyentes como <em>cerveza de perras<\/em> y <em>Sobre rinc\u00f3n<\/em>DeJohnette se desempe\u00f1\u00f3 como jefe de la secci\u00f3n r\u00edtmica de Davis, aplicando su estilo relajado y libre a una m\u00fasica que hibridaba el jazz con el rock, el funk y el R&#038;B. &#8220;Creo que tocar con Miles, con Dave Holland, Chick Corea y Wayne Shorter fue un per\u00edodo muy emocionante&#8221;, dijo DeJohnette sobre su tiempo tocando en la banda de Davis de 1969 a 1971. &#8220;Siempre est\u00e1bamos ansiosos por subir al escenario para ver en qu\u00e9 tipo de travesuras pod\u00edamos meternos&#8221;.<\/p>\n<p>Nacida en Chicago en 1942, DeJohnette empez\u00f3 a tocar el piano cuando era ni\u00f1a. Pero a los 13 a\u00f1os pas\u00f3 a la bater\u00eda y a los 14 ya tocaba en vivo. Tras pasar por un grupo vocal y una banda de rock, plant\u00f3 su bandera en el mundo del jazz, donde encontr\u00f3 la mayor libertad para perseguir sus instintos musicales aventureros.<\/p>\n<p>Despu\u00e9s de mudarse a Nueva York en 1966, DeJohnette se uni\u00f3 al Charles Lloyd Quartet, uno de los primeros en incorporar la influencia del rock al jazz. Su tiempo en la banda le present\u00f3 al pianista Keith Jarrett, uno de sus colaboradores m\u00e1s cercanos a lo largo de los a\u00f1os, a quien reclutar\u00eda para la banda de Davis. Mientras se establec\u00eda como un acompa\u00f1ante magistral, DeJohnette comenz\u00f3 a dejar su huella tambi\u00e9n como l\u00edder de banda, lanzando su \u00e1lbum debut. <em>El complejo DeJohnette<\/em> en 1968.<\/p>\n<p>La carrera de DeJohnette sigui\u00f3 siendo prol\u00edfica a lo largo de las d\u00e9cadas, incluida una racha sostenida de brillantez para ECM Records a partir de la d\u00e9cada de 1980. Su forma de tocar le gan\u00f3 el respeto de sus compa\u00f1eros y de los oyentes de jazz de todo el mundo y, finalmente, le sigui\u00f3 el reconocimiento institucional. DeJohnette gan\u00f3 dos premios Grammy y fue nominada a m\u00e1s. Tambi\u00e9n recibi\u00f3 un Doctorado Honoris Causa en M\u00fasica de Berklee College of Music en 1990 y fue incluido en el Sal\u00f3n de la Fama del Baterista Moderno en 2007.<\/p>\n<p>DeJohnette se cas\u00f3 por primera vez con Deirdre Davenport, su compa\u00f1era de clase en la universidad en Chicago. En 1966 conoci\u00f3 a su segunda esposa, Lydia, entre bastidores de un espect\u00e1culo en Londres. Tuvieron dos hijas, Farah y Minya.<\/p>\n","protected":false},"excerpt":{"rendered":"<p>Jack DeJohnette, el baterista ganador del Grammy cuyo trabajo como l\u00edder de banda y acompa\u00f1ante lo convirti\u00f3 en uno de los titanes del jazz moderno,<\/p>\n","protected":false},"author":1,"featured_media":4195,"comment_status":"closed","ping_status":"","sticky":false,"template":"","format":"standard","meta":{"footnotes":""},"categories":[50],"tags":[115,3433,767,2448,180],"class_list":["post-4194","post","type-post","status-publish","format-standard","has-post-thumbnail","hentry","category-el-ultimo","tag-anos","tag-dejohnette","tag-fallecio","tag-jack","tag-los","generate-columns","tablet-grid-50","mobile-grid-100","grid-parent","grid-50"],"yoast_head":"<!-- This site is optimized with the Yoast SEO plugin v23.3 - https:\/\/yoast.com\/wordpress\/plugins\/seo\/ -->\n<title>Jack DeJohnette falleci\u00f3 a los 83 a\u00f1os<\/title>\n<meta name=\"robots\" content=\"index, follow, max-snippet:-1, max-image-preview:large, max-video-preview:-1\" \/>\n<link rel=\"canonical\" href=\"https:\/\/web.consaguirre.com.ar\/noticias\/jack-dejohnette-fallecio-a-los-83-anos\/\" \/>\n<meta property=\"og:locale\" content=\"es_ES\" \/>\n<meta property=\"og:type\" content=\"article\" \/>\n<meta property=\"og:title\" content=\"Jack DeJohnette falleci\u00f3 a los 83 a\u00f1os\" \/>\n<meta property=\"og:description\" content=\"Jack DeJohnette, el baterista ganador del Grammy cuyo trabajo como l\u00edder de banda y acompa\u00f1ante lo convirti\u00f3 en uno de los titanes del jazz moderno,\" \/>\n<meta property=\"og:url\" content=\"https:\/\/web.consaguirre.com.ar\/noticias\/jack-dejohnette-fallecio-a-los-83-anos\/\" \/>\n<meta property=\"og:site_name\" content=\"Conservatorio de M\u00fasica Juli\u00e1n Aguirre\" \/>\n<meta property=\"article:published_time\" content=\"2025-10-28T23:38:08+00:00\" \/>\n<meta property=\"article:modified_time\" content=\"2025-10-28T23:38:10+00:00\" \/>\n<meta property=\"og:image\" content=\"https:\/\/web.consaguirre.com.ar\/noticias\/wp-content\/uploads\/2025\/10\/Jack-DeJohnette-fallecio-a-los-83-anos.jpg\" \/>\n\t<meta property=\"og:image:width\" content=\"1440\" \/>\n\t<meta property=\"og:image:height\" content=\"864\" \/>\n\t<meta property=\"og:image:type\" content=\"image\/jpeg\" \/>\n<meta name=\"author\" content=\"Javier Figueroa\" \/>\n<meta name=\"twitter:card\" content=\"summary_large_image\" \/>\n<meta name=\"twitter:label1\" content=\"Escrito por\" \/>\n\t<meta name=\"twitter:data1\" content=\"Javier Figueroa\" \/>\n\t<meta name=\"twitter:label2\" content=\"Tiempo de lectura\" \/>\n\t<meta name=\"twitter:data2\" content=\"3 minutos\" \/>\n<script type=\"application\/ld+json\" class=\"yoast-schema-graph\">{\"@context\":\"https:\/\/schema.org\",\"@graph\":[{\"@type\":\"Article\",\"@id\":\"https:\/\/web.consaguirre.com.ar\/noticias\/jack-dejohnette-fallecio-a-los-83-anos\/#article\",\"isPartOf\":{\"@id\":\"https:\/\/web.consaguirre.com.ar\/noticias\/jack-dejohnette-fallecio-a-los-83-anos\/\"},\"author\":{\"name\":\"Javier Figueroa\",\"@id\":\"https:\/\/web.consaguirre.com.ar\/noticias\/#\/schema\/person\/6558b0cfedee7ddc5425602b237d5722\"},\"headline\":\"Jack DeJohnette falleci\u00f3 a los 83 a\u00f1os\",\"datePublished\":\"2025-10-28T23:38:08+00:00\",\"dateModified\":\"2025-10-28T23:38:10+00:00\",\"mainEntityOfPage\":{\"@id\":\"https:\/\/web.consaguirre.com.ar\/noticias\/jack-dejohnette-fallecio-a-los-83-anos\/\"},\"wordCount\":512,\"publisher\":{\"@id\":\"https:\/\/web.consaguirre.com.ar\/noticias\/#organization\"},\"image\":{\"@id\":\"https:\/\/web.consaguirre.com.ar\/noticias\/jack-dejohnette-fallecio-a-los-83-anos\/#primaryimage\"},\"thumbnailUrl\":\"https:\/\/web.consaguirre.com.ar\/noticias\/wp-content\/uploads\/2025\/10\/Jack-DeJohnette-fallecio-a-los-83-anos.jpg\",\"keywords\":[\"a\u00f1os\",\"DeJohnette\",\"Falleci\u00f3\",\"Jack\",\"los\"],\"articleSection\":[\"El \u00faltimo\"],\"inLanguage\":\"es-AR\"},{\"@type\":\"WebPage\",\"@id\":\"https:\/\/web.consaguirre.com.ar\/noticias\/jack-dejohnette-fallecio-a-los-83-anos\/\",\"url\":\"https:\/\/web.consaguirre.com.ar\/noticias\/jack-dejohnette-fallecio-a-los-83-anos\/\",\"name\":\"Jack DeJohnette falleci\u00f3 a los 83 a\u00f1os\",\"isPartOf\":{\"@id\":\"https:\/\/web.consaguirre.com.ar\/noticias\/#website\"},\"primaryImageOfPage\":{\"@id\":\"https:\/\/web.consaguirre.com.ar\/noticias\/jack-dejohnette-fallecio-a-los-83-anos\/#primaryimage\"},\"image\":{\"@id\":\"https:\/\/web.consaguirre.com.ar\/noticias\/jack-dejohnette-fallecio-a-los-83-anos\/#primaryimage\"},\"thumbnailUrl\":\"https:\/\/web.consaguirre.com.ar\/noticias\/wp-content\/uploads\/2025\/10\/Jack-DeJohnette-fallecio-a-los-83-anos.jpg\",\"datePublished\":\"2025-10-28T23:38:08+00:00\",\"dateModified\":\"2025-10-28T23:38:10+00:00\",\"breadcrumb\":{\"@id\":\"https:\/\/web.consaguirre.com.ar\/noticias\/jack-dejohnette-fallecio-a-los-83-anos\/#breadcrumb\"},\"inLanguage\":\"es-AR\",\"potentialAction\":[{\"@type\":\"ReadAction\",\"target\":[\"https:\/\/web.consaguirre.com.ar\/noticias\/jack-dejohnette-fallecio-a-los-83-anos\/\"]}]},{\"@type\":\"ImageObject\",\"inLanguage\":\"es-AR\",\"@id\":\"https:\/\/web.consaguirre.com.ar\/noticias\/jack-dejohnette-fallecio-a-los-83-anos\/#primaryimage\",\"url\":\"https:\/\/web.consaguirre.com.ar\/noticias\/wp-content\/uploads\/2025\/10\/Jack-DeJohnette-fallecio-a-los-83-anos.jpg\",\"contentUrl\":\"https:\/\/web.consaguirre.com.ar\/noticias\/wp-content\/uploads\/2025\/10\/Jack-DeJohnette-fallecio-a-los-83-anos.jpg\",\"width\":1440,\"height\":864,\"caption\":\"Jack DeJohnette falleci\u00f3 a los 83 a\u00f1os\"},{\"@type\":\"BreadcrumbList\",\"@id\":\"https:\/\/web.consaguirre.com.ar\/noticias\/jack-dejohnette-fallecio-a-los-83-anos\/#breadcrumb\",\"itemListElement\":[{\"@type\":\"ListItem\",\"position\":1,\"name\":\"Inicio\",\"item\":\"https:\/\/web.consaguirre.com.ar\/noticias\/\"},{\"@type\":\"ListItem\",\"position\":2,\"name\":\"Jack DeJohnette falleci\u00f3 a los 83 a\u00f1os\"}]},{\"@type\":\"WebSite\",\"@id\":\"https:\/\/web.consaguirre.com.ar\/noticias\/#website\",\"url\":\"https:\/\/web.consaguirre.com.ar\/noticias\/\",\"name\":\"Conservatorio de M\u00fasica Juli\u00e1n Aguirre\",\"description\":\"\",\"publisher\":{\"@id\":\"https:\/\/web.consaguirre.com.ar\/noticias\/#organization\"},\"potentialAction\":[{\"@type\":\"SearchAction\",\"target\":{\"@type\":\"EntryPoint\",\"urlTemplate\":\"https:\/\/web.consaguirre.com.ar\/noticias\/?s={search_term_string}\"},\"query-input\":\"required name=search_term_string\"}],\"inLanguage\":\"es-AR\"},{\"@type\":\"Organization\",\"@id\":\"https:\/\/web.consaguirre.com.ar\/noticias\/#organization\",\"name\":\"Conservatorio de M\u00fasica Juli\u00e1n Aguirre\",\"url\":\"https:\/\/web.consaguirre.com.ar\/noticias\/\",\"logo\":{\"@type\":\"ImageObject\",\"inLanguage\":\"es-AR\",\"@id\":\"https:\/\/web.consaguirre.com.ar\/noticias\/#\/schema\/logo\/image\/\",\"url\":\"https:\/\/web.consaguirre.com.ar\/noticias\/wp-content\/uploads\/2024\/08\/Banner-Aguirre-23.jpg\",\"contentUrl\":\"https:\/\/web.consaguirre.com.ar\/noticias\/wp-content\/uploads\/2024\/08\/Banner-Aguirre-23.jpg\",\"width\":1192,\"height\":600,\"caption\":\"Conservatorio de M\u00fasica Juli\u00e1n Aguirre\"},\"image\":{\"@id\":\"https:\/\/web.consaguirre.com.ar\/noticias\/#\/schema\/logo\/image\/\"}},{\"@type\":\"Person\",\"@id\":\"https:\/\/web.consaguirre.com.ar\/noticias\/#\/schema\/person\/6558b0cfedee7ddc5425602b237d5722\",\"name\":\"Javier Figueroa\",\"image\":{\"@type\":\"ImageObject\",\"inLanguage\":\"es-AR\",\"@id\":\"https:\/\/web.consaguirre.com.ar\/noticias\/#\/schema\/person\/image\/\",\"url\":\"https:\/\/web.consaguirre.com.ar\/noticias\/wp-content\/uploads\/2024\/08\/Consaguirre-scaled.jpg\",\"contentUrl\":\"https:\/\/web.consaguirre.com.ar\/noticias\/wp-content\/uploads\/2024\/08\/Consaguirre-scaled.jpg\",\"caption\":\"Javier Figueroa\"},\"description\":\"Me llamo Javier Figueroa y soy redactor para el sitio oficial del Conservatorio de M\u00fasica Juli\u00e1n Aguirre en Buenos Aires, consaguirre.com. Apasionado por la m\u00fasica y la escritura, me esfuerzo por destacar los talentos y eventos de nuestra prestigiosa instituci\u00f3n. Mi trayectoria se nutre de una profunda admiraci\u00f3n por los artistas, haciendo de cada art\u00edculo una celebraci\u00f3n de la creatividad y la cultura musical.\",\"sameAs\":[\"https:\/\/web.consaguirre.com.ar\/noticias\"]}]}<\/script>\n<!-- \/ Yoast SEO plugin. -->","yoast_head_json":{"title":"Jack DeJohnette falleci\u00f3 a los 83 a\u00f1os","robots":{"index":"index","follow":"follow","max-snippet":"max-snippet:-1","max-image-preview":"max-image-preview:large","max-video-preview":"max-video-preview:-1"},"canonical":"https:\/\/web.consaguirre.com.ar\/noticias\/jack-dejohnette-fallecio-a-los-83-anos\/","og_locale":"es_ES","og_type":"article","og_title":"Jack DeJohnette falleci\u00f3 a los 83 a\u00f1os","og_description":"Jack DeJohnette, el baterista ganador del Grammy cuyo trabajo como l\u00edder de banda y acompa\u00f1ante lo convirti\u00f3 en uno de los titanes del jazz moderno,","og_url":"https:\/\/web.consaguirre.com.ar\/noticias\/jack-dejohnette-fallecio-a-los-83-anos\/","og_site_name":"Conservatorio de M\u00fasica Juli\u00e1n Aguirre","article_published_time":"2025-10-28T23:38:08+00:00","article_modified_time":"2025-10-28T23:38:10+00:00","og_image":[{"width":1440,"height":864,"url":"https:\/\/web.consaguirre.com.ar\/noticias\/wp-content\/uploads\/2025\/10\/Jack-DeJohnette-fallecio-a-los-83-anos.jpg","type":"image\/jpeg"}],"author":"Javier Figueroa","twitter_card":"summary_large_image","twitter_misc":{"Escrito por":"Javier Figueroa","Tiempo de lectura":"3 minutos"},"schema":{"@context":"https:\/\/schema.org","@graph":[{"@type":"Article","@id":"https:\/\/web.consaguirre.com.ar\/noticias\/jack-dejohnette-fallecio-a-los-83-anos\/#article","isPartOf":{"@id":"https:\/\/web.consaguirre.com.ar\/noticias\/jack-dejohnette-fallecio-a-los-83-anos\/"},"author":{"name":"Javier Figueroa","@id":"https:\/\/web.consaguirre.com.ar\/noticias\/#\/schema\/person\/6558b0cfedee7ddc5425602b237d5722"},"headline":"Jack DeJohnette falleci\u00f3 a los 83 a\u00f1os","datePublished":"2025-10-28T23:38:08+00:00","dateModified":"2025-10-28T23:38:10+00:00","mainEntityOfPage":{"@id":"https:\/\/web.consaguirre.com.ar\/noticias\/jack-dejohnette-fallecio-a-los-83-anos\/"},"wordCount":512,"publisher":{"@id":"https:\/\/web.consaguirre.com.ar\/noticias\/#organization"},"image":{"@id":"https:\/\/web.consaguirre.com.ar\/noticias\/jack-dejohnette-fallecio-a-los-83-anos\/#primaryimage"},"thumbnailUrl":"https:\/\/web.consaguirre.com.ar\/noticias\/wp-content\/uploads\/2025\/10\/Jack-DeJohnette-fallecio-a-los-83-anos.jpg","keywords":["a\u00f1os","DeJohnette","Falleci\u00f3","Jack","los"],"articleSection":["El \u00faltimo"],"inLanguage":"es-AR"},{"@type":"WebPage","@id":"https:\/\/web.consaguirre.com.ar\/noticias\/jack-dejohnette-fallecio-a-los-83-anos\/","url":"https:\/\/web.consaguirre.com.ar\/noticias\/jack-dejohnette-fallecio-a-los-83-anos\/","name":"Jack DeJohnette falleci\u00f3 a los 83 a\u00f1os","isPartOf":{"@id":"https:\/\/web.consaguirre.com.ar\/noticias\/#website"},"primaryImageOfPage":{"@id":"https:\/\/web.consaguirre.com.ar\/noticias\/jack-dejohnette-fallecio-a-los-83-anos\/#primaryimage"},"image":{"@id":"https:\/\/web.consaguirre.com.ar\/noticias\/jack-dejohnette-fallecio-a-los-83-anos\/#primaryimage"},"thumbnailUrl":"https:\/\/web.consaguirre.com.ar\/noticias\/wp-content\/uploads\/2025\/10\/Jack-DeJohnette-fallecio-a-los-83-anos.jpg","datePublished":"2025-10-28T23:38:08+00:00","dateModified":"2025-10-28T23:38:10+00:00","breadcrumb":{"@id":"https:\/\/web.consaguirre.com.ar\/noticias\/jack-dejohnette-fallecio-a-los-83-anos\/#breadcrumb"},"inLanguage":"es-AR","potentialAction":[{"@type":"ReadAction","target":["https:\/\/web.consaguirre.com.ar\/noticias\/jack-dejohnette-fallecio-a-los-83-anos\/"]}]},{"@type":"ImageObject","inLanguage":"es-AR","@id":"https:\/\/web.consaguirre.com.ar\/noticias\/jack-dejohnette-fallecio-a-los-83-anos\/#primaryimage","url":"https:\/\/web.consaguirre.com.ar\/noticias\/wp-content\/uploads\/2025\/10\/Jack-DeJohnette-fallecio-a-los-83-anos.jpg","contentUrl":"https:\/\/web.consaguirre.com.ar\/noticias\/wp-content\/uploads\/2025\/10\/Jack-DeJohnette-fallecio-a-los-83-anos.jpg","width":1440,"height":864,"caption":"Jack DeJohnette falleci\u00f3 a los 83 a\u00f1os"},{"@type":"BreadcrumbList","@id":"https:\/\/web.consaguirre.com.ar\/noticias\/jack-dejohnette-fallecio-a-los-83-anos\/#breadcrumb","itemListElement":[{"@type":"ListItem","position":1,"name":"Inicio","item":"https:\/\/web.consaguirre.com.ar\/noticias\/"},{"@type":"ListItem","position":2,"name":"Jack DeJohnette falleci\u00f3 a los 83 a\u00f1os"}]},{"@type":"WebSite","@id":"https:\/\/web.consaguirre.com.ar\/noticias\/#website","url":"https:\/\/web.consaguirre.com.ar\/noticias\/","name":"Conservatorio de M\u00fasica Juli\u00e1n Aguirre","description":"","publisher":{"@id":"https:\/\/web.consaguirre.com.ar\/noticias\/#organization"},"potentialAction":[{"@type":"SearchAction","target":{"@type":"EntryPoint","urlTemplate":"https:\/\/web.consaguirre.com.ar\/noticias\/?s={search_term_string}"},"query-input":"required name=search_term_string"}],"inLanguage":"es-AR"},{"@type":"Organization","@id":"https:\/\/web.consaguirre.com.ar\/noticias\/#organization","name":"Conservatorio de M\u00fasica Juli\u00e1n Aguirre","url":"https:\/\/web.consaguirre.com.ar\/noticias\/","logo":{"@type":"ImageObject","inLanguage":"es-AR","@id":"https:\/\/web.consaguirre.com.ar\/noticias\/#\/schema\/logo\/image\/","url":"https:\/\/web.consaguirre.com.ar\/noticias\/wp-content\/uploads\/2024\/08\/Banner-Aguirre-23.jpg","contentUrl":"https:\/\/web.consaguirre.com.ar\/noticias\/wp-content\/uploads\/2024\/08\/Banner-Aguirre-23.jpg","width":1192,"height":600,"caption":"Conservatorio de M\u00fasica Juli\u00e1n Aguirre"},"image":{"@id":"https:\/\/web.consaguirre.com.ar\/noticias\/#\/schema\/logo\/image\/"}},{"@type":"Person","@id":"https:\/\/web.consaguirre.com.ar\/noticias\/#\/schema\/person\/6558b0cfedee7ddc5425602b237d5722","name":"Javier Figueroa","image":{"@type":"ImageObject","inLanguage":"es-AR","@id":"https:\/\/web.consaguirre.com.ar\/noticias\/#\/schema\/person\/image\/","url":"https:\/\/web.consaguirre.com.ar\/noticias\/wp-content\/uploads\/2024\/08\/Consaguirre-scaled.jpg","contentUrl":"https:\/\/web.consaguirre.com.ar\/noticias\/wp-content\/uploads\/2024\/08\/Consaguirre-scaled.jpg","caption":"Javier Figueroa"},"description":"Me llamo Javier Figueroa y soy redactor para el sitio oficial del Conservatorio de M\u00fasica Juli\u00e1n Aguirre en Buenos Aires, consaguirre.com. Apasionado por la m\u00fasica y la escritura, me esfuerzo por destacar los talentos y eventos de nuestra prestigiosa instituci\u00f3n. Mi trayectoria se nutre de una profunda admiraci\u00f3n por los artistas, haciendo de cada art\u00edculo una celebraci\u00f3n de la creatividad y la cultura musical.","sameAs":["https:\/\/web.consaguirre.com.ar\/noticias"]}]}},"_links":{"self":[{"href":"https:\/\/web.consaguirre.com.ar\/noticias\/wp-json\/wp\/v2\/posts\/4194"}],"collection":[{"href":"https:\/\/web.consaguirre.com.ar\/noticias\/wp-json\/wp\/v2\/posts"}],"about":[{"href":"https:\/\/web.consaguirre.com.ar\/noticias\/wp-json\/wp\/v2\/types\/post"}],"author":[{"embeddable":true,"href":"https:\/\/web.consaguirre.com.ar\/noticias\/wp-json\/wp\/v2\/users\/1"}],"replies":[{"embeddable":true,"href":"https:\/\/web.consaguirre.com.ar\/noticias\/wp-json\/wp\/v2\/comments?post=4194"}],"version-history":[{"count":1,"href":"https:\/\/web.consaguirre.com.ar\/noticias\/wp-json\/wp\/v2\/posts\/4194\/revisions"}],"predecessor-version":[{"id":4196,"href":"https:\/\/web.consaguirre.com.ar\/noticias\/wp-json\/wp\/v2\/posts\/4194\/revisions\/4196"}],"wp:featuredmedia":[{"embeddable":true,"href":"https:\/\/web.consaguirre.com.ar\/noticias\/wp-json\/wp\/v2\/media\/4195"}],"wp:attachment":[{"href":"https:\/\/web.consaguirre.com.ar\/noticias\/wp-json\/wp\/v2\/media?parent=4194"}],"wp:term":[{"taxonomy":"category","embeddable":true,"href":"https:\/\/web.consaguirre.com.ar\/noticias\/wp-json\/wp\/v2\/categories?post=4194"},{"taxonomy":"post_tag","embeddable":true,"href":"https:\/\/web.consaguirre.com.ar\/noticias\/wp-json\/wp\/v2\/tags?post=4194"}],"curies":[{"name":"wp","href":"https:\/\/api.w.org\/{rel}","templated":true}]}}