{"id":4191,"date":"2025-10-28T17:38:20","date_gmt":"2025-10-28T20:38:20","guid":{"rendered":"https:\/\/web.consaguirre.com.ar\/noticias\/demi-lovato-anuncia-que-su-gira-no-sera-tan-profunda\/"},"modified":"2025-10-28T17:38:22","modified_gmt":"2025-10-28T20:38:22","slug":"demi-lovato-anuncia-que-su-gira-no-sera-tan-profunda","status":"publish","type":"post","link":"https:\/\/web.consaguirre.com.ar\/noticias\/demi-lovato-anuncia-que-su-gira-no-sera-tan-profunda\/","title":{"rendered":"Demi Lovato anuncia que su gira no ser\u00e1 tan profunda"},"content":{"rendered":"<p>En lo que respecta a la nueva gira de Demi Lovato, no es tan profunda, pero llevar\u00e1 su m\u00fasica a todas partes. La estrella del pop saldr\u00e1 de gira el pr\u00f3ximo a\u00f1o para promocionar su \u00e1lbum reci\u00e9n lanzado. <em>No es tan profundo<\/em>.<\/p>\n<p>El recorrido por 23 ciudades norteamericanas llevar\u00e1 a Lovato a estadios de todo Estados Unidos y Canad\u00e1 esta primavera. La gira comienza el 8 de abril en Charlotte y concluye el 25 de mayo en Houston, con paradas en Nueva York, Toronto, Los \u00c1ngeles, Seattle, San Francisco y m\u00e1s. Lovato adelant\u00f3 la gira con una actuaci\u00f3n el 25 de octubre en el Hollywood Palladium que, de acuerdo con el sentimiento y la est\u00e9tica del nuevo \u00e1lbum, aument\u00f3 la energ\u00eda dance-pop mientras trabajaba en los \u00e9xitos de una carrera. Todas las fechas contar\u00e1n con la invitada especial AD\u00c9LA.<\/p>\n<div class=\"uD-YT-container\"><img decoding=\"async\" src=\"https:\/\/web.consaguirre.com.ar\/noticias\/wp-content\/uploads\/2025\/10\/1761683900_657_Demi-Lovato-anuncia-que-su-gira-no-sera-tan-profunda.jpg\" alt=\"V\u00eddeo de YouTube\"><br \/>Haga clic para cargar v\u00eddeo<\/div>\n<p>Los fan\u00e1ticos pueden registrarse para una preventa de artista en livemu.sc\/demilovato a partir del martes 28 de octubre a las 10 p. m., hora del Este, antes del lanzamiento de la preventa el jueves 30 de octubre a las 10 a. m., hora local. En EE. UU., tambi\u00e9n hay una preventa para titulares de tarjetas Citi que se realizar\u00e1 el mi\u00e9rcoles 29 de octubre de 10 am a 10 pm hora local a trav\u00e9s del programa Citi Entertainment. Durante el mismo per\u00edodo, hay una preventa canadiense para los miembros de la tarjeta American Express. La venta general comienza el viernes 31 de octubre a las 10 a.m. hora local.<\/p>\n<p>Con sencillos cargados como \u201cFast\u201d y \u201cHere All Night\u201d, <em>No es tan profundo<\/em> ha sido aclamado como uno de los aspectos m\u00e1s destacados del cat\u00e1logo de Lovato. Como <em>Cartelera<\/em> Como se\u00f1ala, &#8220;una vez m\u00e1s conduce por el carril turbo-pop y suena como si se lo estuviera pasando genial&#8221;. Adem\u00e1s de los ritmos contagiosos, el \u00e1lbum es un escaparate de la potente voz de Lovato, que se ha ganado la atenci\u00f3n seg\u00fan <em>Variedad<\/em>\u201cuna de las vocalistas singulares de su \u00e9poca\u201d. En el sencillo &#8220;Kiss&#8221;, resume el ambiente de fiesta libre del proyecto: &#8220;No es tan profundo, a menos que quieras que lo sea&#8221;.<\/p>\n<p><b>Compre ahora la m\u00fasica de Demi Lovato en vinilo o CD.<\/b><\/p>\n","protected":false},"excerpt":{"rendered":"<p>En lo que respecta a la nueva gira de Demi Lovato, no es tan profunda, pero llevar\u00e1 su m\u00fasica a todas partes. La estrella del<\/p>\n","protected":false},"author":1,"featured_media":4192,"comment_status":"closed","ping_status":"","sticky":false,"template":"","format":"standard","meta":{"footnotes":""},"categories":[50],"tags":[56,2640,492,2641,3432,683,789],"class_list":["post-4191","post","type-post","status-publish","format-standard","has-post-thumbnail","hentry","category-el-ultimo","tag-anuncia","tag-demi","tag-gira","tag-lovato","tag-profunda","tag-sera","tag-tan","generate-columns","tablet-grid-50","mobile-grid-100","grid-parent","grid-50"],"yoast_head":"<!-- This site is optimized with the Yoast SEO plugin v23.3 - https:\/\/yoast.com\/wordpress\/plugins\/seo\/ -->\n<title>Demi Lovato anuncia que su gira no ser\u00e1 tan profunda<\/title>\n<meta name=\"robots\" content=\"index, follow, max-snippet:-1, max-image-preview:large, max-video-preview:-1\" \/>\n<link rel=\"canonical\" href=\"https:\/\/web.consaguirre.com.ar\/noticias\/demi-lovato-anuncia-que-su-gira-no-sera-tan-profunda\/\" \/>\n<meta property=\"og:locale\" content=\"es_ES\" \/>\n<meta property=\"og:type\" content=\"article\" \/>\n<meta property=\"og:title\" content=\"Demi Lovato anuncia que su gira no ser\u00e1 tan profunda\" \/>\n<meta property=\"og:description\" content=\"En lo que respecta a la nueva gira de Demi Lovato, no es tan profunda, pero llevar\u00e1 su m\u00fasica a todas partes. La estrella del\" \/>\n<meta property=\"og:url\" content=\"https:\/\/web.consaguirre.com.ar\/noticias\/demi-lovato-anuncia-que-su-gira-no-sera-tan-profunda\/\" \/>\n<meta property=\"og:site_name\" content=\"Conservatorio de M\u00fasica Juli\u00e1n Aguirre\" \/>\n<meta property=\"article:published_time\" content=\"2025-10-28T20:38:20+00:00\" \/>\n<meta property=\"article:modified_time\" content=\"2025-10-28T20:38:22+00:00\" \/>\n<meta property=\"og:image\" content=\"https:\/\/web.consaguirre.com.ar\/noticias\/wp-content\/uploads\/2025\/10\/Demi-Lovato-anuncia-que-su-gira-no-sera-tan-profunda.jpg\" \/>\n\t<meta property=\"og:image:width\" content=\"1280\" \/>\n\t<meta property=\"og:image:height\" content=\"1280\" \/>\n\t<meta property=\"og:image:type\" content=\"image\/jpeg\" \/>\n<meta name=\"author\" content=\"Javier Figueroa\" \/>\n<meta name=\"twitter:card\" content=\"summary_large_image\" \/>\n<meta name=\"twitter:label1\" content=\"Escrito por\" \/>\n\t<meta name=\"twitter:data1\" content=\"Javier Figueroa\" \/>\n\t<meta name=\"twitter:label2\" content=\"Tiempo de lectura\" \/>\n\t<meta name=\"twitter:data2\" content=\"2 minutos\" \/>\n<script type=\"application\/ld+json\" class=\"yoast-schema-graph\">{\"@context\":\"https:\/\/schema.org\",\"@graph\":[{\"@type\":\"Article\",\"@id\":\"https:\/\/web.consaguirre.com.ar\/noticias\/demi-lovato-anuncia-que-su-gira-no-sera-tan-profunda\/#article\",\"isPartOf\":{\"@id\":\"https:\/\/web.consaguirre.com.ar\/noticias\/demi-lovato-anuncia-que-su-gira-no-sera-tan-profunda\/\"},\"author\":{\"name\":\"Javier Figueroa\",\"@id\":\"https:\/\/web.consaguirre.com.ar\/noticias\/#\/schema\/person\/6558b0cfedee7ddc5425602b237d5722\"},\"headline\":\"Demi Lovato anuncia que su gira no ser\u00e1 tan profunda\",\"datePublished\":\"2025-10-28T20:38:20+00:00\",\"dateModified\":\"2025-10-28T20:38:22+00:00\",\"mainEntityOfPage\":{\"@id\":\"https:\/\/web.consaguirre.com.ar\/noticias\/demi-lovato-anuncia-que-su-gira-no-sera-tan-profunda\/\"},\"wordCount\":391,\"publisher\":{\"@id\":\"https:\/\/web.consaguirre.com.ar\/noticias\/#organization\"},\"image\":{\"@id\":\"https:\/\/web.consaguirre.com.ar\/noticias\/demi-lovato-anuncia-que-su-gira-no-sera-tan-profunda\/#primaryimage\"},\"thumbnailUrl\":\"https:\/\/web.consaguirre.com.ar\/noticias\/wp-content\/uploads\/2025\/10\/Demi-Lovato-anuncia-que-su-gira-no-sera-tan-profunda.jpg\",\"keywords\":[\"anuncia\",\"Demi\",\"gira\",\"Lovato\",\"profunda\",\"Sera\",\"tan\"],\"articleSection\":[\"El \u00faltimo\"],\"inLanguage\":\"es-AR\"},{\"@type\":\"WebPage\",\"@id\":\"https:\/\/web.consaguirre.com.ar\/noticias\/demi-lovato-anuncia-que-su-gira-no-sera-tan-profunda\/\",\"url\":\"https:\/\/web.consaguirre.com.ar\/noticias\/demi-lovato-anuncia-que-su-gira-no-sera-tan-profunda\/\",\"name\":\"Demi Lovato anuncia que su gira no ser\u00e1 tan profunda\",\"isPartOf\":{\"@id\":\"https:\/\/web.consaguirre.com.ar\/noticias\/#website\"},\"primaryImageOfPage\":{\"@id\":\"https:\/\/web.consaguirre.com.ar\/noticias\/demi-lovato-anuncia-que-su-gira-no-sera-tan-profunda\/#primaryimage\"},\"image\":{\"@id\":\"https:\/\/web.consaguirre.com.ar\/noticias\/demi-lovato-anuncia-que-su-gira-no-sera-tan-profunda\/#primaryimage\"},\"thumbnailUrl\":\"https:\/\/web.consaguirre.com.ar\/noticias\/wp-content\/uploads\/2025\/10\/Demi-Lovato-anuncia-que-su-gira-no-sera-tan-profunda.jpg\",\"datePublished\":\"2025-10-28T20:38:20+00:00\",\"dateModified\":\"2025-10-28T20:38:22+00:00\",\"breadcrumb\":{\"@id\":\"https:\/\/web.consaguirre.com.ar\/noticias\/demi-lovato-anuncia-que-su-gira-no-sera-tan-profunda\/#breadcrumb\"},\"inLanguage\":\"es-AR\",\"potentialAction\":[{\"@type\":\"ReadAction\",\"target\":[\"https:\/\/web.consaguirre.com.ar\/noticias\/demi-lovato-anuncia-que-su-gira-no-sera-tan-profunda\/\"]}]},{\"@type\":\"ImageObject\",\"inLanguage\":\"es-AR\",\"@id\":\"https:\/\/web.consaguirre.com.ar\/noticias\/demi-lovato-anuncia-que-su-gira-no-sera-tan-profunda\/#primaryimage\",\"url\":\"https:\/\/web.consaguirre.com.ar\/noticias\/wp-content\/uploads\/2025\/10\/Demi-Lovato-anuncia-que-su-gira-no-sera-tan-profunda.jpg\",\"contentUrl\":\"https:\/\/web.consaguirre.com.ar\/noticias\/wp-content\/uploads\/2025\/10\/Demi-Lovato-anuncia-que-su-gira-no-sera-tan-profunda.jpg\",\"width\":1280,\"height\":1280,\"caption\":\"Demi Lovato anuncia que su gira no ser\u00e1 tan profunda\"},{\"@type\":\"BreadcrumbList\",\"@id\":\"https:\/\/web.consaguirre.com.ar\/noticias\/demi-lovato-anuncia-que-su-gira-no-sera-tan-profunda\/#breadcrumb\",\"itemListElement\":[{\"@type\":\"ListItem\",\"position\":1,\"name\":\"Inicio\",\"item\":\"https:\/\/web.consaguirre.com.ar\/noticias\/\"},{\"@type\":\"ListItem\",\"position\":2,\"name\":\"Demi Lovato anuncia que su gira no ser\u00e1 tan profunda\"}]},{\"@type\":\"WebSite\",\"@id\":\"https:\/\/web.consaguirre.com.ar\/noticias\/#website\",\"url\":\"https:\/\/web.consaguirre.com.ar\/noticias\/\",\"name\":\"Conservatorio de M\u00fasica Juli\u00e1n Aguirre\",\"description\":\"\",\"publisher\":{\"@id\":\"https:\/\/web.consaguirre.com.ar\/noticias\/#organization\"},\"potentialAction\":[{\"@type\":\"SearchAction\",\"target\":{\"@type\":\"EntryPoint\",\"urlTemplate\":\"https:\/\/web.consaguirre.com.ar\/noticias\/?s={search_term_string}\"},\"query-input\":\"required name=search_term_string\"}],\"inLanguage\":\"es-AR\"},{\"@type\":\"Organization\",\"@id\":\"https:\/\/web.consaguirre.com.ar\/noticias\/#organization\",\"name\":\"Conservatorio de M\u00fasica Juli\u00e1n Aguirre\",\"url\":\"https:\/\/web.consaguirre.com.ar\/noticias\/\",\"logo\":{\"@type\":\"ImageObject\",\"inLanguage\":\"es-AR\",\"@id\":\"https:\/\/web.consaguirre.com.ar\/noticias\/#\/schema\/logo\/image\/\",\"url\":\"https:\/\/web.consaguirre.com.ar\/noticias\/wp-content\/uploads\/2024\/08\/Banner-Aguirre-23.jpg\",\"contentUrl\":\"https:\/\/web.consaguirre.com.ar\/noticias\/wp-content\/uploads\/2024\/08\/Banner-Aguirre-23.jpg\",\"width\":1192,\"height\":600,\"caption\":\"Conservatorio de M\u00fasica Juli\u00e1n Aguirre\"},\"image\":{\"@id\":\"https:\/\/web.consaguirre.com.ar\/noticias\/#\/schema\/logo\/image\/\"}},{\"@type\":\"Person\",\"@id\":\"https:\/\/web.consaguirre.com.ar\/noticias\/#\/schema\/person\/6558b0cfedee7ddc5425602b237d5722\",\"name\":\"Javier Figueroa\",\"image\":{\"@type\":\"ImageObject\",\"inLanguage\":\"es-AR\",\"@id\":\"https:\/\/web.consaguirre.com.ar\/noticias\/#\/schema\/person\/image\/\",\"url\":\"https:\/\/web.consaguirre.com.ar\/noticias\/wp-content\/uploads\/2024\/08\/Consaguirre-scaled.jpg\",\"contentUrl\":\"https:\/\/web.consaguirre.com.ar\/noticias\/wp-content\/uploads\/2024\/08\/Consaguirre-scaled.jpg\",\"caption\":\"Javier Figueroa\"},\"description\":\"Me llamo Javier Figueroa y soy redactor para el sitio oficial del Conservatorio de M\u00fasica Juli\u00e1n Aguirre en Buenos Aires, consaguirre.com. Apasionado por la m\u00fasica y la escritura, me esfuerzo por destacar los talentos y eventos de nuestra prestigiosa instituci\u00f3n. Mi trayectoria se nutre de una profunda admiraci\u00f3n por los artistas, haciendo de cada art\u00edculo una celebraci\u00f3n de la creatividad y la cultura musical.\",\"sameAs\":[\"https:\/\/web.consaguirre.com.ar\/noticias\"]}]}<\/script>\n<!-- \/ Yoast SEO plugin. -->","yoast_head_json":{"title":"Demi Lovato anuncia que su gira no ser\u00e1 tan profunda","robots":{"index":"index","follow":"follow","max-snippet":"max-snippet:-1","max-image-preview":"max-image-preview:large","max-video-preview":"max-video-preview:-1"},"canonical":"https:\/\/web.consaguirre.com.ar\/noticias\/demi-lovato-anuncia-que-su-gira-no-sera-tan-profunda\/","og_locale":"es_ES","og_type":"article","og_title":"Demi Lovato anuncia que su gira no ser\u00e1 tan profunda","og_description":"En lo que respecta a la nueva gira de Demi Lovato, no es tan profunda, pero llevar\u00e1 su m\u00fasica a todas partes. La estrella del","og_url":"https:\/\/web.consaguirre.com.ar\/noticias\/demi-lovato-anuncia-que-su-gira-no-sera-tan-profunda\/","og_site_name":"Conservatorio de M\u00fasica Juli\u00e1n Aguirre","article_published_time":"2025-10-28T20:38:20+00:00","article_modified_time":"2025-10-28T20:38:22+00:00","og_image":[{"width":1280,"height":1280,"url":"https:\/\/web.consaguirre.com.ar\/noticias\/wp-content\/uploads\/2025\/10\/Demi-Lovato-anuncia-que-su-gira-no-sera-tan-profunda.jpg","type":"image\/jpeg"}],"author":"Javier Figueroa","twitter_card":"summary_large_image","twitter_misc":{"Escrito por":"Javier Figueroa","Tiempo de lectura":"2 minutos"},"schema":{"@context":"https:\/\/schema.org","@graph":[{"@type":"Article","@id":"https:\/\/web.consaguirre.com.ar\/noticias\/demi-lovato-anuncia-que-su-gira-no-sera-tan-profunda\/#article","isPartOf":{"@id":"https:\/\/web.consaguirre.com.ar\/noticias\/demi-lovato-anuncia-que-su-gira-no-sera-tan-profunda\/"},"author":{"name":"Javier Figueroa","@id":"https:\/\/web.consaguirre.com.ar\/noticias\/#\/schema\/person\/6558b0cfedee7ddc5425602b237d5722"},"headline":"Demi Lovato anuncia que su gira no ser\u00e1 tan profunda","datePublished":"2025-10-28T20:38:20+00:00","dateModified":"2025-10-28T20:38:22+00:00","mainEntityOfPage":{"@id":"https:\/\/web.consaguirre.com.ar\/noticias\/demi-lovato-anuncia-que-su-gira-no-sera-tan-profunda\/"},"wordCount":391,"publisher":{"@id":"https:\/\/web.consaguirre.com.ar\/noticias\/#organization"},"image":{"@id":"https:\/\/web.consaguirre.com.ar\/noticias\/demi-lovato-anuncia-que-su-gira-no-sera-tan-profunda\/#primaryimage"},"thumbnailUrl":"https:\/\/web.consaguirre.com.ar\/noticias\/wp-content\/uploads\/2025\/10\/Demi-Lovato-anuncia-que-su-gira-no-sera-tan-profunda.jpg","keywords":["anuncia","Demi","gira","Lovato","profunda","Sera","tan"],"articleSection":["El \u00faltimo"],"inLanguage":"es-AR"},{"@type":"WebPage","@id":"https:\/\/web.consaguirre.com.ar\/noticias\/demi-lovato-anuncia-que-su-gira-no-sera-tan-profunda\/","url":"https:\/\/web.consaguirre.com.ar\/noticias\/demi-lovato-anuncia-que-su-gira-no-sera-tan-profunda\/","name":"Demi Lovato anuncia que su gira no ser\u00e1 tan profunda","isPartOf":{"@id":"https:\/\/web.consaguirre.com.ar\/noticias\/#website"},"primaryImageOfPage":{"@id":"https:\/\/web.consaguirre.com.ar\/noticias\/demi-lovato-anuncia-que-su-gira-no-sera-tan-profunda\/#primaryimage"},"image":{"@id":"https:\/\/web.consaguirre.com.ar\/noticias\/demi-lovato-anuncia-que-su-gira-no-sera-tan-profunda\/#primaryimage"},"thumbnailUrl":"https:\/\/web.consaguirre.com.ar\/noticias\/wp-content\/uploads\/2025\/10\/Demi-Lovato-anuncia-que-su-gira-no-sera-tan-profunda.jpg","datePublished":"2025-10-28T20:38:20+00:00","dateModified":"2025-10-28T20:38:22+00:00","breadcrumb":{"@id":"https:\/\/web.consaguirre.com.ar\/noticias\/demi-lovato-anuncia-que-su-gira-no-sera-tan-profunda\/#breadcrumb"},"inLanguage":"es-AR","potentialAction":[{"@type":"ReadAction","target":["https:\/\/web.consaguirre.com.ar\/noticias\/demi-lovato-anuncia-que-su-gira-no-sera-tan-profunda\/"]}]},{"@type":"ImageObject","inLanguage":"es-AR","@id":"https:\/\/web.consaguirre.com.ar\/noticias\/demi-lovato-anuncia-que-su-gira-no-sera-tan-profunda\/#primaryimage","url":"https:\/\/web.consaguirre.com.ar\/noticias\/wp-content\/uploads\/2025\/10\/Demi-Lovato-anuncia-que-su-gira-no-sera-tan-profunda.jpg","contentUrl":"https:\/\/web.consaguirre.com.ar\/noticias\/wp-content\/uploads\/2025\/10\/Demi-Lovato-anuncia-que-su-gira-no-sera-tan-profunda.jpg","width":1280,"height":1280,"caption":"Demi Lovato anuncia que su gira no ser\u00e1 tan profunda"},{"@type":"BreadcrumbList","@id":"https:\/\/web.consaguirre.com.ar\/noticias\/demi-lovato-anuncia-que-su-gira-no-sera-tan-profunda\/#breadcrumb","itemListElement":[{"@type":"ListItem","position":1,"name":"Inicio","item":"https:\/\/web.consaguirre.com.ar\/noticias\/"},{"@type":"ListItem","position":2,"name":"Demi Lovato anuncia que su gira no ser\u00e1 tan profunda"}]},{"@type":"WebSite","@id":"https:\/\/web.consaguirre.com.ar\/noticias\/#website","url":"https:\/\/web.consaguirre.com.ar\/noticias\/","name":"Conservatorio de M\u00fasica Juli\u00e1n Aguirre","description":"","publisher":{"@id":"https:\/\/web.consaguirre.com.ar\/noticias\/#organization"},"potentialAction":[{"@type":"SearchAction","target":{"@type":"EntryPoint","urlTemplate":"https:\/\/web.consaguirre.com.ar\/noticias\/?s={search_term_string}"},"query-input":"required name=search_term_string"}],"inLanguage":"es-AR"},{"@type":"Organization","@id":"https:\/\/web.consaguirre.com.ar\/noticias\/#organization","name":"Conservatorio de M\u00fasica Juli\u00e1n Aguirre","url":"https:\/\/web.consaguirre.com.ar\/noticias\/","logo":{"@type":"ImageObject","inLanguage":"es-AR","@id":"https:\/\/web.consaguirre.com.ar\/noticias\/#\/schema\/logo\/image\/","url":"https:\/\/web.consaguirre.com.ar\/noticias\/wp-content\/uploads\/2024\/08\/Banner-Aguirre-23.jpg","contentUrl":"https:\/\/web.consaguirre.com.ar\/noticias\/wp-content\/uploads\/2024\/08\/Banner-Aguirre-23.jpg","width":1192,"height":600,"caption":"Conservatorio de M\u00fasica Juli\u00e1n Aguirre"},"image":{"@id":"https:\/\/web.consaguirre.com.ar\/noticias\/#\/schema\/logo\/image\/"}},{"@type":"Person","@id":"https:\/\/web.consaguirre.com.ar\/noticias\/#\/schema\/person\/6558b0cfedee7ddc5425602b237d5722","name":"Javier Figueroa","image":{"@type":"ImageObject","inLanguage":"es-AR","@id":"https:\/\/web.consaguirre.com.ar\/noticias\/#\/schema\/person\/image\/","url":"https:\/\/web.consaguirre.com.ar\/noticias\/wp-content\/uploads\/2024\/08\/Consaguirre-scaled.jpg","contentUrl":"https:\/\/web.consaguirre.com.ar\/noticias\/wp-content\/uploads\/2024\/08\/Consaguirre-scaled.jpg","caption":"Javier Figueroa"},"description":"Me llamo Javier Figueroa y soy redactor para el sitio oficial del Conservatorio de M\u00fasica Juli\u00e1n Aguirre en Buenos Aires, consaguirre.com. Apasionado por la m\u00fasica y la escritura, me esfuerzo por destacar los talentos y eventos de nuestra prestigiosa instituci\u00f3n. Mi trayectoria se nutre de una profunda admiraci\u00f3n por los artistas, haciendo de cada art\u00edculo una celebraci\u00f3n de la creatividad y la cultura musical.","sameAs":["https:\/\/web.consaguirre.com.ar\/noticias"]}]}},"_links":{"self":[{"href":"https:\/\/web.consaguirre.com.ar\/noticias\/wp-json\/wp\/v2\/posts\/4191"}],"collection":[{"href":"https:\/\/web.consaguirre.com.ar\/noticias\/wp-json\/wp\/v2\/posts"}],"about":[{"href":"https:\/\/web.consaguirre.com.ar\/noticias\/wp-json\/wp\/v2\/types\/post"}],"author":[{"embeddable":true,"href":"https:\/\/web.consaguirre.com.ar\/noticias\/wp-json\/wp\/v2\/users\/1"}],"replies":[{"embeddable":true,"href":"https:\/\/web.consaguirre.com.ar\/noticias\/wp-json\/wp\/v2\/comments?post=4191"}],"version-history":[{"count":1,"href":"https:\/\/web.consaguirre.com.ar\/noticias\/wp-json\/wp\/v2\/posts\/4191\/revisions"}],"predecessor-version":[{"id":4193,"href":"https:\/\/web.consaguirre.com.ar\/noticias\/wp-json\/wp\/v2\/posts\/4191\/revisions\/4193"}],"wp:featuredmedia":[{"embeddable":true,"href":"https:\/\/web.consaguirre.com.ar\/noticias\/wp-json\/wp\/v2\/media\/4192"}],"wp:attachment":[{"href":"https:\/\/web.consaguirre.com.ar\/noticias\/wp-json\/wp\/v2\/media?parent=4191"}],"wp:term":[{"taxonomy":"category","embeddable":true,"href":"https:\/\/web.consaguirre.com.ar\/noticias\/wp-json\/wp\/v2\/categories?post=4191"},{"taxonomy":"post_tag","embeddable":true,"href":"https:\/\/web.consaguirre.com.ar\/noticias\/wp-json\/wp\/v2\/tags?post=4191"}],"curies":[{"name":"wp","href":"https:\/\/api.w.org\/{rel}","templated":true}]}}