{"id":4189,"date":"2025-10-28T14:38:15","date_gmt":"2025-10-28T17:38:15","guid":{"rendered":"https:\/\/web.consaguirre.com.ar\/noticias\/florence-the-machine-detallan-la-realizacion-del-video-everybody-scream\/"},"modified":"2025-10-28T14:38:15","modified_gmt":"2025-10-28T17:38:15","slug":"florence-the-machine-detallan-la-realizacion-del-video-everybody-scream","status":"publish","type":"post","link":"https:\/\/web.consaguirre.com.ar\/noticias\/florence-the-machine-detallan-la-realizacion-del-video-everybody-scream\/","title":{"rendered":"Florence + The Machine detallan la realizaci\u00f3n del v\u00eddeo &#8216;Everybody Scream&#8217;"},"content":{"rendered":"<p><em>todos gritan<\/em> ya casi est\u00e1 sobre nosotros. Con el nuevo \u00e1lbum de Florence + The Machine a solo unos d\u00edas de distancia, la banda les est\u00e1 dando a los fans una mirada interna al video de la canci\u00f3n principal.<\/p>\n<p>Dados sus temas de misticismo espiritual, brujer\u00eda y horror popular, la continuaci\u00f3n de 2022 <em>Fiebre del baile<\/em> apropiadamente saldr\u00e1 en Halloween. Como sencillo principal y v\u00eddeo musical debut, \u201cEverybody Scream\u201d marc\u00f3 la pauta para el proyecto.<\/p>\n<p>En un nuevo reportaje de Vevo Footnotes, el v\u00eddeo \u201cEverybody Scream\u201d est\u00e1 comentado con historias detr\u00e1s de escena de la cantautora Florence Welch y la directora Autumn de Wilde. Welch comienza detallando su equipo de colaboradores, conocidos como los Vengadores independientes: Mark Bowen de IDLES, Mitski y Aaron Dessner de National. Luego revela que eligi\u00f3 el t\u00edtulo porque buscaba una frase que rimara con Florence + The Machine.<\/p>\n<div class=\"uD-YT-container\"><img decoding=\"async\" src=\"https:\/\/web.consaguirre.com.ar\/noticias\/wp-content\/uploads\/2025\/10\/Florence-The-Machine-detallan-la-realizacion-del-video-Everybody.jpg\" alt=\"V\u00eddeo de YouTube\"><br \/>Haga clic para cargar v\u00eddeo<\/div>\n<p>\u201cMitski vino al estudio y dijo: &#8216;Creo que esta canci\u00f3n trata sobre tu intimidad con el escenario y por qu\u00e9 la gente siempre vuelve all\u00ed&#8217;\u201d, revel\u00f3 Welch. &#8220;Y la canci\u00f3n simplemente evolucion\u00f3 a partir de ah\u00ed&#8221;.<\/p>\n<p>En cuanto al video, contin\u00faa una asociaci\u00f3n entre Welch y de Wilde que se remonta al video \u201cBig God\u201d de 2018. \u201cCuando conoc\u00ed a Autumn fue un parentesco inmediato, un amor inmediato\u201d, dijo Welch. &#8220;Vemos la feminidad de la misma manera. Ambos vemos el f\u00edsico, el baile, el vestuario y la atenci\u00f3n al detalle&#8221;.<\/p>\n<p>Respondiendo a ese sentimiento, de Wilde dijo: &#8220;La m\u00fasica de Florence es como un big bang cinematogr\u00e1fico. No trato de capturarlo, simplemente consume completamente mi imaginaci\u00f3n y luego me impulsa a 100 rpm hacia su nuevo universo. Parece que creamos juntos casi como si estuvi\u00e9ramos haciendo una pel\u00edcula&#8221;.<\/p>\n<p>En este caso, esa pel\u00edcula involucra \u201cuna serie de personajes m\u00edticos a los que Florencia y su &#8216;coro de brujas&#8217; deben enfrentarse\u201d, ambientados en un paisaje rural g\u00f3tico. Se inspiraron en fuentes como <em>Sigue<\/em>, <em>El bebe de romero<\/em>, <em>suspiria<\/em>, <em>\u00c9rase una vez en Occidente<\/em>y <em>El hombre de mimbre<\/em>. Estos y otros datos se colocan junto a escenas notables de \u201cEverybody Scream\u201d a lo largo del clip de Vevo Footnotes.<\/p>\n<p><b>Compre ahora la m\u00fasica de Florence + The Machine en vinilo o CD.<\/b><\/p>\n","protected":false},"excerpt":{"rendered":"<p>todos gritan ya casi est\u00e1 sobre nosotros. Con el nuevo \u00e1lbum de Florence + The Machine a solo unos d\u00edas de distancia, la banda les<\/p>\n","protected":false},"author":1,"featured_media":4175,"comment_status":"closed","ping_status":"","sticky":false,"template":"","format":"standard","meta":{"footnotes":""},"categories":[50],"tags":[10,3430,1002,1003,3431,3040,202],"class_list":["post-4189","post","type-post","status-publish","format-standard","has-post-thumbnail","hentry","category-el-ultimo","tag-del","tag-detallan","tag-florence","tag-machine","tag-realizacion","tag-scream","tag-video","generate-columns","tablet-grid-50","mobile-grid-100","grid-parent","grid-50"],"yoast_head":"<!-- This site is optimized with the Yoast SEO plugin v23.3 - https:\/\/yoast.com\/wordpress\/plugins\/seo\/ -->\n<title>Florence + The Machine detallan la realizaci\u00f3n del v\u00eddeo &#039;Everybody Scream&#039;<\/title>\n<meta name=\"robots\" content=\"index, follow, max-snippet:-1, max-image-preview:large, max-video-preview:-1\" \/>\n<link rel=\"canonical\" href=\"https:\/\/web.consaguirre.com.ar\/noticias\/florence-the-machine-detallan-la-realizacion-del-video-everybody-scream\/\" \/>\n<meta property=\"og:locale\" content=\"es_ES\" \/>\n<meta property=\"og:type\" content=\"article\" \/>\n<meta property=\"og:title\" content=\"Florence + The Machine detallan la realizaci\u00f3n del v\u00eddeo &#039;Everybody Scream&#039;\" \/>\n<meta property=\"og:description\" content=\"todos gritan ya casi est\u00e1 sobre nosotros. Con el nuevo \u00e1lbum de Florence + The Machine a solo unos d\u00edas de distancia, la banda les\" \/>\n<meta property=\"og:url\" content=\"https:\/\/web.consaguirre.com.ar\/noticias\/florence-the-machine-detallan-la-realizacion-del-video-everybody-scream\/\" \/>\n<meta property=\"og:site_name\" content=\"Conservatorio de M\u00fasica Juli\u00e1n Aguirre\" \/>\n<meta property=\"article:published_time\" content=\"2025-10-28T17:38:15+00:00\" \/>\n<meta property=\"og:image\" content=\"https:\/\/web.consaguirre.com.ar\/noticias\/wp-content\/uploads\/2025\/10\/Florence-The-Machine-anuncian-gira-2026.jpg\" \/>\n\t<meta property=\"og:image:width\" content=\"820\" \/>\n\t<meta property=\"og:image:height\" content=\"820\" \/>\n\t<meta property=\"og:image:type\" content=\"image\/jpeg\" \/>\n<meta name=\"author\" content=\"Javier Figueroa\" \/>\n<meta name=\"twitter:card\" content=\"summary_large_image\" \/>\n<meta name=\"twitter:label1\" content=\"Escrito por\" \/>\n\t<meta name=\"twitter:data1\" content=\"Javier Figueroa\" \/>\n\t<meta name=\"twitter:label2\" content=\"Tiempo de lectura\" \/>\n\t<meta name=\"twitter:data2\" content=\"2 minutos\" \/>\n<script type=\"application\/ld+json\" class=\"yoast-schema-graph\">{\"@context\":\"https:\/\/schema.org\",\"@graph\":[{\"@type\":\"Article\",\"@id\":\"https:\/\/web.consaguirre.com.ar\/noticias\/florence-the-machine-detallan-la-realizacion-del-video-everybody-scream\/#article\",\"isPartOf\":{\"@id\":\"https:\/\/web.consaguirre.com.ar\/noticias\/florence-the-machine-detallan-la-realizacion-del-video-everybody-scream\/\"},\"author\":{\"name\":\"Javier Figueroa\",\"@id\":\"https:\/\/web.consaguirre.com.ar\/noticias\/#\/schema\/person\/6558b0cfedee7ddc5425602b237d5722\"},\"headline\":\"Florence + The Machine detallan la realizaci\u00f3n del v\u00eddeo &#8216;Everybody Scream&#8217;\",\"datePublished\":\"2025-10-28T17:38:15+00:00\",\"dateModified\":\"2025-10-28T17:38:15+00:00\",\"mainEntityOfPage\":{\"@id\":\"https:\/\/web.consaguirre.com.ar\/noticias\/florence-the-machine-detallan-la-realizacion-del-video-everybody-scream\/\"},\"wordCount\":398,\"publisher\":{\"@id\":\"https:\/\/web.consaguirre.com.ar\/noticias\/#organization\"},\"image\":{\"@id\":\"https:\/\/web.consaguirre.com.ar\/noticias\/florence-the-machine-detallan-la-realizacion-del-video-everybody-scream\/#primaryimage\"},\"thumbnailUrl\":\"https:\/\/web.consaguirre.com.ar\/noticias\/wp-content\/uploads\/2025\/10\/Florence-The-Machine-anuncian-gira-2026.jpg\",\"keywords\":[\"del\",\"detallan\",\"Florence\",\"Machine\",\"realizaci\u00f3n\",\"Scream\",\"v\u00eddeo\"],\"articleSection\":[\"El \u00faltimo\"],\"inLanguage\":\"es-AR\"},{\"@type\":\"WebPage\",\"@id\":\"https:\/\/web.consaguirre.com.ar\/noticias\/florence-the-machine-detallan-la-realizacion-del-video-everybody-scream\/\",\"url\":\"https:\/\/web.consaguirre.com.ar\/noticias\/florence-the-machine-detallan-la-realizacion-del-video-everybody-scream\/\",\"name\":\"Florence + The Machine detallan la realizaci\u00f3n del v\u00eddeo 'Everybody Scream'\",\"isPartOf\":{\"@id\":\"https:\/\/web.consaguirre.com.ar\/noticias\/#website\"},\"primaryImageOfPage\":{\"@id\":\"https:\/\/web.consaguirre.com.ar\/noticias\/florence-the-machine-detallan-la-realizacion-del-video-everybody-scream\/#primaryimage\"},\"image\":{\"@id\":\"https:\/\/web.consaguirre.com.ar\/noticias\/florence-the-machine-detallan-la-realizacion-del-video-everybody-scream\/#primaryimage\"},\"thumbnailUrl\":\"https:\/\/web.consaguirre.com.ar\/noticias\/wp-content\/uploads\/2025\/10\/Florence-The-Machine-anuncian-gira-2026.jpg\",\"datePublished\":\"2025-10-28T17:38:15+00:00\",\"dateModified\":\"2025-10-28T17:38:15+00:00\",\"breadcrumb\":{\"@id\":\"https:\/\/web.consaguirre.com.ar\/noticias\/florence-the-machine-detallan-la-realizacion-del-video-everybody-scream\/#breadcrumb\"},\"inLanguage\":\"es-AR\",\"potentialAction\":[{\"@type\":\"ReadAction\",\"target\":[\"https:\/\/web.consaguirre.com.ar\/noticias\/florence-the-machine-detallan-la-realizacion-del-video-everybody-scream\/\"]}]},{\"@type\":\"ImageObject\",\"inLanguage\":\"es-AR\",\"@id\":\"https:\/\/web.consaguirre.com.ar\/noticias\/florence-the-machine-detallan-la-realizacion-del-video-everybody-scream\/#primaryimage\",\"url\":\"https:\/\/web.consaguirre.com.ar\/noticias\/wp-content\/uploads\/2025\/10\/Florence-The-Machine-anuncian-gira-2026.jpg\",\"contentUrl\":\"https:\/\/web.consaguirre.com.ar\/noticias\/wp-content\/uploads\/2025\/10\/Florence-The-Machine-anuncian-gira-2026.jpg\",\"width\":820,\"height\":820,\"caption\":\"Florence + The Machine anuncian gira 2026\"},{\"@type\":\"BreadcrumbList\",\"@id\":\"https:\/\/web.consaguirre.com.ar\/noticias\/florence-the-machine-detallan-la-realizacion-del-video-everybody-scream\/#breadcrumb\",\"itemListElement\":[{\"@type\":\"ListItem\",\"position\":1,\"name\":\"Inicio\",\"item\":\"https:\/\/web.consaguirre.com.ar\/noticias\/\"},{\"@type\":\"ListItem\",\"position\":2,\"name\":\"Florence + The Machine detallan la realizaci\u00f3n del v\u00eddeo &#8216;Everybody Scream&#8217;\"}]},{\"@type\":\"WebSite\",\"@id\":\"https:\/\/web.consaguirre.com.ar\/noticias\/#website\",\"url\":\"https:\/\/web.consaguirre.com.ar\/noticias\/\",\"name\":\"Conservatorio de M\u00fasica Juli\u00e1n Aguirre\",\"description\":\"\",\"publisher\":{\"@id\":\"https:\/\/web.consaguirre.com.ar\/noticias\/#organization\"},\"potentialAction\":[{\"@type\":\"SearchAction\",\"target\":{\"@type\":\"EntryPoint\",\"urlTemplate\":\"https:\/\/web.consaguirre.com.ar\/noticias\/?s={search_term_string}\"},\"query-input\":\"required name=search_term_string\"}],\"inLanguage\":\"es-AR\"},{\"@type\":\"Organization\",\"@id\":\"https:\/\/web.consaguirre.com.ar\/noticias\/#organization\",\"name\":\"Conservatorio de M\u00fasica Juli\u00e1n Aguirre\",\"url\":\"https:\/\/web.consaguirre.com.ar\/noticias\/\",\"logo\":{\"@type\":\"ImageObject\",\"inLanguage\":\"es-AR\",\"@id\":\"https:\/\/web.consaguirre.com.ar\/noticias\/#\/schema\/logo\/image\/\",\"url\":\"https:\/\/web.consaguirre.com.ar\/noticias\/wp-content\/uploads\/2024\/08\/Banner-Aguirre-23.jpg\",\"contentUrl\":\"https:\/\/web.consaguirre.com.ar\/noticias\/wp-content\/uploads\/2024\/08\/Banner-Aguirre-23.jpg\",\"width\":1192,\"height\":600,\"caption\":\"Conservatorio de M\u00fasica Juli\u00e1n Aguirre\"},\"image\":{\"@id\":\"https:\/\/web.consaguirre.com.ar\/noticias\/#\/schema\/logo\/image\/\"}},{\"@type\":\"Person\",\"@id\":\"https:\/\/web.consaguirre.com.ar\/noticias\/#\/schema\/person\/6558b0cfedee7ddc5425602b237d5722\",\"name\":\"Javier Figueroa\",\"image\":{\"@type\":\"ImageObject\",\"inLanguage\":\"es-AR\",\"@id\":\"https:\/\/web.consaguirre.com.ar\/noticias\/#\/schema\/person\/image\/\",\"url\":\"https:\/\/web.consaguirre.com.ar\/noticias\/wp-content\/uploads\/2024\/08\/Consaguirre-scaled.jpg\",\"contentUrl\":\"https:\/\/web.consaguirre.com.ar\/noticias\/wp-content\/uploads\/2024\/08\/Consaguirre-scaled.jpg\",\"caption\":\"Javier Figueroa\"},\"description\":\"Me llamo Javier Figueroa y soy redactor para el sitio oficial del Conservatorio de M\u00fasica Juli\u00e1n Aguirre en Buenos Aires, consaguirre.com. Apasionado por la m\u00fasica y la escritura, me esfuerzo por destacar los talentos y eventos de nuestra prestigiosa instituci\u00f3n. Mi trayectoria se nutre de una profunda admiraci\u00f3n por los artistas, haciendo de cada art\u00edculo una celebraci\u00f3n de la creatividad y la cultura musical.\",\"sameAs\":[\"https:\/\/web.consaguirre.com.ar\/noticias\"]}]}<\/script>\n<!-- \/ Yoast SEO plugin. -->","yoast_head_json":{"title":"Florence + The Machine detallan la realizaci\u00f3n del v\u00eddeo 'Everybody Scream'","robots":{"index":"index","follow":"follow","max-snippet":"max-snippet:-1","max-image-preview":"max-image-preview:large","max-video-preview":"max-video-preview:-1"},"canonical":"https:\/\/web.consaguirre.com.ar\/noticias\/florence-the-machine-detallan-la-realizacion-del-video-everybody-scream\/","og_locale":"es_ES","og_type":"article","og_title":"Florence + The Machine detallan la realizaci\u00f3n del v\u00eddeo 'Everybody Scream'","og_description":"todos gritan ya casi est\u00e1 sobre nosotros. Con el nuevo \u00e1lbum de Florence + The Machine a solo unos d\u00edas de distancia, la banda les","og_url":"https:\/\/web.consaguirre.com.ar\/noticias\/florence-the-machine-detallan-la-realizacion-del-video-everybody-scream\/","og_site_name":"Conservatorio de M\u00fasica Juli\u00e1n Aguirre","article_published_time":"2025-10-28T17:38:15+00:00","og_image":[{"width":820,"height":820,"url":"https:\/\/web.consaguirre.com.ar\/noticias\/wp-content\/uploads\/2025\/10\/Florence-The-Machine-anuncian-gira-2026.jpg","type":"image\/jpeg"}],"author":"Javier Figueroa","twitter_card":"summary_large_image","twitter_misc":{"Escrito por":"Javier Figueroa","Tiempo de lectura":"2 minutos"},"schema":{"@context":"https:\/\/schema.org","@graph":[{"@type":"Article","@id":"https:\/\/web.consaguirre.com.ar\/noticias\/florence-the-machine-detallan-la-realizacion-del-video-everybody-scream\/#article","isPartOf":{"@id":"https:\/\/web.consaguirre.com.ar\/noticias\/florence-the-machine-detallan-la-realizacion-del-video-everybody-scream\/"},"author":{"name":"Javier Figueroa","@id":"https:\/\/web.consaguirre.com.ar\/noticias\/#\/schema\/person\/6558b0cfedee7ddc5425602b237d5722"},"headline":"Florence + The Machine detallan la realizaci\u00f3n del v\u00eddeo &#8216;Everybody Scream&#8217;","datePublished":"2025-10-28T17:38:15+00:00","dateModified":"2025-10-28T17:38:15+00:00","mainEntityOfPage":{"@id":"https:\/\/web.consaguirre.com.ar\/noticias\/florence-the-machine-detallan-la-realizacion-del-video-everybody-scream\/"},"wordCount":398,"publisher":{"@id":"https:\/\/web.consaguirre.com.ar\/noticias\/#organization"},"image":{"@id":"https:\/\/web.consaguirre.com.ar\/noticias\/florence-the-machine-detallan-la-realizacion-del-video-everybody-scream\/#primaryimage"},"thumbnailUrl":"https:\/\/web.consaguirre.com.ar\/noticias\/wp-content\/uploads\/2025\/10\/Florence-The-Machine-anuncian-gira-2026.jpg","keywords":["del","detallan","Florence","Machine","realizaci\u00f3n","Scream","v\u00eddeo"],"articleSection":["El \u00faltimo"],"inLanguage":"es-AR"},{"@type":"WebPage","@id":"https:\/\/web.consaguirre.com.ar\/noticias\/florence-the-machine-detallan-la-realizacion-del-video-everybody-scream\/","url":"https:\/\/web.consaguirre.com.ar\/noticias\/florence-the-machine-detallan-la-realizacion-del-video-everybody-scream\/","name":"Florence + The Machine detallan la realizaci\u00f3n del v\u00eddeo 'Everybody Scream'","isPartOf":{"@id":"https:\/\/web.consaguirre.com.ar\/noticias\/#website"},"primaryImageOfPage":{"@id":"https:\/\/web.consaguirre.com.ar\/noticias\/florence-the-machine-detallan-la-realizacion-del-video-everybody-scream\/#primaryimage"},"image":{"@id":"https:\/\/web.consaguirre.com.ar\/noticias\/florence-the-machine-detallan-la-realizacion-del-video-everybody-scream\/#primaryimage"},"thumbnailUrl":"https:\/\/web.consaguirre.com.ar\/noticias\/wp-content\/uploads\/2025\/10\/Florence-The-Machine-anuncian-gira-2026.jpg","datePublished":"2025-10-28T17:38:15+00:00","dateModified":"2025-10-28T17:38:15+00:00","breadcrumb":{"@id":"https:\/\/web.consaguirre.com.ar\/noticias\/florence-the-machine-detallan-la-realizacion-del-video-everybody-scream\/#breadcrumb"},"inLanguage":"es-AR","potentialAction":[{"@type":"ReadAction","target":["https:\/\/web.consaguirre.com.ar\/noticias\/florence-the-machine-detallan-la-realizacion-del-video-everybody-scream\/"]}]},{"@type":"ImageObject","inLanguage":"es-AR","@id":"https:\/\/web.consaguirre.com.ar\/noticias\/florence-the-machine-detallan-la-realizacion-del-video-everybody-scream\/#primaryimage","url":"https:\/\/web.consaguirre.com.ar\/noticias\/wp-content\/uploads\/2025\/10\/Florence-The-Machine-anuncian-gira-2026.jpg","contentUrl":"https:\/\/web.consaguirre.com.ar\/noticias\/wp-content\/uploads\/2025\/10\/Florence-The-Machine-anuncian-gira-2026.jpg","width":820,"height":820,"caption":"Florence + The Machine anuncian gira 2026"},{"@type":"BreadcrumbList","@id":"https:\/\/web.consaguirre.com.ar\/noticias\/florence-the-machine-detallan-la-realizacion-del-video-everybody-scream\/#breadcrumb","itemListElement":[{"@type":"ListItem","position":1,"name":"Inicio","item":"https:\/\/web.consaguirre.com.ar\/noticias\/"},{"@type":"ListItem","position":2,"name":"Florence + The Machine detallan la realizaci\u00f3n del v\u00eddeo &#8216;Everybody Scream&#8217;"}]},{"@type":"WebSite","@id":"https:\/\/web.consaguirre.com.ar\/noticias\/#website","url":"https:\/\/web.consaguirre.com.ar\/noticias\/","name":"Conservatorio de M\u00fasica Juli\u00e1n Aguirre","description":"","publisher":{"@id":"https:\/\/web.consaguirre.com.ar\/noticias\/#organization"},"potentialAction":[{"@type":"SearchAction","target":{"@type":"EntryPoint","urlTemplate":"https:\/\/web.consaguirre.com.ar\/noticias\/?s={search_term_string}"},"query-input":"required name=search_term_string"}],"inLanguage":"es-AR"},{"@type":"Organization","@id":"https:\/\/web.consaguirre.com.ar\/noticias\/#organization","name":"Conservatorio de M\u00fasica Juli\u00e1n Aguirre","url":"https:\/\/web.consaguirre.com.ar\/noticias\/","logo":{"@type":"ImageObject","inLanguage":"es-AR","@id":"https:\/\/web.consaguirre.com.ar\/noticias\/#\/schema\/logo\/image\/","url":"https:\/\/web.consaguirre.com.ar\/noticias\/wp-content\/uploads\/2024\/08\/Banner-Aguirre-23.jpg","contentUrl":"https:\/\/web.consaguirre.com.ar\/noticias\/wp-content\/uploads\/2024\/08\/Banner-Aguirre-23.jpg","width":1192,"height":600,"caption":"Conservatorio de M\u00fasica Juli\u00e1n Aguirre"},"image":{"@id":"https:\/\/web.consaguirre.com.ar\/noticias\/#\/schema\/logo\/image\/"}},{"@type":"Person","@id":"https:\/\/web.consaguirre.com.ar\/noticias\/#\/schema\/person\/6558b0cfedee7ddc5425602b237d5722","name":"Javier Figueroa","image":{"@type":"ImageObject","inLanguage":"es-AR","@id":"https:\/\/web.consaguirre.com.ar\/noticias\/#\/schema\/person\/image\/","url":"https:\/\/web.consaguirre.com.ar\/noticias\/wp-content\/uploads\/2024\/08\/Consaguirre-scaled.jpg","contentUrl":"https:\/\/web.consaguirre.com.ar\/noticias\/wp-content\/uploads\/2024\/08\/Consaguirre-scaled.jpg","caption":"Javier Figueroa"},"description":"Me llamo Javier Figueroa y soy redactor para el sitio oficial del Conservatorio de M\u00fasica Juli\u00e1n Aguirre en Buenos Aires, consaguirre.com. Apasionado por la m\u00fasica y la escritura, me esfuerzo por destacar los talentos y eventos de nuestra prestigiosa instituci\u00f3n. Mi trayectoria se nutre de una profunda admiraci\u00f3n por los artistas, haciendo de cada art\u00edculo una celebraci\u00f3n de la creatividad y la cultura musical.","sameAs":["https:\/\/web.consaguirre.com.ar\/noticias"]}]}},"_links":{"self":[{"href":"https:\/\/web.consaguirre.com.ar\/noticias\/wp-json\/wp\/v2\/posts\/4189"}],"collection":[{"href":"https:\/\/web.consaguirre.com.ar\/noticias\/wp-json\/wp\/v2\/posts"}],"about":[{"href":"https:\/\/web.consaguirre.com.ar\/noticias\/wp-json\/wp\/v2\/types\/post"}],"author":[{"embeddable":true,"href":"https:\/\/web.consaguirre.com.ar\/noticias\/wp-json\/wp\/v2\/users\/1"}],"replies":[{"embeddable":true,"href":"https:\/\/web.consaguirre.com.ar\/noticias\/wp-json\/wp\/v2\/comments?post=4189"}],"version-history":[{"count":1,"href":"https:\/\/web.consaguirre.com.ar\/noticias\/wp-json\/wp\/v2\/posts\/4189\/revisions"}],"predecessor-version":[{"id":4190,"href":"https:\/\/web.consaguirre.com.ar\/noticias\/wp-json\/wp\/v2\/posts\/4189\/revisions\/4190"}],"wp:featuredmedia":[{"embeddable":true,"href":"https:\/\/web.consaguirre.com.ar\/noticias\/wp-json\/wp\/v2\/media\/4175"}],"wp:attachment":[{"href":"https:\/\/web.consaguirre.com.ar\/noticias\/wp-json\/wp\/v2\/media?parent=4189"}],"wp:term":[{"taxonomy":"category","embeddable":true,"href":"https:\/\/web.consaguirre.com.ar\/noticias\/wp-json\/wp\/v2\/categories?post=4189"},{"taxonomy":"post_tag","embeddable":true,"href":"https:\/\/web.consaguirre.com.ar\/noticias\/wp-json\/wp\/v2\/tags?post=4189"}],"curies":[{"name":"wp","href":"https:\/\/api.w.org\/{rel}","templated":true}]}}