{"id":4186,"date":"2025-10-28T13:38:24","date_gmt":"2025-10-28T16:38:24","guid":{"rendered":"https:\/\/web.consaguirre.com.ar\/noticias\/resena-del-cd-jakob-dreyer-raices-y-cosas\/"},"modified":"2025-10-28T13:38:25","modified_gmt":"2025-10-28T16:38:25","slug":"resena-del-cd-jakob-dreyer-raices-y-cosas","status":"publish","type":"post","link":"https:\/\/web.consaguirre.com.ar\/noticias\/resena-del-cd-jakob-dreyer-raices-y-cosas\/","title":{"rendered":"Rese\u00f1a del CD: Jakob Dreyer. Ra\u00edces y cosas"},"content":{"rendered":"<div class=\"entry\" itemprop=\"text\">\n<p><em><strong>\u201cRoots and Things\u201d de Jakob Dreyer representa un avance mesurado en su progresi\u00f3n como bajista y l\u00edder de banda, presentando un conjunto coherente e inmersivo de composiciones originales que subrayan su voz compositiva y su liderazgo en conjunto. El \u00e1lbum, lanzado por Fresh Sound Records, captura al cuarteto con una calidad de sonido pr\u00edstina que exhibe claridad y equilibrio, donde la textura de cada instrumento se manifiesta sin dominio ni exceso.<\/strong><\/em><\/p>\n<p>La formaci\u00f3n incluye a Dreyer al bajo, Tivon Pennicott a las tareas del saxof\u00f3n tenor, Sasha Berliner al vibr\u00e1fono y Kenn Salters a la bater\u00eda. Esta formaci\u00f3n logra un equilibrio que respalda el enfoque de Dreyer en el ritmo y el desarrollo mel\u00f3dico, con una interacci\u00f3n aguda y atenta. El vibr\u00e1fono de Berliner es fundamental para el tejido arm\u00f3nico, manejado con moderaci\u00f3n y colocaci\u00f3n cuidadosa; su interpretaci\u00f3n a\u00f1ade resonancia y color a las texturas sin abrumar el sonido del conjunto, un aspecto que a menudo desaf\u00eda el uso del vibr\u00e1fono como \u00fanico instrumento arm\u00f3nico pero que aqu\u00ed tiene \u00e9xito.<\/p>\n<p>Desde una perspectiva estructural y tem\u00e1tica, el \u00e1lbum encuentra ritmo y narrativa a trav\u00e9s de las composiciones de Dreyer. Se abre con el minimalista *The Fifth Floor*, caracterizado por el hipn\u00f3tico ostinato de Berliner y la percusi\u00f3n precisa y percusiva de Salters, estableciendo un tono contemplativo pero conmovedor. *Constellation* sigue como un swinger m\u00e1s libre y din\u00e1mico, con el saxof\u00f3n tenor de Pennicott expresando audazmente el tema antes de lanzarse a una secci\u00f3n din\u00e1mica de solos acentuada por las s\u00f3lidas l\u00edneas de bajo de Dreyer y los ritmos propulsores de Salters. Berliner contribuye con un solo inspirador que fortalece a\u00fan m\u00e1s la energ\u00eda de la melod\u00eda.<\/p>\n<p>El tema *Follower* muestra exploraciones intensificadas del saxof\u00f3n y el vibr\u00e1fono, sobre los ritmos insistentes de Salters, generando una sensaci\u00f3n de impulso y exploraci\u00f3n. *June Tune* ralentiza el ritmo, abriendo con riqueza arm\u00f3nica y brindando espacio para solos l\u00edricos de Berliner, Pennicott y Dreyer, lo que ilustra la capacidad del grupo para pasar sin problemas de estados de \u00e1nimo en\u00e9rgicos a introspectivos.<\/p>\n<p>Aparecen interludios a lo largo del \u00e1lbum que funcionan como reinicios conceptuales. *Land of 1,000 Blues*, una versi\u00f3n breve y vibrante del cl\u00e1sico de rock de 1962 de Chris Kenner, &#8220;Land of 1,000 Dances&#8221;, inyecta un momento de familiaridad l\u00fadica. Estos son efectivos tanto para el ritmo como para el control del estado de \u00e1nimo en las 15 composiciones.<\/p>\n<div id=\"attachment_63392\" style=\"width: 1034px\" class=\"wp-caption aligncenter\"><img loading=\"lazy\" decoding=\"async\" class=\"size-large wp-image-63392\" src=\"https:\/\/web.consaguirre.com.ar\/noticias\/wp-content\/uploads\/2025\/10\/1761669504_156_Resena-del-CD-Jakob-Dreyer-Raices-y-cosas.jpg\" alt=\"\" width=\"1024\" height=\"576\"  ><\/div>\n<p>Uno de los aspectos m\u00e1s destacados del \u00e1lbum es la interpretaci\u00f3n moderna de Dreyer de la canci\u00f3n de 1929 de Rodgers &#038; Hart &#8220;With a Song in My Heart&#8221;, tomada en 5\/4. Esta pista ofrece un amplio espacio para la interacci\u00f3n colectiva y la improvisaci\u00f3n, con declaraciones solistas que tejen l\u00edneas complejas sobre un fondo de secci\u00f3n r\u00edtmica cambiante.<\/p>\n<p>Baladas como *Downtime* revelan la din\u00e1mica m\u00e1s sutil de la banda, con pinceladas en la bater\u00eda, composiciones receptivas del vibr\u00e1fono de Berliner y l\u00edneas l\u00edricas del tenor y el bajo. El ritmo din\u00e1mico *Fight or Flight* demuestra a\u00fan m\u00e1s la habilidad de los int\u00e9rpretes para entrelazar ritmos intrincados e ideas arm\u00f3nicas, extrayendo influencia t\u00e1cita de las obras de Wayne Shorter sin imitaci\u00f3n directa, presentando interesantes intercambios entre saxof\u00f3n, vibr\u00e1fono y bater\u00eda.<\/p>\n<p>Los temas finales, como *Choral Diner*, exploran capas y texturas sonoras, utilizando sobregrabaciones de arco bajo de Dreyer para crear una sensaci\u00f3n de m\u00fasica de c\u00e1mara que contrasta con las composiciones m\u00e1s r\u00edtmicas de principios del \u00e1lbum.<\/p>\n<p>A lo largo de *Roots and Things*, la comunicaci\u00f3n del conjunto se caracteriza por la claridad y la sensibilidad, apoyando el marco compositivo de Dreyer y al mismo tiempo permitiendo la expresi\u00f3n individual dentro de la coherencia colectiva. La bater\u00eda de Salters combina un impulso preciso y una interacci\u00f3n matizada, completando una secci\u00f3n r\u00edtmica que sustenta el movimiento arm\u00f3nico y mel\u00f3dico sin intrusiones.<\/p>\n<p><img loading=\"lazy\" decoding=\"async\" class=\"alignright wp-image-63393\" src=\"https:\/\/web.consaguirre.com.ar\/noticias\/wp-content\/uploads\/2025\/10\/1761669504_67_Resena-del-CD-Jakob-Dreyer-Raices-y-cosas.jpg\" alt=\"\" width=\"360\" height=\"481\"  >Estil\u00edsticamente, el \u00e1lbum ocupa un espacio entre la tradici\u00f3n del jazz y los modismos contempor\u00e1neos. Las piezas reflejan influencias que van desde el sonido Blue Note de principios de la d\u00e9cada de 1960, particularmente a trav\u00e9s de gestos compositivos relacionados con Wayne Shorter y Herbie Hancock, hasta el contrapunto cl\u00e1sico y conceptos arm\u00f3nicos modernos. Esta s\u00edntesis ofrece una experiencia que respeta la historia del jazz sin recurrir al pastiche.<\/p>\n<p>El uso que hace el \u00e1lbum de interludios sucintos marca la experiencia auditiva, proporcionando espacios para respirar que invitan a la reflexi\u00f3n y preparan al oyente para la evoluci\u00f3n de los estados de \u00e1nimo a lo largo de las pistas, evitando una sensaci\u00f3n de fatiga narrativa.<\/p>\n<p>Puede que *Roots and Things* de Jakob Dreyer no redefina radicalmente los l\u00edmites del g\u00e9nero, pero logra una colecci\u00f3n articulada y bien ejecutada que exige una escucha atenta y revela profundidad en obras repetidas. Su calidad sonora, arreglos bien pensados \u200b\u200by actuaciones invitan a la participaci\u00f3n de aquellos interesados \u200b\u200ben la interacci\u00f3n de conjuntos modernos y el arte compositivo del jazz.<\/p>\n<p>En mi opini\u00f3n, este \u00e1lbum ejemplifica un equilibrio deliberado entre el virtuosismo individual y la cohesi\u00f3n del conjunto, destacando la relevancia de la sutileza y la interacci\u00f3n sobre el espect\u00e1culo abierto. La integraci\u00f3n del vibr\u00e1fono de Berliner como ancla arm\u00f3nica, a menudo considerada un desaf\u00edo en tales contextos, tiene \u00e9xito aqu\u00ed gracias a su ejecuci\u00f3n de buen gusto y al control din\u00e1mico receptivo del grupo.<\/p>\n<p>En resumen, *Roots and Things* es un importante paso adelante en la carrera de Dreyer, demostrando su creciente confianza como l\u00edder y compositor y una visi\u00f3n claramente articulada del sonido de su grupo. Es una grabaci\u00f3n que premia la escucha atenta y sit\u00faa a Dreyer como un artista que da forma al jazz contempor\u00e1neo con inteligencia y moderaci\u00f3n.<\/p>\n<p><strong>P\u00f3ngase en fila:<\/strong><\/p>\n<p>Jakob Dreyer \u2013 Bajo | Tivon Pennicott \u2013 Saxof\u00f3n tenor | Sasha Berliner \u2013 Vibr\u00e1fono | Kenn Salters &#8211; Bater\u00eda<\/p>\n<p><strong>Listado de pistas:<\/strong><\/p>\n<p>El quinto piso (2:11) | Constelaci\u00f3n (5:57) | Seguidor (4:36) | Melod\u00eda de junio (5:50) | Tierra de los 1000 azules (0:24) | Con una canci\u00f3n en mi coraz\u00f3n (5:20) | Bodega (0:32) | Tiempo de inactividad (6:22) | Luchar o huir (5:46) | MTA (0:42) | Espera (5:14) | Habitaci\u00f3n 1102 (1:57) | Ra\u00edces y cosas (5:21) | Invisibles (0:21) | Gran Manzana (5:06) | Cena Coral (0:40)<\/p>\n<p><strong>Detalles de lanzamiento:<\/strong><\/p>\n<p>Fecha de lanzamiento: 14 de noviembre de 2025<br \/>\nFormato: Digital | CD<br \/>\nSello: Fresh Sound Records<\/p>\n<p><img loading=\"lazy\" decoding=\"async\" class=\"aligncenter wp-image-36519 size-full\" src=\"https:\/\/web.consaguirre.com.ar\/noticias\/wp-content\/uploads\/2024\/08\/Resena-de-CD-Stephen-Henderson-Tales-of-the-Skald.png\" alt=\"\" width=\"527\" height=\"77\"  ><\/p>\n<p><img loading=\"lazy\" decoding=\"async\" class=\"aligncenter wp-image-63084 size-full\" src=\"https:\/\/web.consaguirre.com.ar\/noticias\/wp-content\/uploads\/2025\/10\/1759844368_824_Revision-del-CD-Theo-Girard-La-Riviere-Coulera-sin-esfuerzo.jpg\" rel=\"prettyPhoto\" alt=\"\" width=\"728\" height=\"90\"  ><\/p>\n<div class=\"post-pagination\"><\/div>\n<div class=\"clearfix\"><\/div>\n<\/p><\/div>\n","protected":false},"excerpt":{"rendered":"<p>\u201cRoots and Things\u201d de Jakob Dreyer representa un avance mesurado en su progresi\u00f3n como bajista y l\u00edder de banda, presentando un conjunto coherente e inmersivo<\/p>\n","protected":false},"author":1,"featured_media":4187,"comment_status":"closed","ping_status":"","sticky":false,"template":"","format":"standard","meta":{"footnotes":""},"categories":[4],"tags":[2052,10,3428,3427,3429,6],"class_list":["post-4186","post","type-post","status-publish","format-standard","has-post-thumbnail","hentry","category-critica","tag-cosas","tag-del","tag-dreyer","tag-jakob","tag-raices","tag-resena","generate-columns","tablet-grid-50","mobile-grid-100","grid-parent","grid-50"],"yoast_head":"<!-- This site is optimized with the Yoast SEO plugin v23.3 - https:\/\/yoast.com\/wordpress\/plugins\/seo\/ -->\n<title>Rese\u00f1a del CD: Jakob Dreyer. Ra\u00edces y cosas<\/title>\n<meta name=\"robots\" content=\"index, follow, max-snippet:-1, max-image-preview:large, max-video-preview:-1\" \/>\n<link rel=\"canonical\" href=\"https:\/\/web.consaguirre.com.ar\/noticias\/resena-del-cd-jakob-dreyer-raices-y-cosas\/\" \/>\n<meta property=\"og:locale\" content=\"es_ES\" \/>\n<meta property=\"og:type\" content=\"article\" \/>\n<meta property=\"og:title\" content=\"Rese\u00f1a del CD: Jakob Dreyer. Ra\u00edces y cosas\" \/>\n<meta property=\"og:description\" content=\"\u201cRoots and Things\u201d de Jakob Dreyer representa un avance mesurado en su progresi\u00f3n como bajista y l\u00edder de banda, presentando un conjunto coherente e inmersivo\" \/>\n<meta property=\"og:url\" content=\"https:\/\/web.consaguirre.com.ar\/noticias\/resena-del-cd-jakob-dreyer-raices-y-cosas\/\" \/>\n<meta property=\"og:site_name\" content=\"Conservatorio de M\u00fasica Juli\u00e1n Aguirre\" \/>\n<meta property=\"article:published_time\" content=\"2025-10-28T16:38:24+00:00\" \/>\n<meta property=\"article:modified_time\" content=\"2025-10-28T16:38:25+00:00\" \/>\n<meta property=\"og:image\" content=\"https:\/\/web.consaguirre.com.ar\/noticias\/wp-content\/uploads\/2025\/10\/Resena-del-CD-Jakob-Dreyer-Raices-y-cosas.jpg\" \/>\n\t<meta property=\"og:image:width\" content=\"300\" \/>\n\t<meta property=\"og:image:height\" content=\"268\" \/>\n\t<meta property=\"og:image:type\" content=\"image\/jpeg\" \/>\n<meta name=\"author\" content=\"Javier Figueroa\" \/>\n<meta name=\"twitter:card\" content=\"summary_large_image\" \/>\n<meta name=\"twitter:label1\" content=\"Escrito por\" \/>\n\t<meta name=\"twitter:data1\" content=\"Javier Figueroa\" \/>\n\t<meta name=\"twitter:label2\" content=\"Tiempo de lectura\" \/>\n\t<meta name=\"twitter:data2\" content=\"6 minutos\" \/>\n<script type=\"application\/ld+json\" class=\"yoast-schema-graph\">{\"@context\":\"https:\/\/schema.org\",\"@graph\":[{\"@type\":\"Article\",\"@id\":\"https:\/\/web.consaguirre.com.ar\/noticias\/resena-del-cd-jakob-dreyer-raices-y-cosas\/#article\",\"isPartOf\":{\"@id\":\"https:\/\/web.consaguirre.com.ar\/noticias\/resena-del-cd-jakob-dreyer-raices-y-cosas\/\"},\"author\":{\"name\":\"Javier Figueroa\",\"@id\":\"https:\/\/web.consaguirre.com.ar\/noticias\/#\/schema\/person\/6558b0cfedee7ddc5425602b237d5722\"},\"headline\":\"Rese\u00f1a del CD: Jakob Dreyer. Ra\u00edces y cosas\",\"datePublished\":\"2025-10-28T16:38:24+00:00\",\"dateModified\":\"2025-10-28T16:38:25+00:00\",\"mainEntityOfPage\":{\"@id\":\"https:\/\/web.consaguirre.com.ar\/noticias\/resena-del-cd-jakob-dreyer-raices-y-cosas\/\"},\"wordCount\":1123,\"publisher\":{\"@id\":\"https:\/\/web.consaguirre.com.ar\/noticias\/#organization\"},\"image\":{\"@id\":\"https:\/\/web.consaguirre.com.ar\/noticias\/resena-del-cd-jakob-dreyer-raices-y-cosas\/#primaryimage\"},\"thumbnailUrl\":\"https:\/\/web.consaguirre.com.ar\/noticias\/wp-content\/uploads\/2025\/10\/Resena-del-CD-Jakob-Dreyer-Raices-y-cosas.jpg\",\"keywords\":[\"cosas\",\"del\",\"Dreyer\",\"Jakob\",\"Ra\u00edces\",\"Rese\u00f1a\"],\"articleSection\":[\"Cr\u00edtica\"],\"inLanguage\":\"es-AR\"},{\"@type\":\"WebPage\",\"@id\":\"https:\/\/web.consaguirre.com.ar\/noticias\/resena-del-cd-jakob-dreyer-raices-y-cosas\/\",\"url\":\"https:\/\/web.consaguirre.com.ar\/noticias\/resena-del-cd-jakob-dreyer-raices-y-cosas\/\",\"name\":\"Rese\u00f1a del CD: Jakob Dreyer. Ra\u00edces y cosas\",\"isPartOf\":{\"@id\":\"https:\/\/web.consaguirre.com.ar\/noticias\/#website\"},\"primaryImageOfPage\":{\"@id\":\"https:\/\/web.consaguirre.com.ar\/noticias\/resena-del-cd-jakob-dreyer-raices-y-cosas\/#primaryimage\"},\"image\":{\"@id\":\"https:\/\/web.consaguirre.com.ar\/noticias\/resena-del-cd-jakob-dreyer-raices-y-cosas\/#primaryimage\"},\"thumbnailUrl\":\"https:\/\/web.consaguirre.com.ar\/noticias\/wp-content\/uploads\/2025\/10\/Resena-del-CD-Jakob-Dreyer-Raices-y-cosas.jpg\",\"datePublished\":\"2025-10-28T16:38:24+00:00\",\"dateModified\":\"2025-10-28T16:38:25+00:00\",\"breadcrumb\":{\"@id\":\"https:\/\/web.consaguirre.com.ar\/noticias\/resena-del-cd-jakob-dreyer-raices-y-cosas\/#breadcrumb\"},\"inLanguage\":\"es-AR\",\"potentialAction\":[{\"@type\":\"ReadAction\",\"target\":[\"https:\/\/web.consaguirre.com.ar\/noticias\/resena-del-cd-jakob-dreyer-raices-y-cosas\/\"]}]},{\"@type\":\"ImageObject\",\"inLanguage\":\"es-AR\",\"@id\":\"https:\/\/web.consaguirre.com.ar\/noticias\/resena-del-cd-jakob-dreyer-raices-y-cosas\/#primaryimage\",\"url\":\"https:\/\/web.consaguirre.com.ar\/noticias\/wp-content\/uploads\/2025\/10\/Resena-del-CD-Jakob-Dreyer-Raices-y-cosas.jpg\",\"contentUrl\":\"https:\/\/web.consaguirre.com.ar\/noticias\/wp-content\/uploads\/2025\/10\/Resena-del-CD-Jakob-Dreyer-Raices-y-cosas.jpg\",\"width\":300,\"height\":268,\"caption\":\"Rese\u00f1a del CD: Jakob Dreyer. Ra\u00edces y cosas\"},{\"@type\":\"BreadcrumbList\",\"@id\":\"https:\/\/web.consaguirre.com.ar\/noticias\/resena-del-cd-jakob-dreyer-raices-y-cosas\/#breadcrumb\",\"itemListElement\":[{\"@type\":\"ListItem\",\"position\":1,\"name\":\"Inicio\",\"item\":\"https:\/\/web.consaguirre.com.ar\/noticias\/\"},{\"@type\":\"ListItem\",\"position\":2,\"name\":\"Rese\u00f1a del CD: Jakob Dreyer. Ra\u00edces y cosas\"}]},{\"@type\":\"WebSite\",\"@id\":\"https:\/\/web.consaguirre.com.ar\/noticias\/#website\",\"url\":\"https:\/\/web.consaguirre.com.ar\/noticias\/\",\"name\":\"Conservatorio de M\u00fasica Juli\u00e1n Aguirre\",\"description\":\"\",\"publisher\":{\"@id\":\"https:\/\/web.consaguirre.com.ar\/noticias\/#organization\"},\"potentialAction\":[{\"@type\":\"SearchAction\",\"target\":{\"@type\":\"EntryPoint\",\"urlTemplate\":\"https:\/\/web.consaguirre.com.ar\/noticias\/?s={search_term_string}\"},\"query-input\":\"required name=search_term_string\"}],\"inLanguage\":\"es-AR\"},{\"@type\":\"Organization\",\"@id\":\"https:\/\/web.consaguirre.com.ar\/noticias\/#organization\",\"name\":\"Conservatorio de M\u00fasica Juli\u00e1n Aguirre\",\"url\":\"https:\/\/web.consaguirre.com.ar\/noticias\/\",\"logo\":{\"@type\":\"ImageObject\",\"inLanguage\":\"es-AR\",\"@id\":\"https:\/\/web.consaguirre.com.ar\/noticias\/#\/schema\/logo\/image\/\",\"url\":\"https:\/\/web.consaguirre.com.ar\/noticias\/wp-content\/uploads\/2024\/08\/Banner-Aguirre-23.jpg\",\"contentUrl\":\"https:\/\/web.consaguirre.com.ar\/noticias\/wp-content\/uploads\/2024\/08\/Banner-Aguirre-23.jpg\",\"width\":1192,\"height\":600,\"caption\":\"Conservatorio de M\u00fasica Juli\u00e1n Aguirre\"},\"image\":{\"@id\":\"https:\/\/web.consaguirre.com.ar\/noticias\/#\/schema\/logo\/image\/\"}},{\"@type\":\"Person\",\"@id\":\"https:\/\/web.consaguirre.com.ar\/noticias\/#\/schema\/person\/6558b0cfedee7ddc5425602b237d5722\",\"name\":\"Javier Figueroa\",\"image\":{\"@type\":\"ImageObject\",\"inLanguage\":\"es-AR\",\"@id\":\"https:\/\/web.consaguirre.com.ar\/noticias\/#\/schema\/person\/image\/\",\"url\":\"https:\/\/web.consaguirre.com.ar\/noticias\/wp-content\/uploads\/2024\/08\/Consaguirre-scaled.jpg\",\"contentUrl\":\"https:\/\/web.consaguirre.com.ar\/noticias\/wp-content\/uploads\/2024\/08\/Consaguirre-scaled.jpg\",\"caption\":\"Javier Figueroa\"},\"description\":\"Me llamo Javier Figueroa y soy redactor para el sitio oficial del Conservatorio de M\u00fasica Juli\u00e1n Aguirre en Buenos Aires, consaguirre.com. Apasionado por la m\u00fasica y la escritura, me esfuerzo por destacar los talentos y eventos de nuestra prestigiosa instituci\u00f3n. Mi trayectoria se nutre de una profunda admiraci\u00f3n por los artistas, haciendo de cada art\u00edculo una celebraci\u00f3n de la creatividad y la cultura musical.\",\"sameAs\":[\"https:\/\/web.consaguirre.com.ar\/noticias\"]}]}<\/script>\n<!-- \/ Yoast SEO plugin. -->","yoast_head_json":{"title":"Rese\u00f1a del CD: Jakob Dreyer. Ra\u00edces y cosas","robots":{"index":"index","follow":"follow","max-snippet":"max-snippet:-1","max-image-preview":"max-image-preview:large","max-video-preview":"max-video-preview:-1"},"canonical":"https:\/\/web.consaguirre.com.ar\/noticias\/resena-del-cd-jakob-dreyer-raices-y-cosas\/","og_locale":"es_ES","og_type":"article","og_title":"Rese\u00f1a del CD: Jakob Dreyer. Ra\u00edces y cosas","og_description":"\u201cRoots and Things\u201d de Jakob Dreyer representa un avance mesurado en su progresi\u00f3n como bajista y l\u00edder de banda, presentando un conjunto coherente e inmersivo","og_url":"https:\/\/web.consaguirre.com.ar\/noticias\/resena-del-cd-jakob-dreyer-raices-y-cosas\/","og_site_name":"Conservatorio de M\u00fasica Juli\u00e1n Aguirre","article_published_time":"2025-10-28T16:38:24+00:00","article_modified_time":"2025-10-28T16:38:25+00:00","og_image":[{"width":300,"height":268,"url":"https:\/\/web.consaguirre.com.ar\/noticias\/wp-content\/uploads\/2025\/10\/Resena-del-CD-Jakob-Dreyer-Raices-y-cosas.jpg","type":"image\/jpeg"}],"author":"Javier Figueroa","twitter_card":"summary_large_image","twitter_misc":{"Escrito por":"Javier Figueroa","Tiempo de lectura":"6 minutos"},"schema":{"@context":"https:\/\/schema.org","@graph":[{"@type":"Article","@id":"https:\/\/web.consaguirre.com.ar\/noticias\/resena-del-cd-jakob-dreyer-raices-y-cosas\/#article","isPartOf":{"@id":"https:\/\/web.consaguirre.com.ar\/noticias\/resena-del-cd-jakob-dreyer-raices-y-cosas\/"},"author":{"name":"Javier Figueroa","@id":"https:\/\/web.consaguirre.com.ar\/noticias\/#\/schema\/person\/6558b0cfedee7ddc5425602b237d5722"},"headline":"Rese\u00f1a del CD: Jakob Dreyer. Ra\u00edces y cosas","datePublished":"2025-10-28T16:38:24+00:00","dateModified":"2025-10-28T16:38:25+00:00","mainEntityOfPage":{"@id":"https:\/\/web.consaguirre.com.ar\/noticias\/resena-del-cd-jakob-dreyer-raices-y-cosas\/"},"wordCount":1123,"publisher":{"@id":"https:\/\/web.consaguirre.com.ar\/noticias\/#organization"},"image":{"@id":"https:\/\/web.consaguirre.com.ar\/noticias\/resena-del-cd-jakob-dreyer-raices-y-cosas\/#primaryimage"},"thumbnailUrl":"https:\/\/web.consaguirre.com.ar\/noticias\/wp-content\/uploads\/2025\/10\/Resena-del-CD-Jakob-Dreyer-Raices-y-cosas.jpg","keywords":["cosas","del","Dreyer","Jakob","Ra\u00edces","Rese\u00f1a"],"articleSection":["Cr\u00edtica"],"inLanguage":"es-AR"},{"@type":"WebPage","@id":"https:\/\/web.consaguirre.com.ar\/noticias\/resena-del-cd-jakob-dreyer-raices-y-cosas\/","url":"https:\/\/web.consaguirre.com.ar\/noticias\/resena-del-cd-jakob-dreyer-raices-y-cosas\/","name":"Rese\u00f1a del CD: Jakob Dreyer. Ra\u00edces y cosas","isPartOf":{"@id":"https:\/\/web.consaguirre.com.ar\/noticias\/#website"},"primaryImageOfPage":{"@id":"https:\/\/web.consaguirre.com.ar\/noticias\/resena-del-cd-jakob-dreyer-raices-y-cosas\/#primaryimage"},"image":{"@id":"https:\/\/web.consaguirre.com.ar\/noticias\/resena-del-cd-jakob-dreyer-raices-y-cosas\/#primaryimage"},"thumbnailUrl":"https:\/\/web.consaguirre.com.ar\/noticias\/wp-content\/uploads\/2025\/10\/Resena-del-CD-Jakob-Dreyer-Raices-y-cosas.jpg","datePublished":"2025-10-28T16:38:24+00:00","dateModified":"2025-10-28T16:38:25+00:00","breadcrumb":{"@id":"https:\/\/web.consaguirre.com.ar\/noticias\/resena-del-cd-jakob-dreyer-raices-y-cosas\/#breadcrumb"},"inLanguage":"es-AR","potentialAction":[{"@type":"ReadAction","target":["https:\/\/web.consaguirre.com.ar\/noticias\/resena-del-cd-jakob-dreyer-raices-y-cosas\/"]}]},{"@type":"ImageObject","inLanguage":"es-AR","@id":"https:\/\/web.consaguirre.com.ar\/noticias\/resena-del-cd-jakob-dreyer-raices-y-cosas\/#primaryimage","url":"https:\/\/web.consaguirre.com.ar\/noticias\/wp-content\/uploads\/2025\/10\/Resena-del-CD-Jakob-Dreyer-Raices-y-cosas.jpg","contentUrl":"https:\/\/web.consaguirre.com.ar\/noticias\/wp-content\/uploads\/2025\/10\/Resena-del-CD-Jakob-Dreyer-Raices-y-cosas.jpg","width":300,"height":268,"caption":"Rese\u00f1a del CD: Jakob Dreyer. Ra\u00edces y cosas"},{"@type":"BreadcrumbList","@id":"https:\/\/web.consaguirre.com.ar\/noticias\/resena-del-cd-jakob-dreyer-raices-y-cosas\/#breadcrumb","itemListElement":[{"@type":"ListItem","position":1,"name":"Inicio","item":"https:\/\/web.consaguirre.com.ar\/noticias\/"},{"@type":"ListItem","position":2,"name":"Rese\u00f1a del CD: Jakob Dreyer. Ra\u00edces y cosas"}]},{"@type":"WebSite","@id":"https:\/\/web.consaguirre.com.ar\/noticias\/#website","url":"https:\/\/web.consaguirre.com.ar\/noticias\/","name":"Conservatorio de M\u00fasica Juli\u00e1n Aguirre","description":"","publisher":{"@id":"https:\/\/web.consaguirre.com.ar\/noticias\/#organization"},"potentialAction":[{"@type":"SearchAction","target":{"@type":"EntryPoint","urlTemplate":"https:\/\/web.consaguirre.com.ar\/noticias\/?s={search_term_string}"},"query-input":"required name=search_term_string"}],"inLanguage":"es-AR"},{"@type":"Organization","@id":"https:\/\/web.consaguirre.com.ar\/noticias\/#organization","name":"Conservatorio de M\u00fasica Juli\u00e1n Aguirre","url":"https:\/\/web.consaguirre.com.ar\/noticias\/","logo":{"@type":"ImageObject","inLanguage":"es-AR","@id":"https:\/\/web.consaguirre.com.ar\/noticias\/#\/schema\/logo\/image\/","url":"https:\/\/web.consaguirre.com.ar\/noticias\/wp-content\/uploads\/2024\/08\/Banner-Aguirre-23.jpg","contentUrl":"https:\/\/web.consaguirre.com.ar\/noticias\/wp-content\/uploads\/2024\/08\/Banner-Aguirre-23.jpg","width":1192,"height":600,"caption":"Conservatorio de M\u00fasica Juli\u00e1n Aguirre"},"image":{"@id":"https:\/\/web.consaguirre.com.ar\/noticias\/#\/schema\/logo\/image\/"}},{"@type":"Person","@id":"https:\/\/web.consaguirre.com.ar\/noticias\/#\/schema\/person\/6558b0cfedee7ddc5425602b237d5722","name":"Javier Figueroa","image":{"@type":"ImageObject","inLanguage":"es-AR","@id":"https:\/\/web.consaguirre.com.ar\/noticias\/#\/schema\/person\/image\/","url":"https:\/\/web.consaguirre.com.ar\/noticias\/wp-content\/uploads\/2024\/08\/Consaguirre-scaled.jpg","contentUrl":"https:\/\/web.consaguirre.com.ar\/noticias\/wp-content\/uploads\/2024\/08\/Consaguirre-scaled.jpg","caption":"Javier Figueroa"},"description":"Me llamo Javier Figueroa y soy redactor para el sitio oficial del Conservatorio de M\u00fasica Juli\u00e1n Aguirre en Buenos Aires, consaguirre.com. Apasionado por la m\u00fasica y la escritura, me esfuerzo por destacar los talentos y eventos de nuestra prestigiosa instituci\u00f3n. Mi trayectoria se nutre de una profunda admiraci\u00f3n por los artistas, haciendo de cada art\u00edculo una celebraci\u00f3n de la creatividad y la cultura musical.","sameAs":["https:\/\/web.consaguirre.com.ar\/noticias"]}]}},"_links":{"self":[{"href":"https:\/\/web.consaguirre.com.ar\/noticias\/wp-json\/wp\/v2\/posts\/4186"}],"collection":[{"href":"https:\/\/web.consaguirre.com.ar\/noticias\/wp-json\/wp\/v2\/posts"}],"about":[{"href":"https:\/\/web.consaguirre.com.ar\/noticias\/wp-json\/wp\/v2\/types\/post"}],"author":[{"embeddable":true,"href":"https:\/\/web.consaguirre.com.ar\/noticias\/wp-json\/wp\/v2\/users\/1"}],"replies":[{"embeddable":true,"href":"https:\/\/web.consaguirre.com.ar\/noticias\/wp-json\/wp\/v2\/comments?post=4186"}],"version-history":[{"count":1,"href":"https:\/\/web.consaguirre.com.ar\/noticias\/wp-json\/wp\/v2\/posts\/4186\/revisions"}],"predecessor-version":[{"id":4188,"href":"https:\/\/web.consaguirre.com.ar\/noticias\/wp-json\/wp\/v2\/posts\/4186\/revisions\/4188"}],"wp:featuredmedia":[{"embeddable":true,"href":"https:\/\/web.consaguirre.com.ar\/noticias\/wp-json\/wp\/v2\/media\/4187"}],"wp:attachment":[{"href":"https:\/\/web.consaguirre.com.ar\/noticias\/wp-json\/wp\/v2\/media?parent=4186"}],"wp:term":[{"taxonomy":"category","embeddable":true,"href":"https:\/\/web.consaguirre.com.ar\/noticias\/wp-json\/wp\/v2\/categories?post=4186"},{"taxonomy":"post_tag","embeddable":true,"href":"https:\/\/web.consaguirre.com.ar\/noticias\/wp-json\/wp\/v2\/tags?post=4186"}],"curies":[{"name":"wp","href":"https:\/\/api.w.org\/{rel}","templated":true}]}}