{"id":416,"date":"2024-09-03T08:00:27","date_gmt":"2024-09-03T11:00:27","guid":{"rendered":"https:\/\/web.consaguirre.com.ar\/noticias\/luke-bryan-anuncia-nuevo-album-mind-of-a-country-boy\/"},"modified":"2024-09-08T16:27:48","modified_gmt":"2024-09-08T19:27:48","slug":"luke-bryan-anuncia-nuevo-album-mind-of-a-country-boy","status":"publish","type":"post","link":"https:\/\/web.consaguirre.com.ar\/noticias\/luke-bryan-anuncia-nuevo-album-mind-of-a-country-boy\/","title":{"rendered":"Luke Bryan anuncia nuevo \u00e1lbum, &#8216;Mind of a Country Boy&#8217;"},"content":{"rendered":"<p><strong>Lucas Bryan<\/strong> ha anunciado un nuevo \u00e1lbum, <em>La mente de un chico de campo<\/em>El disco de 14 canciones, que produjo el equipo padre-hijo Jeff y Jody Stevens, llegar\u00e1 el 27 de septiembre.<\/p>\n<p>Para celebrar el anuncio, Bryan tambi\u00e9n lanz\u00f3 una nueva canci\u00f3n del \u00e1lbum, \u201cClosing Time in California\u201d. <em>La mente de un chico de campo<\/em> Tambi\u00e9n incluye su reciente sencillo \u00abLove You, Miss You, Mean It\u00bb, que comparti\u00f3 por primera vez en abril.<\/p>\n<p><strong>Ordene el de Luke Bryan <em>La mente de un chico de campo<\/em> ahora.<\/strong><\/p>\n<p>El octavo \u00e1lbum de estudio de Bryan llega casi 17 a\u00f1os despu\u00e9s de que la estrella de la m\u00fasica country comenzara su carrera, en la que gan\u00f3 el premio Artista del A\u00f1o en los Premios de la Asociaci\u00f3n de M\u00fasica Country cinco veces. El 21 de agosto, tambi\u00e9n ser\u00e1 honrado con el premio ACM Lifting Lives, que se entrega anualmente a alguien que demuestra estar &#8220;dedicado a mejorar vidas a trav\u00e9s del poder de la m\u00fasica, tiene un esp\u00edritu generoso y est\u00e1 comprometido a servir a los dem\u00e1s&#8221;.<\/p>\n<div class=\"uD-YT-container\"><img decoding=\"async\" src=\"https:\/\/web.consaguirre.com.ar\/noticias\/wp-content\/uploads\/2024\/09\/1725361227_365_Luke-Bryan-anuncia-nuevo-album-Mind-of-a-Country-Boy.jpg\" alt=\"V\u00eddeo de YouTube\"><\/p>\n<\/div>\n<p>Adem\u00e1s de aceptar el honor de la ACM, Bryan tambi\u00e9n pasar\u00e1 los pr\u00f3ximos meses tocando en dos giras diferentes. Su gira actual Mind of a Country Boy pasar\u00e1 por San Bernardino, Kansas City, Atlanta, Oklahoma City, Des Moines y Chicago este mes antes de concluir a mediados de septiembre en Tampa. Despu\u00e9s de eso, se dirigir\u00e1 a su gira anual Farm Tour, donde visita lugares agr\u00edcolas en el este de los Estados Unidos. Este a\u00f1o visitar\u00e1 algunos lugares en los que nunca ha tocado antes, incluyendo Bow Creek Farm and Cattle Co en Granville, PA; Heritage Park en Chesapeake, VA; Cox Brothers Farms en Marshville, NC; y Cunningham Family Farm en Smithton, PA.<\/p>\n<p>\u201cCreo que este \u00e1lbum, como he intentado hacer con todos mis \u00e1lbumes, tiene un poco de todo\u201d, comparte Bryan en una declaraci\u00f3n. \u201cEn este \u00e1lbum hago algunas cosas vocales diferentes que no hab\u00eda hecho antes. Se trata de que cada canci\u00f3n tenga su lugar y su significado\u2026 Creo que por eso he tenido la suerte de tener una larga carrera y lo que siento que este \u00e1lbum va a hacer\u201d.<\/p>\n<p><strong>Ordene el de Luke Bryan <em>La mente de un chico de campo<\/em> ahora.<\/strong><\/p>\n","protected":false},"excerpt":{"rendered":"<p>Lucas Bryan ha anunciado un nuevo \u00e1lbum, La mente de un chico de campoEl disco de 14 canciones, que produjo el equipo padre-hijo Jeff y<\/p>\n","protected":false},"author":1,"featured_media":417,"comment_status":"closed","ping_status":"open","sticky":false,"template":"","format":"standard","meta":{"footnotes":""},"categories":[50],"tags":[147,56,437,435,436,434,353,146],"class_list":["post-416","post","type-post","status-publish","format-standard","has-post-thumbnail","hentry","category-el-ultimo","tag-album","tag-anuncia","tag-boy","tag-bryan","tag-country","tag-luke","tag-mind","tag-nuevo","generate-columns","tablet-grid-50","mobile-grid-100","grid-parent","grid-50"],"yoast_head":"<!-- This site is optimized with the Yoast SEO plugin v23.3 - https:\/\/yoast.com\/wordpress\/plugins\/seo\/ -->\n<title>Luke Bryan anuncia nuevo \u00e1lbum, &#039;Mind of a Country Boy&#039;<\/title>\n<meta name=\"robots\" content=\"index, follow, max-snippet:-1, max-image-preview:large, max-video-preview:-1\" \/>\n<link rel=\"canonical\" href=\"https:\/\/web.consaguirre.com.ar\/noticias\/luke-bryan-anuncia-nuevo-album-mind-of-a-country-boy\/\" \/>\n<meta property=\"og:locale\" content=\"es_ES\" \/>\n<meta property=\"og:type\" content=\"article\" \/>\n<meta property=\"og:title\" content=\"Luke Bryan anuncia nuevo \u00e1lbum, &#039;Mind of a Country Boy&#039;\" \/>\n<meta property=\"og:description\" content=\"Lucas Bryan ha anunciado un nuevo \u00e1lbum, La mente de un chico de campoEl disco de 14 canciones, que produjo el equipo padre-hijo Jeff y\" \/>\n<meta property=\"og:url\" content=\"https:\/\/web.consaguirre.com.ar\/noticias\/luke-bryan-anuncia-nuevo-album-mind-of-a-country-boy\/\" \/>\n<meta property=\"og:site_name\" content=\"Conservatorio de M\u00fasica Juli\u00e1n Aguirre\" \/>\n<meta property=\"article:published_time\" content=\"2024-09-03T11:00:27+00:00\" \/>\n<meta property=\"article:modified_time\" content=\"2024-09-08T19:27:48+00:00\" \/>\n<meta property=\"og:image\" content=\"https:\/\/web.consaguirre.com.ar\/noticias\/wp-content\/uploads\/2024\/09\/Luke-Bryan-anuncia-nuevo-album-Mind-of-a-Country-Boy.jpg\" \/>\n\t<meta property=\"og:image:width\" content=\"1280\" \/>\n\t<meta property=\"og:image:height\" content=\"1280\" \/>\n\t<meta property=\"og:image:type\" content=\"image\/jpeg\" \/>\n<meta name=\"author\" content=\"Javier Figueroa\" \/>\n<meta name=\"twitter:card\" content=\"summary_large_image\" \/>\n<meta name=\"twitter:label1\" content=\"Escrito por\" \/>\n\t<meta name=\"twitter:data1\" content=\"Javier Figueroa\" \/>\n\t<meta name=\"twitter:label2\" content=\"Tiempo de lectura\" \/>\n\t<meta name=\"twitter:data2\" content=\"2 minutos\" \/>\n<script type=\"application\/ld+json\" class=\"yoast-schema-graph\">{\"@context\":\"https:\/\/schema.org\",\"@graph\":[{\"@type\":\"Article\",\"@id\":\"https:\/\/web.consaguirre.com.ar\/noticias\/luke-bryan-anuncia-nuevo-album-mind-of-a-country-boy\/#article\",\"isPartOf\":{\"@id\":\"https:\/\/web.consaguirre.com.ar\/noticias\/luke-bryan-anuncia-nuevo-album-mind-of-a-country-boy\/\"},\"author\":{\"name\":\"Javier Figueroa\",\"@id\":\"https:\/\/web.consaguirre.com.ar\/noticias\/#\/schema\/person\/6558b0cfedee7ddc5425602b237d5722\"},\"headline\":\"Luke Bryan anuncia nuevo \u00e1lbum, &#8216;Mind of a Country Boy&#8217;\",\"datePublished\":\"2024-09-03T11:00:27+00:00\",\"dateModified\":\"2024-09-08T19:27:48+00:00\",\"mainEntityOfPage\":{\"@id\":\"https:\/\/web.consaguirre.com.ar\/noticias\/luke-bryan-anuncia-nuevo-album-mind-of-a-country-boy\/\"},\"wordCount\":399,\"publisher\":{\"@id\":\"https:\/\/web.consaguirre.com.ar\/noticias\/#organization\"},\"image\":{\"@id\":\"https:\/\/web.consaguirre.com.ar\/noticias\/luke-bryan-anuncia-nuevo-album-mind-of-a-country-boy\/#primaryimage\"},\"thumbnailUrl\":\"https:\/\/web.consaguirre.com.ar\/noticias\/wp-content\/uploads\/2024\/09\/Luke-Bryan-anuncia-nuevo-album-Mind-of-a-Country-Boy.jpg\",\"keywords\":[\"\u00e1lbum\",\"anuncia\",\"Boy\",\"Bryan\",\"Country\",\"Luke\",\"Mind\",\"nuevo\"],\"articleSection\":[\"El \u00faltimo\"],\"inLanguage\":\"es-AR\"},{\"@type\":\"WebPage\",\"@id\":\"https:\/\/web.consaguirre.com.ar\/noticias\/luke-bryan-anuncia-nuevo-album-mind-of-a-country-boy\/\",\"url\":\"https:\/\/web.consaguirre.com.ar\/noticias\/luke-bryan-anuncia-nuevo-album-mind-of-a-country-boy\/\",\"name\":\"Luke Bryan anuncia nuevo \u00e1lbum, 'Mind of a Country Boy'\",\"isPartOf\":{\"@id\":\"https:\/\/web.consaguirre.com.ar\/noticias\/#website\"},\"primaryImageOfPage\":{\"@id\":\"https:\/\/web.consaguirre.com.ar\/noticias\/luke-bryan-anuncia-nuevo-album-mind-of-a-country-boy\/#primaryimage\"},\"image\":{\"@id\":\"https:\/\/web.consaguirre.com.ar\/noticias\/luke-bryan-anuncia-nuevo-album-mind-of-a-country-boy\/#primaryimage\"},\"thumbnailUrl\":\"https:\/\/web.consaguirre.com.ar\/noticias\/wp-content\/uploads\/2024\/09\/Luke-Bryan-anuncia-nuevo-album-Mind-of-a-Country-Boy.jpg\",\"datePublished\":\"2024-09-03T11:00:27+00:00\",\"dateModified\":\"2024-09-08T19:27:48+00:00\",\"breadcrumb\":{\"@id\":\"https:\/\/web.consaguirre.com.ar\/noticias\/luke-bryan-anuncia-nuevo-album-mind-of-a-country-boy\/#breadcrumb\"},\"inLanguage\":\"es-AR\",\"potentialAction\":[{\"@type\":\"ReadAction\",\"target\":[\"https:\/\/web.consaguirre.com.ar\/noticias\/luke-bryan-anuncia-nuevo-album-mind-of-a-country-boy\/\"]}]},{\"@type\":\"ImageObject\",\"inLanguage\":\"es-AR\",\"@id\":\"https:\/\/web.consaguirre.com.ar\/noticias\/luke-bryan-anuncia-nuevo-album-mind-of-a-country-boy\/#primaryimage\",\"url\":\"https:\/\/web.consaguirre.com.ar\/noticias\/wp-content\/uploads\/2024\/09\/Luke-Bryan-anuncia-nuevo-album-Mind-of-a-Country-Boy.jpg\",\"contentUrl\":\"https:\/\/web.consaguirre.com.ar\/noticias\/wp-content\/uploads\/2024\/09\/Luke-Bryan-anuncia-nuevo-album-Mind-of-a-Country-Boy.jpg\",\"width\":1280,\"height\":1280,\"caption\":\"Luke Bryan anuncia nuevo \u00e1lbum, 'Mind of a Country Boy'\"},{\"@type\":\"BreadcrumbList\",\"@id\":\"https:\/\/web.consaguirre.com.ar\/noticias\/luke-bryan-anuncia-nuevo-album-mind-of-a-country-boy\/#breadcrumb\",\"itemListElement\":[{\"@type\":\"ListItem\",\"position\":1,\"name\":\"Inicio\",\"item\":\"https:\/\/web.consaguirre.com.ar\/noticias\/\"},{\"@type\":\"ListItem\",\"position\":2,\"name\":\"Luke Bryan anuncia nuevo \u00e1lbum, &#8216;Mind of a Country Boy&#8217;\"}]},{\"@type\":\"WebSite\",\"@id\":\"https:\/\/web.consaguirre.com.ar\/noticias\/#website\",\"url\":\"https:\/\/web.consaguirre.com.ar\/noticias\/\",\"name\":\"Conservatorio de M\u00fasica Juli\u00e1n Aguirre\",\"description\":\"\",\"publisher\":{\"@id\":\"https:\/\/web.consaguirre.com.ar\/noticias\/#organization\"},\"potentialAction\":[{\"@type\":\"SearchAction\",\"target\":{\"@type\":\"EntryPoint\",\"urlTemplate\":\"https:\/\/web.consaguirre.com.ar\/noticias\/?s={search_term_string}\"},\"query-input\":\"required name=search_term_string\"}],\"inLanguage\":\"es-AR\"},{\"@type\":\"Organization\",\"@id\":\"https:\/\/web.consaguirre.com.ar\/noticias\/#organization\",\"name\":\"Conservatorio de M\u00fasica Juli\u00e1n Aguirre\",\"url\":\"https:\/\/web.consaguirre.com.ar\/noticias\/\",\"logo\":{\"@type\":\"ImageObject\",\"inLanguage\":\"es-AR\",\"@id\":\"https:\/\/web.consaguirre.com.ar\/noticias\/#\/schema\/logo\/image\/\",\"url\":\"https:\/\/web.consaguirre.com.ar\/noticias\/wp-content\/uploads\/2024\/08\/Banner-Aguirre-23.jpg\",\"contentUrl\":\"https:\/\/web.consaguirre.com.ar\/noticias\/wp-content\/uploads\/2024\/08\/Banner-Aguirre-23.jpg\",\"width\":1192,\"height\":600,\"caption\":\"Conservatorio de M\u00fasica Juli\u00e1n Aguirre\"},\"image\":{\"@id\":\"https:\/\/web.consaguirre.com.ar\/noticias\/#\/schema\/logo\/image\/\"}},{\"@type\":\"Person\",\"@id\":\"https:\/\/web.consaguirre.com.ar\/noticias\/#\/schema\/person\/6558b0cfedee7ddc5425602b237d5722\",\"name\":\"Javier Figueroa\",\"image\":{\"@type\":\"ImageObject\",\"inLanguage\":\"es-AR\",\"@id\":\"https:\/\/web.consaguirre.com.ar\/noticias\/#\/schema\/person\/image\/\",\"url\":\"https:\/\/web.consaguirre.com.ar\/noticias\/wp-content\/uploads\/2024\/08\/Consaguirre-scaled.jpg\",\"contentUrl\":\"https:\/\/web.consaguirre.com.ar\/noticias\/wp-content\/uploads\/2024\/08\/Consaguirre-scaled.jpg\",\"caption\":\"Javier Figueroa\"},\"description\":\"Me llamo Javier Figueroa y soy redactor para el sitio oficial del Conservatorio de M\u00fasica Juli\u00e1n Aguirre en Buenos Aires, consaguirre.com. Apasionado por la m\u00fasica y la escritura, me esfuerzo por destacar los talentos y eventos de nuestra prestigiosa instituci\u00f3n. Mi trayectoria se nutre de una profunda admiraci\u00f3n por los artistas, haciendo de cada art\u00edculo una celebraci\u00f3n de la creatividad y la cultura musical.\",\"sameAs\":[\"https:\/\/web.consaguirre.com.ar\/noticias\"]}]}<\/script>\n<!-- \/ Yoast SEO plugin. -->","yoast_head_json":{"title":"Luke Bryan anuncia nuevo \u00e1lbum, 'Mind of a Country Boy'","robots":{"index":"index","follow":"follow","max-snippet":"max-snippet:-1","max-image-preview":"max-image-preview:large","max-video-preview":"max-video-preview:-1"},"canonical":"https:\/\/web.consaguirre.com.ar\/noticias\/luke-bryan-anuncia-nuevo-album-mind-of-a-country-boy\/","og_locale":"es_ES","og_type":"article","og_title":"Luke Bryan anuncia nuevo \u00e1lbum, 'Mind of a Country Boy'","og_description":"Lucas Bryan ha anunciado un nuevo \u00e1lbum, La mente de un chico de campoEl disco de 14 canciones, que produjo el equipo padre-hijo Jeff y","og_url":"https:\/\/web.consaguirre.com.ar\/noticias\/luke-bryan-anuncia-nuevo-album-mind-of-a-country-boy\/","og_site_name":"Conservatorio de M\u00fasica Juli\u00e1n Aguirre","article_published_time":"2024-09-03T11:00:27+00:00","article_modified_time":"2024-09-08T19:27:48+00:00","og_image":[{"width":1280,"height":1280,"url":"https:\/\/web.consaguirre.com.ar\/noticias\/wp-content\/uploads\/2024\/09\/Luke-Bryan-anuncia-nuevo-album-Mind-of-a-Country-Boy.jpg","type":"image\/jpeg"}],"author":"Javier Figueroa","twitter_card":"summary_large_image","twitter_misc":{"Escrito por":"Javier Figueroa","Tiempo de lectura":"2 minutos"},"schema":{"@context":"https:\/\/schema.org","@graph":[{"@type":"Article","@id":"https:\/\/web.consaguirre.com.ar\/noticias\/luke-bryan-anuncia-nuevo-album-mind-of-a-country-boy\/#article","isPartOf":{"@id":"https:\/\/web.consaguirre.com.ar\/noticias\/luke-bryan-anuncia-nuevo-album-mind-of-a-country-boy\/"},"author":{"name":"Javier Figueroa","@id":"https:\/\/web.consaguirre.com.ar\/noticias\/#\/schema\/person\/6558b0cfedee7ddc5425602b237d5722"},"headline":"Luke Bryan anuncia nuevo \u00e1lbum, &#8216;Mind of a Country Boy&#8217;","datePublished":"2024-09-03T11:00:27+00:00","dateModified":"2024-09-08T19:27:48+00:00","mainEntityOfPage":{"@id":"https:\/\/web.consaguirre.com.ar\/noticias\/luke-bryan-anuncia-nuevo-album-mind-of-a-country-boy\/"},"wordCount":399,"publisher":{"@id":"https:\/\/web.consaguirre.com.ar\/noticias\/#organization"},"image":{"@id":"https:\/\/web.consaguirre.com.ar\/noticias\/luke-bryan-anuncia-nuevo-album-mind-of-a-country-boy\/#primaryimage"},"thumbnailUrl":"https:\/\/web.consaguirre.com.ar\/noticias\/wp-content\/uploads\/2024\/09\/Luke-Bryan-anuncia-nuevo-album-Mind-of-a-Country-Boy.jpg","keywords":["\u00e1lbum","anuncia","Boy","Bryan","Country","Luke","Mind","nuevo"],"articleSection":["El \u00faltimo"],"inLanguage":"es-AR"},{"@type":"WebPage","@id":"https:\/\/web.consaguirre.com.ar\/noticias\/luke-bryan-anuncia-nuevo-album-mind-of-a-country-boy\/","url":"https:\/\/web.consaguirre.com.ar\/noticias\/luke-bryan-anuncia-nuevo-album-mind-of-a-country-boy\/","name":"Luke Bryan anuncia nuevo \u00e1lbum, 'Mind of a Country Boy'","isPartOf":{"@id":"https:\/\/web.consaguirre.com.ar\/noticias\/#website"},"primaryImageOfPage":{"@id":"https:\/\/web.consaguirre.com.ar\/noticias\/luke-bryan-anuncia-nuevo-album-mind-of-a-country-boy\/#primaryimage"},"image":{"@id":"https:\/\/web.consaguirre.com.ar\/noticias\/luke-bryan-anuncia-nuevo-album-mind-of-a-country-boy\/#primaryimage"},"thumbnailUrl":"https:\/\/web.consaguirre.com.ar\/noticias\/wp-content\/uploads\/2024\/09\/Luke-Bryan-anuncia-nuevo-album-Mind-of-a-Country-Boy.jpg","datePublished":"2024-09-03T11:00:27+00:00","dateModified":"2024-09-08T19:27:48+00:00","breadcrumb":{"@id":"https:\/\/web.consaguirre.com.ar\/noticias\/luke-bryan-anuncia-nuevo-album-mind-of-a-country-boy\/#breadcrumb"},"inLanguage":"es-AR","potentialAction":[{"@type":"ReadAction","target":["https:\/\/web.consaguirre.com.ar\/noticias\/luke-bryan-anuncia-nuevo-album-mind-of-a-country-boy\/"]}]},{"@type":"ImageObject","inLanguage":"es-AR","@id":"https:\/\/web.consaguirre.com.ar\/noticias\/luke-bryan-anuncia-nuevo-album-mind-of-a-country-boy\/#primaryimage","url":"https:\/\/web.consaguirre.com.ar\/noticias\/wp-content\/uploads\/2024\/09\/Luke-Bryan-anuncia-nuevo-album-Mind-of-a-Country-Boy.jpg","contentUrl":"https:\/\/web.consaguirre.com.ar\/noticias\/wp-content\/uploads\/2024\/09\/Luke-Bryan-anuncia-nuevo-album-Mind-of-a-Country-Boy.jpg","width":1280,"height":1280,"caption":"Luke Bryan anuncia nuevo \u00e1lbum, 'Mind of a Country Boy'"},{"@type":"BreadcrumbList","@id":"https:\/\/web.consaguirre.com.ar\/noticias\/luke-bryan-anuncia-nuevo-album-mind-of-a-country-boy\/#breadcrumb","itemListElement":[{"@type":"ListItem","position":1,"name":"Inicio","item":"https:\/\/web.consaguirre.com.ar\/noticias\/"},{"@type":"ListItem","position":2,"name":"Luke Bryan anuncia nuevo \u00e1lbum, &#8216;Mind of a Country Boy&#8217;"}]},{"@type":"WebSite","@id":"https:\/\/web.consaguirre.com.ar\/noticias\/#website","url":"https:\/\/web.consaguirre.com.ar\/noticias\/","name":"Conservatorio de M\u00fasica Juli\u00e1n Aguirre","description":"","publisher":{"@id":"https:\/\/web.consaguirre.com.ar\/noticias\/#organization"},"potentialAction":[{"@type":"SearchAction","target":{"@type":"EntryPoint","urlTemplate":"https:\/\/web.consaguirre.com.ar\/noticias\/?s={search_term_string}"},"query-input":"required name=search_term_string"}],"inLanguage":"es-AR"},{"@type":"Organization","@id":"https:\/\/web.consaguirre.com.ar\/noticias\/#organization","name":"Conservatorio de M\u00fasica Juli\u00e1n Aguirre","url":"https:\/\/web.consaguirre.com.ar\/noticias\/","logo":{"@type":"ImageObject","inLanguage":"es-AR","@id":"https:\/\/web.consaguirre.com.ar\/noticias\/#\/schema\/logo\/image\/","url":"https:\/\/web.consaguirre.com.ar\/noticias\/wp-content\/uploads\/2024\/08\/Banner-Aguirre-23.jpg","contentUrl":"https:\/\/web.consaguirre.com.ar\/noticias\/wp-content\/uploads\/2024\/08\/Banner-Aguirre-23.jpg","width":1192,"height":600,"caption":"Conservatorio de M\u00fasica Juli\u00e1n Aguirre"},"image":{"@id":"https:\/\/web.consaguirre.com.ar\/noticias\/#\/schema\/logo\/image\/"}},{"@type":"Person","@id":"https:\/\/web.consaguirre.com.ar\/noticias\/#\/schema\/person\/6558b0cfedee7ddc5425602b237d5722","name":"Javier Figueroa","image":{"@type":"ImageObject","inLanguage":"es-AR","@id":"https:\/\/web.consaguirre.com.ar\/noticias\/#\/schema\/person\/image\/","url":"https:\/\/web.consaguirre.com.ar\/noticias\/wp-content\/uploads\/2024\/08\/Consaguirre-scaled.jpg","contentUrl":"https:\/\/web.consaguirre.com.ar\/noticias\/wp-content\/uploads\/2024\/08\/Consaguirre-scaled.jpg","caption":"Javier Figueroa"},"description":"Me llamo Javier Figueroa y soy redactor para el sitio oficial del Conservatorio de M\u00fasica Juli\u00e1n Aguirre en Buenos Aires, consaguirre.com. Apasionado por la m\u00fasica y la escritura, me esfuerzo por destacar los talentos y eventos de nuestra prestigiosa instituci\u00f3n. Mi trayectoria se nutre de una profunda admiraci\u00f3n por los artistas, haciendo de cada art\u00edculo una celebraci\u00f3n de la creatividad y la cultura musical.","sameAs":["https:\/\/web.consaguirre.com.ar\/noticias"]}]}},"_links":{"self":[{"href":"https:\/\/web.consaguirre.com.ar\/noticias\/wp-json\/wp\/v2\/posts\/416"}],"collection":[{"href":"https:\/\/web.consaguirre.com.ar\/noticias\/wp-json\/wp\/v2\/posts"}],"about":[{"href":"https:\/\/web.consaguirre.com.ar\/noticias\/wp-json\/wp\/v2\/types\/post"}],"author":[{"embeddable":true,"href":"https:\/\/web.consaguirre.com.ar\/noticias\/wp-json\/wp\/v2\/users\/1"}],"replies":[{"embeddable":true,"href":"https:\/\/web.consaguirre.com.ar\/noticias\/wp-json\/wp\/v2\/comments?post=416"}],"version-history":[{"count":1,"href":"https:\/\/web.consaguirre.com.ar\/noticias\/wp-json\/wp\/v2\/posts\/416\/revisions"}],"predecessor-version":[{"id":418,"href":"https:\/\/web.consaguirre.com.ar\/noticias\/wp-json\/wp\/v2\/posts\/416\/revisions\/418"}],"wp:featuredmedia":[{"embeddable":true,"href":"https:\/\/web.consaguirre.com.ar\/noticias\/wp-json\/wp\/v2\/media\/417"}],"wp:attachment":[{"href":"https:\/\/web.consaguirre.com.ar\/noticias\/wp-json\/wp\/v2\/media?parent=416"}],"wp:term":[{"taxonomy":"category","embeddable":true,"href":"https:\/\/web.consaguirre.com.ar\/noticias\/wp-json\/wp\/v2\/categories?post=416"},{"taxonomy":"post_tag","embeddable":true,"href":"https:\/\/web.consaguirre.com.ar\/noticias\/wp-json\/wp\/v2\/tags?post=416"}],"curies":[{"name":"wp","href":"https:\/\/api.w.org\/{rel}","templated":true}]}}