{"id":4147,"date":"2025-10-23T17:38:42","date_gmt":"2025-10-23T20:38:42","guid":{"rendered":"https:\/\/web.consaguirre.com.ar\/noticias\/dave-ball-de-soft-cell-muere-a-los-66-anos\/"},"modified":"2025-10-23T17:38:43","modified_gmt":"2025-10-23T20:38:43","slug":"dave-ball-de-soft-cell-muere-a-los-66-anos","status":"publish","type":"post","link":"https:\/\/web.consaguirre.com.ar\/noticias\/dave-ball-de-soft-cell-muere-a-los-66-anos\/","title":{"rendered":"Dave Ball de Soft Cell muere a los 66 a\u00f1os"},"content":{"rendered":"<p>Dave Ball, el m\u00fasico electr\u00f3nico que salt\u00f3 a la fama como la mitad del d\u00fao de pop sint\u00e9tico Soft Cell, falleci\u00f3. Representantes de Ball dijeron a The Guardian que el m\u00fasico \u201cfalleci\u00f3 pac\u00edficamente mientras dorm\u00eda en su casa de Londres el mi\u00e9rcoles\u201d. Ball ten\u00eda 66 a\u00f1os.<\/p>\n<p>Su compa\u00f1ero de banda de Soft Cell, Marc Almond, rindi\u00f3 homenaje a Ball en su p\u00e1gina de Instagram el jueves por la ma\u00f1ana y escribi\u00f3 que Ball estuvo &#8220;durante mucho tiempo y su salud hab\u00eda ido empeorando lentamente en los \u00faltimos a\u00f1os&#8221;. Recordando a su colega como un &#8220;maravilloso y brillante genio musical&#8221;, Almond escribi\u00f3: &#8220;Siempre ser\u00e1 amado por los fans que amaban su m\u00fasica. Es un clich\u00e9 decirlo, pero sigue vivo y en alg\u00fan lugar del mundo, en cualquier momento dado, alguien escucha, toca, baila y disfruta de una canci\u00f3n de Soft Cell&#8221;.<\/p>\n<p>Nacido en Chester, Inglaterra en 1959, Ball fue adoptado cuando era ni\u00f1o y creci\u00f3 en Blackpool. Ball record\u00f3 a Blackpool como \u201cun gran lugar para crecer, de verdad, porque tienes la playa y todas las salas de juegos\u201d en una entrevista con <em>El Quieto<\/em>y se interes\u00f3 por la m\u00fasica desde el principio. Despu\u00e9s de inspirarse en el \u00e1lbum de Kraftwerk de 1975 <em>autopista<\/em>Ball finalmente estudi\u00f3 en el Polit\u00e9cnico de Leeds, donde r\u00e1pidamente conoci\u00f3 a Almond. Los dos formaron Soft Cell en 1979.<\/p>\n<p>Aunque sus primeros dos sencillos no fueron un gran \u00e9xito, el tercero se convirti\u00f3 en un \u00e9xito mundial. \u201cTainted Love\u201d, una versi\u00f3n de una canci\u00f3n de 1964 originalmente cantada por Gloria Jones, lanz\u00f3 al grupo al estrellato y dio inicio a una serie de \u00e9xitos en el Reino Unido, incluidos \u201cBedsitter\u201d, \u201cSay Hello, Wave Goodbye\u201d, \u201cTorch\u201d y \u201cWhat\u201d. Sin embargo, el \u00e9xito pas\u00f3 factura a los dos m\u00fasicos y disolvieron el grupo en 1984, aunque finalmente se reunieron en 2000 y actuaron juntos como Soft Cell en 2023.<\/p>\n<p>Tras la disoluci\u00f3n de Soft Cell, Ball continu\u00f3 haciendo m\u00fasica, formando el d\u00fao The Grid con Richard Norris en 1988 e incursionando en la escena rave y el g\u00e9nero acid house. En la d\u00e9cada de 1990, Ball produjo m\u00fasica para otros artistas, incluido &#8220;Breathe&#8221; del \u00e1lbum de 1997 de Kylie Minogue. <em>Princesa imposible<\/em>que se convirti\u00f3 en uno de los 20 mejores en el Reino Unido. Reflexionando sobre su carrera en 2020, dijo Ball. &#8220;Estoy bastante satisfecho con lo que he hecho&#8221;.<\/p>\n","protected":false},"excerpt":{"rendered":"<p>Dave Ball, el m\u00fasico electr\u00f3nico que salt\u00f3 a la fama como la mitad del d\u00fao de pop sint\u00e9tico Soft Cell, falleci\u00f3. Representantes de Ball dijeron<\/p>\n","protected":false},"author":1,"featured_media":4148,"comment_status":"closed","ping_status":"","sticky":false,"template":"","format":"standard","meta":{"footnotes":""},"categories":[50],"tags":[115,1669,2613,3415,180,564,2612],"class_list":["post-4147","post","type-post","status-publish","format-standard","has-post-thumbnail","hentry","category-el-ultimo","tag-anos","tag-ball","tag-cell","tag-dave","tag-los","tag-muere","tag-soft","generate-columns","tablet-grid-50","mobile-grid-100","grid-parent","grid-50"],"yoast_head":"<!-- This site is optimized with the Yoast SEO plugin v23.3 - https:\/\/yoast.com\/wordpress\/plugins\/seo\/ -->\n<title>Dave Ball de Soft Cell muere a los 66 a\u00f1os<\/title>\n<meta name=\"robots\" content=\"index, follow, max-snippet:-1, max-image-preview:large, max-video-preview:-1\" \/>\n<link rel=\"canonical\" href=\"https:\/\/web.consaguirre.com.ar\/noticias\/dave-ball-de-soft-cell-muere-a-los-66-anos\/\" \/>\n<meta property=\"og:locale\" content=\"es_ES\" \/>\n<meta property=\"og:type\" content=\"article\" \/>\n<meta property=\"og:title\" content=\"Dave Ball de Soft Cell muere a los 66 a\u00f1os\" \/>\n<meta property=\"og:description\" content=\"Dave Ball, el m\u00fasico electr\u00f3nico que salt\u00f3 a la fama como la mitad del d\u00fao de pop sint\u00e9tico Soft Cell, falleci\u00f3. Representantes de Ball dijeron\" \/>\n<meta property=\"og:url\" content=\"https:\/\/web.consaguirre.com.ar\/noticias\/dave-ball-de-soft-cell-muere-a-los-66-anos\/\" \/>\n<meta property=\"og:site_name\" content=\"Conservatorio de M\u00fasica Juli\u00e1n Aguirre\" \/>\n<meta property=\"article:published_time\" content=\"2025-10-23T20:38:42+00:00\" \/>\n<meta property=\"article:modified_time\" content=\"2025-10-23T20:38:43+00:00\" \/>\n<meta property=\"og:image\" content=\"https:\/\/web.consaguirre.com.ar\/noticias\/wp-content\/uploads\/2025\/10\/Dave-Ball-de-Soft-Cell-muere-a-los-66-anos.jpg\" \/>\n\t<meta property=\"og:image:width\" content=\"1440\" \/>\n\t<meta property=\"og:image:height\" content=\"864\" \/>\n\t<meta property=\"og:image:type\" content=\"image\/jpeg\" \/>\n<meta name=\"author\" content=\"Javier Figueroa\" \/>\n<meta name=\"twitter:card\" content=\"summary_large_image\" \/>\n<meta name=\"twitter:label1\" content=\"Escrito por\" \/>\n\t<meta name=\"twitter:data1\" content=\"Javier Figueroa\" \/>\n\t<meta name=\"twitter:label2\" content=\"Tiempo de lectura\" \/>\n\t<meta name=\"twitter:data2\" content=\"2 minutos\" \/>\n<script type=\"application\/ld+json\" class=\"yoast-schema-graph\">{\"@context\":\"https:\/\/schema.org\",\"@graph\":[{\"@type\":\"Article\",\"@id\":\"https:\/\/web.consaguirre.com.ar\/noticias\/dave-ball-de-soft-cell-muere-a-los-66-anos\/#article\",\"isPartOf\":{\"@id\":\"https:\/\/web.consaguirre.com.ar\/noticias\/dave-ball-de-soft-cell-muere-a-los-66-anos\/\"},\"author\":{\"name\":\"Javier Figueroa\",\"@id\":\"https:\/\/web.consaguirre.com.ar\/noticias\/#\/schema\/person\/6558b0cfedee7ddc5425602b237d5722\"},\"headline\":\"Dave Ball de Soft Cell muere a los 66 a\u00f1os\",\"datePublished\":\"2025-10-23T20:38:42+00:00\",\"dateModified\":\"2025-10-23T20:38:43+00:00\",\"mainEntityOfPage\":{\"@id\":\"https:\/\/web.consaguirre.com.ar\/noticias\/dave-ball-de-soft-cell-muere-a-los-66-anos\/\"},\"wordCount\":420,\"publisher\":{\"@id\":\"https:\/\/web.consaguirre.com.ar\/noticias\/#organization\"},\"image\":{\"@id\":\"https:\/\/web.consaguirre.com.ar\/noticias\/dave-ball-de-soft-cell-muere-a-los-66-anos\/#primaryimage\"},\"thumbnailUrl\":\"https:\/\/web.consaguirre.com.ar\/noticias\/wp-content\/uploads\/2025\/10\/Dave-Ball-de-Soft-Cell-muere-a-los-66-anos.jpg\",\"keywords\":[\"a\u00f1os\",\"Ball\",\"Cell\",\"Dave\",\"los\",\"muere\",\"Soft\"],\"articleSection\":[\"El \u00faltimo\"],\"inLanguage\":\"es-AR\"},{\"@type\":\"WebPage\",\"@id\":\"https:\/\/web.consaguirre.com.ar\/noticias\/dave-ball-de-soft-cell-muere-a-los-66-anos\/\",\"url\":\"https:\/\/web.consaguirre.com.ar\/noticias\/dave-ball-de-soft-cell-muere-a-los-66-anos\/\",\"name\":\"Dave Ball de Soft Cell muere a los 66 a\u00f1os\",\"isPartOf\":{\"@id\":\"https:\/\/web.consaguirre.com.ar\/noticias\/#website\"},\"primaryImageOfPage\":{\"@id\":\"https:\/\/web.consaguirre.com.ar\/noticias\/dave-ball-de-soft-cell-muere-a-los-66-anos\/#primaryimage\"},\"image\":{\"@id\":\"https:\/\/web.consaguirre.com.ar\/noticias\/dave-ball-de-soft-cell-muere-a-los-66-anos\/#primaryimage\"},\"thumbnailUrl\":\"https:\/\/web.consaguirre.com.ar\/noticias\/wp-content\/uploads\/2025\/10\/Dave-Ball-de-Soft-Cell-muere-a-los-66-anos.jpg\",\"datePublished\":\"2025-10-23T20:38:42+00:00\",\"dateModified\":\"2025-10-23T20:38:43+00:00\",\"breadcrumb\":{\"@id\":\"https:\/\/web.consaguirre.com.ar\/noticias\/dave-ball-de-soft-cell-muere-a-los-66-anos\/#breadcrumb\"},\"inLanguage\":\"es-AR\",\"potentialAction\":[{\"@type\":\"ReadAction\",\"target\":[\"https:\/\/web.consaguirre.com.ar\/noticias\/dave-ball-de-soft-cell-muere-a-los-66-anos\/\"]}]},{\"@type\":\"ImageObject\",\"inLanguage\":\"es-AR\",\"@id\":\"https:\/\/web.consaguirre.com.ar\/noticias\/dave-ball-de-soft-cell-muere-a-los-66-anos\/#primaryimage\",\"url\":\"https:\/\/web.consaguirre.com.ar\/noticias\/wp-content\/uploads\/2025\/10\/Dave-Ball-de-Soft-Cell-muere-a-los-66-anos.jpg\",\"contentUrl\":\"https:\/\/web.consaguirre.com.ar\/noticias\/wp-content\/uploads\/2025\/10\/Dave-Ball-de-Soft-Cell-muere-a-los-66-anos.jpg\",\"width\":1440,\"height\":864,\"caption\":\"Dave Ball de Soft Cell muere a los 66 a\u00f1os\"},{\"@type\":\"BreadcrumbList\",\"@id\":\"https:\/\/web.consaguirre.com.ar\/noticias\/dave-ball-de-soft-cell-muere-a-los-66-anos\/#breadcrumb\",\"itemListElement\":[{\"@type\":\"ListItem\",\"position\":1,\"name\":\"Inicio\",\"item\":\"https:\/\/web.consaguirre.com.ar\/noticias\/\"},{\"@type\":\"ListItem\",\"position\":2,\"name\":\"Dave Ball de Soft Cell muere a los 66 a\u00f1os\"}]},{\"@type\":\"WebSite\",\"@id\":\"https:\/\/web.consaguirre.com.ar\/noticias\/#website\",\"url\":\"https:\/\/web.consaguirre.com.ar\/noticias\/\",\"name\":\"Conservatorio de M\u00fasica Juli\u00e1n Aguirre\",\"description\":\"\",\"publisher\":{\"@id\":\"https:\/\/web.consaguirre.com.ar\/noticias\/#organization\"},\"potentialAction\":[{\"@type\":\"SearchAction\",\"target\":{\"@type\":\"EntryPoint\",\"urlTemplate\":\"https:\/\/web.consaguirre.com.ar\/noticias\/?s={search_term_string}\"},\"query-input\":\"required name=search_term_string\"}],\"inLanguage\":\"es-AR\"},{\"@type\":\"Organization\",\"@id\":\"https:\/\/web.consaguirre.com.ar\/noticias\/#organization\",\"name\":\"Conservatorio de M\u00fasica Juli\u00e1n Aguirre\",\"url\":\"https:\/\/web.consaguirre.com.ar\/noticias\/\",\"logo\":{\"@type\":\"ImageObject\",\"inLanguage\":\"es-AR\",\"@id\":\"https:\/\/web.consaguirre.com.ar\/noticias\/#\/schema\/logo\/image\/\",\"url\":\"https:\/\/web.consaguirre.com.ar\/noticias\/wp-content\/uploads\/2024\/08\/Banner-Aguirre-23.jpg\",\"contentUrl\":\"https:\/\/web.consaguirre.com.ar\/noticias\/wp-content\/uploads\/2024\/08\/Banner-Aguirre-23.jpg\",\"width\":1192,\"height\":600,\"caption\":\"Conservatorio de M\u00fasica Juli\u00e1n Aguirre\"},\"image\":{\"@id\":\"https:\/\/web.consaguirre.com.ar\/noticias\/#\/schema\/logo\/image\/\"}},{\"@type\":\"Person\",\"@id\":\"https:\/\/web.consaguirre.com.ar\/noticias\/#\/schema\/person\/6558b0cfedee7ddc5425602b237d5722\",\"name\":\"Javier Figueroa\",\"image\":{\"@type\":\"ImageObject\",\"inLanguage\":\"es-AR\",\"@id\":\"https:\/\/web.consaguirre.com.ar\/noticias\/#\/schema\/person\/image\/\",\"url\":\"https:\/\/web.consaguirre.com.ar\/noticias\/wp-content\/uploads\/2024\/08\/Consaguirre-scaled.jpg\",\"contentUrl\":\"https:\/\/web.consaguirre.com.ar\/noticias\/wp-content\/uploads\/2024\/08\/Consaguirre-scaled.jpg\",\"caption\":\"Javier Figueroa\"},\"description\":\"Me llamo Javier Figueroa y soy redactor para el sitio oficial del Conservatorio de M\u00fasica Juli\u00e1n Aguirre en Buenos Aires, consaguirre.com. Apasionado por la m\u00fasica y la escritura, me esfuerzo por destacar los talentos y eventos de nuestra prestigiosa instituci\u00f3n. Mi trayectoria se nutre de una profunda admiraci\u00f3n por los artistas, haciendo de cada art\u00edculo una celebraci\u00f3n de la creatividad y la cultura musical.\",\"sameAs\":[\"https:\/\/web.consaguirre.com.ar\/noticias\"]}]}<\/script>\n<!-- \/ Yoast SEO plugin. -->","yoast_head_json":{"title":"Dave Ball de Soft Cell muere a los 66 a\u00f1os","robots":{"index":"index","follow":"follow","max-snippet":"max-snippet:-1","max-image-preview":"max-image-preview:large","max-video-preview":"max-video-preview:-1"},"canonical":"https:\/\/web.consaguirre.com.ar\/noticias\/dave-ball-de-soft-cell-muere-a-los-66-anos\/","og_locale":"es_ES","og_type":"article","og_title":"Dave Ball de Soft Cell muere a los 66 a\u00f1os","og_description":"Dave Ball, el m\u00fasico electr\u00f3nico que salt\u00f3 a la fama como la mitad del d\u00fao de pop sint\u00e9tico Soft Cell, falleci\u00f3. Representantes de Ball dijeron","og_url":"https:\/\/web.consaguirre.com.ar\/noticias\/dave-ball-de-soft-cell-muere-a-los-66-anos\/","og_site_name":"Conservatorio de M\u00fasica Juli\u00e1n Aguirre","article_published_time":"2025-10-23T20:38:42+00:00","article_modified_time":"2025-10-23T20:38:43+00:00","og_image":[{"width":1440,"height":864,"url":"https:\/\/web.consaguirre.com.ar\/noticias\/wp-content\/uploads\/2025\/10\/Dave-Ball-de-Soft-Cell-muere-a-los-66-anos.jpg","type":"image\/jpeg"}],"author":"Javier Figueroa","twitter_card":"summary_large_image","twitter_misc":{"Escrito por":"Javier Figueroa","Tiempo de lectura":"2 minutos"},"schema":{"@context":"https:\/\/schema.org","@graph":[{"@type":"Article","@id":"https:\/\/web.consaguirre.com.ar\/noticias\/dave-ball-de-soft-cell-muere-a-los-66-anos\/#article","isPartOf":{"@id":"https:\/\/web.consaguirre.com.ar\/noticias\/dave-ball-de-soft-cell-muere-a-los-66-anos\/"},"author":{"name":"Javier Figueroa","@id":"https:\/\/web.consaguirre.com.ar\/noticias\/#\/schema\/person\/6558b0cfedee7ddc5425602b237d5722"},"headline":"Dave Ball de Soft Cell muere a los 66 a\u00f1os","datePublished":"2025-10-23T20:38:42+00:00","dateModified":"2025-10-23T20:38:43+00:00","mainEntityOfPage":{"@id":"https:\/\/web.consaguirre.com.ar\/noticias\/dave-ball-de-soft-cell-muere-a-los-66-anos\/"},"wordCount":420,"publisher":{"@id":"https:\/\/web.consaguirre.com.ar\/noticias\/#organization"},"image":{"@id":"https:\/\/web.consaguirre.com.ar\/noticias\/dave-ball-de-soft-cell-muere-a-los-66-anos\/#primaryimage"},"thumbnailUrl":"https:\/\/web.consaguirre.com.ar\/noticias\/wp-content\/uploads\/2025\/10\/Dave-Ball-de-Soft-Cell-muere-a-los-66-anos.jpg","keywords":["a\u00f1os","Ball","Cell","Dave","los","muere","Soft"],"articleSection":["El \u00faltimo"],"inLanguage":"es-AR"},{"@type":"WebPage","@id":"https:\/\/web.consaguirre.com.ar\/noticias\/dave-ball-de-soft-cell-muere-a-los-66-anos\/","url":"https:\/\/web.consaguirre.com.ar\/noticias\/dave-ball-de-soft-cell-muere-a-los-66-anos\/","name":"Dave Ball de Soft Cell muere a los 66 a\u00f1os","isPartOf":{"@id":"https:\/\/web.consaguirre.com.ar\/noticias\/#website"},"primaryImageOfPage":{"@id":"https:\/\/web.consaguirre.com.ar\/noticias\/dave-ball-de-soft-cell-muere-a-los-66-anos\/#primaryimage"},"image":{"@id":"https:\/\/web.consaguirre.com.ar\/noticias\/dave-ball-de-soft-cell-muere-a-los-66-anos\/#primaryimage"},"thumbnailUrl":"https:\/\/web.consaguirre.com.ar\/noticias\/wp-content\/uploads\/2025\/10\/Dave-Ball-de-Soft-Cell-muere-a-los-66-anos.jpg","datePublished":"2025-10-23T20:38:42+00:00","dateModified":"2025-10-23T20:38:43+00:00","breadcrumb":{"@id":"https:\/\/web.consaguirre.com.ar\/noticias\/dave-ball-de-soft-cell-muere-a-los-66-anos\/#breadcrumb"},"inLanguage":"es-AR","potentialAction":[{"@type":"ReadAction","target":["https:\/\/web.consaguirre.com.ar\/noticias\/dave-ball-de-soft-cell-muere-a-los-66-anos\/"]}]},{"@type":"ImageObject","inLanguage":"es-AR","@id":"https:\/\/web.consaguirre.com.ar\/noticias\/dave-ball-de-soft-cell-muere-a-los-66-anos\/#primaryimage","url":"https:\/\/web.consaguirre.com.ar\/noticias\/wp-content\/uploads\/2025\/10\/Dave-Ball-de-Soft-Cell-muere-a-los-66-anos.jpg","contentUrl":"https:\/\/web.consaguirre.com.ar\/noticias\/wp-content\/uploads\/2025\/10\/Dave-Ball-de-Soft-Cell-muere-a-los-66-anos.jpg","width":1440,"height":864,"caption":"Dave Ball de Soft Cell muere a los 66 a\u00f1os"},{"@type":"BreadcrumbList","@id":"https:\/\/web.consaguirre.com.ar\/noticias\/dave-ball-de-soft-cell-muere-a-los-66-anos\/#breadcrumb","itemListElement":[{"@type":"ListItem","position":1,"name":"Inicio","item":"https:\/\/web.consaguirre.com.ar\/noticias\/"},{"@type":"ListItem","position":2,"name":"Dave Ball de Soft Cell muere a los 66 a\u00f1os"}]},{"@type":"WebSite","@id":"https:\/\/web.consaguirre.com.ar\/noticias\/#website","url":"https:\/\/web.consaguirre.com.ar\/noticias\/","name":"Conservatorio de M\u00fasica Juli\u00e1n Aguirre","description":"","publisher":{"@id":"https:\/\/web.consaguirre.com.ar\/noticias\/#organization"},"potentialAction":[{"@type":"SearchAction","target":{"@type":"EntryPoint","urlTemplate":"https:\/\/web.consaguirre.com.ar\/noticias\/?s={search_term_string}"},"query-input":"required name=search_term_string"}],"inLanguage":"es-AR"},{"@type":"Organization","@id":"https:\/\/web.consaguirre.com.ar\/noticias\/#organization","name":"Conservatorio de M\u00fasica Juli\u00e1n Aguirre","url":"https:\/\/web.consaguirre.com.ar\/noticias\/","logo":{"@type":"ImageObject","inLanguage":"es-AR","@id":"https:\/\/web.consaguirre.com.ar\/noticias\/#\/schema\/logo\/image\/","url":"https:\/\/web.consaguirre.com.ar\/noticias\/wp-content\/uploads\/2024\/08\/Banner-Aguirre-23.jpg","contentUrl":"https:\/\/web.consaguirre.com.ar\/noticias\/wp-content\/uploads\/2024\/08\/Banner-Aguirre-23.jpg","width":1192,"height":600,"caption":"Conservatorio de M\u00fasica Juli\u00e1n Aguirre"},"image":{"@id":"https:\/\/web.consaguirre.com.ar\/noticias\/#\/schema\/logo\/image\/"}},{"@type":"Person","@id":"https:\/\/web.consaguirre.com.ar\/noticias\/#\/schema\/person\/6558b0cfedee7ddc5425602b237d5722","name":"Javier Figueroa","image":{"@type":"ImageObject","inLanguage":"es-AR","@id":"https:\/\/web.consaguirre.com.ar\/noticias\/#\/schema\/person\/image\/","url":"https:\/\/web.consaguirre.com.ar\/noticias\/wp-content\/uploads\/2024\/08\/Consaguirre-scaled.jpg","contentUrl":"https:\/\/web.consaguirre.com.ar\/noticias\/wp-content\/uploads\/2024\/08\/Consaguirre-scaled.jpg","caption":"Javier Figueroa"},"description":"Me llamo Javier Figueroa y soy redactor para el sitio oficial del Conservatorio de M\u00fasica Juli\u00e1n Aguirre en Buenos Aires, consaguirre.com. Apasionado por la m\u00fasica y la escritura, me esfuerzo por destacar los talentos y eventos de nuestra prestigiosa instituci\u00f3n. Mi trayectoria se nutre de una profunda admiraci\u00f3n por los artistas, haciendo de cada art\u00edculo una celebraci\u00f3n de la creatividad y la cultura musical.","sameAs":["https:\/\/web.consaguirre.com.ar\/noticias"]}]}},"_links":{"self":[{"href":"https:\/\/web.consaguirre.com.ar\/noticias\/wp-json\/wp\/v2\/posts\/4147"}],"collection":[{"href":"https:\/\/web.consaguirre.com.ar\/noticias\/wp-json\/wp\/v2\/posts"}],"about":[{"href":"https:\/\/web.consaguirre.com.ar\/noticias\/wp-json\/wp\/v2\/types\/post"}],"author":[{"embeddable":true,"href":"https:\/\/web.consaguirre.com.ar\/noticias\/wp-json\/wp\/v2\/users\/1"}],"replies":[{"embeddable":true,"href":"https:\/\/web.consaguirre.com.ar\/noticias\/wp-json\/wp\/v2\/comments?post=4147"}],"version-history":[{"count":1,"href":"https:\/\/web.consaguirre.com.ar\/noticias\/wp-json\/wp\/v2\/posts\/4147\/revisions"}],"predecessor-version":[{"id":4149,"href":"https:\/\/web.consaguirre.com.ar\/noticias\/wp-json\/wp\/v2\/posts\/4147\/revisions\/4149"}],"wp:featuredmedia":[{"embeddable":true,"href":"https:\/\/web.consaguirre.com.ar\/noticias\/wp-json\/wp\/v2\/media\/4148"}],"wp:attachment":[{"href":"https:\/\/web.consaguirre.com.ar\/noticias\/wp-json\/wp\/v2\/media?parent=4147"}],"wp:term":[{"taxonomy":"category","embeddable":true,"href":"https:\/\/web.consaguirre.com.ar\/noticias\/wp-json\/wp\/v2\/categories?post=4147"},{"taxonomy":"post_tag","embeddable":true,"href":"https:\/\/web.consaguirre.com.ar\/noticias\/wp-json\/wp\/v2\/tags?post=4147"}],"curies":[{"name":"wp","href":"https:\/\/api.w.org\/{rel}","templated":true}]}}