{"id":413,"date":"2024-09-03T04:41:36","date_gmt":"2024-09-03T07:41:36","guid":{"rendered":"https:\/\/web.consaguirre.com.ar\/noticias\/finneas-anuncia-nuevo-album-for-cryin-out-loud\/"},"modified":"2024-09-08T16:27:49","modified_gmt":"2024-09-08T19:27:49","slug":"finneas-anuncia-nuevo-album-for-cryin-out-loud","status":"publish","type":"post","link":"https:\/\/web.consaguirre.com.ar\/noticias\/finneas-anuncia-nuevo-album-for-cryin-out-loud\/","title":{"rendered":"FINNEAS anuncia nuevo \u00e1lbum &#8216;For Cryin&#8217; Out Loud&#8217;"},"content":{"rendered":"<p><strong>Finneas<\/strong> ha anunciado su segundo \u00e1lbum de estudio, <em>Por el amor de Dios<\/em>El disco llegar\u00e1 el 4 de octubre.<\/p>\n<p>El cantautor ganador del premio Grammy produjo todo el disco \u00e9l mismo, inspir\u00e1ndose principalmente en una serie de sesiones de estudio en vivo que realiz\u00f3 en Los \u00c1ngeles. <em>Por el amor de Dios<\/em> sigue al disco debut de FINNEAS, OPTIMIST, que comparti\u00f3 en 2021. Realiz\u00f3 su primer espect\u00e1culo en vivo en Londres, en el Electric Ballroom, el 30 de agosto de 2023.<\/p>\n<p><strong>Orden FINNEAS <em>Por el amor de Dios<\/em> ahora.<\/strong><\/p>\n<p>El segundo proyecto en solitario de FINNEAS sigue a su hermana y socia creativa <strong>Billie Eilish<\/strong>El tercer disco de <em>Golp\u00e9ame fuerte y suave<\/em>que Finneas produjo. Su trabajo con Eilish en el <em>Barbie el \u00c1lbum<\/em> La canci\u00f3n \u201cWhat Was I Made For\u201d, que tambi\u00e9n coescribi\u00f3, le vali\u00f3 su segundo premio de la Academia a principios de este a\u00f1o, a la Mejor Canci\u00f3n Original. En 2023, el \u00e9xito de Eilish de 2019, \u201cBad Guy\u201d, se convirti\u00f3 en el primer sencillo oficial del d\u00fao con certificaci\u00f3n Diamante de la RIAA.<\/p>\n<div class=\"uD-YT-container\"><img decoding=\"async\" src=\"https:\/\/web.consaguirre.com.ar\/noticias\/wp-content\/uploads\/2024\/09\/1725349296_917_FINNEAS-anuncia-nuevo-album-For-Cryin-Out-Loud.jpg\" alt=\"V\u00eddeo de YouTube\"><\/p>\n<\/div>\n<p>\u201cWhat Was I Made For\u201d tambi\u00e9n le vali\u00f3 al d\u00fao un Globo de Oro este a\u00f1o, que Eilish acept\u00f3 con un discurso de agradecimiento a su hermano.<\/p>\n<p>\u201cNo me esperaba esto en este momento. Gracias a mi hermano, Finneas\u201d, comenz\u00f3. \u201cT\u00fa eres la raz\u00f3n por la que soy quien soy\u201d.<\/p>\n<p>En 2021, el propio FINNEAS tambi\u00e9n habl\u00f3 sobre su relaci\u00f3n de trabajo con Eilish, explicando parte de por qu\u00e9 su conexi\u00f3n se sent\u00eda tan especial.<\/p>\n<p>\u201cMe gusta trabajar con cualquiera de los que se me ocurran\u201d, dijo Finneas a NME en ese momento. \u201cNo he tenido una experiencia terrible trabajando con nadie. Pero creo que la intimidad de una relaci\u00f3n con un hermano es imposible de replicar o duplicar\u201d.<\/p>\n<p><strong>Orden FINNEAS <em>Por el amor de Dios<\/em> ahora.<\/strong><\/p>\n","protected":false},"excerpt":{"rendered":"<p>Finneas ha anunciado su segundo \u00e1lbum de estudio, Por el amor de DiosEl disco llegar\u00e1 el 4 de octubre. El cantautor ganador del premio Grammy<\/p>\n","protected":false},"author":1,"featured_media":414,"comment_status":"closed","ping_status":"open","sticky":false,"template":"","format":"standard","meta":{"footnotes":""},"categories":[50],"tags":[147,56,432,431,433,146],"class_list":["post-413","post","type-post","status-publish","format-standard","has-post-thumbnail","hentry","category-el-ultimo","tag-album","tag-anuncia","tag-cryin","tag-finneas","tag-loud","tag-nuevo","generate-columns","tablet-grid-50","mobile-grid-100","grid-parent","grid-50"],"yoast_head":"<!-- This site is optimized with the Yoast SEO plugin v23.3 - https:\/\/yoast.com\/wordpress\/plugins\/seo\/ -->\n<title>FINNEAS anuncia nuevo \u00e1lbum &#039;For Cryin&#039; Out Loud&#039;<\/title>\n<meta name=\"robots\" content=\"index, follow, max-snippet:-1, max-image-preview:large, max-video-preview:-1\" \/>\n<link rel=\"canonical\" href=\"https:\/\/web.consaguirre.com.ar\/noticias\/finneas-anuncia-nuevo-album-for-cryin-out-loud\/\" \/>\n<meta property=\"og:locale\" content=\"es_ES\" \/>\n<meta property=\"og:type\" content=\"article\" \/>\n<meta property=\"og:title\" content=\"FINNEAS anuncia nuevo \u00e1lbum &#039;For Cryin&#039; Out Loud&#039;\" \/>\n<meta property=\"og:description\" content=\"Finneas ha anunciado su segundo \u00e1lbum de estudio, Por el amor de DiosEl disco llegar\u00e1 el 4 de octubre. El cantautor ganador del premio Grammy\" \/>\n<meta property=\"og:url\" content=\"https:\/\/web.consaguirre.com.ar\/noticias\/finneas-anuncia-nuevo-album-for-cryin-out-loud\/\" \/>\n<meta property=\"og:site_name\" content=\"Conservatorio de M\u00fasica Juli\u00e1n Aguirre\" \/>\n<meta property=\"article:published_time\" content=\"2024-09-03T07:41:36+00:00\" \/>\n<meta property=\"article:modified_time\" content=\"2024-09-08T19:27:49+00:00\" \/>\n<meta property=\"og:image\" content=\"https:\/\/web.consaguirre.com.ar\/noticias\/wp-content\/uploads\/2024\/09\/FINNEAS-anuncia-nuevo-album-For-Cryin-Out-Loud.jpg\" \/>\n\t<meta property=\"og:image:width\" content=\"1280\" \/>\n\t<meta property=\"og:image:height\" content=\"1280\" \/>\n\t<meta property=\"og:image:type\" content=\"image\/jpeg\" \/>\n<meta name=\"author\" content=\"Javier Figueroa\" \/>\n<meta name=\"twitter:card\" content=\"summary_large_image\" \/>\n<meta name=\"twitter:label1\" content=\"Escrito por\" \/>\n\t<meta name=\"twitter:data1\" content=\"Javier Figueroa\" \/>\n\t<meta name=\"twitter:label2\" content=\"Tiempo de lectura\" \/>\n\t<meta name=\"twitter:data2\" content=\"2 minutos\" \/>\n<script type=\"application\/ld+json\" class=\"yoast-schema-graph\">{\"@context\":\"https:\/\/schema.org\",\"@graph\":[{\"@type\":\"Article\",\"@id\":\"https:\/\/web.consaguirre.com.ar\/noticias\/finneas-anuncia-nuevo-album-for-cryin-out-loud\/#article\",\"isPartOf\":{\"@id\":\"https:\/\/web.consaguirre.com.ar\/noticias\/finneas-anuncia-nuevo-album-for-cryin-out-loud\/\"},\"author\":{\"name\":\"Javier Figueroa\",\"@id\":\"https:\/\/web.consaguirre.com.ar\/noticias\/#\/schema\/person\/6558b0cfedee7ddc5425602b237d5722\"},\"headline\":\"FINNEAS anuncia nuevo \u00e1lbum &#8216;For Cryin&#8217; Out Loud&#8217;\",\"datePublished\":\"2024-09-03T07:41:36+00:00\",\"dateModified\":\"2024-09-08T19:27:49+00:00\",\"mainEntityOfPage\":{\"@id\":\"https:\/\/web.consaguirre.com.ar\/noticias\/finneas-anuncia-nuevo-album-for-cryin-out-loud\/\"},\"wordCount\":322,\"publisher\":{\"@id\":\"https:\/\/web.consaguirre.com.ar\/noticias\/#organization\"},\"image\":{\"@id\":\"https:\/\/web.consaguirre.com.ar\/noticias\/finneas-anuncia-nuevo-album-for-cryin-out-loud\/#primaryimage\"},\"thumbnailUrl\":\"https:\/\/web.consaguirre.com.ar\/noticias\/wp-content\/uploads\/2024\/09\/FINNEAS-anuncia-nuevo-album-For-Cryin-Out-Loud.jpg\",\"keywords\":[\"\u00e1lbum\",\"anuncia\",\"Cryin\",\"FINNEAS\",\"Loud\",\"nuevo\"],\"articleSection\":[\"El \u00faltimo\"],\"inLanguage\":\"es-AR\"},{\"@type\":\"WebPage\",\"@id\":\"https:\/\/web.consaguirre.com.ar\/noticias\/finneas-anuncia-nuevo-album-for-cryin-out-loud\/\",\"url\":\"https:\/\/web.consaguirre.com.ar\/noticias\/finneas-anuncia-nuevo-album-for-cryin-out-loud\/\",\"name\":\"FINNEAS anuncia nuevo \u00e1lbum 'For Cryin' Out Loud'\",\"isPartOf\":{\"@id\":\"https:\/\/web.consaguirre.com.ar\/noticias\/#website\"},\"primaryImageOfPage\":{\"@id\":\"https:\/\/web.consaguirre.com.ar\/noticias\/finneas-anuncia-nuevo-album-for-cryin-out-loud\/#primaryimage\"},\"image\":{\"@id\":\"https:\/\/web.consaguirre.com.ar\/noticias\/finneas-anuncia-nuevo-album-for-cryin-out-loud\/#primaryimage\"},\"thumbnailUrl\":\"https:\/\/web.consaguirre.com.ar\/noticias\/wp-content\/uploads\/2024\/09\/FINNEAS-anuncia-nuevo-album-For-Cryin-Out-Loud.jpg\",\"datePublished\":\"2024-09-03T07:41:36+00:00\",\"dateModified\":\"2024-09-08T19:27:49+00:00\",\"breadcrumb\":{\"@id\":\"https:\/\/web.consaguirre.com.ar\/noticias\/finneas-anuncia-nuevo-album-for-cryin-out-loud\/#breadcrumb\"},\"inLanguage\":\"es-AR\",\"potentialAction\":[{\"@type\":\"ReadAction\",\"target\":[\"https:\/\/web.consaguirre.com.ar\/noticias\/finneas-anuncia-nuevo-album-for-cryin-out-loud\/\"]}]},{\"@type\":\"ImageObject\",\"inLanguage\":\"es-AR\",\"@id\":\"https:\/\/web.consaguirre.com.ar\/noticias\/finneas-anuncia-nuevo-album-for-cryin-out-loud\/#primaryimage\",\"url\":\"https:\/\/web.consaguirre.com.ar\/noticias\/wp-content\/uploads\/2024\/09\/FINNEAS-anuncia-nuevo-album-For-Cryin-Out-Loud.jpg\",\"contentUrl\":\"https:\/\/web.consaguirre.com.ar\/noticias\/wp-content\/uploads\/2024\/09\/FINNEAS-anuncia-nuevo-album-For-Cryin-Out-Loud.jpg\",\"width\":1280,\"height\":1280,\"caption\":\"FINNEAS anuncia nuevo \u00e1lbum 'For Cryin' Out Loud'\"},{\"@type\":\"BreadcrumbList\",\"@id\":\"https:\/\/web.consaguirre.com.ar\/noticias\/finneas-anuncia-nuevo-album-for-cryin-out-loud\/#breadcrumb\",\"itemListElement\":[{\"@type\":\"ListItem\",\"position\":1,\"name\":\"Inicio\",\"item\":\"https:\/\/web.consaguirre.com.ar\/noticias\/\"},{\"@type\":\"ListItem\",\"position\":2,\"name\":\"FINNEAS anuncia nuevo \u00e1lbum &#8216;For Cryin&#8217; Out Loud&#8217;\"}]},{\"@type\":\"WebSite\",\"@id\":\"https:\/\/web.consaguirre.com.ar\/noticias\/#website\",\"url\":\"https:\/\/web.consaguirre.com.ar\/noticias\/\",\"name\":\"Conservatorio de M\u00fasica Juli\u00e1n Aguirre\",\"description\":\"\",\"publisher\":{\"@id\":\"https:\/\/web.consaguirre.com.ar\/noticias\/#organization\"},\"potentialAction\":[{\"@type\":\"SearchAction\",\"target\":{\"@type\":\"EntryPoint\",\"urlTemplate\":\"https:\/\/web.consaguirre.com.ar\/noticias\/?s={search_term_string}\"},\"query-input\":\"required name=search_term_string\"}],\"inLanguage\":\"es-AR\"},{\"@type\":\"Organization\",\"@id\":\"https:\/\/web.consaguirre.com.ar\/noticias\/#organization\",\"name\":\"Conservatorio de M\u00fasica Juli\u00e1n Aguirre\",\"url\":\"https:\/\/web.consaguirre.com.ar\/noticias\/\",\"logo\":{\"@type\":\"ImageObject\",\"inLanguage\":\"es-AR\",\"@id\":\"https:\/\/web.consaguirre.com.ar\/noticias\/#\/schema\/logo\/image\/\",\"url\":\"https:\/\/web.consaguirre.com.ar\/noticias\/wp-content\/uploads\/2024\/08\/Banner-Aguirre-23.jpg\",\"contentUrl\":\"https:\/\/web.consaguirre.com.ar\/noticias\/wp-content\/uploads\/2024\/08\/Banner-Aguirre-23.jpg\",\"width\":1192,\"height\":600,\"caption\":\"Conservatorio de M\u00fasica Juli\u00e1n Aguirre\"},\"image\":{\"@id\":\"https:\/\/web.consaguirre.com.ar\/noticias\/#\/schema\/logo\/image\/\"}},{\"@type\":\"Person\",\"@id\":\"https:\/\/web.consaguirre.com.ar\/noticias\/#\/schema\/person\/6558b0cfedee7ddc5425602b237d5722\",\"name\":\"Javier Figueroa\",\"image\":{\"@type\":\"ImageObject\",\"inLanguage\":\"es-AR\",\"@id\":\"https:\/\/web.consaguirre.com.ar\/noticias\/#\/schema\/person\/image\/\",\"url\":\"https:\/\/web.consaguirre.com.ar\/noticias\/wp-content\/uploads\/2024\/08\/Consaguirre-scaled.jpg\",\"contentUrl\":\"https:\/\/web.consaguirre.com.ar\/noticias\/wp-content\/uploads\/2024\/08\/Consaguirre-scaled.jpg\",\"caption\":\"Javier Figueroa\"},\"description\":\"Me llamo Javier Figueroa y soy redactor para el sitio oficial del Conservatorio de M\u00fasica Juli\u00e1n Aguirre en Buenos Aires, consaguirre.com. Apasionado por la m\u00fasica y la escritura, me esfuerzo por destacar los talentos y eventos de nuestra prestigiosa instituci\u00f3n. Mi trayectoria se nutre de una profunda admiraci\u00f3n por los artistas, haciendo de cada art\u00edculo una celebraci\u00f3n de la creatividad y la cultura musical.\",\"sameAs\":[\"https:\/\/web.consaguirre.com.ar\/noticias\"]}]}<\/script>\n<!-- \/ Yoast SEO plugin. -->","yoast_head_json":{"title":"FINNEAS anuncia nuevo \u00e1lbum 'For Cryin' Out Loud'","robots":{"index":"index","follow":"follow","max-snippet":"max-snippet:-1","max-image-preview":"max-image-preview:large","max-video-preview":"max-video-preview:-1"},"canonical":"https:\/\/web.consaguirre.com.ar\/noticias\/finneas-anuncia-nuevo-album-for-cryin-out-loud\/","og_locale":"es_ES","og_type":"article","og_title":"FINNEAS anuncia nuevo \u00e1lbum 'For Cryin' Out Loud'","og_description":"Finneas ha anunciado su segundo \u00e1lbum de estudio, Por el amor de DiosEl disco llegar\u00e1 el 4 de octubre. El cantautor ganador del premio Grammy","og_url":"https:\/\/web.consaguirre.com.ar\/noticias\/finneas-anuncia-nuevo-album-for-cryin-out-loud\/","og_site_name":"Conservatorio de M\u00fasica Juli\u00e1n Aguirre","article_published_time":"2024-09-03T07:41:36+00:00","article_modified_time":"2024-09-08T19:27:49+00:00","og_image":[{"width":1280,"height":1280,"url":"https:\/\/web.consaguirre.com.ar\/noticias\/wp-content\/uploads\/2024\/09\/FINNEAS-anuncia-nuevo-album-For-Cryin-Out-Loud.jpg","type":"image\/jpeg"}],"author":"Javier Figueroa","twitter_card":"summary_large_image","twitter_misc":{"Escrito por":"Javier Figueroa","Tiempo de lectura":"2 minutos"},"schema":{"@context":"https:\/\/schema.org","@graph":[{"@type":"Article","@id":"https:\/\/web.consaguirre.com.ar\/noticias\/finneas-anuncia-nuevo-album-for-cryin-out-loud\/#article","isPartOf":{"@id":"https:\/\/web.consaguirre.com.ar\/noticias\/finneas-anuncia-nuevo-album-for-cryin-out-loud\/"},"author":{"name":"Javier Figueroa","@id":"https:\/\/web.consaguirre.com.ar\/noticias\/#\/schema\/person\/6558b0cfedee7ddc5425602b237d5722"},"headline":"FINNEAS anuncia nuevo \u00e1lbum &#8216;For Cryin&#8217; Out Loud&#8217;","datePublished":"2024-09-03T07:41:36+00:00","dateModified":"2024-09-08T19:27:49+00:00","mainEntityOfPage":{"@id":"https:\/\/web.consaguirre.com.ar\/noticias\/finneas-anuncia-nuevo-album-for-cryin-out-loud\/"},"wordCount":322,"publisher":{"@id":"https:\/\/web.consaguirre.com.ar\/noticias\/#organization"},"image":{"@id":"https:\/\/web.consaguirre.com.ar\/noticias\/finneas-anuncia-nuevo-album-for-cryin-out-loud\/#primaryimage"},"thumbnailUrl":"https:\/\/web.consaguirre.com.ar\/noticias\/wp-content\/uploads\/2024\/09\/FINNEAS-anuncia-nuevo-album-For-Cryin-Out-Loud.jpg","keywords":["\u00e1lbum","anuncia","Cryin","FINNEAS","Loud","nuevo"],"articleSection":["El \u00faltimo"],"inLanguage":"es-AR"},{"@type":"WebPage","@id":"https:\/\/web.consaguirre.com.ar\/noticias\/finneas-anuncia-nuevo-album-for-cryin-out-loud\/","url":"https:\/\/web.consaguirre.com.ar\/noticias\/finneas-anuncia-nuevo-album-for-cryin-out-loud\/","name":"FINNEAS anuncia nuevo \u00e1lbum 'For Cryin' Out Loud'","isPartOf":{"@id":"https:\/\/web.consaguirre.com.ar\/noticias\/#website"},"primaryImageOfPage":{"@id":"https:\/\/web.consaguirre.com.ar\/noticias\/finneas-anuncia-nuevo-album-for-cryin-out-loud\/#primaryimage"},"image":{"@id":"https:\/\/web.consaguirre.com.ar\/noticias\/finneas-anuncia-nuevo-album-for-cryin-out-loud\/#primaryimage"},"thumbnailUrl":"https:\/\/web.consaguirre.com.ar\/noticias\/wp-content\/uploads\/2024\/09\/FINNEAS-anuncia-nuevo-album-For-Cryin-Out-Loud.jpg","datePublished":"2024-09-03T07:41:36+00:00","dateModified":"2024-09-08T19:27:49+00:00","breadcrumb":{"@id":"https:\/\/web.consaguirre.com.ar\/noticias\/finneas-anuncia-nuevo-album-for-cryin-out-loud\/#breadcrumb"},"inLanguage":"es-AR","potentialAction":[{"@type":"ReadAction","target":["https:\/\/web.consaguirre.com.ar\/noticias\/finneas-anuncia-nuevo-album-for-cryin-out-loud\/"]}]},{"@type":"ImageObject","inLanguage":"es-AR","@id":"https:\/\/web.consaguirre.com.ar\/noticias\/finneas-anuncia-nuevo-album-for-cryin-out-loud\/#primaryimage","url":"https:\/\/web.consaguirre.com.ar\/noticias\/wp-content\/uploads\/2024\/09\/FINNEAS-anuncia-nuevo-album-For-Cryin-Out-Loud.jpg","contentUrl":"https:\/\/web.consaguirre.com.ar\/noticias\/wp-content\/uploads\/2024\/09\/FINNEAS-anuncia-nuevo-album-For-Cryin-Out-Loud.jpg","width":1280,"height":1280,"caption":"FINNEAS anuncia nuevo \u00e1lbum 'For Cryin' Out Loud'"},{"@type":"BreadcrumbList","@id":"https:\/\/web.consaguirre.com.ar\/noticias\/finneas-anuncia-nuevo-album-for-cryin-out-loud\/#breadcrumb","itemListElement":[{"@type":"ListItem","position":1,"name":"Inicio","item":"https:\/\/web.consaguirre.com.ar\/noticias\/"},{"@type":"ListItem","position":2,"name":"FINNEAS anuncia nuevo \u00e1lbum &#8216;For Cryin&#8217; Out Loud&#8217;"}]},{"@type":"WebSite","@id":"https:\/\/web.consaguirre.com.ar\/noticias\/#website","url":"https:\/\/web.consaguirre.com.ar\/noticias\/","name":"Conservatorio de M\u00fasica Juli\u00e1n Aguirre","description":"","publisher":{"@id":"https:\/\/web.consaguirre.com.ar\/noticias\/#organization"},"potentialAction":[{"@type":"SearchAction","target":{"@type":"EntryPoint","urlTemplate":"https:\/\/web.consaguirre.com.ar\/noticias\/?s={search_term_string}"},"query-input":"required name=search_term_string"}],"inLanguage":"es-AR"},{"@type":"Organization","@id":"https:\/\/web.consaguirre.com.ar\/noticias\/#organization","name":"Conservatorio de M\u00fasica Juli\u00e1n Aguirre","url":"https:\/\/web.consaguirre.com.ar\/noticias\/","logo":{"@type":"ImageObject","inLanguage":"es-AR","@id":"https:\/\/web.consaguirre.com.ar\/noticias\/#\/schema\/logo\/image\/","url":"https:\/\/web.consaguirre.com.ar\/noticias\/wp-content\/uploads\/2024\/08\/Banner-Aguirre-23.jpg","contentUrl":"https:\/\/web.consaguirre.com.ar\/noticias\/wp-content\/uploads\/2024\/08\/Banner-Aguirre-23.jpg","width":1192,"height":600,"caption":"Conservatorio de M\u00fasica Juli\u00e1n Aguirre"},"image":{"@id":"https:\/\/web.consaguirre.com.ar\/noticias\/#\/schema\/logo\/image\/"}},{"@type":"Person","@id":"https:\/\/web.consaguirre.com.ar\/noticias\/#\/schema\/person\/6558b0cfedee7ddc5425602b237d5722","name":"Javier Figueroa","image":{"@type":"ImageObject","inLanguage":"es-AR","@id":"https:\/\/web.consaguirre.com.ar\/noticias\/#\/schema\/person\/image\/","url":"https:\/\/web.consaguirre.com.ar\/noticias\/wp-content\/uploads\/2024\/08\/Consaguirre-scaled.jpg","contentUrl":"https:\/\/web.consaguirre.com.ar\/noticias\/wp-content\/uploads\/2024\/08\/Consaguirre-scaled.jpg","caption":"Javier Figueroa"},"description":"Me llamo Javier Figueroa y soy redactor para el sitio oficial del Conservatorio de M\u00fasica Juli\u00e1n Aguirre en Buenos Aires, consaguirre.com. Apasionado por la m\u00fasica y la escritura, me esfuerzo por destacar los talentos y eventos de nuestra prestigiosa instituci\u00f3n. Mi trayectoria se nutre de una profunda admiraci\u00f3n por los artistas, haciendo de cada art\u00edculo una celebraci\u00f3n de la creatividad y la cultura musical.","sameAs":["https:\/\/web.consaguirre.com.ar\/noticias"]}]}},"_links":{"self":[{"href":"https:\/\/web.consaguirre.com.ar\/noticias\/wp-json\/wp\/v2\/posts\/413"}],"collection":[{"href":"https:\/\/web.consaguirre.com.ar\/noticias\/wp-json\/wp\/v2\/posts"}],"about":[{"href":"https:\/\/web.consaguirre.com.ar\/noticias\/wp-json\/wp\/v2\/types\/post"}],"author":[{"embeddable":true,"href":"https:\/\/web.consaguirre.com.ar\/noticias\/wp-json\/wp\/v2\/users\/1"}],"replies":[{"embeddable":true,"href":"https:\/\/web.consaguirre.com.ar\/noticias\/wp-json\/wp\/v2\/comments?post=413"}],"version-history":[{"count":1,"href":"https:\/\/web.consaguirre.com.ar\/noticias\/wp-json\/wp\/v2\/posts\/413\/revisions"}],"predecessor-version":[{"id":415,"href":"https:\/\/web.consaguirre.com.ar\/noticias\/wp-json\/wp\/v2\/posts\/413\/revisions\/415"}],"wp:featuredmedia":[{"embeddable":true,"href":"https:\/\/web.consaguirre.com.ar\/noticias\/wp-json\/wp\/v2\/media\/414"}],"wp:attachment":[{"href":"https:\/\/web.consaguirre.com.ar\/noticias\/wp-json\/wp\/v2\/media?parent=413"}],"wp:term":[{"taxonomy":"category","embeddable":true,"href":"https:\/\/web.consaguirre.com.ar\/noticias\/wp-json\/wp\/v2\/categories?post=413"},{"taxonomy":"post_tag","embeddable":true,"href":"https:\/\/web.consaguirre.com.ar\/noticias\/wp-json\/wp\/v2\/tags?post=413"}],"curies":[{"name":"wp","href":"https:\/\/api.w.org\/{rel}","templated":true}]}}