{"id":4084,"date":"2025-10-17T17:38:09","date_gmt":"2025-10-17T20:38:09","guid":{"rendered":"https:\/\/web.consaguirre.com.ar\/noticias\/enter-the-dru-de-dru-hill-obtiene-una-reedicion-por-su-25-aniversario\/"},"modified":"2025-10-17T17:38:10","modified_gmt":"2025-10-17T20:38:10","slug":"enter-the-dru-de-dru-hill-obtiene-una-reedicion-por-su-25-aniversario","status":"publish","type":"post","link":"https:\/\/web.consaguirre.com.ar\/noticias\/enter-the-dru-de-dru-hill-obtiene-una-reedicion-por-su-25-aniversario\/","title":{"rendered":"&#8216;Enter The Dru&#8217; de Dru Hill obtiene una reedici\u00f3n por su 25 aniversario"},"content":{"rendered":"<p>En celebraci\u00f3n del 25 aniversario de Dru Hill&#8217;s <em>Entra el Dru<\/em>el \u00e1lbum llegar\u00e1 en vinilo por primera vez. La reedici\u00f3n, que se anunci\u00f3 hoy, se lanzar\u00e1 el 24 de octubre en vinilo negro est\u00e1ndar 2LP.<\/p>\n<p>Lanzado originalmente en 1998, <em>Entra el Dru<\/em> (cuyo t\u00edtulo se inspir\u00f3 en la pel\u00edcula de Bruce Lee de 1973, <em>Entra el drag\u00f3n<\/em>), marc\u00f3 el segundo \u00e1lbum del grupo de R&#038;B, despu\u00e9s del de 1996. <em>Colina Dru<\/em> debut. Inclu\u00eda cl\u00e1sicos del R&#038;B como \u201cHow Deep Is Your Love\u201d, \u201cThese Are The Times\u201d, \u201cBeauty\u201d y \u201cYou Are Everything\u201d.<\/p>\n<div class=\"uD-YT-container\"><img decoding=\"async\" src=\"https:\/\/web.consaguirre.com.ar\/noticias\/wp-content\/uploads\/2025\/10\/1760733489_703_Enter-The-Dru-de-Dru-Hill-obtiene-una-reedicion-por.jpg\" alt=\"V\u00eddeo de YouTube\"><br \/>Haga clic para cargar v\u00eddeo<\/div>\n<p>\u201cHow Deep Is Your Love\u201d, el mayor \u00e9xito de Dru Hill hasta la fecha, estuvo tres semanas en la cima de la lista de R&#038;B de Estados Unidos y alcanz\u00f3 el puesto n\u00famero 3 en la lista Billboard Hot 100. Su remix con Redman se incluy\u00f3 en la banda sonora de la pel\u00edcula de 1998. <em>Hora punta<\/em>. \u201cThese Are The Times\u201d, coescrita y coproducida por Babyface, alcanz\u00f3 el puesto 21 en el Billboard Hot 100 y el puesto 5 en la lista Billboard R&#038;B. <em>Entra el Dru<\/em> alcanz\u00f3 el puesto n\u00famero 2 tanto en el Billboard 200 como en la lista de \u00e1lbumes de R&#038;B, y luego recibi\u00f3 una certificaci\u00f3n de doble platino.<\/p>\n<p>Siguiente <em>Entra el Dru<\/em>el grupo lanz\u00f3 el a\u00f1o 2002 <em>Orden Mundial Dru<\/em> y 2010 <em>D\u00eda de la Independencia<\/em>. En 1999, el cantante Sisqo se embarc\u00f3 en su carrera en solitario con <em>Libera al Drag\u00f3n<\/em>conocido por sus exitosos sencillos &#8220;Thong Song&#8221; e &#8220;Incomplete&#8221;. Sigui\u00f3 con 2001. <em>El regreso del drag\u00f3n<\/em> y 2015 <em>\u00faltimo drag\u00f3n<\/em>.<\/p>\n<p>Dru Hill permanece activo en la escena del R&#038;B, lanza nueva m\u00fasica y realiza giras con frecuencia. En 2020, lanzaron su sencillo de regreso, &#8220;What You Need&#8221;. En 2023, se embarcaron en la gira Summer Block Party Presents: Jodeci, SWV &#038; Dru Hill junto con otros grupos de R&#038;B de los 90, Jodeci y SWV. El mes pasado, el \u00edcono del R&#038;B Keith Sweat anunci\u00f3 su The R&#038;B Lovers Tour con los invitados especiales Dru Hill, Joe y Ginuwine. La caminata comienza el 13 de febrero de 2026 y finaliza el 2 de junio de 2026.<\/p>\n<p><b>Compre ahora la m\u00fasica de Dru Hill en vinilo o CD.<\/b><\/p>\n","protected":false},"excerpt":{"rendered":"<p>En celebraci\u00f3n del 25 aniversario de Dru Hill&#8217;s Entra el Druel \u00e1lbum llegar\u00e1 en vinilo por primera vez. La reedici\u00f3n, que se anunci\u00f3 hoy, se<\/p>\n","protected":false},"author":1,"featured_media":4085,"comment_status":"closed","ping_status":"","sticky":false,"template":"","format":"standard","meta":{"footnotes":""},"categories":[50],"tags":[98,3387,3386,198,800,96,117,191],"class_list":["post-4084","post","type-post","status-publish","format-standard","has-post-thumbnail","hentry","category-el-ultimo","tag-aniversario","tag-dru","tag-enter","tag-hill","tag-obtiene","tag-por","tag-reedicion","tag-una","generate-columns","tablet-grid-50","mobile-grid-100","grid-parent","grid-50"],"yoast_head":"<!-- This site is optimized with the Yoast SEO plugin v23.3 - https:\/\/yoast.com\/wordpress\/plugins\/seo\/ -->\n<title>&#039;Enter The Dru&#039; de Dru Hill obtiene una reedici\u00f3n por su 25 aniversario<\/title>\n<meta name=\"robots\" content=\"index, follow, max-snippet:-1, max-image-preview:large, max-video-preview:-1\" \/>\n<link rel=\"canonical\" href=\"https:\/\/web.consaguirre.com.ar\/noticias\/enter-the-dru-de-dru-hill-obtiene-una-reedicion-por-su-25-aniversario\/\" \/>\n<meta property=\"og:locale\" content=\"es_ES\" \/>\n<meta property=\"og:type\" content=\"article\" \/>\n<meta property=\"og:title\" content=\"&#039;Enter The Dru&#039; de Dru Hill obtiene una reedici\u00f3n por su 25 aniversario\" \/>\n<meta property=\"og:description\" content=\"En celebraci\u00f3n del 25 aniversario de Dru Hill&#8217;s Entra el Druel \u00e1lbum llegar\u00e1 en vinilo por primera vez. La reedici\u00f3n, que se anunci\u00f3 hoy, se\" \/>\n<meta property=\"og:url\" content=\"https:\/\/web.consaguirre.com.ar\/noticias\/enter-the-dru-de-dru-hill-obtiene-una-reedicion-por-su-25-aniversario\/\" \/>\n<meta property=\"og:site_name\" content=\"Conservatorio de M\u00fasica Juli\u00e1n Aguirre\" \/>\n<meta property=\"article:published_time\" content=\"2025-10-17T20:38:09+00:00\" \/>\n<meta property=\"article:modified_time\" content=\"2025-10-17T20:38:10+00:00\" \/>\n<meta property=\"og:image\" content=\"https:\/\/web.consaguirre.com.ar\/noticias\/wp-content\/uploads\/2025\/10\/Enter-The-Dru-de-Dru-Hill-obtiene-una-reedicion-por.jpg\" \/>\n\t<meta property=\"og:image:width\" content=\"1440\" \/>\n\t<meta property=\"og:image:height\" content=\"864\" \/>\n\t<meta property=\"og:image:type\" content=\"image\/jpeg\" \/>\n<meta name=\"author\" content=\"Javier Figueroa\" \/>\n<meta name=\"twitter:card\" content=\"summary_large_image\" \/>\n<meta name=\"twitter:label1\" content=\"Escrito por\" \/>\n\t<meta name=\"twitter:data1\" content=\"Javier Figueroa\" \/>\n\t<meta name=\"twitter:label2\" content=\"Tiempo de lectura\" \/>\n\t<meta name=\"twitter:data2\" content=\"2 minutos\" \/>\n<script type=\"application\/ld+json\" class=\"yoast-schema-graph\">{\"@context\":\"https:\/\/schema.org\",\"@graph\":[{\"@type\":\"Article\",\"@id\":\"https:\/\/web.consaguirre.com.ar\/noticias\/enter-the-dru-de-dru-hill-obtiene-una-reedicion-por-su-25-aniversario\/#article\",\"isPartOf\":{\"@id\":\"https:\/\/web.consaguirre.com.ar\/noticias\/enter-the-dru-de-dru-hill-obtiene-una-reedicion-por-su-25-aniversario\/\"},\"author\":{\"name\":\"Javier Figueroa\",\"@id\":\"https:\/\/web.consaguirre.com.ar\/noticias\/#\/schema\/person\/6558b0cfedee7ddc5425602b237d5722\"},\"headline\":\"&#8216;Enter The Dru&#8217; de Dru Hill obtiene una reedici\u00f3n por su 25 aniversario\",\"datePublished\":\"2025-10-17T20:38:09+00:00\",\"dateModified\":\"2025-10-17T20:38:10+00:00\",\"mainEntityOfPage\":{\"@id\":\"https:\/\/web.consaguirre.com.ar\/noticias\/enter-the-dru-de-dru-hill-obtiene-una-reedicion-por-su-25-aniversario\/\"},\"wordCount\":387,\"publisher\":{\"@id\":\"https:\/\/web.consaguirre.com.ar\/noticias\/#organization\"},\"image\":{\"@id\":\"https:\/\/web.consaguirre.com.ar\/noticias\/enter-the-dru-de-dru-hill-obtiene-una-reedicion-por-su-25-aniversario\/#primaryimage\"},\"thumbnailUrl\":\"https:\/\/web.consaguirre.com.ar\/noticias\/wp-content\/uploads\/2025\/10\/Enter-The-Dru-de-Dru-Hill-obtiene-una-reedicion-por.jpg\",\"keywords\":[\"aniversario\",\"Dru\",\"Enter\",\"Hill\",\"obtiene\",\"por\",\"reedici\u00f3n\",\"una\"],\"articleSection\":[\"El \u00faltimo\"],\"inLanguage\":\"es-AR\"},{\"@type\":\"WebPage\",\"@id\":\"https:\/\/web.consaguirre.com.ar\/noticias\/enter-the-dru-de-dru-hill-obtiene-una-reedicion-por-su-25-aniversario\/\",\"url\":\"https:\/\/web.consaguirre.com.ar\/noticias\/enter-the-dru-de-dru-hill-obtiene-una-reedicion-por-su-25-aniversario\/\",\"name\":\"'Enter The Dru' de Dru Hill obtiene una reedici\u00f3n por su 25 aniversario\",\"isPartOf\":{\"@id\":\"https:\/\/web.consaguirre.com.ar\/noticias\/#website\"},\"primaryImageOfPage\":{\"@id\":\"https:\/\/web.consaguirre.com.ar\/noticias\/enter-the-dru-de-dru-hill-obtiene-una-reedicion-por-su-25-aniversario\/#primaryimage\"},\"image\":{\"@id\":\"https:\/\/web.consaguirre.com.ar\/noticias\/enter-the-dru-de-dru-hill-obtiene-una-reedicion-por-su-25-aniversario\/#primaryimage\"},\"thumbnailUrl\":\"https:\/\/web.consaguirre.com.ar\/noticias\/wp-content\/uploads\/2025\/10\/Enter-The-Dru-de-Dru-Hill-obtiene-una-reedicion-por.jpg\",\"datePublished\":\"2025-10-17T20:38:09+00:00\",\"dateModified\":\"2025-10-17T20:38:10+00:00\",\"breadcrumb\":{\"@id\":\"https:\/\/web.consaguirre.com.ar\/noticias\/enter-the-dru-de-dru-hill-obtiene-una-reedicion-por-su-25-aniversario\/#breadcrumb\"},\"inLanguage\":\"es-AR\",\"potentialAction\":[{\"@type\":\"ReadAction\",\"target\":[\"https:\/\/web.consaguirre.com.ar\/noticias\/enter-the-dru-de-dru-hill-obtiene-una-reedicion-por-su-25-aniversario\/\"]}]},{\"@type\":\"ImageObject\",\"inLanguage\":\"es-AR\",\"@id\":\"https:\/\/web.consaguirre.com.ar\/noticias\/enter-the-dru-de-dru-hill-obtiene-una-reedicion-por-su-25-aniversario\/#primaryimage\",\"url\":\"https:\/\/web.consaguirre.com.ar\/noticias\/wp-content\/uploads\/2025\/10\/Enter-The-Dru-de-Dru-Hill-obtiene-una-reedicion-por.jpg\",\"contentUrl\":\"https:\/\/web.consaguirre.com.ar\/noticias\/wp-content\/uploads\/2025\/10\/Enter-The-Dru-de-Dru-Hill-obtiene-una-reedicion-por.jpg\",\"width\":1440,\"height\":864,\"caption\":\"'Enter The Dru' de Dru Hill obtiene una reedici\u00f3n por su 25 aniversario\"},{\"@type\":\"BreadcrumbList\",\"@id\":\"https:\/\/web.consaguirre.com.ar\/noticias\/enter-the-dru-de-dru-hill-obtiene-una-reedicion-por-su-25-aniversario\/#breadcrumb\",\"itemListElement\":[{\"@type\":\"ListItem\",\"position\":1,\"name\":\"Inicio\",\"item\":\"https:\/\/web.consaguirre.com.ar\/noticias\/\"},{\"@type\":\"ListItem\",\"position\":2,\"name\":\"&#8216;Enter The Dru&#8217; de Dru Hill obtiene una reedici\u00f3n por su 25 aniversario\"}]},{\"@type\":\"WebSite\",\"@id\":\"https:\/\/web.consaguirre.com.ar\/noticias\/#website\",\"url\":\"https:\/\/web.consaguirre.com.ar\/noticias\/\",\"name\":\"Conservatorio de M\u00fasica Juli\u00e1n Aguirre\",\"description\":\"\",\"publisher\":{\"@id\":\"https:\/\/web.consaguirre.com.ar\/noticias\/#organization\"},\"potentialAction\":[{\"@type\":\"SearchAction\",\"target\":{\"@type\":\"EntryPoint\",\"urlTemplate\":\"https:\/\/web.consaguirre.com.ar\/noticias\/?s={search_term_string}\"},\"query-input\":\"required name=search_term_string\"}],\"inLanguage\":\"es-AR\"},{\"@type\":\"Organization\",\"@id\":\"https:\/\/web.consaguirre.com.ar\/noticias\/#organization\",\"name\":\"Conservatorio de M\u00fasica Juli\u00e1n Aguirre\",\"url\":\"https:\/\/web.consaguirre.com.ar\/noticias\/\",\"logo\":{\"@type\":\"ImageObject\",\"inLanguage\":\"es-AR\",\"@id\":\"https:\/\/web.consaguirre.com.ar\/noticias\/#\/schema\/logo\/image\/\",\"url\":\"https:\/\/web.consaguirre.com.ar\/noticias\/wp-content\/uploads\/2024\/08\/Banner-Aguirre-23.jpg\",\"contentUrl\":\"https:\/\/web.consaguirre.com.ar\/noticias\/wp-content\/uploads\/2024\/08\/Banner-Aguirre-23.jpg\",\"width\":1192,\"height\":600,\"caption\":\"Conservatorio de M\u00fasica Juli\u00e1n Aguirre\"},\"image\":{\"@id\":\"https:\/\/web.consaguirre.com.ar\/noticias\/#\/schema\/logo\/image\/\"}},{\"@type\":\"Person\",\"@id\":\"https:\/\/web.consaguirre.com.ar\/noticias\/#\/schema\/person\/6558b0cfedee7ddc5425602b237d5722\",\"name\":\"Javier Figueroa\",\"image\":{\"@type\":\"ImageObject\",\"inLanguage\":\"es-AR\",\"@id\":\"https:\/\/web.consaguirre.com.ar\/noticias\/#\/schema\/person\/image\/\",\"url\":\"https:\/\/web.consaguirre.com.ar\/noticias\/wp-content\/uploads\/2024\/08\/Consaguirre-scaled.jpg\",\"contentUrl\":\"https:\/\/web.consaguirre.com.ar\/noticias\/wp-content\/uploads\/2024\/08\/Consaguirre-scaled.jpg\",\"caption\":\"Javier Figueroa\"},\"description\":\"Me llamo Javier Figueroa y soy redactor para el sitio oficial del Conservatorio de M\u00fasica Juli\u00e1n Aguirre en Buenos Aires, consaguirre.com. Apasionado por la m\u00fasica y la escritura, me esfuerzo por destacar los talentos y eventos de nuestra prestigiosa instituci\u00f3n. Mi trayectoria se nutre de una profunda admiraci\u00f3n por los artistas, haciendo de cada art\u00edculo una celebraci\u00f3n de la creatividad y la cultura musical.\",\"sameAs\":[\"https:\/\/web.consaguirre.com.ar\/noticias\"]}]}<\/script>\n<!-- \/ Yoast SEO plugin. -->","yoast_head_json":{"title":"'Enter The Dru' de Dru Hill obtiene una reedici\u00f3n por su 25 aniversario","robots":{"index":"index","follow":"follow","max-snippet":"max-snippet:-1","max-image-preview":"max-image-preview:large","max-video-preview":"max-video-preview:-1"},"canonical":"https:\/\/web.consaguirre.com.ar\/noticias\/enter-the-dru-de-dru-hill-obtiene-una-reedicion-por-su-25-aniversario\/","og_locale":"es_ES","og_type":"article","og_title":"'Enter The Dru' de Dru Hill obtiene una reedici\u00f3n por su 25 aniversario","og_description":"En celebraci\u00f3n del 25 aniversario de Dru Hill&#8217;s Entra el Druel \u00e1lbum llegar\u00e1 en vinilo por primera vez. La reedici\u00f3n, que se anunci\u00f3 hoy, se","og_url":"https:\/\/web.consaguirre.com.ar\/noticias\/enter-the-dru-de-dru-hill-obtiene-una-reedicion-por-su-25-aniversario\/","og_site_name":"Conservatorio de M\u00fasica Juli\u00e1n Aguirre","article_published_time":"2025-10-17T20:38:09+00:00","article_modified_time":"2025-10-17T20:38:10+00:00","og_image":[{"width":1440,"height":864,"url":"https:\/\/web.consaguirre.com.ar\/noticias\/wp-content\/uploads\/2025\/10\/Enter-The-Dru-de-Dru-Hill-obtiene-una-reedicion-por.jpg","type":"image\/jpeg"}],"author":"Javier Figueroa","twitter_card":"summary_large_image","twitter_misc":{"Escrito por":"Javier Figueroa","Tiempo de lectura":"2 minutos"},"schema":{"@context":"https:\/\/schema.org","@graph":[{"@type":"Article","@id":"https:\/\/web.consaguirre.com.ar\/noticias\/enter-the-dru-de-dru-hill-obtiene-una-reedicion-por-su-25-aniversario\/#article","isPartOf":{"@id":"https:\/\/web.consaguirre.com.ar\/noticias\/enter-the-dru-de-dru-hill-obtiene-una-reedicion-por-su-25-aniversario\/"},"author":{"name":"Javier Figueroa","@id":"https:\/\/web.consaguirre.com.ar\/noticias\/#\/schema\/person\/6558b0cfedee7ddc5425602b237d5722"},"headline":"&#8216;Enter The Dru&#8217; de Dru Hill obtiene una reedici\u00f3n por su 25 aniversario","datePublished":"2025-10-17T20:38:09+00:00","dateModified":"2025-10-17T20:38:10+00:00","mainEntityOfPage":{"@id":"https:\/\/web.consaguirre.com.ar\/noticias\/enter-the-dru-de-dru-hill-obtiene-una-reedicion-por-su-25-aniversario\/"},"wordCount":387,"publisher":{"@id":"https:\/\/web.consaguirre.com.ar\/noticias\/#organization"},"image":{"@id":"https:\/\/web.consaguirre.com.ar\/noticias\/enter-the-dru-de-dru-hill-obtiene-una-reedicion-por-su-25-aniversario\/#primaryimage"},"thumbnailUrl":"https:\/\/web.consaguirre.com.ar\/noticias\/wp-content\/uploads\/2025\/10\/Enter-The-Dru-de-Dru-Hill-obtiene-una-reedicion-por.jpg","keywords":["aniversario","Dru","Enter","Hill","obtiene","por","reedici\u00f3n","una"],"articleSection":["El \u00faltimo"],"inLanguage":"es-AR"},{"@type":"WebPage","@id":"https:\/\/web.consaguirre.com.ar\/noticias\/enter-the-dru-de-dru-hill-obtiene-una-reedicion-por-su-25-aniversario\/","url":"https:\/\/web.consaguirre.com.ar\/noticias\/enter-the-dru-de-dru-hill-obtiene-una-reedicion-por-su-25-aniversario\/","name":"'Enter The Dru' de Dru Hill obtiene una reedici\u00f3n por su 25 aniversario","isPartOf":{"@id":"https:\/\/web.consaguirre.com.ar\/noticias\/#website"},"primaryImageOfPage":{"@id":"https:\/\/web.consaguirre.com.ar\/noticias\/enter-the-dru-de-dru-hill-obtiene-una-reedicion-por-su-25-aniversario\/#primaryimage"},"image":{"@id":"https:\/\/web.consaguirre.com.ar\/noticias\/enter-the-dru-de-dru-hill-obtiene-una-reedicion-por-su-25-aniversario\/#primaryimage"},"thumbnailUrl":"https:\/\/web.consaguirre.com.ar\/noticias\/wp-content\/uploads\/2025\/10\/Enter-The-Dru-de-Dru-Hill-obtiene-una-reedicion-por.jpg","datePublished":"2025-10-17T20:38:09+00:00","dateModified":"2025-10-17T20:38:10+00:00","breadcrumb":{"@id":"https:\/\/web.consaguirre.com.ar\/noticias\/enter-the-dru-de-dru-hill-obtiene-una-reedicion-por-su-25-aniversario\/#breadcrumb"},"inLanguage":"es-AR","potentialAction":[{"@type":"ReadAction","target":["https:\/\/web.consaguirre.com.ar\/noticias\/enter-the-dru-de-dru-hill-obtiene-una-reedicion-por-su-25-aniversario\/"]}]},{"@type":"ImageObject","inLanguage":"es-AR","@id":"https:\/\/web.consaguirre.com.ar\/noticias\/enter-the-dru-de-dru-hill-obtiene-una-reedicion-por-su-25-aniversario\/#primaryimage","url":"https:\/\/web.consaguirre.com.ar\/noticias\/wp-content\/uploads\/2025\/10\/Enter-The-Dru-de-Dru-Hill-obtiene-una-reedicion-por.jpg","contentUrl":"https:\/\/web.consaguirre.com.ar\/noticias\/wp-content\/uploads\/2025\/10\/Enter-The-Dru-de-Dru-Hill-obtiene-una-reedicion-por.jpg","width":1440,"height":864,"caption":"'Enter The Dru' de Dru Hill obtiene una reedici\u00f3n por su 25 aniversario"},{"@type":"BreadcrumbList","@id":"https:\/\/web.consaguirre.com.ar\/noticias\/enter-the-dru-de-dru-hill-obtiene-una-reedicion-por-su-25-aniversario\/#breadcrumb","itemListElement":[{"@type":"ListItem","position":1,"name":"Inicio","item":"https:\/\/web.consaguirre.com.ar\/noticias\/"},{"@type":"ListItem","position":2,"name":"&#8216;Enter The Dru&#8217; de Dru Hill obtiene una reedici\u00f3n por su 25 aniversario"}]},{"@type":"WebSite","@id":"https:\/\/web.consaguirre.com.ar\/noticias\/#website","url":"https:\/\/web.consaguirre.com.ar\/noticias\/","name":"Conservatorio de M\u00fasica Juli\u00e1n Aguirre","description":"","publisher":{"@id":"https:\/\/web.consaguirre.com.ar\/noticias\/#organization"},"potentialAction":[{"@type":"SearchAction","target":{"@type":"EntryPoint","urlTemplate":"https:\/\/web.consaguirre.com.ar\/noticias\/?s={search_term_string}"},"query-input":"required name=search_term_string"}],"inLanguage":"es-AR"},{"@type":"Organization","@id":"https:\/\/web.consaguirre.com.ar\/noticias\/#organization","name":"Conservatorio de M\u00fasica Juli\u00e1n Aguirre","url":"https:\/\/web.consaguirre.com.ar\/noticias\/","logo":{"@type":"ImageObject","inLanguage":"es-AR","@id":"https:\/\/web.consaguirre.com.ar\/noticias\/#\/schema\/logo\/image\/","url":"https:\/\/web.consaguirre.com.ar\/noticias\/wp-content\/uploads\/2024\/08\/Banner-Aguirre-23.jpg","contentUrl":"https:\/\/web.consaguirre.com.ar\/noticias\/wp-content\/uploads\/2024\/08\/Banner-Aguirre-23.jpg","width":1192,"height":600,"caption":"Conservatorio de M\u00fasica Juli\u00e1n Aguirre"},"image":{"@id":"https:\/\/web.consaguirre.com.ar\/noticias\/#\/schema\/logo\/image\/"}},{"@type":"Person","@id":"https:\/\/web.consaguirre.com.ar\/noticias\/#\/schema\/person\/6558b0cfedee7ddc5425602b237d5722","name":"Javier Figueroa","image":{"@type":"ImageObject","inLanguage":"es-AR","@id":"https:\/\/web.consaguirre.com.ar\/noticias\/#\/schema\/person\/image\/","url":"https:\/\/web.consaguirre.com.ar\/noticias\/wp-content\/uploads\/2024\/08\/Consaguirre-scaled.jpg","contentUrl":"https:\/\/web.consaguirre.com.ar\/noticias\/wp-content\/uploads\/2024\/08\/Consaguirre-scaled.jpg","caption":"Javier Figueroa"},"description":"Me llamo Javier Figueroa y soy redactor para el sitio oficial del Conservatorio de M\u00fasica Juli\u00e1n Aguirre en Buenos Aires, consaguirre.com. Apasionado por la m\u00fasica y la escritura, me esfuerzo por destacar los talentos y eventos de nuestra prestigiosa instituci\u00f3n. Mi trayectoria se nutre de una profunda admiraci\u00f3n por los artistas, haciendo de cada art\u00edculo una celebraci\u00f3n de la creatividad y la cultura musical.","sameAs":["https:\/\/web.consaguirre.com.ar\/noticias"]}]}},"_links":{"self":[{"href":"https:\/\/web.consaguirre.com.ar\/noticias\/wp-json\/wp\/v2\/posts\/4084"}],"collection":[{"href":"https:\/\/web.consaguirre.com.ar\/noticias\/wp-json\/wp\/v2\/posts"}],"about":[{"href":"https:\/\/web.consaguirre.com.ar\/noticias\/wp-json\/wp\/v2\/types\/post"}],"author":[{"embeddable":true,"href":"https:\/\/web.consaguirre.com.ar\/noticias\/wp-json\/wp\/v2\/users\/1"}],"replies":[{"embeddable":true,"href":"https:\/\/web.consaguirre.com.ar\/noticias\/wp-json\/wp\/v2\/comments?post=4084"}],"version-history":[{"count":1,"href":"https:\/\/web.consaguirre.com.ar\/noticias\/wp-json\/wp\/v2\/posts\/4084\/revisions"}],"predecessor-version":[{"id":4086,"href":"https:\/\/web.consaguirre.com.ar\/noticias\/wp-json\/wp\/v2\/posts\/4084\/revisions\/4086"}],"wp:featuredmedia":[{"embeddable":true,"href":"https:\/\/web.consaguirre.com.ar\/noticias\/wp-json\/wp\/v2\/media\/4085"}],"wp:attachment":[{"href":"https:\/\/web.consaguirre.com.ar\/noticias\/wp-json\/wp\/v2\/media?parent=4084"}],"wp:term":[{"taxonomy":"category","embeddable":true,"href":"https:\/\/web.consaguirre.com.ar\/noticias\/wp-json\/wp\/v2\/categories?post=4084"},{"taxonomy":"post_tag","embeddable":true,"href":"https:\/\/web.consaguirre.com.ar\/noticias\/wp-json\/wp\/v2\/tags?post=4084"}],"curies":[{"name":"wp","href":"https:\/\/api.w.org\/{rel}","templated":true}]}}