{"id":4081,"date":"2025-10-17T14:39:12","date_gmt":"2025-10-17T17:39:12","guid":{"rendered":"https:\/\/web.consaguirre.com.ar\/noticias\/marks-to-prove-it-de-the-maccabees-obtiene-una-reedicion-por-su-decimo-aniversario\/"},"modified":"2025-10-17T14:39:13","modified_gmt":"2025-10-17T17:39:13","slug":"marks-to-prove-it-de-the-maccabees-obtiene-una-reedicion-por-su-decimo-aniversario","status":"publish","type":"post","link":"https:\/\/web.consaguirre.com.ar\/noticias\/marks-to-prove-it-de-the-maccabees-obtiene-una-reedicion-por-su-decimo-aniversario\/","title":{"rendered":"&#8216;Marks To Prove It&#8217; de The Maccabees obtiene una reedici\u00f3n por su d\u00e9cimo aniversario"},"content":{"rendered":"<p>Los Maccabees celebran el d\u00e9cimo aniversario de su cuarto y \u00faltimo \u00e1lbum, <em>Marcas para demostrarlo<\/em>con una nueva reedici\u00f3n. Su lanzamiento est\u00e1 previsto para el 28 de noviembre e incluye cuatro variaciones del \u00e1lbum de la banda de indie rock: un cl\u00e1sico doble vinilo negro, un sencillo vinilo, un 3 CD y versiones digitales.<\/p>\n<p>Todos, excepto el vinilo sencillo, incluyen caras B, pistas ac\u00fasticas y una nueva versi\u00f3n de la canci\u00f3n principal grabada durante una sesi\u00f3n para el DJ de BBC Radio 6, Steve Lamacq. Los formatos 3-CD y digital tambi\u00e9n incluyen el set que abarca toda la carrera de The Maccabees en Glastonbury 2015, que incluy\u00f3 una aparici\u00f3n especial de su amigo y compa\u00f1ero artista de indie rock Jamie T en \u201cMarks To Prove It\u201d. El sencillo de vinilo est\u00e1 dise\u00f1ado como un disco zo\u00f3tropo (dise\u00f1ado por Drew Tetz), mientras que el arte para los formatos de doble vinilo y 3 CD fue creado por el dise\u00f1ador de la banda desde hace mucho tiempo, Matt De Jong, quien tambi\u00e9n dise\u00f1\u00f3 el lanzamiento original. La portada del \u00e1lbum muestra el monumento en memoria de Michael Faraday, un hito clave del barrio londinense de Elephant &#038; Castle.<\/p>\n<div class=\"uD-YT-container\"><img decoding=\"async\" src=\"https:\/\/web.consaguirre.com.ar\/noticias\/wp-content\/uploads\/2025\/10\/1760722752_925_Marks-To-Prove-It-de-The-Maccabees-obtiene-una-reedicion.jpg\" alt=\"V\u00eddeo de YouTube\"><br \/>Haga clic para cargar v\u00eddeo<\/div>\n<p>Publicado originalmente en julio de 2015, <em>Marcas para demostrarlo<\/em> es conocido por sus sencillos &#8220;Something Like Happiness&#8221;, &#8220;Spit It Out&#8221; y la canci\u00f3n principal. El \u00e1lbum tambi\u00e9n es un marcador importante en la carrera de la banda, ya que se convirti\u00f3 en el primero en encabezar la lista de \u00e1lbumes del Reino Unido.<\/p>\n<p>&#8220;No sab\u00edamos que ser\u00eda el \u00faltimo \u00e1lbum que hicimos en ese momento, pero, con cierta distancia, es probablemente lo m\u00e1s parecido a un \u00e1lbum definitivo de Maccabees, con una parte de todas nuestras versiones anteriores&#8221;, comparti\u00f3 el guitarrista Felix White en un comunicado. &#8220;Fue una \u00e9poca realmente comprometida, en la que todas nuestras vidas y nuestro enfoque estaban centrados en esta m\u00fasica, para bien o para mal, y diez a\u00f1os despu\u00e9s, eso es algo que realmente se puede escuchar en \u00e9l&#8221;.<\/p>\n<p>Antes <em>Marcas para demostrarlo<\/em>The Maccabees lanzaron 2007 <em>Color\u00e9alo<\/em>2009 <em>Muro de Armas<\/em>y nominado al Premio Mercury de 2012 <em>Dado a lo salvaje<\/em>. Desde entonces, la banda ha estado en pausa y los miembros se han dedicado a proyectos en solitario. Este a\u00f1o, regresaron al festival All Points East de Londres en agosto, su primer show en vivo en ocho a\u00f1os.<\/p>\n<p>Ordene Los Macabeos <em>Marcas para demostrar<\/em> <em>\u00c9l<\/em> ahora.<\/p>\n","protected":false},"excerpt":{"rendered":"<p>Los Maccabees celebran el d\u00e9cimo aniversario de su cuarto y \u00faltimo \u00e1lbum, Marcas para demostrarlocon una nueva reedici\u00f3n. Su lanzamiento est\u00e1 previsto para el 28<\/p>\n","protected":false},"author":1,"featured_media":4082,"comment_status":"closed","ping_status":"","sticky":false,"template":"","format":"standard","meta":{"footnotes":""},"categories":[50],"tags":[98,161,3385,3383,800,96,3384,117,191],"class_list":["post-4081","post","type-post","status-publish","format-standard","has-post-thumbnail","hentry","category-el-ultimo","tag-aniversario","tag-decimo","tag-maccabees","tag-marks","tag-obtiene","tag-por","tag-prove","tag-reedicion","tag-una","generate-columns","tablet-grid-50","mobile-grid-100","grid-parent","grid-50"],"yoast_head":"<!-- This site is optimized with the Yoast SEO plugin v23.3 - https:\/\/yoast.com\/wordpress\/plugins\/seo\/ -->\n<title>&#039;Marks To Prove It&#039; de The Maccabees obtiene una reedici\u00f3n por su d\u00e9cimo aniversario<\/title>\n<meta name=\"robots\" content=\"index, follow, max-snippet:-1, max-image-preview:large, max-video-preview:-1\" \/>\n<link rel=\"canonical\" href=\"https:\/\/web.consaguirre.com.ar\/noticias\/marks-to-prove-it-de-the-maccabees-obtiene-una-reedicion-por-su-decimo-aniversario\/\" \/>\n<meta property=\"og:locale\" content=\"es_ES\" \/>\n<meta property=\"og:type\" content=\"article\" \/>\n<meta property=\"og:title\" content=\"&#039;Marks To Prove It&#039; de The Maccabees obtiene una reedici\u00f3n por su d\u00e9cimo aniversario\" \/>\n<meta property=\"og:description\" content=\"Los Maccabees celebran el d\u00e9cimo aniversario de su cuarto y \u00faltimo \u00e1lbum, Marcas para demostrarlocon una nueva reedici\u00f3n. Su lanzamiento est\u00e1 previsto para el 28\" \/>\n<meta property=\"og:url\" content=\"https:\/\/web.consaguirre.com.ar\/noticias\/marks-to-prove-it-de-the-maccabees-obtiene-una-reedicion-por-su-decimo-aniversario\/\" \/>\n<meta property=\"og:site_name\" content=\"Conservatorio de M\u00fasica Juli\u00e1n Aguirre\" \/>\n<meta property=\"article:published_time\" content=\"2025-10-17T17:39:12+00:00\" \/>\n<meta property=\"article:modified_time\" content=\"2025-10-17T17:39:13+00:00\" \/>\n<meta property=\"og:image\" content=\"https:\/\/web.consaguirre.com.ar\/noticias\/wp-content\/uploads\/2025\/10\/Marks-To-Prove-It-de-The-Maccabees-obtiene-una-reedicion.jpg\" \/>\n\t<meta property=\"og:image:width\" content=\"820\" \/>\n\t<meta property=\"og:image:height\" content=\"820\" \/>\n\t<meta property=\"og:image:type\" content=\"image\/jpeg\" \/>\n<meta name=\"author\" content=\"Javier Figueroa\" \/>\n<meta name=\"twitter:card\" content=\"summary_large_image\" \/>\n<meta name=\"twitter:label1\" content=\"Escrito por\" \/>\n\t<meta name=\"twitter:data1\" content=\"Javier Figueroa\" \/>\n\t<meta name=\"twitter:label2\" content=\"Tiempo de lectura\" \/>\n\t<meta name=\"twitter:data2\" content=\"2 minutos\" \/>\n<script type=\"application\/ld+json\" class=\"yoast-schema-graph\">{\"@context\":\"https:\/\/schema.org\",\"@graph\":[{\"@type\":\"Article\",\"@id\":\"https:\/\/web.consaguirre.com.ar\/noticias\/marks-to-prove-it-de-the-maccabees-obtiene-una-reedicion-por-su-decimo-aniversario\/#article\",\"isPartOf\":{\"@id\":\"https:\/\/web.consaguirre.com.ar\/noticias\/marks-to-prove-it-de-the-maccabees-obtiene-una-reedicion-por-su-decimo-aniversario\/\"},\"author\":{\"name\":\"Javier Figueroa\",\"@id\":\"https:\/\/web.consaguirre.com.ar\/noticias\/#\/schema\/person\/6558b0cfedee7ddc5425602b237d5722\"},\"headline\":\"&#8216;Marks To Prove It&#8217; de The Maccabees obtiene una reedici\u00f3n por su d\u00e9cimo aniversario\",\"datePublished\":\"2025-10-17T17:39:12+00:00\",\"dateModified\":\"2025-10-17T17:39:13+00:00\",\"mainEntityOfPage\":{\"@id\":\"https:\/\/web.consaguirre.com.ar\/noticias\/marks-to-prove-it-de-the-maccabees-obtiene-una-reedicion-por-su-decimo-aniversario\/\"},\"wordCount\":435,\"publisher\":{\"@id\":\"https:\/\/web.consaguirre.com.ar\/noticias\/#organization\"},\"image\":{\"@id\":\"https:\/\/web.consaguirre.com.ar\/noticias\/marks-to-prove-it-de-the-maccabees-obtiene-una-reedicion-por-su-decimo-aniversario\/#primaryimage\"},\"thumbnailUrl\":\"https:\/\/web.consaguirre.com.ar\/noticias\/wp-content\/uploads\/2025\/10\/Marks-To-Prove-It-de-The-Maccabees-obtiene-una-reedicion.jpg\",\"keywords\":[\"aniversario\",\"d\u00e9cimo\",\"Maccabees\",\"Marks\",\"obtiene\",\"por\",\"Prove\",\"reedici\u00f3n\",\"una\"],\"articleSection\":[\"El \u00faltimo\"],\"inLanguage\":\"es-AR\"},{\"@type\":\"WebPage\",\"@id\":\"https:\/\/web.consaguirre.com.ar\/noticias\/marks-to-prove-it-de-the-maccabees-obtiene-una-reedicion-por-su-decimo-aniversario\/\",\"url\":\"https:\/\/web.consaguirre.com.ar\/noticias\/marks-to-prove-it-de-the-maccabees-obtiene-una-reedicion-por-su-decimo-aniversario\/\",\"name\":\"'Marks To Prove It' de The Maccabees obtiene una reedici\u00f3n por su d\u00e9cimo aniversario\",\"isPartOf\":{\"@id\":\"https:\/\/web.consaguirre.com.ar\/noticias\/#website\"},\"primaryImageOfPage\":{\"@id\":\"https:\/\/web.consaguirre.com.ar\/noticias\/marks-to-prove-it-de-the-maccabees-obtiene-una-reedicion-por-su-decimo-aniversario\/#primaryimage\"},\"image\":{\"@id\":\"https:\/\/web.consaguirre.com.ar\/noticias\/marks-to-prove-it-de-the-maccabees-obtiene-una-reedicion-por-su-decimo-aniversario\/#primaryimage\"},\"thumbnailUrl\":\"https:\/\/web.consaguirre.com.ar\/noticias\/wp-content\/uploads\/2025\/10\/Marks-To-Prove-It-de-The-Maccabees-obtiene-una-reedicion.jpg\",\"datePublished\":\"2025-10-17T17:39:12+00:00\",\"dateModified\":\"2025-10-17T17:39:13+00:00\",\"breadcrumb\":{\"@id\":\"https:\/\/web.consaguirre.com.ar\/noticias\/marks-to-prove-it-de-the-maccabees-obtiene-una-reedicion-por-su-decimo-aniversario\/#breadcrumb\"},\"inLanguage\":\"es-AR\",\"potentialAction\":[{\"@type\":\"ReadAction\",\"target\":[\"https:\/\/web.consaguirre.com.ar\/noticias\/marks-to-prove-it-de-the-maccabees-obtiene-una-reedicion-por-su-decimo-aniversario\/\"]}]},{\"@type\":\"ImageObject\",\"inLanguage\":\"es-AR\",\"@id\":\"https:\/\/web.consaguirre.com.ar\/noticias\/marks-to-prove-it-de-the-maccabees-obtiene-una-reedicion-por-su-decimo-aniversario\/#primaryimage\",\"url\":\"https:\/\/web.consaguirre.com.ar\/noticias\/wp-content\/uploads\/2025\/10\/Marks-To-Prove-It-de-The-Maccabees-obtiene-una-reedicion.jpg\",\"contentUrl\":\"https:\/\/web.consaguirre.com.ar\/noticias\/wp-content\/uploads\/2025\/10\/Marks-To-Prove-It-de-The-Maccabees-obtiene-una-reedicion.jpg\",\"width\":820,\"height\":820,\"caption\":\"'Marks To Prove It' de The Maccabees obtiene una reedici\u00f3n por su d\u00e9cimo aniversario\"},{\"@type\":\"BreadcrumbList\",\"@id\":\"https:\/\/web.consaguirre.com.ar\/noticias\/marks-to-prove-it-de-the-maccabees-obtiene-una-reedicion-por-su-decimo-aniversario\/#breadcrumb\",\"itemListElement\":[{\"@type\":\"ListItem\",\"position\":1,\"name\":\"Inicio\",\"item\":\"https:\/\/web.consaguirre.com.ar\/noticias\/\"},{\"@type\":\"ListItem\",\"position\":2,\"name\":\"&#8216;Marks To Prove It&#8217; de The Maccabees obtiene una reedici\u00f3n por su d\u00e9cimo aniversario\"}]},{\"@type\":\"WebSite\",\"@id\":\"https:\/\/web.consaguirre.com.ar\/noticias\/#website\",\"url\":\"https:\/\/web.consaguirre.com.ar\/noticias\/\",\"name\":\"Conservatorio de M\u00fasica Juli\u00e1n Aguirre\",\"description\":\"\",\"publisher\":{\"@id\":\"https:\/\/web.consaguirre.com.ar\/noticias\/#organization\"},\"potentialAction\":[{\"@type\":\"SearchAction\",\"target\":{\"@type\":\"EntryPoint\",\"urlTemplate\":\"https:\/\/web.consaguirre.com.ar\/noticias\/?s={search_term_string}\"},\"query-input\":\"required name=search_term_string\"}],\"inLanguage\":\"es-AR\"},{\"@type\":\"Organization\",\"@id\":\"https:\/\/web.consaguirre.com.ar\/noticias\/#organization\",\"name\":\"Conservatorio de M\u00fasica Juli\u00e1n Aguirre\",\"url\":\"https:\/\/web.consaguirre.com.ar\/noticias\/\",\"logo\":{\"@type\":\"ImageObject\",\"inLanguage\":\"es-AR\",\"@id\":\"https:\/\/web.consaguirre.com.ar\/noticias\/#\/schema\/logo\/image\/\",\"url\":\"https:\/\/web.consaguirre.com.ar\/noticias\/wp-content\/uploads\/2024\/08\/Banner-Aguirre-23.jpg\",\"contentUrl\":\"https:\/\/web.consaguirre.com.ar\/noticias\/wp-content\/uploads\/2024\/08\/Banner-Aguirre-23.jpg\",\"width\":1192,\"height\":600,\"caption\":\"Conservatorio de M\u00fasica Juli\u00e1n Aguirre\"},\"image\":{\"@id\":\"https:\/\/web.consaguirre.com.ar\/noticias\/#\/schema\/logo\/image\/\"}},{\"@type\":\"Person\",\"@id\":\"https:\/\/web.consaguirre.com.ar\/noticias\/#\/schema\/person\/6558b0cfedee7ddc5425602b237d5722\",\"name\":\"Javier Figueroa\",\"image\":{\"@type\":\"ImageObject\",\"inLanguage\":\"es-AR\",\"@id\":\"https:\/\/web.consaguirre.com.ar\/noticias\/#\/schema\/person\/image\/\",\"url\":\"https:\/\/web.consaguirre.com.ar\/noticias\/wp-content\/uploads\/2024\/08\/Consaguirre-scaled.jpg\",\"contentUrl\":\"https:\/\/web.consaguirre.com.ar\/noticias\/wp-content\/uploads\/2024\/08\/Consaguirre-scaled.jpg\",\"caption\":\"Javier Figueroa\"},\"description\":\"Me llamo Javier Figueroa y soy redactor para el sitio oficial del Conservatorio de M\u00fasica Juli\u00e1n Aguirre en Buenos Aires, consaguirre.com. Apasionado por la m\u00fasica y la escritura, me esfuerzo por destacar los talentos y eventos de nuestra prestigiosa instituci\u00f3n. Mi trayectoria se nutre de una profunda admiraci\u00f3n por los artistas, haciendo de cada art\u00edculo una celebraci\u00f3n de la creatividad y la cultura musical.\",\"sameAs\":[\"https:\/\/web.consaguirre.com.ar\/noticias\"]}]}<\/script>\n<!-- \/ Yoast SEO plugin. -->","yoast_head_json":{"title":"'Marks To Prove It' de The Maccabees obtiene una reedici\u00f3n por su d\u00e9cimo aniversario","robots":{"index":"index","follow":"follow","max-snippet":"max-snippet:-1","max-image-preview":"max-image-preview:large","max-video-preview":"max-video-preview:-1"},"canonical":"https:\/\/web.consaguirre.com.ar\/noticias\/marks-to-prove-it-de-the-maccabees-obtiene-una-reedicion-por-su-decimo-aniversario\/","og_locale":"es_ES","og_type":"article","og_title":"'Marks To Prove It' de The Maccabees obtiene una reedici\u00f3n por su d\u00e9cimo aniversario","og_description":"Los Maccabees celebran el d\u00e9cimo aniversario de su cuarto y \u00faltimo \u00e1lbum, Marcas para demostrarlocon una nueva reedici\u00f3n. Su lanzamiento est\u00e1 previsto para el 28","og_url":"https:\/\/web.consaguirre.com.ar\/noticias\/marks-to-prove-it-de-the-maccabees-obtiene-una-reedicion-por-su-decimo-aniversario\/","og_site_name":"Conservatorio de M\u00fasica Juli\u00e1n Aguirre","article_published_time":"2025-10-17T17:39:12+00:00","article_modified_time":"2025-10-17T17:39:13+00:00","og_image":[{"width":820,"height":820,"url":"https:\/\/web.consaguirre.com.ar\/noticias\/wp-content\/uploads\/2025\/10\/Marks-To-Prove-It-de-The-Maccabees-obtiene-una-reedicion.jpg","type":"image\/jpeg"}],"author":"Javier Figueroa","twitter_card":"summary_large_image","twitter_misc":{"Escrito por":"Javier Figueroa","Tiempo de lectura":"2 minutos"},"schema":{"@context":"https:\/\/schema.org","@graph":[{"@type":"Article","@id":"https:\/\/web.consaguirre.com.ar\/noticias\/marks-to-prove-it-de-the-maccabees-obtiene-una-reedicion-por-su-decimo-aniversario\/#article","isPartOf":{"@id":"https:\/\/web.consaguirre.com.ar\/noticias\/marks-to-prove-it-de-the-maccabees-obtiene-una-reedicion-por-su-decimo-aniversario\/"},"author":{"name":"Javier Figueroa","@id":"https:\/\/web.consaguirre.com.ar\/noticias\/#\/schema\/person\/6558b0cfedee7ddc5425602b237d5722"},"headline":"&#8216;Marks To Prove It&#8217; de The Maccabees obtiene una reedici\u00f3n por su d\u00e9cimo aniversario","datePublished":"2025-10-17T17:39:12+00:00","dateModified":"2025-10-17T17:39:13+00:00","mainEntityOfPage":{"@id":"https:\/\/web.consaguirre.com.ar\/noticias\/marks-to-prove-it-de-the-maccabees-obtiene-una-reedicion-por-su-decimo-aniversario\/"},"wordCount":435,"publisher":{"@id":"https:\/\/web.consaguirre.com.ar\/noticias\/#organization"},"image":{"@id":"https:\/\/web.consaguirre.com.ar\/noticias\/marks-to-prove-it-de-the-maccabees-obtiene-una-reedicion-por-su-decimo-aniversario\/#primaryimage"},"thumbnailUrl":"https:\/\/web.consaguirre.com.ar\/noticias\/wp-content\/uploads\/2025\/10\/Marks-To-Prove-It-de-The-Maccabees-obtiene-una-reedicion.jpg","keywords":["aniversario","d\u00e9cimo","Maccabees","Marks","obtiene","por","Prove","reedici\u00f3n","una"],"articleSection":["El \u00faltimo"],"inLanguage":"es-AR"},{"@type":"WebPage","@id":"https:\/\/web.consaguirre.com.ar\/noticias\/marks-to-prove-it-de-the-maccabees-obtiene-una-reedicion-por-su-decimo-aniversario\/","url":"https:\/\/web.consaguirre.com.ar\/noticias\/marks-to-prove-it-de-the-maccabees-obtiene-una-reedicion-por-su-decimo-aniversario\/","name":"'Marks To Prove It' de The Maccabees obtiene una reedici\u00f3n por su d\u00e9cimo aniversario","isPartOf":{"@id":"https:\/\/web.consaguirre.com.ar\/noticias\/#website"},"primaryImageOfPage":{"@id":"https:\/\/web.consaguirre.com.ar\/noticias\/marks-to-prove-it-de-the-maccabees-obtiene-una-reedicion-por-su-decimo-aniversario\/#primaryimage"},"image":{"@id":"https:\/\/web.consaguirre.com.ar\/noticias\/marks-to-prove-it-de-the-maccabees-obtiene-una-reedicion-por-su-decimo-aniversario\/#primaryimage"},"thumbnailUrl":"https:\/\/web.consaguirre.com.ar\/noticias\/wp-content\/uploads\/2025\/10\/Marks-To-Prove-It-de-The-Maccabees-obtiene-una-reedicion.jpg","datePublished":"2025-10-17T17:39:12+00:00","dateModified":"2025-10-17T17:39:13+00:00","breadcrumb":{"@id":"https:\/\/web.consaguirre.com.ar\/noticias\/marks-to-prove-it-de-the-maccabees-obtiene-una-reedicion-por-su-decimo-aniversario\/#breadcrumb"},"inLanguage":"es-AR","potentialAction":[{"@type":"ReadAction","target":["https:\/\/web.consaguirre.com.ar\/noticias\/marks-to-prove-it-de-the-maccabees-obtiene-una-reedicion-por-su-decimo-aniversario\/"]}]},{"@type":"ImageObject","inLanguage":"es-AR","@id":"https:\/\/web.consaguirre.com.ar\/noticias\/marks-to-prove-it-de-the-maccabees-obtiene-una-reedicion-por-su-decimo-aniversario\/#primaryimage","url":"https:\/\/web.consaguirre.com.ar\/noticias\/wp-content\/uploads\/2025\/10\/Marks-To-Prove-It-de-The-Maccabees-obtiene-una-reedicion.jpg","contentUrl":"https:\/\/web.consaguirre.com.ar\/noticias\/wp-content\/uploads\/2025\/10\/Marks-To-Prove-It-de-The-Maccabees-obtiene-una-reedicion.jpg","width":820,"height":820,"caption":"'Marks To Prove It' de The Maccabees obtiene una reedici\u00f3n por su d\u00e9cimo aniversario"},{"@type":"BreadcrumbList","@id":"https:\/\/web.consaguirre.com.ar\/noticias\/marks-to-prove-it-de-the-maccabees-obtiene-una-reedicion-por-su-decimo-aniversario\/#breadcrumb","itemListElement":[{"@type":"ListItem","position":1,"name":"Inicio","item":"https:\/\/web.consaguirre.com.ar\/noticias\/"},{"@type":"ListItem","position":2,"name":"&#8216;Marks To Prove It&#8217; de The Maccabees obtiene una reedici\u00f3n por su d\u00e9cimo aniversario"}]},{"@type":"WebSite","@id":"https:\/\/web.consaguirre.com.ar\/noticias\/#website","url":"https:\/\/web.consaguirre.com.ar\/noticias\/","name":"Conservatorio de M\u00fasica Juli\u00e1n Aguirre","description":"","publisher":{"@id":"https:\/\/web.consaguirre.com.ar\/noticias\/#organization"},"potentialAction":[{"@type":"SearchAction","target":{"@type":"EntryPoint","urlTemplate":"https:\/\/web.consaguirre.com.ar\/noticias\/?s={search_term_string}"},"query-input":"required name=search_term_string"}],"inLanguage":"es-AR"},{"@type":"Organization","@id":"https:\/\/web.consaguirre.com.ar\/noticias\/#organization","name":"Conservatorio de M\u00fasica Juli\u00e1n Aguirre","url":"https:\/\/web.consaguirre.com.ar\/noticias\/","logo":{"@type":"ImageObject","inLanguage":"es-AR","@id":"https:\/\/web.consaguirre.com.ar\/noticias\/#\/schema\/logo\/image\/","url":"https:\/\/web.consaguirre.com.ar\/noticias\/wp-content\/uploads\/2024\/08\/Banner-Aguirre-23.jpg","contentUrl":"https:\/\/web.consaguirre.com.ar\/noticias\/wp-content\/uploads\/2024\/08\/Banner-Aguirre-23.jpg","width":1192,"height":600,"caption":"Conservatorio de M\u00fasica Juli\u00e1n Aguirre"},"image":{"@id":"https:\/\/web.consaguirre.com.ar\/noticias\/#\/schema\/logo\/image\/"}},{"@type":"Person","@id":"https:\/\/web.consaguirre.com.ar\/noticias\/#\/schema\/person\/6558b0cfedee7ddc5425602b237d5722","name":"Javier Figueroa","image":{"@type":"ImageObject","inLanguage":"es-AR","@id":"https:\/\/web.consaguirre.com.ar\/noticias\/#\/schema\/person\/image\/","url":"https:\/\/web.consaguirre.com.ar\/noticias\/wp-content\/uploads\/2024\/08\/Consaguirre-scaled.jpg","contentUrl":"https:\/\/web.consaguirre.com.ar\/noticias\/wp-content\/uploads\/2024\/08\/Consaguirre-scaled.jpg","caption":"Javier Figueroa"},"description":"Me llamo Javier Figueroa y soy redactor para el sitio oficial del Conservatorio de M\u00fasica Juli\u00e1n Aguirre en Buenos Aires, consaguirre.com. Apasionado por la m\u00fasica y la escritura, me esfuerzo por destacar los talentos y eventos de nuestra prestigiosa instituci\u00f3n. Mi trayectoria se nutre de una profunda admiraci\u00f3n por los artistas, haciendo de cada art\u00edculo una celebraci\u00f3n de la creatividad y la cultura musical.","sameAs":["https:\/\/web.consaguirre.com.ar\/noticias"]}]}},"_links":{"self":[{"href":"https:\/\/web.consaguirre.com.ar\/noticias\/wp-json\/wp\/v2\/posts\/4081"}],"collection":[{"href":"https:\/\/web.consaguirre.com.ar\/noticias\/wp-json\/wp\/v2\/posts"}],"about":[{"href":"https:\/\/web.consaguirre.com.ar\/noticias\/wp-json\/wp\/v2\/types\/post"}],"author":[{"embeddable":true,"href":"https:\/\/web.consaguirre.com.ar\/noticias\/wp-json\/wp\/v2\/users\/1"}],"replies":[{"embeddable":true,"href":"https:\/\/web.consaguirre.com.ar\/noticias\/wp-json\/wp\/v2\/comments?post=4081"}],"version-history":[{"count":1,"href":"https:\/\/web.consaguirre.com.ar\/noticias\/wp-json\/wp\/v2\/posts\/4081\/revisions"}],"predecessor-version":[{"id":4083,"href":"https:\/\/web.consaguirre.com.ar\/noticias\/wp-json\/wp\/v2\/posts\/4081\/revisions\/4083"}],"wp:featuredmedia":[{"embeddable":true,"href":"https:\/\/web.consaguirre.com.ar\/noticias\/wp-json\/wp\/v2\/media\/4082"}],"wp:attachment":[{"href":"https:\/\/web.consaguirre.com.ar\/noticias\/wp-json\/wp\/v2\/media?parent=4081"}],"wp:term":[{"taxonomy":"category","embeddable":true,"href":"https:\/\/web.consaguirre.com.ar\/noticias\/wp-json\/wp\/v2\/categories?post=4081"},{"taxonomy":"post_tag","embeddable":true,"href":"https:\/\/web.consaguirre.com.ar\/noticias\/wp-json\/wp\/v2\/tags?post=4081"}],"curies":[{"name":"wp","href":"https:\/\/api.w.org\/{rel}","templated":true}]}}