{"id":4054,"date":"2025-10-15T04:38:14","date_gmt":"2025-10-15T07:38:14","guid":{"rendered":"https:\/\/web.consaguirre.com.ar\/noticias\/resena-del-cd-suntou-susso-jaliya-silokang\/"},"modified":"2025-10-15T04:38:15","modified_gmt":"2025-10-15T07:38:15","slug":"resena-del-cd-suntou-susso-jaliya-silokang","status":"publish","type":"post","link":"https:\/\/web.consaguirre.com.ar\/noticias\/resena-del-cd-suntou-susso-jaliya-silokang\/","title":{"rendered":"Rese\u00f1a del CD: Suntou Susso, Jaliya Silokang"},"content":{"rendered":"<div class=\"entry\" itemprop=\"text\">\n<p><em><strong>El \u00e1lbum de Suntou Susso, \u201cJaliya Silokang: The Path of a Griot\u201d, es una continuaci\u00f3n reflexiva de la larga tradici\u00f3n mandinga, presentando una perspectiva moderna firmemente arraigada en una herencia centenaria. Este lanzamiento coloca la kora en su centro, un instrumento que a pesar del uso expansivo de instrumentaci\u00f3n diversa en el \u00e1lbum sigue siendo la voz definitoria en todo momento. El resultado es una obra donde la m\u00fasica tradicional afro-manding y los elementos contempor\u00e1neos coexisten en un equilibrio sutil en lugar de una confrontaci\u00f3n directa.<\/strong><\/em><\/p>\n<p>Desde las primeras notas, queda claro que se han hecho esfuerzos para mantener vivo el linaje cultural. La interpretaci\u00f3n de la kora de Susso se adhiere al fraseo instrumental y la sensibilidad r\u00edtmica heredada de generaciones de griots, al tiempo que permite momentos de expansi\u00f3n y di\u00e1logo con otros instrumentos. Los arreglos del \u00e1lbum se basan en este sonido central, pero se presta atenci\u00f3n a la variedad de texturas y colores que emergen de la extensa instrumentaci\u00f3n adicional que aparece a lo largo del \u00e1lbum.<\/p>\n<p>Escuchar atentamente revela el cuidado del \u00e1lbum por los detalles. La interacci\u00f3n entre los instrumentos a lo largo de las diez pistas introduce un cambio constante de enfoque, recompensando la participaci\u00f3n del paciente con nuevos motivos y superposiciones que surgen en obras repetidas. Personalmente, fue este aspecto el que mantuvo mi atenci\u00f3n m\u00e1s all\u00e1 de la primera escucha, a medida que las conversaciones musicales en capas se vuelven gradualmente m\u00e1s claras. A lo largo del \u00e1lbum las interpretaciones vocales juegan un papel importante. La voz de Suntou Susso, en temas como \u201cJula Jekereh\u201d y \u201cJoulou Fola\u201d, se complementa y contrasta con artistas invitados como su hermana Binta Suso y Vieux Farka Tour\u00e9s. La combinaci\u00f3n de voces principales y de fondo es uno de los puntos fuertes del \u00e1lbum; no son abrumadoras ni apagadas, sino que apoyan un flujo narrativo.<\/p>\n<p>La calidad del sonido merece menci\u00f3n. La grabaci\u00f3n y producci\u00f3n crean un escenario sonoro abierto y claro que se adapta a los complejos detalles tanto de los instrumentos de cuerda tradicionales como de la paleta m\u00e1s amplia de instrumentos de apoyo, incluidos trompetas, sintetizadores y percusi\u00f3n. Esta claridad es crucial cuando se trabaja con texturas entretejidas, especialmente con instrumentos ac\u00fasticos como la kora, cuyas sutilezas deben preservarse. El impulso r\u00edtmico del \u00e1lbum es notable, hay un v\u00ednculo claro con los modismos afrobeat y jazz-fusi\u00f3n, especialmente con las contribuciones de artistas invitados, pero estas influencias se integran sin abrumar el marco afro-manding subyacente del \u00e1lbum.<\/p>\n<p>Las pistas individuales resaltan la variedad del enfoque del \u00e1lbum. \u201cLannaya\u201d, con KOG, aporta sabores afrobeat combinados con cuerdas que mantienen una sensibilidad mandinga en el arreglo. Esta pista es un ejemplo de la fusi\u00f3n equilibrada del \u00e1lbum, donde el estilo del artista invitado complementa el sonido en lugar de dominarlo. El sencillo principal, \u201cYirolu Bala (Within the Trees)\u201d, utiliza cuerdas de manera efectiva para crear una atm\u00f3sfera evocadora. Las voces aqu\u00ed enfatizan la claridad y el enfoque l\u00edrico, apoyando un mensaje arraigado en la tradici\u00f3n cultural y la reflexi\u00f3n ambiental.<\/p>\n<div class=\"Elite_video_player\" id=\"456\">\n<div id=\"elite_options\" style=\"display:none;\">{&#8220;id&#8221;:456,&#8221;instanceName&#8221;:&#8221;Suntou Susso&#8221;,&#8221;videos&#8221;:({&#8220;videoType&#8221;:&#8221;youtube&#8221;,&#8221;title&#8221;:&#8221;Suntou Susso&#8221;,&#8221;description&#8221;:&#8221;YIROLU BALA ( Dentro de los \u00e1rboles )&#8221;,&#8221;info&#8221;:&#8221;YIROLU BALA ( Dentro de los \u00e1rboles ) )&#8221;,&#8221;thumbImg&#8221;:&#8221;https:\/\/jazzineurope.mfmmedia.nl\/wp-content\/uploads\/2018\/10\/JIE-Magazine-Winter-2018-TN-150 x150.jpg&#8221;,&#8221;youtubeID&#8221;:&#8221;2oDs3x2od84&#8243;,&#8221;prerollAD&#8221;:&#8221;no&#8221;,&#8221;prerollGotoLink&#8221;:&#8221;http:\/\/bit.ly\/2sVU1BA&#8221;,&#8221;preroll_mp4&#8243;:&#8221; https:\/\/jazzineurope.mfmmedia.nl\/wp-content\/uploads\/2018\/10\/Jazz-In-Europe-Magazine-Winter-2018-Promo.mp4&#8243; ,&#8221;prerollSkipTimer&#8221;:&#8221;10&#8243;,&#8221;midrollAD&#8221;:&#8221;no&#8221;,&#8221;midrollAD_displayTime&#8221;:&#8221;midrollAD_displayTime&#8221;,&#8221;midrollGotoLink&#8221;:&#8221;midro llGotoLink&#8221;,&#8221;midroll_mp4&#8243;:&#8221;midroll_mp4&#8243;,&#8221;midrollSkipTimer&#8221;:&#8221;midrollSkipTimer&#8221;,&#8221;postrollAD&#8221;:&#8221;no&#8221;,&#8221;postrollGotoLink &#8220;:&#8221;postrollGotoLink&#8221;,&#8221;postroll_mp4&#8243;:&#8221;postroll_mp4&#8243;,&#8221;postrollSkipTimer&#8221;:&#8221;postrollSkipTimer&#8221;,&#8221;popupAdShow&#8221;:&#8221;no&#8221;,&#8221;po pupImg&#8221;:&#8221;https:\/\/jazzineurope.mfmmedia.nl\/wp-content\/uploads\/2013\/01\/Jazz-Republic-Radio-Leaderboard.jpg&#8221;, &#8220;popupAdStartTime&#8221;:&#8221;12&#8243;,&#8221;popupAdEndTime&#8221;:&#8221;20&#8243;,&#8221;popupAdGoToLink&#8221;:&#8221;https:\/\/twitter.com\/Jazzineu&#8221;}),&#8221;submit&#8221;:&#8221;Guardar Cambios&#8221;,&#8221;instanceTheme&#8221;:&#8221;light&#8221;,&#8221;playerLayout&#8221;:&#8221;fitToContainer&#8221;,&#8221;videoPlayerWidth&#8221;:1006,&#8221;videoPlayerHeight&#8221;:420,&#8221;videoRatio&#8221;:1.7777777777778,&#8221;videoRatioStretch &#8220;:false,&#8221;videoPlayerShadow&#8221;:&#8221;effect3&#8243;,&#8221;colorAccent&#8221;:&#8221;#ff9100&#8243;,&#8221;posterImg&#8221;:&#8221;&#8221;,&#8221;posterImgOnVideoFinish&#8221;:&#8221;&#8221;,&#8221;logoShow&#8221;:&#8221;S\u00ed&#8221;,&#8221;logoPath&#8221;:&#8221;https:\/\/jazzineurope.mfm media.nl\/wp-content\/uploads\/2018\/08\/JIE-Logo-New-White-Final-Video-Player.png&#8221;,&#8221;logoPosition&#8221;:&#8221;abajo a la izquierda&#8221;,&#8221;logoClickable&#8221;:&#8221;S\u00ed&#8221;,&#8221;logoGoToLink&#8221;:&#8221;https:\/ \/jazzineurope.mfmmedia.nl\/2018\/07\/bill-evans-una-visi\u00f3n-de-un-genio\/&#8221;,&#8221;allowSkipAd&#8221;:true,&#8221;advertisementTitle&#8221;:&#8221;Anuncio&#8221;,&#8221;skipAdvertisementText&#8221;:&#8221;Omitir anuncio&#8221;,&#8221;skipAdText&#8221;:&#8221;Puedes omitir este anuncio en&#8221;,&#8221;playBtnTooltipTxt&#8221;:&#8221;Play&#8221;,&#8221;pauseBtnTooltipTxt&#8221;:&#8221;Pausa&#8221;,&#8221;rewindBtnTooltipTxt&#8221;:&#8221;Rebobinar&#8221;,&#8221;downloadVideoBtnTooltipTxt&#8221;:&#8221;Descargar video&#8221;,&#8221;qualityBtnOpenedTooltipTxt&#8221;:&#8221;Cerrar settings&#8221;,&#8221;qualityBtnClosedTooltipTxt&#8221;:&#8221;Configuraciones&#8221;,&#8221;muteBtnTooltipTxt&#8221;:&#8221;Silenciar&#8221;,&#8221;unmuteBtnTooltipTxt&#8221;:&#8221;Activar silencio&#8221;,&#8221;fullscreenBtnTooltipTxt&#8221;:&#8221;Pantalla completa&#8221;,&#8221;exitFullscreenBtnTooltipTxt&#8221;:&#8221;Salir de pantalla completa&#8221;,&#8221;infoBtnTooltipTxt&#8221;:&#8221;Mostrar info&#8221;,&#8221;embedBtnTooltipTxt&#8221;:&#8221;Embed&#8221;,&#8221;shareBtnTooltipTxt&#8221;:&#8221;Compartir&#8221;,&#8221;volumeTooltipTxt&#8221;:&#8221;Volumen&#8221;,&#8221;playlistBtnClosedTooltipTxt&#8221;:&#8221;Mostrar lista de reproducci\u00f3n&#8221;,&#8221;playlistBtnOpenedTooltipTxt&#8221;:&#8221;Ocultar lista de reproducci\u00f3n&#8221;,&#8221;facebookBtnTooltipTxt&#8221;:&#8221;Compartir en Facebook&#8221;,&#8221;twitterBtnTooltipTxt&#8221;:&#8221;Compartir en Twitter&#8221;,&#8221;googlePlusBtnTooltipTxt&#8221;:&#8221;Compartir en Google+&#8221;,&#8221;lastBtnTooltipTxt&#8221;:&#8221;Ir al \u00faltimo v\u00eddeo&#8221;,&#8221;firstBtnTooltipTxt&#8221;:&#8221;Ir al primer v\u00eddeo&#8221;,&#8221;nextBtnTooltipTxt&#8221;:&#8221;Reproducir el siguiente v\u00eddeo&#8221;,&#8221;previousBtnTooltipTxt&#8221;:&#8221;Reproducir el anterior video&#8221;,&#8221;shuffleBtnOnTooltipTxt&#8221;:&#8221;Aleatorio activado&#8221;,&#8221;shuffleBtnOffTooltipTxt&#8221;:&#8221;Aleatorio desactivado&#8221;,&#8221;nowPlayingTooltipTxt&#8221;:&#8221;AHORA REPRODUCIENDO&#8221;,&#8221;embedWindowTitle1&#8243;:&#8221;COMPARTE ESTE REPRODUCTOR:&#8221;,&#8221;embedWindowTitle2&#8243;:&#8221;INGRESE ESTE VIDEO EN SU SITIO:&#8221;,&#8221;embedWindowTitle3&#8243;:&#8221;COMPARTE ENLACE A ESTE JUGADOR:&#8221;,&#8221;lightBox&#8221;:false,&#8221;lightBoxAutoplay&#8221;:false,&#8221;lightBoxThumbnail&#8221;:&#8221;&#8221;,&#8221;lightBoxThumbnailWidth&#8221;:400,&#8221;lightBoxThumbnailHeight&#8221;:220,&#8221;lightBoxCloseOnOutsideClick&#8221;:true,&#8221;onFinish&#8221;:&#8221;Reproducir siguiente video&#8221;,&#8221;autoplay&#8221;:false,&#8221;loadRandomVideoOnStart&#8221;:&#8221;No&#8221;,&#8221;shuffle&#8221;:&#8221;No&#8221;,&#8221;playlist&#8221;:&#8221;Off&#8221;,&#8221;playlistBehaviourOnPageload&#8221;:&#8221;abierto (predeterminado)&#8221;,&#8221;playlistScrollType&#8221;:&#8221;light&#8221;,&#8221;preloadSelfHosted&#8221;:&#8221;none&#8221;,&#8221;hideVideoSource&#8221;:true,&#8221;showAllControls&#8221;:true,&#8221;rightClickMenu&#8221;:true,&#8221;autohideControls&#8221;:2,&#8221;hideCo ntrolsOnMouseOut&#8221;:&#8221;No&#8221;,&#8221;nowPlayingText&#8221;:&#8221;S\u00ed&#8221;,&#8221;infoShow&#8221;:&#8221;S\u00ed&#8221;,&#8221;shareShow&#8221;:&#8221;No&#8221;,&#8221;facebookShow&#8221;:&#8221;S\u00ed&#8221;,&#8221;twitterShow&#8221;:&#8221;S\u00ed&#8221;,&#8221;mailShow&#8221;:&#8221;S\u00ed&#8221;,&#8221;facebookShareName&#8221;:&#8221;Bill Evans &#8211; Una visi\u00f3n de un genio.&#8221;,&#8221;facebookShareLink&#8221;:&#8221;https:\/\/jazzineurope.mfmmedia.nl\/2018\/07\/bill-evans-una-visi\u00f3n-de-un-genio\/&#8221;,&#8221;facebookShareDescription&#8221;:&#8221;Video de ensayo de Copenhague 1966. &#8220;,&#8221;facebookSharePicture&#8221;:&#8221;https:\/\/jazzineurope.mfmmedia.nl\/wp-content\/uploads\/2018\/07\/bill_evans_featured-New.jpg&#8221;,&#8221;twitterText&#8221;:&#8221;Bill Evans: una visi\u00f3n de un Genio.&#8221;,&#8221;twitterLink&#8221;:&#8221;https:\/\/jazzineurope.mfmmedia.nl\/2018\/07\/bill-evans-una-visi\u00f3n-de-un-genio\/&#8221;,&#8221;twitterHashtags&#8221;:&#8221;#BillEvans #JazzInEurope&#8221;,&#8221;twitterVia&#8221;:&#8221;Jazzineu&#8221;,&#8221;googlePlus&#8221;:&#8221;https:\/\/jazzineurope.mfmmedia.nl\/2018\/07\/bill-evans-una-visi\u00f3n-de-un-genio\/&#8221;,&#8221;embed Show&#8221;:&#8221;No&#8221;,&#8221;embedCodeSrc&#8221;:&#8221;&#8221;,&#8221;embedCodeW&#8221;:746,&#8221;embedCodeH&#8221;:420,&#8221;embedShareLink&#8221;:&#8221;https:\/\/jazzineurope.mfmmedia.nl\/&#8221;,&#8221;youtubeControls&#8221;:&#8221;personalizado controles&#8221;,&#8221;youtubeSkin&#8221;:&#8221;light&#8221;,&#8221;youtubeColor&#8221;:&#8221;red&#8221;,&#8221;youtubeQuality&#8221;:&#8221;default&#8221;,&#8221;youtubeShowRelatedVideos&#8221;:&#8221;No&#8221;,&#8221;vimeoColor&#8221;:&#8221;00adef&#8221;,&#8221;showGlobalPrerollAds&#8221;:false,&#8221;globalPrerollAds&#8221;:&#8221;url1;url2;url3;url4;u rl5&#8243;,&#8221;globalPrerollAdsSkipTimer&#8221;:5,&#8221;globalPrerollAdsGotoLink&#8221;:&#8221;http:\/\/codecanyon.net\/&#8221;,&#8221;videoType&#8221;: &#8220;YouTube&#8221;,&#8221;rootFolder&#8221;:&#8221;https:\/\/jazzineurope.mfmmedia.nl\/wp-content\/plugins\/Elite-video-player\/&#8221;}<\/div>\n<\/div>\n<p>\u201cJoulou Fola\u201d destaca por el juego de guitarra y kora, con la participaci\u00f3n de Vieux Farka Tour\u00e9. La mezcla resalta los timbres contrastantes entre los dos instrumentos de cuerda, con la articulaci\u00f3n de la kora de Susso uni\u00e9ndose a las distintivas l\u00edneas de guitarra de Tour\u00e9. La diferencia entre los dos vocalistas aporta a\u00fan m\u00e1s textura a la pista. \u201cBadinya\u201d se basa en influencias del jazz fusi\u00f3n y el afrobeat, presentando una estructura r\u00edtmica compleja que refleja la experimentaci\u00f3n contempor\u00e1nea entre g\u00e9neros mientras mantiene una conexi\u00f3n con las ra\u00edces r\u00edtmicas tradicionales.<\/p>\n<p>Cerrando el disco, \u201cTamala\u201d ofrece un momento de tranquilidad. Esta pieza de solo-kora elimina las capas y presenta un punto final contemplativo. Su simplicidad contrasta con los arreglos m\u00e1s completos de temas anteriores y sirve como un gui\u00f1o a los or\u00edgenes de la tradici\u00f3n del griot. Temas como \u201cBarro\u201d abordan temas de la di\u00e1spora, utilizando pads de sintetizador y contribuciones del saxof\u00f3n tenor para agregar profundidad al paisaje sonoro. El solo de trompa proporciona una dimensi\u00f3n jazz\u00edstica adicional, ampliando el alcance estil\u00edstico del \u00e1lbum sin romper con su identidad central.<\/p>\n<p>\u201cJula Jekereh\u201d, con Binta Suso, es una muestra de moderaci\u00f3n y sutileza en los arreglos, permitiendo que las l\u00edneas vocales respiren. Esta pista ejemplifica c\u00f3mo el \u00e1lbum equilibra la complejidad con momentos de apertura. \u201cJangfa\u201d nuevamente presenta a KOG, enfoc\u00e1ndose en el ritmo y la inmediatez r\u00edtmica, mientras que \u201cJangfajang Kano\u201d explora temas de resistencia y fuerza emocional con una sensibilidad afro-fusi\u00f3n.<\/p>\n<p><img loading=\"lazy\" decoding=\"async\" class=\"alignright wp-image-63268\" src=\"https:\/\/web.consaguirre.com.ar\/noticias\/wp-content\/uploads\/2025\/10\/1760513894_801_Resena-del-CD-Suntou-Susso-Jaliya-Silokang.jpg\" alt=\"\" width=\"400\" height=\"500\"  >Uno de los logros clave de \u201cJaliya Silokang\u201d es su capacidad de incorporar elementos de fusi\u00f3n del afrobeat, el jazz, el funk y el soul sin alterar la integridad de la tradici\u00f3n afromanding. Este equilibrio se logra a trav\u00e9s de cuidadosos arreglos que respetan la forma y la funci\u00f3n, asegurando que la influencia de cada g\u00e9nero sea a la vez aditiva y complementaria. El \u00e1lbum evita los peligros de la mezcla superficial de g\u00e9neros y, en cambio, presenta un conjunto matizado de di\u00e1logos musicales que exploran lenguajes r\u00edtmicos y mel\u00f3dicos compartidos.<\/p>\n<p>Tem\u00e1ticamente, el \u00e1lbum contin\u00faa el papel del griot como custodio cultural y comentarista social. Muchas letras exploran la identidad, la migraci\u00f3n, el patrimonio y la preocupaci\u00f3n ambiental, conectando narrativas hist\u00f3ricas con realidades contempor\u00e1neas. Este enfoque a\u00f1ade una capa de significado m\u00e1s all\u00e1 de la musicalidad y sit\u00faa el \u00e1lbum dentro de conversaciones m\u00e1s amplias y relevantes para el p\u00fablico actual.<\/p>\n<p>En definitiva, \u201cJaliya Silokang: The Path of a Griot\u201d ofrece una experiencia auditiva atractiva y en capas. Su fuerza radica en la combinaci\u00f3n de una interpretaci\u00f3n basada en la tradici\u00f3n con una musicalidad contempor\u00e1nea, la constante presencia central de la kora, una paleta instrumental y vocal expansiva pero coherente, y una calidad de producci\u00f3n que permite que estos elementos respiren. La inclusi\u00f3n de artistas invitados como Vieux Farka Tour\u00e9 y KOG respalda esta visi\u00f3n sin eclipsar la base cultural del \u00e1lbum.<\/p>\n<p>Este \u00e1lbum merece la atenci\u00f3n de los oyentes interesados \u200b\u200ben la m\u00fasica que explora y ampl\u00eda las formas musicales africanas en un contexto moderno, particularmente aquellos que valoran la fusi\u00f3n sutil que honra la tradici\u00f3n y al mismo tiempo involucra sonidos globales.<\/p>\n<p>En este sentido, el trabajo de Suntou Susso ofrece una perspectiva reflexiva y progresista sobre el camino del griot, una que respeta la historia y al mismo tiempo reconoce la complejidad y el dinamismo del panorama musical actual. Altamente recomendado.<\/p>\n<p><strong>P\u00f3ngase en fila:<\/strong><\/p>\n<p>Suntou Susso \u2013 Kora, voz, djemb\u00e9, percusi\u00f3n | Vieux Farka Tour\u00e9 \u2013 Guitarra, voz | KOG \u2013 Voz | Binta Suso \u2013 Voz | Aziza Jaye &#8211; Coros | Mariama Kouyate \u2013 Coros | Oli Mason \u2013 Bater\u00eda | Sheikh Juke \u2013 Bater\u00eda | Alasa\u00f1a Faal \u2013 Bajo | Sam Fox \u2013 Bajo | Tommy Kirby \u2013 Bajo | Arthur MacGregor Young \u2013 Bajo | Andy Christie \u2013 Guitarra | Ansumana Suso \u2013 Guitarra | Joon Ho Wantete \u2013 Teclados, piano, sintetizador | Alhagie Leigh \u2013 Claves | Tomoya Forster \u2013 Saxof\u00f3n | Anna Harris \u2013 Shekere | Mustapha Ceesay \u2013 Percusi\u00f3n | Ross Grant \u2013 Viol\u00edn, viola | R\u00f3is\u00edn Howitt \u2013 Viol\u00edn | Rowan Collinson \u2013 Viola | Awen Blandford \u2013 Violonchelo | Phoebe Harty \u2013 Violonchelo<\/p>\n<p><strong>Listado de pistas:<\/strong><\/p>\n<p>Jaliya (Ser un Griot) \u2013 4:19 | 2. Badinya (Familia) \u2013 5:28 | 3. Barro (Trabajador) \u2013 4:06 | 4. Jangfajang Kano (Amor a larga distancia) \u2013 5:51 | 5. Joulou Fola (Jugador de cuerdas) con Vieux Farka Tour\u00e9 \u2013 4:38 | 6. Yirolu Bala (Dentro de los \u00e1rboles) \u2013 5:16 | 7. Lannaya (Confianza) con KOG \u2013 3:13 | 8. Jangfa (Traici\u00f3n) \u2013 4:12 | 9. Jula Jekereh (Trader Jekereh) con Binta Suso \u2013 5:18 | 10. Tamala (Viajero) \u2013 4:14<\/p>\n<p><strong>Detalles de lanzamiento:<\/strong><\/p>\n<p>Fecha de lanzamiento: 7 de noviembre de 2025<br \/>\nFormato: Digital | CD | Vinilo<br \/>\nEtiqueta: Independiente<\/p>\n<p><img loading=\"lazy\" decoding=\"async\" class=\"aligncenter size-full wp-image-36519\" src=\"https:\/\/web.consaguirre.com.ar\/noticias\/wp-content\/uploads\/2024\/08\/Resena-de-CD-Stephen-Henderson-Tales-of-the-Skald.png\" alt=\"\" width=\"527\" height=\"77\"  ><\/p>\n<p><img loading=\"lazy\" decoding=\"async\" class=\"aligncenter wp-image-63084 size-full\" src=\"https:\/\/web.consaguirre.com.ar\/noticias\/wp-content\/uploads\/2025\/10\/1759844368_824_Revision-del-CD-Theo-Girard-La-Riviere-Coulera-sin-esfuerzo.jpg\" rel=\"prettyPhoto\" alt=\"\" width=\"728\" height=\"90\"  ><\/p>\n<div class=\"post-pagination\"><\/div>\n<div class=\"clearfix\"><\/div>\n<\/p><\/div>\n<p><script async src=\"https:\/\/platform.twitter.com\/widgets.js\" charset=\"utf-8\"><\/script><\/p>\n","protected":false},"excerpt":{"rendered":"<p>El \u00e1lbum de Suntou Susso, \u201cJaliya Silokang: The Path of a Griot\u201d, es una continuaci\u00f3n reflexiva de la larga tradici\u00f3n mandinga, presentando una perspectiva moderna<\/p>\n","protected":false},"author":1,"featured_media":4055,"comment_status":"closed","ping_status":"","sticky":false,"template":"","format":"standard","meta":{"footnotes":""},"categories":[4],"tags":[10,3367,6,3368,3365,3366],"class_list":["post-4054","post","type-post","status-publish","format-standard","has-post-thumbnail","hentry","category-critica","tag-del","tag-jaliya","tag-resena","tag-silokang","tag-suntou","tag-susso","generate-columns","tablet-grid-50","mobile-grid-100","grid-parent","grid-50"],"yoast_head":"<!-- This site is optimized with the Yoast SEO plugin v23.3 - https:\/\/yoast.com\/wordpress\/plugins\/seo\/ -->\n<title>Rese\u00f1a del CD: Suntou Susso, Jaliya Silokang<\/title>\n<meta name=\"robots\" content=\"index, follow, max-snippet:-1, max-image-preview:large, max-video-preview:-1\" \/>\n<link rel=\"canonical\" href=\"https:\/\/web.consaguirre.com.ar\/noticias\/resena-del-cd-suntou-susso-jaliya-silokang\/\" \/>\n<meta property=\"og:locale\" content=\"es_ES\" \/>\n<meta property=\"og:type\" content=\"article\" \/>\n<meta property=\"og:title\" content=\"Rese\u00f1a del CD: Suntou Susso, Jaliya Silokang\" \/>\n<meta property=\"og:description\" content=\"El \u00e1lbum de Suntou Susso, \u201cJaliya Silokang: The Path of a Griot\u201d, es una continuaci\u00f3n reflexiva de la larga tradici\u00f3n mandinga, presentando una perspectiva moderna\" \/>\n<meta property=\"og:url\" content=\"https:\/\/web.consaguirre.com.ar\/noticias\/resena-del-cd-suntou-susso-jaliya-silokang\/\" \/>\n<meta property=\"og:site_name\" content=\"Conservatorio de M\u00fasica Juli\u00e1n Aguirre\" \/>\n<meta property=\"article:published_time\" content=\"2025-10-15T07:38:14+00:00\" \/>\n<meta property=\"article:modified_time\" content=\"2025-10-15T07:38:15+00:00\" \/>\n<meta property=\"og:image\" content=\"https:\/\/web.consaguirre.com.ar\/noticias\/wp-content\/uploads\/2025\/10\/Resena-del-CD-Suntou-Susso-Jaliya-Silokang.jpg\" \/>\n\t<meta property=\"og:image:width\" content=\"300\" \/>\n\t<meta property=\"og:image:height\" content=\"270\" \/>\n\t<meta property=\"og:image:type\" content=\"image\/jpeg\" \/>\n<meta name=\"author\" content=\"Javier Figueroa\" \/>\n<meta name=\"twitter:card\" content=\"summary_large_image\" \/>\n<meta name=\"twitter:label1\" content=\"Escrito por\" \/>\n\t<meta name=\"twitter:data1\" content=\"Javier Figueroa\" \/>\n\t<meta name=\"twitter:label2\" content=\"Tiempo de lectura\" \/>\n\t<meta name=\"twitter:data2\" content=\"9 minutos\" \/>\n<script type=\"application\/ld+json\" class=\"yoast-schema-graph\">{\"@context\":\"https:\/\/schema.org\",\"@graph\":[{\"@type\":\"Article\",\"@id\":\"https:\/\/web.consaguirre.com.ar\/noticias\/resena-del-cd-suntou-susso-jaliya-silokang\/#article\",\"isPartOf\":{\"@id\":\"https:\/\/web.consaguirre.com.ar\/noticias\/resena-del-cd-suntou-susso-jaliya-silokang\/\"},\"author\":{\"name\":\"Javier Figueroa\",\"@id\":\"https:\/\/web.consaguirre.com.ar\/noticias\/#\/schema\/person\/6558b0cfedee7ddc5425602b237d5722\"},\"headline\":\"Rese\u00f1a del CD: Suntou Susso, Jaliya Silokang\",\"datePublished\":\"2025-10-15T07:38:14+00:00\",\"dateModified\":\"2025-10-15T07:38:15+00:00\",\"mainEntityOfPage\":{\"@id\":\"https:\/\/web.consaguirre.com.ar\/noticias\/resena-del-cd-suntou-susso-jaliya-silokang\/\"},\"wordCount\":1752,\"publisher\":{\"@id\":\"https:\/\/web.consaguirre.com.ar\/noticias\/#organization\"},\"image\":{\"@id\":\"https:\/\/web.consaguirre.com.ar\/noticias\/resena-del-cd-suntou-susso-jaliya-silokang\/#primaryimage\"},\"thumbnailUrl\":\"https:\/\/web.consaguirre.com.ar\/noticias\/wp-content\/uploads\/2025\/10\/Resena-del-CD-Suntou-Susso-Jaliya-Silokang.jpg\",\"keywords\":[\"del\",\"Jaliya\",\"Rese\u00f1a\",\"Silokang\",\"Suntou\",\"Susso\"],\"articleSection\":[\"Cr\u00edtica\"],\"inLanguage\":\"es-AR\"},{\"@type\":\"WebPage\",\"@id\":\"https:\/\/web.consaguirre.com.ar\/noticias\/resena-del-cd-suntou-susso-jaliya-silokang\/\",\"url\":\"https:\/\/web.consaguirre.com.ar\/noticias\/resena-del-cd-suntou-susso-jaliya-silokang\/\",\"name\":\"Rese\u00f1a del CD: Suntou Susso, Jaliya Silokang\",\"isPartOf\":{\"@id\":\"https:\/\/web.consaguirre.com.ar\/noticias\/#website\"},\"primaryImageOfPage\":{\"@id\":\"https:\/\/web.consaguirre.com.ar\/noticias\/resena-del-cd-suntou-susso-jaliya-silokang\/#primaryimage\"},\"image\":{\"@id\":\"https:\/\/web.consaguirre.com.ar\/noticias\/resena-del-cd-suntou-susso-jaliya-silokang\/#primaryimage\"},\"thumbnailUrl\":\"https:\/\/web.consaguirre.com.ar\/noticias\/wp-content\/uploads\/2025\/10\/Resena-del-CD-Suntou-Susso-Jaliya-Silokang.jpg\",\"datePublished\":\"2025-10-15T07:38:14+00:00\",\"dateModified\":\"2025-10-15T07:38:15+00:00\",\"breadcrumb\":{\"@id\":\"https:\/\/web.consaguirre.com.ar\/noticias\/resena-del-cd-suntou-susso-jaliya-silokang\/#breadcrumb\"},\"inLanguage\":\"es-AR\",\"potentialAction\":[{\"@type\":\"ReadAction\",\"target\":[\"https:\/\/web.consaguirre.com.ar\/noticias\/resena-del-cd-suntou-susso-jaliya-silokang\/\"]}]},{\"@type\":\"ImageObject\",\"inLanguage\":\"es-AR\",\"@id\":\"https:\/\/web.consaguirre.com.ar\/noticias\/resena-del-cd-suntou-susso-jaliya-silokang\/#primaryimage\",\"url\":\"https:\/\/web.consaguirre.com.ar\/noticias\/wp-content\/uploads\/2025\/10\/Resena-del-CD-Suntou-Susso-Jaliya-Silokang.jpg\",\"contentUrl\":\"https:\/\/web.consaguirre.com.ar\/noticias\/wp-content\/uploads\/2025\/10\/Resena-del-CD-Suntou-Susso-Jaliya-Silokang.jpg\",\"width\":300,\"height\":270,\"caption\":\"Rese\u00f1a del CD: Suntou Susso, Jaliya Silokang\"},{\"@type\":\"BreadcrumbList\",\"@id\":\"https:\/\/web.consaguirre.com.ar\/noticias\/resena-del-cd-suntou-susso-jaliya-silokang\/#breadcrumb\",\"itemListElement\":[{\"@type\":\"ListItem\",\"position\":1,\"name\":\"Inicio\",\"item\":\"https:\/\/web.consaguirre.com.ar\/noticias\/\"},{\"@type\":\"ListItem\",\"position\":2,\"name\":\"Rese\u00f1a del CD: Suntou Susso, Jaliya Silokang\"}]},{\"@type\":\"WebSite\",\"@id\":\"https:\/\/web.consaguirre.com.ar\/noticias\/#website\",\"url\":\"https:\/\/web.consaguirre.com.ar\/noticias\/\",\"name\":\"Conservatorio de M\u00fasica Juli\u00e1n Aguirre\",\"description\":\"\",\"publisher\":{\"@id\":\"https:\/\/web.consaguirre.com.ar\/noticias\/#organization\"},\"potentialAction\":[{\"@type\":\"SearchAction\",\"target\":{\"@type\":\"EntryPoint\",\"urlTemplate\":\"https:\/\/web.consaguirre.com.ar\/noticias\/?s={search_term_string}\"},\"query-input\":\"required name=search_term_string\"}],\"inLanguage\":\"es-AR\"},{\"@type\":\"Organization\",\"@id\":\"https:\/\/web.consaguirre.com.ar\/noticias\/#organization\",\"name\":\"Conservatorio de M\u00fasica Juli\u00e1n Aguirre\",\"url\":\"https:\/\/web.consaguirre.com.ar\/noticias\/\",\"logo\":{\"@type\":\"ImageObject\",\"inLanguage\":\"es-AR\",\"@id\":\"https:\/\/web.consaguirre.com.ar\/noticias\/#\/schema\/logo\/image\/\",\"url\":\"https:\/\/web.consaguirre.com.ar\/noticias\/wp-content\/uploads\/2024\/08\/Banner-Aguirre-23.jpg\",\"contentUrl\":\"https:\/\/web.consaguirre.com.ar\/noticias\/wp-content\/uploads\/2024\/08\/Banner-Aguirre-23.jpg\",\"width\":1192,\"height\":600,\"caption\":\"Conservatorio de M\u00fasica Juli\u00e1n Aguirre\"},\"image\":{\"@id\":\"https:\/\/web.consaguirre.com.ar\/noticias\/#\/schema\/logo\/image\/\"}},{\"@type\":\"Person\",\"@id\":\"https:\/\/web.consaguirre.com.ar\/noticias\/#\/schema\/person\/6558b0cfedee7ddc5425602b237d5722\",\"name\":\"Javier Figueroa\",\"image\":{\"@type\":\"ImageObject\",\"inLanguage\":\"es-AR\",\"@id\":\"https:\/\/web.consaguirre.com.ar\/noticias\/#\/schema\/person\/image\/\",\"url\":\"https:\/\/web.consaguirre.com.ar\/noticias\/wp-content\/uploads\/2024\/08\/Consaguirre-scaled.jpg\",\"contentUrl\":\"https:\/\/web.consaguirre.com.ar\/noticias\/wp-content\/uploads\/2024\/08\/Consaguirre-scaled.jpg\",\"caption\":\"Javier Figueroa\"},\"description\":\"Me llamo Javier Figueroa y soy redactor para el sitio oficial del Conservatorio de M\u00fasica Juli\u00e1n Aguirre en Buenos Aires, consaguirre.com. Apasionado por la m\u00fasica y la escritura, me esfuerzo por destacar los talentos y eventos de nuestra prestigiosa instituci\u00f3n. Mi trayectoria se nutre de una profunda admiraci\u00f3n por los artistas, haciendo de cada art\u00edculo una celebraci\u00f3n de la creatividad y la cultura musical.\",\"sameAs\":[\"https:\/\/web.consaguirre.com.ar\/noticias\"]}]}<\/script>\n<!-- \/ Yoast SEO plugin. -->","yoast_head_json":{"title":"Rese\u00f1a del CD: Suntou Susso, Jaliya Silokang","robots":{"index":"index","follow":"follow","max-snippet":"max-snippet:-1","max-image-preview":"max-image-preview:large","max-video-preview":"max-video-preview:-1"},"canonical":"https:\/\/web.consaguirre.com.ar\/noticias\/resena-del-cd-suntou-susso-jaliya-silokang\/","og_locale":"es_ES","og_type":"article","og_title":"Rese\u00f1a del CD: Suntou Susso, Jaliya Silokang","og_description":"El \u00e1lbum de Suntou Susso, \u201cJaliya Silokang: The Path of a Griot\u201d, es una continuaci\u00f3n reflexiva de la larga tradici\u00f3n mandinga, presentando una perspectiva moderna","og_url":"https:\/\/web.consaguirre.com.ar\/noticias\/resena-del-cd-suntou-susso-jaliya-silokang\/","og_site_name":"Conservatorio de M\u00fasica Juli\u00e1n Aguirre","article_published_time":"2025-10-15T07:38:14+00:00","article_modified_time":"2025-10-15T07:38:15+00:00","og_image":[{"width":300,"height":270,"url":"https:\/\/web.consaguirre.com.ar\/noticias\/wp-content\/uploads\/2025\/10\/Resena-del-CD-Suntou-Susso-Jaliya-Silokang.jpg","type":"image\/jpeg"}],"author":"Javier Figueroa","twitter_card":"summary_large_image","twitter_misc":{"Escrito por":"Javier Figueroa","Tiempo de lectura":"9 minutos"},"schema":{"@context":"https:\/\/schema.org","@graph":[{"@type":"Article","@id":"https:\/\/web.consaguirre.com.ar\/noticias\/resena-del-cd-suntou-susso-jaliya-silokang\/#article","isPartOf":{"@id":"https:\/\/web.consaguirre.com.ar\/noticias\/resena-del-cd-suntou-susso-jaliya-silokang\/"},"author":{"name":"Javier Figueroa","@id":"https:\/\/web.consaguirre.com.ar\/noticias\/#\/schema\/person\/6558b0cfedee7ddc5425602b237d5722"},"headline":"Rese\u00f1a del CD: Suntou Susso, Jaliya Silokang","datePublished":"2025-10-15T07:38:14+00:00","dateModified":"2025-10-15T07:38:15+00:00","mainEntityOfPage":{"@id":"https:\/\/web.consaguirre.com.ar\/noticias\/resena-del-cd-suntou-susso-jaliya-silokang\/"},"wordCount":1752,"publisher":{"@id":"https:\/\/web.consaguirre.com.ar\/noticias\/#organization"},"image":{"@id":"https:\/\/web.consaguirre.com.ar\/noticias\/resena-del-cd-suntou-susso-jaliya-silokang\/#primaryimage"},"thumbnailUrl":"https:\/\/web.consaguirre.com.ar\/noticias\/wp-content\/uploads\/2025\/10\/Resena-del-CD-Suntou-Susso-Jaliya-Silokang.jpg","keywords":["del","Jaliya","Rese\u00f1a","Silokang","Suntou","Susso"],"articleSection":["Cr\u00edtica"],"inLanguage":"es-AR"},{"@type":"WebPage","@id":"https:\/\/web.consaguirre.com.ar\/noticias\/resena-del-cd-suntou-susso-jaliya-silokang\/","url":"https:\/\/web.consaguirre.com.ar\/noticias\/resena-del-cd-suntou-susso-jaliya-silokang\/","name":"Rese\u00f1a del CD: Suntou Susso, Jaliya Silokang","isPartOf":{"@id":"https:\/\/web.consaguirre.com.ar\/noticias\/#website"},"primaryImageOfPage":{"@id":"https:\/\/web.consaguirre.com.ar\/noticias\/resena-del-cd-suntou-susso-jaliya-silokang\/#primaryimage"},"image":{"@id":"https:\/\/web.consaguirre.com.ar\/noticias\/resena-del-cd-suntou-susso-jaliya-silokang\/#primaryimage"},"thumbnailUrl":"https:\/\/web.consaguirre.com.ar\/noticias\/wp-content\/uploads\/2025\/10\/Resena-del-CD-Suntou-Susso-Jaliya-Silokang.jpg","datePublished":"2025-10-15T07:38:14+00:00","dateModified":"2025-10-15T07:38:15+00:00","breadcrumb":{"@id":"https:\/\/web.consaguirre.com.ar\/noticias\/resena-del-cd-suntou-susso-jaliya-silokang\/#breadcrumb"},"inLanguage":"es-AR","potentialAction":[{"@type":"ReadAction","target":["https:\/\/web.consaguirre.com.ar\/noticias\/resena-del-cd-suntou-susso-jaliya-silokang\/"]}]},{"@type":"ImageObject","inLanguage":"es-AR","@id":"https:\/\/web.consaguirre.com.ar\/noticias\/resena-del-cd-suntou-susso-jaliya-silokang\/#primaryimage","url":"https:\/\/web.consaguirre.com.ar\/noticias\/wp-content\/uploads\/2025\/10\/Resena-del-CD-Suntou-Susso-Jaliya-Silokang.jpg","contentUrl":"https:\/\/web.consaguirre.com.ar\/noticias\/wp-content\/uploads\/2025\/10\/Resena-del-CD-Suntou-Susso-Jaliya-Silokang.jpg","width":300,"height":270,"caption":"Rese\u00f1a del CD: Suntou Susso, Jaliya Silokang"},{"@type":"BreadcrumbList","@id":"https:\/\/web.consaguirre.com.ar\/noticias\/resena-del-cd-suntou-susso-jaliya-silokang\/#breadcrumb","itemListElement":[{"@type":"ListItem","position":1,"name":"Inicio","item":"https:\/\/web.consaguirre.com.ar\/noticias\/"},{"@type":"ListItem","position":2,"name":"Rese\u00f1a del CD: Suntou Susso, Jaliya Silokang"}]},{"@type":"WebSite","@id":"https:\/\/web.consaguirre.com.ar\/noticias\/#website","url":"https:\/\/web.consaguirre.com.ar\/noticias\/","name":"Conservatorio de M\u00fasica Juli\u00e1n Aguirre","description":"","publisher":{"@id":"https:\/\/web.consaguirre.com.ar\/noticias\/#organization"},"potentialAction":[{"@type":"SearchAction","target":{"@type":"EntryPoint","urlTemplate":"https:\/\/web.consaguirre.com.ar\/noticias\/?s={search_term_string}"},"query-input":"required name=search_term_string"}],"inLanguage":"es-AR"},{"@type":"Organization","@id":"https:\/\/web.consaguirre.com.ar\/noticias\/#organization","name":"Conservatorio de M\u00fasica Juli\u00e1n Aguirre","url":"https:\/\/web.consaguirre.com.ar\/noticias\/","logo":{"@type":"ImageObject","inLanguage":"es-AR","@id":"https:\/\/web.consaguirre.com.ar\/noticias\/#\/schema\/logo\/image\/","url":"https:\/\/web.consaguirre.com.ar\/noticias\/wp-content\/uploads\/2024\/08\/Banner-Aguirre-23.jpg","contentUrl":"https:\/\/web.consaguirre.com.ar\/noticias\/wp-content\/uploads\/2024\/08\/Banner-Aguirre-23.jpg","width":1192,"height":600,"caption":"Conservatorio de M\u00fasica Juli\u00e1n Aguirre"},"image":{"@id":"https:\/\/web.consaguirre.com.ar\/noticias\/#\/schema\/logo\/image\/"}},{"@type":"Person","@id":"https:\/\/web.consaguirre.com.ar\/noticias\/#\/schema\/person\/6558b0cfedee7ddc5425602b237d5722","name":"Javier Figueroa","image":{"@type":"ImageObject","inLanguage":"es-AR","@id":"https:\/\/web.consaguirre.com.ar\/noticias\/#\/schema\/person\/image\/","url":"https:\/\/web.consaguirre.com.ar\/noticias\/wp-content\/uploads\/2024\/08\/Consaguirre-scaled.jpg","contentUrl":"https:\/\/web.consaguirre.com.ar\/noticias\/wp-content\/uploads\/2024\/08\/Consaguirre-scaled.jpg","caption":"Javier Figueroa"},"description":"Me llamo Javier Figueroa y soy redactor para el sitio oficial del Conservatorio de M\u00fasica Juli\u00e1n Aguirre en Buenos Aires, consaguirre.com. Apasionado por la m\u00fasica y la escritura, me esfuerzo por destacar los talentos y eventos de nuestra prestigiosa instituci\u00f3n. Mi trayectoria se nutre de una profunda admiraci\u00f3n por los artistas, haciendo de cada art\u00edculo una celebraci\u00f3n de la creatividad y la cultura musical.","sameAs":["https:\/\/web.consaguirre.com.ar\/noticias"]}]}},"_links":{"self":[{"href":"https:\/\/web.consaguirre.com.ar\/noticias\/wp-json\/wp\/v2\/posts\/4054"}],"collection":[{"href":"https:\/\/web.consaguirre.com.ar\/noticias\/wp-json\/wp\/v2\/posts"}],"about":[{"href":"https:\/\/web.consaguirre.com.ar\/noticias\/wp-json\/wp\/v2\/types\/post"}],"author":[{"embeddable":true,"href":"https:\/\/web.consaguirre.com.ar\/noticias\/wp-json\/wp\/v2\/users\/1"}],"replies":[{"embeddable":true,"href":"https:\/\/web.consaguirre.com.ar\/noticias\/wp-json\/wp\/v2\/comments?post=4054"}],"version-history":[{"count":1,"href":"https:\/\/web.consaguirre.com.ar\/noticias\/wp-json\/wp\/v2\/posts\/4054\/revisions"}],"predecessor-version":[{"id":4056,"href":"https:\/\/web.consaguirre.com.ar\/noticias\/wp-json\/wp\/v2\/posts\/4054\/revisions\/4056"}],"wp:featuredmedia":[{"embeddable":true,"href":"https:\/\/web.consaguirre.com.ar\/noticias\/wp-json\/wp\/v2\/media\/4055"}],"wp:attachment":[{"href":"https:\/\/web.consaguirre.com.ar\/noticias\/wp-json\/wp\/v2\/media?parent=4054"}],"wp:term":[{"taxonomy":"category","embeddable":true,"href":"https:\/\/web.consaguirre.com.ar\/noticias\/wp-json\/wp\/v2\/categories?post=4054"},{"taxonomy":"post_tag","embeddable":true,"href":"https:\/\/web.consaguirre.com.ar\/noticias\/wp-json\/wp\/v2\/tags?post=4054"}],"curies":[{"name":"wp","href":"https:\/\/api.w.org\/{rel}","templated":true}]}}