{"id":4051,"date":"2025-10-15T02:38:32","date_gmt":"2025-10-15T05:38:32","guid":{"rendered":"https:\/\/web.consaguirre.com.ar\/noticias\/el-clasico-del-jazz-clifford-brown-max-roach-regresa-al-vinilo\/"},"modified":"2025-10-15T02:38:33","modified_gmt":"2025-10-15T05:38:33","slug":"el-clasico-del-jazz-clifford-brown-max-roach-regresa-al-vinilo","status":"publish","type":"post","link":"https:\/\/web.consaguirre.com.ar\/noticias\/el-clasico-del-jazz-clifford-brown-max-roach-regresa-al-vinilo\/","title":{"rendered":"El cl\u00e1sico del jazz &#8216;Clifford Brown &#038; Max Roach&#8217; regresa al vinilo"},"content":{"rendered":"<p>En el verano de 1954 y el invierno de 1955, Clifford Brown y Max Roach Quintet se reunieron en Capitol Studios en Hollywood para grabar un LP de jazz hist\u00f3rico. M\u00e1s de 70 a\u00f1os despu\u00e9s, <em>Clifford Brown y Max Roach<\/em> regresa al vinilo a trav\u00e9s de la serie Acoustic Sounds de Verve. El disco ya est\u00e1 disponible para pedidos anticipados y su lanzamiento est\u00e1 previsto para noviembre.<\/p>\n<p>En 2000, <em>Los New York Times<\/em> aclam\u00f3 al quinteto de Clifford Brown y Max Roach como &#8220;quiz\u00e1s el grupo bop definitivo hasta el fatal accidente automovil\u00edstico del Sr. Brown en 1956&#8221;. Mientras tanto, The Blackwell Guide to Recorded Jazz se\u00f1ala que el quinteto \u201cdej\u00f3 un cuerpo musical que encapsula todas las mejores virtudes del hard bop\u201d, mejor ejemplificado en estos siete temas.<\/p>\n<p><em>Clifford Brown y Max Roach<\/em> muestra a la banda en la cima de sus poderes. La trompeta de Brown y la bater\u00eda de Roach reciben muchos momentos destacados y juntos exhiben una conexi\u00f3n telep\u00e1tica con sus compa\u00f1eros de banda Harold Land (saxof\u00f3n tenor), Richie Powell (piano) y George Morrow (bajo). Por <em>Toda la gu\u00eda musical<\/em>el \u00e1lbum \u201crepresenta el bop en su m\u00e1xima expresi\u00f3n y se recomienda tanto para coleccionistas como para fan\u00e1ticos ocasionales\u201d.<\/p>\n<p>Lanzado originalmente como un \u00e1lbum de cinco pistas en vinilo de 10 pulgadas en diciembre de 1954, <em>Clifford Brown y Max Roach<\/em> se ampli\u00f3 al formato de 12 pulgadas al a\u00f1o siguiente con la incorporaci\u00f3n de \u201cThe Blues Walk\u201d y \u201cWhat Am I Here For\u201d. El \u00e1lbum se destaca por el tema \u201cJoy Spring\u201d, escrito por Brown, ampliamente reconocido como uno de sus mayores logros.<\/p>\n<p>La serie Acoustic Sounds ha brindado a algunos de los mejores lanzamientos de Verve la nueva atenci\u00f3n que merecen. Este a\u00f1o, la serie, que presenta transferencias de cintas anal\u00f3gicas y vinilos remasterizados de 180 gramos en un empaque plegable de lujo, ha relanzado t\u00edtulos de Ella Fitzgerald, John Coltrane, Sonny Rollins, Diana Krall y muchos m\u00e1s.<\/p>\n<p><b>Compre ahora la serie Acoustic Sounds de Verve.<\/b><\/p>\n","protected":false},"excerpt":{"rendered":"<p>En el verano de 1954 y el invierno de 1955, Clifford Brown y Max Roach Quintet se reunieron en Capitol Studios en Hollywood para grabar<\/p>\n","protected":false},"author":1,"featured_media":4052,"comment_status":"closed","ping_status":"","sticky":false,"template":"","format":"standard","meta":{"footnotes":""},"categories":[50],"tags":[813,580,3364,10,748,581,538,2443,87],"class_list":["post-4051","post","type-post","status-publish","format-standard","has-post-thumbnail","hentry","category-el-ultimo","tag-brown","tag-clasico","tag-clifford","tag-del","tag-jazz","tag-max","tag-regresa","tag-roach","tag-vinilo","generate-columns","tablet-grid-50","mobile-grid-100","grid-parent","grid-50"],"yoast_head":"<!-- This site is optimized with the Yoast SEO plugin v23.3 - https:\/\/yoast.com\/wordpress\/plugins\/seo\/ -->\n<title>El cl\u00e1sico del jazz &#039;Clifford Brown &amp; Max Roach&#039; regresa al vinilo<\/title>\n<meta name=\"robots\" content=\"index, follow, max-snippet:-1, max-image-preview:large, max-video-preview:-1\" \/>\n<link rel=\"canonical\" href=\"https:\/\/web.consaguirre.com.ar\/noticias\/el-clasico-del-jazz-clifford-brown-max-roach-regresa-al-vinilo\/\" \/>\n<meta property=\"og:locale\" content=\"es_ES\" \/>\n<meta property=\"og:type\" content=\"article\" \/>\n<meta property=\"og:title\" content=\"El cl\u00e1sico del jazz &#039;Clifford Brown &amp; Max Roach&#039; regresa al vinilo\" \/>\n<meta property=\"og:description\" content=\"En el verano de 1954 y el invierno de 1955, Clifford Brown y Max Roach Quintet se reunieron en Capitol Studios en Hollywood para grabar\" \/>\n<meta property=\"og:url\" content=\"https:\/\/web.consaguirre.com.ar\/noticias\/el-clasico-del-jazz-clifford-brown-max-roach-regresa-al-vinilo\/\" \/>\n<meta property=\"og:site_name\" content=\"Conservatorio de M\u00fasica Juli\u00e1n Aguirre\" \/>\n<meta property=\"article:published_time\" content=\"2025-10-15T05:38:32+00:00\" \/>\n<meta property=\"article:modified_time\" content=\"2025-10-15T05:38:33+00:00\" \/>\n<meta property=\"og:image\" content=\"https:\/\/web.consaguirre.com.ar\/noticias\/wp-content\/uploads\/2025\/10\/El-clasico-del-jazz-Clifford-Brown-Max-Roach-regresa.jpg\" \/>\n\t<meta property=\"og:image:width\" content=\"1440\" \/>\n\t<meta property=\"og:image:height\" content=\"864\" \/>\n\t<meta property=\"og:image:type\" content=\"image\/jpeg\" \/>\n<meta name=\"author\" content=\"Javier Figueroa\" \/>\n<meta name=\"twitter:card\" content=\"summary_large_image\" \/>\n<meta name=\"twitter:label1\" content=\"Escrito por\" \/>\n\t<meta name=\"twitter:data1\" content=\"Javier Figueroa\" \/>\n\t<meta name=\"twitter:label2\" content=\"Tiempo de lectura\" \/>\n\t<meta name=\"twitter:data2\" content=\"2 minutos\" \/>\n<script type=\"application\/ld+json\" class=\"yoast-schema-graph\">{\"@context\":\"https:\/\/schema.org\",\"@graph\":[{\"@type\":\"Article\",\"@id\":\"https:\/\/web.consaguirre.com.ar\/noticias\/el-clasico-del-jazz-clifford-brown-max-roach-regresa-al-vinilo\/#article\",\"isPartOf\":{\"@id\":\"https:\/\/web.consaguirre.com.ar\/noticias\/el-clasico-del-jazz-clifford-brown-max-roach-regresa-al-vinilo\/\"},\"author\":{\"name\":\"Javier Figueroa\",\"@id\":\"https:\/\/web.consaguirre.com.ar\/noticias\/#\/schema\/person\/6558b0cfedee7ddc5425602b237d5722\"},\"headline\":\"El cl\u00e1sico del jazz &#8216;Clifford Brown &#038; Max Roach&#8217; regresa al vinilo\",\"datePublished\":\"2025-10-15T05:38:32+00:00\",\"dateModified\":\"2025-10-15T05:38:33+00:00\",\"mainEntityOfPage\":{\"@id\":\"https:\/\/web.consaguirre.com.ar\/noticias\/el-clasico-del-jazz-clifford-brown-max-roach-regresa-al-vinilo\/\"},\"wordCount\":358,\"publisher\":{\"@id\":\"https:\/\/web.consaguirre.com.ar\/noticias\/#organization\"},\"image\":{\"@id\":\"https:\/\/web.consaguirre.com.ar\/noticias\/el-clasico-del-jazz-clifford-brown-max-roach-regresa-al-vinilo\/#primaryimage\"},\"thumbnailUrl\":\"https:\/\/web.consaguirre.com.ar\/noticias\/wp-content\/uploads\/2025\/10\/El-clasico-del-jazz-Clifford-Brown-Max-Roach-regresa.jpg\",\"keywords\":[\"Brown\",\"cl\u00e1sico\",\"Clifford\",\"del\",\"Jazz\",\"Max\",\"regresa\",\"Roach\",\"vinilo\"],\"articleSection\":[\"El \u00faltimo\"],\"inLanguage\":\"es-AR\"},{\"@type\":\"WebPage\",\"@id\":\"https:\/\/web.consaguirre.com.ar\/noticias\/el-clasico-del-jazz-clifford-brown-max-roach-regresa-al-vinilo\/\",\"url\":\"https:\/\/web.consaguirre.com.ar\/noticias\/el-clasico-del-jazz-clifford-brown-max-roach-regresa-al-vinilo\/\",\"name\":\"El cl\u00e1sico del jazz 'Clifford Brown & Max Roach' regresa al vinilo\",\"isPartOf\":{\"@id\":\"https:\/\/web.consaguirre.com.ar\/noticias\/#website\"},\"primaryImageOfPage\":{\"@id\":\"https:\/\/web.consaguirre.com.ar\/noticias\/el-clasico-del-jazz-clifford-brown-max-roach-regresa-al-vinilo\/#primaryimage\"},\"image\":{\"@id\":\"https:\/\/web.consaguirre.com.ar\/noticias\/el-clasico-del-jazz-clifford-brown-max-roach-regresa-al-vinilo\/#primaryimage\"},\"thumbnailUrl\":\"https:\/\/web.consaguirre.com.ar\/noticias\/wp-content\/uploads\/2025\/10\/El-clasico-del-jazz-Clifford-Brown-Max-Roach-regresa.jpg\",\"datePublished\":\"2025-10-15T05:38:32+00:00\",\"dateModified\":\"2025-10-15T05:38:33+00:00\",\"breadcrumb\":{\"@id\":\"https:\/\/web.consaguirre.com.ar\/noticias\/el-clasico-del-jazz-clifford-brown-max-roach-regresa-al-vinilo\/#breadcrumb\"},\"inLanguage\":\"es-AR\",\"potentialAction\":[{\"@type\":\"ReadAction\",\"target\":[\"https:\/\/web.consaguirre.com.ar\/noticias\/el-clasico-del-jazz-clifford-brown-max-roach-regresa-al-vinilo\/\"]}]},{\"@type\":\"ImageObject\",\"inLanguage\":\"es-AR\",\"@id\":\"https:\/\/web.consaguirre.com.ar\/noticias\/el-clasico-del-jazz-clifford-brown-max-roach-regresa-al-vinilo\/#primaryimage\",\"url\":\"https:\/\/web.consaguirre.com.ar\/noticias\/wp-content\/uploads\/2025\/10\/El-clasico-del-jazz-Clifford-Brown-Max-Roach-regresa.jpg\",\"contentUrl\":\"https:\/\/web.consaguirre.com.ar\/noticias\/wp-content\/uploads\/2025\/10\/El-clasico-del-jazz-Clifford-Brown-Max-Roach-regresa.jpg\",\"width\":1440,\"height\":864,\"caption\":\"El cl\u00e1sico del jazz 'Clifford Brown & Max Roach' regresa al vinilo\"},{\"@type\":\"BreadcrumbList\",\"@id\":\"https:\/\/web.consaguirre.com.ar\/noticias\/el-clasico-del-jazz-clifford-brown-max-roach-regresa-al-vinilo\/#breadcrumb\",\"itemListElement\":[{\"@type\":\"ListItem\",\"position\":1,\"name\":\"Inicio\",\"item\":\"https:\/\/web.consaguirre.com.ar\/noticias\/\"},{\"@type\":\"ListItem\",\"position\":2,\"name\":\"El cl\u00e1sico del jazz &#8216;Clifford Brown &#038; Max Roach&#8217; regresa al vinilo\"}]},{\"@type\":\"WebSite\",\"@id\":\"https:\/\/web.consaguirre.com.ar\/noticias\/#website\",\"url\":\"https:\/\/web.consaguirre.com.ar\/noticias\/\",\"name\":\"Conservatorio de M\u00fasica Juli\u00e1n Aguirre\",\"description\":\"\",\"publisher\":{\"@id\":\"https:\/\/web.consaguirre.com.ar\/noticias\/#organization\"},\"potentialAction\":[{\"@type\":\"SearchAction\",\"target\":{\"@type\":\"EntryPoint\",\"urlTemplate\":\"https:\/\/web.consaguirre.com.ar\/noticias\/?s={search_term_string}\"},\"query-input\":\"required name=search_term_string\"}],\"inLanguage\":\"es-AR\"},{\"@type\":\"Organization\",\"@id\":\"https:\/\/web.consaguirre.com.ar\/noticias\/#organization\",\"name\":\"Conservatorio de M\u00fasica Juli\u00e1n Aguirre\",\"url\":\"https:\/\/web.consaguirre.com.ar\/noticias\/\",\"logo\":{\"@type\":\"ImageObject\",\"inLanguage\":\"es-AR\",\"@id\":\"https:\/\/web.consaguirre.com.ar\/noticias\/#\/schema\/logo\/image\/\",\"url\":\"https:\/\/web.consaguirre.com.ar\/noticias\/wp-content\/uploads\/2024\/08\/Banner-Aguirre-23.jpg\",\"contentUrl\":\"https:\/\/web.consaguirre.com.ar\/noticias\/wp-content\/uploads\/2024\/08\/Banner-Aguirre-23.jpg\",\"width\":1192,\"height\":600,\"caption\":\"Conservatorio de M\u00fasica Juli\u00e1n Aguirre\"},\"image\":{\"@id\":\"https:\/\/web.consaguirre.com.ar\/noticias\/#\/schema\/logo\/image\/\"}},{\"@type\":\"Person\",\"@id\":\"https:\/\/web.consaguirre.com.ar\/noticias\/#\/schema\/person\/6558b0cfedee7ddc5425602b237d5722\",\"name\":\"Javier Figueroa\",\"image\":{\"@type\":\"ImageObject\",\"inLanguage\":\"es-AR\",\"@id\":\"https:\/\/web.consaguirre.com.ar\/noticias\/#\/schema\/person\/image\/\",\"url\":\"https:\/\/web.consaguirre.com.ar\/noticias\/wp-content\/uploads\/2024\/08\/Consaguirre-scaled.jpg\",\"contentUrl\":\"https:\/\/web.consaguirre.com.ar\/noticias\/wp-content\/uploads\/2024\/08\/Consaguirre-scaled.jpg\",\"caption\":\"Javier Figueroa\"},\"description\":\"Me llamo Javier Figueroa y soy redactor para el sitio oficial del Conservatorio de M\u00fasica Juli\u00e1n Aguirre en Buenos Aires, consaguirre.com. Apasionado por la m\u00fasica y la escritura, me esfuerzo por destacar los talentos y eventos de nuestra prestigiosa instituci\u00f3n. Mi trayectoria se nutre de una profunda admiraci\u00f3n por los artistas, haciendo de cada art\u00edculo una celebraci\u00f3n de la creatividad y la cultura musical.\",\"sameAs\":[\"https:\/\/web.consaguirre.com.ar\/noticias\"]}]}<\/script>\n<!-- \/ Yoast SEO plugin. -->","yoast_head_json":{"title":"El cl\u00e1sico del jazz 'Clifford Brown & Max Roach' regresa al vinilo","robots":{"index":"index","follow":"follow","max-snippet":"max-snippet:-1","max-image-preview":"max-image-preview:large","max-video-preview":"max-video-preview:-1"},"canonical":"https:\/\/web.consaguirre.com.ar\/noticias\/el-clasico-del-jazz-clifford-brown-max-roach-regresa-al-vinilo\/","og_locale":"es_ES","og_type":"article","og_title":"El cl\u00e1sico del jazz 'Clifford Brown & Max Roach' regresa al vinilo","og_description":"En el verano de 1954 y el invierno de 1955, Clifford Brown y Max Roach Quintet se reunieron en Capitol Studios en Hollywood para grabar","og_url":"https:\/\/web.consaguirre.com.ar\/noticias\/el-clasico-del-jazz-clifford-brown-max-roach-regresa-al-vinilo\/","og_site_name":"Conservatorio de M\u00fasica Juli\u00e1n Aguirre","article_published_time":"2025-10-15T05:38:32+00:00","article_modified_time":"2025-10-15T05:38:33+00:00","og_image":[{"width":1440,"height":864,"url":"https:\/\/web.consaguirre.com.ar\/noticias\/wp-content\/uploads\/2025\/10\/El-clasico-del-jazz-Clifford-Brown-Max-Roach-regresa.jpg","type":"image\/jpeg"}],"author":"Javier Figueroa","twitter_card":"summary_large_image","twitter_misc":{"Escrito por":"Javier Figueroa","Tiempo de lectura":"2 minutos"},"schema":{"@context":"https:\/\/schema.org","@graph":[{"@type":"Article","@id":"https:\/\/web.consaguirre.com.ar\/noticias\/el-clasico-del-jazz-clifford-brown-max-roach-regresa-al-vinilo\/#article","isPartOf":{"@id":"https:\/\/web.consaguirre.com.ar\/noticias\/el-clasico-del-jazz-clifford-brown-max-roach-regresa-al-vinilo\/"},"author":{"name":"Javier Figueroa","@id":"https:\/\/web.consaguirre.com.ar\/noticias\/#\/schema\/person\/6558b0cfedee7ddc5425602b237d5722"},"headline":"El cl\u00e1sico del jazz &#8216;Clifford Brown &#038; Max Roach&#8217; regresa al vinilo","datePublished":"2025-10-15T05:38:32+00:00","dateModified":"2025-10-15T05:38:33+00:00","mainEntityOfPage":{"@id":"https:\/\/web.consaguirre.com.ar\/noticias\/el-clasico-del-jazz-clifford-brown-max-roach-regresa-al-vinilo\/"},"wordCount":358,"publisher":{"@id":"https:\/\/web.consaguirre.com.ar\/noticias\/#organization"},"image":{"@id":"https:\/\/web.consaguirre.com.ar\/noticias\/el-clasico-del-jazz-clifford-brown-max-roach-regresa-al-vinilo\/#primaryimage"},"thumbnailUrl":"https:\/\/web.consaguirre.com.ar\/noticias\/wp-content\/uploads\/2025\/10\/El-clasico-del-jazz-Clifford-Brown-Max-Roach-regresa.jpg","keywords":["Brown","cl\u00e1sico","Clifford","del","Jazz","Max","regresa","Roach","vinilo"],"articleSection":["El \u00faltimo"],"inLanguage":"es-AR"},{"@type":"WebPage","@id":"https:\/\/web.consaguirre.com.ar\/noticias\/el-clasico-del-jazz-clifford-brown-max-roach-regresa-al-vinilo\/","url":"https:\/\/web.consaguirre.com.ar\/noticias\/el-clasico-del-jazz-clifford-brown-max-roach-regresa-al-vinilo\/","name":"El cl\u00e1sico del jazz 'Clifford Brown & Max Roach' regresa al vinilo","isPartOf":{"@id":"https:\/\/web.consaguirre.com.ar\/noticias\/#website"},"primaryImageOfPage":{"@id":"https:\/\/web.consaguirre.com.ar\/noticias\/el-clasico-del-jazz-clifford-brown-max-roach-regresa-al-vinilo\/#primaryimage"},"image":{"@id":"https:\/\/web.consaguirre.com.ar\/noticias\/el-clasico-del-jazz-clifford-brown-max-roach-regresa-al-vinilo\/#primaryimage"},"thumbnailUrl":"https:\/\/web.consaguirre.com.ar\/noticias\/wp-content\/uploads\/2025\/10\/El-clasico-del-jazz-Clifford-Brown-Max-Roach-regresa.jpg","datePublished":"2025-10-15T05:38:32+00:00","dateModified":"2025-10-15T05:38:33+00:00","breadcrumb":{"@id":"https:\/\/web.consaguirre.com.ar\/noticias\/el-clasico-del-jazz-clifford-brown-max-roach-regresa-al-vinilo\/#breadcrumb"},"inLanguage":"es-AR","potentialAction":[{"@type":"ReadAction","target":["https:\/\/web.consaguirre.com.ar\/noticias\/el-clasico-del-jazz-clifford-brown-max-roach-regresa-al-vinilo\/"]}]},{"@type":"ImageObject","inLanguage":"es-AR","@id":"https:\/\/web.consaguirre.com.ar\/noticias\/el-clasico-del-jazz-clifford-brown-max-roach-regresa-al-vinilo\/#primaryimage","url":"https:\/\/web.consaguirre.com.ar\/noticias\/wp-content\/uploads\/2025\/10\/El-clasico-del-jazz-Clifford-Brown-Max-Roach-regresa.jpg","contentUrl":"https:\/\/web.consaguirre.com.ar\/noticias\/wp-content\/uploads\/2025\/10\/El-clasico-del-jazz-Clifford-Brown-Max-Roach-regresa.jpg","width":1440,"height":864,"caption":"El cl\u00e1sico del jazz 'Clifford Brown & Max Roach' regresa al vinilo"},{"@type":"BreadcrumbList","@id":"https:\/\/web.consaguirre.com.ar\/noticias\/el-clasico-del-jazz-clifford-brown-max-roach-regresa-al-vinilo\/#breadcrumb","itemListElement":[{"@type":"ListItem","position":1,"name":"Inicio","item":"https:\/\/web.consaguirre.com.ar\/noticias\/"},{"@type":"ListItem","position":2,"name":"El cl\u00e1sico del jazz &#8216;Clifford Brown &#038; Max Roach&#8217; regresa al vinilo"}]},{"@type":"WebSite","@id":"https:\/\/web.consaguirre.com.ar\/noticias\/#website","url":"https:\/\/web.consaguirre.com.ar\/noticias\/","name":"Conservatorio de M\u00fasica Juli\u00e1n Aguirre","description":"","publisher":{"@id":"https:\/\/web.consaguirre.com.ar\/noticias\/#organization"},"potentialAction":[{"@type":"SearchAction","target":{"@type":"EntryPoint","urlTemplate":"https:\/\/web.consaguirre.com.ar\/noticias\/?s={search_term_string}"},"query-input":"required name=search_term_string"}],"inLanguage":"es-AR"},{"@type":"Organization","@id":"https:\/\/web.consaguirre.com.ar\/noticias\/#organization","name":"Conservatorio de M\u00fasica Juli\u00e1n Aguirre","url":"https:\/\/web.consaguirre.com.ar\/noticias\/","logo":{"@type":"ImageObject","inLanguage":"es-AR","@id":"https:\/\/web.consaguirre.com.ar\/noticias\/#\/schema\/logo\/image\/","url":"https:\/\/web.consaguirre.com.ar\/noticias\/wp-content\/uploads\/2024\/08\/Banner-Aguirre-23.jpg","contentUrl":"https:\/\/web.consaguirre.com.ar\/noticias\/wp-content\/uploads\/2024\/08\/Banner-Aguirre-23.jpg","width":1192,"height":600,"caption":"Conservatorio de M\u00fasica Juli\u00e1n Aguirre"},"image":{"@id":"https:\/\/web.consaguirre.com.ar\/noticias\/#\/schema\/logo\/image\/"}},{"@type":"Person","@id":"https:\/\/web.consaguirre.com.ar\/noticias\/#\/schema\/person\/6558b0cfedee7ddc5425602b237d5722","name":"Javier Figueroa","image":{"@type":"ImageObject","inLanguage":"es-AR","@id":"https:\/\/web.consaguirre.com.ar\/noticias\/#\/schema\/person\/image\/","url":"https:\/\/web.consaguirre.com.ar\/noticias\/wp-content\/uploads\/2024\/08\/Consaguirre-scaled.jpg","contentUrl":"https:\/\/web.consaguirre.com.ar\/noticias\/wp-content\/uploads\/2024\/08\/Consaguirre-scaled.jpg","caption":"Javier Figueroa"},"description":"Me llamo Javier Figueroa y soy redactor para el sitio oficial del Conservatorio de M\u00fasica Juli\u00e1n Aguirre en Buenos Aires, consaguirre.com. Apasionado por la m\u00fasica y la escritura, me esfuerzo por destacar los talentos y eventos de nuestra prestigiosa instituci\u00f3n. Mi trayectoria se nutre de una profunda admiraci\u00f3n por los artistas, haciendo de cada art\u00edculo una celebraci\u00f3n de la creatividad y la cultura musical.","sameAs":["https:\/\/web.consaguirre.com.ar\/noticias"]}]}},"_links":{"self":[{"href":"https:\/\/web.consaguirre.com.ar\/noticias\/wp-json\/wp\/v2\/posts\/4051"}],"collection":[{"href":"https:\/\/web.consaguirre.com.ar\/noticias\/wp-json\/wp\/v2\/posts"}],"about":[{"href":"https:\/\/web.consaguirre.com.ar\/noticias\/wp-json\/wp\/v2\/types\/post"}],"author":[{"embeddable":true,"href":"https:\/\/web.consaguirre.com.ar\/noticias\/wp-json\/wp\/v2\/users\/1"}],"replies":[{"embeddable":true,"href":"https:\/\/web.consaguirre.com.ar\/noticias\/wp-json\/wp\/v2\/comments?post=4051"}],"version-history":[{"count":1,"href":"https:\/\/web.consaguirre.com.ar\/noticias\/wp-json\/wp\/v2\/posts\/4051\/revisions"}],"predecessor-version":[{"id":4053,"href":"https:\/\/web.consaguirre.com.ar\/noticias\/wp-json\/wp\/v2\/posts\/4051\/revisions\/4053"}],"wp:featuredmedia":[{"embeddable":true,"href":"https:\/\/web.consaguirre.com.ar\/noticias\/wp-json\/wp\/v2\/media\/4052"}],"wp:attachment":[{"href":"https:\/\/web.consaguirre.com.ar\/noticias\/wp-json\/wp\/v2\/media?parent=4051"}],"wp:term":[{"taxonomy":"category","embeddable":true,"href":"https:\/\/web.consaguirre.com.ar\/noticias\/wp-json\/wp\/v2\/categories?post=4051"},{"taxonomy":"post_tag","embeddable":true,"href":"https:\/\/web.consaguirre.com.ar\/noticias\/wp-json\/wp\/v2\/tags?post=4051"}],"curies":[{"name":"wp","href":"https:\/\/api.w.org\/{rel}","templated":true}]}}