{"id":405,"date":"2024-09-02T22:38:28","date_gmt":"2024-09-03T01:38:28","guid":{"rendered":"https:\/\/web.consaguirre.com.ar\/noticias\/el-documental-de-paul-mccartney-y-wings-llegara-a-los-cines\/"},"modified":"2024-09-08T16:27:49","modified_gmt":"2024-09-08T19:27:49","slug":"el-documental-de-paul-mccartney-y-wings-llegara-a-los-cines","status":"publish","type":"post","link":"https:\/\/web.consaguirre.com.ar\/noticias\/el-documental-de-paul-mccartney-y-wings-llegara-a-los-cines\/","title":{"rendered":"El documental de Paul McCartney y Wings llegar\u00e1 a los cines"},"content":{"rendered":"<p>Un documental poco com\u00fan sobre <strong>Paul McCartney y las alas<\/strong>, <strong><em>Aplaudiendo con una mano<\/em><\/strong>Se realizar\u00e1n algunas proyecciones limitadas este oto\u00f1o.<\/p>\n<p>La pel\u00edcula, que ofrece una mirada \u00edntima a las sesiones de grabaci\u00f3n del grupo en Abbey Road en 1974 que dieron lugar al disco del mismo nombre, comienza a proyectarse el 26 de septiembre. Dirigida por David Litchfield, la nueva edici\u00f3n presenta im\u00e1genes in\u00e9ditas de una actuaci\u00f3n ac\u00fastica en solitario de McCartney, una nueva introducci\u00f3n filmada y Polaroids in\u00e9ditas. Acompa\u00f1a al \u00e1lbum <em>Aplaudiendo con una mano<\/em>lanzado en junio.<\/p>\n<p><strong>Pide Paul McCartney y Wings <em>Aplaudiendo con una mano<\/em> ahora.<\/strong><\/p>\n<p>\u201cEs genial recordar ese per\u00edodo y ver el peque\u00f1o espect\u00e1culo en vivo que hicimos\u201d, comparti\u00f3 McCartney en una declaraci\u00f3n. \u201c\u00a1En realidad, hicimos mucho ruido! Fue un gran momento para la banda, comenzamos a tener \u00e9xito con Wings, algo que se ven\u00eda gestando desde hac\u00eda mucho tiempo\u201d.<\/p>\n<div class=\"uD-YT-container\"><img decoding=\"async\" src=\"https:\/\/web.consaguirre.com.ar\/noticias\/wp-content\/uploads\/2024\/09\/1725327508_437_El-documental-de-Paul-McCartney-y-Wings-llegara-a-los.jpg\" alt=\"V\u00eddeo de YouTube\"><\/p>\n<\/div>\n<p><em>Aplaudiendo con una mano<\/em> La versi\u00f3n de Wings que toca en el escenario fue la cr\u00f3nica de un per\u00edodo transformador en la historia de Wings, cuando recientemente hab\u00edan dejado Nashville y debutaron con una nueva formaci\u00f3n tras las salidas inesperadas de Denny Seiwill y Henry McCullough. <em>Aplaudiendo con una mano<\/em> Incluye a McCartney y su difunta esposa Linda; Denny Lain; el guitarrista Jimmy McCulloch; y el baterista Geoff Britton. Completando el equipo de estudio estaban el arreglista orquestal Del Newman y el saxofonista Howie Casey, quien luego se uni\u00f3 a la banda de gira Wings.<\/p>\n<p>Las entradas para la pel\u00edcula saldr\u00e1n a la venta el 16 de agosto.<\/p>\n<p><strong>Pide Paul McCartney y Wings <em>Aplaudiendo con una mano<\/em> ahora.<\/strong><\/p>\n","protected":false},"excerpt":{"rendered":"<p>Un documental poco com\u00fan sobre Paul McCartney y las alas, Aplaudiendo con una manoSe realizar\u00e1n algunas proyecciones limitadas este oto\u00f1o. La pel\u00edcula, que ofrece una<\/p>\n","protected":false},"author":1,"featured_media":406,"comment_status":"closed","ping_status":"open","sticky":false,"template":"","format":"standard","meta":{"footnotes":""},"categories":[50],"tags":[426,419,86,180,424,423,425],"class_list":["post-405","post","type-post","status-publish","format-standard","has-post-thumbnail","hentry","category-el-ultimo","tag-cines","tag-documental","tag-llegara","tag-los","tag-mccartney","tag-paul","tag-wings","generate-columns","tablet-grid-50","mobile-grid-100","grid-parent","grid-50"],"yoast_head":"<!-- This site is optimized with the Yoast SEO plugin v23.3 - https:\/\/yoast.com\/wordpress\/plugins\/seo\/ -->\n<title>El documental de Paul McCartney y Wings llegar\u00e1 a los cines<\/title>\n<meta name=\"robots\" content=\"index, follow, max-snippet:-1, max-image-preview:large, max-video-preview:-1\" \/>\n<link rel=\"canonical\" href=\"https:\/\/web.consaguirre.com.ar\/noticias\/el-documental-de-paul-mccartney-y-wings-llegara-a-los-cines\/\" \/>\n<meta property=\"og:locale\" content=\"es_ES\" \/>\n<meta property=\"og:type\" content=\"article\" \/>\n<meta property=\"og:title\" content=\"El documental de Paul McCartney y Wings llegar\u00e1 a los cines\" \/>\n<meta property=\"og:description\" content=\"Un documental poco com\u00fan sobre Paul McCartney y las alas, Aplaudiendo con una manoSe realizar\u00e1n algunas proyecciones limitadas este oto\u00f1o. La pel\u00edcula, que ofrece una\" \/>\n<meta property=\"og:url\" content=\"https:\/\/web.consaguirre.com.ar\/noticias\/el-documental-de-paul-mccartney-y-wings-llegara-a-los-cines\/\" \/>\n<meta property=\"og:site_name\" content=\"Conservatorio de M\u00fasica Juli\u00e1n Aguirre\" \/>\n<meta property=\"article:published_time\" content=\"2024-09-03T01:38:28+00:00\" \/>\n<meta property=\"article:modified_time\" content=\"2024-09-08T19:27:49+00:00\" \/>\n<meta property=\"og:image\" content=\"https:\/\/web.consaguirre.com.ar\/noticias\/wp-content\/uploads\/2024\/09\/El-documental-de-Paul-McCartney-y-Wings-llegara-a-los.jpg\" \/>\n\t<meta property=\"og:image:width\" content=\"1280\" \/>\n\t<meta property=\"og:image:height\" content=\"1280\" \/>\n\t<meta property=\"og:image:type\" content=\"image\/jpeg\" \/>\n<meta name=\"author\" content=\"Javier Figueroa\" \/>\n<meta name=\"twitter:card\" content=\"summary_large_image\" \/>\n<meta name=\"twitter:label1\" content=\"Escrito por\" \/>\n\t<meta name=\"twitter:data1\" content=\"Javier Figueroa\" \/>\n\t<meta name=\"twitter:label2\" content=\"Tiempo de lectura\" \/>\n\t<meta name=\"twitter:data2\" content=\"1 minuto\" \/>\n<script type=\"application\/ld+json\" class=\"yoast-schema-graph\">{\"@context\":\"https:\/\/schema.org\",\"@graph\":[{\"@type\":\"Article\",\"@id\":\"https:\/\/web.consaguirre.com.ar\/noticias\/el-documental-de-paul-mccartney-y-wings-llegara-a-los-cines\/#article\",\"isPartOf\":{\"@id\":\"https:\/\/web.consaguirre.com.ar\/noticias\/el-documental-de-paul-mccartney-y-wings-llegara-a-los-cines\/\"},\"author\":{\"name\":\"Javier Figueroa\",\"@id\":\"https:\/\/web.consaguirre.com.ar\/noticias\/#\/schema\/person\/6558b0cfedee7ddc5425602b237d5722\"},\"headline\":\"El documental de Paul McCartney y Wings llegar\u00e1 a los cines\",\"datePublished\":\"2024-09-03T01:38:28+00:00\",\"dateModified\":\"2024-09-08T19:27:49+00:00\",\"mainEntityOfPage\":{\"@id\":\"https:\/\/web.consaguirre.com.ar\/noticias\/el-documental-de-paul-mccartney-y-wings-llegara-a-los-cines\/\"},\"wordCount\":297,\"publisher\":{\"@id\":\"https:\/\/web.consaguirre.com.ar\/noticias\/#organization\"},\"image\":{\"@id\":\"https:\/\/web.consaguirre.com.ar\/noticias\/el-documental-de-paul-mccartney-y-wings-llegara-a-los-cines\/#primaryimage\"},\"thumbnailUrl\":\"https:\/\/web.consaguirre.com.ar\/noticias\/wp-content\/uploads\/2024\/09\/El-documental-de-Paul-McCartney-y-Wings-llegara-a-los.jpg\",\"keywords\":[\"cines\",\"documental\",\"llegar\u00e1\",\"los\",\"McCartney\",\"Paul\",\"Wings\"],\"articleSection\":[\"El \u00faltimo\"],\"inLanguage\":\"es-AR\"},{\"@type\":\"WebPage\",\"@id\":\"https:\/\/web.consaguirre.com.ar\/noticias\/el-documental-de-paul-mccartney-y-wings-llegara-a-los-cines\/\",\"url\":\"https:\/\/web.consaguirre.com.ar\/noticias\/el-documental-de-paul-mccartney-y-wings-llegara-a-los-cines\/\",\"name\":\"El documental de Paul McCartney y Wings llegar\u00e1 a los cines\",\"isPartOf\":{\"@id\":\"https:\/\/web.consaguirre.com.ar\/noticias\/#website\"},\"primaryImageOfPage\":{\"@id\":\"https:\/\/web.consaguirre.com.ar\/noticias\/el-documental-de-paul-mccartney-y-wings-llegara-a-los-cines\/#primaryimage\"},\"image\":{\"@id\":\"https:\/\/web.consaguirre.com.ar\/noticias\/el-documental-de-paul-mccartney-y-wings-llegara-a-los-cines\/#primaryimage\"},\"thumbnailUrl\":\"https:\/\/web.consaguirre.com.ar\/noticias\/wp-content\/uploads\/2024\/09\/El-documental-de-Paul-McCartney-y-Wings-llegara-a-los.jpg\",\"datePublished\":\"2024-09-03T01:38:28+00:00\",\"dateModified\":\"2024-09-08T19:27:49+00:00\",\"breadcrumb\":{\"@id\":\"https:\/\/web.consaguirre.com.ar\/noticias\/el-documental-de-paul-mccartney-y-wings-llegara-a-los-cines\/#breadcrumb\"},\"inLanguage\":\"es-AR\",\"potentialAction\":[{\"@type\":\"ReadAction\",\"target\":[\"https:\/\/web.consaguirre.com.ar\/noticias\/el-documental-de-paul-mccartney-y-wings-llegara-a-los-cines\/\"]}]},{\"@type\":\"ImageObject\",\"inLanguage\":\"es-AR\",\"@id\":\"https:\/\/web.consaguirre.com.ar\/noticias\/el-documental-de-paul-mccartney-y-wings-llegara-a-los-cines\/#primaryimage\",\"url\":\"https:\/\/web.consaguirre.com.ar\/noticias\/wp-content\/uploads\/2024\/09\/El-documental-de-Paul-McCartney-y-Wings-llegara-a-los.jpg\",\"contentUrl\":\"https:\/\/web.consaguirre.com.ar\/noticias\/wp-content\/uploads\/2024\/09\/El-documental-de-Paul-McCartney-y-Wings-llegara-a-los.jpg\",\"width\":1280,\"height\":1280,\"caption\":\"El documental de Paul McCartney y Wings llegar\u00e1 a los cines\"},{\"@type\":\"BreadcrumbList\",\"@id\":\"https:\/\/web.consaguirre.com.ar\/noticias\/el-documental-de-paul-mccartney-y-wings-llegara-a-los-cines\/#breadcrumb\",\"itemListElement\":[{\"@type\":\"ListItem\",\"position\":1,\"name\":\"Inicio\",\"item\":\"https:\/\/web.consaguirre.com.ar\/noticias\/\"},{\"@type\":\"ListItem\",\"position\":2,\"name\":\"El documental de Paul McCartney y Wings llegar\u00e1 a los cines\"}]},{\"@type\":\"WebSite\",\"@id\":\"https:\/\/web.consaguirre.com.ar\/noticias\/#website\",\"url\":\"https:\/\/web.consaguirre.com.ar\/noticias\/\",\"name\":\"Conservatorio de M\u00fasica Juli\u00e1n Aguirre\",\"description\":\"\",\"publisher\":{\"@id\":\"https:\/\/web.consaguirre.com.ar\/noticias\/#organization\"},\"potentialAction\":[{\"@type\":\"SearchAction\",\"target\":{\"@type\":\"EntryPoint\",\"urlTemplate\":\"https:\/\/web.consaguirre.com.ar\/noticias\/?s={search_term_string}\"},\"query-input\":\"required name=search_term_string\"}],\"inLanguage\":\"es-AR\"},{\"@type\":\"Organization\",\"@id\":\"https:\/\/web.consaguirre.com.ar\/noticias\/#organization\",\"name\":\"Conservatorio de M\u00fasica Juli\u00e1n Aguirre\",\"url\":\"https:\/\/web.consaguirre.com.ar\/noticias\/\",\"logo\":{\"@type\":\"ImageObject\",\"inLanguage\":\"es-AR\",\"@id\":\"https:\/\/web.consaguirre.com.ar\/noticias\/#\/schema\/logo\/image\/\",\"url\":\"https:\/\/web.consaguirre.com.ar\/noticias\/wp-content\/uploads\/2024\/08\/Banner-Aguirre-23.jpg\",\"contentUrl\":\"https:\/\/web.consaguirre.com.ar\/noticias\/wp-content\/uploads\/2024\/08\/Banner-Aguirre-23.jpg\",\"width\":1192,\"height\":600,\"caption\":\"Conservatorio de M\u00fasica Juli\u00e1n Aguirre\"},\"image\":{\"@id\":\"https:\/\/web.consaguirre.com.ar\/noticias\/#\/schema\/logo\/image\/\"}},{\"@type\":\"Person\",\"@id\":\"https:\/\/web.consaguirre.com.ar\/noticias\/#\/schema\/person\/6558b0cfedee7ddc5425602b237d5722\",\"name\":\"Javier Figueroa\",\"image\":{\"@type\":\"ImageObject\",\"inLanguage\":\"es-AR\",\"@id\":\"https:\/\/web.consaguirre.com.ar\/noticias\/#\/schema\/person\/image\/\",\"url\":\"https:\/\/web.consaguirre.com.ar\/noticias\/wp-content\/uploads\/2024\/08\/Consaguirre-scaled.jpg\",\"contentUrl\":\"https:\/\/web.consaguirre.com.ar\/noticias\/wp-content\/uploads\/2024\/08\/Consaguirre-scaled.jpg\",\"caption\":\"Javier Figueroa\"},\"description\":\"Me llamo Javier Figueroa y soy redactor para el sitio oficial del Conservatorio de M\u00fasica Juli\u00e1n Aguirre en Buenos Aires, consaguirre.com. Apasionado por la m\u00fasica y la escritura, me esfuerzo por destacar los talentos y eventos de nuestra prestigiosa instituci\u00f3n. Mi trayectoria se nutre de una profunda admiraci\u00f3n por los artistas, haciendo de cada art\u00edculo una celebraci\u00f3n de la creatividad y la cultura musical.\",\"sameAs\":[\"https:\/\/web.consaguirre.com.ar\/noticias\"]}]}<\/script>\n<!-- \/ Yoast SEO plugin. -->","yoast_head_json":{"title":"El documental de Paul McCartney y Wings llegar\u00e1 a los cines","robots":{"index":"index","follow":"follow","max-snippet":"max-snippet:-1","max-image-preview":"max-image-preview:large","max-video-preview":"max-video-preview:-1"},"canonical":"https:\/\/web.consaguirre.com.ar\/noticias\/el-documental-de-paul-mccartney-y-wings-llegara-a-los-cines\/","og_locale":"es_ES","og_type":"article","og_title":"El documental de Paul McCartney y Wings llegar\u00e1 a los cines","og_description":"Un documental poco com\u00fan sobre Paul McCartney y las alas, Aplaudiendo con una manoSe realizar\u00e1n algunas proyecciones limitadas este oto\u00f1o. La pel\u00edcula, que ofrece una","og_url":"https:\/\/web.consaguirre.com.ar\/noticias\/el-documental-de-paul-mccartney-y-wings-llegara-a-los-cines\/","og_site_name":"Conservatorio de M\u00fasica Juli\u00e1n Aguirre","article_published_time":"2024-09-03T01:38:28+00:00","article_modified_time":"2024-09-08T19:27:49+00:00","og_image":[{"width":1280,"height":1280,"url":"https:\/\/web.consaguirre.com.ar\/noticias\/wp-content\/uploads\/2024\/09\/El-documental-de-Paul-McCartney-y-Wings-llegara-a-los.jpg","type":"image\/jpeg"}],"author":"Javier Figueroa","twitter_card":"summary_large_image","twitter_misc":{"Escrito por":"Javier Figueroa","Tiempo de lectura":"1 minuto"},"schema":{"@context":"https:\/\/schema.org","@graph":[{"@type":"Article","@id":"https:\/\/web.consaguirre.com.ar\/noticias\/el-documental-de-paul-mccartney-y-wings-llegara-a-los-cines\/#article","isPartOf":{"@id":"https:\/\/web.consaguirre.com.ar\/noticias\/el-documental-de-paul-mccartney-y-wings-llegara-a-los-cines\/"},"author":{"name":"Javier Figueroa","@id":"https:\/\/web.consaguirre.com.ar\/noticias\/#\/schema\/person\/6558b0cfedee7ddc5425602b237d5722"},"headline":"El documental de Paul McCartney y Wings llegar\u00e1 a los cines","datePublished":"2024-09-03T01:38:28+00:00","dateModified":"2024-09-08T19:27:49+00:00","mainEntityOfPage":{"@id":"https:\/\/web.consaguirre.com.ar\/noticias\/el-documental-de-paul-mccartney-y-wings-llegara-a-los-cines\/"},"wordCount":297,"publisher":{"@id":"https:\/\/web.consaguirre.com.ar\/noticias\/#organization"},"image":{"@id":"https:\/\/web.consaguirre.com.ar\/noticias\/el-documental-de-paul-mccartney-y-wings-llegara-a-los-cines\/#primaryimage"},"thumbnailUrl":"https:\/\/web.consaguirre.com.ar\/noticias\/wp-content\/uploads\/2024\/09\/El-documental-de-Paul-McCartney-y-Wings-llegara-a-los.jpg","keywords":["cines","documental","llegar\u00e1","los","McCartney","Paul","Wings"],"articleSection":["El \u00faltimo"],"inLanguage":"es-AR"},{"@type":"WebPage","@id":"https:\/\/web.consaguirre.com.ar\/noticias\/el-documental-de-paul-mccartney-y-wings-llegara-a-los-cines\/","url":"https:\/\/web.consaguirre.com.ar\/noticias\/el-documental-de-paul-mccartney-y-wings-llegara-a-los-cines\/","name":"El documental de Paul McCartney y Wings llegar\u00e1 a los cines","isPartOf":{"@id":"https:\/\/web.consaguirre.com.ar\/noticias\/#website"},"primaryImageOfPage":{"@id":"https:\/\/web.consaguirre.com.ar\/noticias\/el-documental-de-paul-mccartney-y-wings-llegara-a-los-cines\/#primaryimage"},"image":{"@id":"https:\/\/web.consaguirre.com.ar\/noticias\/el-documental-de-paul-mccartney-y-wings-llegara-a-los-cines\/#primaryimage"},"thumbnailUrl":"https:\/\/web.consaguirre.com.ar\/noticias\/wp-content\/uploads\/2024\/09\/El-documental-de-Paul-McCartney-y-Wings-llegara-a-los.jpg","datePublished":"2024-09-03T01:38:28+00:00","dateModified":"2024-09-08T19:27:49+00:00","breadcrumb":{"@id":"https:\/\/web.consaguirre.com.ar\/noticias\/el-documental-de-paul-mccartney-y-wings-llegara-a-los-cines\/#breadcrumb"},"inLanguage":"es-AR","potentialAction":[{"@type":"ReadAction","target":["https:\/\/web.consaguirre.com.ar\/noticias\/el-documental-de-paul-mccartney-y-wings-llegara-a-los-cines\/"]}]},{"@type":"ImageObject","inLanguage":"es-AR","@id":"https:\/\/web.consaguirre.com.ar\/noticias\/el-documental-de-paul-mccartney-y-wings-llegara-a-los-cines\/#primaryimage","url":"https:\/\/web.consaguirre.com.ar\/noticias\/wp-content\/uploads\/2024\/09\/El-documental-de-Paul-McCartney-y-Wings-llegara-a-los.jpg","contentUrl":"https:\/\/web.consaguirre.com.ar\/noticias\/wp-content\/uploads\/2024\/09\/El-documental-de-Paul-McCartney-y-Wings-llegara-a-los.jpg","width":1280,"height":1280,"caption":"El documental de Paul McCartney y Wings llegar\u00e1 a los cines"},{"@type":"BreadcrumbList","@id":"https:\/\/web.consaguirre.com.ar\/noticias\/el-documental-de-paul-mccartney-y-wings-llegara-a-los-cines\/#breadcrumb","itemListElement":[{"@type":"ListItem","position":1,"name":"Inicio","item":"https:\/\/web.consaguirre.com.ar\/noticias\/"},{"@type":"ListItem","position":2,"name":"El documental de Paul McCartney y Wings llegar\u00e1 a los cines"}]},{"@type":"WebSite","@id":"https:\/\/web.consaguirre.com.ar\/noticias\/#website","url":"https:\/\/web.consaguirre.com.ar\/noticias\/","name":"Conservatorio de M\u00fasica Juli\u00e1n Aguirre","description":"","publisher":{"@id":"https:\/\/web.consaguirre.com.ar\/noticias\/#organization"},"potentialAction":[{"@type":"SearchAction","target":{"@type":"EntryPoint","urlTemplate":"https:\/\/web.consaguirre.com.ar\/noticias\/?s={search_term_string}"},"query-input":"required name=search_term_string"}],"inLanguage":"es-AR"},{"@type":"Organization","@id":"https:\/\/web.consaguirre.com.ar\/noticias\/#organization","name":"Conservatorio de M\u00fasica Juli\u00e1n Aguirre","url":"https:\/\/web.consaguirre.com.ar\/noticias\/","logo":{"@type":"ImageObject","inLanguage":"es-AR","@id":"https:\/\/web.consaguirre.com.ar\/noticias\/#\/schema\/logo\/image\/","url":"https:\/\/web.consaguirre.com.ar\/noticias\/wp-content\/uploads\/2024\/08\/Banner-Aguirre-23.jpg","contentUrl":"https:\/\/web.consaguirre.com.ar\/noticias\/wp-content\/uploads\/2024\/08\/Banner-Aguirre-23.jpg","width":1192,"height":600,"caption":"Conservatorio de M\u00fasica Juli\u00e1n Aguirre"},"image":{"@id":"https:\/\/web.consaguirre.com.ar\/noticias\/#\/schema\/logo\/image\/"}},{"@type":"Person","@id":"https:\/\/web.consaguirre.com.ar\/noticias\/#\/schema\/person\/6558b0cfedee7ddc5425602b237d5722","name":"Javier Figueroa","image":{"@type":"ImageObject","inLanguage":"es-AR","@id":"https:\/\/web.consaguirre.com.ar\/noticias\/#\/schema\/person\/image\/","url":"https:\/\/web.consaguirre.com.ar\/noticias\/wp-content\/uploads\/2024\/08\/Consaguirre-scaled.jpg","contentUrl":"https:\/\/web.consaguirre.com.ar\/noticias\/wp-content\/uploads\/2024\/08\/Consaguirre-scaled.jpg","caption":"Javier Figueroa"},"description":"Me llamo Javier Figueroa y soy redactor para el sitio oficial del Conservatorio de M\u00fasica Juli\u00e1n Aguirre en Buenos Aires, consaguirre.com. Apasionado por la m\u00fasica y la escritura, me esfuerzo por destacar los talentos y eventos de nuestra prestigiosa instituci\u00f3n. Mi trayectoria se nutre de una profunda admiraci\u00f3n por los artistas, haciendo de cada art\u00edculo una celebraci\u00f3n de la creatividad y la cultura musical.","sameAs":["https:\/\/web.consaguirre.com.ar\/noticias"]}]}},"_links":{"self":[{"href":"https:\/\/web.consaguirre.com.ar\/noticias\/wp-json\/wp\/v2\/posts\/405"}],"collection":[{"href":"https:\/\/web.consaguirre.com.ar\/noticias\/wp-json\/wp\/v2\/posts"}],"about":[{"href":"https:\/\/web.consaguirre.com.ar\/noticias\/wp-json\/wp\/v2\/types\/post"}],"author":[{"embeddable":true,"href":"https:\/\/web.consaguirre.com.ar\/noticias\/wp-json\/wp\/v2\/users\/1"}],"replies":[{"embeddable":true,"href":"https:\/\/web.consaguirre.com.ar\/noticias\/wp-json\/wp\/v2\/comments?post=405"}],"version-history":[{"count":1,"href":"https:\/\/web.consaguirre.com.ar\/noticias\/wp-json\/wp\/v2\/posts\/405\/revisions"}],"predecessor-version":[{"id":407,"href":"https:\/\/web.consaguirre.com.ar\/noticias\/wp-json\/wp\/v2\/posts\/405\/revisions\/407"}],"wp:featuredmedia":[{"embeddable":true,"href":"https:\/\/web.consaguirre.com.ar\/noticias\/wp-json\/wp\/v2\/media\/406"}],"wp:attachment":[{"href":"https:\/\/web.consaguirre.com.ar\/noticias\/wp-json\/wp\/v2\/media?parent=405"}],"wp:term":[{"taxonomy":"category","embeddable":true,"href":"https:\/\/web.consaguirre.com.ar\/noticias\/wp-json\/wp\/v2\/categories?post=405"},{"taxonomy":"post_tag","embeddable":true,"href":"https:\/\/web.consaguirre.com.ar\/noticias\/wp-json\/wp\/v2\/tags?post=405"}],"curies":[{"name":"wp","href":"https:\/\/api.w.org\/{rel}","templated":true}]}}