{"id":4048,"date":"2025-10-14T23:38:30","date_gmt":"2025-10-15T02:38:30","guid":{"rendered":"https:\/\/web.consaguirre.com.ar\/noticias\/bumpin-de-wes-montgomery-tendra-una-reedicion-en-vinilo\/"},"modified":"2025-10-14T23:38:32","modified_gmt":"2025-10-15T02:38:32","slug":"bumpin-de-wes-montgomery-tendra-una-reedicion-en-vinilo","status":"publish","type":"post","link":"https:\/\/web.consaguirre.com.ar\/noticias\/bumpin-de-wes-montgomery-tendra-una-reedicion-en-vinilo\/","title":{"rendered":"&#8216;Bumpin&#8217; de Wes Montgomery tendr\u00e1 una reedici\u00f3n en vinilo"},"content":{"rendered":"<p>Pronto los fan\u00e1ticos de Wes Montgomery chocar\u00e1n <em>Chocando<\/em> en vinilo una vez m\u00e1s. El \u00e1lbum de 1965 de la leyenda de la guitarra de jazz se reeditar\u00e1 el 12 de diciembre como parte de la serie Acoustic Sounds de Verve.<\/p>\n<p><em>Chocando<\/em> fue un hito en la carrera de Montgomery: su primer \u00e1lbum en alcanzar las listas de Billboard, as\u00ed como el primero en ser nominado a los Grammy. En la octava edici\u00f3n anual de los Grammy en 1966, <em>Chocando<\/em> Montgomery estaba en la carrera por Mejor composici\u00f3n de jazz original y Mejor interpretaci\u00f3n de jazz instrumental: grupo grande o solista con grupo grande.<\/p>\n<p>Con el respaldo de Roger Kellaway al piano, Bob Cranshaw al bajo y Grady Tate a la bater\u00eda, adem\u00e1s de una orquesta arreglada y dirigida por Don Sebesky, el guitarrista muestra su delicado virtuosismo a lo largo del \u00e1lbum. El material abarca desde el ahumado jazz latino hasta el bop desenfrenado y las baladas deslumbrantes, con composiciones de talentos como Dizzy Gillespie, Johnny Mandel, John Francis Burke y el propio Montgomery.<\/p>\n<p>Nacido en Indian\u00e1polis, Montgomery comenz\u00f3 a aprender a tocar la guitarra por su cuenta a los 19 a\u00f1os, inspirado por la m\u00fasica de Charlie Christian. Desarroll\u00f3 un estilo \u00fanico de guitarra de jazz que se volvi\u00f3 tremendamente influyente, haciendo un uso magistral de las octavas y el pulgar. Incluso guitarristas ajenos al mundo del jazz, como Jimi Hendrix, incorporaron elementos de la forma de tocar de Montgomery en la suya.<\/p>\n<p>En 2023, <em>Guitarra de jazz hoy<\/em> lo llam\u00f3 &#8220;el mejor guitarrista de jazz que jam\u00e1s haya existido&#8221;, mientras que <em>Toda la gu\u00eda musical<\/em> lo elogia como \u201cel guitarrista de jazz m\u00e1s influyente de los a\u00f1os 60, que ampli\u00f3 los recursos de la guitarra en cada una de sus \u00e1reas principales: cordal, mel\u00f3dica y r\u00edtmica\u201d. Antes de su muerte a los 45 a\u00f1os por un ataque card\u00edaco, encontr\u00f3 un gran \u00e9xito profesional, incluidos premios Grammy y \u00e1lbumes que encabezaron las listas de \u00e9xitos.<\/p>\n<p>La serie Acoustic Sounds de Verve presenta transferencias de cintas anal\u00f3gicas y vinilos remasterizados de 180 gramos en un empaque plegable de lujo. Este a\u00f1o, la serie ha incluido t\u00edtulos de Ella Fitzgerald, Billie Holiday, John Coltrane Quartet, Roland Kirk, Buddy Guy, Sonny Rollins, Diana Krall, Peggy Lee, Stan Getz, John Lee Hooker y m\u00e1s.<\/p>\n<p><b>Compre ahora la serie Acoustic Sounds de Verve.<\/b><\/p>\n","protected":false},"excerpt":{"rendered":"<p>Pronto los fan\u00e1ticos de Wes Montgomery chocar\u00e1n Chocando en vinilo una vez m\u00e1s. El \u00e1lbum de 1965 de la leyenda de la guitarra de jazz<\/p>\n","protected":false},"author":1,"featured_media":4049,"comment_status":"closed","ping_status":"","sticky":false,"template":"","format":"standard","meta":{"footnotes":""},"categories":[50],"tags":[3362,3363,117,534,191,87,3170],"class_list":["post-4048","post","type-post","status-publish","format-standard","has-post-thumbnail","hentry","category-el-ultimo","tag-bumpin","tag-montgomery","tag-reedicion","tag-tendra","tag-una","tag-vinilo","tag-wes","generate-columns","tablet-grid-50","mobile-grid-100","grid-parent","grid-50"],"yoast_head":"<!-- This site is optimized with the Yoast SEO plugin v23.3 - https:\/\/yoast.com\/wordpress\/plugins\/seo\/ -->\n<title>&#039;Bumpin&#039; de Wes Montgomery tendr\u00e1 una reedici\u00f3n en vinilo<\/title>\n<meta name=\"robots\" content=\"index, follow, max-snippet:-1, max-image-preview:large, max-video-preview:-1\" \/>\n<link rel=\"canonical\" href=\"https:\/\/web.consaguirre.com.ar\/noticias\/bumpin-de-wes-montgomery-tendra-una-reedicion-en-vinilo\/\" \/>\n<meta property=\"og:locale\" content=\"es_ES\" \/>\n<meta property=\"og:type\" content=\"article\" \/>\n<meta property=\"og:title\" content=\"&#039;Bumpin&#039; de Wes Montgomery tendr\u00e1 una reedici\u00f3n en vinilo\" \/>\n<meta property=\"og:description\" content=\"Pronto los fan\u00e1ticos de Wes Montgomery chocar\u00e1n Chocando en vinilo una vez m\u00e1s. El \u00e1lbum de 1965 de la leyenda de la guitarra de jazz\" \/>\n<meta property=\"og:url\" content=\"https:\/\/web.consaguirre.com.ar\/noticias\/bumpin-de-wes-montgomery-tendra-una-reedicion-en-vinilo\/\" \/>\n<meta property=\"og:site_name\" content=\"Conservatorio de M\u00fasica Juli\u00e1n Aguirre\" \/>\n<meta property=\"article:published_time\" content=\"2025-10-15T02:38:30+00:00\" \/>\n<meta property=\"article:modified_time\" content=\"2025-10-15T02:38:32+00:00\" \/>\n<meta property=\"og:image\" content=\"https:\/\/web.consaguirre.com.ar\/noticias\/wp-content\/uploads\/2025\/10\/Bumpin-de-Wes-Montgomery-tendra-una-reedicion-en-vinilo.jpg\" \/>\n\t<meta property=\"og:image:width\" content=\"1440\" \/>\n\t<meta property=\"og:image:height\" content=\"864\" \/>\n\t<meta property=\"og:image:type\" content=\"image\/jpeg\" \/>\n<meta name=\"author\" content=\"Javier Figueroa\" \/>\n<meta name=\"twitter:card\" content=\"summary_large_image\" \/>\n<meta name=\"twitter:label1\" content=\"Escrito por\" \/>\n\t<meta name=\"twitter:data1\" content=\"Javier Figueroa\" \/>\n\t<meta name=\"twitter:label2\" content=\"Tiempo de lectura\" \/>\n\t<meta name=\"twitter:data2\" content=\"2 minutos\" \/>\n<script type=\"application\/ld+json\" class=\"yoast-schema-graph\">{\"@context\":\"https:\/\/schema.org\",\"@graph\":[{\"@type\":\"Article\",\"@id\":\"https:\/\/web.consaguirre.com.ar\/noticias\/bumpin-de-wes-montgomery-tendra-una-reedicion-en-vinilo\/#article\",\"isPartOf\":{\"@id\":\"https:\/\/web.consaguirre.com.ar\/noticias\/bumpin-de-wes-montgomery-tendra-una-reedicion-en-vinilo\/\"},\"author\":{\"name\":\"Javier Figueroa\",\"@id\":\"https:\/\/web.consaguirre.com.ar\/noticias\/#\/schema\/person\/6558b0cfedee7ddc5425602b237d5722\"},\"headline\":\"&#8216;Bumpin&#8217; de Wes Montgomery tendr\u00e1 una reedici\u00f3n en vinilo\",\"datePublished\":\"2025-10-15T02:38:30+00:00\",\"dateModified\":\"2025-10-15T02:38:32+00:00\",\"mainEntityOfPage\":{\"@id\":\"https:\/\/web.consaguirre.com.ar\/noticias\/bumpin-de-wes-montgomery-tendra-una-reedicion-en-vinilo\/\"},\"wordCount\":414,\"publisher\":{\"@id\":\"https:\/\/web.consaguirre.com.ar\/noticias\/#organization\"},\"image\":{\"@id\":\"https:\/\/web.consaguirre.com.ar\/noticias\/bumpin-de-wes-montgomery-tendra-una-reedicion-en-vinilo\/#primaryimage\"},\"thumbnailUrl\":\"https:\/\/web.consaguirre.com.ar\/noticias\/wp-content\/uploads\/2025\/10\/Bumpin-de-Wes-Montgomery-tendra-una-reedicion-en-vinilo.jpg\",\"keywords\":[\"Bumpin\",\"Montgomery\",\"reedici\u00f3n\",\"tendr\u00e1\",\"una\",\"vinilo\",\"Wes\"],\"articleSection\":[\"El \u00faltimo\"],\"inLanguage\":\"es-AR\"},{\"@type\":\"WebPage\",\"@id\":\"https:\/\/web.consaguirre.com.ar\/noticias\/bumpin-de-wes-montgomery-tendra-una-reedicion-en-vinilo\/\",\"url\":\"https:\/\/web.consaguirre.com.ar\/noticias\/bumpin-de-wes-montgomery-tendra-una-reedicion-en-vinilo\/\",\"name\":\"'Bumpin' de Wes Montgomery tendr\u00e1 una reedici\u00f3n en vinilo\",\"isPartOf\":{\"@id\":\"https:\/\/web.consaguirre.com.ar\/noticias\/#website\"},\"primaryImageOfPage\":{\"@id\":\"https:\/\/web.consaguirre.com.ar\/noticias\/bumpin-de-wes-montgomery-tendra-una-reedicion-en-vinilo\/#primaryimage\"},\"image\":{\"@id\":\"https:\/\/web.consaguirre.com.ar\/noticias\/bumpin-de-wes-montgomery-tendra-una-reedicion-en-vinilo\/#primaryimage\"},\"thumbnailUrl\":\"https:\/\/web.consaguirre.com.ar\/noticias\/wp-content\/uploads\/2025\/10\/Bumpin-de-Wes-Montgomery-tendra-una-reedicion-en-vinilo.jpg\",\"datePublished\":\"2025-10-15T02:38:30+00:00\",\"dateModified\":\"2025-10-15T02:38:32+00:00\",\"breadcrumb\":{\"@id\":\"https:\/\/web.consaguirre.com.ar\/noticias\/bumpin-de-wes-montgomery-tendra-una-reedicion-en-vinilo\/#breadcrumb\"},\"inLanguage\":\"es-AR\",\"potentialAction\":[{\"@type\":\"ReadAction\",\"target\":[\"https:\/\/web.consaguirre.com.ar\/noticias\/bumpin-de-wes-montgomery-tendra-una-reedicion-en-vinilo\/\"]}]},{\"@type\":\"ImageObject\",\"inLanguage\":\"es-AR\",\"@id\":\"https:\/\/web.consaguirre.com.ar\/noticias\/bumpin-de-wes-montgomery-tendra-una-reedicion-en-vinilo\/#primaryimage\",\"url\":\"https:\/\/web.consaguirre.com.ar\/noticias\/wp-content\/uploads\/2025\/10\/Bumpin-de-Wes-Montgomery-tendra-una-reedicion-en-vinilo.jpg\",\"contentUrl\":\"https:\/\/web.consaguirre.com.ar\/noticias\/wp-content\/uploads\/2025\/10\/Bumpin-de-Wes-Montgomery-tendra-una-reedicion-en-vinilo.jpg\",\"width\":1440,\"height\":864,\"caption\":\"'Bumpin' de Wes Montgomery tendr\u00e1 una reedici\u00f3n en vinilo\"},{\"@type\":\"BreadcrumbList\",\"@id\":\"https:\/\/web.consaguirre.com.ar\/noticias\/bumpin-de-wes-montgomery-tendra-una-reedicion-en-vinilo\/#breadcrumb\",\"itemListElement\":[{\"@type\":\"ListItem\",\"position\":1,\"name\":\"Inicio\",\"item\":\"https:\/\/web.consaguirre.com.ar\/noticias\/\"},{\"@type\":\"ListItem\",\"position\":2,\"name\":\"&#8216;Bumpin&#8217; de Wes Montgomery tendr\u00e1 una reedici\u00f3n en vinilo\"}]},{\"@type\":\"WebSite\",\"@id\":\"https:\/\/web.consaguirre.com.ar\/noticias\/#website\",\"url\":\"https:\/\/web.consaguirre.com.ar\/noticias\/\",\"name\":\"Conservatorio de M\u00fasica Juli\u00e1n Aguirre\",\"description\":\"\",\"publisher\":{\"@id\":\"https:\/\/web.consaguirre.com.ar\/noticias\/#organization\"},\"potentialAction\":[{\"@type\":\"SearchAction\",\"target\":{\"@type\":\"EntryPoint\",\"urlTemplate\":\"https:\/\/web.consaguirre.com.ar\/noticias\/?s={search_term_string}\"},\"query-input\":\"required name=search_term_string\"}],\"inLanguage\":\"es-AR\"},{\"@type\":\"Organization\",\"@id\":\"https:\/\/web.consaguirre.com.ar\/noticias\/#organization\",\"name\":\"Conservatorio de M\u00fasica Juli\u00e1n Aguirre\",\"url\":\"https:\/\/web.consaguirre.com.ar\/noticias\/\",\"logo\":{\"@type\":\"ImageObject\",\"inLanguage\":\"es-AR\",\"@id\":\"https:\/\/web.consaguirre.com.ar\/noticias\/#\/schema\/logo\/image\/\",\"url\":\"https:\/\/web.consaguirre.com.ar\/noticias\/wp-content\/uploads\/2024\/08\/Banner-Aguirre-23.jpg\",\"contentUrl\":\"https:\/\/web.consaguirre.com.ar\/noticias\/wp-content\/uploads\/2024\/08\/Banner-Aguirre-23.jpg\",\"width\":1192,\"height\":600,\"caption\":\"Conservatorio de M\u00fasica Juli\u00e1n Aguirre\"},\"image\":{\"@id\":\"https:\/\/web.consaguirre.com.ar\/noticias\/#\/schema\/logo\/image\/\"}},{\"@type\":\"Person\",\"@id\":\"https:\/\/web.consaguirre.com.ar\/noticias\/#\/schema\/person\/6558b0cfedee7ddc5425602b237d5722\",\"name\":\"Javier Figueroa\",\"image\":{\"@type\":\"ImageObject\",\"inLanguage\":\"es-AR\",\"@id\":\"https:\/\/web.consaguirre.com.ar\/noticias\/#\/schema\/person\/image\/\",\"url\":\"https:\/\/web.consaguirre.com.ar\/noticias\/wp-content\/uploads\/2024\/08\/Consaguirre-scaled.jpg\",\"contentUrl\":\"https:\/\/web.consaguirre.com.ar\/noticias\/wp-content\/uploads\/2024\/08\/Consaguirre-scaled.jpg\",\"caption\":\"Javier Figueroa\"},\"description\":\"Me llamo Javier Figueroa y soy redactor para el sitio oficial del Conservatorio de M\u00fasica Juli\u00e1n Aguirre en Buenos Aires, consaguirre.com. Apasionado por la m\u00fasica y la escritura, me esfuerzo por destacar los talentos y eventos de nuestra prestigiosa instituci\u00f3n. Mi trayectoria se nutre de una profunda admiraci\u00f3n por los artistas, haciendo de cada art\u00edculo una celebraci\u00f3n de la creatividad y la cultura musical.\",\"sameAs\":[\"https:\/\/web.consaguirre.com.ar\/noticias\"]}]}<\/script>\n<!-- \/ Yoast SEO plugin. -->","yoast_head_json":{"title":"'Bumpin' de Wes Montgomery tendr\u00e1 una reedici\u00f3n en vinilo","robots":{"index":"index","follow":"follow","max-snippet":"max-snippet:-1","max-image-preview":"max-image-preview:large","max-video-preview":"max-video-preview:-1"},"canonical":"https:\/\/web.consaguirre.com.ar\/noticias\/bumpin-de-wes-montgomery-tendra-una-reedicion-en-vinilo\/","og_locale":"es_ES","og_type":"article","og_title":"'Bumpin' de Wes Montgomery tendr\u00e1 una reedici\u00f3n en vinilo","og_description":"Pronto los fan\u00e1ticos de Wes Montgomery chocar\u00e1n Chocando en vinilo una vez m\u00e1s. El \u00e1lbum de 1965 de la leyenda de la guitarra de jazz","og_url":"https:\/\/web.consaguirre.com.ar\/noticias\/bumpin-de-wes-montgomery-tendra-una-reedicion-en-vinilo\/","og_site_name":"Conservatorio de M\u00fasica Juli\u00e1n Aguirre","article_published_time":"2025-10-15T02:38:30+00:00","article_modified_time":"2025-10-15T02:38:32+00:00","og_image":[{"width":1440,"height":864,"url":"https:\/\/web.consaguirre.com.ar\/noticias\/wp-content\/uploads\/2025\/10\/Bumpin-de-Wes-Montgomery-tendra-una-reedicion-en-vinilo.jpg","type":"image\/jpeg"}],"author":"Javier Figueroa","twitter_card":"summary_large_image","twitter_misc":{"Escrito por":"Javier Figueroa","Tiempo de lectura":"2 minutos"},"schema":{"@context":"https:\/\/schema.org","@graph":[{"@type":"Article","@id":"https:\/\/web.consaguirre.com.ar\/noticias\/bumpin-de-wes-montgomery-tendra-una-reedicion-en-vinilo\/#article","isPartOf":{"@id":"https:\/\/web.consaguirre.com.ar\/noticias\/bumpin-de-wes-montgomery-tendra-una-reedicion-en-vinilo\/"},"author":{"name":"Javier Figueroa","@id":"https:\/\/web.consaguirre.com.ar\/noticias\/#\/schema\/person\/6558b0cfedee7ddc5425602b237d5722"},"headline":"&#8216;Bumpin&#8217; de Wes Montgomery tendr\u00e1 una reedici\u00f3n en vinilo","datePublished":"2025-10-15T02:38:30+00:00","dateModified":"2025-10-15T02:38:32+00:00","mainEntityOfPage":{"@id":"https:\/\/web.consaguirre.com.ar\/noticias\/bumpin-de-wes-montgomery-tendra-una-reedicion-en-vinilo\/"},"wordCount":414,"publisher":{"@id":"https:\/\/web.consaguirre.com.ar\/noticias\/#organization"},"image":{"@id":"https:\/\/web.consaguirre.com.ar\/noticias\/bumpin-de-wes-montgomery-tendra-una-reedicion-en-vinilo\/#primaryimage"},"thumbnailUrl":"https:\/\/web.consaguirre.com.ar\/noticias\/wp-content\/uploads\/2025\/10\/Bumpin-de-Wes-Montgomery-tendra-una-reedicion-en-vinilo.jpg","keywords":["Bumpin","Montgomery","reedici\u00f3n","tendr\u00e1","una","vinilo","Wes"],"articleSection":["El \u00faltimo"],"inLanguage":"es-AR"},{"@type":"WebPage","@id":"https:\/\/web.consaguirre.com.ar\/noticias\/bumpin-de-wes-montgomery-tendra-una-reedicion-en-vinilo\/","url":"https:\/\/web.consaguirre.com.ar\/noticias\/bumpin-de-wes-montgomery-tendra-una-reedicion-en-vinilo\/","name":"'Bumpin' de Wes Montgomery tendr\u00e1 una reedici\u00f3n en vinilo","isPartOf":{"@id":"https:\/\/web.consaguirre.com.ar\/noticias\/#website"},"primaryImageOfPage":{"@id":"https:\/\/web.consaguirre.com.ar\/noticias\/bumpin-de-wes-montgomery-tendra-una-reedicion-en-vinilo\/#primaryimage"},"image":{"@id":"https:\/\/web.consaguirre.com.ar\/noticias\/bumpin-de-wes-montgomery-tendra-una-reedicion-en-vinilo\/#primaryimage"},"thumbnailUrl":"https:\/\/web.consaguirre.com.ar\/noticias\/wp-content\/uploads\/2025\/10\/Bumpin-de-Wes-Montgomery-tendra-una-reedicion-en-vinilo.jpg","datePublished":"2025-10-15T02:38:30+00:00","dateModified":"2025-10-15T02:38:32+00:00","breadcrumb":{"@id":"https:\/\/web.consaguirre.com.ar\/noticias\/bumpin-de-wes-montgomery-tendra-una-reedicion-en-vinilo\/#breadcrumb"},"inLanguage":"es-AR","potentialAction":[{"@type":"ReadAction","target":["https:\/\/web.consaguirre.com.ar\/noticias\/bumpin-de-wes-montgomery-tendra-una-reedicion-en-vinilo\/"]}]},{"@type":"ImageObject","inLanguage":"es-AR","@id":"https:\/\/web.consaguirre.com.ar\/noticias\/bumpin-de-wes-montgomery-tendra-una-reedicion-en-vinilo\/#primaryimage","url":"https:\/\/web.consaguirre.com.ar\/noticias\/wp-content\/uploads\/2025\/10\/Bumpin-de-Wes-Montgomery-tendra-una-reedicion-en-vinilo.jpg","contentUrl":"https:\/\/web.consaguirre.com.ar\/noticias\/wp-content\/uploads\/2025\/10\/Bumpin-de-Wes-Montgomery-tendra-una-reedicion-en-vinilo.jpg","width":1440,"height":864,"caption":"'Bumpin' de Wes Montgomery tendr\u00e1 una reedici\u00f3n en vinilo"},{"@type":"BreadcrumbList","@id":"https:\/\/web.consaguirre.com.ar\/noticias\/bumpin-de-wes-montgomery-tendra-una-reedicion-en-vinilo\/#breadcrumb","itemListElement":[{"@type":"ListItem","position":1,"name":"Inicio","item":"https:\/\/web.consaguirre.com.ar\/noticias\/"},{"@type":"ListItem","position":2,"name":"&#8216;Bumpin&#8217; de Wes Montgomery tendr\u00e1 una reedici\u00f3n en vinilo"}]},{"@type":"WebSite","@id":"https:\/\/web.consaguirre.com.ar\/noticias\/#website","url":"https:\/\/web.consaguirre.com.ar\/noticias\/","name":"Conservatorio de M\u00fasica Juli\u00e1n Aguirre","description":"","publisher":{"@id":"https:\/\/web.consaguirre.com.ar\/noticias\/#organization"},"potentialAction":[{"@type":"SearchAction","target":{"@type":"EntryPoint","urlTemplate":"https:\/\/web.consaguirre.com.ar\/noticias\/?s={search_term_string}"},"query-input":"required name=search_term_string"}],"inLanguage":"es-AR"},{"@type":"Organization","@id":"https:\/\/web.consaguirre.com.ar\/noticias\/#organization","name":"Conservatorio de M\u00fasica Juli\u00e1n Aguirre","url":"https:\/\/web.consaguirre.com.ar\/noticias\/","logo":{"@type":"ImageObject","inLanguage":"es-AR","@id":"https:\/\/web.consaguirre.com.ar\/noticias\/#\/schema\/logo\/image\/","url":"https:\/\/web.consaguirre.com.ar\/noticias\/wp-content\/uploads\/2024\/08\/Banner-Aguirre-23.jpg","contentUrl":"https:\/\/web.consaguirre.com.ar\/noticias\/wp-content\/uploads\/2024\/08\/Banner-Aguirre-23.jpg","width":1192,"height":600,"caption":"Conservatorio de M\u00fasica Juli\u00e1n Aguirre"},"image":{"@id":"https:\/\/web.consaguirre.com.ar\/noticias\/#\/schema\/logo\/image\/"}},{"@type":"Person","@id":"https:\/\/web.consaguirre.com.ar\/noticias\/#\/schema\/person\/6558b0cfedee7ddc5425602b237d5722","name":"Javier Figueroa","image":{"@type":"ImageObject","inLanguage":"es-AR","@id":"https:\/\/web.consaguirre.com.ar\/noticias\/#\/schema\/person\/image\/","url":"https:\/\/web.consaguirre.com.ar\/noticias\/wp-content\/uploads\/2024\/08\/Consaguirre-scaled.jpg","contentUrl":"https:\/\/web.consaguirre.com.ar\/noticias\/wp-content\/uploads\/2024\/08\/Consaguirre-scaled.jpg","caption":"Javier Figueroa"},"description":"Me llamo Javier Figueroa y soy redactor para el sitio oficial del Conservatorio de M\u00fasica Juli\u00e1n Aguirre en Buenos Aires, consaguirre.com. Apasionado por la m\u00fasica y la escritura, me esfuerzo por destacar los talentos y eventos de nuestra prestigiosa instituci\u00f3n. Mi trayectoria se nutre de una profunda admiraci\u00f3n por los artistas, haciendo de cada art\u00edculo una celebraci\u00f3n de la creatividad y la cultura musical.","sameAs":["https:\/\/web.consaguirre.com.ar\/noticias"]}]}},"_links":{"self":[{"href":"https:\/\/web.consaguirre.com.ar\/noticias\/wp-json\/wp\/v2\/posts\/4048"}],"collection":[{"href":"https:\/\/web.consaguirre.com.ar\/noticias\/wp-json\/wp\/v2\/posts"}],"about":[{"href":"https:\/\/web.consaguirre.com.ar\/noticias\/wp-json\/wp\/v2\/types\/post"}],"author":[{"embeddable":true,"href":"https:\/\/web.consaguirre.com.ar\/noticias\/wp-json\/wp\/v2\/users\/1"}],"replies":[{"embeddable":true,"href":"https:\/\/web.consaguirre.com.ar\/noticias\/wp-json\/wp\/v2\/comments?post=4048"}],"version-history":[{"count":1,"href":"https:\/\/web.consaguirre.com.ar\/noticias\/wp-json\/wp\/v2\/posts\/4048\/revisions"}],"predecessor-version":[{"id":4050,"href":"https:\/\/web.consaguirre.com.ar\/noticias\/wp-json\/wp\/v2\/posts\/4048\/revisions\/4050"}],"wp:featuredmedia":[{"embeddable":true,"href":"https:\/\/web.consaguirre.com.ar\/noticias\/wp-json\/wp\/v2\/media\/4049"}],"wp:attachment":[{"href":"https:\/\/web.consaguirre.com.ar\/noticias\/wp-json\/wp\/v2\/media?parent=4048"}],"wp:term":[{"taxonomy":"category","embeddable":true,"href":"https:\/\/web.consaguirre.com.ar\/noticias\/wp-json\/wp\/v2\/categories?post=4048"},{"taxonomy":"post_tag","embeddable":true,"href":"https:\/\/web.consaguirre.com.ar\/noticias\/wp-json\/wp\/v2\/tags?post=4048"}],"curies":[{"name":"wp","href":"https:\/\/api.w.org\/{rel}","templated":true}]}}