{"id":4030,"date":"2025-10-13T20:38:23","date_gmt":"2025-10-13T23:38:23","guid":{"rendered":"https:\/\/web.consaguirre.com.ar\/noticias\/nelson-comparte-el-video-musical-dirigido-por-james-gunn\/"},"modified":"2025-10-13T20:38:25","modified_gmt":"2025-10-13T23:38:25","slug":"nelson-comparte-el-video-musical-dirigido-por-james-gunn","status":"publish","type":"post","link":"https:\/\/web.consaguirre.com.ar\/noticias\/nelson-comparte-el-video-musical-dirigido-por-james-gunn\/","title":{"rendered":"Nelson comparte el v\u00eddeo musical dirigido por James Gunn"},"content":{"rendered":"<p>Nelson, el d\u00fao multiplatino de hard rock del sur de California, ha compartido el primer v\u00eddeo musical de \u201cTo Get Back To You\u201d. La canci\u00f3n aparece en el final de la segunda temporada de HBO Max. <em>Pacificador<\/em>creado, escrito, producido y dirigido por James Gunn (<em>Superhombre<\/em>, <em>Guardianes de la galaxia<\/em>). Gunnar y Matthew Nelson aparecieron en el episodio e interpretaron el sencillo mientras el personaje principal Peacemaker (John Cena) observaba entre la multitud.<\/p>\n<p>Gunn, copresidente y codirector ejecutivo de DC Studios, tambi\u00e9n dirigi\u00f3 el video de \u201cTo Get Back To You\u201d, que presenta im\u00e1genes del episodio, que se titula \u201cFull Nelson\u201d en honor a la banda. &#8220;To Get Back To You&#8221; apareci\u00f3 originalmente en el \u00e1lbum de Nelson de 2010. <em>Un rayo cae dos veces<\/em>.<\/p>\n<p>A finales de este a\u00f1o, los hermanos publicar\u00e1n su autobiograf\u00eda. <em>\u00bfQu\u00e9 pas\u00f3 con tu cabello?<\/em> El libro, que se publicar\u00e1 el 16 de diciembre, trazar\u00e1 sus viajes musicales y personales. Nelson present\u00f3 su sonido al mundo con su \u00e1lbum debut de 1990, <em>Despu\u00e9s de la lluvia<\/em>. Recordando el pop-rock cl\u00e1sico de California, el disco produjo cuatro \u00e9xitos del Billboard Hot 100, a saber, &#8220;After The Rain&#8221;, &#8220;More Than Ever&#8221;, &#8220;Only Time Will Tell&#8221; y &#8220;(Can&#8217;t Live Without Your) Love and Affection&#8221;.<\/p>\n<div class=\"uD-YT-container\"><img decoding=\"async\" src=\"https:\/\/web.consaguirre.com.ar\/noticias\/wp-content\/uploads\/2025\/10\/1760398703_132_Nelson-comparte-el-video-musical-dirigido-por-James-Gunn.jpg\" alt=\"V\u00eddeo de YouTube\"><br \/>Haga clic para cargar v\u00eddeo<\/div>\n<p>En los 35 a\u00f1os transcurridos desde entonces, el d\u00fao de hermanos ha lanzado 19 \u00e1lbumes de larga duraci\u00f3n en total, incluido el de 2015. <em>Paz fuera<\/em> y la compilaci\u00f3n de demostraci\u00f3n de 2010 <em>Antes de la lluvia<\/em>. En 2022, reunieron sus mejores canciones en <em>Grandes \u00e9xitos (y casi accidentes)<\/em>.<\/p>\n<p>Los hermanos Nelson tienen su propia avenida UMe, Stone Canyon Record Label. El sello toma su nombre del padre de los gemelos, Ricky Nelson. El miembro del Sal\u00f3n de la Fama del Rock &#038; Roll ayud\u00f3 a establecer el sonido del country rock estadounidense. Los abuelos de los gemelos fueron pioneros en la radio y la televisi\u00f3n con \u201cLas aventuras de Ozzie y Harriet\u201d. Los gemelos Nelson ayudaron a obtener el logro hist\u00f3rico como la \u00fanica familia en la historia en tener tres generaciones consecutivas de creadores de \u00e9xitos n\u00famero uno.<\/p>\n","protected":false},"excerpt":{"rendered":"<p>Nelson, el d\u00fao multiplatino de hard rock del sur de California, ha compartido el primer v\u00eddeo musical de \u201cTo Get Back To You\u201d. La canci\u00f3n<\/p>\n","protected":false},"author":1,"featured_media":4031,"comment_status":"closed","ping_status":"","sticky":false,"template":"","format":"standard","meta":{"footnotes":""},"categories":[50],"tags":[201,3354,3355,453,203,1258,96,202],"class_list":["post-4030","post","type-post","status-publish","format-standard","has-post-thumbnail","hentry","category-el-ultimo","tag-comparte","tag-dirigido","tag-gunn","tag-james","tag-musical","tag-nelson","tag-por","tag-video","generate-columns","tablet-grid-50","mobile-grid-100","grid-parent","grid-50"],"yoast_head":"<!-- This site is optimized with the Yoast SEO plugin v23.3 - https:\/\/yoast.com\/wordpress\/plugins\/seo\/ -->\n<title>Nelson comparte el v\u00eddeo musical dirigido por James Gunn<\/title>\n<meta name=\"robots\" content=\"index, follow, max-snippet:-1, max-image-preview:large, max-video-preview:-1\" \/>\n<link rel=\"canonical\" href=\"https:\/\/web.consaguirre.com.ar\/noticias\/nelson-comparte-el-video-musical-dirigido-por-james-gunn\/\" \/>\n<meta property=\"og:locale\" content=\"es_ES\" \/>\n<meta property=\"og:type\" content=\"article\" \/>\n<meta property=\"og:title\" content=\"Nelson comparte el v\u00eddeo musical dirigido por James Gunn\" \/>\n<meta property=\"og:description\" content=\"Nelson, el d\u00fao multiplatino de hard rock del sur de California, ha compartido el primer v\u00eddeo musical de \u201cTo Get Back To You\u201d. La canci\u00f3n\" \/>\n<meta property=\"og:url\" content=\"https:\/\/web.consaguirre.com.ar\/noticias\/nelson-comparte-el-video-musical-dirigido-por-james-gunn\/\" \/>\n<meta property=\"og:site_name\" content=\"Conservatorio de M\u00fasica Juli\u00e1n Aguirre\" \/>\n<meta property=\"article:published_time\" content=\"2025-10-13T23:38:23+00:00\" \/>\n<meta property=\"article:modified_time\" content=\"2025-10-13T23:38:25+00:00\" \/>\n<meta property=\"og:image\" content=\"https:\/\/web.consaguirre.com.ar\/noticias\/wp-content\/uploads\/2025\/10\/Nelson-comparte-el-video-musical-dirigido-por-James-Gunn.jpg\" \/>\n\t<meta property=\"og:image:width\" content=\"820\" \/>\n\t<meta property=\"og:image:height\" content=\"820\" \/>\n\t<meta property=\"og:image:type\" content=\"image\/jpeg\" \/>\n<meta name=\"author\" content=\"Javier Figueroa\" \/>\n<meta name=\"twitter:card\" content=\"summary_large_image\" \/>\n<meta name=\"twitter:label1\" content=\"Escrito por\" \/>\n\t<meta name=\"twitter:data1\" content=\"Javier Figueroa\" \/>\n\t<meta name=\"twitter:label2\" content=\"Tiempo de lectura\" \/>\n\t<meta name=\"twitter:data2\" content=\"2 minutos\" \/>\n<script type=\"application\/ld+json\" class=\"yoast-schema-graph\">{\"@context\":\"https:\/\/schema.org\",\"@graph\":[{\"@type\":\"Article\",\"@id\":\"https:\/\/web.consaguirre.com.ar\/noticias\/nelson-comparte-el-video-musical-dirigido-por-james-gunn\/#article\",\"isPartOf\":{\"@id\":\"https:\/\/web.consaguirre.com.ar\/noticias\/nelson-comparte-el-video-musical-dirigido-por-james-gunn\/\"},\"author\":{\"name\":\"Javier Figueroa\",\"@id\":\"https:\/\/web.consaguirre.com.ar\/noticias\/#\/schema\/person\/6558b0cfedee7ddc5425602b237d5722\"},\"headline\":\"Nelson comparte el v\u00eddeo musical dirigido por James Gunn\",\"datePublished\":\"2025-10-13T23:38:23+00:00\",\"dateModified\":\"2025-10-13T23:38:25+00:00\",\"mainEntityOfPage\":{\"@id\":\"https:\/\/web.consaguirre.com.ar\/noticias\/nelson-comparte-el-video-musical-dirigido-por-james-gunn\/\"},\"wordCount\":371,\"publisher\":{\"@id\":\"https:\/\/web.consaguirre.com.ar\/noticias\/#organization\"},\"image\":{\"@id\":\"https:\/\/web.consaguirre.com.ar\/noticias\/nelson-comparte-el-video-musical-dirigido-por-james-gunn\/#primaryimage\"},\"thumbnailUrl\":\"https:\/\/web.consaguirre.com.ar\/noticias\/wp-content\/uploads\/2025\/10\/Nelson-comparte-el-video-musical-dirigido-por-James-Gunn.jpg\",\"keywords\":[\"comparte\",\"dirigido\",\"Gunn\",\"James\",\"musical\",\"Nelson\",\"por\",\"v\u00eddeo\"],\"articleSection\":[\"El \u00faltimo\"],\"inLanguage\":\"es-AR\"},{\"@type\":\"WebPage\",\"@id\":\"https:\/\/web.consaguirre.com.ar\/noticias\/nelson-comparte-el-video-musical-dirigido-por-james-gunn\/\",\"url\":\"https:\/\/web.consaguirre.com.ar\/noticias\/nelson-comparte-el-video-musical-dirigido-por-james-gunn\/\",\"name\":\"Nelson comparte el v\u00eddeo musical dirigido por James Gunn\",\"isPartOf\":{\"@id\":\"https:\/\/web.consaguirre.com.ar\/noticias\/#website\"},\"primaryImageOfPage\":{\"@id\":\"https:\/\/web.consaguirre.com.ar\/noticias\/nelson-comparte-el-video-musical-dirigido-por-james-gunn\/#primaryimage\"},\"image\":{\"@id\":\"https:\/\/web.consaguirre.com.ar\/noticias\/nelson-comparte-el-video-musical-dirigido-por-james-gunn\/#primaryimage\"},\"thumbnailUrl\":\"https:\/\/web.consaguirre.com.ar\/noticias\/wp-content\/uploads\/2025\/10\/Nelson-comparte-el-video-musical-dirigido-por-James-Gunn.jpg\",\"datePublished\":\"2025-10-13T23:38:23+00:00\",\"dateModified\":\"2025-10-13T23:38:25+00:00\",\"breadcrumb\":{\"@id\":\"https:\/\/web.consaguirre.com.ar\/noticias\/nelson-comparte-el-video-musical-dirigido-por-james-gunn\/#breadcrumb\"},\"inLanguage\":\"es-AR\",\"potentialAction\":[{\"@type\":\"ReadAction\",\"target\":[\"https:\/\/web.consaguirre.com.ar\/noticias\/nelson-comparte-el-video-musical-dirigido-por-james-gunn\/\"]}]},{\"@type\":\"ImageObject\",\"inLanguage\":\"es-AR\",\"@id\":\"https:\/\/web.consaguirre.com.ar\/noticias\/nelson-comparte-el-video-musical-dirigido-por-james-gunn\/#primaryimage\",\"url\":\"https:\/\/web.consaguirre.com.ar\/noticias\/wp-content\/uploads\/2025\/10\/Nelson-comparte-el-video-musical-dirigido-por-James-Gunn.jpg\",\"contentUrl\":\"https:\/\/web.consaguirre.com.ar\/noticias\/wp-content\/uploads\/2025\/10\/Nelson-comparte-el-video-musical-dirigido-por-James-Gunn.jpg\",\"width\":820,\"height\":820,\"caption\":\"Nelson comparte el v\u00eddeo musical dirigido por James Gunn\"},{\"@type\":\"BreadcrumbList\",\"@id\":\"https:\/\/web.consaguirre.com.ar\/noticias\/nelson-comparte-el-video-musical-dirigido-por-james-gunn\/#breadcrumb\",\"itemListElement\":[{\"@type\":\"ListItem\",\"position\":1,\"name\":\"Inicio\",\"item\":\"https:\/\/web.consaguirre.com.ar\/noticias\/\"},{\"@type\":\"ListItem\",\"position\":2,\"name\":\"Nelson comparte el v\u00eddeo musical dirigido por James Gunn\"}]},{\"@type\":\"WebSite\",\"@id\":\"https:\/\/web.consaguirre.com.ar\/noticias\/#website\",\"url\":\"https:\/\/web.consaguirre.com.ar\/noticias\/\",\"name\":\"Conservatorio de M\u00fasica Juli\u00e1n Aguirre\",\"description\":\"\",\"publisher\":{\"@id\":\"https:\/\/web.consaguirre.com.ar\/noticias\/#organization\"},\"potentialAction\":[{\"@type\":\"SearchAction\",\"target\":{\"@type\":\"EntryPoint\",\"urlTemplate\":\"https:\/\/web.consaguirre.com.ar\/noticias\/?s={search_term_string}\"},\"query-input\":\"required name=search_term_string\"}],\"inLanguage\":\"es-AR\"},{\"@type\":\"Organization\",\"@id\":\"https:\/\/web.consaguirre.com.ar\/noticias\/#organization\",\"name\":\"Conservatorio de M\u00fasica Juli\u00e1n Aguirre\",\"url\":\"https:\/\/web.consaguirre.com.ar\/noticias\/\",\"logo\":{\"@type\":\"ImageObject\",\"inLanguage\":\"es-AR\",\"@id\":\"https:\/\/web.consaguirre.com.ar\/noticias\/#\/schema\/logo\/image\/\",\"url\":\"https:\/\/web.consaguirre.com.ar\/noticias\/wp-content\/uploads\/2024\/08\/Banner-Aguirre-23.jpg\",\"contentUrl\":\"https:\/\/web.consaguirre.com.ar\/noticias\/wp-content\/uploads\/2024\/08\/Banner-Aguirre-23.jpg\",\"width\":1192,\"height\":600,\"caption\":\"Conservatorio de M\u00fasica Juli\u00e1n Aguirre\"},\"image\":{\"@id\":\"https:\/\/web.consaguirre.com.ar\/noticias\/#\/schema\/logo\/image\/\"}},{\"@type\":\"Person\",\"@id\":\"https:\/\/web.consaguirre.com.ar\/noticias\/#\/schema\/person\/6558b0cfedee7ddc5425602b237d5722\",\"name\":\"Javier Figueroa\",\"image\":{\"@type\":\"ImageObject\",\"inLanguage\":\"es-AR\",\"@id\":\"https:\/\/web.consaguirre.com.ar\/noticias\/#\/schema\/person\/image\/\",\"url\":\"https:\/\/web.consaguirre.com.ar\/noticias\/wp-content\/uploads\/2024\/08\/Consaguirre-scaled.jpg\",\"contentUrl\":\"https:\/\/web.consaguirre.com.ar\/noticias\/wp-content\/uploads\/2024\/08\/Consaguirre-scaled.jpg\",\"caption\":\"Javier Figueroa\"},\"description\":\"Me llamo Javier Figueroa y soy redactor para el sitio oficial del Conservatorio de M\u00fasica Juli\u00e1n Aguirre en Buenos Aires, consaguirre.com. Apasionado por la m\u00fasica y la escritura, me esfuerzo por destacar los talentos y eventos de nuestra prestigiosa instituci\u00f3n. Mi trayectoria se nutre de una profunda admiraci\u00f3n por los artistas, haciendo de cada art\u00edculo una celebraci\u00f3n de la creatividad y la cultura musical.\",\"sameAs\":[\"https:\/\/web.consaguirre.com.ar\/noticias\"]}]}<\/script>\n<!-- \/ Yoast SEO plugin. -->","yoast_head_json":{"title":"Nelson comparte el v\u00eddeo musical dirigido por James Gunn","robots":{"index":"index","follow":"follow","max-snippet":"max-snippet:-1","max-image-preview":"max-image-preview:large","max-video-preview":"max-video-preview:-1"},"canonical":"https:\/\/web.consaguirre.com.ar\/noticias\/nelson-comparte-el-video-musical-dirigido-por-james-gunn\/","og_locale":"es_ES","og_type":"article","og_title":"Nelson comparte el v\u00eddeo musical dirigido por James Gunn","og_description":"Nelson, el d\u00fao multiplatino de hard rock del sur de California, ha compartido el primer v\u00eddeo musical de \u201cTo Get Back To You\u201d. La canci\u00f3n","og_url":"https:\/\/web.consaguirre.com.ar\/noticias\/nelson-comparte-el-video-musical-dirigido-por-james-gunn\/","og_site_name":"Conservatorio de M\u00fasica Juli\u00e1n Aguirre","article_published_time":"2025-10-13T23:38:23+00:00","article_modified_time":"2025-10-13T23:38:25+00:00","og_image":[{"width":820,"height":820,"url":"https:\/\/web.consaguirre.com.ar\/noticias\/wp-content\/uploads\/2025\/10\/Nelson-comparte-el-video-musical-dirigido-por-James-Gunn.jpg","type":"image\/jpeg"}],"author":"Javier Figueroa","twitter_card":"summary_large_image","twitter_misc":{"Escrito por":"Javier Figueroa","Tiempo de lectura":"2 minutos"},"schema":{"@context":"https:\/\/schema.org","@graph":[{"@type":"Article","@id":"https:\/\/web.consaguirre.com.ar\/noticias\/nelson-comparte-el-video-musical-dirigido-por-james-gunn\/#article","isPartOf":{"@id":"https:\/\/web.consaguirre.com.ar\/noticias\/nelson-comparte-el-video-musical-dirigido-por-james-gunn\/"},"author":{"name":"Javier Figueroa","@id":"https:\/\/web.consaguirre.com.ar\/noticias\/#\/schema\/person\/6558b0cfedee7ddc5425602b237d5722"},"headline":"Nelson comparte el v\u00eddeo musical dirigido por James Gunn","datePublished":"2025-10-13T23:38:23+00:00","dateModified":"2025-10-13T23:38:25+00:00","mainEntityOfPage":{"@id":"https:\/\/web.consaguirre.com.ar\/noticias\/nelson-comparte-el-video-musical-dirigido-por-james-gunn\/"},"wordCount":371,"publisher":{"@id":"https:\/\/web.consaguirre.com.ar\/noticias\/#organization"},"image":{"@id":"https:\/\/web.consaguirre.com.ar\/noticias\/nelson-comparte-el-video-musical-dirigido-por-james-gunn\/#primaryimage"},"thumbnailUrl":"https:\/\/web.consaguirre.com.ar\/noticias\/wp-content\/uploads\/2025\/10\/Nelson-comparte-el-video-musical-dirigido-por-James-Gunn.jpg","keywords":["comparte","dirigido","Gunn","James","musical","Nelson","por","v\u00eddeo"],"articleSection":["El \u00faltimo"],"inLanguage":"es-AR"},{"@type":"WebPage","@id":"https:\/\/web.consaguirre.com.ar\/noticias\/nelson-comparte-el-video-musical-dirigido-por-james-gunn\/","url":"https:\/\/web.consaguirre.com.ar\/noticias\/nelson-comparte-el-video-musical-dirigido-por-james-gunn\/","name":"Nelson comparte el v\u00eddeo musical dirigido por James Gunn","isPartOf":{"@id":"https:\/\/web.consaguirre.com.ar\/noticias\/#website"},"primaryImageOfPage":{"@id":"https:\/\/web.consaguirre.com.ar\/noticias\/nelson-comparte-el-video-musical-dirigido-por-james-gunn\/#primaryimage"},"image":{"@id":"https:\/\/web.consaguirre.com.ar\/noticias\/nelson-comparte-el-video-musical-dirigido-por-james-gunn\/#primaryimage"},"thumbnailUrl":"https:\/\/web.consaguirre.com.ar\/noticias\/wp-content\/uploads\/2025\/10\/Nelson-comparte-el-video-musical-dirigido-por-James-Gunn.jpg","datePublished":"2025-10-13T23:38:23+00:00","dateModified":"2025-10-13T23:38:25+00:00","breadcrumb":{"@id":"https:\/\/web.consaguirre.com.ar\/noticias\/nelson-comparte-el-video-musical-dirigido-por-james-gunn\/#breadcrumb"},"inLanguage":"es-AR","potentialAction":[{"@type":"ReadAction","target":["https:\/\/web.consaguirre.com.ar\/noticias\/nelson-comparte-el-video-musical-dirigido-por-james-gunn\/"]}]},{"@type":"ImageObject","inLanguage":"es-AR","@id":"https:\/\/web.consaguirre.com.ar\/noticias\/nelson-comparte-el-video-musical-dirigido-por-james-gunn\/#primaryimage","url":"https:\/\/web.consaguirre.com.ar\/noticias\/wp-content\/uploads\/2025\/10\/Nelson-comparte-el-video-musical-dirigido-por-James-Gunn.jpg","contentUrl":"https:\/\/web.consaguirre.com.ar\/noticias\/wp-content\/uploads\/2025\/10\/Nelson-comparte-el-video-musical-dirigido-por-James-Gunn.jpg","width":820,"height":820,"caption":"Nelson comparte el v\u00eddeo musical dirigido por James Gunn"},{"@type":"BreadcrumbList","@id":"https:\/\/web.consaguirre.com.ar\/noticias\/nelson-comparte-el-video-musical-dirigido-por-james-gunn\/#breadcrumb","itemListElement":[{"@type":"ListItem","position":1,"name":"Inicio","item":"https:\/\/web.consaguirre.com.ar\/noticias\/"},{"@type":"ListItem","position":2,"name":"Nelson comparte el v\u00eddeo musical dirigido por James Gunn"}]},{"@type":"WebSite","@id":"https:\/\/web.consaguirre.com.ar\/noticias\/#website","url":"https:\/\/web.consaguirre.com.ar\/noticias\/","name":"Conservatorio de M\u00fasica Juli\u00e1n Aguirre","description":"","publisher":{"@id":"https:\/\/web.consaguirre.com.ar\/noticias\/#organization"},"potentialAction":[{"@type":"SearchAction","target":{"@type":"EntryPoint","urlTemplate":"https:\/\/web.consaguirre.com.ar\/noticias\/?s={search_term_string}"},"query-input":"required name=search_term_string"}],"inLanguage":"es-AR"},{"@type":"Organization","@id":"https:\/\/web.consaguirre.com.ar\/noticias\/#organization","name":"Conservatorio de M\u00fasica Juli\u00e1n Aguirre","url":"https:\/\/web.consaguirre.com.ar\/noticias\/","logo":{"@type":"ImageObject","inLanguage":"es-AR","@id":"https:\/\/web.consaguirre.com.ar\/noticias\/#\/schema\/logo\/image\/","url":"https:\/\/web.consaguirre.com.ar\/noticias\/wp-content\/uploads\/2024\/08\/Banner-Aguirre-23.jpg","contentUrl":"https:\/\/web.consaguirre.com.ar\/noticias\/wp-content\/uploads\/2024\/08\/Banner-Aguirre-23.jpg","width":1192,"height":600,"caption":"Conservatorio de M\u00fasica Juli\u00e1n Aguirre"},"image":{"@id":"https:\/\/web.consaguirre.com.ar\/noticias\/#\/schema\/logo\/image\/"}},{"@type":"Person","@id":"https:\/\/web.consaguirre.com.ar\/noticias\/#\/schema\/person\/6558b0cfedee7ddc5425602b237d5722","name":"Javier Figueroa","image":{"@type":"ImageObject","inLanguage":"es-AR","@id":"https:\/\/web.consaguirre.com.ar\/noticias\/#\/schema\/person\/image\/","url":"https:\/\/web.consaguirre.com.ar\/noticias\/wp-content\/uploads\/2024\/08\/Consaguirre-scaled.jpg","contentUrl":"https:\/\/web.consaguirre.com.ar\/noticias\/wp-content\/uploads\/2024\/08\/Consaguirre-scaled.jpg","caption":"Javier Figueroa"},"description":"Me llamo Javier Figueroa y soy redactor para el sitio oficial del Conservatorio de M\u00fasica Juli\u00e1n Aguirre en Buenos Aires, consaguirre.com. Apasionado por la m\u00fasica y la escritura, me esfuerzo por destacar los talentos y eventos de nuestra prestigiosa instituci\u00f3n. Mi trayectoria se nutre de una profunda admiraci\u00f3n por los artistas, haciendo de cada art\u00edculo una celebraci\u00f3n de la creatividad y la cultura musical.","sameAs":["https:\/\/web.consaguirre.com.ar\/noticias"]}]}},"_links":{"self":[{"href":"https:\/\/web.consaguirre.com.ar\/noticias\/wp-json\/wp\/v2\/posts\/4030"}],"collection":[{"href":"https:\/\/web.consaguirre.com.ar\/noticias\/wp-json\/wp\/v2\/posts"}],"about":[{"href":"https:\/\/web.consaguirre.com.ar\/noticias\/wp-json\/wp\/v2\/types\/post"}],"author":[{"embeddable":true,"href":"https:\/\/web.consaguirre.com.ar\/noticias\/wp-json\/wp\/v2\/users\/1"}],"replies":[{"embeddable":true,"href":"https:\/\/web.consaguirre.com.ar\/noticias\/wp-json\/wp\/v2\/comments?post=4030"}],"version-history":[{"count":1,"href":"https:\/\/web.consaguirre.com.ar\/noticias\/wp-json\/wp\/v2\/posts\/4030\/revisions"}],"predecessor-version":[{"id":4032,"href":"https:\/\/web.consaguirre.com.ar\/noticias\/wp-json\/wp\/v2\/posts\/4030\/revisions\/4032"}],"wp:featuredmedia":[{"embeddable":true,"href":"https:\/\/web.consaguirre.com.ar\/noticias\/wp-json\/wp\/v2\/media\/4031"}],"wp:attachment":[{"href":"https:\/\/web.consaguirre.com.ar\/noticias\/wp-json\/wp\/v2\/media?parent=4030"}],"wp:term":[{"taxonomy":"category","embeddable":true,"href":"https:\/\/web.consaguirre.com.ar\/noticias\/wp-json\/wp\/v2\/categories?post=4030"},{"taxonomy":"post_tag","embeddable":true,"href":"https:\/\/web.consaguirre.com.ar\/noticias\/wp-json\/wp\/v2\/tags?post=4030"}],"curies":[{"name":"wp","href":"https:\/\/api.w.org\/{rel}","templated":true}]}}