{"id":402,"date":"2024-09-02T19:39:09","date_gmt":"2024-09-02T22:39:09","guid":{"rendered":"https:\/\/web.consaguirre.com.ar\/noticias\/nuevo-documental-sobre-the-tragically-hip-se-estrenara-en-el-tiff\/"},"modified":"2024-09-08T16:27:49","modified_gmt":"2024-09-08T19:27:49","slug":"nuevo-documental-sobre-the-tragically-hip-se-estrenara-en-el-tiff","status":"publish","type":"post","link":"https:\/\/web.consaguirre.com.ar\/noticias\/nuevo-documental-sobre-the-tragically-hip-se-estrenara-en-el-tiff\/","title":{"rendered":"Nuevo documental sobre The Tragically Hip se estrenar\u00e1 en el TIFF"},"content":{"rendered":"<p>Un nuevo documental sobre los rockeros canadienses <strong>El tr\u00e1gicamente moderno<\/strong> se estrenar\u00e1 en el Festival Internacional de Cine de Toronto este a\u00f1o.<\/p>\n<p>Dirigida por Mike Downie, <em>Lo tr\u00e1gicamente moderno: sin ensayo general<\/em> se ha a\u00f1adido a la programaci\u00f3n Primetime de TIFF. Narra la carrera de casi 40 a\u00f1os del grupo, que comenz\u00f3 con las primeras colaboraciones de Rob Baker, Gord Downie, Johnny Fay, Paul Langlois y Gord Sinclair en su ciudad natal de Kingston, Ontario. A\u00fan no se ha anunciado una fecha oficial para el lanzamiento en Prime Video.<\/p>\n<p><strong>Pide el box set de The Tragically Hip que celebra <em>Hasta aqu\u00ed <\/em>ahora<\/strong>.<\/p>\n<p>\u201cEstamos encantados de presentar la incre\u00edble historia de The Tragically Hip en el TIFF de este a\u00f1o. Ser\u00e1 un evento poderoso y memorable\u201d, dijo Downie. \u201cEste proyecto es un trabajo hecho con amor, con im\u00e1genes personales e in\u00e9ditas de los 40 a\u00f1os de historia de la banda. Nos propusimos entender qu\u00e9 mantuvo unida a la banda, qu\u00e9 la separ\u00f3 y c\u00f3mo capturaron los corazones y las mentes de tantos fan\u00e1ticos tanto en Canad\u00e1 como en todo el mundo\u201d.<\/p>\n<div class=\"uD-YT-container\"><img decoding=\"async\" src=\"https:\/\/web.consaguirre.com.ar\/noticias\/wp-content\/uploads\/2024\/09\/1725316749_105_Nuevo-documental-sobre-The-Tragically-Hip-se-estrenara-en-el.jpg\" alt=\"V\u00eddeo de YouTube\"><\/p>\n<\/div>\n<p>A lo largo de su carrera, The Tragically Hip public\u00f3 14 \u00e1lbumes de estudio, nueve de los cuales alcanzaron el n\u00famero uno en Canad\u00e1. Ganaron 17 premios Juno y recientemente obtuvieron el premio Humanitarian. Su \u00faltima actuaci\u00f3n como quinteto, el \u00faltimo espect\u00e1culo del Man Machine Poem Tour que el grupo emprendi\u00f3 despu\u00e9s del diagn\u00f3stico de c\u00e1ncer terminal de Gord Downie, tuvo lugar en agosto de 2016 en el K-Rock Centre de Kingston.<\/p>\n<p>En 2022, The Tragically Hip fue incluido en el Sal\u00f3n de la Fama de la M\u00fasica Canadiense, aproximadamente veinte a\u00f1os despu\u00e9s de recibir una estrella en el Paseo de la Fama de Canad\u00e1. Adem\u00e1s de su legado musical, su trayectoria de trabajo humanitario ha recaudado millones para organizaciones como Camp Trillium, la Sociedad Canadiense del C\u00e1ncer, la Fundaci\u00f3n Sunnybrook, WAR Child, las Olimpiadas Especiales y el Fondo Ben\u00e9fico Unison.<\/p>\n<p>M\u00e1s recientemente, el grupo anunci\u00f3 una caja conmemorativa de su cl\u00e1sico debut. <em>Hasta aqu\u00ed<\/em>Lanzado originalmente el 5 de septiembre de 1989, el disco incluye sencillos revolucionarios que alcanzaron el n\u00famero uno en la radio de rock canadiense, como &#8220;Blow At High Dough&#8221; y &#8220;New Orleans Is Sinking&#8221;. <em>Hasta aqu\u00ed<\/em> le vali\u00f3 a la banda un premio JUNO como &#8220;Artista m\u00e1s prometedor&#8221; en 1990. El box set saldr\u00e1 el 8 de noviembre.<\/p>\n<p><strong>Pide el box set de The Tragically Hip que celebra <em>Hasta aqu\u00ed <\/em>ahora<\/strong>.<\/p>\n","protected":false},"excerpt":{"rendered":"<p>Un nuevo documental sobre los rockeros canadienses El tr\u00e1gicamente moderno se estrenar\u00e1 en el Festival Internacional de Cine de Toronto este a\u00f1o. Dirigida por Mike<\/p>\n","protected":false},"author":1,"featured_media":403,"comment_status":"closed","ping_status":"open","sticky":false,"template":"","format":"standard","meta":{"footnotes":""},"categories":[50],"tags":[419,266,421,146,156,422,420],"class_list":["post-402","post","type-post","status-publish","format-standard","has-post-thumbnail","hentry","category-el-ultimo","tag-documental","tag-estrenara","tag-hip","tag-nuevo","tag-sobre","tag-tiff","tag-tragically","generate-columns","tablet-grid-50","mobile-grid-100","grid-parent","grid-50"],"yoast_head":"<!-- This site is optimized with the Yoast SEO plugin v23.3 - https:\/\/yoast.com\/wordpress\/plugins\/seo\/ -->\n<title>Nuevo documental sobre The Tragically Hip se estrenar\u00e1 en el TIFF<\/title>\n<meta name=\"robots\" content=\"index, follow, max-snippet:-1, max-image-preview:large, max-video-preview:-1\" \/>\n<link rel=\"canonical\" href=\"https:\/\/web.consaguirre.com.ar\/noticias\/nuevo-documental-sobre-the-tragically-hip-se-estrenara-en-el-tiff\/\" \/>\n<meta property=\"og:locale\" content=\"es_ES\" \/>\n<meta property=\"og:type\" content=\"article\" \/>\n<meta property=\"og:title\" content=\"Nuevo documental sobre The Tragically Hip se estrenar\u00e1 en el TIFF\" \/>\n<meta property=\"og:description\" content=\"Un nuevo documental sobre los rockeros canadienses El tr\u00e1gicamente moderno se estrenar\u00e1 en el Festival Internacional de Cine de Toronto este a\u00f1o. Dirigida por Mike\" \/>\n<meta property=\"og:url\" content=\"https:\/\/web.consaguirre.com.ar\/noticias\/nuevo-documental-sobre-the-tragically-hip-se-estrenara-en-el-tiff\/\" \/>\n<meta property=\"og:site_name\" content=\"Conservatorio de M\u00fasica Juli\u00e1n Aguirre\" \/>\n<meta property=\"article:published_time\" content=\"2024-09-02T22:39:09+00:00\" \/>\n<meta property=\"article:modified_time\" content=\"2024-09-08T19:27:49+00:00\" \/>\n<meta property=\"og:image\" content=\"https:\/\/web.consaguirre.com.ar\/noticias\/wp-content\/uploads\/2024\/09\/Nuevo-documental-sobre-The-Tragically-Hip-se-estrenara-en-el.jpg\" \/>\n\t<meta property=\"og:image:width\" content=\"1440\" \/>\n\t<meta property=\"og:image:height\" content=\"864\" \/>\n\t<meta property=\"og:image:type\" content=\"image\/jpeg\" \/>\n<meta name=\"author\" content=\"Javier Figueroa\" \/>\n<meta name=\"twitter:card\" content=\"summary_large_image\" \/>\n<meta name=\"twitter:label1\" content=\"Escrito por\" \/>\n\t<meta name=\"twitter:data1\" content=\"Javier Figueroa\" \/>\n\t<meta name=\"twitter:label2\" content=\"Tiempo de lectura\" \/>\n\t<meta name=\"twitter:data2\" content=\"2 minutos\" \/>\n<script type=\"application\/ld+json\" class=\"yoast-schema-graph\">{\"@context\":\"https:\/\/schema.org\",\"@graph\":[{\"@type\":\"Article\",\"@id\":\"https:\/\/web.consaguirre.com.ar\/noticias\/nuevo-documental-sobre-the-tragically-hip-se-estrenara-en-el-tiff\/#article\",\"isPartOf\":{\"@id\":\"https:\/\/web.consaguirre.com.ar\/noticias\/nuevo-documental-sobre-the-tragically-hip-se-estrenara-en-el-tiff\/\"},\"author\":{\"name\":\"Javier Figueroa\",\"@id\":\"https:\/\/web.consaguirre.com.ar\/noticias\/#\/schema\/person\/6558b0cfedee7ddc5425602b237d5722\"},\"headline\":\"Nuevo documental sobre The Tragically Hip se estrenar\u00e1 en el TIFF\",\"datePublished\":\"2024-09-02T22:39:09+00:00\",\"dateModified\":\"2024-09-08T19:27:49+00:00\",\"mainEntityOfPage\":{\"@id\":\"https:\/\/web.consaguirre.com.ar\/noticias\/nuevo-documental-sobre-the-tragically-hip-se-estrenara-en-el-tiff\/\"},\"wordCount\":439,\"publisher\":{\"@id\":\"https:\/\/web.consaguirre.com.ar\/noticias\/#organization\"},\"image\":{\"@id\":\"https:\/\/web.consaguirre.com.ar\/noticias\/nuevo-documental-sobre-the-tragically-hip-se-estrenara-en-el-tiff\/#primaryimage\"},\"thumbnailUrl\":\"https:\/\/web.consaguirre.com.ar\/noticias\/wp-content\/uploads\/2024\/09\/Nuevo-documental-sobre-The-Tragically-Hip-se-estrenara-en-el.jpg\",\"keywords\":[\"documental\",\"estrenar\u00e1\",\"Hip\",\"nuevo\",\"sobre\",\"TIFF\",\"Tragically\"],\"articleSection\":[\"El \u00faltimo\"],\"inLanguage\":\"es-AR\"},{\"@type\":\"WebPage\",\"@id\":\"https:\/\/web.consaguirre.com.ar\/noticias\/nuevo-documental-sobre-the-tragically-hip-se-estrenara-en-el-tiff\/\",\"url\":\"https:\/\/web.consaguirre.com.ar\/noticias\/nuevo-documental-sobre-the-tragically-hip-se-estrenara-en-el-tiff\/\",\"name\":\"Nuevo documental sobre The Tragically Hip se estrenar\u00e1 en el TIFF\",\"isPartOf\":{\"@id\":\"https:\/\/web.consaguirre.com.ar\/noticias\/#website\"},\"primaryImageOfPage\":{\"@id\":\"https:\/\/web.consaguirre.com.ar\/noticias\/nuevo-documental-sobre-the-tragically-hip-se-estrenara-en-el-tiff\/#primaryimage\"},\"image\":{\"@id\":\"https:\/\/web.consaguirre.com.ar\/noticias\/nuevo-documental-sobre-the-tragically-hip-se-estrenara-en-el-tiff\/#primaryimage\"},\"thumbnailUrl\":\"https:\/\/web.consaguirre.com.ar\/noticias\/wp-content\/uploads\/2024\/09\/Nuevo-documental-sobre-The-Tragically-Hip-se-estrenara-en-el.jpg\",\"datePublished\":\"2024-09-02T22:39:09+00:00\",\"dateModified\":\"2024-09-08T19:27:49+00:00\",\"breadcrumb\":{\"@id\":\"https:\/\/web.consaguirre.com.ar\/noticias\/nuevo-documental-sobre-the-tragically-hip-se-estrenara-en-el-tiff\/#breadcrumb\"},\"inLanguage\":\"es-AR\",\"potentialAction\":[{\"@type\":\"ReadAction\",\"target\":[\"https:\/\/web.consaguirre.com.ar\/noticias\/nuevo-documental-sobre-the-tragically-hip-se-estrenara-en-el-tiff\/\"]}]},{\"@type\":\"ImageObject\",\"inLanguage\":\"es-AR\",\"@id\":\"https:\/\/web.consaguirre.com.ar\/noticias\/nuevo-documental-sobre-the-tragically-hip-se-estrenara-en-el-tiff\/#primaryimage\",\"url\":\"https:\/\/web.consaguirre.com.ar\/noticias\/wp-content\/uploads\/2024\/09\/Nuevo-documental-sobre-The-Tragically-Hip-se-estrenara-en-el.jpg\",\"contentUrl\":\"https:\/\/web.consaguirre.com.ar\/noticias\/wp-content\/uploads\/2024\/09\/Nuevo-documental-sobre-The-Tragically-Hip-se-estrenara-en-el.jpg\",\"width\":1440,\"height\":864,\"caption\":\"Nuevo documental sobre The Tragically Hip se estrenar\u00e1 en el TIFF\"},{\"@type\":\"BreadcrumbList\",\"@id\":\"https:\/\/web.consaguirre.com.ar\/noticias\/nuevo-documental-sobre-the-tragically-hip-se-estrenara-en-el-tiff\/#breadcrumb\",\"itemListElement\":[{\"@type\":\"ListItem\",\"position\":1,\"name\":\"Inicio\",\"item\":\"https:\/\/web.consaguirre.com.ar\/noticias\/\"},{\"@type\":\"ListItem\",\"position\":2,\"name\":\"Nuevo documental sobre The Tragically Hip se estrenar\u00e1 en el TIFF\"}]},{\"@type\":\"WebSite\",\"@id\":\"https:\/\/web.consaguirre.com.ar\/noticias\/#website\",\"url\":\"https:\/\/web.consaguirre.com.ar\/noticias\/\",\"name\":\"Conservatorio de M\u00fasica Juli\u00e1n Aguirre\",\"description\":\"\",\"publisher\":{\"@id\":\"https:\/\/web.consaguirre.com.ar\/noticias\/#organization\"},\"potentialAction\":[{\"@type\":\"SearchAction\",\"target\":{\"@type\":\"EntryPoint\",\"urlTemplate\":\"https:\/\/web.consaguirre.com.ar\/noticias\/?s={search_term_string}\"},\"query-input\":\"required name=search_term_string\"}],\"inLanguage\":\"es-AR\"},{\"@type\":\"Organization\",\"@id\":\"https:\/\/web.consaguirre.com.ar\/noticias\/#organization\",\"name\":\"Conservatorio de M\u00fasica Juli\u00e1n Aguirre\",\"url\":\"https:\/\/web.consaguirre.com.ar\/noticias\/\",\"logo\":{\"@type\":\"ImageObject\",\"inLanguage\":\"es-AR\",\"@id\":\"https:\/\/web.consaguirre.com.ar\/noticias\/#\/schema\/logo\/image\/\",\"url\":\"https:\/\/web.consaguirre.com.ar\/noticias\/wp-content\/uploads\/2024\/08\/Banner-Aguirre-23.jpg\",\"contentUrl\":\"https:\/\/web.consaguirre.com.ar\/noticias\/wp-content\/uploads\/2024\/08\/Banner-Aguirre-23.jpg\",\"width\":1192,\"height\":600,\"caption\":\"Conservatorio de M\u00fasica Juli\u00e1n Aguirre\"},\"image\":{\"@id\":\"https:\/\/web.consaguirre.com.ar\/noticias\/#\/schema\/logo\/image\/\"}},{\"@type\":\"Person\",\"@id\":\"https:\/\/web.consaguirre.com.ar\/noticias\/#\/schema\/person\/6558b0cfedee7ddc5425602b237d5722\",\"name\":\"Javier Figueroa\",\"image\":{\"@type\":\"ImageObject\",\"inLanguage\":\"es-AR\",\"@id\":\"https:\/\/web.consaguirre.com.ar\/noticias\/#\/schema\/person\/image\/\",\"url\":\"https:\/\/web.consaguirre.com.ar\/noticias\/wp-content\/uploads\/2024\/08\/Consaguirre-scaled.jpg\",\"contentUrl\":\"https:\/\/web.consaguirre.com.ar\/noticias\/wp-content\/uploads\/2024\/08\/Consaguirre-scaled.jpg\",\"caption\":\"Javier Figueroa\"},\"description\":\"Me llamo Javier Figueroa y soy redactor para el sitio oficial del Conservatorio de M\u00fasica Juli\u00e1n Aguirre en Buenos Aires, consaguirre.com. Apasionado por la m\u00fasica y la escritura, me esfuerzo por destacar los talentos y eventos de nuestra prestigiosa instituci\u00f3n. Mi trayectoria se nutre de una profunda admiraci\u00f3n por los artistas, haciendo de cada art\u00edculo una celebraci\u00f3n de la creatividad y la cultura musical.\",\"sameAs\":[\"https:\/\/web.consaguirre.com.ar\/noticias\"]}]}<\/script>\n<!-- \/ Yoast SEO plugin. -->","yoast_head_json":{"title":"Nuevo documental sobre The Tragically Hip se estrenar\u00e1 en el TIFF","robots":{"index":"index","follow":"follow","max-snippet":"max-snippet:-1","max-image-preview":"max-image-preview:large","max-video-preview":"max-video-preview:-1"},"canonical":"https:\/\/web.consaguirre.com.ar\/noticias\/nuevo-documental-sobre-the-tragically-hip-se-estrenara-en-el-tiff\/","og_locale":"es_ES","og_type":"article","og_title":"Nuevo documental sobre The Tragically Hip se estrenar\u00e1 en el TIFF","og_description":"Un nuevo documental sobre los rockeros canadienses El tr\u00e1gicamente moderno se estrenar\u00e1 en el Festival Internacional de Cine de Toronto este a\u00f1o. Dirigida por Mike","og_url":"https:\/\/web.consaguirre.com.ar\/noticias\/nuevo-documental-sobre-the-tragically-hip-se-estrenara-en-el-tiff\/","og_site_name":"Conservatorio de M\u00fasica Juli\u00e1n Aguirre","article_published_time":"2024-09-02T22:39:09+00:00","article_modified_time":"2024-09-08T19:27:49+00:00","og_image":[{"width":1440,"height":864,"url":"https:\/\/web.consaguirre.com.ar\/noticias\/wp-content\/uploads\/2024\/09\/Nuevo-documental-sobre-The-Tragically-Hip-se-estrenara-en-el.jpg","type":"image\/jpeg"}],"author":"Javier Figueroa","twitter_card":"summary_large_image","twitter_misc":{"Escrito por":"Javier Figueroa","Tiempo de lectura":"2 minutos"},"schema":{"@context":"https:\/\/schema.org","@graph":[{"@type":"Article","@id":"https:\/\/web.consaguirre.com.ar\/noticias\/nuevo-documental-sobre-the-tragically-hip-se-estrenara-en-el-tiff\/#article","isPartOf":{"@id":"https:\/\/web.consaguirre.com.ar\/noticias\/nuevo-documental-sobre-the-tragically-hip-se-estrenara-en-el-tiff\/"},"author":{"name":"Javier Figueroa","@id":"https:\/\/web.consaguirre.com.ar\/noticias\/#\/schema\/person\/6558b0cfedee7ddc5425602b237d5722"},"headline":"Nuevo documental sobre The Tragically Hip se estrenar\u00e1 en el TIFF","datePublished":"2024-09-02T22:39:09+00:00","dateModified":"2024-09-08T19:27:49+00:00","mainEntityOfPage":{"@id":"https:\/\/web.consaguirre.com.ar\/noticias\/nuevo-documental-sobre-the-tragically-hip-se-estrenara-en-el-tiff\/"},"wordCount":439,"publisher":{"@id":"https:\/\/web.consaguirre.com.ar\/noticias\/#organization"},"image":{"@id":"https:\/\/web.consaguirre.com.ar\/noticias\/nuevo-documental-sobre-the-tragically-hip-se-estrenara-en-el-tiff\/#primaryimage"},"thumbnailUrl":"https:\/\/web.consaguirre.com.ar\/noticias\/wp-content\/uploads\/2024\/09\/Nuevo-documental-sobre-The-Tragically-Hip-se-estrenara-en-el.jpg","keywords":["documental","estrenar\u00e1","Hip","nuevo","sobre","TIFF","Tragically"],"articleSection":["El \u00faltimo"],"inLanguage":"es-AR"},{"@type":"WebPage","@id":"https:\/\/web.consaguirre.com.ar\/noticias\/nuevo-documental-sobre-the-tragically-hip-se-estrenara-en-el-tiff\/","url":"https:\/\/web.consaguirre.com.ar\/noticias\/nuevo-documental-sobre-the-tragically-hip-se-estrenara-en-el-tiff\/","name":"Nuevo documental sobre The Tragically Hip se estrenar\u00e1 en el TIFF","isPartOf":{"@id":"https:\/\/web.consaguirre.com.ar\/noticias\/#website"},"primaryImageOfPage":{"@id":"https:\/\/web.consaguirre.com.ar\/noticias\/nuevo-documental-sobre-the-tragically-hip-se-estrenara-en-el-tiff\/#primaryimage"},"image":{"@id":"https:\/\/web.consaguirre.com.ar\/noticias\/nuevo-documental-sobre-the-tragically-hip-se-estrenara-en-el-tiff\/#primaryimage"},"thumbnailUrl":"https:\/\/web.consaguirre.com.ar\/noticias\/wp-content\/uploads\/2024\/09\/Nuevo-documental-sobre-The-Tragically-Hip-se-estrenara-en-el.jpg","datePublished":"2024-09-02T22:39:09+00:00","dateModified":"2024-09-08T19:27:49+00:00","breadcrumb":{"@id":"https:\/\/web.consaguirre.com.ar\/noticias\/nuevo-documental-sobre-the-tragically-hip-se-estrenara-en-el-tiff\/#breadcrumb"},"inLanguage":"es-AR","potentialAction":[{"@type":"ReadAction","target":["https:\/\/web.consaguirre.com.ar\/noticias\/nuevo-documental-sobre-the-tragically-hip-se-estrenara-en-el-tiff\/"]}]},{"@type":"ImageObject","inLanguage":"es-AR","@id":"https:\/\/web.consaguirre.com.ar\/noticias\/nuevo-documental-sobre-the-tragically-hip-se-estrenara-en-el-tiff\/#primaryimage","url":"https:\/\/web.consaguirre.com.ar\/noticias\/wp-content\/uploads\/2024\/09\/Nuevo-documental-sobre-The-Tragically-Hip-se-estrenara-en-el.jpg","contentUrl":"https:\/\/web.consaguirre.com.ar\/noticias\/wp-content\/uploads\/2024\/09\/Nuevo-documental-sobre-The-Tragically-Hip-se-estrenara-en-el.jpg","width":1440,"height":864,"caption":"Nuevo documental sobre The Tragically Hip se estrenar\u00e1 en el TIFF"},{"@type":"BreadcrumbList","@id":"https:\/\/web.consaguirre.com.ar\/noticias\/nuevo-documental-sobre-the-tragically-hip-se-estrenara-en-el-tiff\/#breadcrumb","itemListElement":[{"@type":"ListItem","position":1,"name":"Inicio","item":"https:\/\/web.consaguirre.com.ar\/noticias\/"},{"@type":"ListItem","position":2,"name":"Nuevo documental sobre The Tragically Hip se estrenar\u00e1 en el TIFF"}]},{"@type":"WebSite","@id":"https:\/\/web.consaguirre.com.ar\/noticias\/#website","url":"https:\/\/web.consaguirre.com.ar\/noticias\/","name":"Conservatorio de M\u00fasica Juli\u00e1n Aguirre","description":"","publisher":{"@id":"https:\/\/web.consaguirre.com.ar\/noticias\/#organization"},"potentialAction":[{"@type":"SearchAction","target":{"@type":"EntryPoint","urlTemplate":"https:\/\/web.consaguirre.com.ar\/noticias\/?s={search_term_string}"},"query-input":"required name=search_term_string"}],"inLanguage":"es-AR"},{"@type":"Organization","@id":"https:\/\/web.consaguirre.com.ar\/noticias\/#organization","name":"Conservatorio de M\u00fasica Juli\u00e1n Aguirre","url":"https:\/\/web.consaguirre.com.ar\/noticias\/","logo":{"@type":"ImageObject","inLanguage":"es-AR","@id":"https:\/\/web.consaguirre.com.ar\/noticias\/#\/schema\/logo\/image\/","url":"https:\/\/web.consaguirre.com.ar\/noticias\/wp-content\/uploads\/2024\/08\/Banner-Aguirre-23.jpg","contentUrl":"https:\/\/web.consaguirre.com.ar\/noticias\/wp-content\/uploads\/2024\/08\/Banner-Aguirre-23.jpg","width":1192,"height":600,"caption":"Conservatorio de M\u00fasica Juli\u00e1n Aguirre"},"image":{"@id":"https:\/\/web.consaguirre.com.ar\/noticias\/#\/schema\/logo\/image\/"}},{"@type":"Person","@id":"https:\/\/web.consaguirre.com.ar\/noticias\/#\/schema\/person\/6558b0cfedee7ddc5425602b237d5722","name":"Javier Figueroa","image":{"@type":"ImageObject","inLanguage":"es-AR","@id":"https:\/\/web.consaguirre.com.ar\/noticias\/#\/schema\/person\/image\/","url":"https:\/\/web.consaguirre.com.ar\/noticias\/wp-content\/uploads\/2024\/08\/Consaguirre-scaled.jpg","contentUrl":"https:\/\/web.consaguirre.com.ar\/noticias\/wp-content\/uploads\/2024\/08\/Consaguirre-scaled.jpg","caption":"Javier Figueroa"},"description":"Me llamo Javier Figueroa y soy redactor para el sitio oficial del Conservatorio de M\u00fasica Juli\u00e1n Aguirre en Buenos Aires, consaguirre.com. Apasionado por la m\u00fasica y la escritura, me esfuerzo por destacar los talentos y eventos de nuestra prestigiosa instituci\u00f3n. Mi trayectoria se nutre de una profunda admiraci\u00f3n por los artistas, haciendo de cada art\u00edculo una celebraci\u00f3n de la creatividad y la cultura musical.","sameAs":["https:\/\/web.consaguirre.com.ar\/noticias"]}]}},"_links":{"self":[{"href":"https:\/\/web.consaguirre.com.ar\/noticias\/wp-json\/wp\/v2\/posts\/402"}],"collection":[{"href":"https:\/\/web.consaguirre.com.ar\/noticias\/wp-json\/wp\/v2\/posts"}],"about":[{"href":"https:\/\/web.consaguirre.com.ar\/noticias\/wp-json\/wp\/v2\/types\/post"}],"author":[{"embeddable":true,"href":"https:\/\/web.consaguirre.com.ar\/noticias\/wp-json\/wp\/v2\/users\/1"}],"replies":[{"embeddable":true,"href":"https:\/\/web.consaguirre.com.ar\/noticias\/wp-json\/wp\/v2\/comments?post=402"}],"version-history":[{"count":1,"href":"https:\/\/web.consaguirre.com.ar\/noticias\/wp-json\/wp\/v2\/posts\/402\/revisions"}],"predecessor-version":[{"id":404,"href":"https:\/\/web.consaguirre.com.ar\/noticias\/wp-json\/wp\/v2\/posts\/402\/revisions\/404"}],"wp:featuredmedia":[{"embeddable":true,"href":"https:\/\/web.consaguirre.com.ar\/noticias\/wp-json\/wp\/v2\/media\/403"}],"wp:attachment":[{"href":"https:\/\/web.consaguirre.com.ar\/noticias\/wp-json\/wp\/v2\/media?parent=402"}],"wp:term":[{"taxonomy":"category","embeddable":true,"href":"https:\/\/web.consaguirre.com.ar\/noticias\/wp-json\/wp\/v2\/categories?post=402"},{"taxonomy":"post_tag","embeddable":true,"href":"https:\/\/web.consaguirre.com.ar\/noticias\/wp-json\/wp\/v2\/tags?post=402"}],"curies":[{"name":"wp","href":"https:\/\/api.w.org\/{rel}","templated":true}]}}