{"id":4003,"date":"2025-10-10T17:44:37","date_gmt":"2025-10-10T20:44:37","guid":{"rendered":"https:\/\/web.consaguirre.com.ar\/noticias\/alan-jackson-anuncia-el-concierto-final-de-nashville-con-invitados-especiales\/"},"modified":"2025-10-10T17:44:38","modified_gmt":"2025-10-10T20:44:38","slug":"alan-jackson-anuncia-el-concierto-final-de-nashville-con-invitados-especiales","status":"publish","type":"post","link":"https:\/\/web.consaguirre.com.ar\/noticias\/alan-jackson-anuncia-el-concierto-final-de-nashville-con-invitados-especiales\/","title":{"rendered":"Alan Jackson anuncia el concierto &#8216;final&#8217; de Nashville con invitados especiales"},"content":{"rendered":"<p>La estrella del country ganador del Grammy, Alan Jackson, ha anunciado su retiro de la actuaci\u00f3n y se despedir\u00e1 con un gran concierto final en el Estadio Nissan de Nashville el 27 de junio de 2026. Jackson estar\u00e1 acompa\u00f1ado en el escenario de &#8216;Last Call: One More for the Road \u2013 The Finale&#8217; por varios cantantes de country, incluidos Luke Bryan, Eric Church, Miranda Lambert, Jon Pardi, Carrie. Underwood, Keith Urban y m\u00e1s.<\/p>\n<p>&#8220;Ha sido un largo camino&#8230; y me ha llevado a lugares que nunca imagin\u00e9&#8221;, dijo Jackson, de 66 a\u00f1os. <em>Revista Gente<\/em> en un comunicado. &#8220;Pero no puedo pensar en un mejor lugar para montar un gran espect\u00e1culo y darles a los fan\u00e1ticos un final que Nashville e incluir a tantos amigos especiales&#8221;.<\/p>\n<p>Continu\u00f3: &#8220;Sentimos que ten\u00edamos que terminar todo donde comenz\u00f3 para m\u00ed, y eso es en Nashville, la Ciudad de la M\u00fasica, donde vive la m\u00fasica country&#8221;.<\/p>\n<p>Los boletos en preventa estar\u00e1n disponibles para los miembros del Fan Club de Alan Jackson el mi\u00e9rcoles 15 de octubre a las 9 a.m. CT. Los no miembros pueden registrarse para su propia preventa a trav\u00e9s del sitio web de Jackson, que comenzar\u00e1 una hora m\u00e1s tarde, el 15 de octubre a las 10 a. m. CT. Si quedan boletos, saldr\u00e1n a la venta al p\u00fablico el viernes 17 de octubre (cumplea\u00f1os de Alan) a las 10 a.m. CT.<\/p>\n<p>Un d\u00f3lar de cada entrada vendida para Last Call: One More for the Road \u2013 The Finale se donar\u00e1 a la CMT Research Foundation, que financia la investigaci\u00f3n de la enfermedad de Charcot-Marie-Tooth. Jackson revel\u00f3 su diagn\u00f3stico de afecci\u00f3n nerviosa degenerativa en 2021 y comparti\u00f3: &#8220;Tengo esta enfermedad neurop\u00e1tica y neurol\u00f3gica que hered\u00e9 de mi pap\u00e1. He sido reacio a hablar de esto p\u00fablicamente, pero ha pasado un tiempo y est\u00e1 empezando a afectar un poco mi desempe\u00f1o en el escenario, donde no me siento c\u00f3modo&#8230; No me va a matar, no es mortal&#8230; No es fatal, solo me incapacitar\u00e1 eventualmente&#8221;.<\/p>\n<p>En junio de 2022, Jackson comenz\u00f3 la gira &#8216;Last Call: One More for the Road&#8217; que continu\u00f3 hasta mayo de 2025.<\/p>\n<p>Compra ahora la m\u00fasica de Alan Jackson en vinilo y CD.<\/p>\n","protected":false},"excerpt":{"rendered":"<p>La estrella del country ganador del Grammy, Alan Jackson, ha anunciado su retiro de la actuaci\u00f3n y se despedir\u00e1 con un gran concierto final en<\/p>\n","protected":false},"author":1,"featured_media":4004,"comment_status":"closed","ping_status":"","sticky":false,"template":"","format":"standard","meta":{"footnotes":""},"categories":[50],"tags":[175,56,32,124,2537,1246,743,176,1680],"class_list":["post-4003","post","type-post","status-publish","format-standard","has-post-thumbnail","hentry","category-el-ultimo","tag-alan","tag-anuncia","tag-con","tag-concierto","tag-especiales","tag-final","tag-invitados","tag-jackson","tag-nashville","generate-columns","tablet-grid-50","mobile-grid-100","grid-parent","grid-50"],"yoast_head":"<!-- This site is optimized with the Yoast SEO plugin v23.3 - https:\/\/yoast.com\/wordpress\/plugins\/seo\/ -->\n<title>Alan Jackson anuncia el concierto &#039;final&#039; de Nashville con invitados especiales<\/title>\n<meta name=\"robots\" content=\"index, follow, max-snippet:-1, max-image-preview:large, max-video-preview:-1\" \/>\n<link rel=\"canonical\" href=\"https:\/\/web.consaguirre.com.ar\/noticias\/alan-jackson-anuncia-el-concierto-final-de-nashville-con-invitados-especiales\/\" \/>\n<meta property=\"og:locale\" content=\"es_ES\" \/>\n<meta property=\"og:type\" content=\"article\" \/>\n<meta property=\"og:title\" content=\"Alan Jackson anuncia el concierto &#039;final&#039; de Nashville con invitados especiales\" \/>\n<meta property=\"og:description\" content=\"La estrella del country ganador del Grammy, Alan Jackson, ha anunciado su retiro de la actuaci\u00f3n y se despedir\u00e1 con un gran concierto final en\" \/>\n<meta property=\"og:url\" content=\"https:\/\/web.consaguirre.com.ar\/noticias\/alan-jackson-anuncia-el-concierto-final-de-nashville-con-invitados-especiales\/\" \/>\n<meta property=\"og:site_name\" content=\"Conservatorio de M\u00fasica Juli\u00e1n Aguirre\" \/>\n<meta property=\"article:published_time\" content=\"2025-10-10T20:44:37+00:00\" \/>\n<meta property=\"article:modified_time\" content=\"2025-10-10T20:44:38+00:00\" \/>\n<meta property=\"og:image\" content=\"https:\/\/web.consaguirre.com.ar\/noticias\/wp-content\/uploads\/2025\/10\/Alan-Jackson-anuncia-el-concierto-final-de-Nashville-con-invitados.jpg\" \/>\n\t<meta property=\"og:image:width\" content=\"1440\" \/>\n\t<meta property=\"og:image:height\" content=\"864\" \/>\n\t<meta property=\"og:image:type\" content=\"image\/jpeg\" \/>\n<meta name=\"author\" content=\"Javier Figueroa\" \/>\n<meta name=\"twitter:card\" content=\"summary_large_image\" \/>\n<meta name=\"twitter:label1\" content=\"Escrito por\" \/>\n\t<meta name=\"twitter:data1\" content=\"Javier Figueroa\" \/>\n\t<meta name=\"twitter:label2\" content=\"Tiempo de lectura\" \/>\n\t<meta name=\"twitter:data2\" content=\"2 minutos\" \/>\n<script type=\"application\/ld+json\" class=\"yoast-schema-graph\">{\"@context\":\"https:\/\/schema.org\",\"@graph\":[{\"@type\":\"Article\",\"@id\":\"https:\/\/web.consaguirre.com.ar\/noticias\/alan-jackson-anuncia-el-concierto-final-de-nashville-con-invitados-especiales\/#article\",\"isPartOf\":{\"@id\":\"https:\/\/web.consaguirre.com.ar\/noticias\/alan-jackson-anuncia-el-concierto-final-de-nashville-con-invitados-especiales\/\"},\"author\":{\"name\":\"Javier Figueroa\",\"@id\":\"https:\/\/web.consaguirre.com.ar\/noticias\/#\/schema\/person\/6558b0cfedee7ddc5425602b237d5722\"},\"headline\":\"Alan Jackson anuncia el concierto &#8216;final&#8217; de Nashville con invitados especiales\",\"datePublished\":\"2025-10-10T20:44:37+00:00\",\"dateModified\":\"2025-10-10T20:44:38+00:00\",\"mainEntityOfPage\":{\"@id\":\"https:\/\/web.consaguirre.com.ar\/noticias\/alan-jackson-anuncia-el-concierto-final-de-nashville-con-invitados-especiales\/\"},\"wordCount\":388,\"publisher\":{\"@id\":\"https:\/\/web.consaguirre.com.ar\/noticias\/#organization\"},\"image\":{\"@id\":\"https:\/\/web.consaguirre.com.ar\/noticias\/alan-jackson-anuncia-el-concierto-final-de-nashville-con-invitados-especiales\/#primaryimage\"},\"thumbnailUrl\":\"https:\/\/web.consaguirre.com.ar\/noticias\/wp-content\/uploads\/2025\/10\/Alan-Jackson-anuncia-el-concierto-final-de-Nashville-con-invitados.jpg\",\"keywords\":[\"Alan\",\"anuncia\",\"con\",\"concierto\",\"especiales\",\"final\",\"invitados\",\"Jackson\",\"Nashville\"],\"articleSection\":[\"El \u00faltimo\"],\"inLanguage\":\"es-AR\"},{\"@type\":\"WebPage\",\"@id\":\"https:\/\/web.consaguirre.com.ar\/noticias\/alan-jackson-anuncia-el-concierto-final-de-nashville-con-invitados-especiales\/\",\"url\":\"https:\/\/web.consaguirre.com.ar\/noticias\/alan-jackson-anuncia-el-concierto-final-de-nashville-con-invitados-especiales\/\",\"name\":\"Alan Jackson anuncia el concierto 'final' de Nashville con invitados especiales\",\"isPartOf\":{\"@id\":\"https:\/\/web.consaguirre.com.ar\/noticias\/#website\"},\"primaryImageOfPage\":{\"@id\":\"https:\/\/web.consaguirre.com.ar\/noticias\/alan-jackson-anuncia-el-concierto-final-de-nashville-con-invitados-especiales\/#primaryimage\"},\"image\":{\"@id\":\"https:\/\/web.consaguirre.com.ar\/noticias\/alan-jackson-anuncia-el-concierto-final-de-nashville-con-invitados-especiales\/#primaryimage\"},\"thumbnailUrl\":\"https:\/\/web.consaguirre.com.ar\/noticias\/wp-content\/uploads\/2025\/10\/Alan-Jackson-anuncia-el-concierto-final-de-Nashville-con-invitados.jpg\",\"datePublished\":\"2025-10-10T20:44:37+00:00\",\"dateModified\":\"2025-10-10T20:44:38+00:00\",\"breadcrumb\":{\"@id\":\"https:\/\/web.consaguirre.com.ar\/noticias\/alan-jackson-anuncia-el-concierto-final-de-nashville-con-invitados-especiales\/#breadcrumb\"},\"inLanguage\":\"es-AR\",\"potentialAction\":[{\"@type\":\"ReadAction\",\"target\":[\"https:\/\/web.consaguirre.com.ar\/noticias\/alan-jackson-anuncia-el-concierto-final-de-nashville-con-invitados-especiales\/\"]}]},{\"@type\":\"ImageObject\",\"inLanguage\":\"es-AR\",\"@id\":\"https:\/\/web.consaguirre.com.ar\/noticias\/alan-jackson-anuncia-el-concierto-final-de-nashville-con-invitados-especiales\/#primaryimage\",\"url\":\"https:\/\/web.consaguirre.com.ar\/noticias\/wp-content\/uploads\/2025\/10\/Alan-Jackson-anuncia-el-concierto-final-de-Nashville-con-invitados.jpg\",\"contentUrl\":\"https:\/\/web.consaguirre.com.ar\/noticias\/wp-content\/uploads\/2025\/10\/Alan-Jackson-anuncia-el-concierto-final-de-Nashville-con-invitados.jpg\",\"width\":1440,\"height\":864,\"caption\":\"Alan Jackson anuncia el concierto 'final' de Nashville con invitados especiales\"},{\"@type\":\"BreadcrumbList\",\"@id\":\"https:\/\/web.consaguirre.com.ar\/noticias\/alan-jackson-anuncia-el-concierto-final-de-nashville-con-invitados-especiales\/#breadcrumb\",\"itemListElement\":[{\"@type\":\"ListItem\",\"position\":1,\"name\":\"Inicio\",\"item\":\"https:\/\/web.consaguirre.com.ar\/noticias\/\"},{\"@type\":\"ListItem\",\"position\":2,\"name\":\"Alan Jackson anuncia el concierto &#8216;final&#8217; de Nashville con invitados especiales\"}]},{\"@type\":\"WebSite\",\"@id\":\"https:\/\/web.consaguirre.com.ar\/noticias\/#website\",\"url\":\"https:\/\/web.consaguirre.com.ar\/noticias\/\",\"name\":\"Conservatorio de M\u00fasica Juli\u00e1n Aguirre\",\"description\":\"\",\"publisher\":{\"@id\":\"https:\/\/web.consaguirre.com.ar\/noticias\/#organization\"},\"potentialAction\":[{\"@type\":\"SearchAction\",\"target\":{\"@type\":\"EntryPoint\",\"urlTemplate\":\"https:\/\/web.consaguirre.com.ar\/noticias\/?s={search_term_string}\"},\"query-input\":\"required name=search_term_string\"}],\"inLanguage\":\"es-AR\"},{\"@type\":\"Organization\",\"@id\":\"https:\/\/web.consaguirre.com.ar\/noticias\/#organization\",\"name\":\"Conservatorio de M\u00fasica Juli\u00e1n Aguirre\",\"url\":\"https:\/\/web.consaguirre.com.ar\/noticias\/\",\"logo\":{\"@type\":\"ImageObject\",\"inLanguage\":\"es-AR\",\"@id\":\"https:\/\/web.consaguirre.com.ar\/noticias\/#\/schema\/logo\/image\/\",\"url\":\"https:\/\/web.consaguirre.com.ar\/noticias\/wp-content\/uploads\/2024\/08\/Banner-Aguirre-23.jpg\",\"contentUrl\":\"https:\/\/web.consaguirre.com.ar\/noticias\/wp-content\/uploads\/2024\/08\/Banner-Aguirre-23.jpg\",\"width\":1192,\"height\":600,\"caption\":\"Conservatorio de M\u00fasica Juli\u00e1n Aguirre\"},\"image\":{\"@id\":\"https:\/\/web.consaguirre.com.ar\/noticias\/#\/schema\/logo\/image\/\"}},{\"@type\":\"Person\",\"@id\":\"https:\/\/web.consaguirre.com.ar\/noticias\/#\/schema\/person\/6558b0cfedee7ddc5425602b237d5722\",\"name\":\"Javier Figueroa\",\"image\":{\"@type\":\"ImageObject\",\"inLanguage\":\"es-AR\",\"@id\":\"https:\/\/web.consaguirre.com.ar\/noticias\/#\/schema\/person\/image\/\",\"url\":\"https:\/\/web.consaguirre.com.ar\/noticias\/wp-content\/uploads\/2024\/08\/Consaguirre-scaled.jpg\",\"contentUrl\":\"https:\/\/web.consaguirre.com.ar\/noticias\/wp-content\/uploads\/2024\/08\/Consaguirre-scaled.jpg\",\"caption\":\"Javier Figueroa\"},\"description\":\"Me llamo Javier Figueroa y soy redactor para el sitio oficial del Conservatorio de M\u00fasica Juli\u00e1n Aguirre en Buenos Aires, consaguirre.com. Apasionado por la m\u00fasica y la escritura, me esfuerzo por destacar los talentos y eventos de nuestra prestigiosa instituci\u00f3n. Mi trayectoria se nutre de una profunda admiraci\u00f3n por los artistas, haciendo de cada art\u00edculo una celebraci\u00f3n de la creatividad y la cultura musical.\",\"sameAs\":[\"https:\/\/web.consaguirre.com.ar\/noticias\"]}]}<\/script>\n<!-- \/ Yoast SEO plugin. -->","yoast_head_json":{"title":"Alan Jackson anuncia el concierto 'final' de Nashville con invitados especiales","robots":{"index":"index","follow":"follow","max-snippet":"max-snippet:-1","max-image-preview":"max-image-preview:large","max-video-preview":"max-video-preview:-1"},"canonical":"https:\/\/web.consaguirre.com.ar\/noticias\/alan-jackson-anuncia-el-concierto-final-de-nashville-con-invitados-especiales\/","og_locale":"es_ES","og_type":"article","og_title":"Alan Jackson anuncia el concierto 'final' de Nashville con invitados especiales","og_description":"La estrella del country ganador del Grammy, Alan Jackson, ha anunciado su retiro de la actuaci\u00f3n y se despedir\u00e1 con un gran concierto final en","og_url":"https:\/\/web.consaguirre.com.ar\/noticias\/alan-jackson-anuncia-el-concierto-final-de-nashville-con-invitados-especiales\/","og_site_name":"Conservatorio de M\u00fasica Juli\u00e1n Aguirre","article_published_time":"2025-10-10T20:44:37+00:00","article_modified_time":"2025-10-10T20:44:38+00:00","og_image":[{"width":1440,"height":864,"url":"https:\/\/web.consaguirre.com.ar\/noticias\/wp-content\/uploads\/2025\/10\/Alan-Jackson-anuncia-el-concierto-final-de-Nashville-con-invitados.jpg","type":"image\/jpeg"}],"author":"Javier Figueroa","twitter_card":"summary_large_image","twitter_misc":{"Escrito por":"Javier Figueroa","Tiempo de lectura":"2 minutos"},"schema":{"@context":"https:\/\/schema.org","@graph":[{"@type":"Article","@id":"https:\/\/web.consaguirre.com.ar\/noticias\/alan-jackson-anuncia-el-concierto-final-de-nashville-con-invitados-especiales\/#article","isPartOf":{"@id":"https:\/\/web.consaguirre.com.ar\/noticias\/alan-jackson-anuncia-el-concierto-final-de-nashville-con-invitados-especiales\/"},"author":{"name":"Javier Figueroa","@id":"https:\/\/web.consaguirre.com.ar\/noticias\/#\/schema\/person\/6558b0cfedee7ddc5425602b237d5722"},"headline":"Alan Jackson anuncia el concierto &#8216;final&#8217; de Nashville con invitados especiales","datePublished":"2025-10-10T20:44:37+00:00","dateModified":"2025-10-10T20:44:38+00:00","mainEntityOfPage":{"@id":"https:\/\/web.consaguirre.com.ar\/noticias\/alan-jackson-anuncia-el-concierto-final-de-nashville-con-invitados-especiales\/"},"wordCount":388,"publisher":{"@id":"https:\/\/web.consaguirre.com.ar\/noticias\/#organization"},"image":{"@id":"https:\/\/web.consaguirre.com.ar\/noticias\/alan-jackson-anuncia-el-concierto-final-de-nashville-con-invitados-especiales\/#primaryimage"},"thumbnailUrl":"https:\/\/web.consaguirre.com.ar\/noticias\/wp-content\/uploads\/2025\/10\/Alan-Jackson-anuncia-el-concierto-final-de-Nashville-con-invitados.jpg","keywords":["Alan","anuncia","con","concierto","especiales","final","invitados","Jackson","Nashville"],"articleSection":["El \u00faltimo"],"inLanguage":"es-AR"},{"@type":"WebPage","@id":"https:\/\/web.consaguirre.com.ar\/noticias\/alan-jackson-anuncia-el-concierto-final-de-nashville-con-invitados-especiales\/","url":"https:\/\/web.consaguirre.com.ar\/noticias\/alan-jackson-anuncia-el-concierto-final-de-nashville-con-invitados-especiales\/","name":"Alan Jackson anuncia el concierto 'final' de Nashville con invitados especiales","isPartOf":{"@id":"https:\/\/web.consaguirre.com.ar\/noticias\/#website"},"primaryImageOfPage":{"@id":"https:\/\/web.consaguirre.com.ar\/noticias\/alan-jackson-anuncia-el-concierto-final-de-nashville-con-invitados-especiales\/#primaryimage"},"image":{"@id":"https:\/\/web.consaguirre.com.ar\/noticias\/alan-jackson-anuncia-el-concierto-final-de-nashville-con-invitados-especiales\/#primaryimage"},"thumbnailUrl":"https:\/\/web.consaguirre.com.ar\/noticias\/wp-content\/uploads\/2025\/10\/Alan-Jackson-anuncia-el-concierto-final-de-Nashville-con-invitados.jpg","datePublished":"2025-10-10T20:44:37+00:00","dateModified":"2025-10-10T20:44:38+00:00","breadcrumb":{"@id":"https:\/\/web.consaguirre.com.ar\/noticias\/alan-jackson-anuncia-el-concierto-final-de-nashville-con-invitados-especiales\/#breadcrumb"},"inLanguage":"es-AR","potentialAction":[{"@type":"ReadAction","target":["https:\/\/web.consaguirre.com.ar\/noticias\/alan-jackson-anuncia-el-concierto-final-de-nashville-con-invitados-especiales\/"]}]},{"@type":"ImageObject","inLanguage":"es-AR","@id":"https:\/\/web.consaguirre.com.ar\/noticias\/alan-jackson-anuncia-el-concierto-final-de-nashville-con-invitados-especiales\/#primaryimage","url":"https:\/\/web.consaguirre.com.ar\/noticias\/wp-content\/uploads\/2025\/10\/Alan-Jackson-anuncia-el-concierto-final-de-Nashville-con-invitados.jpg","contentUrl":"https:\/\/web.consaguirre.com.ar\/noticias\/wp-content\/uploads\/2025\/10\/Alan-Jackson-anuncia-el-concierto-final-de-Nashville-con-invitados.jpg","width":1440,"height":864,"caption":"Alan Jackson anuncia el concierto 'final' de Nashville con invitados especiales"},{"@type":"BreadcrumbList","@id":"https:\/\/web.consaguirre.com.ar\/noticias\/alan-jackson-anuncia-el-concierto-final-de-nashville-con-invitados-especiales\/#breadcrumb","itemListElement":[{"@type":"ListItem","position":1,"name":"Inicio","item":"https:\/\/web.consaguirre.com.ar\/noticias\/"},{"@type":"ListItem","position":2,"name":"Alan Jackson anuncia el concierto &#8216;final&#8217; de Nashville con invitados especiales"}]},{"@type":"WebSite","@id":"https:\/\/web.consaguirre.com.ar\/noticias\/#website","url":"https:\/\/web.consaguirre.com.ar\/noticias\/","name":"Conservatorio de M\u00fasica Juli\u00e1n Aguirre","description":"","publisher":{"@id":"https:\/\/web.consaguirre.com.ar\/noticias\/#organization"},"potentialAction":[{"@type":"SearchAction","target":{"@type":"EntryPoint","urlTemplate":"https:\/\/web.consaguirre.com.ar\/noticias\/?s={search_term_string}"},"query-input":"required name=search_term_string"}],"inLanguage":"es-AR"},{"@type":"Organization","@id":"https:\/\/web.consaguirre.com.ar\/noticias\/#organization","name":"Conservatorio de M\u00fasica Juli\u00e1n Aguirre","url":"https:\/\/web.consaguirre.com.ar\/noticias\/","logo":{"@type":"ImageObject","inLanguage":"es-AR","@id":"https:\/\/web.consaguirre.com.ar\/noticias\/#\/schema\/logo\/image\/","url":"https:\/\/web.consaguirre.com.ar\/noticias\/wp-content\/uploads\/2024\/08\/Banner-Aguirre-23.jpg","contentUrl":"https:\/\/web.consaguirre.com.ar\/noticias\/wp-content\/uploads\/2024\/08\/Banner-Aguirre-23.jpg","width":1192,"height":600,"caption":"Conservatorio de M\u00fasica Juli\u00e1n Aguirre"},"image":{"@id":"https:\/\/web.consaguirre.com.ar\/noticias\/#\/schema\/logo\/image\/"}},{"@type":"Person","@id":"https:\/\/web.consaguirre.com.ar\/noticias\/#\/schema\/person\/6558b0cfedee7ddc5425602b237d5722","name":"Javier Figueroa","image":{"@type":"ImageObject","inLanguage":"es-AR","@id":"https:\/\/web.consaguirre.com.ar\/noticias\/#\/schema\/person\/image\/","url":"https:\/\/web.consaguirre.com.ar\/noticias\/wp-content\/uploads\/2024\/08\/Consaguirre-scaled.jpg","contentUrl":"https:\/\/web.consaguirre.com.ar\/noticias\/wp-content\/uploads\/2024\/08\/Consaguirre-scaled.jpg","caption":"Javier Figueroa"},"description":"Me llamo Javier Figueroa y soy redactor para el sitio oficial del Conservatorio de M\u00fasica Juli\u00e1n Aguirre en Buenos Aires, consaguirre.com. Apasionado por la m\u00fasica y la escritura, me esfuerzo por destacar los talentos y eventos de nuestra prestigiosa instituci\u00f3n. Mi trayectoria se nutre de una profunda admiraci\u00f3n por los artistas, haciendo de cada art\u00edculo una celebraci\u00f3n de la creatividad y la cultura musical.","sameAs":["https:\/\/web.consaguirre.com.ar\/noticias"]}]}},"_links":{"self":[{"href":"https:\/\/web.consaguirre.com.ar\/noticias\/wp-json\/wp\/v2\/posts\/4003"}],"collection":[{"href":"https:\/\/web.consaguirre.com.ar\/noticias\/wp-json\/wp\/v2\/posts"}],"about":[{"href":"https:\/\/web.consaguirre.com.ar\/noticias\/wp-json\/wp\/v2\/types\/post"}],"author":[{"embeddable":true,"href":"https:\/\/web.consaguirre.com.ar\/noticias\/wp-json\/wp\/v2\/users\/1"}],"replies":[{"embeddable":true,"href":"https:\/\/web.consaguirre.com.ar\/noticias\/wp-json\/wp\/v2\/comments?post=4003"}],"version-history":[{"count":1,"href":"https:\/\/web.consaguirre.com.ar\/noticias\/wp-json\/wp\/v2\/posts\/4003\/revisions"}],"predecessor-version":[{"id":4005,"href":"https:\/\/web.consaguirre.com.ar\/noticias\/wp-json\/wp\/v2\/posts\/4003\/revisions\/4005"}],"wp:featuredmedia":[{"embeddable":true,"href":"https:\/\/web.consaguirre.com.ar\/noticias\/wp-json\/wp\/v2\/media\/4004"}],"wp:attachment":[{"href":"https:\/\/web.consaguirre.com.ar\/noticias\/wp-json\/wp\/v2\/media?parent=4003"}],"wp:term":[{"taxonomy":"category","embeddable":true,"href":"https:\/\/web.consaguirre.com.ar\/noticias\/wp-json\/wp\/v2\/categories?post=4003"},{"taxonomy":"post_tag","embeddable":true,"href":"https:\/\/web.consaguirre.com.ar\/noticias\/wp-json\/wp\/v2\/tags?post=4003"}],"curies":[{"name":"wp","href":"https:\/\/api.w.org\/{rel}","templated":true}]}}