{"id":4000,"date":"2025-10-10T14:38:38","date_gmt":"2025-10-10T17:38:38","guid":{"rendered":"https:\/\/web.consaguirre.com.ar\/noticias\/john-lodge-cantante-y-bajista-de-moody-blues-muere-a-los-82-anos\/"},"modified":"2025-10-10T14:38:39","modified_gmt":"2025-10-10T17:38:39","slug":"john-lodge-cantante-y-bajista-de-moody-blues-muere-a-los-82-anos","status":"publish","type":"post","link":"https:\/\/web.consaguirre.com.ar\/noticias\/john-lodge-cantante-y-bajista-de-moody-blues-muere-a-los-82-anos\/","title":{"rendered":"John Lodge, cantante y bajista de Moody Blues, muere a los 82 a\u00f1os"},"content":{"rendered":"<p>John Lodge, el cantante, bajista y compositor de Moody Blues, muri\u00f3 a los 82 a\u00f1os. En un comunicado, la familia de Lodge comparti\u00f3 que su muerte fue &#8220;repentina e inesperada&#8221;, pero que &#8220;se escap\u00f3 pac\u00edficamente rodeado de sus seres queridos y los sonidos de los Everly Brothers y Buddy Holly&#8221;. Continuaron: \u201cSiempre extra\u00f1aremos su amor, sonrisa, amabilidad y su apoyo absoluto e interminable\u201d.<\/p>\n<p>El nativo de Birmingham se involucr\u00f3 en la escena musical local cuando era adolescente a principios de los a\u00f1os 60, donde form\u00f3 una banda con el futuro miembro fundador de Moody Blues, Ray Thomas. Despu\u00e9s de un breve descanso en la m\u00fasica, Lodge se uni\u00f3 a Moody Blues en 1966 tras la salida de su bajista original.<\/p>\n<p>Lodge se convirti\u00f3 en uno de los principales compositores del grupo y fue el autor de su \u00e9xito de 1973 &#8220;I&#8217;m Just a Singer (In a Rock and Roll Band)&#8221;. Gan\u00f3 un premio de composici\u00f3n de la ASCAP por &#8220;I&#8217;m Just a Singer&#8221;, as\u00ed como por &#8220;Isn&#8217;t Life Strange&#8221; del mismo \u00e1lbum. <em>S\u00e9ptima estancia<\/em>.<\/p>\n<div class=\"uD-YT-container\"><img decoding=\"async\" src=\"https:\/\/web.consaguirre.com.ar\/noticias\/wp-content\/uploads\/2025\/10\/1760117918_656_John-Lodge-cantante-y-bajista-de-Moody-Blues-muere-a.jpg\" alt=\"V\u00eddeo de YouTube\"><br \/>Haga clic para cargar v\u00eddeo<\/div>\n<p>Adem\u00e1s de su trabajo con Moody Blues, Lodge fue productor y solista, lanzando su \u00faltimo proyecto, <em>D\u00edas del futuro pasados: mi estancia<\/em> en 2023. Continu\u00f3 tocando con Moody Blues hasta 2019, cuando el grupo dej\u00f3 de viajar. &#8220;Nunca estuvo m\u00e1s feliz que estar en el escenario&#8221;, comparti\u00f3 su familia. &#8220;\u00c9l era simplemente un cantante en una banda de rock&#8217;n&#8217;roll y adoraba actuar con su banda y su yerno, Jon, y poder seguir compartiendo esta m\u00fasica con sus fans&#8221;.<\/p>\n<p>Continuaron: &#8220;Le dio a\u00fan m\u00e1s alegr\u00eda poder trabajar con su hija Emily y su hijo Kristian y pasar tiempo viendo a su nieto John-Henry jugar al f\u00fatbol y so\u00f1ar con \u00e9l jugando para el Birmingham City alg\u00fan d\u00eda&#8221;.<\/p>\n<p>A Lodge le sobreviven su esposa Kirsten, su hija Emily, su yerno Jon, su hijo Kristian y su nieto John-Henry.<\/p>\n<p>\u201cEstamos desconsolados, pero caminaremos hacia la paz rodeados del amor que \u00e9l ten\u00eda por cada uno de nosotros\u201d, compartieron. \u201cComo siempre dec\u00eda John al final del programa, gracias por mantener la fe\u201d.<\/p>\n","protected":false},"excerpt":{"rendered":"<p>John Lodge, el cantante, bajista y compositor de Moody Blues, muri\u00f3 a los 82 a\u00f1os. En un comunicado, la familia de Lodge comparti\u00f3 que su<\/p>\n","protected":false},"author":1,"featured_media":4001,"comment_status":"closed","ping_status":"","sticky":false,"template":"","format":"standard","meta":{"footnotes":""},"categories":[50],"tags":[115,1554,174,623,91,3341,180,2492,564],"class_list":["post-4000","post","type-post","status-publish","format-standard","has-post-thumbnail","hentry","category-el-ultimo","tag-anos","tag-bajista","tag-blues","tag-cantante","tag-john","tag-lodge","tag-los","tag-moody","tag-muere","generate-columns","tablet-grid-50","mobile-grid-100","grid-parent","grid-50"],"yoast_head":"<!-- This site is optimized with the Yoast SEO plugin v23.3 - https:\/\/yoast.com\/wordpress\/plugins\/seo\/ -->\n<title>John Lodge, cantante y bajista de Moody Blues, muere a los 82 a\u00f1os<\/title>\n<meta name=\"robots\" content=\"index, follow, max-snippet:-1, max-image-preview:large, max-video-preview:-1\" \/>\n<link rel=\"canonical\" href=\"https:\/\/web.consaguirre.com.ar\/noticias\/john-lodge-cantante-y-bajista-de-moody-blues-muere-a-los-82-anos\/\" \/>\n<meta property=\"og:locale\" content=\"es_ES\" \/>\n<meta property=\"og:type\" content=\"article\" \/>\n<meta property=\"og:title\" content=\"John Lodge, cantante y bajista de Moody Blues, muere a los 82 a\u00f1os\" \/>\n<meta property=\"og:description\" content=\"John Lodge, el cantante, bajista y compositor de Moody Blues, muri\u00f3 a los 82 a\u00f1os. En un comunicado, la familia de Lodge comparti\u00f3 que su\" \/>\n<meta property=\"og:url\" content=\"https:\/\/web.consaguirre.com.ar\/noticias\/john-lodge-cantante-y-bajista-de-moody-blues-muere-a-los-82-anos\/\" \/>\n<meta property=\"og:site_name\" content=\"Conservatorio de M\u00fasica Juli\u00e1n Aguirre\" \/>\n<meta property=\"article:published_time\" content=\"2025-10-10T17:38:38+00:00\" \/>\n<meta property=\"article:modified_time\" content=\"2025-10-10T17:38:39+00:00\" \/>\n<meta property=\"og:image\" content=\"https:\/\/web.consaguirre.com.ar\/noticias\/wp-content\/uploads\/2025\/10\/John-Lodge-cantante-y-bajista-de-Moody-Blues-muere-a.jpg\" \/>\n\t<meta property=\"og:image:width\" content=\"1440\" \/>\n\t<meta property=\"og:image:height\" content=\"864\" \/>\n\t<meta property=\"og:image:type\" content=\"image\/jpeg\" \/>\n<meta name=\"author\" content=\"Javier Figueroa\" \/>\n<meta name=\"twitter:card\" content=\"summary_large_image\" \/>\n<meta name=\"twitter:label1\" content=\"Escrito por\" \/>\n\t<meta name=\"twitter:data1\" content=\"Javier Figueroa\" \/>\n\t<meta name=\"twitter:label2\" content=\"Tiempo de lectura\" \/>\n\t<meta name=\"twitter:data2\" content=\"2 minutos\" \/>\n<script type=\"application\/ld+json\" class=\"yoast-schema-graph\">{\"@context\":\"https:\/\/schema.org\",\"@graph\":[{\"@type\":\"Article\",\"@id\":\"https:\/\/web.consaguirre.com.ar\/noticias\/john-lodge-cantante-y-bajista-de-moody-blues-muere-a-los-82-anos\/#article\",\"isPartOf\":{\"@id\":\"https:\/\/web.consaguirre.com.ar\/noticias\/john-lodge-cantante-y-bajista-de-moody-blues-muere-a-los-82-anos\/\"},\"author\":{\"name\":\"Javier Figueroa\",\"@id\":\"https:\/\/web.consaguirre.com.ar\/noticias\/#\/schema\/person\/6558b0cfedee7ddc5425602b237d5722\"},\"headline\":\"John Lodge, cantante y bajista de Moody Blues, muere a los 82 a\u00f1os\",\"datePublished\":\"2025-10-10T17:38:38+00:00\",\"dateModified\":\"2025-10-10T17:38:39+00:00\",\"mainEntityOfPage\":{\"@id\":\"https:\/\/web.consaguirre.com.ar\/noticias\/john-lodge-cantante-y-bajista-de-moody-blues-muere-a-los-82-anos\/\"},\"wordCount\":381,\"publisher\":{\"@id\":\"https:\/\/web.consaguirre.com.ar\/noticias\/#organization\"},\"image\":{\"@id\":\"https:\/\/web.consaguirre.com.ar\/noticias\/john-lodge-cantante-y-bajista-de-moody-blues-muere-a-los-82-anos\/#primaryimage\"},\"thumbnailUrl\":\"https:\/\/web.consaguirre.com.ar\/noticias\/wp-content\/uploads\/2025\/10\/John-Lodge-cantante-y-bajista-de-Moody-Blues-muere-a.jpg\",\"keywords\":[\"a\u00f1os\",\"bajista\",\"Blues\",\"cantante\",\"John\",\"Lodge\",\"los\",\"Moody\",\"muere\"],\"articleSection\":[\"El \u00faltimo\"],\"inLanguage\":\"es-AR\"},{\"@type\":\"WebPage\",\"@id\":\"https:\/\/web.consaguirre.com.ar\/noticias\/john-lodge-cantante-y-bajista-de-moody-blues-muere-a-los-82-anos\/\",\"url\":\"https:\/\/web.consaguirre.com.ar\/noticias\/john-lodge-cantante-y-bajista-de-moody-blues-muere-a-los-82-anos\/\",\"name\":\"John Lodge, cantante y bajista de Moody Blues, muere a los 82 a\u00f1os\",\"isPartOf\":{\"@id\":\"https:\/\/web.consaguirre.com.ar\/noticias\/#website\"},\"primaryImageOfPage\":{\"@id\":\"https:\/\/web.consaguirre.com.ar\/noticias\/john-lodge-cantante-y-bajista-de-moody-blues-muere-a-los-82-anos\/#primaryimage\"},\"image\":{\"@id\":\"https:\/\/web.consaguirre.com.ar\/noticias\/john-lodge-cantante-y-bajista-de-moody-blues-muere-a-los-82-anos\/#primaryimage\"},\"thumbnailUrl\":\"https:\/\/web.consaguirre.com.ar\/noticias\/wp-content\/uploads\/2025\/10\/John-Lodge-cantante-y-bajista-de-Moody-Blues-muere-a.jpg\",\"datePublished\":\"2025-10-10T17:38:38+00:00\",\"dateModified\":\"2025-10-10T17:38:39+00:00\",\"breadcrumb\":{\"@id\":\"https:\/\/web.consaguirre.com.ar\/noticias\/john-lodge-cantante-y-bajista-de-moody-blues-muere-a-los-82-anos\/#breadcrumb\"},\"inLanguage\":\"es-AR\",\"potentialAction\":[{\"@type\":\"ReadAction\",\"target\":[\"https:\/\/web.consaguirre.com.ar\/noticias\/john-lodge-cantante-y-bajista-de-moody-blues-muere-a-los-82-anos\/\"]}]},{\"@type\":\"ImageObject\",\"inLanguage\":\"es-AR\",\"@id\":\"https:\/\/web.consaguirre.com.ar\/noticias\/john-lodge-cantante-y-bajista-de-moody-blues-muere-a-los-82-anos\/#primaryimage\",\"url\":\"https:\/\/web.consaguirre.com.ar\/noticias\/wp-content\/uploads\/2025\/10\/John-Lodge-cantante-y-bajista-de-Moody-Blues-muere-a.jpg\",\"contentUrl\":\"https:\/\/web.consaguirre.com.ar\/noticias\/wp-content\/uploads\/2025\/10\/John-Lodge-cantante-y-bajista-de-Moody-Blues-muere-a.jpg\",\"width\":1440,\"height\":864,\"caption\":\"John Lodge, cantante y bajista de Moody Blues, muere a los 82 a\u00f1os\"},{\"@type\":\"BreadcrumbList\",\"@id\":\"https:\/\/web.consaguirre.com.ar\/noticias\/john-lodge-cantante-y-bajista-de-moody-blues-muere-a-los-82-anos\/#breadcrumb\",\"itemListElement\":[{\"@type\":\"ListItem\",\"position\":1,\"name\":\"Inicio\",\"item\":\"https:\/\/web.consaguirre.com.ar\/noticias\/\"},{\"@type\":\"ListItem\",\"position\":2,\"name\":\"John Lodge, cantante y bajista de Moody Blues, muere a los 82 a\u00f1os\"}]},{\"@type\":\"WebSite\",\"@id\":\"https:\/\/web.consaguirre.com.ar\/noticias\/#website\",\"url\":\"https:\/\/web.consaguirre.com.ar\/noticias\/\",\"name\":\"Conservatorio de M\u00fasica Juli\u00e1n Aguirre\",\"description\":\"\",\"publisher\":{\"@id\":\"https:\/\/web.consaguirre.com.ar\/noticias\/#organization\"},\"potentialAction\":[{\"@type\":\"SearchAction\",\"target\":{\"@type\":\"EntryPoint\",\"urlTemplate\":\"https:\/\/web.consaguirre.com.ar\/noticias\/?s={search_term_string}\"},\"query-input\":\"required name=search_term_string\"}],\"inLanguage\":\"es-AR\"},{\"@type\":\"Organization\",\"@id\":\"https:\/\/web.consaguirre.com.ar\/noticias\/#organization\",\"name\":\"Conservatorio de M\u00fasica Juli\u00e1n Aguirre\",\"url\":\"https:\/\/web.consaguirre.com.ar\/noticias\/\",\"logo\":{\"@type\":\"ImageObject\",\"inLanguage\":\"es-AR\",\"@id\":\"https:\/\/web.consaguirre.com.ar\/noticias\/#\/schema\/logo\/image\/\",\"url\":\"https:\/\/web.consaguirre.com.ar\/noticias\/wp-content\/uploads\/2024\/08\/Banner-Aguirre-23.jpg\",\"contentUrl\":\"https:\/\/web.consaguirre.com.ar\/noticias\/wp-content\/uploads\/2024\/08\/Banner-Aguirre-23.jpg\",\"width\":1192,\"height\":600,\"caption\":\"Conservatorio de M\u00fasica Juli\u00e1n Aguirre\"},\"image\":{\"@id\":\"https:\/\/web.consaguirre.com.ar\/noticias\/#\/schema\/logo\/image\/\"}},{\"@type\":\"Person\",\"@id\":\"https:\/\/web.consaguirre.com.ar\/noticias\/#\/schema\/person\/6558b0cfedee7ddc5425602b237d5722\",\"name\":\"Javier Figueroa\",\"image\":{\"@type\":\"ImageObject\",\"inLanguage\":\"es-AR\",\"@id\":\"https:\/\/web.consaguirre.com.ar\/noticias\/#\/schema\/person\/image\/\",\"url\":\"https:\/\/web.consaguirre.com.ar\/noticias\/wp-content\/uploads\/2024\/08\/Consaguirre-scaled.jpg\",\"contentUrl\":\"https:\/\/web.consaguirre.com.ar\/noticias\/wp-content\/uploads\/2024\/08\/Consaguirre-scaled.jpg\",\"caption\":\"Javier Figueroa\"},\"description\":\"Me llamo Javier Figueroa y soy redactor para el sitio oficial del Conservatorio de M\u00fasica Juli\u00e1n Aguirre en Buenos Aires, consaguirre.com. Apasionado por la m\u00fasica y la escritura, me esfuerzo por destacar los talentos y eventos de nuestra prestigiosa instituci\u00f3n. Mi trayectoria se nutre de una profunda admiraci\u00f3n por los artistas, haciendo de cada art\u00edculo una celebraci\u00f3n de la creatividad y la cultura musical.\",\"sameAs\":[\"https:\/\/web.consaguirre.com.ar\/noticias\"]}]}<\/script>\n<!-- \/ Yoast SEO plugin. -->","yoast_head_json":{"title":"John Lodge, cantante y bajista de Moody Blues, muere a los 82 a\u00f1os","robots":{"index":"index","follow":"follow","max-snippet":"max-snippet:-1","max-image-preview":"max-image-preview:large","max-video-preview":"max-video-preview:-1"},"canonical":"https:\/\/web.consaguirre.com.ar\/noticias\/john-lodge-cantante-y-bajista-de-moody-blues-muere-a-los-82-anos\/","og_locale":"es_ES","og_type":"article","og_title":"John Lodge, cantante y bajista de Moody Blues, muere a los 82 a\u00f1os","og_description":"John Lodge, el cantante, bajista y compositor de Moody Blues, muri\u00f3 a los 82 a\u00f1os. En un comunicado, la familia de Lodge comparti\u00f3 que su","og_url":"https:\/\/web.consaguirre.com.ar\/noticias\/john-lodge-cantante-y-bajista-de-moody-blues-muere-a-los-82-anos\/","og_site_name":"Conservatorio de M\u00fasica Juli\u00e1n Aguirre","article_published_time":"2025-10-10T17:38:38+00:00","article_modified_time":"2025-10-10T17:38:39+00:00","og_image":[{"width":1440,"height":864,"url":"https:\/\/web.consaguirre.com.ar\/noticias\/wp-content\/uploads\/2025\/10\/John-Lodge-cantante-y-bajista-de-Moody-Blues-muere-a.jpg","type":"image\/jpeg"}],"author":"Javier Figueroa","twitter_card":"summary_large_image","twitter_misc":{"Escrito por":"Javier Figueroa","Tiempo de lectura":"2 minutos"},"schema":{"@context":"https:\/\/schema.org","@graph":[{"@type":"Article","@id":"https:\/\/web.consaguirre.com.ar\/noticias\/john-lodge-cantante-y-bajista-de-moody-blues-muere-a-los-82-anos\/#article","isPartOf":{"@id":"https:\/\/web.consaguirre.com.ar\/noticias\/john-lodge-cantante-y-bajista-de-moody-blues-muere-a-los-82-anos\/"},"author":{"name":"Javier Figueroa","@id":"https:\/\/web.consaguirre.com.ar\/noticias\/#\/schema\/person\/6558b0cfedee7ddc5425602b237d5722"},"headline":"John Lodge, cantante y bajista de Moody Blues, muere a los 82 a\u00f1os","datePublished":"2025-10-10T17:38:38+00:00","dateModified":"2025-10-10T17:38:39+00:00","mainEntityOfPage":{"@id":"https:\/\/web.consaguirre.com.ar\/noticias\/john-lodge-cantante-y-bajista-de-moody-blues-muere-a-los-82-anos\/"},"wordCount":381,"publisher":{"@id":"https:\/\/web.consaguirre.com.ar\/noticias\/#organization"},"image":{"@id":"https:\/\/web.consaguirre.com.ar\/noticias\/john-lodge-cantante-y-bajista-de-moody-blues-muere-a-los-82-anos\/#primaryimage"},"thumbnailUrl":"https:\/\/web.consaguirre.com.ar\/noticias\/wp-content\/uploads\/2025\/10\/John-Lodge-cantante-y-bajista-de-Moody-Blues-muere-a.jpg","keywords":["a\u00f1os","bajista","Blues","cantante","John","Lodge","los","Moody","muere"],"articleSection":["El \u00faltimo"],"inLanguage":"es-AR"},{"@type":"WebPage","@id":"https:\/\/web.consaguirre.com.ar\/noticias\/john-lodge-cantante-y-bajista-de-moody-blues-muere-a-los-82-anos\/","url":"https:\/\/web.consaguirre.com.ar\/noticias\/john-lodge-cantante-y-bajista-de-moody-blues-muere-a-los-82-anos\/","name":"John Lodge, cantante y bajista de Moody Blues, muere a los 82 a\u00f1os","isPartOf":{"@id":"https:\/\/web.consaguirre.com.ar\/noticias\/#website"},"primaryImageOfPage":{"@id":"https:\/\/web.consaguirre.com.ar\/noticias\/john-lodge-cantante-y-bajista-de-moody-blues-muere-a-los-82-anos\/#primaryimage"},"image":{"@id":"https:\/\/web.consaguirre.com.ar\/noticias\/john-lodge-cantante-y-bajista-de-moody-blues-muere-a-los-82-anos\/#primaryimage"},"thumbnailUrl":"https:\/\/web.consaguirre.com.ar\/noticias\/wp-content\/uploads\/2025\/10\/John-Lodge-cantante-y-bajista-de-Moody-Blues-muere-a.jpg","datePublished":"2025-10-10T17:38:38+00:00","dateModified":"2025-10-10T17:38:39+00:00","breadcrumb":{"@id":"https:\/\/web.consaguirre.com.ar\/noticias\/john-lodge-cantante-y-bajista-de-moody-blues-muere-a-los-82-anos\/#breadcrumb"},"inLanguage":"es-AR","potentialAction":[{"@type":"ReadAction","target":["https:\/\/web.consaguirre.com.ar\/noticias\/john-lodge-cantante-y-bajista-de-moody-blues-muere-a-los-82-anos\/"]}]},{"@type":"ImageObject","inLanguage":"es-AR","@id":"https:\/\/web.consaguirre.com.ar\/noticias\/john-lodge-cantante-y-bajista-de-moody-blues-muere-a-los-82-anos\/#primaryimage","url":"https:\/\/web.consaguirre.com.ar\/noticias\/wp-content\/uploads\/2025\/10\/John-Lodge-cantante-y-bajista-de-Moody-Blues-muere-a.jpg","contentUrl":"https:\/\/web.consaguirre.com.ar\/noticias\/wp-content\/uploads\/2025\/10\/John-Lodge-cantante-y-bajista-de-Moody-Blues-muere-a.jpg","width":1440,"height":864,"caption":"John Lodge, cantante y bajista de Moody Blues, muere a los 82 a\u00f1os"},{"@type":"BreadcrumbList","@id":"https:\/\/web.consaguirre.com.ar\/noticias\/john-lodge-cantante-y-bajista-de-moody-blues-muere-a-los-82-anos\/#breadcrumb","itemListElement":[{"@type":"ListItem","position":1,"name":"Inicio","item":"https:\/\/web.consaguirre.com.ar\/noticias\/"},{"@type":"ListItem","position":2,"name":"John Lodge, cantante y bajista de Moody Blues, muere a los 82 a\u00f1os"}]},{"@type":"WebSite","@id":"https:\/\/web.consaguirre.com.ar\/noticias\/#website","url":"https:\/\/web.consaguirre.com.ar\/noticias\/","name":"Conservatorio de M\u00fasica Juli\u00e1n Aguirre","description":"","publisher":{"@id":"https:\/\/web.consaguirre.com.ar\/noticias\/#organization"},"potentialAction":[{"@type":"SearchAction","target":{"@type":"EntryPoint","urlTemplate":"https:\/\/web.consaguirre.com.ar\/noticias\/?s={search_term_string}"},"query-input":"required name=search_term_string"}],"inLanguage":"es-AR"},{"@type":"Organization","@id":"https:\/\/web.consaguirre.com.ar\/noticias\/#organization","name":"Conservatorio de M\u00fasica Juli\u00e1n Aguirre","url":"https:\/\/web.consaguirre.com.ar\/noticias\/","logo":{"@type":"ImageObject","inLanguage":"es-AR","@id":"https:\/\/web.consaguirre.com.ar\/noticias\/#\/schema\/logo\/image\/","url":"https:\/\/web.consaguirre.com.ar\/noticias\/wp-content\/uploads\/2024\/08\/Banner-Aguirre-23.jpg","contentUrl":"https:\/\/web.consaguirre.com.ar\/noticias\/wp-content\/uploads\/2024\/08\/Banner-Aguirre-23.jpg","width":1192,"height":600,"caption":"Conservatorio de M\u00fasica Juli\u00e1n Aguirre"},"image":{"@id":"https:\/\/web.consaguirre.com.ar\/noticias\/#\/schema\/logo\/image\/"}},{"@type":"Person","@id":"https:\/\/web.consaguirre.com.ar\/noticias\/#\/schema\/person\/6558b0cfedee7ddc5425602b237d5722","name":"Javier Figueroa","image":{"@type":"ImageObject","inLanguage":"es-AR","@id":"https:\/\/web.consaguirre.com.ar\/noticias\/#\/schema\/person\/image\/","url":"https:\/\/web.consaguirre.com.ar\/noticias\/wp-content\/uploads\/2024\/08\/Consaguirre-scaled.jpg","contentUrl":"https:\/\/web.consaguirre.com.ar\/noticias\/wp-content\/uploads\/2024\/08\/Consaguirre-scaled.jpg","caption":"Javier Figueroa"},"description":"Me llamo Javier Figueroa y soy redactor para el sitio oficial del Conservatorio de M\u00fasica Juli\u00e1n Aguirre en Buenos Aires, consaguirre.com. Apasionado por la m\u00fasica y la escritura, me esfuerzo por destacar los talentos y eventos de nuestra prestigiosa instituci\u00f3n. Mi trayectoria se nutre de una profunda admiraci\u00f3n por los artistas, haciendo de cada art\u00edculo una celebraci\u00f3n de la creatividad y la cultura musical.","sameAs":["https:\/\/web.consaguirre.com.ar\/noticias"]}]}},"_links":{"self":[{"href":"https:\/\/web.consaguirre.com.ar\/noticias\/wp-json\/wp\/v2\/posts\/4000"}],"collection":[{"href":"https:\/\/web.consaguirre.com.ar\/noticias\/wp-json\/wp\/v2\/posts"}],"about":[{"href":"https:\/\/web.consaguirre.com.ar\/noticias\/wp-json\/wp\/v2\/types\/post"}],"author":[{"embeddable":true,"href":"https:\/\/web.consaguirre.com.ar\/noticias\/wp-json\/wp\/v2\/users\/1"}],"replies":[{"embeddable":true,"href":"https:\/\/web.consaguirre.com.ar\/noticias\/wp-json\/wp\/v2\/comments?post=4000"}],"version-history":[{"count":1,"href":"https:\/\/web.consaguirre.com.ar\/noticias\/wp-json\/wp\/v2\/posts\/4000\/revisions"}],"predecessor-version":[{"id":4002,"href":"https:\/\/web.consaguirre.com.ar\/noticias\/wp-json\/wp\/v2\/posts\/4000\/revisions\/4002"}],"wp:featuredmedia":[{"embeddable":true,"href":"https:\/\/web.consaguirre.com.ar\/noticias\/wp-json\/wp\/v2\/media\/4001"}],"wp:attachment":[{"href":"https:\/\/web.consaguirre.com.ar\/noticias\/wp-json\/wp\/v2\/media?parent=4000"}],"wp:term":[{"taxonomy":"category","embeddable":true,"href":"https:\/\/web.consaguirre.com.ar\/noticias\/wp-json\/wp\/v2\/categories?post=4000"},{"taxonomy":"post_tag","embeddable":true,"href":"https:\/\/web.consaguirre.com.ar\/noticias\/wp-json\/wp\/v2\/tags?post=4000"}],"curies":[{"name":"wp","href":"https:\/\/api.w.org\/{rel}","templated":true}]}}