{"id":3988,"date":"2025-10-09T11:38:11","date_gmt":"2025-10-09T14:38:11","guid":{"rendered":"https:\/\/web.consaguirre.com.ar\/noticias\/los-primeros-cuatro-albumes-de-estudio-de-danzig-recibiran-una-reedicion-en-vinilo\/"},"modified":"2025-10-09T11:38:13","modified_gmt":"2025-10-09T14:38:13","slug":"los-primeros-cuatro-albumes-de-estudio-de-danzig-recibiran-una-reedicion-en-vinilo","status":"publish","type":"post","link":"https:\/\/web.consaguirre.com.ar\/noticias\/los-primeros-cuatro-albumes-de-estudio-de-danzig-recibiran-una-reedicion-en-vinilo\/","title":{"rendered":"Los primeros cuatro \u00e1lbumes de estudio de Danzig recibir\u00e1n una reedici\u00f3n en vinilo"},"content":{"rendered":"<p>Los primeros cuatro \u00e1lbumes de la ic\u00f3nica banda de heavy metal Danzig ser\u00e1n reeditados en vinilo por primera vez desde sus lanzamientos originales. Estos LP, <em>D\u00e1nzig<\/em> (1988), <em>Danzig II: Lucifuge<\/em> (1990), <em>Danzig III: C\u00f3mo matan los dioses<\/em> (1992), y <em>D\u00e1nzig 4<\/em> (1994), incluir\u00e1 sobrecubiertas plegables, mangas impresas y estar\u00e1 disponible en vinilo negro de peso est\u00e1ndar.<\/p>\n<p>Estos cuatro \u00e1lbumes siguen siendo destacados dentro de la c\u00e9lebre discograf\u00eda de Glenn Danzig. Danzig lleg\u00f3 despu\u00e9s de que los dos primeros proyectos del compositor, Misfits y Samhain, hubieran seguido sus respectivos cursos.<\/p>\n<p>Ordene ahora los primeros cuatro \u00e1lbumes de estudio de Danzig.<\/p>\n<p><em>D\u00e1nzig<\/em>lanzado en 1988, marc\u00f3 el primer lanzamiento de Def American Recordings de Rick Rubin, ahora llamado American Recordings. El d\u00fao solidific\u00f3 su relaci\u00f3n un a\u00f1o antes, cuando Glenn contribuy\u00f3 a la banda sonora de la pel\u00edcula producida por Rick Rubin en 1987. <em>Menos que cero<\/em>. Fue Rubin quien aconsej\u00f3 al fundador de Misfits que nombrara a la banda Danzig.<\/p>\n<p>En una entrevista de 2008 con <em>Sangre de centavo<\/em>Danzig explic\u00f3: &#8220;\u00c9l (Rubin) dijo que ahora significa un poco m\u00e1s que en aquel entonces, as\u00ed que tal vez quieran considerarlo porque si voy a contratarlos, no quiero que sigan cambiando su nombre. As\u00ed que hablamos m\u00e1s sobre cambiar la formaci\u00f3n en cada disco y pudimos tocar con muchos m\u00fasicos diferentes&#8221;. Finalmente, Danzig vio la luz y su banda naci\u00f3 oficialmente. \u201cFinalmente se opt\u00f3 por llamarlo Danzig\u201d.<\/p>\n<div class=\"uD-YT-container\"><img decoding=\"async\" src=\"https:\/\/web.consaguirre.com.ar\/noticias\/wp-content\/uploads\/2025\/10\/1760020691_701_Los-primeros-cuatro-albumes-de-estudio-de-Danzig-recibiran-una.jpg\" alt=\"V\u00eddeo de YouTube\"><br \/>Haga clic para cargar v\u00eddeo<\/div>\n<p>El debut hom\u00f3nimo en Danzig lanz\u00f3 inmediatamente a la banda a nuevos territorios, gracias en gran parte al \u00e9xito de sencillos como \u201cMother\u201d y \u201cTwist of Cain\u201d.<\/p>\n<p>Aunque la canci\u00f3n anterior se convertir\u00eda en un momento c\u00e9lebre en la discograf\u00eda de Danzig, nunca intentaron escribir la misma canci\u00f3n dos veces. Los cuatro \u00e1lbumes que ser\u00e1n reeditados hablan del insaciable deseo de Glenn Danzig de seguir experimentando.<\/p>\n<p>&#8220;Obviamente podr\u00eda haber escrito &#8216;Mother&#8217; 20 veces y ganar toneladas de dinero y tocar en estadios gigantes y lo que sea, pero eso no es realmente lo que quiero hacer&#8221;, dijo Danzig. &#8220;Es hora de seguir adelante y explorar otras \u00e1reas y espero que otras bandas que surjan mantengan la misma mentalidad e intenten expandir lo que es este g\u00e9nero&#8221;.<\/p>\n<p>Ordene ahora los primeros cuatro \u00e1lbumes de estudio de Danzig.<\/p>\n","protected":false},"excerpt":{"rendered":"<p>Los primeros cuatro \u00e1lbumes de la ic\u00f3nica banda de heavy metal Danzig ser\u00e1n reeditados en vinilo por primera vez desde sus lanzamientos originales. Estos LP,<\/p>\n","protected":false},"author":1,"featured_media":3989,"comment_status":"closed","ping_status":"","sticky":false,"template":"","format":"standard","meta":{"footnotes":""},"categories":[50],"tags":[205,1340,3338,313,180,742,1521,117,191,87],"class_list":["post-3988","post","type-post","status-publish","format-standard","has-post-thumbnail","hentry","category-el-ultimo","tag-albumes","tag-cuatro","tag-danzig","tag-estudio","tag-los","tag-primeros","tag-recibiran","tag-reedicion","tag-una","tag-vinilo","generate-columns","tablet-grid-50","mobile-grid-100","grid-parent","grid-50"],"yoast_head":"<!-- This site is optimized with the Yoast SEO plugin v23.3 - https:\/\/yoast.com\/wordpress\/plugins\/seo\/ -->\n<title>Los primeros cuatro \u00e1lbumes de estudio de Danzig recibir\u00e1n una reedici\u00f3n en vinilo<\/title>\n<meta name=\"robots\" content=\"index, follow, max-snippet:-1, max-image-preview:large, max-video-preview:-1\" \/>\n<link rel=\"canonical\" href=\"https:\/\/web.consaguirre.com.ar\/noticias\/los-primeros-cuatro-albumes-de-estudio-de-danzig-recibiran-una-reedicion-en-vinilo\/\" \/>\n<meta property=\"og:locale\" content=\"es_ES\" \/>\n<meta property=\"og:type\" content=\"article\" \/>\n<meta property=\"og:title\" content=\"Los primeros cuatro \u00e1lbumes de estudio de Danzig recibir\u00e1n una reedici\u00f3n en vinilo\" \/>\n<meta property=\"og:description\" content=\"Los primeros cuatro \u00e1lbumes de la ic\u00f3nica banda de heavy metal Danzig ser\u00e1n reeditados en vinilo por primera vez desde sus lanzamientos originales. Estos LP,\" \/>\n<meta property=\"og:url\" content=\"https:\/\/web.consaguirre.com.ar\/noticias\/los-primeros-cuatro-albumes-de-estudio-de-danzig-recibiran-una-reedicion-en-vinilo\/\" \/>\n<meta property=\"og:site_name\" content=\"Conservatorio de M\u00fasica Juli\u00e1n Aguirre\" \/>\n<meta property=\"article:published_time\" content=\"2025-10-09T14:38:11+00:00\" \/>\n<meta property=\"article:modified_time\" content=\"2025-10-09T14:38:13+00:00\" \/>\n<meta property=\"og:image\" content=\"https:\/\/web.consaguirre.com.ar\/noticias\/wp-content\/uploads\/2025\/10\/Los-primeros-cuatro-albumes-de-estudio-de-Danzig-recibiran-una.jpg\" \/>\n\t<meta property=\"og:image:width\" content=\"1280\" \/>\n\t<meta property=\"og:image:height\" content=\"1280\" \/>\n\t<meta property=\"og:image:type\" content=\"image\/jpeg\" \/>\n<meta name=\"author\" content=\"Javier Figueroa\" \/>\n<meta name=\"twitter:card\" content=\"summary_large_image\" \/>\n<meta name=\"twitter:label1\" content=\"Escrito por\" \/>\n\t<meta name=\"twitter:data1\" content=\"Javier Figueroa\" \/>\n\t<meta name=\"twitter:label2\" content=\"Tiempo de lectura\" \/>\n\t<meta name=\"twitter:data2\" content=\"2 minutos\" \/>\n<script type=\"application\/ld+json\" class=\"yoast-schema-graph\">{\"@context\":\"https:\/\/schema.org\",\"@graph\":[{\"@type\":\"Article\",\"@id\":\"https:\/\/web.consaguirre.com.ar\/noticias\/los-primeros-cuatro-albumes-de-estudio-de-danzig-recibiran-una-reedicion-en-vinilo\/#article\",\"isPartOf\":{\"@id\":\"https:\/\/web.consaguirre.com.ar\/noticias\/los-primeros-cuatro-albumes-de-estudio-de-danzig-recibiran-una-reedicion-en-vinilo\/\"},\"author\":{\"name\":\"Javier Figueroa\",\"@id\":\"https:\/\/web.consaguirre.com.ar\/noticias\/#\/schema\/person\/6558b0cfedee7ddc5425602b237d5722\"},\"headline\":\"Los primeros cuatro \u00e1lbumes de estudio de Danzig recibir\u00e1n una reedici\u00f3n en vinilo\",\"datePublished\":\"2025-10-09T14:38:11+00:00\",\"dateModified\":\"2025-10-09T14:38:13+00:00\",\"mainEntityOfPage\":{\"@id\":\"https:\/\/web.consaguirre.com.ar\/noticias\/los-primeros-cuatro-albumes-de-estudio-de-danzig-recibiran-una-reedicion-en-vinilo\/\"},\"wordCount\":408,\"publisher\":{\"@id\":\"https:\/\/web.consaguirre.com.ar\/noticias\/#organization\"},\"image\":{\"@id\":\"https:\/\/web.consaguirre.com.ar\/noticias\/los-primeros-cuatro-albumes-de-estudio-de-danzig-recibiran-una-reedicion-en-vinilo\/#primaryimage\"},\"thumbnailUrl\":\"https:\/\/web.consaguirre.com.ar\/noticias\/wp-content\/uploads\/2025\/10\/Los-primeros-cuatro-albumes-de-estudio-de-Danzig-recibiran-una.jpg\",\"keywords\":[\"\u00e1lbumes\",\"cuatro\",\"Danzig\",\"estudio\",\"los\",\"primeros\",\"recibir\u00e1n\",\"reedici\u00f3n\",\"una\",\"vinilo\"],\"articleSection\":[\"El \u00faltimo\"],\"inLanguage\":\"es-AR\"},{\"@type\":\"WebPage\",\"@id\":\"https:\/\/web.consaguirre.com.ar\/noticias\/los-primeros-cuatro-albumes-de-estudio-de-danzig-recibiran-una-reedicion-en-vinilo\/\",\"url\":\"https:\/\/web.consaguirre.com.ar\/noticias\/los-primeros-cuatro-albumes-de-estudio-de-danzig-recibiran-una-reedicion-en-vinilo\/\",\"name\":\"Los primeros cuatro \u00e1lbumes de estudio de Danzig recibir\u00e1n una reedici\u00f3n en vinilo\",\"isPartOf\":{\"@id\":\"https:\/\/web.consaguirre.com.ar\/noticias\/#website\"},\"primaryImageOfPage\":{\"@id\":\"https:\/\/web.consaguirre.com.ar\/noticias\/los-primeros-cuatro-albumes-de-estudio-de-danzig-recibiran-una-reedicion-en-vinilo\/#primaryimage\"},\"image\":{\"@id\":\"https:\/\/web.consaguirre.com.ar\/noticias\/los-primeros-cuatro-albumes-de-estudio-de-danzig-recibiran-una-reedicion-en-vinilo\/#primaryimage\"},\"thumbnailUrl\":\"https:\/\/web.consaguirre.com.ar\/noticias\/wp-content\/uploads\/2025\/10\/Los-primeros-cuatro-albumes-de-estudio-de-Danzig-recibiran-una.jpg\",\"datePublished\":\"2025-10-09T14:38:11+00:00\",\"dateModified\":\"2025-10-09T14:38:13+00:00\",\"breadcrumb\":{\"@id\":\"https:\/\/web.consaguirre.com.ar\/noticias\/los-primeros-cuatro-albumes-de-estudio-de-danzig-recibiran-una-reedicion-en-vinilo\/#breadcrumb\"},\"inLanguage\":\"es-AR\",\"potentialAction\":[{\"@type\":\"ReadAction\",\"target\":[\"https:\/\/web.consaguirre.com.ar\/noticias\/los-primeros-cuatro-albumes-de-estudio-de-danzig-recibiran-una-reedicion-en-vinilo\/\"]}]},{\"@type\":\"ImageObject\",\"inLanguage\":\"es-AR\",\"@id\":\"https:\/\/web.consaguirre.com.ar\/noticias\/los-primeros-cuatro-albumes-de-estudio-de-danzig-recibiran-una-reedicion-en-vinilo\/#primaryimage\",\"url\":\"https:\/\/web.consaguirre.com.ar\/noticias\/wp-content\/uploads\/2025\/10\/Los-primeros-cuatro-albumes-de-estudio-de-Danzig-recibiran-una.jpg\",\"contentUrl\":\"https:\/\/web.consaguirre.com.ar\/noticias\/wp-content\/uploads\/2025\/10\/Los-primeros-cuatro-albumes-de-estudio-de-Danzig-recibiran-una.jpg\",\"width\":1280,\"height\":1280,\"caption\":\"Los primeros cuatro \u00e1lbumes de estudio de Danzig recibir\u00e1n una reedici\u00f3n en vinilo\"},{\"@type\":\"BreadcrumbList\",\"@id\":\"https:\/\/web.consaguirre.com.ar\/noticias\/los-primeros-cuatro-albumes-de-estudio-de-danzig-recibiran-una-reedicion-en-vinilo\/#breadcrumb\",\"itemListElement\":[{\"@type\":\"ListItem\",\"position\":1,\"name\":\"Inicio\",\"item\":\"https:\/\/web.consaguirre.com.ar\/noticias\/\"},{\"@type\":\"ListItem\",\"position\":2,\"name\":\"Los primeros cuatro \u00e1lbumes de estudio de Danzig recibir\u00e1n una reedici\u00f3n en vinilo\"}]},{\"@type\":\"WebSite\",\"@id\":\"https:\/\/web.consaguirre.com.ar\/noticias\/#website\",\"url\":\"https:\/\/web.consaguirre.com.ar\/noticias\/\",\"name\":\"Conservatorio de M\u00fasica Juli\u00e1n Aguirre\",\"description\":\"\",\"publisher\":{\"@id\":\"https:\/\/web.consaguirre.com.ar\/noticias\/#organization\"},\"potentialAction\":[{\"@type\":\"SearchAction\",\"target\":{\"@type\":\"EntryPoint\",\"urlTemplate\":\"https:\/\/web.consaguirre.com.ar\/noticias\/?s={search_term_string}\"},\"query-input\":\"required name=search_term_string\"}],\"inLanguage\":\"es-AR\"},{\"@type\":\"Organization\",\"@id\":\"https:\/\/web.consaguirre.com.ar\/noticias\/#organization\",\"name\":\"Conservatorio de M\u00fasica Juli\u00e1n Aguirre\",\"url\":\"https:\/\/web.consaguirre.com.ar\/noticias\/\",\"logo\":{\"@type\":\"ImageObject\",\"inLanguage\":\"es-AR\",\"@id\":\"https:\/\/web.consaguirre.com.ar\/noticias\/#\/schema\/logo\/image\/\",\"url\":\"https:\/\/web.consaguirre.com.ar\/noticias\/wp-content\/uploads\/2024\/08\/Banner-Aguirre-23.jpg\",\"contentUrl\":\"https:\/\/web.consaguirre.com.ar\/noticias\/wp-content\/uploads\/2024\/08\/Banner-Aguirre-23.jpg\",\"width\":1192,\"height\":600,\"caption\":\"Conservatorio de M\u00fasica Juli\u00e1n Aguirre\"},\"image\":{\"@id\":\"https:\/\/web.consaguirre.com.ar\/noticias\/#\/schema\/logo\/image\/\"}},{\"@type\":\"Person\",\"@id\":\"https:\/\/web.consaguirre.com.ar\/noticias\/#\/schema\/person\/6558b0cfedee7ddc5425602b237d5722\",\"name\":\"Javier Figueroa\",\"image\":{\"@type\":\"ImageObject\",\"inLanguage\":\"es-AR\",\"@id\":\"https:\/\/web.consaguirre.com.ar\/noticias\/#\/schema\/person\/image\/\",\"url\":\"https:\/\/web.consaguirre.com.ar\/noticias\/wp-content\/uploads\/2024\/08\/Consaguirre-scaled.jpg\",\"contentUrl\":\"https:\/\/web.consaguirre.com.ar\/noticias\/wp-content\/uploads\/2024\/08\/Consaguirre-scaled.jpg\",\"caption\":\"Javier Figueroa\"},\"description\":\"Me llamo Javier Figueroa y soy redactor para el sitio oficial del Conservatorio de M\u00fasica Juli\u00e1n Aguirre en Buenos Aires, consaguirre.com. Apasionado por la m\u00fasica y la escritura, me esfuerzo por destacar los talentos y eventos de nuestra prestigiosa instituci\u00f3n. Mi trayectoria se nutre de una profunda admiraci\u00f3n por los artistas, haciendo de cada art\u00edculo una celebraci\u00f3n de la creatividad y la cultura musical.\",\"sameAs\":[\"https:\/\/web.consaguirre.com.ar\/noticias\"]}]}<\/script>\n<!-- \/ Yoast SEO plugin. -->","yoast_head_json":{"title":"Los primeros cuatro \u00e1lbumes de estudio de Danzig recibir\u00e1n una reedici\u00f3n en vinilo","robots":{"index":"index","follow":"follow","max-snippet":"max-snippet:-1","max-image-preview":"max-image-preview:large","max-video-preview":"max-video-preview:-1"},"canonical":"https:\/\/web.consaguirre.com.ar\/noticias\/los-primeros-cuatro-albumes-de-estudio-de-danzig-recibiran-una-reedicion-en-vinilo\/","og_locale":"es_ES","og_type":"article","og_title":"Los primeros cuatro \u00e1lbumes de estudio de Danzig recibir\u00e1n una reedici\u00f3n en vinilo","og_description":"Los primeros cuatro \u00e1lbumes de la ic\u00f3nica banda de heavy metal Danzig ser\u00e1n reeditados en vinilo por primera vez desde sus lanzamientos originales. Estos LP,","og_url":"https:\/\/web.consaguirre.com.ar\/noticias\/los-primeros-cuatro-albumes-de-estudio-de-danzig-recibiran-una-reedicion-en-vinilo\/","og_site_name":"Conservatorio de M\u00fasica Juli\u00e1n Aguirre","article_published_time":"2025-10-09T14:38:11+00:00","article_modified_time":"2025-10-09T14:38:13+00:00","og_image":[{"width":1280,"height":1280,"url":"https:\/\/web.consaguirre.com.ar\/noticias\/wp-content\/uploads\/2025\/10\/Los-primeros-cuatro-albumes-de-estudio-de-Danzig-recibiran-una.jpg","type":"image\/jpeg"}],"author":"Javier Figueroa","twitter_card":"summary_large_image","twitter_misc":{"Escrito por":"Javier Figueroa","Tiempo de lectura":"2 minutos"},"schema":{"@context":"https:\/\/schema.org","@graph":[{"@type":"Article","@id":"https:\/\/web.consaguirre.com.ar\/noticias\/los-primeros-cuatro-albumes-de-estudio-de-danzig-recibiran-una-reedicion-en-vinilo\/#article","isPartOf":{"@id":"https:\/\/web.consaguirre.com.ar\/noticias\/los-primeros-cuatro-albumes-de-estudio-de-danzig-recibiran-una-reedicion-en-vinilo\/"},"author":{"name":"Javier Figueroa","@id":"https:\/\/web.consaguirre.com.ar\/noticias\/#\/schema\/person\/6558b0cfedee7ddc5425602b237d5722"},"headline":"Los primeros cuatro \u00e1lbumes de estudio de Danzig recibir\u00e1n una reedici\u00f3n en vinilo","datePublished":"2025-10-09T14:38:11+00:00","dateModified":"2025-10-09T14:38:13+00:00","mainEntityOfPage":{"@id":"https:\/\/web.consaguirre.com.ar\/noticias\/los-primeros-cuatro-albumes-de-estudio-de-danzig-recibiran-una-reedicion-en-vinilo\/"},"wordCount":408,"publisher":{"@id":"https:\/\/web.consaguirre.com.ar\/noticias\/#organization"},"image":{"@id":"https:\/\/web.consaguirre.com.ar\/noticias\/los-primeros-cuatro-albumes-de-estudio-de-danzig-recibiran-una-reedicion-en-vinilo\/#primaryimage"},"thumbnailUrl":"https:\/\/web.consaguirre.com.ar\/noticias\/wp-content\/uploads\/2025\/10\/Los-primeros-cuatro-albumes-de-estudio-de-Danzig-recibiran-una.jpg","keywords":["\u00e1lbumes","cuatro","Danzig","estudio","los","primeros","recibir\u00e1n","reedici\u00f3n","una","vinilo"],"articleSection":["El \u00faltimo"],"inLanguage":"es-AR"},{"@type":"WebPage","@id":"https:\/\/web.consaguirre.com.ar\/noticias\/los-primeros-cuatro-albumes-de-estudio-de-danzig-recibiran-una-reedicion-en-vinilo\/","url":"https:\/\/web.consaguirre.com.ar\/noticias\/los-primeros-cuatro-albumes-de-estudio-de-danzig-recibiran-una-reedicion-en-vinilo\/","name":"Los primeros cuatro \u00e1lbumes de estudio de Danzig recibir\u00e1n una reedici\u00f3n en vinilo","isPartOf":{"@id":"https:\/\/web.consaguirre.com.ar\/noticias\/#website"},"primaryImageOfPage":{"@id":"https:\/\/web.consaguirre.com.ar\/noticias\/los-primeros-cuatro-albumes-de-estudio-de-danzig-recibiran-una-reedicion-en-vinilo\/#primaryimage"},"image":{"@id":"https:\/\/web.consaguirre.com.ar\/noticias\/los-primeros-cuatro-albumes-de-estudio-de-danzig-recibiran-una-reedicion-en-vinilo\/#primaryimage"},"thumbnailUrl":"https:\/\/web.consaguirre.com.ar\/noticias\/wp-content\/uploads\/2025\/10\/Los-primeros-cuatro-albumes-de-estudio-de-Danzig-recibiran-una.jpg","datePublished":"2025-10-09T14:38:11+00:00","dateModified":"2025-10-09T14:38:13+00:00","breadcrumb":{"@id":"https:\/\/web.consaguirre.com.ar\/noticias\/los-primeros-cuatro-albumes-de-estudio-de-danzig-recibiran-una-reedicion-en-vinilo\/#breadcrumb"},"inLanguage":"es-AR","potentialAction":[{"@type":"ReadAction","target":["https:\/\/web.consaguirre.com.ar\/noticias\/los-primeros-cuatro-albumes-de-estudio-de-danzig-recibiran-una-reedicion-en-vinilo\/"]}]},{"@type":"ImageObject","inLanguage":"es-AR","@id":"https:\/\/web.consaguirre.com.ar\/noticias\/los-primeros-cuatro-albumes-de-estudio-de-danzig-recibiran-una-reedicion-en-vinilo\/#primaryimage","url":"https:\/\/web.consaguirre.com.ar\/noticias\/wp-content\/uploads\/2025\/10\/Los-primeros-cuatro-albumes-de-estudio-de-Danzig-recibiran-una.jpg","contentUrl":"https:\/\/web.consaguirre.com.ar\/noticias\/wp-content\/uploads\/2025\/10\/Los-primeros-cuatro-albumes-de-estudio-de-Danzig-recibiran-una.jpg","width":1280,"height":1280,"caption":"Los primeros cuatro \u00e1lbumes de estudio de Danzig recibir\u00e1n una reedici\u00f3n en vinilo"},{"@type":"BreadcrumbList","@id":"https:\/\/web.consaguirre.com.ar\/noticias\/los-primeros-cuatro-albumes-de-estudio-de-danzig-recibiran-una-reedicion-en-vinilo\/#breadcrumb","itemListElement":[{"@type":"ListItem","position":1,"name":"Inicio","item":"https:\/\/web.consaguirre.com.ar\/noticias\/"},{"@type":"ListItem","position":2,"name":"Los primeros cuatro \u00e1lbumes de estudio de Danzig recibir\u00e1n una reedici\u00f3n en vinilo"}]},{"@type":"WebSite","@id":"https:\/\/web.consaguirre.com.ar\/noticias\/#website","url":"https:\/\/web.consaguirre.com.ar\/noticias\/","name":"Conservatorio de M\u00fasica Juli\u00e1n Aguirre","description":"","publisher":{"@id":"https:\/\/web.consaguirre.com.ar\/noticias\/#organization"},"potentialAction":[{"@type":"SearchAction","target":{"@type":"EntryPoint","urlTemplate":"https:\/\/web.consaguirre.com.ar\/noticias\/?s={search_term_string}"},"query-input":"required name=search_term_string"}],"inLanguage":"es-AR"},{"@type":"Organization","@id":"https:\/\/web.consaguirre.com.ar\/noticias\/#organization","name":"Conservatorio de M\u00fasica Juli\u00e1n Aguirre","url":"https:\/\/web.consaguirre.com.ar\/noticias\/","logo":{"@type":"ImageObject","inLanguage":"es-AR","@id":"https:\/\/web.consaguirre.com.ar\/noticias\/#\/schema\/logo\/image\/","url":"https:\/\/web.consaguirre.com.ar\/noticias\/wp-content\/uploads\/2024\/08\/Banner-Aguirre-23.jpg","contentUrl":"https:\/\/web.consaguirre.com.ar\/noticias\/wp-content\/uploads\/2024\/08\/Banner-Aguirre-23.jpg","width":1192,"height":600,"caption":"Conservatorio de M\u00fasica Juli\u00e1n Aguirre"},"image":{"@id":"https:\/\/web.consaguirre.com.ar\/noticias\/#\/schema\/logo\/image\/"}},{"@type":"Person","@id":"https:\/\/web.consaguirre.com.ar\/noticias\/#\/schema\/person\/6558b0cfedee7ddc5425602b237d5722","name":"Javier Figueroa","image":{"@type":"ImageObject","inLanguage":"es-AR","@id":"https:\/\/web.consaguirre.com.ar\/noticias\/#\/schema\/person\/image\/","url":"https:\/\/web.consaguirre.com.ar\/noticias\/wp-content\/uploads\/2024\/08\/Consaguirre-scaled.jpg","contentUrl":"https:\/\/web.consaguirre.com.ar\/noticias\/wp-content\/uploads\/2024\/08\/Consaguirre-scaled.jpg","caption":"Javier Figueroa"},"description":"Me llamo Javier Figueroa y soy redactor para el sitio oficial del Conservatorio de M\u00fasica Juli\u00e1n Aguirre en Buenos Aires, consaguirre.com. Apasionado por la m\u00fasica y la escritura, me esfuerzo por destacar los talentos y eventos de nuestra prestigiosa instituci\u00f3n. Mi trayectoria se nutre de una profunda admiraci\u00f3n por los artistas, haciendo de cada art\u00edculo una celebraci\u00f3n de la creatividad y la cultura musical.","sameAs":["https:\/\/web.consaguirre.com.ar\/noticias"]}]}},"_links":{"self":[{"href":"https:\/\/web.consaguirre.com.ar\/noticias\/wp-json\/wp\/v2\/posts\/3988"}],"collection":[{"href":"https:\/\/web.consaguirre.com.ar\/noticias\/wp-json\/wp\/v2\/posts"}],"about":[{"href":"https:\/\/web.consaguirre.com.ar\/noticias\/wp-json\/wp\/v2\/types\/post"}],"author":[{"embeddable":true,"href":"https:\/\/web.consaguirre.com.ar\/noticias\/wp-json\/wp\/v2\/users\/1"}],"replies":[{"embeddable":true,"href":"https:\/\/web.consaguirre.com.ar\/noticias\/wp-json\/wp\/v2\/comments?post=3988"}],"version-history":[{"count":1,"href":"https:\/\/web.consaguirre.com.ar\/noticias\/wp-json\/wp\/v2\/posts\/3988\/revisions"}],"predecessor-version":[{"id":3990,"href":"https:\/\/web.consaguirre.com.ar\/noticias\/wp-json\/wp\/v2\/posts\/3988\/revisions\/3990"}],"wp:featuredmedia":[{"embeddable":true,"href":"https:\/\/web.consaguirre.com.ar\/noticias\/wp-json\/wp\/v2\/media\/3989"}],"wp:attachment":[{"href":"https:\/\/web.consaguirre.com.ar\/noticias\/wp-json\/wp\/v2\/media?parent=3988"}],"wp:term":[{"taxonomy":"category","embeddable":true,"href":"https:\/\/web.consaguirre.com.ar\/noticias\/wp-json\/wp\/v2\/categories?post=3988"},{"taxonomy":"post_tag","embeddable":true,"href":"https:\/\/web.consaguirre.com.ar\/noticias\/wp-json\/wp\/v2\/tags?post=3988"}],"curies":[{"name":"wp","href":"https:\/\/api.w.org\/{rel}","templated":true}]}}