{"id":3976,"date":"2025-10-08T17:38:17","date_gmt":"2025-10-08T20:38:17","guid":{"rendered":"https:\/\/web.consaguirre.com.ar\/noticias\/hardy-anuncia-pais-2026-pais-recorrido\/"},"modified":"2025-10-08T17:38:18","modified_gmt":"2025-10-08T20:38:18","slug":"hardy-anuncia-pais-2026-pais-recorrido","status":"publish","type":"post","link":"https:\/\/web.consaguirre.com.ar\/noticias\/hardy-anuncia-pais-2026-pais-recorrido\/","title":{"rendered":"HARDY anuncia \u00a1PA\u00cdS 2026! \u00a1PA\u00cdS! \u00a1RECORRIDO!"},"content":{"rendered":"<p>HARDY ha anunciado su PA\u00cdS! \u00a1PA\u00cdS! \u00a1GIRA!, prevista para 2026. La carrera como cabeza de cartel llega inmediatamente despu\u00e9s de su \u00faltimo \u00e1lbum <em>\u00a1PA\u00cdS! \u00a1PA\u00cdS!<\/em>su hom\u00f3logo de lujo <em>\u00a1PA\u00cdS! \u00a1PA\u00cdS! \u00a1PA\u00cdS!<\/em>y un espect\u00e1culo reciente en el Madison Square Garden. La venta general de la gira comienza el viernes 10 de octubre a las 10 a. m. hora local a trav\u00e9s del sitio web oficial de HARDY.<\/p>\n<p>Artistas como Cameron Whitcomb, Tucker Wetmore, Mitchell Tenpenny, Muscadine Bloodline, Jake Worthington y McCoy Moore se unir\u00e1n a la gira en fechas selectas. La carrera comienza en Oshawa, Ontario, el 5 de febrero y finaliza el 21 de agosto en New Braunfels, Texas.<\/p>\n<p>El nuevo \u00e1lbum de HARDY <em>\u00a1PA\u00cdS! \u00a1PA\u00cdS!<\/em> es un regreso a sus ra\u00edces. El \u00e1lbum y la gira toman su nombre literalmente con canciones que van desde celebraciones de su juventud en el barro de Mississippi (\u201cBottomland\u201d lleva el nombre de un patr\u00f3n de camuflaje espec\u00edfico que HARDY prefiere para la caza) hasta comentarios sobre el estado de la m\u00fasica country en general.<\/p>\n<div class=\"uD-YT-container\"><img decoding=\"async\" src=\"https:\/\/web.consaguirre.com.ar\/noticias\/wp-content\/uploads\/2025\/10\/1759955897_499_HARDY-anuncia-\u00a1PAIS-2026-\u00a1PAIS-\u00a1RECORRIDO.jpg\" alt=\"V\u00eddeo de YouTube\"><br \/>Haga clic para cargar v\u00eddeo<\/div>\n<p>La colecci\u00f3n de canciones incluye el lanzamiento de lujo \u201cGood Ole Boy\u201d, \u201cDog Years\u201d, escrito en solitario y favorito de los fan\u00e1ticos, colaboraciones con ERNEST (\u201cBro Country\u201d) y Stephen Wilson Jr. (\u201cBedrooms In The Sky\u201d) y el sencillo de radio \u201cFavorite Country Song\u201d, en el que HARDY interpret\u00f3. <em>\u00a1Jimmy Kimmel en vivo!<\/em><\/p>\n<p>\u00a1EL PA\u00cdS! \u00a1PA\u00cdS! \u00a1RECORRIDO! llega inmediatamente despu\u00e9s de otra exitosa serie de fechas de gira de HARDY. El mes pasado concluy\u00f3 su gira mundial JIM BOB de costa a costa. HARDY completar\u00e1 el a\u00f1o con Country vs. Cancer, un programa especial a beneficio de la Sociedad Estadounidense del C\u00e1ncer, que encabezar\u00e1 junto a Miranda Lambert, Dierks Bentley, Lanie Gardner y McCoy Moore en el Pinnacle de Nashville. El espect\u00e1culo ben\u00e9fico es presentado por ACS, su iniciativa ben\u00e9fica recientemente lanzada, The HARDY Fund, y Whiskey Jam.<\/p>\n<p>HARDY, cinco veces ganador del premio ACM y dos veces del premio CMA, tambi\u00e9n gan\u00f3 tres premios CMA Triple Play, fue nombrado Compositor Country del A\u00f1o de BMI 2022 y es tres veces Compositor del A\u00f1o de AIMP. Ha colaborado y compartido escenarios con Thomas Rhett, Morgan Wallen, Florida Georgia Line y m\u00e1s.<\/p>\n<p><b>Compre ahora la m\u00fasica de Hardy en vinilo o CD.<\/b><\/p>\n","protected":false},"excerpt":{"rendered":"<p>HARDY ha anunciado su PA\u00cdS! \u00a1PA\u00cdS! \u00a1GIRA!, prevista para 2026. La carrera como cabeza de cartel llega inmediatamente despu\u00e9s de su \u00faltimo \u00e1lbum \u00a1PA\u00cdS! \u00a1PA\u00cdS!su<\/p>\n","protected":false},"author":1,"featured_media":3977,"comment_status":"closed","ping_status":"","sticky":false,"template":"","format":"standard","meta":{"footnotes":""},"categories":[50],"tags":[56,3333,3334,3335],"class_list":["post-3976","post","type-post","status-publish","format-standard","has-post-thumbnail","hentry","category-el-ultimo","tag-anuncia","tag-hardy","tag-pais","tag-recorrido","generate-columns","tablet-grid-50","mobile-grid-100","grid-parent","grid-50"],"yoast_head":"<!-- This site is optimized with the Yoast SEO plugin v23.3 - https:\/\/yoast.com\/wordpress\/plugins\/seo\/ -->\n<title>HARDY anuncia \u00a1PA\u00cdS 2026! \u00a1PA\u00cdS! \u00a1RECORRIDO!<\/title>\n<meta name=\"robots\" content=\"index, follow, max-snippet:-1, max-image-preview:large, max-video-preview:-1\" \/>\n<link rel=\"canonical\" href=\"https:\/\/web.consaguirre.com.ar\/noticias\/hardy-anuncia-pais-2026-pais-recorrido\/\" \/>\n<meta property=\"og:locale\" content=\"es_ES\" \/>\n<meta property=\"og:type\" content=\"article\" \/>\n<meta property=\"og:title\" content=\"HARDY anuncia \u00a1PA\u00cdS 2026! \u00a1PA\u00cdS! \u00a1RECORRIDO!\" \/>\n<meta property=\"og:description\" content=\"HARDY ha anunciado su PA\u00cdS! \u00a1PA\u00cdS! \u00a1GIRA!, prevista para 2026. La carrera como cabeza de cartel llega inmediatamente despu\u00e9s de su \u00faltimo \u00e1lbum \u00a1PA\u00cdS! \u00a1PA\u00cdS!su\" \/>\n<meta property=\"og:url\" content=\"https:\/\/web.consaguirre.com.ar\/noticias\/hardy-anuncia-pais-2026-pais-recorrido\/\" \/>\n<meta property=\"og:site_name\" content=\"Conservatorio de M\u00fasica Juli\u00e1n Aguirre\" \/>\n<meta property=\"article:published_time\" content=\"2025-10-08T20:38:17+00:00\" \/>\n<meta property=\"article:modified_time\" content=\"2025-10-08T20:38:18+00:00\" \/>\n<meta property=\"og:image\" content=\"https:\/\/web.consaguirre.com.ar\/noticias\/wp-content\/uploads\/2025\/10\/HARDY-anuncia-\u00a1PAIS-2026-\u00a1PAIS-\u00a1RECORRIDO.jpg\" \/>\n\t<meta property=\"og:image:width\" content=\"820\" \/>\n\t<meta property=\"og:image:height\" content=\"820\" \/>\n\t<meta property=\"og:image:type\" content=\"image\/jpeg\" \/>\n<meta name=\"author\" content=\"Javier Figueroa\" \/>\n<meta name=\"twitter:card\" content=\"summary_large_image\" \/>\n<meta name=\"twitter:label1\" content=\"Escrito por\" \/>\n\t<meta name=\"twitter:data1\" content=\"Javier Figueroa\" \/>\n\t<meta name=\"twitter:label2\" content=\"Tiempo de lectura\" \/>\n\t<meta name=\"twitter:data2\" content=\"2 minutos\" \/>\n<script type=\"application\/ld+json\" class=\"yoast-schema-graph\">{\"@context\":\"https:\/\/schema.org\",\"@graph\":[{\"@type\":\"Article\",\"@id\":\"https:\/\/web.consaguirre.com.ar\/noticias\/hardy-anuncia-pais-2026-pais-recorrido\/#article\",\"isPartOf\":{\"@id\":\"https:\/\/web.consaguirre.com.ar\/noticias\/hardy-anuncia-pais-2026-pais-recorrido\/\"},\"author\":{\"name\":\"Javier Figueroa\",\"@id\":\"https:\/\/web.consaguirre.com.ar\/noticias\/#\/schema\/person\/6558b0cfedee7ddc5425602b237d5722\"},\"headline\":\"HARDY anuncia \u00a1PA\u00cdS 2026! \u00a1PA\u00cdS! \u00a1RECORRIDO!\",\"datePublished\":\"2025-10-08T20:38:17+00:00\",\"dateModified\":\"2025-10-08T20:38:18+00:00\",\"mainEntityOfPage\":{\"@id\":\"https:\/\/web.consaguirre.com.ar\/noticias\/hardy-anuncia-pais-2026-pais-recorrido\/\"},\"wordCount\":414,\"publisher\":{\"@id\":\"https:\/\/web.consaguirre.com.ar\/noticias\/#organization\"},\"image\":{\"@id\":\"https:\/\/web.consaguirre.com.ar\/noticias\/hardy-anuncia-pais-2026-pais-recorrido\/#primaryimage\"},\"thumbnailUrl\":\"https:\/\/web.consaguirre.com.ar\/noticias\/wp-content\/uploads\/2025\/10\/HARDY-anuncia-\u00a1PAIS-2026-\u00a1PAIS-\u00a1RECORRIDO.jpg\",\"keywords\":[\"anuncia\",\"HARDY\",\"PA\u00cdS\",\"RECORRIDO\"],\"articleSection\":[\"El \u00faltimo\"],\"inLanguage\":\"es-AR\"},{\"@type\":\"WebPage\",\"@id\":\"https:\/\/web.consaguirre.com.ar\/noticias\/hardy-anuncia-pais-2026-pais-recorrido\/\",\"url\":\"https:\/\/web.consaguirre.com.ar\/noticias\/hardy-anuncia-pais-2026-pais-recorrido\/\",\"name\":\"HARDY anuncia \u00a1PA\u00cdS 2026! \u00a1PA\u00cdS! \u00a1RECORRIDO!\",\"isPartOf\":{\"@id\":\"https:\/\/web.consaguirre.com.ar\/noticias\/#website\"},\"primaryImageOfPage\":{\"@id\":\"https:\/\/web.consaguirre.com.ar\/noticias\/hardy-anuncia-pais-2026-pais-recorrido\/#primaryimage\"},\"image\":{\"@id\":\"https:\/\/web.consaguirre.com.ar\/noticias\/hardy-anuncia-pais-2026-pais-recorrido\/#primaryimage\"},\"thumbnailUrl\":\"https:\/\/web.consaguirre.com.ar\/noticias\/wp-content\/uploads\/2025\/10\/HARDY-anuncia-\u00a1PAIS-2026-\u00a1PAIS-\u00a1RECORRIDO.jpg\",\"datePublished\":\"2025-10-08T20:38:17+00:00\",\"dateModified\":\"2025-10-08T20:38:18+00:00\",\"breadcrumb\":{\"@id\":\"https:\/\/web.consaguirre.com.ar\/noticias\/hardy-anuncia-pais-2026-pais-recorrido\/#breadcrumb\"},\"inLanguage\":\"es-AR\",\"potentialAction\":[{\"@type\":\"ReadAction\",\"target\":[\"https:\/\/web.consaguirre.com.ar\/noticias\/hardy-anuncia-pais-2026-pais-recorrido\/\"]}]},{\"@type\":\"ImageObject\",\"inLanguage\":\"es-AR\",\"@id\":\"https:\/\/web.consaguirre.com.ar\/noticias\/hardy-anuncia-pais-2026-pais-recorrido\/#primaryimage\",\"url\":\"https:\/\/web.consaguirre.com.ar\/noticias\/wp-content\/uploads\/2025\/10\/HARDY-anuncia-\u00a1PAIS-2026-\u00a1PAIS-\u00a1RECORRIDO.jpg\",\"contentUrl\":\"https:\/\/web.consaguirre.com.ar\/noticias\/wp-content\/uploads\/2025\/10\/HARDY-anuncia-\u00a1PAIS-2026-\u00a1PAIS-\u00a1RECORRIDO.jpg\",\"width\":820,\"height\":820,\"caption\":\"HARDY anuncia \u00a1PA\u00cdS 2026! \u00a1PA\u00cdS! \u00a1RECORRIDO!\"},{\"@type\":\"BreadcrumbList\",\"@id\":\"https:\/\/web.consaguirre.com.ar\/noticias\/hardy-anuncia-pais-2026-pais-recorrido\/#breadcrumb\",\"itemListElement\":[{\"@type\":\"ListItem\",\"position\":1,\"name\":\"Inicio\",\"item\":\"https:\/\/web.consaguirre.com.ar\/noticias\/\"},{\"@type\":\"ListItem\",\"position\":2,\"name\":\"HARDY anuncia \u00a1PA\u00cdS 2026! \u00a1PA\u00cdS! \u00a1RECORRIDO!\"}]},{\"@type\":\"WebSite\",\"@id\":\"https:\/\/web.consaguirre.com.ar\/noticias\/#website\",\"url\":\"https:\/\/web.consaguirre.com.ar\/noticias\/\",\"name\":\"Conservatorio de M\u00fasica Juli\u00e1n Aguirre\",\"description\":\"\",\"publisher\":{\"@id\":\"https:\/\/web.consaguirre.com.ar\/noticias\/#organization\"},\"potentialAction\":[{\"@type\":\"SearchAction\",\"target\":{\"@type\":\"EntryPoint\",\"urlTemplate\":\"https:\/\/web.consaguirre.com.ar\/noticias\/?s={search_term_string}\"},\"query-input\":\"required name=search_term_string\"}],\"inLanguage\":\"es-AR\"},{\"@type\":\"Organization\",\"@id\":\"https:\/\/web.consaguirre.com.ar\/noticias\/#organization\",\"name\":\"Conservatorio de M\u00fasica Juli\u00e1n Aguirre\",\"url\":\"https:\/\/web.consaguirre.com.ar\/noticias\/\",\"logo\":{\"@type\":\"ImageObject\",\"inLanguage\":\"es-AR\",\"@id\":\"https:\/\/web.consaguirre.com.ar\/noticias\/#\/schema\/logo\/image\/\",\"url\":\"https:\/\/web.consaguirre.com.ar\/noticias\/wp-content\/uploads\/2024\/08\/Banner-Aguirre-23.jpg\",\"contentUrl\":\"https:\/\/web.consaguirre.com.ar\/noticias\/wp-content\/uploads\/2024\/08\/Banner-Aguirre-23.jpg\",\"width\":1192,\"height\":600,\"caption\":\"Conservatorio de M\u00fasica Juli\u00e1n Aguirre\"},\"image\":{\"@id\":\"https:\/\/web.consaguirre.com.ar\/noticias\/#\/schema\/logo\/image\/\"}},{\"@type\":\"Person\",\"@id\":\"https:\/\/web.consaguirre.com.ar\/noticias\/#\/schema\/person\/6558b0cfedee7ddc5425602b237d5722\",\"name\":\"Javier Figueroa\",\"image\":{\"@type\":\"ImageObject\",\"inLanguage\":\"es-AR\",\"@id\":\"https:\/\/web.consaguirre.com.ar\/noticias\/#\/schema\/person\/image\/\",\"url\":\"https:\/\/web.consaguirre.com.ar\/noticias\/wp-content\/uploads\/2024\/08\/Consaguirre-scaled.jpg\",\"contentUrl\":\"https:\/\/web.consaguirre.com.ar\/noticias\/wp-content\/uploads\/2024\/08\/Consaguirre-scaled.jpg\",\"caption\":\"Javier Figueroa\"},\"description\":\"Me llamo Javier Figueroa y soy redactor para el sitio oficial del Conservatorio de M\u00fasica Juli\u00e1n Aguirre en Buenos Aires, consaguirre.com. Apasionado por la m\u00fasica y la escritura, me esfuerzo por destacar los talentos y eventos de nuestra prestigiosa instituci\u00f3n. Mi trayectoria se nutre de una profunda admiraci\u00f3n por los artistas, haciendo de cada art\u00edculo una celebraci\u00f3n de la creatividad y la cultura musical.\",\"sameAs\":[\"https:\/\/web.consaguirre.com.ar\/noticias\"]}]}<\/script>\n<!-- \/ Yoast SEO plugin. -->","yoast_head_json":{"title":"HARDY anuncia \u00a1PA\u00cdS 2026! \u00a1PA\u00cdS! \u00a1RECORRIDO!","robots":{"index":"index","follow":"follow","max-snippet":"max-snippet:-1","max-image-preview":"max-image-preview:large","max-video-preview":"max-video-preview:-1"},"canonical":"https:\/\/web.consaguirre.com.ar\/noticias\/hardy-anuncia-pais-2026-pais-recorrido\/","og_locale":"es_ES","og_type":"article","og_title":"HARDY anuncia \u00a1PA\u00cdS 2026! \u00a1PA\u00cdS! \u00a1RECORRIDO!","og_description":"HARDY ha anunciado su PA\u00cdS! \u00a1PA\u00cdS! \u00a1GIRA!, prevista para 2026. La carrera como cabeza de cartel llega inmediatamente despu\u00e9s de su \u00faltimo \u00e1lbum \u00a1PA\u00cdS! \u00a1PA\u00cdS!su","og_url":"https:\/\/web.consaguirre.com.ar\/noticias\/hardy-anuncia-pais-2026-pais-recorrido\/","og_site_name":"Conservatorio de M\u00fasica Juli\u00e1n Aguirre","article_published_time":"2025-10-08T20:38:17+00:00","article_modified_time":"2025-10-08T20:38:18+00:00","og_image":[{"width":820,"height":820,"url":"https:\/\/web.consaguirre.com.ar\/noticias\/wp-content\/uploads\/2025\/10\/HARDY-anuncia-\u00a1PAIS-2026-\u00a1PAIS-\u00a1RECORRIDO.jpg","type":"image\/jpeg"}],"author":"Javier Figueroa","twitter_card":"summary_large_image","twitter_misc":{"Escrito por":"Javier Figueroa","Tiempo de lectura":"2 minutos"},"schema":{"@context":"https:\/\/schema.org","@graph":[{"@type":"Article","@id":"https:\/\/web.consaguirre.com.ar\/noticias\/hardy-anuncia-pais-2026-pais-recorrido\/#article","isPartOf":{"@id":"https:\/\/web.consaguirre.com.ar\/noticias\/hardy-anuncia-pais-2026-pais-recorrido\/"},"author":{"name":"Javier Figueroa","@id":"https:\/\/web.consaguirre.com.ar\/noticias\/#\/schema\/person\/6558b0cfedee7ddc5425602b237d5722"},"headline":"HARDY anuncia \u00a1PA\u00cdS 2026! \u00a1PA\u00cdS! \u00a1RECORRIDO!","datePublished":"2025-10-08T20:38:17+00:00","dateModified":"2025-10-08T20:38:18+00:00","mainEntityOfPage":{"@id":"https:\/\/web.consaguirre.com.ar\/noticias\/hardy-anuncia-pais-2026-pais-recorrido\/"},"wordCount":414,"publisher":{"@id":"https:\/\/web.consaguirre.com.ar\/noticias\/#organization"},"image":{"@id":"https:\/\/web.consaguirre.com.ar\/noticias\/hardy-anuncia-pais-2026-pais-recorrido\/#primaryimage"},"thumbnailUrl":"https:\/\/web.consaguirre.com.ar\/noticias\/wp-content\/uploads\/2025\/10\/HARDY-anuncia-\u00a1PAIS-2026-\u00a1PAIS-\u00a1RECORRIDO.jpg","keywords":["anuncia","HARDY","PA\u00cdS","RECORRIDO"],"articleSection":["El \u00faltimo"],"inLanguage":"es-AR"},{"@type":"WebPage","@id":"https:\/\/web.consaguirre.com.ar\/noticias\/hardy-anuncia-pais-2026-pais-recorrido\/","url":"https:\/\/web.consaguirre.com.ar\/noticias\/hardy-anuncia-pais-2026-pais-recorrido\/","name":"HARDY anuncia \u00a1PA\u00cdS 2026! \u00a1PA\u00cdS! \u00a1RECORRIDO!","isPartOf":{"@id":"https:\/\/web.consaguirre.com.ar\/noticias\/#website"},"primaryImageOfPage":{"@id":"https:\/\/web.consaguirre.com.ar\/noticias\/hardy-anuncia-pais-2026-pais-recorrido\/#primaryimage"},"image":{"@id":"https:\/\/web.consaguirre.com.ar\/noticias\/hardy-anuncia-pais-2026-pais-recorrido\/#primaryimage"},"thumbnailUrl":"https:\/\/web.consaguirre.com.ar\/noticias\/wp-content\/uploads\/2025\/10\/HARDY-anuncia-\u00a1PAIS-2026-\u00a1PAIS-\u00a1RECORRIDO.jpg","datePublished":"2025-10-08T20:38:17+00:00","dateModified":"2025-10-08T20:38:18+00:00","breadcrumb":{"@id":"https:\/\/web.consaguirre.com.ar\/noticias\/hardy-anuncia-pais-2026-pais-recorrido\/#breadcrumb"},"inLanguage":"es-AR","potentialAction":[{"@type":"ReadAction","target":["https:\/\/web.consaguirre.com.ar\/noticias\/hardy-anuncia-pais-2026-pais-recorrido\/"]}]},{"@type":"ImageObject","inLanguage":"es-AR","@id":"https:\/\/web.consaguirre.com.ar\/noticias\/hardy-anuncia-pais-2026-pais-recorrido\/#primaryimage","url":"https:\/\/web.consaguirre.com.ar\/noticias\/wp-content\/uploads\/2025\/10\/HARDY-anuncia-\u00a1PAIS-2026-\u00a1PAIS-\u00a1RECORRIDO.jpg","contentUrl":"https:\/\/web.consaguirre.com.ar\/noticias\/wp-content\/uploads\/2025\/10\/HARDY-anuncia-\u00a1PAIS-2026-\u00a1PAIS-\u00a1RECORRIDO.jpg","width":820,"height":820,"caption":"HARDY anuncia \u00a1PA\u00cdS 2026! \u00a1PA\u00cdS! \u00a1RECORRIDO!"},{"@type":"BreadcrumbList","@id":"https:\/\/web.consaguirre.com.ar\/noticias\/hardy-anuncia-pais-2026-pais-recorrido\/#breadcrumb","itemListElement":[{"@type":"ListItem","position":1,"name":"Inicio","item":"https:\/\/web.consaguirre.com.ar\/noticias\/"},{"@type":"ListItem","position":2,"name":"HARDY anuncia \u00a1PA\u00cdS 2026! \u00a1PA\u00cdS! \u00a1RECORRIDO!"}]},{"@type":"WebSite","@id":"https:\/\/web.consaguirre.com.ar\/noticias\/#website","url":"https:\/\/web.consaguirre.com.ar\/noticias\/","name":"Conservatorio de M\u00fasica Juli\u00e1n Aguirre","description":"","publisher":{"@id":"https:\/\/web.consaguirre.com.ar\/noticias\/#organization"},"potentialAction":[{"@type":"SearchAction","target":{"@type":"EntryPoint","urlTemplate":"https:\/\/web.consaguirre.com.ar\/noticias\/?s={search_term_string}"},"query-input":"required name=search_term_string"}],"inLanguage":"es-AR"},{"@type":"Organization","@id":"https:\/\/web.consaguirre.com.ar\/noticias\/#organization","name":"Conservatorio de M\u00fasica Juli\u00e1n Aguirre","url":"https:\/\/web.consaguirre.com.ar\/noticias\/","logo":{"@type":"ImageObject","inLanguage":"es-AR","@id":"https:\/\/web.consaguirre.com.ar\/noticias\/#\/schema\/logo\/image\/","url":"https:\/\/web.consaguirre.com.ar\/noticias\/wp-content\/uploads\/2024\/08\/Banner-Aguirre-23.jpg","contentUrl":"https:\/\/web.consaguirre.com.ar\/noticias\/wp-content\/uploads\/2024\/08\/Banner-Aguirre-23.jpg","width":1192,"height":600,"caption":"Conservatorio de M\u00fasica Juli\u00e1n Aguirre"},"image":{"@id":"https:\/\/web.consaguirre.com.ar\/noticias\/#\/schema\/logo\/image\/"}},{"@type":"Person","@id":"https:\/\/web.consaguirre.com.ar\/noticias\/#\/schema\/person\/6558b0cfedee7ddc5425602b237d5722","name":"Javier Figueroa","image":{"@type":"ImageObject","inLanguage":"es-AR","@id":"https:\/\/web.consaguirre.com.ar\/noticias\/#\/schema\/person\/image\/","url":"https:\/\/web.consaguirre.com.ar\/noticias\/wp-content\/uploads\/2024\/08\/Consaguirre-scaled.jpg","contentUrl":"https:\/\/web.consaguirre.com.ar\/noticias\/wp-content\/uploads\/2024\/08\/Consaguirre-scaled.jpg","caption":"Javier Figueroa"},"description":"Me llamo Javier Figueroa y soy redactor para el sitio oficial del Conservatorio de M\u00fasica Juli\u00e1n Aguirre en Buenos Aires, consaguirre.com. Apasionado por la m\u00fasica y la escritura, me esfuerzo por destacar los talentos y eventos de nuestra prestigiosa instituci\u00f3n. Mi trayectoria se nutre de una profunda admiraci\u00f3n por los artistas, haciendo de cada art\u00edculo una celebraci\u00f3n de la creatividad y la cultura musical.","sameAs":["https:\/\/web.consaguirre.com.ar\/noticias"]}]}},"_links":{"self":[{"href":"https:\/\/web.consaguirre.com.ar\/noticias\/wp-json\/wp\/v2\/posts\/3976"}],"collection":[{"href":"https:\/\/web.consaguirre.com.ar\/noticias\/wp-json\/wp\/v2\/posts"}],"about":[{"href":"https:\/\/web.consaguirre.com.ar\/noticias\/wp-json\/wp\/v2\/types\/post"}],"author":[{"embeddable":true,"href":"https:\/\/web.consaguirre.com.ar\/noticias\/wp-json\/wp\/v2\/users\/1"}],"replies":[{"embeddable":true,"href":"https:\/\/web.consaguirre.com.ar\/noticias\/wp-json\/wp\/v2\/comments?post=3976"}],"version-history":[{"count":1,"href":"https:\/\/web.consaguirre.com.ar\/noticias\/wp-json\/wp\/v2\/posts\/3976\/revisions"}],"predecessor-version":[{"id":3978,"href":"https:\/\/web.consaguirre.com.ar\/noticias\/wp-json\/wp\/v2\/posts\/3976\/revisions\/3978"}],"wp:featuredmedia":[{"embeddable":true,"href":"https:\/\/web.consaguirre.com.ar\/noticias\/wp-json\/wp\/v2\/media\/3977"}],"wp:attachment":[{"href":"https:\/\/web.consaguirre.com.ar\/noticias\/wp-json\/wp\/v2\/media?parent=3976"}],"wp:term":[{"taxonomy":"category","embeddable":true,"href":"https:\/\/web.consaguirre.com.ar\/noticias\/wp-json\/wp\/v2\/categories?post=3976"},{"taxonomy":"post_tag","embeddable":true,"href":"https:\/\/web.consaguirre.com.ar\/noticias\/wp-json\/wp\/v2\/tags?post=3976"}],"curies":[{"name":"wp","href":"https:\/\/api.w.org\/{rel}","templated":true}]}}